{"id":4830,"date":"2026-09-03T18:10:23","date_gmt":"2026-09-03T21:10:23","guid":{"rendered":"https:\/\/radio.fcejs.unsl.edu.ar\/?p=4830"},"modified":"2026-09-03T18:10:23","modified_gmt":"2026-09-03T21:10:23","slug":"palabras-que-trascienden-en-el-tiempo-una-invitacion-a-tomar-la-voz-y-hacer-propia-la-radio","status":"publish","type":"post","link":"https:\/\/radio.fcejs.unsl.edu.ar\/index.php\/palabras-que-trascienden-en-el-tiempo-una-invitacion-a-tomar-la-voz-y-hacer-propia-la-radio\/","title":{"rendered":"Palabras que trascienden en el tiempo: una invitaci\u00f3n a tomar la voz y hacer propia la radio"},"content":{"rendered":"<p data-path-to-node=\"5\"><b data-path-to-node=\"5\" data-index-in-node=\"0\">Villa Mercedes.<\/b> \u2014 Bajo la premisa de que las historias personales guardan una riqueza invalorable, el <b data-path-to-node=\"5\" data-index-in-node=\"102\">Taller de Producci\u00f3n Radial &#8220;Palabras que trascienden en el tiempo&#8221;<\/b> abre sus puertas para convocar a afiliadas y afiliados de PAMI a habitar el estudio de <b data-path-to-node=\"5\" data-index-in-node=\"267\">Radio Universidad Villa Mercedes (FM 97.5)<\/b> y darle forma a sus propios contenidos.<\/p>\n<p data-path-to-node=\"6\">La propuesta, llevada adelante a trav\u00e9s de la <b data-path-to-node=\"6\" data-index-in-node=\"46\">Secretar\u00eda de Extensi\u00f3n Universitaria de la Facultad de Ciencias Econ\u00f3micas, Jur\u00eddicas y Sociales (FCEJS) de la UNSL, <\/b>en convenio con <b data-path-to-node=\"6\" data-index-in-node=\"168\">PAMI<\/b>, est\u00e1 coordinada por la <b data-path-to-node=\"6\" data-index-in-node=\"197\">Tec. Nancy Godoy<\/b>. El taller combina escritura, comunicaci\u00f3n y expresi\u00f3n oral con actividades din\u00e1micas que van desde la selecci\u00f3n musical y el armado de guiones, hasta la realizaci\u00f3n de podcasts y programas de radio dise\u00f1ados en su totalidad por los propios participantes.<\/p>\n<p data-path-to-node=\"6\"><img decoding=\"async\" class=\"emoji\" role=\"img\" src=\"https:\/\/s.w.org\/images\/core\/emoji\/17.0.2\/svg\/1f3a7.svg\" alt=\"\ud83c\udfa7\" \/><strong><img decoding=\"async\" class=\"emoji\" role=\"img\" src=\"https:\/\/s.w.org\/images\/core\/emoji\/17.0.2\/svg\/1f447.svg\" alt=\"\ud83d\udc47\" \/>Escucha la entrevista realizada a la la <b data-path-to-node=\"6\" data-index-in-node=\"197\">Tec. Nancy Godoy<\/b>\u00a0en el programa radial \u201cLa Quilla\u201d <\/strong><b data-path-to-node=\"6\" data-index-in-node=\"3\">:<\/b><\/p>\n<audio class=\"wp-audio-shortcode\" id=\"audio-4830-1\" preload=\"none\" style=\"width: 100%;\" controls=\"controls\"><source type=\"audio\/mpeg\" src=\"https:\/\/radioupload.fica.unsl.edu.ar\/files\/va\/NANCY%20GODOY%20-%2003-09-26%20tALLER%20DE%20RADIO.mp3?_=1\" \/><a href=\"https:\/\/radioupload.fica.unsl.edu.ar\/files\/va\/NANCY%20GODOY%20-%2003-09-26%20tALLER%20DE%20RADIO.mp3\">https:\/\/radioupload.fica.unsl.edu.ar\/files\/va\/NANCY%20GODOY%20-%2003-09-26%20tALLER%20DE%20RADIO.mp3<\/a><\/audio>\n<h3 data-path-to-node=\"7\"><b data-path-to-node=\"7\" data-index-in-node=\"0\">El valor de decir y sanar mediante la palabra<\/b><\/h3>\n<p data-path-to-node=\"8\">Lejos de estructurarse de manera r\u00edgida, el taller est\u00e1 pensado como un espacio de encuentro, escucha y encuentro comunitario. Como acompa\u00f1ante terap\u00e9utica y tallerista, Nancy Godoy reflexiona sobre el sentido profundo de abrir los micr\u00f3fonos a los adultos mayores:<\/p>\n<blockquote data-path-to-node=\"9\">\n<p data-path-to-node=\"9,0\"><i data-path-to-node=\"9,0\" data-index-in-node=\"0\">&#8220;Pienso cu\u00e1ntos silencios de aquella \u00e9poca y cu\u00e1nto callaron, sobre todo las mujeres; cu\u00e1ntas cosas fueron ocultando y aceptando, quedando ah\u00ed sin decir. La historia de las personas mayores est\u00e1 ah\u00ed, a veces sin poder expresarse. Y qu\u00e9 mejor que la radio para poder expresar, porque es tan m\u00e1gica&#8230; La palabra y el hablar hace que sanemos heridas. Es la palabra y la historia del otro que trasciende en el tiempo, que habita en esa persona, y el derecho que tienen de ser escuchadas y escuchados.&#8221;<\/i><\/p>\n<\/blockquote>\n<h3 data-path-to-node=\"12\"><b data-path-to-node=\"12\" data-index-in-node=\"0\">D\u00edas, horarios e inscripci\u00f3n<\/b><\/h3>\n<p data-path-to-node=\"13\">El taller se dictar\u00e1 de manera <b data-path-to-node=\"13\" data-index-in-node=\"31\">gratuita<\/b> durante los meses de <b data-path-to-node=\"13\" data-index-in-node=\"61\">septiembre, octubre y noviembre<\/b>, con encuentros semanales los d\u00edas <b data-path-to-node=\"13\" data-index-in-node=\"128\">mi\u00e9rcoles de 8:00 a 10:00 hs,<\/b>\u00a0en las instalaciones de la Escuela de Econom\u00eda, Negocios y Transferencia Tecnol\u00f3gica, sito en <strong>Pescadores N\u00b0314.<\/strong><\/p>\n<ul data-path-to-node=\"14\">\n<li>\n<p data-path-to-node=\"14,0,0\"><b data-path-to-node=\"14,0,0\" data-index-in-node=\"0\">Inicio de clases:<\/b> Mi\u00e9rcoles 10 de septiembre.<\/p>\n<\/li>\n<li>\n<p data-path-to-node=\"14,1,0\"><b data-path-to-node=\"14,1,0\" data-index-in-node=\"0\">Modalidad de inscripci\u00f3n:<\/b> Las personas interesadas que a\u00fan no se hayan anotado pueden hacerlo ingresando a la plataforma web de<b data-path-to-node=\"14,1,0\" data-index-in-node=\"128\">\u00a0PAMI<\/b>, seleccionando la <b data-path-to-node=\"14,1,0\" data-index-in-node=\"158\">Universidad Nacional de San Luis (UNSL)<\/b> en el listado de instituciones y buscando la propuesta <i data-path-to-node=\"14,1,0\" data-index-in-node=\"253\">&#8220;Palabras que trascienden en el tiempo&#8221;<\/i>. O tambi\u00e9n ingresando en el siguiente link: <a href=\"https:\/\/www.pami.org.ar\/talleresycursos\/cursos-upami?utm_source=chatgpt.com\">CURSOS UPAMI<\/a><\/p>\n<\/li>\n<\/ul>\n<p data-path-to-node=\"15\">Una oportunidad \u00fanica para reencontrarse con la memoria, ejercitar la expresi\u00f3n y descubrir la magia del aire radial desde las propias vivencias.<\/p>\n<p data-path-to-node=\"15\">\n<p><img decoding=\"async\" class=\"emoji\" role=\"img\" src=\"https:\/\/s.w.org\/images\/core\/emoji\/17.0.2\/svg\/270d.svg\" alt=\"\u270d\ufe0f\" \/>\u00a0<strong>Entrevista realizada por Virginia Aguilera<\/strong><\/p>\n<p><img decoding=\"async\" class=\"emoji\" role=\"img\" src=\"https:\/\/s.w.org\/images\/core\/emoji\/17.0.2\/svg\/1f39b.svg\" alt=\"\ud83c\udf9b\ufe0f\" \/><strong>Operaci\u00f3n T\u00e9cnica: Federico Amodey<\/strong><\/p>\n<p><img decoding=\"async\" class=\"emoji\" role=\"img\" src=\"https:\/\/s.w.org\/images\/core\/emoji\/17.0.2\/svg\/1f399.svg\" alt=\"\ud83c\udf99\ufe0f\" \/>\u00a0<em>Radio UNSL Villa Mercedes 97.5 FM\u00a0 \u00a0<\/em><\/p>\n","protected":false},"excerpt":{"rendered":"<p>Villa Mercedes. \u2014 Bajo la premisa de que las historias personales guardan una riqueza invalorable, el Taller de Producci\u00f3n Radial &#8220;Palabras que trascienden en el tiempo&#8221; abre sus puertas para convocar a afiliadas y afiliados de PAMI a habitar el estudio de Radio Universidad Villa Mercedes (FM 97.5) y darle forma a sus propios contenidos&#8230;.<\/p>\n","protected":false},"author":5,"featured_media":4831,"comment_status":"closed","ping_status":"closed","sticky":false,"template":"","format":"standard","meta":{"_kad_post_transparent":"default","_kad_post_title":"default","_kad_post_layout":"default","_kad_post_sidebar_id":"","_kad_post_content_style":"default","_kad_post_vertical_padding":"default","_kad_post_feature":"","_kad_post_feature_position":"","_kad_post_header":false,"_kad_post_footer":false,"_kad_post_classname":"","footnotes":""},"categories":[14],"tags":[],"class_list":["post-4830","post","type-post","status-publish","format-standard","has-post-thumbnail","hentry","category-entrevistas"],"yoast_head":"<!-- This site is optimized with the Yoast SEO plugin v27.5 - https:\/\/yoast.com\/product\/yoast-seo-wordpress\/ -->\n<title>Palabras que trascienden en el tiempo: una invitaci\u00f3n a tomar la voz y hacer propia la radio - Radio Universidad Villa Mercedes 97.5 | UNSL<\/title>\n<meta name=\"robots\" content=\"index, follow, max-snippet:-1, max-image-preview:large, max-video-preview:-1\" \/>\n<link rel=\"canonical\" href=\"https:\/\/radio.fcejs.unsl.edu.ar\/index.php\/palabras-que-trascienden-en-el-tiempo-una-invitacion-a-tomar-la-voz-y-hacer-propia-la-radio\/\" \/>\n<meta property=\"og:locale\" content=\"es_ES\" \/>\n<meta property=\"og:type\" content=\"article\" \/>\n<meta property=\"og:title\" content=\"Palabras que trascienden en el tiempo: una invitaci\u00f3n a tomar la voz y hacer propia la radio - Radio Universidad Villa Mercedes 97.5 | UNSL\" \/>\n<meta property=\"og:description\" content=\"Villa Mercedes. \u2014 Bajo la premisa de que las historias personales guardan una riqueza invalorable, el Taller de Producci\u00f3n Radial &#8220;Palabras que trascienden en el tiempo&#8221; abre sus puertas para convocar a afiliadas y afiliados de PAMI a habitar el estudio de Radio Universidad Villa Mercedes (FM 97.5) y darle forma a sus propios contenidos....\" \/>\n<meta property=\"og:url\" content=\"https:\/\/radio.fcejs.unsl.edu.ar\/index.php\/palabras-que-trascienden-en-el-tiempo-una-invitacion-a-tomar-la-voz-y-hacer-propia-la-radio\/\" \/>\n<meta property=\"og:site_name\" content=\"Radio Universidad Villa Mercedes 97.5 | UNSL\" \/>\n<meta property=\"article:published_time\" content=\"2026-09-03T21:10:23+00:00\" \/>\n<meta property=\"og:image\" content=\"https:\/\/radio.fcejs.unsl.edu.ar\/wp-content\/uploads\/2026\/09\/Nancy-Godoy-en-radio.jpeg\" \/>\n\t<meta property=\"og:image:width\" content=\"1280\" \/>\n\t<meta property=\"og:image:height\" content=\"591\" \/>\n\t<meta property=\"og:image:type\" content=\"image\/jpeg\" \/>\n<meta name=\"author\" content=\"Virginia Aguilera\" \/>\n<meta name=\"twitter:card\" content=\"summary_large_image\" \/>\n<meta name=\"twitter:label1\" content=\"Escrito por\" \/>\n\t<meta name=\"twitter:data1\" content=\"Virginia Aguilera\" \/>\n\t<meta name=\"twitter:label2\" content=\"Tiempo de lectura\" \/>\n\t<meta name=\"twitter:data2\" content=\"3 minutos\" \/>\n<script type=\"application\/ld+json\" class=\"yoast-schema-graph\">{\"@context\":\"https:\\\/\\\/schema.org\",\"@graph\":[{\"@type\":\"Article\",\"@id\":\"https:\\\/\\\/radio.fcejs.unsl.edu.ar\\\/index.php\\\/palabras-que-trascienden-en-el-tiempo-una-invitacion-a-tomar-la-voz-y-hacer-propia-la-radio\\\/#article\",\"isPartOf\":{\"@id\":\"https:\\\/\\\/radio.fcejs.unsl.edu.ar\\\/index.php\\\/palabras-que-trascienden-en-el-tiempo-una-invitacion-a-tomar-la-voz-y-hacer-propia-la-radio\\\/\"},\"author\":{\"name\":\"Virginia Aguilera\",\"@id\":\"https:\\\/\\\/radio.fcejs.unsl.edu.ar\\\/#\\\/schema\\\/person\\\/71179a56ee499ac8cd4e46f865c627c7\"},\"headline\":\"Palabras que trascienden en el tiempo: una invitaci\u00f3n a tomar la voz y hacer propia la radio\",\"datePublished\":\"2026-09-03T21:10:23+00:00\",\"mainEntityOfPage\":{\"@id\":\"https:\\\/\\\/radio.fcejs.unsl.edu.ar\\\/index.php\\\/palabras-que-trascienden-en-el-tiempo-una-invitacion-a-tomar-la-voz-y-hacer-propia-la-radio\\\/\"},\"wordCount\":487,\"publisher\":{\"@id\":\"https:\\\/\\\/radio.fcejs.unsl.edu.ar\\\/#organization\"},\"image\":{\"@id\":\"https:\\\/\\\/radio.fcejs.unsl.edu.ar\\\/index.php\\\/palabras-que-trascienden-en-el-tiempo-una-invitacion-a-tomar-la-voz-y-hacer-propia-la-radio\\\/#primaryimage\"},\"thumbnailUrl\":\"https:\\\/\\\/radio.fcejs.unsl.edu.ar\\\/wp-content\\\/uploads\\\/2026\\\/09\\\/Nancy-Godoy-en-radio.jpeg\",\"articleSection\":[\"Entrevistas\"],\"inLanguage\":\"es-AR\"},{\"@type\":\"WebPage\",\"@id\":\"https:\\\/\\\/radio.fcejs.unsl.edu.ar\\\/index.php\\\/palabras-que-trascienden-en-el-tiempo-una-invitacion-a-tomar-la-voz-y-hacer-propia-la-radio\\\/\",\"url\":\"https:\\\/\\\/radio.fcejs.unsl.edu.ar\\\/index.php\\\/palabras-que-trascienden-en-el-tiempo-una-invitacion-a-tomar-la-voz-y-hacer-propia-la-radio\\\/\",\"name\":\"Palabras que trascienden en el tiempo: una invitaci\u00f3n a tomar la voz y hacer propia la radio - Radio Universidad Villa Mercedes 97.5 | UNSL\",\"isPartOf\":{\"@id\":\"https:\\\/\\\/radio.fcejs.unsl.edu.ar\\\/#website\"},\"primaryImageOfPage\":{\"@id\":\"https:\\\/\\\/radio.fcejs.unsl.edu.ar\\\/index.php\\\/palabras-que-trascienden-en-el-tiempo-una-invitacion-a-tomar-la-voz-y-hacer-propia-la-radio\\\/#primaryimage\"},\"image\":{\"@id\":\"https:\\\/\\\/radio.fcejs.unsl.edu.ar\\\/index.php\\\/palabras-que-trascienden-en-el-tiempo-una-invitacion-a-tomar-la-voz-y-hacer-propia-la-radio\\\/#primaryimage\"},\"thumbnailUrl\":\"https:\\\/\\\/radio.fcejs.unsl.edu.ar\\\/wp-content\\\/uploads\\\/2026\\\/09\\\/Nancy-Godoy-en-radio.jpeg\",\"datePublished\":\"2026-09-03T21:10:23+00:00\",\"breadcrumb\":{\"@id\":\"https:\\\/\\\/radio.fcejs.unsl.edu.ar\\\/index.php\\\/palabras-que-trascienden-en-el-tiempo-una-invitacion-a-tomar-la-voz-y-hacer-propia-la-radio\\\/#breadcrumb\"},\"inLanguage\":\"es-AR\",\"potentialAction\":[{\"@type\":\"ReadAction\",\"target\":[\"https:\\\/\\\/radio.fcejs.unsl.edu.ar\\\/index.php\\\/palabras-que-trascienden-en-el-tiempo-una-invitacion-a-tomar-la-voz-y-hacer-propia-la-radio\\\/\"]}]},{\"@type\":\"ImageObject\",\"inLanguage\":\"es-AR\",\"@id\":\"https:\\\/\\\/radio.fcejs.unsl.edu.ar\\\/index.php\\\/palabras-que-trascienden-en-el-tiempo-una-invitacion-a-tomar-la-voz-y-hacer-propia-la-radio\\\/#primaryimage\",\"url\":\"https:\\\/\\\/radio.fcejs.unsl.edu.ar\\\/wp-content\\\/uploads\\\/2026\\\/09\\\/Nancy-Godoy-en-radio.jpeg\",\"contentUrl\":\"https:\\\/\\\/radio.fcejs.unsl.edu.ar\\\/wp-content\\\/uploads\\\/2026\\\/09\\\/Nancy-Godoy-en-radio.jpeg\",\"width\":1280,\"height\":591},{\"@type\":\"BreadcrumbList\",\"@id\":\"https:\\\/\\\/radio.fcejs.unsl.edu.ar\\\/index.php\\\/palabras-que-trascienden-en-el-tiempo-una-invitacion-a-tomar-la-voz-y-hacer-propia-la-radio\\\/#breadcrumb\",\"itemListElement\":[{\"@type\":\"ListItem\",\"position\":1,\"name\":\"Inicio\",\"item\":\"https:\\\/\\\/radio.fcejs.unsl.edu.ar\\\/\"},{\"@type\":\"ListItem\",\"position\":2,\"name\":\"Palabras que trascienden en el tiempo: una invitaci\u00f3n a tomar la voz y hacer propia la radio\"}]},{\"@type\":\"WebSite\",\"@id\":\"https:\\\/\\\/radio.fcejs.unsl.edu.ar\\\/#website\",\"url\":\"https:\\\/\\\/radio.fcejs.unsl.edu.ar\\\/\",\"name\":\"Radio Universidad Villa Mercedes 97.5 | UNSL\",\"description\":\"UNSL\",\"publisher\":{\"@id\":\"https:\\\/\\\/radio.fcejs.unsl.edu.ar\\\/#organization\"},\"potentialAction\":[{\"@type\":\"SearchAction\",\"target\":{\"@type\":\"EntryPoint\",\"urlTemplate\":\"https:\\\/\\\/radio.fcejs.unsl.edu.ar\\\/?s={search_term_string}\"},\"query-input\":{\"@type\":\"PropertyValueSpecification\",\"valueRequired\":true,\"valueName\":\"search_term_string\"}}],\"inLanguage\":\"es-AR\"},{\"@type\":\"Organization\",\"@id\":\"https:\\\/\\\/radio.fcejs.unsl.edu.ar\\\/#organization\",\"name\":\"Radio Universidad Villa Mercedes 97.5 | UNSL\",\"url\":\"https:\\\/\\\/radio.fcejs.unsl.edu.ar\\\/\",\"logo\":{\"@type\":\"ImageObject\",\"inLanguage\":\"es-AR\",\"@id\":\"https:\\\/\\\/radio.fcejs.unsl.edu.ar\\\/#\\\/schema\\\/logo\\\/image\\\/\",\"url\":\"https:\\\/\\\/radio.fcejs.unsl.edu.ar\\\/wp-content\\\/uploads\\\/2023\\\/12\\\/cropped-radio-villa-mercedes-97-5.png\",\"contentUrl\":\"https:\\\/\\\/radio.fcejs.unsl.edu.ar\\\/wp-content\\\/uploads\\\/2023\\\/12\\\/cropped-radio-villa-mercedes-97-5.png\",\"width\":908,\"height\":289,\"caption\":\"Radio Universidad Villa Mercedes 97.5 | UNSL\"},\"image\":{\"@id\":\"https:\\\/\\\/radio.fcejs.unsl.edu.ar\\\/#\\\/schema\\\/logo\\\/image\\\/\"}},{\"@type\":\"Person\",\"@id\":\"https:\\\/\\\/radio.fcejs.unsl.edu.ar\\\/#\\\/schema\\\/person\\\/71179a56ee499ac8cd4e46f865c627c7\",\"name\":\"Virginia Aguilera\",\"url\":\"https:\\\/\\\/radio.fcejs.unsl.edu.ar\\\/index.php\\\/author\\\/viraguilera\\\/\"}]}<\/script>\n<!-- \/ Yoast SEO plugin. -->","yoast_head_json":{"title":"Palabras que trascienden en el tiempo: una invitaci\u00f3n a tomar la voz y hacer propia la radio - Radio Universidad Villa Mercedes 97.5 | UNSL","robots":{"index":"index","follow":"follow","max-snippet":"max-snippet:-1","max-image-preview":"max-image-preview:large","max-video-preview":"max-video-preview:-1"},"canonical":"https:\/\/radio.fcejs.unsl.edu.ar\/index.php\/palabras-que-trascienden-en-el-tiempo-una-invitacion-a-tomar-la-voz-y-hacer-propia-la-radio\/","og_locale":"es_ES","og_type":"article","og_title":"Palabras que trascienden en el tiempo: una invitaci\u00f3n a tomar la voz y hacer propia la radio - Radio Universidad Villa Mercedes 97.5 | UNSL","og_description":"Villa Mercedes. \u2014 Bajo la premisa de que las historias personales guardan una riqueza invalorable, el Taller de Producci\u00f3n Radial &#8220;Palabras que trascienden en el tiempo&#8221; abre sus puertas para convocar a afiliadas y afiliados de PAMI a habitar el estudio de Radio Universidad Villa Mercedes (FM 97.5) y darle forma a sus propios contenidos....","og_url":"https:\/\/radio.fcejs.unsl.edu.ar\/index.php\/palabras-que-trascienden-en-el-tiempo-una-invitacion-a-tomar-la-voz-y-hacer-propia-la-radio\/","og_site_name":"Radio Universidad Villa Mercedes 97.5 | UNSL","article_published_time":"2026-09-03T21:10:23+00:00","og_image":[{"width":1280,"height":591,"url":"https:\/\/radio.fcejs.unsl.edu.ar\/wp-content\/uploads\/2026\/09\/Nancy-Godoy-en-radio.jpeg","type":"image\/jpeg"}],"author":"Virginia Aguilera","twitter_card":"summary_large_image","twitter_misc":{"Escrito por":"Virginia Aguilera","Tiempo de lectura":"3 minutos"},"schema":{"@context":"https:\/\/schema.org","@graph":[{"@type":"Article","@id":"https:\/\/radio.fcejs.unsl.edu.ar\/index.php\/palabras-que-trascienden-en-el-tiempo-una-invitacion-a-tomar-la-voz-y-hacer-propia-la-radio\/#article","isPartOf":{"@id":"https:\/\/radio.fcejs.unsl.edu.ar\/index.php\/palabras-que-trascienden-en-el-tiempo-una-invitacion-a-tomar-la-voz-y-hacer-propia-la-radio\/"},"author":{"name":"Virginia Aguilera","@id":"https:\/\/radio.fcejs.unsl.edu.ar\/#\/schema\/person\/71179a56ee499ac8cd4e46f865c627c7"},"headline":"Palabras que trascienden en el tiempo: una invitaci\u00f3n a tomar la voz y hacer propia la radio","datePublished":"2026-09-03T21:10:23+00:00","mainEntityOfPage":{"@id":"https:\/\/radio.fcejs.unsl.edu.ar\/index.php\/palabras-que-trascienden-en-el-tiempo-una-invitacion-a-tomar-la-voz-y-hacer-propia-la-radio\/"},"wordCount":487,"publisher":{"@id":"https:\/\/radio.fcejs.unsl.edu.ar\/#organization"},"image":{"@id":"https:\/\/radio.fcejs.unsl.edu.ar\/index.php\/palabras-que-trascienden-en-el-tiempo-una-invitacion-a-tomar-la-voz-y-hacer-propia-la-radio\/#primaryimage"},"thumbnailUrl":"https:\/\/radio.fcejs.unsl.edu.ar\/wp-content\/uploads\/2026\/09\/Nancy-Godoy-en-radio.jpeg","articleSection":["Entrevistas"],"inLanguage":"es-AR"},{"@type":"WebPage","@id":"https:\/\/radio.fcejs.unsl.edu.ar\/index.php\/palabras-que-trascienden-en-el-tiempo-una-invitacion-a-tomar-la-voz-y-hacer-propia-la-radio\/","url":"https:\/\/radio.fcejs.unsl.edu.ar\/index.php\/palabras-que-trascienden-en-el-tiempo-una-invitacion-a-tomar-la-voz-y-hacer-propia-la-radio\/","name":"Palabras que trascienden en el tiempo: una invitaci\u00f3n a tomar la voz y hacer propia la radio - Radio Universidad Villa Mercedes 97.5 | UNSL","isPartOf":{"@id":"https:\/\/radio.fcejs.unsl.edu.ar\/#website"},"primaryImageOfPage":{"@id":"https:\/\/radio.fcejs.unsl.edu.ar\/index.php\/palabras-que-trascienden-en-el-tiempo-una-invitacion-a-tomar-la-voz-y-hacer-propia-la-radio\/#primaryimage"},"image":{"@id":"https:\/\/radio.fcejs.unsl.edu.ar\/index.php\/palabras-que-trascienden-en-el-tiempo-una-invitacion-a-tomar-la-voz-y-hacer-propia-la-radio\/#primaryimage"},"thumbnailUrl":"https:\/\/radio.fcejs.unsl.edu.ar\/wp-content\/uploads\/2026\/09\/Nancy-Godoy-en-radio.jpeg","datePublished":"2026-09-03T21:10:23+00:00","breadcrumb":{"@id":"https:\/\/radio.fcejs.unsl.edu.ar\/index.php\/palabras-que-trascienden-en-el-tiempo-una-invitacion-a-tomar-la-voz-y-hacer-propia-la-radio\/#breadcrumb"},"inLanguage":"es-AR","potentialAction":[{"@type":"ReadAction","target":["https:\/\/radio.fcejs.unsl.edu.ar\/index.php\/palabras-que-trascienden-en-el-tiempo-una-invitacion-a-tomar-la-voz-y-hacer-propia-la-radio\/"]}]},{"@type":"ImageObject","inLanguage":"es-AR","@id":"https:\/\/radio.fcejs.unsl.edu.ar\/index.php\/palabras-que-trascienden-en-el-tiempo-una-invitacion-a-tomar-la-voz-y-hacer-propia-la-radio\/#primaryimage","url":"https:\/\/radio.fcejs.unsl.edu.ar\/wp-content\/uploads\/2026\/09\/Nancy-Godoy-en-radio.jpeg","contentUrl":"https:\/\/radio.fcejs.unsl.edu.ar\/wp-content\/uploads\/2026\/09\/Nancy-Godoy-en-radio.jpeg","width":1280,"height":591},{"@type":"BreadcrumbList","@id":"https:\/\/radio.fcejs.unsl.edu.ar\/index.php\/palabras-que-trascienden-en-el-tiempo-una-invitacion-a-tomar-la-voz-y-hacer-propia-la-radio\/#breadcrumb","itemListElement":[{"@type":"ListItem","position":1,"name":"Inicio","item":"https:\/\/radio.fcejs.unsl.edu.ar\/"},{"@type":"ListItem","position":2,"name":"Palabras que trascienden en el tiempo: una invitaci\u00f3n a tomar la voz y hacer propia la radio"}]},{"@type":"WebSite","@id":"https:\/\/radio.fcejs.unsl.edu.ar\/#website","url":"https:\/\/radio.fcejs.unsl.edu.ar\/","name":"Radio Universidad Villa Mercedes 97.5 | UNSL","description":"UNSL","publisher":{"@id":"https:\/\/radio.fcejs.unsl.edu.ar\/#organization"},"potentialAction":[{"@type":"SearchAction","target":{"@type":"EntryPoint","urlTemplate":"https:\/\/radio.fcejs.unsl.edu.ar\/?s={search_term_string}"},"query-input":{"@type":"PropertyValueSpecification","valueRequired":true,"valueName":"search_term_string"}}],"inLanguage":"es-AR"},{"@type":"Organization","@id":"https:\/\/radio.fcejs.unsl.edu.ar\/#organization","name":"Radio Universidad Villa Mercedes 97.5 | UNSL","url":"https:\/\/radio.fcejs.unsl.edu.ar\/","logo":{"@type":"ImageObject","inLanguage":"es-AR","@id":"https:\/\/radio.fcejs.unsl.edu.ar\/#\/schema\/logo\/image\/","url":"https:\/\/radio.fcejs.unsl.edu.ar\/wp-content\/uploads\/2023\/12\/cropped-radio-villa-mercedes-97-5.png","contentUrl":"https:\/\/radio.fcejs.unsl.edu.ar\/wp-content\/uploads\/2023\/12\/cropped-radio-villa-mercedes-97-5.png","width":908,"height":289,"caption":"Radio Universidad Villa Mercedes 97.5 | UNSL"},"image":{"@id":"https:\/\/radio.fcejs.unsl.edu.ar\/#\/schema\/logo\/image\/"}},{"@type":"Person","@id":"https:\/\/radio.fcejs.unsl.edu.ar\/#\/schema\/person\/71179a56ee499ac8cd4e46f865c627c7","name":"Virginia Aguilera","url":"https:\/\/radio.fcejs.unsl.edu.ar\/index.php\/author\/viraguilera\/"}]}},"_links":{"self":[{"href":"https:\/\/radio.fcejs.unsl.edu.ar\/index.php\/wp-json\/wp\/v2\/posts\/4830","targetHints":{"allow":["GET"]}}],"collection":[{"href":"https:\/\/radio.fcejs.unsl.edu.ar\/index.php\/wp-json\/wp\/v2\/posts"}],"about":[{"href":"https:\/\/radio.fcejs.unsl.edu.ar\/index.php\/wp-json\/wp\/v2\/types\/post"}],"author":[{"embeddable":true,"href":"https:\/\/radio.fcejs.unsl.edu.ar\/index.php\/wp-json\/wp\/v2\/users\/5"}],"replies":[{"embeddable":true,"href":"https:\/\/radio.fcejs.unsl.edu.ar\/index.php\/wp-json\/wp\/v2\/comments?post=4830"}],"version-history":[{"count":1,"href":"https:\/\/radio.fcejs.unsl.edu.ar\/index.php\/wp-json\/wp\/v2\/posts\/4830\/revisions"}],"predecessor-version":[{"id":4832,"href":"https:\/\/radio.fcejs.unsl.edu.ar\/index.php\/wp-json\/wp\/v2\/posts\/4830\/revisions\/4832"}],"wp:featuredmedia":[{"embeddable":true,"href":"https:\/\/radio.fcejs.unsl.edu.ar\/index.php\/wp-json\/wp\/v2\/media\/4831"}],"wp:attachment":[{"href":"https:\/\/radio.fcejs.unsl.edu.ar\/index.php\/wp-json\/wp\/v2\/media?parent=4830"}],"wp:term":[{"taxonomy":"category","embeddable":true,"href":"https:\/\/radio.fcejs.unsl.edu.ar\/index.php\/wp-json\/wp\/v2\/categories?post=4830"},{"taxonomy":"post_tag","embeddable":true,"href":"https:\/\/radio.fcejs.unsl.edu.ar\/index.php\/wp-json\/wp\/v2\/tags?post=4830"}],"curies":[{"name":"wp","href":"https:\/\/api.w.org\/{rel}","templated":true}]}}