{"id":4817,"date":"2026-09-03T11:16:02","date_gmt":"2026-09-03T14:16:02","guid":{"rendered":"https:\/\/radio.fcejs.unsl.edu.ar\/?p=4817"},"modified":"2026-09-03T11:20:42","modified_gmt":"2026-09-03T14:20:42","slug":"paritarias-universitarias-oferta-3-por-ciento","status":"publish","type":"post","link":"https:\/\/radio.fcejs.unsl.edu.ar\/index.php\/paritarias-universitarias-oferta-3-por-ciento\/","title":{"rendered":"Paritarias universitarias: docentes cuestionan la oferta del 3% y reclaman el cumplimiento de la Ley de Financiamiento"},"content":{"rendered":"<h6>En <em>Mientras Tanto<\/em> dialogamos con la Docente Mar\u00eda Concepci\u00f3n Salas, integrante del Sindicato de Docentes Investigadores Universitarios (SIDIU), quien cuestion\u00f3 la propuesta salarial realizada por el Gobierno nacional en la \u00faltima paritaria y sostuvo que el conflicto universitario contin\u00faa sin una respuesta de fondo<\/h6>\n<h6>Escuch\u00e1 la nota completa:<\/h6>\n<audio class=\"wp-audio-shortcode\" id=\"audio-4817-1\" preload=\"none\" style=\"width: 100%;\" controls=\"controls\"><source type=\"audio\/mpeg\" src=\"https:\/\/radioupload.fica.unsl.edu.ar\/files\/mv\/Marita%20Salas%2003-09.mp3?_=1\" \/><a href=\"https:\/\/radioupload.fica.unsl.edu.ar\/files\/mv\/Marita%20Salas%2003-09.mp3\">https:\/\/radioupload.fica.unsl.edu.ar\/files\/mv\/Marita%20Salas%2003-09.mp3<\/a><\/audio>\n<p class=\"isSelectedEnd\">Mar\u00eda Concepci\u00f3n Salas explic\u00f3 que en la paritaria del 1 de septiembre el Gobierno nacional ofreci\u00f3 un <strong>3% de aumento<\/strong>, una propuesta que, seg\u00fan se\u00f1al\u00f3, est\u00e1 lejos del 31,2% que el sector reclama como recomposici\u00f3n de lo adeudado. La docente sostuvo que existe preocupaci\u00f3n dentro de la comunidad universitaria por la situaci\u00f3n salarial y presupuestaria y destac\u00f3 que el conflicto se mantiene pese a las medidas adoptadas durante los \u00faltimos meses.<\/p>\n<p class=\"isSelectedEnd\">Salas tambi\u00e9n cuestion\u00f3 que, desde su perspectiva, el Gobierno <a href=\"https:\/\/radio.fica.unsl.edu.ar\/index.php\/paro-universitario-2026-adu-financiamiento\/\">no est\u00e9 dando cumplimiento a la Ley de Financiamiento Universitario<\/a>. En ese marco, destac\u00f3 las acciones judiciales impulsadas por la comunidad universitaria y se\u00f1al\u00f3 que la respuesta a la situaci\u00f3n salarial fue insuficiente. Adem\u00e1s, valor\u00f3 que el paro universitario se haya realizado de manera conjunta con los trabajadores no docentes, al considerar que esto fortalece el reclamo del sector.<\/p>\n<p>La integrante del SIDIU puso especial \u00e9nfasis en la situaci\u00f3n de los docentes que reci\u00e9n comienzan su carrera y cuyos salarios, seg\u00fan afirm\u00f3, se encuentran por debajo de la l\u00ednea de pobreza. Por eso, llam\u00f3 a fortalecer la participaci\u00f3n en las medidas de fuerza y sostuvo que la discusi\u00f3n salarial alcanza a todo el sistema universitario. Finalmente, adelant\u00f3 que las federaciones trabajan en la organizaci\u00f3n de una <strong>marcha federal universitaria<\/strong>, aunque aclar\u00f3 que todav\u00eda no hay una fecha definida y que se busca alcanzar un acuerdo para realizar una movilizaci\u00f3n conjunta y de fuerte convocatoria.<\/p>\n<pre data-start=\"2165\" data-end=\"2236\"><strong>Conducci\u00f3n: Mat\u00edas E. Videla \r\nProducci\u00f3n: Magal\u00ed Mart\u00edn Degiorgi\r\nOperaci\u00f3n T\u00e9cnica: Mart\u00edn Pagliero \r\nRadio UNSL Villa Mercedes 97.5 FM<\/strong><\/pre>\n","protected":false},"excerpt":{"rendered":"<p>En Mientras Tanto dialogamos con la Docente Mar\u00eda Concepci\u00f3n Salas, integrante del Sindicato de Docentes Investigadores Universitarios (SIDIU), quien cuestion\u00f3 la propuesta salarial realizada por el Gobierno nacional en la \u00faltima paritaria y sostuvo que el conflicto universitario contin\u00faa sin una respuesta de fondo Escuch\u00e1 la nota completa: https:\/\/radioupload.fica.unsl.edu.ar\/files\/mv\/Marita%20Salas%2003-09.mp3 Mar\u00eda Concepci\u00f3n Salas explic\u00f3 que en&#8230;<\/p>\n","protected":false},"author":8,"featured_media":4262,"comment_status":"closed","ping_status":"closed","sticky":false,"template":"","format":"standard","meta":{"_kad_post_transparent":"default","_kad_post_title":"default","_kad_post_layout":"default","_kad_post_sidebar_id":"","_kad_post_content_style":"default","_kad_post_vertical_padding":"default","_kad_post_feature":"","_kad_post_feature_position":"","_kad_post_header":false,"_kad_post_footer":false,"_kad_post_classname":"","footnotes":""},"categories":[14,16],"tags":[],"class_list":["post-4817","post","type-post","status-publish","format-standard","has-post-thumbnail","hentry","category-entrevistas","category-opinion"],"yoast_head":"<!-- This site is optimized with the Yoast SEO plugin v27.5 - https:\/\/yoast.com\/product\/yoast-seo-wordpress\/ -->\n<title>Paritarias universitarias: docentes cuestionan la oferta del 3% - Radio Universidad Villa Mercedes 97.5 | UNSL<\/title>\n<meta name=\"description\" content=\"Mar\u00eda Concepci\u00f3n Salas, integrante del SIDIU, cuestion\u00f3 la oferta del 3% en paritarias universitarias y reclam\u00f3 mejoras salariales.\" \/>\n<meta name=\"robots\" content=\"index, follow, max-snippet:-1, max-image-preview:large, max-video-preview:-1\" \/>\n<link rel=\"canonical\" href=\"https:\/\/radio.fcejs.unsl.edu.ar\/index.php\/paritarias-universitarias-oferta-3-por-ciento\/\" \/>\n<meta property=\"og:locale\" content=\"es_ES\" \/>\n<meta property=\"og:type\" content=\"article\" \/>\n<meta property=\"og:title\" content=\"Paritarias universitarias: docentes cuestionan la oferta del 3% - Radio Universidad Villa Mercedes 97.5 | UNSL\" \/>\n<meta property=\"og:description\" content=\"Mar\u00eda Concepci\u00f3n Salas, integrante del SIDIU, cuestion\u00f3 la oferta del 3% en paritarias universitarias y reclam\u00f3 mejoras salariales.\" \/>\n<meta property=\"og:url\" content=\"https:\/\/radio.fcejs.unsl.edu.ar\/index.php\/paritarias-universitarias-oferta-3-por-ciento\/\" \/>\n<meta property=\"og:site_name\" content=\"Radio Universidad Villa Mercedes 97.5 | UNSL\" \/>\n<meta property=\"article:published_time\" content=\"2026-09-03T14:16:02+00:00\" \/>\n<meta property=\"article:modified_time\" content=\"2026-09-03T14:20:42+00:00\" \/>\n<meta property=\"og:image\" content=\"https:\/\/radio.fcejs.unsl.edu.ar\/wp-content\/uploads\/2026\/06\/marita25-03-25.jpg\" \/>\n\t<meta property=\"og:image:width\" content=\"1000\" \/>\n\t<meta property=\"og:image:height\" content=\"750\" \/>\n\t<meta property=\"og:image:type\" content=\"image\/jpeg\" \/>\n<meta name=\"author\" content=\"Magal\u00ed Martin\" \/>\n<meta name=\"twitter:card\" content=\"summary_large_image\" \/>\n<meta name=\"twitter:label1\" content=\"Escrito por\" \/>\n\t<meta name=\"twitter:data1\" content=\"Magal\u00ed Martin\" \/>\n\t<meta name=\"twitter:label2\" content=\"Tiempo de lectura\" \/>\n\t<meta name=\"twitter:data2\" content=\"2 minutos\" \/>\n<script type=\"application\/ld+json\" class=\"yoast-schema-graph\">{\"@context\":\"https:\\\/\\\/schema.org\",\"@graph\":[{\"@type\":\"Article\",\"@id\":\"https:\\\/\\\/radio.fcejs.unsl.edu.ar\\\/index.php\\\/paritarias-universitarias-oferta-3-por-ciento\\\/#article\",\"isPartOf\":{\"@id\":\"https:\\\/\\\/radio.fcejs.unsl.edu.ar\\\/index.php\\\/paritarias-universitarias-oferta-3-por-ciento\\\/\"},\"author\":{\"name\":\"Magal\u00ed Martin\",\"@id\":\"https:\\\/\\\/radio.fcejs.unsl.edu.ar\\\/#\\\/schema\\\/person\\\/183a98e050a71098628dcef2d35a0331\"},\"headline\":\"Paritarias universitarias: docentes cuestionan la oferta del 3% y reclaman el cumplimiento de la Ley de Financiamiento\",\"datePublished\":\"2026-09-03T14:16:02+00:00\",\"dateModified\":\"2026-09-03T14:20:42+00:00\",\"mainEntityOfPage\":{\"@id\":\"https:\\\/\\\/radio.fcejs.unsl.edu.ar\\\/index.php\\\/paritarias-universitarias-oferta-3-por-ciento\\\/\"},\"wordCount\":330,\"publisher\":{\"@id\":\"https:\\\/\\\/radio.fcejs.unsl.edu.ar\\\/#organization\"},\"image\":{\"@id\":\"https:\\\/\\\/radio.fcejs.unsl.edu.ar\\\/index.php\\\/paritarias-universitarias-oferta-3-por-ciento\\\/#primaryimage\"},\"thumbnailUrl\":\"https:\\\/\\\/radio.fcejs.unsl.edu.ar\\\/wp-content\\\/uploads\\\/2026\\\/06\\\/marita25-03-25.jpg\",\"articleSection\":[\"Entrevistas\",\"Opini\u00f3n\"],\"inLanguage\":\"es-AR\"},{\"@type\":\"WebPage\",\"@id\":\"https:\\\/\\\/radio.fcejs.unsl.edu.ar\\\/index.php\\\/paritarias-universitarias-oferta-3-por-ciento\\\/\",\"url\":\"https:\\\/\\\/radio.fcejs.unsl.edu.ar\\\/index.php\\\/paritarias-universitarias-oferta-3-por-ciento\\\/\",\"name\":\"Paritarias universitarias: docentes cuestionan la oferta del 3% - Radio Universidad Villa Mercedes 97.5 | UNSL\",\"isPartOf\":{\"@id\":\"https:\\\/\\\/radio.fcejs.unsl.edu.ar\\\/#website\"},\"primaryImageOfPage\":{\"@id\":\"https:\\\/\\\/radio.fcejs.unsl.edu.ar\\\/index.php\\\/paritarias-universitarias-oferta-3-por-ciento\\\/#primaryimage\"},\"image\":{\"@id\":\"https:\\\/\\\/radio.fcejs.unsl.edu.ar\\\/index.php\\\/paritarias-universitarias-oferta-3-por-ciento\\\/#primaryimage\"},\"thumbnailUrl\":\"https:\\\/\\\/radio.fcejs.unsl.edu.ar\\\/wp-content\\\/uploads\\\/2026\\\/06\\\/marita25-03-25.jpg\",\"datePublished\":\"2026-09-03T14:16:02+00:00\",\"dateModified\":\"2026-09-03T14:20:42+00:00\",\"description\":\"Mar\u00eda Concepci\u00f3n Salas, integrante del SIDIU, cuestion\u00f3 la oferta del 3% en paritarias universitarias y reclam\u00f3 mejoras salariales.\",\"breadcrumb\":{\"@id\":\"https:\\\/\\\/radio.fcejs.unsl.edu.ar\\\/index.php\\\/paritarias-universitarias-oferta-3-por-ciento\\\/#breadcrumb\"},\"inLanguage\":\"es-AR\",\"potentialAction\":[{\"@type\":\"ReadAction\",\"target\":[\"https:\\\/\\\/radio.fcejs.unsl.edu.ar\\\/index.php\\\/paritarias-universitarias-oferta-3-por-ciento\\\/\"]}]},{\"@type\":\"ImageObject\",\"inLanguage\":\"es-AR\",\"@id\":\"https:\\\/\\\/radio.fcejs.unsl.edu.ar\\\/index.php\\\/paritarias-universitarias-oferta-3-por-ciento\\\/#primaryimage\",\"url\":\"https:\\\/\\\/radio.fcejs.unsl.edu.ar\\\/wp-content\\\/uploads\\\/2026\\\/06\\\/marita25-03-25.jpg\",\"contentUrl\":\"https:\\\/\\\/radio.fcejs.unsl.edu.ar\\\/wp-content\\\/uploads\\\/2026\\\/06\\\/marita25-03-25.jpg\",\"width\":1000,\"height\":750},{\"@type\":\"BreadcrumbList\",\"@id\":\"https:\\\/\\\/radio.fcejs.unsl.edu.ar\\\/index.php\\\/paritarias-universitarias-oferta-3-por-ciento\\\/#breadcrumb\",\"itemListElement\":[{\"@type\":\"ListItem\",\"position\":1,\"name\":\"Inicio\",\"item\":\"https:\\\/\\\/radio.fcejs.unsl.edu.ar\\\/\"},{\"@type\":\"ListItem\",\"position\":2,\"name\":\"Paritarias universitarias: docentes cuestionan la oferta del 3% y reclaman el cumplimiento de la Ley de Financiamiento\"}]},{\"@type\":\"WebSite\",\"@id\":\"https:\\\/\\\/radio.fcejs.unsl.edu.ar\\\/#website\",\"url\":\"https:\\\/\\\/radio.fcejs.unsl.edu.ar\\\/\",\"name\":\"Radio Universidad Villa Mercedes 97.5 | UNSL\",\"description\":\"UNSL\",\"publisher\":{\"@id\":\"https:\\\/\\\/radio.fcejs.unsl.edu.ar\\\/#organization\"},\"potentialAction\":[{\"@type\":\"SearchAction\",\"target\":{\"@type\":\"EntryPoint\",\"urlTemplate\":\"https:\\\/\\\/radio.fcejs.unsl.edu.ar\\\/?s={search_term_string}\"},\"query-input\":{\"@type\":\"PropertyValueSpecification\",\"valueRequired\":true,\"valueName\":\"search_term_string\"}}],\"inLanguage\":\"es-AR\"},{\"@type\":\"Organization\",\"@id\":\"https:\\\/\\\/radio.fcejs.unsl.edu.ar\\\/#organization\",\"name\":\"Radio Universidad Villa Mercedes 97.5 | UNSL\",\"url\":\"https:\\\/\\\/radio.fcejs.unsl.edu.ar\\\/\",\"logo\":{\"@type\":\"ImageObject\",\"inLanguage\":\"es-AR\",\"@id\":\"https:\\\/\\\/radio.fcejs.unsl.edu.ar\\\/#\\\/schema\\\/logo\\\/image\\\/\",\"url\":\"https:\\\/\\\/radio.fcejs.unsl.edu.ar\\\/wp-content\\\/uploads\\\/2023\\\/12\\\/cropped-radio-villa-mercedes-97-5.png\",\"contentUrl\":\"https:\\\/\\\/radio.fcejs.unsl.edu.ar\\\/wp-content\\\/uploads\\\/2023\\\/12\\\/cropped-radio-villa-mercedes-97-5.png\",\"width\":908,\"height\":289,\"caption\":\"Radio Universidad Villa Mercedes 97.5 | UNSL\"},\"image\":{\"@id\":\"https:\\\/\\\/radio.fcejs.unsl.edu.ar\\\/#\\\/schema\\\/logo\\\/image\\\/\"}},{\"@type\":\"Person\",\"@id\":\"https:\\\/\\\/radio.fcejs.unsl.edu.ar\\\/#\\\/schema\\\/person\\\/183a98e050a71098628dcef2d35a0331\",\"name\":\"Magal\u00ed Martin\",\"url\":\"https:\\\/\\\/radio.fcejs.unsl.edu.ar\\\/index.php\\\/author\\\/mmartin\\\/\"}]}<\/script>\n<!-- \/ Yoast SEO plugin. -->","yoast_head_json":{"title":"Paritarias universitarias: docentes cuestionan la oferta del 3% - Radio Universidad Villa Mercedes 97.5 | UNSL","description":"Mar\u00eda Concepci\u00f3n Salas, integrante del SIDIU, cuestion\u00f3 la oferta del 3% en paritarias universitarias y reclam\u00f3 mejoras salariales.","robots":{"index":"index","follow":"follow","max-snippet":"max-snippet:-1","max-image-preview":"max-image-preview:large","max-video-preview":"max-video-preview:-1"},"canonical":"https:\/\/radio.fcejs.unsl.edu.ar\/index.php\/paritarias-universitarias-oferta-3-por-ciento\/","og_locale":"es_ES","og_type":"article","og_title":"Paritarias universitarias: docentes cuestionan la oferta del 3% - Radio Universidad Villa Mercedes 97.5 | UNSL","og_description":"Mar\u00eda Concepci\u00f3n Salas, integrante del SIDIU, cuestion\u00f3 la oferta del 3% en paritarias universitarias y reclam\u00f3 mejoras salariales.","og_url":"https:\/\/radio.fcejs.unsl.edu.ar\/index.php\/paritarias-universitarias-oferta-3-por-ciento\/","og_site_name":"Radio Universidad Villa Mercedes 97.5 | UNSL","article_published_time":"2026-09-03T14:16:02+00:00","article_modified_time":"2026-09-03T14:20:42+00:00","og_image":[{"width":1000,"height":750,"url":"https:\/\/radio.fcejs.unsl.edu.ar\/wp-content\/uploads\/2026\/06\/marita25-03-25.jpg","type":"image\/jpeg"}],"author":"Magal\u00ed Martin","twitter_card":"summary_large_image","twitter_misc":{"Escrito por":"Magal\u00ed Martin","Tiempo de lectura":"2 minutos"},"schema":{"@context":"https:\/\/schema.org","@graph":[{"@type":"Article","@id":"https:\/\/radio.fcejs.unsl.edu.ar\/index.php\/paritarias-universitarias-oferta-3-por-ciento\/#article","isPartOf":{"@id":"https:\/\/radio.fcejs.unsl.edu.ar\/index.php\/paritarias-universitarias-oferta-3-por-ciento\/"},"author":{"name":"Magal\u00ed Martin","@id":"https:\/\/radio.fcejs.unsl.edu.ar\/#\/schema\/person\/183a98e050a71098628dcef2d35a0331"},"headline":"Paritarias universitarias: docentes cuestionan la oferta del 3% y reclaman el cumplimiento de la Ley de Financiamiento","datePublished":"2026-09-03T14:16:02+00:00","dateModified":"2026-09-03T14:20:42+00:00","mainEntityOfPage":{"@id":"https:\/\/radio.fcejs.unsl.edu.ar\/index.php\/paritarias-universitarias-oferta-3-por-ciento\/"},"wordCount":330,"publisher":{"@id":"https:\/\/radio.fcejs.unsl.edu.ar\/#organization"},"image":{"@id":"https:\/\/radio.fcejs.unsl.edu.ar\/index.php\/paritarias-universitarias-oferta-3-por-ciento\/#primaryimage"},"thumbnailUrl":"https:\/\/radio.fcejs.unsl.edu.ar\/wp-content\/uploads\/2026\/06\/marita25-03-25.jpg","articleSection":["Entrevistas","Opini\u00f3n"],"inLanguage":"es-AR"},{"@type":"WebPage","@id":"https:\/\/radio.fcejs.unsl.edu.ar\/index.php\/paritarias-universitarias-oferta-3-por-ciento\/","url":"https:\/\/radio.fcejs.unsl.edu.ar\/index.php\/paritarias-universitarias-oferta-3-por-ciento\/","name":"Paritarias universitarias: docentes cuestionan la oferta del 3% - Radio Universidad Villa Mercedes 97.5 | UNSL","isPartOf":{"@id":"https:\/\/radio.fcejs.unsl.edu.ar\/#website"},"primaryImageOfPage":{"@id":"https:\/\/radio.fcejs.unsl.edu.ar\/index.php\/paritarias-universitarias-oferta-3-por-ciento\/#primaryimage"},"image":{"@id":"https:\/\/radio.fcejs.unsl.edu.ar\/index.php\/paritarias-universitarias-oferta-3-por-ciento\/#primaryimage"},"thumbnailUrl":"https:\/\/radio.fcejs.unsl.edu.ar\/wp-content\/uploads\/2026\/06\/marita25-03-25.jpg","datePublished":"2026-09-03T14:16:02+00:00","dateModified":"2026-09-03T14:20:42+00:00","description":"Mar\u00eda Concepci\u00f3n Salas, integrante del SIDIU, cuestion\u00f3 la oferta del 3% en paritarias universitarias y reclam\u00f3 mejoras salariales.","breadcrumb":{"@id":"https:\/\/radio.fcejs.unsl.edu.ar\/index.php\/paritarias-universitarias-oferta-3-por-ciento\/#breadcrumb"},"inLanguage":"es-AR","potentialAction":[{"@type":"ReadAction","target":["https:\/\/radio.fcejs.unsl.edu.ar\/index.php\/paritarias-universitarias-oferta-3-por-ciento\/"]}]},{"@type":"ImageObject","inLanguage":"es-AR","@id":"https:\/\/radio.fcejs.unsl.edu.ar\/index.php\/paritarias-universitarias-oferta-3-por-ciento\/#primaryimage","url":"https:\/\/radio.fcejs.unsl.edu.ar\/wp-content\/uploads\/2026\/06\/marita25-03-25.jpg","contentUrl":"https:\/\/radio.fcejs.unsl.edu.ar\/wp-content\/uploads\/2026\/06\/marita25-03-25.jpg","width":1000,"height":750},{"@type":"BreadcrumbList","@id":"https:\/\/radio.fcejs.unsl.edu.ar\/index.php\/paritarias-universitarias-oferta-3-por-ciento\/#breadcrumb","itemListElement":[{"@type":"ListItem","position":1,"name":"Inicio","item":"https:\/\/radio.fcejs.unsl.edu.ar\/"},{"@type":"ListItem","position":2,"name":"Paritarias universitarias: docentes cuestionan la oferta del 3% y reclaman el cumplimiento de la Ley de Financiamiento"}]},{"@type":"WebSite","@id":"https:\/\/radio.fcejs.unsl.edu.ar\/#website","url":"https:\/\/radio.fcejs.unsl.edu.ar\/","name":"Radio Universidad Villa Mercedes 97.5 | UNSL","description":"UNSL","publisher":{"@id":"https:\/\/radio.fcejs.unsl.edu.ar\/#organization"},"potentialAction":[{"@type":"SearchAction","target":{"@type":"EntryPoint","urlTemplate":"https:\/\/radio.fcejs.unsl.edu.ar\/?s={search_term_string}"},"query-input":{"@type":"PropertyValueSpecification","valueRequired":true,"valueName":"search_term_string"}}],"inLanguage":"es-AR"},{"@type":"Organization","@id":"https:\/\/radio.fcejs.unsl.edu.ar\/#organization","name":"Radio Universidad Villa Mercedes 97.5 | UNSL","url":"https:\/\/radio.fcejs.unsl.edu.ar\/","logo":{"@type":"ImageObject","inLanguage":"es-AR","@id":"https:\/\/radio.fcejs.unsl.edu.ar\/#\/schema\/logo\/image\/","url":"https:\/\/radio.fcejs.unsl.edu.ar\/wp-content\/uploads\/2023\/12\/cropped-radio-villa-mercedes-97-5.png","contentUrl":"https:\/\/radio.fcejs.unsl.edu.ar\/wp-content\/uploads\/2023\/12\/cropped-radio-villa-mercedes-97-5.png","width":908,"height":289,"caption":"Radio Universidad Villa Mercedes 97.5 | UNSL"},"image":{"@id":"https:\/\/radio.fcejs.unsl.edu.ar\/#\/schema\/logo\/image\/"}},{"@type":"Person","@id":"https:\/\/radio.fcejs.unsl.edu.ar\/#\/schema\/person\/183a98e050a71098628dcef2d35a0331","name":"Magal\u00ed Martin","url":"https:\/\/radio.fcejs.unsl.edu.ar\/index.php\/author\/mmartin\/"}]}},"_links":{"self":[{"href":"https:\/\/radio.fcejs.unsl.edu.ar\/index.php\/wp-json\/wp\/v2\/posts\/4817","targetHints":{"allow":["GET"]}}],"collection":[{"href":"https:\/\/radio.fcejs.unsl.edu.ar\/index.php\/wp-json\/wp\/v2\/posts"}],"about":[{"href":"https:\/\/radio.fcejs.unsl.edu.ar\/index.php\/wp-json\/wp\/v2\/types\/post"}],"author":[{"embeddable":true,"href":"https:\/\/radio.fcejs.unsl.edu.ar\/index.php\/wp-json\/wp\/v2\/users\/8"}],"replies":[{"embeddable":true,"href":"https:\/\/radio.fcejs.unsl.edu.ar\/index.php\/wp-json\/wp\/v2\/comments?post=4817"}],"version-history":[{"count":2,"href":"https:\/\/radio.fcejs.unsl.edu.ar\/index.php\/wp-json\/wp\/v2\/posts\/4817\/revisions"}],"predecessor-version":[{"id":4828,"href":"https:\/\/radio.fcejs.unsl.edu.ar\/index.php\/wp-json\/wp\/v2\/posts\/4817\/revisions\/4828"}],"wp:featuredmedia":[{"embeddable":true,"href":"https:\/\/radio.fcejs.unsl.edu.ar\/index.php\/wp-json\/wp\/v2\/media\/4262"}],"wp:attachment":[{"href":"https:\/\/radio.fcejs.unsl.edu.ar\/index.php\/wp-json\/wp\/v2\/media?parent=4817"}],"wp:term":[{"taxonomy":"category","embeddable":true,"href":"https:\/\/radio.fcejs.unsl.edu.ar\/index.php\/wp-json\/wp\/v2\/categories?post=4817"},{"taxonomy":"post_tag","embeddable":true,"href":"https:\/\/radio.fcejs.unsl.edu.ar\/index.php\/wp-json\/wp\/v2\/tags?post=4817"}],"curies":[{"name":"wp","href":"https:\/\/api.w.org\/{rel}","templated":true}]}}