{"id":4814,"date":"2026-09-03T13:03:22","date_gmt":"2026-09-03T16:03:22","guid":{"rendered":"https:\/\/radio.fcejs.unsl.edu.ar\/?p=4814"},"modified":"2026-09-03T13:03:22","modified_gmt":"2026-09-03T16:03:22","slug":"suicidio-en-argentina-salud-mental-prevencion","status":"publish","type":"post","link":"https:\/\/radio.fcejs.unsl.edu.ar\/index.php\/suicidio-en-argentina-salud-mental-prevencion\/","title":{"rendered":"Suicidio en Argentina: advierten por el deterioro de la salud mental y llaman a fortalecer la prevenci\u00f3n"},"content":{"rendered":"<h6>En <em data-start=\"392\" data-end=\"408\">Mientras Tanto <\/em>dialogamos con el Ra\u00fal G\u00f3mez, Licenciado en Psic\u00f3log\u00eda, quien analiz\u00f3 el aumento de las muertes por suicidio y se\u00f1al\u00f3 la necesidad de abordar la problem\u00e1tica desde una perspectiva integral, con pol\u00edticas de prevenci\u00f3n, redes comunitarias y acceso a la salud mental.<\/h6>\n<h6>Escuch\u00e1 la nota completa:<\/h6>\n<audio class=\"wp-audio-shortcode\" id=\"audio-4814-1\" preload=\"none\" style=\"width: 100%;\" controls=\"controls\"><source type=\"audio\/mpeg\" src=\"https:\/\/radioupload.fica.unsl.edu.ar\/files\/mv\/Raulm%20Gomez%2003-09.mp3?_=1\" \/><a href=\"https:\/\/radioupload.fica.unsl.edu.ar\/files\/mv\/Raulm%20Gomez%2003-09.mp3\">https:\/\/radioupload.fica.unsl.edu.ar\/files\/mv\/Raulm%20Gomez%2003-09.mp3<\/a><\/audio>\n<p class=\"PDq2pG_selectionAnchorContainer\" data-start=\"616\" data-end=\"1061\">El aumento de las muertes por suicidio en Argentina encendi\u00f3 una se\u00f1al de alerta sobre la situaci\u00f3n de la salud mental en el pa\u00eds. El <em>Lic. en Psicolog\u00eda Ra\u00fal G\u00f3mez, doctor en Ciencias de la Salud, docente investigador universitario y ex Vicedecano de la Facultad de Psicolog\u00eda de la UNC<\/em>, sostuvo que el fen\u00f3meno debe entenderse como un problema complejo y multicausal, atravesado por factores sociales, econ\u00f3micos y sanitarios.<\/p>\n<p data-start=\"1063\" data-end=\"1593\">El Lic. G\u00f3mez se\u00f1al\u00f3 que el deterioro de las condiciones de vida, el aislamiento social y las dificultades para acceder a servicios de salud mental forman parte de un escenario que requiere respuestas institucionales y comunitarias. En ese sentido, remarc\u00f3 la<strong> importancia de fortalecer las redes de contenci\u00f3n y de comprender que la conducta suicida puede presentar se\u00f1ales previas<\/strong>. Tambi\u00e9n destac\u00f3 que se trata de una problem\u00e1tica prevenible y que existen posibilidades de recuperaci\u00f3n cuando se interviene de manera adecuada y a tiempo.<\/p>\n<p data-start=\"1595\" data-end=\"2094\">El especialista tambi\u00e9n hizo hincapi\u00e9 en la responsabilidad de los medios de comunicaci\u00f3n al abordar estos casos. Recomend\u00f3 evitar explicaciones simplistas, reproducir mitos o brindar detalles sobre m\u00e9todos o lugares, y acompa\u00f1ar siempre la informaci\u00f3n con canales de ayuda. <strong>\u201cHay que estar atento al otro, al sufrimiento del otro\u201d<\/strong>, sostuvo el Lic. G\u00f3mez, quien consider\u00f3 que poner el tema en agenda de manera responsable puede contribuir a movilizar respuestas comunitarias, profesionales e institucionales.<\/p>\n<h5>Redes de contacto<\/h5>\n<p>Si necesit\u00e1s o conoc\u00e9s a alguien que est\u00e9 en una , pod\u00e9s comunicarte con:<\/p>\n<ul>\n<li><strong class=\"svelte-1fz0gqk\"><span class=\"svelte-1fz0gqk fade-in\">La l\u00ednea nacional gratuita de salud mental y crisis<\/span><\/strong><span class=\"svelte-1fz0gqk fade-in\">\u00a0al\u00a0<\/span><strong class=\"svelte-1fz0gqk\"><span class=\"svelte-1fz0gqk fade-in\">0800 999 0091<\/span><\/strong><span class=\"svelte-1fz0gqk fade-in\">, dependiente del Hospital Bonaparte, la cual ofrece contenci\u00f3n e informaci\u00f3n desde cualquier punto del pa\u00eds.<\/span><\/li>\n<li><span class=\"svelte-1fz0gqk fade-in\">\u00a0<\/span><span class=\"inline-entity svelte-qcdalo\">Centro de Asistencia al Suicida<\/span><span class=\"svelte-1fz0gqk fade-in\">, el cual brinda atenci\u00f3n <\/span><strong class=\"svelte-1fz0gqk\"><span class=\"svelte-1fz0gqk fade-in\">gratuita, an\u00f3nima y voluntaria<\/span><\/strong><span class=\"svelte-1fz0gqk fade-in\"> las 24 horas:<\/span>\n<ul>\n<li><strong class=\"svelte-1fz0gqk\"><span class=\"svelte-1fz0gqk fade-in\">0800 345 1435<\/span><\/strong><span class=\"svelte-1fz0gqk fade-in\">\u00a0o\u00a0<\/span><strong class=\"svelte-1fz0gqk\"><span class=\"svelte-1fz0gqk fade-in\">(011) 5275-1135<\/span><\/strong><span class=\"svelte-1fz0gqk fade-in\">\u00a0(desde todo el pa\u00eds)<\/span><\/li>\n<li><strong class=\"svelte-1fz0gqk\"><span class=\"svelte-1fz0gqk fade-in\">135<\/span><\/strong><span class=\"svelte-1fz0gqk fade-in\"> (l\u00ednea gratuita desde CABA y GBA)<\/span><\/li>\n<\/ul>\n<\/li>\n<li><span class=\"svelte-1fz0gqk fade-in\">Para emergencias inminentes o peligro inmediato para la vida, debe llamarse al\u00a0<\/span><strong class=\"svelte-1fz0gqk\"><span class=\"svelte-1fz0gqk fade-in\">911<\/span><\/strong><span class=\"svelte-1fz0gqk fade-in\"> (en todo el pa\u00eds)<\/span><\/li>\n<\/ul>\n<pre data-start=\"2165\" data-end=\"2236\"><strong>Conducci\u00f3n: Mat\u00edas E. Videla \r\nOperaci\u00f3n: Magal\u00ed Mart\u00edn Degiorgi\r\nOperaci\u00f3n T\u00e9cnica: Mart\u00edn Pagliero \r\nRadio UNSL Villa Mercedes 97.5 FM<\/strong><\/pre>\n","protected":false},"excerpt":{"rendered":"<p>En Mientras Tanto dialogamos con el Ra\u00fal G\u00f3mez, Licenciado en Psic\u00f3log\u00eda, quien analiz\u00f3 el aumento de las muertes por suicidio y se\u00f1al\u00f3 la necesidad de abordar la problem\u00e1tica desde una perspectiva integral, con pol\u00edticas de prevenci\u00f3n, redes comunitarias y acceso a la salud mental. Escuch\u00e1 la nota completa: https:\/\/radioupload.fica.unsl.edu.ar\/files\/mv\/Raulm%20Gomez%2003-09.mp3 El aumento de las muertes por&#8230;<\/p>\n","protected":false},"author":8,"featured_media":4829,"comment_status":"closed","ping_status":"closed","sticky":false,"template":"","format":"standard","meta":{"_kad_post_transparent":"default","_kad_post_title":"default","_kad_post_layout":"default","_kad_post_sidebar_id":"","_kad_post_content_style":"default","_kad_post_vertical_padding":"default","_kad_post_feature":"","_kad_post_feature_position":"","_kad_post_header":false,"_kad_post_footer":false,"_kad_post_classname":"","footnotes":""},"categories":[14,16],"tags":[],"class_list":["post-4814","post","type-post","status-publish","format-standard","has-post-thumbnail","hentry","category-entrevistas","category-opinion"],"yoast_head":"<!-- This site is optimized with the Yoast SEO plugin v27.5 - https:\/\/yoast.com\/product\/yoast-seo-wordpress\/ -->\n<title>Suicidio en Argentina: advierten por la salud mental - Radio Universidad Villa Mercedes 97.5 | UNSL<\/title>\n<meta name=\"description\" content=\"Ra\u00fal G\u00f3mez analiz\u00f3 en Mientras Tanto el aumento del suicidio en Argentina y destac\u00f3 la importancia de la prevenci\u00f3n, las redes de contenci\u00f3n y el acceso a la salud mental.\" \/>\n<meta name=\"robots\" content=\"index, follow, max-snippet:-1, max-image-preview:large, max-video-preview:-1\" \/>\n<link rel=\"canonical\" href=\"https:\/\/radio.fcejs.unsl.edu.ar\/index.php\/suicidio-en-argentina-salud-mental-prevencion\/\" \/>\n<meta property=\"og:locale\" content=\"es_ES\" \/>\n<meta property=\"og:type\" content=\"article\" \/>\n<meta property=\"og:title\" content=\"Suicidio en Argentina: advierten por la salud mental - Radio Universidad Villa Mercedes 97.5 | UNSL\" \/>\n<meta property=\"og:description\" content=\"Ra\u00fal G\u00f3mez analiz\u00f3 en Mientras Tanto el aumento del suicidio en Argentina y destac\u00f3 la importancia de la prevenci\u00f3n, las redes de contenci\u00f3n y el acceso a la salud mental.\" \/>\n<meta property=\"og:url\" content=\"https:\/\/radio.fcejs.unsl.edu.ar\/index.php\/suicidio-en-argentina-salud-mental-prevencion\/\" \/>\n<meta property=\"og:site_name\" content=\"Radio Universidad Villa Mercedes 97.5 | UNSL\" \/>\n<meta property=\"article:published_time\" content=\"2026-09-03T16:03:22+00:00\" \/>\n<meta property=\"og:image\" content=\"https:\/\/radio.fcejs.unsl.edu.ar\/wp-content\/uploads\/2026\/09\/raul.jpg\" \/>\n\t<meta property=\"og:image:width\" content=\"444\" \/>\n\t<meta property=\"og:image:height\" content=\"418\" \/>\n\t<meta property=\"og:image:type\" content=\"image\/jpeg\" \/>\n<meta name=\"author\" content=\"Magal\u00ed Martin\" \/>\n<meta name=\"twitter:card\" content=\"summary_large_image\" \/>\n<meta name=\"twitter:label1\" content=\"Escrito por\" \/>\n\t<meta name=\"twitter:data1\" content=\"Magal\u00ed Martin\" \/>\n\t<meta name=\"twitter:label2\" content=\"Tiempo de lectura\" \/>\n\t<meta name=\"twitter:data2\" content=\"2 minutos\" \/>\n<script type=\"application\/ld+json\" class=\"yoast-schema-graph\">{\"@context\":\"https:\\\/\\\/schema.org\",\"@graph\":[{\"@type\":\"Article\",\"@id\":\"https:\\\/\\\/radio.fcejs.unsl.edu.ar\\\/index.php\\\/suicidio-en-argentina-salud-mental-prevencion\\\/#article\",\"isPartOf\":{\"@id\":\"https:\\\/\\\/radio.fcejs.unsl.edu.ar\\\/index.php\\\/suicidio-en-argentina-salud-mental-prevencion\\\/\"},\"author\":{\"name\":\"Magal\u00ed Martin\",\"@id\":\"https:\\\/\\\/radio.fcejs.unsl.edu.ar\\\/#\\\/schema\\\/person\\\/183a98e050a71098628dcef2d35a0331\"},\"headline\":\"Suicidio en Argentina: advierten por el deterioro de la salud mental y llaman a fortalecer la prevenci\u00f3n\",\"datePublished\":\"2026-09-03T16:03:22+00:00\",\"mainEntityOfPage\":{\"@id\":\"https:\\\/\\\/radio.fcejs.unsl.edu.ar\\\/index.php\\\/suicidio-en-argentina-salud-mental-prevencion\\\/\"},\"wordCount\":429,\"publisher\":{\"@id\":\"https:\\\/\\\/radio.fcejs.unsl.edu.ar\\\/#organization\"},\"image\":{\"@id\":\"https:\\\/\\\/radio.fcejs.unsl.edu.ar\\\/index.php\\\/suicidio-en-argentina-salud-mental-prevencion\\\/#primaryimage\"},\"thumbnailUrl\":\"https:\\\/\\\/radio.fcejs.unsl.edu.ar\\\/wp-content\\\/uploads\\\/2026\\\/09\\\/raul.jpg\",\"articleSection\":[\"Entrevistas\",\"Opini\u00f3n\"],\"inLanguage\":\"es-AR\"},{\"@type\":\"WebPage\",\"@id\":\"https:\\\/\\\/radio.fcejs.unsl.edu.ar\\\/index.php\\\/suicidio-en-argentina-salud-mental-prevencion\\\/\",\"url\":\"https:\\\/\\\/radio.fcejs.unsl.edu.ar\\\/index.php\\\/suicidio-en-argentina-salud-mental-prevencion\\\/\",\"name\":\"Suicidio en Argentina: advierten por la salud mental - Radio Universidad Villa Mercedes 97.5 | UNSL\",\"isPartOf\":{\"@id\":\"https:\\\/\\\/radio.fcejs.unsl.edu.ar\\\/#website\"},\"primaryImageOfPage\":{\"@id\":\"https:\\\/\\\/radio.fcejs.unsl.edu.ar\\\/index.php\\\/suicidio-en-argentina-salud-mental-prevencion\\\/#primaryimage\"},\"image\":{\"@id\":\"https:\\\/\\\/radio.fcejs.unsl.edu.ar\\\/index.php\\\/suicidio-en-argentina-salud-mental-prevencion\\\/#primaryimage\"},\"thumbnailUrl\":\"https:\\\/\\\/radio.fcejs.unsl.edu.ar\\\/wp-content\\\/uploads\\\/2026\\\/09\\\/raul.jpg\",\"datePublished\":\"2026-09-03T16:03:22+00:00\",\"description\":\"Ra\u00fal G\u00f3mez analiz\u00f3 en Mientras Tanto el aumento del suicidio en Argentina y destac\u00f3 la importancia de la prevenci\u00f3n, las redes de contenci\u00f3n y el acceso a la salud mental.\",\"breadcrumb\":{\"@id\":\"https:\\\/\\\/radio.fcejs.unsl.edu.ar\\\/index.php\\\/suicidio-en-argentina-salud-mental-prevencion\\\/#breadcrumb\"},\"inLanguage\":\"es-AR\",\"potentialAction\":[{\"@type\":\"ReadAction\",\"target\":[\"https:\\\/\\\/radio.fcejs.unsl.edu.ar\\\/index.php\\\/suicidio-en-argentina-salud-mental-prevencion\\\/\"]}]},{\"@type\":\"ImageObject\",\"inLanguage\":\"es-AR\",\"@id\":\"https:\\\/\\\/radio.fcejs.unsl.edu.ar\\\/index.php\\\/suicidio-en-argentina-salud-mental-prevencion\\\/#primaryimage\",\"url\":\"https:\\\/\\\/radio.fcejs.unsl.edu.ar\\\/wp-content\\\/uploads\\\/2026\\\/09\\\/raul.jpg\",\"contentUrl\":\"https:\\\/\\\/radio.fcejs.unsl.edu.ar\\\/wp-content\\\/uploads\\\/2026\\\/09\\\/raul.jpg\",\"width\":444,\"height\":418},{\"@type\":\"BreadcrumbList\",\"@id\":\"https:\\\/\\\/radio.fcejs.unsl.edu.ar\\\/index.php\\\/suicidio-en-argentina-salud-mental-prevencion\\\/#breadcrumb\",\"itemListElement\":[{\"@type\":\"ListItem\",\"position\":1,\"name\":\"Inicio\",\"item\":\"https:\\\/\\\/radio.fcejs.unsl.edu.ar\\\/\"},{\"@type\":\"ListItem\",\"position\":2,\"name\":\"Suicidio en Argentina: advierten por el deterioro de la salud mental y llaman a fortalecer la prevenci\u00f3n\"}]},{\"@type\":\"WebSite\",\"@id\":\"https:\\\/\\\/radio.fcejs.unsl.edu.ar\\\/#website\",\"url\":\"https:\\\/\\\/radio.fcejs.unsl.edu.ar\\\/\",\"name\":\"Radio Universidad Villa Mercedes 97.5 | UNSL\",\"description\":\"UNSL\",\"publisher\":{\"@id\":\"https:\\\/\\\/radio.fcejs.unsl.edu.ar\\\/#organization\"},\"potentialAction\":[{\"@type\":\"SearchAction\",\"target\":{\"@type\":\"EntryPoint\",\"urlTemplate\":\"https:\\\/\\\/radio.fcejs.unsl.edu.ar\\\/?s={search_term_string}\"},\"query-input\":{\"@type\":\"PropertyValueSpecification\",\"valueRequired\":true,\"valueName\":\"search_term_string\"}}],\"inLanguage\":\"es-AR\"},{\"@type\":\"Organization\",\"@id\":\"https:\\\/\\\/radio.fcejs.unsl.edu.ar\\\/#organization\",\"name\":\"Radio Universidad Villa Mercedes 97.5 | UNSL\",\"url\":\"https:\\\/\\\/radio.fcejs.unsl.edu.ar\\\/\",\"logo\":{\"@type\":\"ImageObject\",\"inLanguage\":\"es-AR\",\"@id\":\"https:\\\/\\\/radio.fcejs.unsl.edu.ar\\\/#\\\/schema\\\/logo\\\/image\\\/\",\"url\":\"https:\\\/\\\/radio.fcejs.unsl.edu.ar\\\/wp-content\\\/uploads\\\/2023\\\/12\\\/cropped-radio-villa-mercedes-97-5.png\",\"contentUrl\":\"https:\\\/\\\/radio.fcejs.unsl.edu.ar\\\/wp-content\\\/uploads\\\/2023\\\/12\\\/cropped-radio-villa-mercedes-97-5.png\",\"width\":908,\"height\":289,\"caption\":\"Radio Universidad Villa Mercedes 97.5 | UNSL\"},\"image\":{\"@id\":\"https:\\\/\\\/radio.fcejs.unsl.edu.ar\\\/#\\\/schema\\\/logo\\\/image\\\/\"}},{\"@type\":\"Person\",\"@id\":\"https:\\\/\\\/radio.fcejs.unsl.edu.ar\\\/#\\\/schema\\\/person\\\/183a98e050a71098628dcef2d35a0331\",\"name\":\"Magal\u00ed Martin\",\"url\":\"https:\\\/\\\/radio.fcejs.unsl.edu.ar\\\/index.php\\\/author\\\/mmartin\\\/\"}]}<\/script>\n<!-- \/ Yoast SEO plugin. -->","yoast_head_json":{"title":"Suicidio en Argentina: advierten por la salud mental - Radio Universidad Villa Mercedes 97.5 | UNSL","description":"Ra\u00fal G\u00f3mez analiz\u00f3 en Mientras Tanto el aumento del suicidio en Argentina y destac\u00f3 la importancia de la prevenci\u00f3n, las redes de contenci\u00f3n y el acceso a la salud mental.","robots":{"index":"index","follow":"follow","max-snippet":"max-snippet:-1","max-image-preview":"max-image-preview:large","max-video-preview":"max-video-preview:-1"},"canonical":"https:\/\/radio.fcejs.unsl.edu.ar\/index.php\/suicidio-en-argentina-salud-mental-prevencion\/","og_locale":"es_ES","og_type":"article","og_title":"Suicidio en Argentina: advierten por la salud mental - Radio Universidad Villa Mercedes 97.5 | UNSL","og_description":"Ra\u00fal G\u00f3mez analiz\u00f3 en Mientras Tanto el aumento del suicidio en Argentina y destac\u00f3 la importancia de la prevenci\u00f3n, las redes de contenci\u00f3n y el acceso a la salud mental.","og_url":"https:\/\/radio.fcejs.unsl.edu.ar\/index.php\/suicidio-en-argentina-salud-mental-prevencion\/","og_site_name":"Radio Universidad Villa Mercedes 97.5 | UNSL","article_published_time":"2026-09-03T16:03:22+00:00","og_image":[{"width":444,"height":418,"url":"https:\/\/radio.fcejs.unsl.edu.ar\/wp-content\/uploads\/2026\/09\/raul.jpg","type":"image\/jpeg"}],"author":"Magal\u00ed Martin","twitter_card":"summary_large_image","twitter_misc":{"Escrito por":"Magal\u00ed Martin","Tiempo de lectura":"2 minutos"},"schema":{"@context":"https:\/\/schema.org","@graph":[{"@type":"Article","@id":"https:\/\/radio.fcejs.unsl.edu.ar\/index.php\/suicidio-en-argentina-salud-mental-prevencion\/#article","isPartOf":{"@id":"https:\/\/radio.fcejs.unsl.edu.ar\/index.php\/suicidio-en-argentina-salud-mental-prevencion\/"},"author":{"name":"Magal\u00ed Martin","@id":"https:\/\/radio.fcejs.unsl.edu.ar\/#\/schema\/person\/183a98e050a71098628dcef2d35a0331"},"headline":"Suicidio en Argentina: advierten por el deterioro de la salud mental y llaman a fortalecer la prevenci\u00f3n","datePublished":"2026-09-03T16:03:22+00:00","mainEntityOfPage":{"@id":"https:\/\/radio.fcejs.unsl.edu.ar\/index.php\/suicidio-en-argentina-salud-mental-prevencion\/"},"wordCount":429,"publisher":{"@id":"https:\/\/radio.fcejs.unsl.edu.ar\/#organization"},"image":{"@id":"https:\/\/radio.fcejs.unsl.edu.ar\/index.php\/suicidio-en-argentina-salud-mental-prevencion\/#primaryimage"},"thumbnailUrl":"https:\/\/radio.fcejs.unsl.edu.ar\/wp-content\/uploads\/2026\/09\/raul.jpg","articleSection":["Entrevistas","Opini\u00f3n"],"inLanguage":"es-AR"},{"@type":"WebPage","@id":"https:\/\/radio.fcejs.unsl.edu.ar\/index.php\/suicidio-en-argentina-salud-mental-prevencion\/","url":"https:\/\/radio.fcejs.unsl.edu.ar\/index.php\/suicidio-en-argentina-salud-mental-prevencion\/","name":"Suicidio en Argentina: advierten por la salud mental - Radio Universidad Villa Mercedes 97.5 | UNSL","isPartOf":{"@id":"https:\/\/radio.fcejs.unsl.edu.ar\/#website"},"primaryImageOfPage":{"@id":"https:\/\/radio.fcejs.unsl.edu.ar\/index.php\/suicidio-en-argentina-salud-mental-prevencion\/#primaryimage"},"image":{"@id":"https:\/\/radio.fcejs.unsl.edu.ar\/index.php\/suicidio-en-argentina-salud-mental-prevencion\/#primaryimage"},"thumbnailUrl":"https:\/\/radio.fcejs.unsl.edu.ar\/wp-content\/uploads\/2026\/09\/raul.jpg","datePublished":"2026-09-03T16:03:22+00:00","description":"Ra\u00fal G\u00f3mez analiz\u00f3 en Mientras Tanto el aumento del suicidio en Argentina y destac\u00f3 la importancia de la prevenci\u00f3n, las redes de contenci\u00f3n y el acceso a la salud mental.","breadcrumb":{"@id":"https:\/\/radio.fcejs.unsl.edu.ar\/index.php\/suicidio-en-argentina-salud-mental-prevencion\/#breadcrumb"},"inLanguage":"es-AR","potentialAction":[{"@type":"ReadAction","target":["https:\/\/radio.fcejs.unsl.edu.ar\/index.php\/suicidio-en-argentina-salud-mental-prevencion\/"]}]},{"@type":"ImageObject","inLanguage":"es-AR","@id":"https:\/\/radio.fcejs.unsl.edu.ar\/index.php\/suicidio-en-argentina-salud-mental-prevencion\/#primaryimage","url":"https:\/\/radio.fcejs.unsl.edu.ar\/wp-content\/uploads\/2026\/09\/raul.jpg","contentUrl":"https:\/\/radio.fcejs.unsl.edu.ar\/wp-content\/uploads\/2026\/09\/raul.jpg","width":444,"height":418},{"@type":"BreadcrumbList","@id":"https:\/\/radio.fcejs.unsl.edu.ar\/index.php\/suicidio-en-argentina-salud-mental-prevencion\/#breadcrumb","itemListElement":[{"@type":"ListItem","position":1,"name":"Inicio","item":"https:\/\/radio.fcejs.unsl.edu.ar\/"},{"@type":"ListItem","position":2,"name":"Suicidio en Argentina: advierten por el deterioro de la salud mental y llaman a fortalecer la prevenci\u00f3n"}]},{"@type":"WebSite","@id":"https:\/\/radio.fcejs.unsl.edu.ar\/#website","url":"https:\/\/radio.fcejs.unsl.edu.ar\/","name":"Radio Universidad Villa Mercedes 97.5 | UNSL","description":"UNSL","publisher":{"@id":"https:\/\/radio.fcejs.unsl.edu.ar\/#organization"},"potentialAction":[{"@type":"SearchAction","target":{"@type":"EntryPoint","urlTemplate":"https:\/\/radio.fcejs.unsl.edu.ar\/?s={search_term_string}"},"query-input":{"@type":"PropertyValueSpecification","valueRequired":true,"valueName":"search_term_string"}}],"inLanguage":"es-AR"},{"@type":"Organization","@id":"https:\/\/radio.fcejs.unsl.edu.ar\/#organization","name":"Radio Universidad Villa Mercedes 97.5 | UNSL","url":"https:\/\/radio.fcejs.unsl.edu.ar\/","logo":{"@type":"ImageObject","inLanguage":"es-AR","@id":"https:\/\/radio.fcejs.unsl.edu.ar\/#\/schema\/logo\/image\/","url":"https:\/\/radio.fcejs.unsl.edu.ar\/wp-content\/uploads\/2023\/12\/cropped-radio-villa-mercedes-97-5.png","contentUrl":"https:\/\/radio.fcejs.unsl.edu.ar\/wp-content\/uploads\/2023\/12\/cropped-radio-villa-mercedes-97-5.png","width":908,"height":289,"caption":"Radio Universidad Villa Mercedes 97.5 | UNSL"},"image":{"@id":"https:\/\/radio.fcejs.unsl.edu.ar\/#\/schema\/logo\/image\/"}},{"@type":"Person","@id":"https:\/\/radio.fcejs.unsl.edu.ar\/#\/schema\/person\/183a98e050a71098628dcef2d35a0331","name":"Magal\u00ed Martin","url":"https:\/\/radio.fcejs.unsl.edu.ar\/index.php\/author\/mmartin\/"}]}},"_links":{"self":[{"href":"https:\/\/radio.fcejs.unsl.edu.ar\/index.php\/wp-json\/wp\/v2\/posts\/4814","targetHints":{"allow":["GET"]}}],"collection":[{"href":"https:\/\/radio.fcejs.unsl.edu.ar\/index.php\/wp-json\/wp\/v2\/posts"}],"about":[{"href":"https:\/\/radio.fcejs.unsl.edu.ar\/index.php\/wp-json\/wp\/v2\/types\/post"}],"author":[{"embeddable":true,"href":"https:\/\/radio.fcejs.unsl.edu.ar\/index.php\/wp-json\/wp\/v2\/users\/8"}],"replies":[{"embeddable":true,"href":"https:\/\/radio.fcejs.unsl.edu.ar\/index.php\/wp-json\/wp\/v2\/comments?post=4814"}],"version-history":[{"count":4,"href":"https:\/\/radio.fcejs.unsl.edu.ar\/index.php\/wp-json\/wp\/v2\/posts\/4814\/revisions"}],"predecessor-version":[{"id":4825,"href":"https:\/\/radio.fcejs.unsl.edu.ar\/index.php\/wp-json\/wp\/v2\/posts\/4814\/revisions\/4825"}],"wp:featuredmedia":[{"embeddable":true,"href":"https:\/\/radio.fcejs.unsl.edu.ar\/index.php\/wp-json\/wp\/v2\/media\/4829"}],"wp:attachment":[{"href":"https:\/\/radio.fcejs.unsl.edu.ar\/index.php\/wp-json\/wp\/v2\/media?parent=4814"}],"wp:term":[{"taxonomy":"category","embeddable":true,"href":"https:\/\/radio.fcejs.unsl.edu.ar\/index.php\/wp-json\/wp\/v2\/categories?post=4814"},{"taxonomy":"post_tag","embeddable":true,"href":"https:\/\/radio.fcejs.unsl.edu.ar\/index.php\/wp-json\/wp\/v2\/tags?post=4814"}],"curies":[{"name":"wp","href":"https:\/\/api.w.org\/{rel}","templated":true}]}}