{"id":4809,"date":"2026-09-01T17:19:31","date_gmt":"2026-09-01T20:19:31","guid":{"rendered":"https:\/\/radio.fcejs.unsl.edu.ar\/?p=4809"},"modified":"2026-09-01T17:21:31","modified_gmt":"2026-09-01T20:21:31","slug":"villa-mercedes-se-prepara-para-el-3-encuentro-de-rugby-adaptado-inclusivo","status":"publish","type":"post","link":"https:\/\/radio.fcejs.unsl.edu.ar\/index.php\/villa-mercedes-se-prepara-para-el-3-encuentro-de-rugby-adaptado-inclusivo\/","title":{"rendered":"\u00a1El deporte que une!: Villa Mercedes palpita el 3\u00b0 Encuentro de Rugby Adaptado Inclusivo en la UNSL"},"content":{"rendered":"<p data-path-to-node=\"1\"><b data-path-to-node=\"1\" data-index-in-node=\"0\">El pr\u00f3ximo viernes 18 de septiembre, el campus de la Universidad Nacional de San Luis (UNSL) en Villa Mercedes ser\u00e1 sede de una jornada \u00fanica que reunir\u00e1 a m\u00e1s de 200 participantes para promover la inclusi\u00f3n, la integraci\u00f3n y el acceso al deporte en un espacio abierto a toda la comunidad.<\/b><\/p>\n<p data-path-to-node=\"2\">La ciudad de Villa Mercedes vuelve a posicionarse como epicentro del deporte social con la realizaci\u00f3n del <b data-path-to-node=\"2\" data-index-in-node=\"107\">3\u00b0 Encuentro de Rugby Adaptado Inclusivo<\/b>, una iniciativa conjunta entre la Subsecretar\u00eda de Asuntos Estudiantiles y Bienestar Universitario (SSAEBU de la UNSL), la Secretar\u00eda de Discapacidad de la provincia de San Luis y la Municipalidad de Villa Mercedes.<\/p>\n<p data-path-to-node=\"2\"><img decoding=\"async\" class=\"emoji\" role=\"img\" src=\"https:\/\/s.w.org\/images\/core\/emoji\/17.0.2\/svg\/1f3a7.svg\" alt=\"\ud83c\udfa7\" \/><strong><img decoding=\"async\" class=\"emoji\" role=\"img\" src=\"https:\/\/s.w.org\/images\/core\/emoji\/17.0.2\/svg\/1f447.svg\" alt=\"\ud83d\udc47\" \/>Escucha la entrevista realizada al <b data-path-to-node=\"4\" data-index-in-node=\"111\">Ing. Nicol\u00e1s Ramos<\/b> en el programa radial \u201cLa Quilla\u201d <\/strong><b data-path-to-node=\"6\" data-index-in-node=\"3\">:<\/b><\/p>\n<audio class=\"wp-audio-shortcode\" id=\"audio-4809-1\" preload=\"none\" style=\"width: 100%;\" controls=\"controls\"><source type=\"audio\/mpeg\" src=\"https:\/\/radioupload.fica.unsl.edu.ar\/files\/va\/NICO%20RAMOS%20Rugby%20Adaptado%20el%2018%20de%20sep%2001-09-26.mp3?_=1\" \/><a href=\"https:\/\/radioupload.fica.unsl.edu.ar\/files\/va\/NICO%20RAMOS%20Rugby%20Adaptado%20el%2018%20de%20sep%2001-09-26.mp3\">https:\/\/radioupload.fica.unsl.edu.ar\/files\/va\/NICO%20RAMOS%20Rugby%20Adaptado%20el%2018%20de%20sep%2001-09-26.mp3<\/a><\/audio>\n<p data-path-to-node=\"3\">La cita tendr\u00e1 lugar el pr\u00f3ximo <b data-path-to-node=\"3\" data-index-in-node=\"32\">viernes 18 de septiembre, de 8:30 a 13:00 horas<\/b>, en las canchas de f\u00fatbol 11 del campus universitario. El encuentro est\u00e1 especialmente dise\u00f1ado para Centros de D\u00eda de toda la provincia y contar\u00e1 con la participaci\u00f3n activa de voluntarios, estudiantes de la carrera de Acompa\u00f1ante Terap\u00e9utico (FCEJS) y el acompa\u00f1amiento de la Uni\u00f3n de Rugby de la Provincia de San Luis.<\/p>\n<p data-path-to-node=\"4\">Sobre el valor que representa abrir las puertas de la instituci\u00f3n para este tipo de iniciativas, el <b data-path-to-node=\"4\" data-index-in-node=\"111\">Ing. Nicol\u00e1s Ramos<\/b>, responsable de la Subsecretar\u00eda de Asuntos Estudiantiles y Bienestar Universitario, destac\u00f3 el compromiso social de la universidad:<\/p>\n<blockquote data-path-to-node=\"5\">\n<p data-path-to-node=\"5,0\"><i data-path-to-node=\"5,0\" data-index-in-node=\"0\">&#8220;Abrimos las puertas de la instituci\u00f3n y mostramos que trabajamos para todas las personas, incluyendo tambi\u00e9n a los discapacitados para tratar de que seamos todos iguales y tengamos todos las mismas oportunidades.&#8221;<\/i><\/p>\n<\/blockquote>\n<p data-path-to-node=\"6\"><b data-path-to-node=\"6\" data-index-in-node=\"0\">Una experiencia deportiva con proyecci\u00f3n<\/b> Con la confirmaci\u00f3n de al menos ocho Centros de D\u00eda y un n\u00famero estimado de entre 200 y 250 participantes, la jornada ofrecer\u00e1 din\u00e1micas recreativas adaptadas, juegos con pelota y cintas, enfocados en la interacci\u00f3n y el disfrute. La log\u00edstica de traslado de los delegaciones estar\u00e1 a cargo del municipio local para garantizar la llegada y el regreso de cada grupo.<\/p>\n<p data-path-to-node=\"7\">El Encuentro de Rugby Adaptado Inclusivo es una propuesta pionera en la regi\u00f3n que ya en ediciones anteriores ha logrado un importante reconocimiento a nivel provincial y nacional, reafirmando el compromiso de la UNSL con una comunidad m\u00e1s inclusiva e integrada a trav\u00e9s del deporte.<\/p>\n<p><img decoding=\"async\" class=\"emoji\" role=\"img\" src=\"https:\/\/s.w.org\/images\/core\/emoji\/17.0.2\/svg\/270d.svg\" alt=\"\u270d\ufe0f\" \/>\u00a0<strong>Entrevista realizada por Virginia Aguilera<\/strong><\/p>\n<p><img decoding=\"async\" class=\"emoji\" role=\"img\" src=\"https:\/\/s.w.org\/images\/core\/emoji\/17.0.2\/svg\/1f39b.svg\" alt=\"\ud83c\udf9b\ufe0f\" \/><strong>Operaci\u00f3n T\u00e9cnica: Federico Amodey<\/strong><\/p>\n<p><img decoding=\"async\" class=\"emoji\" role=\"img\" src=\"https:\/\/s.w.org\/images\/core\/emoji\/17.0.2\/svg\/1f399.svg\" alt=\"\ud83c\udf99\ufe0f\" \/>\u00a0<em>Radio UNSL Villa Mercedes 97.5 FM\u00a0 \u00a0<\/em><\/p>\n","protected":false},"excerpt":{"rendered":"<p>El pr\u00f3ximo viernes 18 de septiembre, el campus de la Universidad Nacional de San Luis (UNSL) en Villa Mercedes ser\u00e1 sede de una jornada \u00fanica que reunir\u00e1 a m\u00e1s de 200 participantes para promover la inclusi\u00f3n, la integraci\u00f3n y el acceso al deporte en un espacio abierto a toda la comunidad. La ciudad de Villa&#8230;<\/p>\n","protected":false},"author":5,"featured_media":4811,"comment_status":"closed","ping_status":"closed","sticky":false,"template":"","format":"standard","meta":{"_kad_post_transparent":"default","_kad_post_title":"default","_kad_post_layout":"default","_kad_post_sidebar_id":"","_kad_post_content_style":"default","_kad_post_vertical_padding":"default","_kad_post_feature":"","_kad_post_feature_position":"","_kad_post_header":false,"_kad_post_footer":false,"_kad_post_classname":"","footnotes":""},"categories":[14],"tags":[],"class_list":["post-4809","post","type-post","status-publish","format-standard","has-post-thumbnail","hentry","category-entrevistas"],"yoast_head":"<!-- This site is optimized with the Yoast SEO plugin v27.5 - https:\/\/yoast.com\/product\/yoast-seo-wordpress\/ -->\n<title>\u00a1El deporte que une!: Villa Mercedes palpita el 3\u00b0 Encuentro de Rugby Adaptado Inclusivo en la UNSL - Radio Universidad Villa Mercedes 97.5 | UNSL<\/title>\n<meta name=\"robots\" content=\"index, follow, max-snippet:-1, max-image-preview:large, max-video-preview:-1\" \/>\n<link rel=\"canonical\" href=\"https:\/\/radio.fcejs.unsl.edu.ar\/index.php\/villa-mercedes-se-prepara-para-el-3-encuentro-de-rugby-adaptado-inclusivo\/\" \/>\n<meta property=\"og:locale\" content=\"es_ES\" \/>\n<meta property=\"og:type\" content=\"article\" \/>\n<meta property=\"og:title\" content=\"\u00a1El deporte que une!: Villa Mercedes palpita el 3\u00b0 Encuentro de Rugby Adaptado Inclusivo en la UNSL - Radio Universidad Villa Mercedes 97.5 | UNSL\" \/>\n<meta property=\"og:description\" content=\"El pr\u00f3ximo viernes 18 de septiembre, el campus de la Universidad Nacional de San Luis (UNSL) en Villa Mercedes ser\u00e1 sede de una jornada \u00fanica que reunir\u00e1 a m\u00e1s de 200 participantes para promover la inclusi\u00f3n, la integraci\u00f3n y el acceso al deporte en un espacio abierto a toda la comunidad. La ciudad de Villa...\" \/>\n<meta property=\"og:url\" content=\"https:\/\/radio.fcejs.unsl.edu.ar\/index.php\/villa-mercedes-se-prepara-para-el-3-encuentro-de-rugby-adaptado-inclusivo\/\" \/>\n<meta property=\"og:site_name\" content=\"Radio Universidad Villa Mercedes 97.5 | UNSL\" \/>\n<meta property=\"article:published_time\" content=\"2026-09-01T20:19:31+00:00\" \/>\n<meta property=\"article:modified_time\" content=\"2026-09-01T20:21:31+00:00\" \/>\n<meta property=\"og:image\" content=\"https:\/\/radio.fcejs.unsl.edu.ar\/wp-content\/uploads\/2026\/09\/Nicolas-Ramos-scaled.jpg\" \/>\n\t<meta property=\"og:image:width\" content=\"2560\" \/>\n\t<meta property=\"og:image:height\" content=\"1182\" \/>\n\t<meta property=\"og:image:type\" content=\"image\/jpeg\" \/>\n<meta name=\"author\" content=\"Virginia Aguilera\" \/>\n<meta name=\"twitter:card\" content=\"summary_large_image\" \/>\n<meta name=\"twitter:label1\" content=\"Escrito por\" \/>\n\t<meta name=\"twitter:data1\" content=\"Virginia Aguilera\" \/>\n\t<meta name=\"twitter:label2\" content=\"Tiempo de lectura\" \/>\n\t<meta name=\"twitter:data2\" content=\"3 minutos\" \/>\n<script type=\"application\/ld+json\" class=\"yoast-schema-graph\">{\"@context\":\"https:\\\/\\\/schema.org\",\"@graph\":[{\"@type\":\"Article\",\"@id\":\"https:\\\/\\\/radio.fcejs.unsl.edu.ar\\\/index.php\\\/villa-mercedes-se-prepara-para-el-3-encuentro-de-rugby-adaptado-inclusivo\\\/#article\",\"isPartOf\":{\"@id\":\"https:\\\/\\\/radio.fcejs.unsl.edu.ar\\\/index.php\\\/villa-mercedes-se-prepara-para-el-3-encuentro-de-rugby-adaptado-inclusivo\\\/\"},\"author\":{\"name\":\"Virginia Aguilera\",\"@id\":\"https:\\\/\\\/radio.fcejs.unsl.edu.ar\\\/#\\\/schema\\\/person\\\/71179a56ee499ac8cd4e46f865c627c7\"},\"headline\":\"\u00a1El deporte que une!: Villa Mercedes palpita el 3\u00b0 Encuentro de Rugby Adaptado Inclusivo en la UNSL\",\"datePublished\":\"2026-09-01T20:19:31+00:00\",\"dateModified\":\"2026-09-01T20:21:31+00:00\",\"mainEntityOfPage\":{\"@id\":\"https:\\\/\\\/radio.fcejs.unsl.edu.ar\\\/index.php\\\/villa-mercedes-se-prepara-para-el-3-encuentro-de-rugby-adaptado-inclusivo\\\/\"},\"wordCount\":442,\"publisher\":{\"@id\":\"https:\\\/\\\/radio.fcejs.unsl.edu.ar\\\/#organization\"},\"image\":{\"@id\":\"https:\\\/\\\/radio.fcejs.unsl.edu.ar\\\/index.php\\\/villa-mercedes-se-prepara-para-el-3-encuentro-de-rugby-adaptado-inclusivo\\\/#primaryimage\"},\"thumbnailUrl\":\"https:\\\/\\\/radio.fcejs.unsl.edu.ar\\\/wp-content\\\/uploads\\\/2026\\\/09\\\/Nicolas-Ramos-scaled.jpg\",\"articleSection\":[\"Entrevistas\"],\"inLanguage\":\"es-AR\"},{\"@type\":\"WebPage\",\"@id\":\"https:\\\/\\\/radio.fcejs.unsl.edu.ar\\\/index.php\\\/villa-mercedes-se-prepara-para-el-3-encuentro-de-rugby-adaptado-inclusivo\\\/\",\"url\":\"https:\\\/\\\/radio.fcejs.unsl.edu.ar\\\/index.php\\\/villa-mercedes-se-prepara-para-el-3-encuentro-de-rugby-adaptado-inclusivo\\\/\",\"name\":\"\u00a1El deporte que une!: Villa Mercedes palpita el 3\u00b0 Encuentro de Rugby Adaptado Inclusivo en la UNSL - Radio Universidad Villa Mercedes 97.5 | UNSL\",\"isPartOf\":{\"@id\":\"https:\\\/\\\/radio.fcejs.unsl.edu.ar\\\/#website\"},\"primaryImageOfPage\":{\"@id\":\"https:\\\/\\\/radio.fcejs.unsl.edu.ar\\\/index.php\\\/villa-mercedes-se-prepara-para-el-3-encuentro-de-rugby-adaptado-inclusivo\\\/#primaryimage\"},\"image\":{\"@id\":\"https:\\\/\\\/radio.fcejs.unsl.edu.ar\\\/index.php\\\/villa-mercedes-se-prepara-para-el-3-encuentro-de-rugby-adaptado-inclusivo\\\/#primaryimage\"},\"thumbnailUrl\":\"https:\\\/\\\/radio.fcejs.unsl.edu.ar\\\/wp-content\\\/uploads\\\/2026\\\/09\\\/Nicolas-Ramos-scaled.jpg\",\"datePublished\":\"2026-09-01T20:19:31+00:00\",\"dateModified\":\"2026-09-01T20:21:31+00:00\",\"breadcrumb\":{\"@id\":\"https:\\\/\\\/radio.fcejs.unsl.edu.ar\\\/index.php\\\/villa-mercedes-se-prepara-para-el-3-encuentro-de-rugby-adaptado-inclusivo\\\/#breadcrumb\"},\"inLanguage\":\"es-AR\",\"potentialAction\":[{\"@type\":\"ReadAction\",\"target\":[\"https:\\\/\\\/radio.fcejs.unsl.edu.ar\\\/index.php\\\/villa-mercedes-se-prepara-para-el-3-encuentro-de-rugby-adaptado-inclusivo\\\/\"]}]},{\"@type\":\"ImageObject\",\"inLanguage\":\"es-AR\",\"@id\":\"https:\\\/\\\/radio.fcejs.unsl.edu.ar\\\/index.php\\\/villa-mercedes-se-prepara-para-el-3-encuentro-de-rugby-adaptado-inclusivo\\\/#primaryimage\",\"url\":\"https:\\\/\\\/radio.fcejs.unsl.edu.ar\\\/wp-content\\\/uploads\\\/2026\\\/09\\\/Nicolas-Ramos-scaled.jpg\",\"contentUrl\":\"https:\\\/\\\/radio.fcejs.unsl.edu.ar\\\/wp-content\\\/uploads\\\/2026\\\/09\\\/Nicolas-Ramos-scaled.jpg\",\"width\":2560,\"height\":1182},{\"@type\":\"BreadcrumbList\",\"@id\":\"https:\\\/\\\/radio.fcejs.unsl.edu.ar\\\/index.php\\\/villa-mercedes-se-prepara-para-el-3-encuentro-de-rugby-adaptado-inclusivo\\\/#breadcrumb\",\"itemListElement\":[{\"@type\":\"ListItem\",\"position\":1,\"name\":\"Inicio\",\"item\":\"https:\\\/\\\/radio.fcejs.unsl.edu.ar\\\/\"},{\"@type\":\"ListItem\",\"position\":2,\"name\":\"\u00a1El deporte que une!: Villa Mercedes palpita el 3\u00b0 Encuentro de Rugby Adaptado Inclusivo en la UNSL\"}]},{\"@type\":\"WebSite\",\"@id\":\"https:\\\/\\\/radio.fcejs.unsl.edu.ar\\\/#website\",\"url\":\"https:\\\/\\\/radio.fcejs.unsl.edu.ar\\\/\",\"name\":\"Radio Universidad Villa Mercedes 97.5 | UNSL\",\"description\":\"UNSL\",\"publisher\":{\"@id\":\"https:\\\/\\\/radio.fcejs.unsl.edu.ar\\\/#organization\"},\"potentialAction\":[{\"@type\":\"SearchAction\",\"target\":{\"@type\":\"EntryPoint\",\"urlTemplate\":\"https:\\\/\\\/radio.fcejs.unsl.edu.ar\\\/?s={search_term_string}\"},\"query-input\":{\"@type\":\"PropertyValueSpecification\",\"valueRequired\":true,\"valueName\":\"search_term_string\"}}],\"inLanguage\":\"es-AR\"},{\"@type\":\"Organization\",\"@id\":\"https:\\\/\\\/radio.fcejs.unsl.edu.ar\\\/#organization\",\"name\":\"Radio Universidad Villa Mercedes 97.5 | UNSL\",\"url\":\"https:\\\/\\\/radio.fcejs.unsl.edu.ar\\\/\",\"logo\":{\"@type\":\"ImageObject\",\"inLanguage\":\"es-AR\",\"@id\":\"https:\\\/\\\/radio.fcejs.unsl.edu.ar\\\/#\\\/schema\\\/logo\\\/image\\\/\",\"url\":\"https:\\\/\\\/radio.fcejs.unsl.edu.ar\\\/wp-content\\\/uploads\\\/2023\\\/12\\\/cropped-radio-villa-mercedes-97-5.png\",\"contentUrl\":\"https:\\\/\\\/radio.fcejs.unsl.edu.ar\\\/wp-content\\\/uploads\\\/2023\\\/12\\\/cropped-radio-villa-mercedes-97-5.png\",\"width\":908,\"height\":289,\"caption\":\"Radio Universidad Villa Mercedes 97.5 | UNSL\"},\"image\":{\"@id\":\"https:\\\/\\\/radio.fcejs.unsl.edu.ar\\\/#\\\/schema\\\/logo\\\/image\\\/\"}},{\"@type\":\"Person\",\"@id\":\"https:\\\/\\\/radio.fcejs.unsl.edu.ar\\\/#\\\/schema\\\/person\\\/71179a56ee499ac8cd4e46f865c627c7\",\"name\":\"Virginia Aguilera\",\"url\":\"https:\\\/\\\/radio.fcejs.unsl.edu.ar\\\/index.php\\\/author\\\/viraguilera\\\/\"}]}<\/script>\n<!-- \/ Yoast SEO plugin. -->","yoast_head_json":{"title":"\u00a1El deporte que une!: Villa Mercedes palpita el 3\u00b0 Encuentro de Rugby Adaptado Inclusivo en la UNSL - Radio Universidad Villa Mercedes 97.5 | UNSL","robots":{"index":"index","follow":"follow","max-snippet":"max-snippet:-1","max-image-preview":"max-image-preview:large","max-video-preview":"max-video-preview:-1"},"canonical":"https:\/\/radio.fcejs.unsl.edu.ar\/index.php\/villa-mercedes-se-prepara-para-el-3-encuentro-de-rugby-adaptado-inclusivo\/","og_locale":"es_ES","og_type":"article","og_title":"\u00a1El deporte que une!: Villa Mercedes palpita el 3\u00b0 Encuentro de Rugby Adaptado Inclusivo en la UNSL - Radio Universidad Villa Mercedes 97.5 | UNSL","og_description":"El pr\u00f3ximo viernes 18 de septiembre, el campus de la Universidad Nacional de San Luis (UNSL) en Villa Mercedes ser\u00e1 sede de una jornada \u00fanica que reunir\u00e1 a m\u00e1s de 200 participantes para promover la inclusi\u00f3n, la integraci\u00f3n y el acceso al deporte en un espacio abierto a toda la comunidad. La ciudad de Villa...","og_url":"https:\/\/radio.fcejs.unsl.edu.ar\/index.php\/villa-mercedes-se-prepara-para-el-3-encuentro-de-rugby-adaptado-inclusivo\/","og_site_name":"Radio Universidad Villa Mercedes 97.5 | UNSL","article_published_time":"2026-09-01T20:19:31+00:00","article_modified_time":"2026-09-01T20:21:31+00:00","og_image":[{"width":2560,"height":1182,"url":"https:\/\/radio.fcejs.unsl.edu.ar\/wp-content\/uploads\/2026\/09\/Nicolas-Ramos-scaled.jpg","type":"image\/jpeg"}],"author":"Virginia Aguilera","twitter_card":"summary_large_image","twitter_misc":{"Escrito por":"Virginia Aguilera","Tiempo de lectura":"3 minutos"},"schema":{"@context":"https:\/\/schema.org","@graph":[{"@type":"Article","@id":"https:\/\/radio.fcejs.unsl.edu.ar\/index.php\/villa-mercedes-se-prepara-para-el-3-encuentro-de-rugby-adaptado-inclusivo\/#article","isPartOf":{"@id":"https:\/\/radio.fcejs.unsl.edu.ar\/index.php\/villa-mercedes-se-prepara-para-el-3-encuentro-de-rugby-adaptado-inclusivo\/"},"author":{"name":"Virginia Aguilera","@id":"https:\/\/radio.fcejs.unsl.edu.ar\/#\/schema\/person\/71179a56ee499ac8cd4e46f865c627c7"},"headline":"\u00a1El deporte que une!: Villa Mercedes palpita el 3\u00b0 Encuentro de Rugby Adaptado Inclusivo en la UNSL","datePublished":"2026-09-01T20:19:31+00:00","dateModified":"2026-09-01T20:21:31+00:00","mainEntityOfPage":{"@id":"https:\/\/radio.fcejs.unsl.edu.ar\/index.php\/villa-mercedes-se-prepara-para-el-3-encuentro-de-rugby-adaptado-inclusivo\/"},"wordCount":442,"publisher":{"@id":"https:\/\/radio.fcejs.unsl.edu.ar\/#organization"},"image":{"@id":"https:\/\/radio.fcejs.unsl.edu.ar\/index.php\/villa-mercedes-se-prepara-para-el-3-encuentro-de-rugby-adaptado-inclusivo\/#primaryimage"},"thumbnailUrl":"https:\/\/radio.fcejs.unsl.edu.ar\/wp-content\/uploads\/2026\/09\/Nicolas-Ramos-scaled.jpg","articleSection":["Entrevistas"],"inLanguage":"es-AR"},{"@type":"WebPage","@id":"https:\/\/radio.fcejs.unsl.edu.ar\/index.php\/villa-mercedes-se-prepara-para-el-3-encuentro-de-rugby-adaptado-inclusivo\/","url":"https:\/\/radio.fcejs.unsl.edu.ar\/index.php\/villa-mercedes-se-prepara-para-el-3-encuentro-de-rugby-adaptado-inclusivo\/","name":"\u00a1El deporte que une!: Villa Mercedes palpita el 3\u00b0 Encuentro de Rugby Adaptado Inclusivo en la UNSL - Radio Universidad Villa Mercedes 97.5 | UNSL","isPartOf":{"@id":"https:\/\/radio.fcejs.unsl.edu.ar\/#website"},"primaryImageOfPage":{"@id":"https:\/\/radio.fcejs.unsl.edu.ar\/index.php\/villa-mercedes-se-prepara-para-el-3-encuentro-de-rugby-adaptado-inclusivo\/#primaryimage"},"image":{"@id":"https:\/\/radio.fcejs.unsl.edu.ar\/index.php\/villa-mercedes-se-prepara-para-el-3-encuentro-de-rugby-adaptado-inclusivo\/#primaryimage"},"thumbnailUrl":"https:\/\/radio.fcejs.unsl.edu.ar\/wp-content\/uploads\/2026\/09\/Nicolas-Ramos-scaled.jpg","datePublished":"2026-09-01T20:19:31+00:00","dateModified":"2026-09-01T20:21:31+00:00","breadcrumb":{"@id":"https:\/\/radio.fcejs.unsl.edu.ar\/index.php\/villa-mercedes-se-prepara-para-el-3-encuentro-de-rugby-adaptado-inclusivo\/#breadcrumb"},"inLanguage":"es-AR","potentialAction":[{"@type":"ReadAction","target":["https:\/\/radio.fcejs.unsl.edu.ar\/index.php\/villa-mercedes-se-prepara-para-el-3-encuentro-de-rugby-adaptado-inclusivo\/"]}]},{"@type":"ImageObject","inLanguage":"es-AR","@id":"https:\/\/radio.fcejs.unsl.edu.ar\/index.php\/villa-mercedes-se-prepara-para-el-3-encuentro-de-rugby-adaptado-inclusivo\/#primaryimage","url":"https:\/\/radio.fcejs.unsl.edu.ar\/wp-content\/uploads\/2026\/09\/Nicolas-Ramos-scaled.jpg","contentUrl":"https:\/\/radio.fcejs.unsl.edu.ar\/wp-content\/uploads\/2026\/09\/Nicolas-Ramos-scaled.jpg","width":2560,"height":1182},{"@type":"BreadcrumbList","@id":"https:\/\/radio.fcejs.unsl.edu.ar\/index.php\/villa-mercedes-se-prepara-para-el-3-encuentro-de-rugby-adaptado-inclusivo\/#breadcrumb","itemListElement":[{"@type":"ListItem","position":1,"name":"Inicio","item":"https:\/\/radio.fcejs.unsl.edu.ar\/"},{"@type":"ListItem","position":2,"name":"\u00a1El deporte que une!: Villa Mercedes palpita el 3\u00b0 Encuentro de Rugby Adaptado Inclusivo en la UNSL"}]},{"@type":"WebSite","@id":"https:\/\/radio.fcejs.unsl.edu.ar\/#website","url":"https:\/\/radio.fcejs.unsl.edu.ar\/","name":"Radio Universidad Villa Mercedes 97.5 | UNSL","description":"UNSL","publisher":{"@id":"https:\/\/radio.fcejs.unsl.edu.ar\/#organization"},"potentialAction":[{"@type":"SearchAction","target":{"@type":"EntryPoint","urlTemplate":"https:\/\/radio.fcejs.unsl.edu.ar\/?s={search_term_string}"},"query-input":{"@type":"PropertyValueSpecification","valueRequired":true,"valueName":"search_term_string"}}],"inLanguage":"es-AR"},{"@type":"Organization","@id":"https:\/\/radio.fcejs.unsl.edu.ar\/#organization","name":"Radio Universidad Villa Mercedes 97.5 | UNSL","url":"https:\/\/radio.fcejs.unsl.edu.ar\/","logo":{"@type":"ImageObject","inLanguage":"es-AR","@id":"https:\/\/radio.fcejs.unsl.edu.ar\/#\/schema\/logo\/image\/","url":"https:\/\/radio.fcejs.unsl.edu.ar\/wp-content\/uploads\/2023\/12\/cropped-radio-villa-mercedes-97-5.png","contentUrl":"https:\/\/radio.fcejs.unsl.edu.ar\/wp-content\/uploads\/2023\/12\/cropped-radio-villa-mercedes-97-5.png","width":908,"height":289,"caption":"Radio Universidad Villa Mercedes 97.5 | UNSL"},"image":{"@id":"https:\/\/radio.fcejs.unsl.edu.ar\/#\/schema\/logo\/image\/"}},{"@type":"Person","@id":"https:\/\/radio.fcejs.unsl.edu.ar\/#\/schema\/person\/71179a56ee499ac8cd4e46f865c627c7","name":"Virginia Aguilera","url":"https:\/\/radio.fcejs.unsl.edu.ar\/index.php\/author\/viraguilera\/"}]}},"_links":{"self":[{"href":"https:\/\/radio.fcejs.unsl.edu.ar\/index.php\/wp-json\/wp\/v2\/posts\/4809","targetHints":{"allow":["GET"]}}],"collection":[{"href":"https:\/\/radio.fcejs.unsl.edu.ar\/index.php\/wp-json\/wp\/v2\/posts"}],"about":[{"href":"https:\/\/radio.fcejs.unsl.edu.ar\/index.php\/wp-json\/wp\/v2\/types\/post"}],"author":[{"embeddable":true,"href":"https:\/\/radio.fcejs.unsl.edu.ar\/index.php\/wp-json\/wp\/v2\/users\/5"}],"replies":[{"embeddable":true,"href":"https:\/\/radio.fcejs.unsl.edu.ar\/index.php\/wp-json\/wp\/v2\/comments?post=4809"}],"version-history":[{"count":2,"href":"https:\/\/radio.fcejs.unsl.edu.ar\/index.php\/wp-json\/wp\/v2\/posts\/4809\/revisions"}],"predecessor-version":[{"id":4813,"href":"https:\/\/radio.fcejs.unsl.edu.ar\/index.php\/wp-json\/wp\/v2\/posts\/4809\/revisions\/4813"}],"wp:featuredmedia":[{"embeddable":true,"href":"https:\/\/radio.fcejs.unsl.edu.ar\/index.php\/wp-json\/wp\/v2\/media\/4811"}],"wp:attachment":[{"href":"https:\/\/radio.fcejs.unsl.edu.ar\/index.php\/wp-json\/wp\/v2\/media?parent=4809"}],"wp:term":[{"taxonomy":"category","embeddable":true,"href":"https:\/\/radio.fcejs.unsl.edu.ar\/index.php\/wp-json\/wp\/v2\/categories?post=4809"},{"taxonomy":"post_tag","embeddable":true,"href":"https:\/\/radio.fcejs.unsl.edu.ar\/index.php\/wp-json\/wp\/v2\/tags?post=4809"}],"curies":[{"name":"wp","href":"https:\/\/api.w.org\/{rel}","templated":true}]}}