{"id":4801,"date":"2026-09-01T11:25:52","date_gmt":"2026-09-01T14:25:52","guid":{"rendered":"https:\/\/radio.fcejs.unsl.edu.ar\/?p=4801"},"modified":"2026-09-01T11:25:52","modified_gmt":"2026-09-01T14:25:52","slug":"expo-al-futuro-2026-villa-mercedes","status":"publish","type":"post","link":"https:\/\/radio.fcejs.unsl.edu.ar\/index.php\/expo-al-futuro-2026-villa-mercedes\/","title":{"rendered":"Expo al Futuro: 16 instituciones de educaci\u00f3n superior mostrar\u00e1n su oferta acad\u00e9mica en Villa Mercedes"},"content":{"rendered":"<h6>En <em>Mientras Tanto<\/em> dialogamos con Mart\u00edn P\u00e9rez, Coordinador de Relaciones Educativas de la Secretar\u00eda General de la Municipalidad de Villa Mercedes, sobre la nueva edici\u00f3n de Expo al Futuro, que se realizar\u00e1 este 2 y 3 de septiembre en la Plaza y Casa de la Cultura, con la participaci\u00f3n de 16 instituciones de educaci\u00f3n superior.<\/h6>\n<h6>Escuch\u00e1 la nota completa:<\/h6>\n<audio class=\"wp-audio-shortcode\" id=\"audio-4801-1\" preload=\"none\" style=\"width: 100%;\" controls=\"controls\"><source type=\"audio\/mpeg\" src=\"https:\/\/radioupload.fica.unsl.edu.ar\/files\/mv\/Martin%20Perez%2001-09.mp3?_=1\" \/><a href=\"https:\/\/radioupload.fica.unsl.edu.ar\/files\/mv\/Martin%20Perez%2001-09.mp3\">https:\/\/radioupload.fica.unsl.edu.ar\/files\/mv\/Martin%20Perez%2001-09.mp3<\/a><\/audio>\n<p class=\"isSelectedEnd\">La <a href=\"https:\/\/www.instagram.com\/p\/DcjJyXpOFr2\/\"><strong>Expo al Futuro 2026<\/strong><\/a>\u00a0reunir\u00e1 a 16 instituciones de educaci\u00f3n superior de la provincia de San Luis, el mismo n\u00famero alcanzado en la edici\u00f3n anterior y una cifra que representa un crecimiento desde las primeras exposiciones, cuando participaban entre 9 y 10 instituciones. Mart\u00edn P\u00e9rez destac\u00f3 que la propuesta busca acercar a estudiantes y a toda la comunidad las distintas alternativas de formaci\u00f3n disponibles, con una mirada puesta en la accesibilidad, la interacci\u00f3n y la sustentabilidad de las acciones.<\/p>\n<p class=\"isSelectedEnd\">El coordinador de Relaciones Educativas explic\u00f3 que la organizaci\u00f3n de la <strong>Expo al Futuro en Villa Mercedes<\/strong> comienza varios meses antes y contempla un trabajo conjunto con escuelas secundarias, estudiantes y equipos directivos. Seg\u00fan detall\u00f3, los propios j\u00f3venes participan en el dise\u00f1o de las actividades y proponen iniciativas para la exposici\u00f3n. Entre las propuestas de este a\u00f1o se encuentran talleres sobre inteligencia artificial y educaci\u00f3n financiera, adem\u00e1s de los stands de las instituciones educativas participantes.<\/p>\n<p>La invitaci\u00f3n a la <strong>Expo al Futuro 2026 <\/strong>es abierta a toda la comunidad y no solamente a estudiantes secundarios. P\u00e9rez remarc\u00f3 que la oferta de educaci\u00f3n superior puede ser de inter\u00e9s para personas de distintas edades que quieran conocer opciones de estudio y formaci\u00f3n. La actividad se desarrollar\u00e1 este 2 y 3 de septiembre en espacios de la ciudad, con la participaci\u00f3n activa de instituciones como la Universidad Nacional de San Luis y otras propuestas educativas de la provincia.<\/p>\n<pre data-start=\"2165\" data-end=\"2236\"><strong>Conducci\u00f3n: Mat\u00edas E. Videla \r\nOperaci\u00f3n: Magal\u00ed Mart\u00edn \r\nOperaci\u00f3n T\u00e9cnica: Mart\u00edn Pagliero \r\nRadio UNSL Villa Mercedes 97.5 FM<\/strong><\/pre>\n","protected":false},"excerpt":{"rendered":"<p>En Mientras Tanto dialogamos con Mart\u00edn P\u00e9rez, Coordinador de Relaciones Educativas de la Secretar\u00eda General de la Municipalidad de Villa Mercedes, sobre la nueva edici\u00f3n de Expo al Futuro, que se realizar\u00e1 este 2 y 3 de septiembre en la Plaza y Casa de la Cultura, con la participaci\u00f3n de 16 instituciones de educaci\u00f3n superior&#8230;.<\/p>\n","protected":false},"author":8,"featured_media":4803,"comment_status":"closed","ping_status":"closed","sticky":false,"template":"","format":"standard","meta":{"_kad_post_transparent":"default","_kad_post_title":"default","_kad_post_layout":"default","_kad_post_sidebar_id":"","_kad_post_content_style":"default","_kad_post_vertical_padding":"default","_kad_post_feature":"","_kad_post_feature_position":"","_kad_post_header":false,"_kad_post_footer":false,"_kad_post_classname":"","footnotes":""},"categories":[14,1],"tags":[],"class_list":["post-4801","post","type-post","status-publish","format-standard","has-post-thumbnail","hentry","category-entrevistas","category-noticias"],"yoast_head":"<!-- This site is optimized with the Yoast SEO plugin v27.5 - https:\/\/yoast.com\/product\/yoast-seo-wordpress\/ -->\n<title>Expo al Futuro: 16 instituciones educativas llegan a Villa Mercedes - Radio Universidad Villa Mercedes 97.5 | UNSL<\/title>\n<meta name=\"description\" content=\"La Expo al Futuro 2026 se realizar\u00e1 el 2 y 3 de septiembre en Villa Mercedes con 16 instituciones de educaci\u00f3n superior y actividades para toda la comunidad\" \/>\n<meta name=\"robots\" content=\"index, follow, max-snippet:-1, max-image-preview:large, max-video-preview:-1\" \/>\n<link rel=\"canonical\" href=\"https:\/\/radio.fcejs.unsl.edu.ar\/index.php\/expo-al-futuro-2026-villa-mercedes\/\" \/>\n<meta property=\"og:locale\" content=\"es_ES\" \/>\n<meta property=\"og:type\" content=\"article\" \/>\n<meta property=\"og:title\" content=\"Expo al Futuro: 16 instituciones educativas llegan a Villa Mercedes - Radio Universidad Villa Mercedes 97.5 | UNSL\" \/>\n<meta property=\"og:description\" content=\"La Expo al Futuro 2026 se realizar\u00e1 el 2 y 3 de septiembre en Villa Mercedes con 16 instituciones de educaci\u00f3n superior y actividades para toda la comunidad\" \/>\n<meta property=\"og:url\" content=\"https:\/\/radio.fcejs.unsl.edu.ar\/index.php\/expo-al-futuro-2026-villa-mercedes\/\" \/>\n<meta property=\"og:site_name\" content=\"Radio Universidad Villa Mercedes 97.5 | UNSL\" \/>\n<meta property=\"article:published_time\" content=\"2026-09-01T14:25:52+00:00\" \/>\n<meta property=\"og:image\" content=\"https:\/\/radio.fcejs.unsl.edu.ar\/wp-content\/uploads\/2026\/09\/expo2926.jpg\" \/>\n\t<meta property=\"og:image:width\" content=\"843\" \/>\n\t<meta property=\"og:image:height\" content=\"601\" \/>\n\t<meta property=\"og:image:type\" content=\"image\/jpeg\" \/>\n<meta name=\"author\" content=\"Magal\u00ed Martin\" \/>\n<meta name=\"twitter:card\" content=\"summary_large_image\" \/>\n<meta name=\"twitter:label1\" content=\"Escrito por\" \/>\n\t<meta name=\"twitter:data1\" content=\"Magal\u00ed Martin\" \/>\n\t<meta name=\"twitter:label2\" content=\"Tiempo de lectura\" \/>\n\t<meta name=\"twitter:data2\" content=\"2 minutos\" \/>\n<script type=\"application\/ld+json\" class=\"yoast-schema-graph\">{\"@context\":\"https:\\\/\\\/schema.org\",\"@graph\":[{\"@type\":\"Article\",\"@id\":\"https:\\\/\\\/radio.fcejs.unsl.edu.ar\\\/index.php\\\/expo-al-futuro-2026-villa-mercedes\\\/#article\",\"isPartOf\":{\"@id\":\"https:\\\/\\\/radio.fcejs.unsl.edu.ar\\\/index.php\\\/expo-al-futuro-2026-villa-mercedes\\\/\"},\"author\":{\"name\":\"Magal\u00ed Martin\",\"@id\":\"https:\\\/\\\/radio.fcejs.unsl.edu.ar\\\/#\\\/schema\\\/person\\\/183a98e050a71098628dcef2d35a0331\"},\"headline\":\"Expo al Futuro: 16 instituciones de educaci\u00f3n superior mostrar\u00e1n su oferta acad\u00e9mica en Villa Mercedes\",\"datePublished\":\"2026-09-01T14:25:52+00:00\",\"mainEntityOfPage\":{\"@id\":\"https:\\\/\\\/radio.fcejs.unsl.edu.ar\\\/index.php\\\/expo-al-futuro-2026-villa-mercedes\\\/\"},\"wordCount\":340,\"publisher\":{\"@id\":\"https:\\\/\\\/radio.fcejs.unsl.edu.ar\\\/#organization\"},\"image\":{\"@id\":\"https:\\\/\\\/radio.fcejs.unsl.edu.ar\\\/index.php\\\/expo-al-futuro-2026-villa-mercedes\\\/#primaryimage\"},\"thumbnailUrl\":\"https:\\\/\\\/radio.fcejs.unsl.edu.ar\\\/wp-content\\\/uploads\\\/2026\\\/09\\\/expo2926.jpg\",\"articleSection\":[\"Entrevistas\",\"Noticias\"],\"inLanguage\":\"es-AR\"},{\"@type\":\"WebPage\",\"@id\":\"https:\\\/\\\/radio.fcejs.unsl.edu.ar\\\/index.php\\\/expo-al-futuro-2026-villa-mercedes\\\/\",\"url\":\"https:\\\/\\\/radio.fcejs.unsl.edu.ar\\\/index.php\\\/expo-al-futuro-2026-villa-mercedes\\\/\",\"name\":\"Expo al Futuro: 16 instituciones educativas llegan a Villa Mercedes - Radio Universidad Villa Mercedes 97.5 | UNSL\",\"isPartOf\":{\"@id\":\"https:\\\/\\\/radio.fcejs.unsl.edu.ar\\\/#website\"},\"primaryImageOfPage\":{\"@id\":\"https:\\\/\\\/radio.fcejs.unsl.edu.ar\\\/index.php\\\/expo-al-futuro-2026-villa-mercedes\\\/#primaryimage\"},\"image\":{\"@id\":\"https:\\\/\\\/radio.fcejs.unsl.edu.ar\\\/index.php\\\/expo-al-futuro-2026-villa-mercedes\\\/#primaryimage\"},\"thumbnailUrl\":\"https:\\\/\\\/radio.fcejs.unsl.edu.ar\\\/wp-content\\\/uploads\\\/2026\\\/09\\\/expo2926.jpg\",\"datePublished\":\"2026-09-01T14:25:52+00:00\",\"description\":\"La Expo al Futuro 2026 se realizar\u00e1 el 2 y 3 de septiembre en Villa Mercedes con 16 instituciones de educaci\u00f3n superior y actividades para toda la comunidad\",\"breadcrumb\":{\"@id\":\"https:\\\/\\\/radio.fcejs.unsl.edu.ar\\\/index.php\\\/expo-al-futuro-2026-villa-mercedes\\\/#breadcrumb\"},\"inLanguage\":\"es-AR\",\"potentialAction\":[{\"@type\":\"ReadAction\",\"target\":[\"https:\\\/\\\/radio.fcejs.unsl.edu.ar\\\/index.php\\\/expo-al-futuro-2026-villa-mercedes\\\/\"]}]},{\"@type\":\"ImageObject\",\"inLanguage\":\"es-AR\",\"@id\":\"https:\\\/\\\/radio.fcejs.unsl.edu.ar\\\/index.php\\\/expo-al-futuro-2026-villa-mercedes\\\/#primaryimage\",\"url\":\"https:\\\/\\\/radio.fcejs.unsl.edu.ar\\\/wp-content\\\/uploads\\\/2026\\\/09\\\/expo2926.jpg\",\"contentUrl\":\"https:\\\/\\\/radio.fcejs.unsl.edu.ar\\\/wp-content\\\/uploads\\\/2026\\\/09\\\/expo2926.jpg\",\"width\":843,\"height\":601},{\"@type\":\"BreadcrumbList\",\"@id\":\"https:\\\/\\\/radio.fcejs.unsl.edu.ar\\\/index.php\\\/expo-al-futuro-2026-villa-mercedes\\\/#breadcrumb\",\"itemListElement\":[{\"@type\":\"ListItem\",\"position\":1,\"name\":\"Inicio\",\"item\":\"https:\\\/\\\/radio.fcejs.unsl.edu.ar\\\/\"},{\"@type\":\"ListItem\",\"position\":2,\"name\":\"Expo al Futuro: 16 instituciones de educaci\u00f3n superior mostrar\u00e1n su oferta acad\u00e9mica en Villa Mercedes\"}]},{\"@type\":\"WebSite\",\"@id\":\"https:\\\/\\\/radio.fcejs.unsl.edu.ar\\\/#website\",\"url\":\"https:\\\/\\\/radio.fcejs.unsl.edu.ar\\\/\",\"name\":\"Radio Universidad Villa Mercedes 97.5 | UNSL\",\"description\":\"UNSL\",\"publisher\":{\"@id\":\"https:\\\/\\\/radio.fcejs.unsl.edu.ar\\\/#organization\"},\"potentialAction\":[{\"@type\":\"SearchAction\",\"target\":{\"@type\":\"EntryPoint\",\"urlTemplate\":\"https:\\\/\\\/radio.fcejs.unsl.edu.ar\\\/?s={search_term_string}\"},\"query-input\":{\"@type\":\"PropertyValueSpecification\",\"valueRequired\":true,\"valueName\":\"search_term_string\"}}],\"inLanguage\":\"es-AR\"},{\"@type\":\"Organization\",\"@id\":\"https:\\\/\\\/radio.fcejs.unsl.edu.ar\\\/#organization\",\"name\":\"Radio Universidad Villa Mercedes 97.5 | UNSL\",\"url\":\"https:\\\/\\\/radio.fcejs.unsl.edu.ar\\\/\",\"logo\":{\"@type\":\"ImageObject\",\"inLanguage\":\"es-AR\",\"@id\":\"https:\\\/\\\/radio.fcejs.unsl.edu.ar\\\/#\\\/schema\\\/logo\\\/image\\\/\",\"url\":\"https:\\\/\\\/radio.fcejs.unsl.edu.ar\\\/wp-content\\\/uploads\\\/2023\\\/12\\\/cropped-radio-villa-mercedes-97-5.png\",\"contentUrl\":\"https:\\\/\\\/radio.fcejs.unsl.edu.ar\\\/wp-content\\\/uploads\\\/2023\\\/12\\\/cropped-radio-villa-mercedes-97-5.png\",\"width\":908,\"height\":289,\"caption\":\"Radio Universidad Villa Mercedes 97.5 | UNSL\"},\"image\":{\"@id\":\"https:\\\/\\\/radio.fcejs.unsl.edu.ar\\\/#\\\/schema\\\/logo\\\/image\\\/\"}},{\"@type\":\"Person\",\"@id\":\"https:\\\/\\\/radio.fcejs.unsl.edu.ar\\\/#\\\/schema\\\/person\\\/183a98e050a71098628dcef2d35a0331\",\"name\":\"Magal\u00ed Martin\",\"url\":\"https:\\\/\\\/radio.fcejs.unsl.edu.ar\\\/index.php\\\/author\\\/mmartin\\\/\"}]}<\/script>\n<!-- \/ Yoast SEO plugin. -->","yoast_head_json":{"title":"Expo al Futuro: 16 instituciones educativas llegan a Villa Mercedes - Radio Universidad Villa Mercedes 97.5 | UNSL","description":"La Expo al Futuro 2026 se realizar\u00e1 el 2 y 3 de septiembre en Villa Mercedes con 16 instituciones de educaci\u00f3n superior y actividades para toda la comunidad","robots":{"index":"index","follow":"follow","max-snippet":"max-snippet:-1","max-image-preview":"max-image-preview:large","max-video-preview":"max-video-preview:-1"},"canonical":"https:\/\/radio.fcejs.unsl.edu.ar\/index.php\/expo-al-futuro-2026-villa-mercedes\/","og_locale":"es_ES","og_type":"article","og_title":"Expo al Futuro: 16 instituciones educativas llegan a Villa Mercedes - Radio Universidad Villa Mercedes 97.5 | UNSL","og_description":"La Expo al Futuro 2026 se realizar\u00e1 el 2 y 3 de septiembre en Villa Mercedes con 16 instituciones de educaci\u00f3n superior y actividades para toda la comunidad","og_url":"https:\/\/radio.fcejs.unsl.edu.ar\/index.php\/expo-al-futuro-2026-villa-mercedes\/","og_site_name":"Radio Universidad Villa Mercedes 97.5 | UNSL","article_published_time":"2026-09-01T14:25:52+00:00","og_image":[{"width":843,"height":601,"url":"https:\/\/radio.fcejs.unsl.edu.ar\/wp-content\/uploads\/2026\/09\/expo2926.jpg","type":"image\/jpeg"}],"author":"Magal\u00ed Martin","twitter_card":"summary_large_image","twitter_misc":{"Escrito por":"Magal\u00ed Martin","Tiempo de lectura":"2 minutos"},"schema":{"@context":"https:\/\/schema.org","@graph":[{"@type":"Article","@id":"https:\/\/radio.fcejs.unsl.edu.ar\/index.php\/expo-al-futuro-2026-villa-mercedes\/#article","isPartOf":{"@id":"https:\/\/radio.fcejs.unsl.edu.ar\/index.php\/expo-al-futuro-2026-villa-mercedes\/"},"author":{"name":"Magal\u00ed Martin","@id":"https:\/\/radio.fcejs.unsl.edu.ar\/#\/schema\/person\/183a98e050a71098628dcef2d35a0331"},"headline":"Expo al Futuro: 16 instituciones de educaci\u00f3n superior mostrar\u00e1n su oferta acad\u00e9mica en Villa Mercedes","datePublished":"2026-09-01T14:25:52+00:00","mainEntityOfPage":{"@id":"https:\/\/radio.fcejs.unsl.edu.ar\/index.php\/expo-al-futuro-2026-villa-mercedes\/"},"wordCount":340,"publisher":{"@id":"https:\/\/radio.fcejs.unsl.edu.ar\/#organization"},"image":{"@id":"https:\/\/radio.fcejs.unsl.edu.ar\/index.php\/expo-al-futuro-2026-villa-mercedes\/#primaryimage"},"thumbnailUrl":"https:\/\/radio.fcejs.unsl.edu.ar\/wp-content\/uploads\/2026\/09\/expo2926.jpg","articleSection":["Entrevistas","Noticias"],"inLanguage":"es-AR"},{"@type":"WebPage","@id":"https:\/\/radio.fcejs.unsl.edu.ar\/index.php\/expo-al-futuro-2026-villa-mercedes\/","url":"https:\/\/radio.fcejs.unsl.edu.ar\/index.php\/expo-al-futuro-2026-villa-mercedes\/","name":"Expo al Futuro: 16 instituciones educativas llegan a Villa Mercedes - Radio Universidad Villa Mercedes 97.5 | UNSL","isPartOf":{"@id":"https:\/\/radio.fcejs.unsl.edu.ar\/#website"},"primaryImageOfPage":{"@id":"https:\/\/radio.fcejs.unsl.edu.ar\/index.php\/expo-al-futuro-2026-villa-mercedes\/#primaryimage"},"image":{"@id":"https:\/\/radio.fcejs.unsl.edu.ar\/index.php\/expo-al-futuro-2026-villa-mercedes\/#primaryimage"},"thumbnailUrl":"https:\/\/radio.fcejs.unsl.edu.ar\/wp-content\/uploads\/2026\/09\/expo2926.jpg","datePublished":"2026-09-01T14:25:52+00:00","description":"La Expo al Futuro 2026 se realizar\u00e1 el 2 y 3 de septiembre en Villa Mercedes con 16 instituciones de educaci\u00f3n superior y actividades para toda la comunidad","breadcrumb":{"@id":"https:\/\/radio.fcejs.unsl.edu.ar\/index.php\/expo-al-futuro-2026-villa-mercedes\/#breadcrumb"},"inLanguage":"es-AR","potentialAction":[{"@type":"ReadAction","target":["https:\/\/radio.fcejs.unsl.edu.ar\/index.php\/expo-al-futuro-2026-villa-mercedes\/"]}]},{"@type":"ImageObject","inLanguage":"es-AR","@id":"https:\/\/radio.fcejs.unsl.edu.ar\/index.php\/expo-al-futuro-2026-villa-mercedes\/#primaryimage","url":"https:\/\/radio.fcejs.unsl.edu.ar\/wp-content\/uploads\/2026\/09\/expo2926.jpg","contentUrl":"https:\/\/radio.fcejs.unsl.edu.ar\/wp-content\/uploads\/2026\/09\/expo2926.jpg","width":843,"height":601},{"@type":"BreadcrumbList","@id":"https:\/\/radio.fcejs.unsl.edu.ar\/index.php\/expo-al-futuro-2026-villa-mercedes\/#breadcrumb","itemListElement":[{"@type":"ListItem","position":1,"name":"Inicio","item":"https:\/\/radio.fcejs.unsl.edu.ar\/"},{"@type":"ListItem","position":2,"name":"Expo al Futuro: 16 instituciones de educaci\u00f3n superior mostrar\u00e1n su oferta acad\u00e9mica en Villa Mercedes"}]},{"@type":"WebSite","@id":"https:\/\/radio.fcejs.unsl.edu.ar\/#website","url":"https:\/\/radio.fcejs.unsl.edu.ar\/","name":"Radio Universidad Villa Mercedes 97.5 | UNSL","description":"UNSL","publisher":{"@id":"https:\/\/radio.fcejs.unsl.edu.ar\/#organization"},"potentialAction":[{"@type":"SearchAction","target":{"@type":"EntryPoint","urlTemplate":"https:\/\/radio.fcejs.unsl.edu.ar\/?s={search_term_string}"},"query-input":{"@type":"PropertyValueSpecification","valueRequired":true,"valueName":"search_term_string"}}],"inLanguage":"es-AR"},{"@type":"Organization","@id":"https:\/\/radio.fcejs.unsl.edu.ar\/#organization","name":"Radio Universidad Villa Mercedes 97.5 | UNSL","url":"https:\/\/radio.fcejs.unsl.edu.ar\/","logo":{"@type":"ImageObject","inLanguage":"es-AR","@id":"https:\/\/radio.fcejs.unsl.edu.ar\/#\/schema\/logo\/image\/","url":"https:\/\/radio.fcejs.unsl.edu.ar\/wp-content\/uploads\/2023\/12\/cropped-radio-villa-mercedes-97-5.png","contentUrl":"https:\/\/radio.fcejs.unsl.edu.ar\/wp-content\/uploads\/2023\/12\/cropped-radio-villa-mercedes-97-5.png","width":908,"height":289,"caption":"Radio Universidad Villa Mercedes 97.5 | UNSL"},"image":{"@id":"https:\/\/radio.fcejs.unsl.edu.ar\/#\/schema\/logo\/image\/"}},{"@type":"Person","@id":"https:\/\/radio.fcejs.unsl.edu.ar\/#\/schema\/person\/183a98e050a71098628dcef2d35a0331","name":"Magal\u00ed Martin","url":"https:\/\/radio.fcejs.unsl.edu.ar\/index.php\/author\/mmartin\/"}]}},"_links":{"self":[{"href":"https:\/\/radio.fcejs.unsl.edu.ar\/index.php\/wp-json\/wp\/v2\/posts\/4801","targetHints":{"allow":["GET"]}}],"collection":[{"href":"https:\/\/radio.fcejs.unsl.edu.ar\/index.php\/wp-json\/wp\/v2\/posts"}],"about":[{"href":"https:\/\/radio.fcejs.unsl.edu.ar\/index.php\/wp-json\/wp\/v2\/types\/post"}],"author":[{"embeddable":true,"href":"https:\/\/radio.fcejs.unsl.edu.ar\/index.php\/wp-json\/wp\/v2\/users\/8"}],"replies":[{"embeddable":true,"href":"https:\/\/radio.fcejs.unsl.edu.ar\/index.php\/wp-json\/wp\/v2\/comments?post=4801"}],"version-history":[{"count":3,"href":"https:\/\/radio.fcejs.unsl.edu.ar\/index.php\/wp-json\/wp\/v2\/posts\/4801\/revisions"}],"predecessor-version":[{"id":4805,"href":"https:\/\/radio.fcejs.unsl.edu.ar\/index.php\/wp-json\/wp\/v2\/posts\/4801\/revisions\/4805"}],"wp:featuredmedia":[{"embeddable":true,"href":"https:\/\/radio.fcejs.unsl.edu.ar\/index.php\/wp-json\/wp\/v2\/media\/4803"}],"wp:attachment":[{"href":"https:\/\/radio.fcejs.unsl.edu.ar\/index.php\/wp-json\/wp\/v2\/media?parent=4801"}],"wp:term":[{"taxonomy":"category","embeddable":true,"href":"https:\/\/radio.fcejs.unsl.edu.ar\/index.php\/wp-json\/wp\/v2\/categories?post=4801"},{"taxonomy":"post_tag","embeddable":true,"href":"https:\/\/radio.fcejs.unsl.edu.ar\/index.php\/wp-json\/wp\/v2\/tags?post=4801"}],"curies":[{"name":"wp","href":"https:\/\/api.w.org\/{rel}","templated":true}]}}