{"id":4799,"date":"2026-09-01T11:45:43","date_gmt":"2026-09-01T14:45:43","guid":{"rendered":"https:\/\/radio.fcejs.unsl.edu.ar\/?p=4799"},"modified":"2026-09-01T11:45:43","modified_gmt":"2026-09-01T14:45:43","slug":"mas-exportaciones-menos-poder-de-compra-argentina","status":"publish","type":"post","link":"https:\/\/radio.fcejs.unsl.edu.ar\/index.php\/mas-exportaciones-menos-poder-de-compra-argentina\/","title":{"rendered":"M\u00e1s exportaciones, menos poder de compra: el contraste de la econom\u00eda argentina"},"content":{"rendered":"<h6>En <em data-start=\"428\" data-end=\"444\">Mientras Tanto\u00a0<\/em>dialogamos con el Mgter. Jorge Sosa, Director Ejecutivo de la Escuela de Econom\u00eda, Negocios y Transferencia Tecnol\u00f3gica, quien analiz\u00f3 los principales indicadores econ\u00f3micos y advirti\u00f3 sobre la brecha entre el desempe\u00f1o de algunos sectores y la realidad de trabajadores y consumidores.<\/h6>\n<h6>Escuch\u00e1 la nota completa ac\u00e1:<\/h6>\n<audio class=\"wp-audio-shortcode\" id=\"audio-4799-1\" preload=\"none\" style=\"width: 100%;\" controls=\"controls\"><source type=\"audio\/mpeg\" src=\"https:\/\/radioupload.fica.unsl.edu.ar\/files\/mv\/Jorge%20Sosa%20colum%20Economia%2001-09.mp3?_=1\" \/><a href=\"https:\/\/radioupload.fica.unsl.edu.ar\/files\/mv\/Jorge%20Sosa%20colum%20Economia%2001-09.mp3\">https:\/\/radioupload.fica.unsl.edu.ar\/files\/mv\/Jorge%20Sosa%20colum%20Economia%2001-09.mp3<\/a><\/audio>\n<p class=\"PDq2pG_selectionAnchorContainer\" data-start=\"613\" data-end=\"1139\">El Mgter. Jorge Sosa repas\u00f3 los principales indicadores de agosto y se\u00f1al\u00f3 que, mientras Argentina mantiene un importante super\u00e1vit comercial y un crecimiento de las exportaciones, otros datos muestran <a href=\"https:\/\/radio.fica.unsl.edu.ar\/index.php\/economia-real-vs-estadisticas-advierten-caida-del-12-en-sectores-clave-por-que-no-siempre-se-percibe-en-el-pbi\/\">dificultades vinculadas al empleo, el salario y el consumo<\/a>.<\/p>\n<p data-start=\"1141\" data-end=\"1676\">Sosa tambi\u00e9n puso el foco en el comportamiento de la actividad industrial y el mercado laboral. Seg\u00fan explic\u00f3, el \u00cdndice de Producci\u00f3n Industrial Manufacturero registr\u00f3 una mejora intermensual del 2%, pero al mismo tiempo se contabilizaron alrededor de 12.000 puestos de trabajo registrados menos durante un mes y unos 66.000 en los primeros meses del a\u00f1o. Para el especialista, esta situaci\u00f3n plantea un interrogante sobre la relaci\u00f3n entre una eventual recuperaci\u00f3n de la producci\u00f3n y la capacidad de la econom\u00eda para generar empleo.<\/p>\n<p data-start=\"1678\" data-end=\"2179\">Otro de los puntos abordados fue la <a href=\"https:\/\/radio.fica.unsl.edu.ar\/index.php\/lo-indicadores-economicos-parecen-mejorar-pero-el-bolsillo-sigue-sintiendo-la-inflacion\/\">p\u00e9rdida del poder adquisitivo<\/a>. Sosa se\u00f1al\u00f3 que el salario real del sector privado habr\u00eda ca\u00eddo cerca de un 11% durante el a\u00f1o, mientras sectores como el petr\u00f3leo y la miner\u00eda ganan participaci\u00f3n en las exportaciones argentinas. \u201c\u00bfD\u00f3nde est\u00e1 yendo ese dinero?\u201d, plante\u00f3 durante la entrevista, al remarcar que la mejora de determinados indicadores macroecon\u00f3micos todav\u00eda <a href=\"https:\/\/radio.fica.unsl.edu.ar\/index.php\/la-inflacion-sigue-bajando-pero-aun-condiciona-el-crecimiento-economico-en-los-consumidores\/\">no se refleja de la misma manera en el bolsillo de los trabajadores<\/a> ni en el consumo cotidiano.<\/p>\n<pre data-start=\"2165\" data-end=\"2236\"><strong>Conducci\u00f3n: Mat\u00edas E. Videla \r\nOperaci\u00f3n: Magal\u00ed Mart\u00edn \r\nOperaci\u00f3n T\u00e9cnica: Mart\u00edn Pagliero \r\nRadio UNSL Villa Mercedes 97.5 FM<\/strong><\/pre>\n","protected":false},"excerpt":{"rendered":"<p>En Mientras Tanto\u00a0dialogamos con el Mgter. Jorge Sosa, Director Ejecutivo de la Escuela de Econom\u00eda, Negocios y Transferencia Tecnol\u00f3gica, quien analiz\u00f3 los principales indicadores econ\u00f3micos y advirti\u00f3 sobre la brecha entre el desempe\u00f1o de algunos sectores y la realidad de trabajadores y consumidores. Escuch\u00e1 la nota completa ac\u00e1: https:\/\/radioupload.fica.unsl.edu.ar\/files\/mv\/Jorge%20Sosa%20colum%20Economia%2001-09.mp3 El Mgter. Jorge Sosa repas\u00f3 los&#8230;<\/p>\n","protected":false},"author":8,"featured_media":4806,"comment_status":"closed","ping_status":"closed","sticky":false,"template":"","format":"standard","meta":{"_kad_post_transparent":"default","_kad_post_title":"default","_kad_post_layout":"default","_kad_post_sidebar_id":"","_kad_post_content_style":"default","_kad_post_vertical_padding":"default","_kad_post_feature":"","_kad_post_feature_position":"","_kad_post_header":false,"_kad_post_footer":false,"_kad_post_classname":"","footnotes":""},"categories":[14,16],"tags":[],"class_list":["post-4799","post","type-post","status-publish","format-standard","has-post-thumbnail","hentry","category-entrevistas","category-opinion"],"yoast_head":"<!-- This site is optimized with the Yoast SEO plugin v27.5 - https:\/\/yoast.com\/product\/yoast-seo-wordpress\/ -->\n<title>M\u00e1s exportaciones y menos poder de compra en Argentina - Radio Universidad Villa Mercedes 97.5 | UNSL<\/title>\n<meta name=\"description\" content=\"Jorge Sosa analiz\u00f3 el contraste de la econom\u00eda argentina: m\u00e1s exportaciones y actividad, pero menor salario real y poder de compra\" \/>\n<meta name=\"robots\" content=\"index, follow, max-snippet:-1, max-image-preview:large, max-video-preview:-1\" \/>\n<link rel=\"canonical\" href=\"https:\/\/radio.fcejs.unsl.edu.ar\/index.php\/mas-exportaciones-menos-poder-de-compra-argentina\/\" \/>\n<meta property=\"og:locale\" content=\"es_ES\" \/>\n<meta property=\"og:type\" content=\"article\" \/>\n<meta property=\"og:title\" content=\"M\u00e1s exportaciones y menos poder de compra en Argentina - Radio Universidad Villa Mercedes 97.5 | UNSL\" \/>\n<meta property=\"og:description\" content=\"Jorge Sosa analiz\u00f3 el contraste de la econom\u00eda argentina: m\u00e1s exportaciones y actividad, pero menor salario real y poder de compra\" \/>\n<meta property=\"og:url\" content=\"https:\/\/radio.fcejs.unsl.edu.ar\/index.php\/mas-exportaciones-menos-poder-de-compra-argentina\/\" \/>\n<meta property=\"og:site_name\" content=\"Radio Universidad Villa Mercedes 97.5 | UNSL\" \/>\n<meta property=\"article:published_time\" content=\"2026-09-01T14:45:43+00:00\" \/>\n<meta property=\"og:image\" content=\"https:\/\/radio.fcejs.unsl.edu.ar\/wp-content\/uploads\/2026\/09\/escuela-de-negocios.jpg\" \/>\n\t<meta property=\"og:image:width\" content=\"1100\" \/>\n\t<meta property=\"og:image:height\" content=\"733\" \/>\n\t<meta property=\"og:image:type\" content=\"image\/jpeg\" \/>\n<meta name=\"author\" content=\"Magal\u00ed Martin\" \/>\n<meta name=\"twitter:card\" content=\"summary_large_image\" \/>\n<meta name=\"twitter:label1\" content=\"Escrito por\" \/>\n\t<meta name=\"twitter:data1\" content=\"Magal\u00ed Martin\" \/>\n\t<meta name=\"twitter:label2\" content=\"Tiempo de lectura\" \/>\n\t<meta name=\"twitter:data2\" content=\"2 minutos\" \/>\n<script type=\"application\/ld+json\" class=\"yoast-schema-graph\">{\"@context\":\"https:\\\/\\\/schema.org\",\"@graph\":[{\"@type\":\"Article\",\"@id\":\"https:\\\/\\\/radio.fcejs.unsl.edu.ar\\\/index.php\\\/mas-exportaciones-menos-poder-de-compra-argentina\\\/#article\",\"isPartOf\":{\"@id\":\"https:\\\/\\\/radio.fcejs.unsl.edu.ar\\\/index.php\\\/mas-exportaciones-menos-poder-de-compra-argentina\\\/\"},\"author\":{\"name\":\"Magal\u00ed Martin\",\"@id\":\"https:\\\/\\\/radio.fcejs.unsl.edu.ar\\\/#\\\/schema\\\/person\\\/183a98e050a71098628dcef2d35a0331\"},\"headline\":\"M\u00e1s exportaciones, menos poder de compra: el contraste de la econom\u00eda argentina\",\"datePublished\":\"2026-09-01T14:45:43+00:00\",\"mainEntityOfPage\":{\"@id\":\"https:\\\/\\\/radio.fcejs.unsl.edu.ar\\\/index.php\\\/mas-exportaciones-menos-poder-de-compra-argentina\\\/\"},\"wordCount\":300,\"publisher\":{\"@id\":\"https:\\\/\\\/radio.fcejs.unsl.edu.ar\\\/#organization\"},\"image\":{\"@id\":\"https:\\\/\\\/radio.fcejs.unsl.edu.ar\\\/index.php\\\/mas-exportaciones-menos-poder-de-compra-argentina\\\/#primaryimage\"},\"thumbnailUrl\":\"https:\\\/\\\/radio.fcejs.unsl.edu.ar\\\/wp-content\\\/uploads\\\/2026\\\/09\\\/escuela-de-negocios.jpg\",\"articleSection\":[\"Entrevistas\",\"Opini\u00f3n\"],\"inLanguage\":\"es-AR\"},{\"@type\":\"WebPage\",\"@id\":\"https:\\\/\\\/radio.fcejs.unsl.edu.ar\\\/index.php\\\/mas-exportaciones-menos-poder-de-compra-argentina\\\/\",\"url\":\"https:\\\/\\\/radio.fcejs.unsl.edu.ar\\\/index.php\\\/mas-exportaciones-menos-poder-de-compra-argentina\\\/\",\"name\":\"M\u00e1s exportaciones y menos poder de compra en Argentina - Radio Universidad Villa Mercedes 97.5 | UNSL\",\"isPartOf\":{\"@id\":\"https:\\\/\\\/radio.fcejs.unsl.edu.ar\\\/#website\"},\"primaryImageOfPage\":{\"@id\":\"https:\\\/\\\/radio.fcejs.unsl.edu.ar\\\/index.php\\\/mas-exportaciones-menos-poder-de-compra-argentina\\\/#primaryimage\"},\"image\":{\"@id\":\"https:\\\/\\\/radio.fcejs.unsl.edu.ar\\\/index.php\\\/mas-exportaciones-menos-poder-de-compra-argentina\\\/#primaryimage\"},\"thumbnailUrl\":\"https:\\\/\\\/radio.fcejs.unsl.edu.ar\\\/wp-content\\\/uploads\\\/2026\\\/09\\\/escuela-de-negocios.jpg\",\"datePublished\":\"2026-09-01T14:45:43+00:00\",\"description\":\"Jorge Sosa analiz\u00f3 el contraste de la econom\u00eda argentina: m\u00e1s exportaciones y actividad, pero menor salario real y poder de compra\",\"breadcrumb\":{\"@id\":\"https:\\\/\\\/radio.fcejs.unsl.edu.ar\\\/index.php\\\/mas-exportaciones-menos-poder-de-compra-argentina\\\/#breadcrumb\"},\"inLanguage\":\"es-AR\",\"potentialAction\":[{\"@type\":\"ReadAction\",\"target\":[\"https:\\\/\\\/radio.fcejs.unsl.edu.ar\\\/index.php\\\/mas-exportaciones-menos-poder-de-compra-argentina\\\/\"]}]},{\"@type\":\"ImageObject\",\"inLanguage\":\"es-AR\",\"@id\":\"https:\\\/\\\/radio.fcejs.unsl.edu.ar\\\/index.php\\\/mas-exportaciones-menos-poder-de-compra-argentina\\\/#primaryimage\",\"url\":\"https:\\\/\\\/radio.fcejs.unsl.edu.ar\\\/wp-content\\\/uploads\\\/2026\\\/09\\\/escuela-de-negocios.jpg\",\"contentUrl\":\"https:\\\/\\\/radio.fcejs.unsl.edu.ar\\\/wp-content\\\/uploads\\\/2026\\\/09\\\/escuela-de-negocios.jpg\",\"width\":1100,\"height\":733},{\"@type\":\"BreadcrumbList\",\"@id\":\"https:\\\/\\\/radio.fcejs.unsl.edu.ar\\\/index.php\\\/mas-exportaciones-menos-poder-de-compra-argentina\\\/#breadcrumb\",\"itemListElement\":[{\"@type\":\"ListItem\",\"position\":1,\"name\":\"Inicio\",\"item\":\"https:\\\/\\\/radio.fcejs.unsl.edu.ar\\\/\"},{\"@type\":\"ListItem\",\"position\":2,\"name\":\"M\u00e1s exportaciones, menos poder de compra: el contraste de la econom\u00eda argentina\"}]},{\"@type\":\"WebSite\",\"@id\":\"https:\\\/\\\/radio.fcejs.unsl.edu.ar\\\/#website\",\"url\":\"https:\\\/\\\/radio.fcejs.unsl.edu.ar\\\/\",\"name\":\"Radio Universidad Villa Mercedes 97.5 | UNSL\",\"description\":\"UNSL\",\"publisher\":{\"@id\":\"https:\\\/\\\/radio.fcejs.unsl.edu.ar\\\/#organization\"},\"potentialAction\":[{\"@type\":\"SearchAction\",\"target\":{\"@type\":\"EntryPoint\",\"urlTemplate\":\"https:\\\/\\\/radio.fcejs.unsl.edu.ar\\\/?s={search_term_string}\"},\"query-input\":{\"@type\":\"PropertyValueSpecification\",\"valueRequired\":true,\"valueName\":\"search_term_string\"}}],\"inLanguage\":\"es-AR\"},{\"@type\":\"Organization\",\"@id\":\"https:\\\/\\\/radio.fcejs.unsl.edu.ar\\\/#organization\",\"name\":\"Radio Universidad Villa Mercedes 97.5 | UNSL\",\"url\":\"https:\\\/\\\/radio.fcejs.unsl.edu.ar\\\/\",\"logo\":{\"@type\":\"ImageObject\",\"inLanguage\":\"es-AR\",\"@id\":\"https:\\\/\\\/radio.fcejs.unsl.edu.ar\\\/#\\\/schema\\\/logo\\\/image\\\/\",\"url\":\"https:\\\/\\\/radio.fcejs.unsl.edu.ar\\\/wp-content\\\/uploads\\\/2023\\\/12\\\/cropped-radio-villa-mercedes-97-5.png\",\"contentUrl\":\"https:\\\/\\\/radio.fcejs.unsl.edu.ar\\\/wp-content\\\/uploads\\\/2023\\\/12\\\/cropped-radio-villa-mercedes-97-5.png\",\"width\":908,\"height\":289,\"caption\":\"Radio Universidad Villa Mercedes 97.5 | UNSL\"},\"image\":{\"@id\":\"https:\\\/\\\/radio.fcejs.unsl.edu.ar\\\/#\\\/schema\\\/logo\\\/image\\\/\"}},{\"@type\":\"Person\",\"@id\":\"https:\\\/\\\/radio.fcejs.unsl.edu.ar\\\/#\\\/schema\\\/person\\\/183a98e050a71098628dcef2d35a0331\",\"name\":\"Magal\u00ed Martin\",\"url\":\"https:\\\/\\\/radio.fcejs.unsl.edu.ar\\\/index.php\\\/author\\\/mmartin\\\/\"}]}<\/script>\n<!-- \/ Yoast SEO plugin. -->","yoast_head_json":{"title":"M\u00e1s exportaciones y menos poder de compra en Argentina - Radio Universidad Villa Mercedes 97.5 | UNSL","description":"Jorge Sosa analiz\u00f3 el contraste de la econom\u00eda argentina: m\u00e1s exportaciones y actividad, pero menor salario real y poder de compra","robots":{"index":"index","follow":"follow","max-snippet":"max-snippet:-1","max-image-preview":"max-image-preview:large","max-video-preview":"max-video-preview:-1"},"canonical":"https:\/\/radio.fcejs.unsl.edu.ar\/index.php\/mas-exportaciones-menos-poder-de-compra-argentina\/","og_locale":"es_ES","og_type":"article","og_title":"M\u00e1s exportaciones y menos poder de compra en Argentina - Radio Universidad Villa Mercedes 97.5 | UNSL","og_description":"Jorge Sosa analiz\u00f3 el contraste de la econom\u00eda argentina: m\u00e1s exportaciones y actividad, pero menor salario real y poder de compra","og_url":"https:\/\/radio.fcejs.unsl.edu.ar\/index.php\/mas-exportaciones-menos-poder-de-compra-argentina\/","og_site_name":"Radio Universidad Villa Mercedes 97.5 | UNSL","article_published_time":"2026-09-01T14:45:43+00:00","og_image":[{"width":1100,"height":733,"url":"https:\/\/radio.fcejs.unsl.edu.ar\/wp-content\/uploads\/2026\/09\/escuela-de-negocios.jpg","type":"image\/jpeg"}],"author":"Magal\u00ed Martin","twitter_card":"summary_large_image","twitter_misc":{"Escrito por":"Magal\u00ed Martin","Tiempo de lectura":"2 minutos"},"schema":{"@context":"https:\/\/schema.org","@graph":[{"@type":"Article","@id":"https:\/\/radio.fcejs.unsl.edu.ar\/index.php\/mas-exportaciones-menos-poder-de-compra-argentina\/#article","isPartOf":{"@id":"https:\/\/radio.fcejs.unsl.edu.ar\/index.php\/mas-exportaciones-menos-poder-de-compra-argentina\/"},"author":{"name":"Magal\u00ed Martin","@id":"https:\/\/radio.fcejs.unsl.edu.ar\/#\/schema\/person\/183a98e050a71098628dcef2d35a0331"},"headline":"M\u00e1s exportaciones, menos poder de compra: el contraste de la econom\u00eda argentina","datePublished":"2026-09-01T14:45:43+00:00","mainEntityOfPage":{"@id":"https:\/\/radio.fcejs.unsl.edu.ar\/index.php\/mas-exportaciones-menos-poder-de-compra-argentina\/"},"wordCount":300,"publisher":{"@id":"https:\/\/radio.fcejs.unsl.edu.ar\/#organization"},"image":{"@id":"https:\/\/radio.fcejs.unsl.edu.ar\/index.php\/mas-exportaciones-menos-poder-de-compra-argentina\/#primaryimage"},"thumbnailUrl":"https:\/\/radio.fcejs.unsl.edu.ar\/wp-content\/uploads\/2026\/09\/escuela-de-negocios.jpg","articleSection":["Entrevistas","Opini\u00f3n"],"inLanguage":"es-AR"},{"@type":"WebPage","@id":"https:\/\/radio.fcejs.unsl.edu.ar\/index.php\/mas-exportaciones-menos-poder-de-compra-argentina\/","url":"https:\/\/radio.fcejs.unsl.edu.ar\/index.php\/mas-exportaciones-menos-poder-de-compra-argentina\/","name":"M\u00e1s exportaciones y menos poder de compra en Argentina - Radio Universidad Villa Mercedes 97.5 | UNSL","isPartOf":{"@id":"https:\/\/radio.fcejs.unsl.edu.ar\/#website"},"primaryImageOfPage":{"@id":"https:\/\/radio.fcejs.unsl.edu.ar\/index.php\/mas-exportaciones-menos-poder-de-compra-argentina\/#primaryimage"},"image":{"@id":"https:\/\/radio.fcejs.unsl.edu.ar\/index.php\/mas-exportaciones-menos-poder-de-compra-argentina\/#primaryimage"},"thumbnailUrl":"https:\/\/radio.fcejs.unsl.edu.ar\/wp-content\/uploads\/2026\/09\/escuela-de-negocios.jpg","datePublished":"2026-09-01T14:45:43+00:00","description":"Jorge Sosa analiz\u00f3 el contraste de la econom\u00eda argentina: m\u00e1s exportaciones y actividad, pero menor salario real y poder de compra","breadcrumb":{"@id":"https:\/\/radio.fcejs.unsl.edu.ar\/index.php\/mas-exportaciones-menos-poder-de-compra-argentina\/#breadcrumb"},"inLanguage":"es-AR","potentialAction":[{"@type":"ReadAction","target":["https:\/\/radio.fcejs.unsl.edu.ar\/index.php\/mas-exportaciones-menos-poder-de-compra-argentina\/"]}]},{"@type":"ImageObject","inLanguage":"es-AR","@id":"https:\/\/radio.fcejs.unsl.edu.ar\/index.php\/mas-exportaciones-menos-poder-de-compra-argentina\/#primaryimage","url":"https:\/\/radio.fcejs.unsl.edu.ar\/wp-content\/uploads\/2026\/09\/escuela-de-negocios.jpg","contentUrl":"https:\/\/radio.fcejs.unsl.edu.ar\/wp-content\/uploads\/2026\/09\/escuela-de-negocios.jpg","width":1100,"height":733},{"@type":"BreadcrumbList","@id":"https:\/\/radio.fcejs.unsl.edu.ar\/index.php\/mas-exportaciones-menos-poder-de-compra-argentina\/#breadcrumb","itemListElement":[{"@type":"ListItem","position":1,"name":"Inicio","item":"https:\/\/radio.fcejs.unsl.edu.ar\/"},{"@type":"ListItem","position":2,"name":"M\u00e1s exportaciones, menos poder de compra: el contraste de la econom\u00eda argentina"}]},{"@type":"WebSite","@id":"https:\/\/radio.fcejs.unsl.edu.ar\/#website","url":"https:\/\/radio.fcejs.unsl.edu.ar\/","name":"Radio Universidad Villa Mercedes 97.5 | UNSL","description":"UNSL","publisher":{"@id":"https:\/\/radio.fcejs.unsl.edu.ar\/#organization"},"potentialAction":[{"@type":"SearchAction","target":{"@type":"EntryPoint","urlTemplate":"https:\/\/radio.fcejs.unsl.edu.ar\/?s={search_term_string}"},"query-input":{"@type":"PropertyValueSpecification","valueRequired":true,"valueName":"search_term_string"}}],"inLanguage":"es-AR"},{"@type":"Organization","@id":"https:\/\/radio.fcejs.unsl.edu.ar\/#organization","name":"Radio Universidad Villa Mercedes 97.5 | UNSL","url":"https:\/\/radio.fcejs.unsl.edu.ar\/","logo":{"@type":"ImageObject","inLanguage":"es-AR","@id":"https:\/\/radio.fcejs.unsl.edu.ar\/#\/schema\/logo\/image\/","url":"https:\/\/radio.fcejs.unsl.edu.ar\/wp-content\/uploads\/2023\/12\/cropped-radio-villa-mercedes-97-5.png","contentUrl":"https:\/\/radio.fcejs.unsl.edu.ar\/wp-content\/uploads\/2023\/12\/cropped-radio-villa-mercedes-97-5.png","width":908,"height":289,"caption":"Radio Universidad Villa Mercedes 97.5 | UNSL"},"image":{"@id":"https:\/\/radio.fcejs.unsl.edu.ar\/#\/schema\/logo\/image\/"}},{"@type":"Person","@id":"https:\/\/radio.fcejs.unsl.edu.ar\/#\/schema\/person\/183a98e050a71098628dcef2d35a0331","name":"Magal\u00ed Martin","url":"https:\/\/radio.fcejs.unsl.edu.ar\/index.php\/author\/mmartin\/"}]}},"_links":{"self":[{"href":"https:\/\/radio.fcejs.unsl.edu.ar\/index.php\/wp-json\/wp\/v2\/posts\/4799","targetHints":{"allow":["GET"]}}],"collection":[{"href":"https:\/\/radio.fcejs.unsl.edu.ar\/index.php\/wp-json\/wp\/v2\/posts"}],"about":[{"href":"https:\/\/radio.fcejs.unsl.edu.ar\/index.php\/wp-json\/wp\/v2\/types\/post"}],"author":[{"embeddable":true,"href":"https:\/\/radio.fcejs.unsl.edu.ar\/index.php\/wp-json\/wp\/v2\/users\/8"}],"replies":[{"embeddable":true,"href":"https:\/\/radio.fcejs.unsl.edu.ar\/index.php\/wp-json\/wp\/v2\/comments?post=4799"}],"version-history":[{"count":2,"href":"https:\/\/radio.fcejs.unsl.edu.ar\/index.php\/wp-json\/wp\/v2\/posts\/4799\/revisions"}],"predecessor-version":[{"id":4807,"href":"https:\/\/radio.fcejs.unsl.edu.ar\/index.php\/wp-json\/wp\/v2\/posts\/4799\/revisions\/4807"}],"wp:featuredmedia":[{"embeddable":true,"href":"https:\/\/radio.fcejs.unsl.edu.ar\/index.php\/wp-json\/wp\/v2\/media\/4806"}],"wp:attachment":[{"href":"https:\/\/radio.fcejs.unsl.edu.ar\/index.php\/wp-json\/wp\/v2\/media?parent=4799"}],"wp:term":[{"taxonomy":"category","embeddable":true,"href":"https:\/\/radio.fcejs.unsl.edu.ar\/index.php\/wp-json\/wp\/v2\/categories?post=4799"},{"taxonomy":"post_tag","embeddable":true,"href":"https:\/\/radio.fcejs.unsl.edu.ar\/index.php\/wp-json\/wp\/v2\/tags?post=4799"}],"curies":[{"name":"wp","href":"https:\/\/api.w.org\/{rel}","templated":true}]}}