{"id":4787,"date":"2026-08-31T11:03:33","date_gmt":"2026-08-31T14:03:33","guid":{"rendered":"https:\/\/radio.fcejs.unsl.edu.ar\/?p=4787"},"modified":"2026-08-31T11:03:33","modified_gmt":"2026-08-31T14:03:33","slug":"juan-carlos-giordano-inocencia-fiscal-ii","status":"publish","type":"post","link":"https:\/\/radio.fcejs.unsl.edu.ar\/index.php\/juan-carlos-giordano-inocencia-fiscal-ii\/","title":{"rendered":"Giordano apunt\u00f3 contra la \u201cInocencia Fiscal II\u201d: \u201cEs un premio para los grandes evasores\u201d"},"content":{"rendered":"<h6>En <em>Mientras Tanto<\/em> dialogamos con Juan Carlos Giordano, Diputado Nacional por el Frente de Izquierda de Buenos Aires, quien cuestion\u00f3 el proyecto de \u201cInocencia Fiscal II\u201d, critic\u00f3 las prioridades del Gobierno nacional y advirti\u00f3 sobre el crecimiento del endeudamiento de trabajadores y jubilados.<\/h6>\n<h6>Escuch\u00e1 la nota completa:<\/h6>\n<audio class=\"wp-audio-shortcode\" id=\"audio-4787-1\" preload=\"none\" style=\"width: 100%;\" controls=\"controls\"><source type=\"audio\/mpeg\" src=\"https:\/\/radioupload.fica.unsl.edu.ar\/files\/mv\/Juan%20Carlos%20Giordano%20Dip-%2031-08.mp3?_=1\" \/><a href=\"https:\/\/radioupload.fica.unsl.edu.ar\/files\/mv\/Juan%20Carlos%20Giordano%20Dip-%2031-08.mp3\">https:\/\/radioupload.fica.unsl.edu.ar\/files\/mv\/Juan%20Carlos%20Giordano%20Dip-%2031-08.mp3<\/a><\/audio>\n<p class=\"isSelectedEnd\">El Diputado Nacional Juan Carlos Giordano cuestion\u00f3\u00a0el tratamiento de distintos proyectos impulsados por el Gobierno nacional en la C\u00e1mara de Diputados, entre ellos la denominada \u201cInocencia Fiscal II\u201d. Seg\u00fan sostuvo, la iniciativa beneficia a grandes evasores al flexibilizar controles y reducir sanciones vinculadas con fondos no declarados. En ese sentido, tambi\u00e9n cuestion\u00f3 las declaraciones patrimoniales de funcionarios y reclam\u00f3 mayores controles sobre el origen de los bienes.<\/p>\n<p class=\"isSelectedEnd\">Giordano tambi\u00e9n puso el foco en la situaci\u00f3n econ\u00f3mica de trabajadores y jubilados y en el crecimiento del endeudamiento destinado a cubrir necesidades b\u00e1sicas. El legislador sostuvo que muchas familias recurren a cr\u00e9ditos para afrontar gastos como alimentos, medicamentos, tratamientos y alquileres, y vincul\u00f3 esta situaci\u00f3n con la p\u00e9rdida de poder adquisitivo. Adem\u00e1s, cuestion\u00f3 el peso del IVA sobre el consumo y plante\u00f3 cr\u00edticas al esquema tributario vigente en Argentina.<\/p>\n<p>Finalmente, el diputado del Frente de Izquierda reclam\u00f3 que el Congreso discuta medidas destinadas a atender la situaci\u00f3n de las <a href=\"https:\/\/radio.fcejs.unsl.edu.ar\/index.php\/los-salarios-no-alcanzan-y-cada-vez-mas-familias-se-endeudan-para-llegar-a-fin-de-mes\/\">personas endeudadas<\/a> y cuestion\u00f3 que esos proyectos no sean incorporados al debate legislativo. Giordano tambi\u00e9n defendi\u00f3 una alternativa pol\u00edtica desde la izquierda y afirm\u00f3 que su espacio busca enfrentar las pol\u00edticas econ\u00f3micas del Gobierno de Javier Milei.<\/p>\n<pre data-start=\"2165\" data-end=\"2236\"><strong>Conducci\u00f3n: Mat\u00edas E. Videla \r\nOperaci\u00f3n: Magal\u00ed Mart\u00edn \r\nOperaci\u00f3n T\u00e9cnica: Mart\u00edn Pagliero \r\nRadio UNSL Villa Mercedes 97.5 FM<\/strong><\/pre>\n","protected":false},"excerpt":{"rendered":"<p>En Mientras Tanto dialogamos con Juan Carlos Giordano, Diputado Nacional por el Frente de Izquierda de Buenos Aires, quien cuestion\u00f3 el proyecto de \u201cInocencia Fiscal II\u201d, critic\u00f3 las prioridades del Gobierno nacional y advirti\u00f3 sobre el crecimiento del endeudamiento de trabajadores y jubilados. Escuch\u00e1 la nota completa: https:\/\/radioupload.fica.unsl.edu.ar\/files\/mv\/Juan%20Carlos%20Giordano%20Dip-%2031-08.mp3 El Diputado Nacional Juan Carlos Giordano cuestion\u00f3\u00a0el&#8230;<\/p>\n","protected":false},"author":8,"featured_media":4789,"comment_status":"closed","ping_status":"closed","sticky":false,"template":"","format":"standard","meta":{"_kad_post_transparent":"default","_kad_post_title":"default","_kad_post_layout":"default","_kad_post_sidebar_id":"","_kad_post_content_style":"default","_kad_post_vertical_padding":"default","_kad_post_feature":"","_kad_post_feature_position":"","_kad_post_header":false,"_kad_post_footer":false,"_kad_post_classname":"","footnotes":""},"categories":[14,16],"tags":[],"class_list":["post-4787","post","type-post","status-publish","format-standard","has-post-thumbnail","hentry","category-entrevistas","category-opinion"],"yoast_head":"<!-- This site is optimized with the Yoast SEO plugin v27.5 - https:\/\/yoast.com\/product\/yoast-seo-wordpress\/ -->\n<title>Juan Carlos Giordano cuestion\u00f3 la Inocencia Fiscal II - Radio Universidad Villa Mercedes 97.5 | UNSL<\/title>\n<meta name=\"description\" content=\"Juan Carlos Giordano cuestion\u00f3 la Inocencia Fiscal II, el endeudamiento y las pol\u00edticas econ\u00f3micas del Gobierno de Javier Milei.\" \/>\n<meta name=\"robots\" content=\"index, follow, max-snippet:-1, max-image-preview:large, max-video-preview:-1\" \/>\n<link rel=\"canonical\" href=\"https:\/\/radio.fcejs.unsl.edu.ar\/index.php\/juan-carlos-giordano-inocencia-fiscal-ii\/\" \/>\n<meta property=\"og:locale\" content=\"es_ES\" \/>\n<meta property=\"og:type\" content=\"article\" \/>\n<meta property=\"og:title\" content=\"Juan Carlos Giordano cuestion\u00f3 la Inocencia Fiscal II - Radio Universidad Villa Mercedes 97.5 | UNSL\" \/>\n<meta property=\"og:description\" content=\"Juan Carlos Giordano cuestion\u00f3 la Inocencia Fiscal II, el endeudamiento y las pol\u00edticas econ\u00f3micas del Gobierno de Javier Milei.\" \/>\n<meta property=\"og:url\" content=\"https:\/\/radio.fcejs.unsl.edu.ar\/index.php\/juan-carlos-giordano-inocencia-fiscal-ii\/\" \/>\n<meta property=\"og:site_name\" content=\"Radio Universidad Villa Mercedes 97.5 | UNSL\" \/>\n<meta property=\"article:published_time\" content=\"2026-08-31T14:03:33+00:00\" \/>\n<meta property=\"og:image\" content=\"https:\/\/radio.fcejs.unsl.edu.ar\/wp-content\/uploads\/2026\/08\/Juan_Carlos_Giordano_2024.jpg\" \/>\n\t<meta property=\"og:image:width\" content=\"960\" \/>\n\t<meta property=\"og:image:height\" content=\"797\" \/>\n\t<meta property=\"og:image:type\" content=\"image\/jpeg\" \/>\n<meta name=\"author\" content=\"Magal\u00ed Martin\" \/>\n<meta name=\"twitter:card\" content=\"summary_large_image\" \/>\n<meta name=\"twitter:label1\" content=\"Escrito por\" \/>\n\t<meta name=\"twitter:data1\" content=\"Magal\u00ed Martin\" \/>\n\t<meta name=\"twitter:label2\" content=\"Tiempo de lectura\" \/>\n\t<meta name=\"twitter:data2\" content=\"2 minutos\" \/>\n<script type=\"application\/ld+json\" class=\"yoast-schema-graph\">{\"@context\":\"https:\\\/\\\/schema.org\",\"@graph\":[{\"@type\":\"Article\",\"@id\":\"https:\\\/\\\/radio.fcejs.unsl.edu.ar\\\/index.php\\\/juan-carlos-giordano-inocencia-fiscal-ii\\\/#article\",\"isPartOf\":{\"@id\":\"https:\\\/\\\/radio.fcejs.unsl.edu.ar\\\/index.php\\\/juan-carlos-giordano-inocencia-fiscal-ii\\\/\"},\"author\":{\"name\":\"Magal\u00ed Martin\",\"@id\":\"https:\\\/\\\/radio.fcejs.unsl.edu.ar\\\/#\\\/schema\\\/person\\\/183a98e050a71098628dcef2d35a0331\"},\"headline\":\"Giordano apunt\u00f3 contra la \u201cInocencia Fiscal II\u201d: \u201cEs un premio para los grandes evasores\u201d\",\"datePublished\":\"2026-08-31T14:03:33+00:00\",\"mainEntityOfPage\":{\"@id\":\"https:\\\/\\\/radio.fcejs.unsl.edu.ar\\\/index.php\\\/juan-carlos-giordano-inocencia-fiscal-ii\\\/\"},\"wordCount\":287,\"publisher\":{\"@id\":\"https:\\\/\\\/radio.fcejs.unsl.edu.ar\\\/#organization\"},\"image\":{\"@id\":\"https:\\\/\\\/radio.fcejs.unsl.edu.ar\\\/index.php\\\/juan-carlos-giordano-inocencia-fiscal-ii\\\/#primaryimage\"},\"thumbnailUrl\":\"https:\\\/\\\/radio.fcejs.unsl.edu.ar\\\/wp-content\\\/uploads\\\/2026\\\/08\\\/Juan_Carlos_Giordano_2024.jpg\",\"articleSection\":[\"Entrevistas\",\"Opini\u00f3n\"],\"inLanguage\":\"es-AR\"},{\"@type\":\"WebPage\",\"@id\":\"https:\\\/\\\/radio.fcejs.unsl.edu.ar\\\/index.php\\\/juan-carlos-giordano-inocencia-fiscal-ii\\\/\",\"url\":\"https:\\\/\\\/radio.fcejs.unsl.edu.ar\\\/index.php\\\/juan-carlos-giordano-inocencia-fiscal-ii\\\/\",\"name\":\"Juan Carlos Giordano cuestion\u00f3 la Inocencia Fiscal II - Radio Universidad Villa Mercedes 97.5 | UNSL\",\"isPartOf\":{\"@id\":\"https:\\\/\\\/radio.fcejs.unsl.edu.ar\\\/#website\"},\"primaryImageOfPage\":{\"@id\":\"https:\\\/\\\/radio.fcejs.unsl.edu.ar\\\/index.php\\\/juan-carlos-giordano-inocencia-fiscal-ii\\\/#primaryimage\"},\"image\":{\"@id\":\"https:\\\/\\\/radio.fcejs.unsl.edu.ar\\\/index.php\\\/juan-carlos-giordano-inocencia-fiscal-ii\\\/#primaryimage\"},\"thumbnailUrl\":\"https:\\\/\\\/radio.fcejs.unsl.edu.ar\\\/wp-content\\\/uploads\\\/2026\\\/08\\\/Juan_Carlos_Giordano_2024.jpg\",\"datePublished\":\"2026-08-31T14:03:33+00:00\",\"description\":\"Juan Carlos Giordano cuestion\u00f3 la Inocencia Fiscal II, el endeudamiento y las pol\u00edticas econ\u00f3micas del Gobierno de Javier Milei.\",\"breadcrumb\":{\"@id\":\"https:\\\/\\\/radio.fcejs.unsl.edu.ar\\\/index.php\\\/juan-carlos-giordano-inocencia-fiscal-ii\\\/#breadcrumb\"},\"inLanguage\":\"es-AR\",\"potentialAction\":[{\"@type\":\"ReadAction\",\"target\":[\"https:\\\/\\\/radio.fcejs.unsl.edu.ar\\\/index.php\\\/juan-carlos-giordano-inocencia-fiscal-ii\\\/\"]}]},{\"@type\":\"ImageObject\",\"inLanguage\":\"es-AR\",\"@id\":\"https:\\\/\\\/radio.fcejs.unsl.edu.ar\\\/index.php\\\/juan-carlos-giordano-inocencia-fiscal-ii\\\/#primaryimage\",\"url\":\"https:\\\/\\\/radio.fcejs.unsl.edu.ar\\\/wp-content\\\/uploads\\\/2026\\\/08\\\/Juan_Carlos_Giordano_2024.jpg\",\"contentUrl\":\"https:\\\/\\\/radio.fcejs.unsl.edu.ar\\\/wp-content\\\/uploads\\\/2026\\\/08\\\/Juan_Carlos_Giordano_2024.jpg\",\"width\":960,\"height\":797},{\"@type\":\"BreadcrumbList\",\"@id\":\"https:\\\/\\\/radio.fcejs.unsl.edu.ar\\\/index.php\\\/juan-carlos-giordano-inocencia-fiscal-ii\\\/#breadcrumb\",\"itemListElement\":[{\"@type\":\"ListItem\",\"position\":1,\"name\":\"Inicio\",\"item\":\"https:\\\/\\\/radio.fcejs.unsl.edu.ar\\\/\"},{\"@type\":\"ListItem\",\"position\":2,\"name\":\"Giordano apunt\u00f3 contra la \u201cInocencia Fiscal II\u201d: \u201cEs un premio para los grandes evasores\u201d\"}]},{\"@type\":\"WebSite\",\"@id\":\"https:\\\/\\\/radio.fcejs.unsl.edu.ar\\\/#website\",\"url\":\"https:\\\/\\\/radio.fcejs.unsl.edu.ar\\\/\",\"name\":\"Radio Universidad Villa Mercedes 97.5 | UNSL\",\"description\":\"UNSL\",\"publisher\":{\"@id\":\"https:\\\/\\\/radio.fcejs.unsl.edu.ar\\\/#organization\"},\"potentialAction\":[{\"@type\":\"SearchAction\",\"target\":{\"@type\":\"EntryPoint\",\"urlTemplate\":\"https:\\\/\\\/radio.fcejs.unsl.edu.ar\\\/?s={search_term_string}\"},\"query-input\":{\"@type\":\"PropertyValueSpecification\",\"valueRequired\":true,\"valueName\":\"search_term_string\"}}],\"inLanguage\":\"es-AR\"},{\"@type\":\"Organization\",\"@id\":\"https:\\\/\\\/radio.fcejs.unsl.edu.ar\\\/#organization\",\"name\":\"Radio Universidad Villa Mercedes 97.5 | UNSL\",\"url\":\"https:\\\/\\\/radio.fcejs.unsl.edu.ar\\\/\",\"logo\":{\"@type\":\"ImageObject\",\"inLanguage\":\"es-AR\",\"@id\":\"https:\\\/\\\/radio.fcejs.unsl.edu.ar\\\/#\\\/schema\\\/logo\\\/image\\\/\",\"url\":\"https:\\\/\\\/radio.fcejs.unsl.edu.ar\\\/wp-content\\\/uploads\\\/2023\\\/12\\\/cropped-radio-villa-mercedes-97-5.png\",\"contentUrl\":\"https:\\\/\\\/radio.fcejs.unsl.edu.ar\\\/wp-content\\\/uploads\\\/2023\\\/12\\\/cropped-radio-villa-mercedes-97-5.png\",\"width\":908,\"height\":289,\"caption\":\"Radio Universidad Villa Mercedes 97.5 | UNSL\"},\"image\":{\"@id\":\"https:\\\/\\\/radio.fcejs.unsl.edu.ar\\\/#\\\/schema\\\/logo\\\/image\\\/\"}},{\"@type\":\"Person\",\"@id\":\"https:\\\/\\\/radio.fcejs.unsl.edu.ar\\\/#\\\/schema\\\/person\\\/183a98e050a71098628dcef2d35a0331\",\"name\":\"Magal\u00ed Martin\",\"url\":\"https:\\\/\\\/radio.fcejs.unsl.edu.ar\\\/index.php\\\/author\\\/mmartin\\\/\"}]}<\/script>\n<!-- \/ Yoast SEO plugin. -->","yoast_head_json":{"title":"Juan Carlos Giordano cuestion\u00f3 la Inocencia Fiscal II - Radio Universidad Villa Mercedes 97.5 | UNSL","description":"Juan Carlos Giordano cuestion\u00f3 la Inocencia Fiscal II, el endeudamiento y las pol\u00edticas econ\u00f3micas del Gobierno de Javier Milei.","robots":{"index":"index","follow":"follow","max-snippet":"max-snippet:-1","max-image-preview":"max-image-preview:large","max-video-preview":"max-video-preview:-1"},"canonical":"https:\/\/radio.fcejs.unsl.edu.ar\/index.php\/juan-carlos-giordano-inocencia-fiscal-ii\/","og_locale":"es_ES","og_type":"article","og_title":"Juan Carlos Giordano cuestion\u00f3 la Inocencia Fiscal II - Radio Universidad Villa Mercedes 97.5 | UNSL","og_description":"Juan Carlos Giordano cuestion\u00f3 la Inocencia Fiscal II, el endeudamiento y las pol\u00edticas econ\u00f3micas del Gobierno de Javier Milei.","og_url":"https:\/\/radio.fcejs.unsl.edu.ar\/index.php\/juan-carlos-giordano-inocencia-fiscal-ii\/","og_site_name":"Radio Universidad Villa Mercedes 97.5 | UNSL","article_published_time":"2026-08-31T14:03:33+00:00","og_image":[{"width":960,"height":797,"url":"https:\/\/radio.fcejs.unsl.edu.ar\/wp-content\/uploads\/2026\/08\/Juan_Carlos_Giordano_2024.jpg","type":"image\/jpeg"}],"author":"Magal\u00ed Martin","twitter_card":"summary_large_image","twitter_misc":{"Escrito por":"Magal\u00ed Martin","Tiempo de lectura":"2 minutos"},"schema":{"@context":"https:\/\/schema.org","@graph":[{"@type":"Article","@id":"https:\/\/radio.fcejs.unsl.edu.ar\/index.php\/juan-carlos-giordano-inocencia-fiscal-ii\/#article","isPartOf":{"@id":"https:\/\/radio.fcejs.unsl.edu.ar\/index.php\/juan-carlos-giordano-inocencia-fiscal-ii\/"},"author":{"name":"Magal\u00ed Martin","@id":"https:\/\/radio.fcejs.unsl.edu.ar\/#\/schema\/person\/183a98e050a71098628dcef2d35a0331"},"headline":"Giordano apunt\u00f3 contra la \u201cInocencia Fiscal II\u201d: \u201cEs un premio para los grandes evasores\u201d","datePublished":"2026-08-31T14:03:33+00:00","mainEntityOfPage":{"@id":"https:\/\/radio.fcejs.unsl.edu.ar\/index.php\/juan-carlos-giordano-inocencia-fiscal-ii\/"},"wordCount":287,"publisher":{"@id":"https:\/\/radio.fcejs.unsl.edu.ar\/#organization"},"image":{"@id":"https:\/\/radio.fcejs.unsl.edu.ar\/index.php\/juan-carlos-giordano-inocencia-fiscal-ii\/#primaryimage"},"thumbnailUrl":"https:\/\/radio.fcejs.unsl.edu.ar\/wp-content\/uploads\/2026\/08\/Juan_Carlos_Giordano_2024.jpg","articleSection":["Entrevistas","Opini\u00f3n"],"inLanguage":"es-AR"},{"@type":"WebPage","@id":"https:\/\/radio.fcejs.unsl.edu.ar\/index.php\/juan-carlos-giordano-inocencia-fiscal-ii\/","url":"https:\/\/radio.fcejs.unsl.edu.ar\/index.php\/juan-carlos-giordano-inocencia-fiscal-ii\/","name":"Juan Carlos Giordano cuestion\u00f3 la Inocencia Fiscal II - Radio Universidad Villa Mercedes 97.5 | UNSL","isPartOf":{"@id":"https:\/\/radio.fcejs.unsl.edu.ar\/#website"},"primaryImageOfPage":{"@id":"https:\/\/radio.fcejs.unsl.edu.ar\/index.php\/juan-carlos-giordano-inocencia-fiscal-ii\/#primaryimage"},"image":{"@id":"https:\/\/radio.fcejs.unsl.edu.ar\/index.php\/juan-carlos-giordano-inocencia-fiscal-ii\/#primaryimage"},"thumbnailUrl":"https:\/\/radio.fcejs.unsl.edu.ar\/wp-content\/uploads\/2026\/08\/Juan_Carlos_Giordano_2024.jpg","datePublished":"2026-08-31T14:03:33+00:00","description":"Juan Carlos Giordano cuestion\u00f3 la Inocencia Fiscal II, el endeudamiento y las pol\u00edticas econ\u00f3micas del Gobierno de Javier Milei.","breadcrumb":{"@id":"https:\/\/radio.fcejs.unsl.edu.ar\/index.php\/juan-carlos-giordano-inocencia-fiscal-ii\/#breadcrumb"},"inLanguage":"es-AR","potentialAction":[{"@type":"ReadAction","target":["https:\/\/radio.fcejs.unsl.edu.ar\/index.php\/juan-carlos-giordano-inocencia-fiscal-ii\/"]}]},{"@type":"ImageObject","inLanguage":"es-AR","@id":"https:\/\/radio.fcejs.unsl.edu.ar\/index.php\/juan-carlos-giordano-inocencia-fiscal-ii\/#primaryimage","url":"https:\/\/radio.fcejs.unsl.edu.ar\/wp-content\/uploads\/2026\/08\/Juan_Carlos_Giordano_2024.jpg","contentUrl":"https:\/\/radio.fcejs.unsl.edu.ar\/wp-content\/uploads\/2026\/08\/Juan_Carlos_Giordano_2024.jpg","width":960,"height":797},{"@type":"BreadcrumbList","@id":"https:\/\/radio.fcejs.unsl.edu.ar\/index.php\/juan-carlos-giordano-inocencia-fiscal-ii\/#breadcrumb","itemListElement":[{"@type":"ListItem","position":1,"name":"Inicio","item":"https:\/\/radio.fcejs.unsl.edu.ar\/"},{"@type":"ListItem","position":2,"name":"Giordano apunt\u00f3 contra la \u201cInocencia Fiscal II\u201d: \u201cEs un premio para los grandes evasores\u201d"}]},{"@type":"WebSite","@id":"https:\/\/radio.fcejs.unsl.edu.ar\/#website","url":"https:\/\/radio.fcejs.unsl.edu.ar\/","name":"Radio Universidad Villa Mercedes 97.5 | UNSL","description":"UNSL","publisher":{"@id":"https:\/\/radio.fcejs.unsl.edu.ar\/#organization"},"potentialAction":[{"@type":"SearchAction","target":{"@type":"EntryPoint","urlTemplate":"https:\/\/radio.fcejs.unsl.edu.ar\/?s={search_term_string}"},"query-input":{"@type":"PropertyValueSpecification","valueRequired":true,"valueName":"search_term_string"}}],"inLanguage":"es-AR"},{"@type":"Organization","@id":"https:\/\/radio.fcejs.unsl.edu.ar\/#organization","name":"Radio Universidad Villa Mercedes 97.5 | UNSL","url":"https:\/\/radio.fcejs.unsl.edu.ar\/","logo":{"@type":"ImageObject","inLanguage":"es-AR","@id":"https:\/\/radio.fcejs.unsl.edu.ar\/#\/schema\/logo\/image\/","url":"https:\/\/radio.fcejs.unsl.edu.ar\/wp-content\/uploads\/2023\/12\/cropped-radio-villa-mercedes-97-5.png","contentUrl":"https:\/\/radio.fcejs.unsl.edu.ar\/wp-content\/uploads\/2023\/12\/cropped-radio-villa-mercedes-97-5.png","width":908,"height":289,"caption":"Radio Universidad Villa Mercedes 97.5 | UNSL"},"image":{"@id":"https:\/\/radio.fcejs.unsl.edu.ar\/#\/schema\/logo\/image\/"}},{"@type":"Person","@id":"https:\/\/radio.fcejs.unsl.edu.ar\/#\/schema\/person\/183a98e050a71098628dcef2d35a0331","name":"Magal\u00ed Martin","url":"https:\/\/radio.fcejs.unsl.edu.ar\/index.php\/author\/mmartin\/"}]}},"_links":{"self":[{"href":"https:\/\/radio.fcejs.unsl.edu.ar\/index.php\/wp-json\/wp\/v2\/posts\/4787","targetHints":{"allow":["GET"]}}],"collection":[{"href":"https:\/\/radio.fcejs.unsl.edu.ar\/index.php\/wp-json\/wp\/v2\/posts"}],"about":[{"href":"https:\/\/radio.fcejs.unsl.edu.ar\/index.php\/wp-json\/wp\/v2\/types\/post"}],"author":[{"embeddable":true,"href":"https:\/\/radio.fcejs.unsl.edu.ar\/index.php\/wp-json\/wp\/v2\/users\/8"}],"replies":[{"embeddable":true,"href":"https:\/\/radio.fcejs.unsl.edu.ar\/index.php\/wp-json\/wp\/v2\/comments?post=4787"}],"version-history":[{"count":1,"href":"https:\/\/radio.fcejs.unsl.edu.ar\/index.php\/wp-json\/wp\/v2\/posts\/4787\/revisions"}],"predecessor-version":[{"id":4790,"href":"https:\/\/radio.fcejs.unsl.edu.ar\/index.php\/wp-json\/wp\/v2\/posts\/4787\/revisions\/4790"}],"wp:featuredmedia":[{"embeddable":true,"href":"https:\/\/radio.fcejs.unsl.edu.ar\/index.php\/wp-json\/wp\/v2\/media\/4789"}],"wp:attachment":[{"href":"https:\/\/radio.fcejs.unsl.edu.ar\/index.php\/wp-json\/wp\/v2\/media?parent=4787"}],"wp:term":[{"taxonomy":"category","embeddable":true,"href":"https:\/\/radio.fcejs.unsl.edu.ar\/index.php\/wp-json\/wp\/v2\/categories?post=4787"},{"taxonomy":"post_tag","embeddable":true,"href":"https:\/\/radio.fcejs.unsl.edu.ar\/index.php\/wp-json\/wp\/v2\/tags?post=4787"}],"curies":[{"name":"wp","href":"https:\/\/api.w.org\/{rel}","templated":true}]}}