{"id":4784,"date":"2026-08-31T10:53:52","date_gmt":"2026-08-31T13:53:52","guid":{"rendered":"https:\/\/radio.fcejs.unsl.edu.ar\/?p=4784"},"modified":"2026-08-31T12:18:09","modified_gmt":"2026-08-31T15:18:09","slug":"fenomeno-de-el-nino-prevencion-lluvias","status":"publish","type":"post","link":"https:\/\/radio.fcejs.unsl.edu.ar\/index.php\/fenomeno-de-el-nino-prevencion-lluvias\/","title":{"rendered":"\u00bfEl Ni\u00f1o m\u00e1s fuerte de la historia? Un meteor\u00f3logo pide bajar el alarmismo y prepararse"},"content":{"rendered":"<h6><strong>En <em>Mientras Tanto<\/em> dialogamos con Rafael Di Marco, T\u00e9cnico en Meteorolog\u00eda y Diplomado en Cambio Clim\u00e1tico, sobre el fen\u00f3meno de El Ni\u00f1o, las lluvias que podr\u00edan llegar durante los pr\u00f3ximos meses y la importancia de conocer los riesgos y tomar medidas de prevenci\u00f3n.<\/strong><\/h6>\n<h6>Escuch\u00e1 la nota completa ac\u00e1:<\/h6>\n<audio class=\"wp-audio-shortcode\" id=\"audio-4784-1\" preload=\"none\" style=\"width: 100%;\" controls=\"controls\"><source type=\"audio\/mpeg\" src=\"https:\/\/radioupload.fica.unsl.edu.ar\/files\/mv\/Rafael%20Dimarco%20Meteorologo%2031-08.mp3?_=1\" \/><a href=\"https:\/\/radioupload.fica.unsl.edu.ar\/files\/mv\/Rafael%20Dimarco%20Meteorologo%2031-08.mp3\">https:\/\/radioupload.fica.unsl.edu.ar\/files\/mv\/Rafael%20Dimarco%20Meteorologo%2031-08.mp3<\/a><\/audio>\n<p>&nbsp;<\/p>\n<p>El <strong>fen\u00f3meno de El Ni\u00f1o<\/strong> podr\u00eda generar precipitaciones normales o superiores a lo normal desde septiembre. Rafael Di Marco pidi\u00f3 no caer en titulares alarmistas que hablan del \u201cEl Ni\u00f1o m\u00e1s fuerte de la historia\u201d. El t\u00e9cnico explic\u00f3 que, aunque algunos registros anticipan un evento de gran intensidad, todav\u00eda es necesario observar c\u00f3mo evoluciona el fen\u00f3meno y qu\u00e9 impacto tendr\u00e1 en cada regi\u00f3n.<\/p>\n<p>Di Marco se\u00f1al\u00f3 que algunas zonas de Sudam\u00e9rica ya registraron lluvias intensas, inundaciones y otros eventos. En Argentina, el norte de Santa Fe y parte del Litoral podr\u00edan mantener condiciones de mayor precipitaci\u00f3n. Sin embargo, aclar\u00f3 que esto no significa que todas las localidades vayan a enfrentar los mismos problemas. Frente al <strong>fen\u00f3meno de El Ni\u00f1o<\/strong>, recomend\u00f3 revisar techos, identificar zonas que suelen inundarse y trabajar junto a los municipios para reducir los riesgos.<\/p>\n<p>Durante la entrevista, el meteor\u00f3logo destac\u00f3 que la prevenci\u00f3n debe continuar m\u00e1s all\u00e1 de este fen\u00f3meno. Seg\u00fan explic\u00f3, el clima puede presentar per\u00edodos con lluvias intensas y tambi\u00e9n etapas de sequ\u00eda. Por eso, consider\u00f3 importante que vecinos y autoridades conozcan los riesgos de cada zona, sigan los pron\u00f3sticos y <a href=\"https:\/\/agenciasanluis.com\/2026\/08\/28\/1203260-el-gobierno-coordina-acciones-de-prevencion-ante-la-posible-llegada-del-fenomeno-el-nino\/\">participen en las medidas de prevenci\u00f3n<\/a>. \u201cNo para asustarse, sino justamente para estar prevenido\u201d, resumi\u00f3 Di Marco.<\/p>\n<pre data-start=\"2165\" data-end=\"2236\"><strong>Conducci\u00f3n: Mat\u00edas E. Videla \r\nOperaci\u00f3n: Magal\u00ed Mart\u00edn \r\nOperaci\u00f3n T\u00e9cnica: Mart\u00edn Pagliero \r\nRadio UNSL Villa Mercedes 97.5 FM<\/strong><\/pre>\n","protected":false},"excerpt":{"rendered":"<p>En Mientras Tanto dialogamos con Rafael Di Marco, T\u00e9cnico en Meteorolog\u00eda y Diplomado en Cambio Clim\u00e1tico, sobre el fen\u00f3meno de El Ni\u00f1o, las lluvias que podr\u00edan llegar durante los pr\u00f3ximos meses y la importancia de conocer los riesgos y tomar medidas de prevenci\u00f3n. Escuch\u00e1 la nota completa ac\u00e1: https:\/\/radioupload.fica.unsl.edu.ar\/files\/mv\/Rafael%20Dimarco%20Meteorologo%2031-08.mp3 &nbsp; El fen\u00f3meno de El Ni\u00f1o&#8230;<\/p>\n","protected":false},"author":8,"featured_media":4796,"comment_status":"closed","ping_status":"closed","sticky":false,"template":"","format":"standard","meta":{"_kad_post_transparent":"default","_kad_post_title":"default","_kad_post_layout":"default","_kad_post_sidebar_id":"","_kad_post_content_style":"default","_kad_post_vertical_padding":"default","_kad_post_feature":"","_kad_post_feature_position":"","_kad_post_header":false,"_kad_post_footer":false,"_kad_post_classname":"","footnotes":""},"categories":[14,16],"tags":[28,29,34,30,31,32,33],"class_list":["post-4784","post","type-post","status-publish","format-standard","has-post-thumbnail","hentry","category-entrevistas","category-opinion","tag-el-nino-2026","tag-fenomeno-el-nino","tag-lluvias-intensas","tag-lluvias-por-el-nino","tag-precipitaciones","tag-prevencion-ante-inundaciones","tag-pronostico-climatico"],"yoast_head":"<!-- This site is optimized with the Yoast SEO plugin v27.5 - https:\/\/yoast.com\/product\/yoast-seo-wordpress\/ -->\n<title>El Ni\u00f1o: un meteor\u00f3logo pide no caer en el alarmismo - Radio Universidad Villa Mercedes 97.5 | UNSL<\/title>\n<meta name=\"description\" content=\"Rafael Di Marco explic\u00f3 en Mientras Tanto qu\u00e9 lluvias se esperan durante El Ni\u00f1o y por qu\u00e9 es clave prevenir sin caer en el alarmismo.\" \/>\n<meta name=\"robots\" content=\"index, follow, max-snippet:-1, max-image-preview:large, max-video-preview:-1\" \/>\n<link rel=\"canonical\" href=\"https:\/\/radio.fcejs.unsl.edu.ar\/index.php\/fenomeno-de-el-nino-prevencion-lluvias\/\" \/>\n<meta property=\"og:locale\" content=\"es_ES\" \/>\n<meta property=\"og:type\" content=\"article\" \/>\n<meta property=\"og:title\" content=\"El Ni\u00f1o: un meteor\u00f3logo pide no caer en el alarmismo - Radio Universidad Villa Mercedes 97.5 | UNSL\" \/>\n<meta property=\"og:description\" content=\"Rafael Di Marco explic\u00f3 en Mientras Tanto qu\u00e9 lluvias se esperan durante El Ni\u00f1o y por qu\u00e9 es clave prevenir sin caer en el alarmismo.\" \/>\n<meta property=\"og:url\" content=\"https:\/\/radio.fcejs.unsl.edu.ar\/index.php\/fenomeno-de-el-nino-prevencion-lluvias\/\" \/>\n<meta property=\"og:site_name\" content=\"Radio Universidad Villa Mercedes 97.5 | UNSL\" \/>\n<meta property=\"article:published_time\" content=\"2026-08-31T13:53:52+00:00\" \/>\n<meta property=\"article:modified_time\" content=\"2026-08-31T15:18:09+00:00\" \/>\n<meta property=\"og:image\" content=\"https:\/\/radio.fcejs.unsl.edu.ar\/wp-content\/uploads\/2026\/08\/aaaaaa.jpg\" \/>\n\t<meta property=\"og:image:width\" content=\"872\" \/>\n\t<meta property=\"og:image:height\" content=\"568\" \/>\n\t<meta property=\"og:image:type\" content=\"image\/jpeg\" \/>\n<meta name=\"author\" content=\"Magal\u00ed Martin\" \/>\n<meta name=\"twitter:card\" content=\"summary_large_image\" \/>\n<meta name=\"twitter:label1\" content=\"Escrito por\" \/>\n\t<meta name=\"twitter:data1\" content=\"Magal\u00ed Martin\" \/>\n\t<meta name=\"twitter:label2\" content=\"Tiempo de lectura\" \/>\n\t<meta name=\"twitter:data2\" content=\"2 minutos\" \/>\n<script type=\"application\/ld+json\" class=\"yoast-schema-graph\">{\"@context\":\"https:\\\/\\\/schema.org\",\"@graph\":[{\"@type\":\"Article\",\"@id\":\"https:\\\/\\\/radio.fcejs.unsl.edu.ar\\\/index.php\\\/fenomeno-de-el-nino-prevencion-lluvias\\\/#article\",\"isPartOf\":{\"@id\":\"https:\\\/\\\/radio.fcejs.unsl.edu.ar\\\/index.php\\\/fenomeno-de-el-nino-prevencion-lluvias\\\/\"},\"author\":{\"name\":\"Magal\u00ed Martin\",\"@id\":\"https:\\\/\\\/radio.fcejs.unsl.edu.ar\\\/#\\\/schema\\\/person\\\/183a98e050a71098628dcef2d35a0331\"},\"headline\":\"\u00bfEl Ni\u00f1o m\u00e1s fuerte de la historia? Un meteor\u00f3logo pide bajar el alarmismo y prepararse\",\"datePublished\":\"2026-08-31T13:53:52+00:00\",\"dateModified\":\"2026-08-31T15:18:09+00:00\",\"mainEntityOfPage\":{\"@id\":\"https:\\\/\\\/radio.fcejs.unsl.edu.ar\\\/index.php\\\/fenomeno-de-el-nino-prevencion-lluvias\\\/\"},\"wordCount\":317,\"publisher\":{\"@id\":\"https:\\\/\\\/radio.fcejs.unsl.edu.ar\\\/#organization\"},\"image\":{\"@id\":\"https:\\\/\\\/radio.fcejs.unsl.edu.ar\\\/index.php\\\/fenomeno-de-el-nino-prevencion-lluvias\\\/#primaryimage\"},\"thumbnailUrl\":\"https:\\\/\\\/radio.fcejs.unsl.edu.ar\\\/wp-content\\\/uploads\\\/2026\\\/08\\\/aaaaaa.jpg\",\"keywords\":[\"El Ni\u00f1o 2026\",\"fen\u00f3meno El Ni\u00f1o\",\"lluvias intensas\",\"lluvias por El Ni\u00f1o\",\"precipitaciones\",\"prevenci\u00f3n ante inundaciones\",\"pron\u00f3stico clim\u00e1tico\"],\"articleSection\":[\"Entrevistas\",\"Opini\u00f3n\"],\"inLanguage\":\"es-AR\"},{\"@type\":\"WebPage\",\"@id\":\"https:\\\/\\\/radio.fcejs.unsl.edu.ar\\\/index.php\\\/fenomeno-de-el-nino-prevencion-lluvias\\\/\",\"url\":\"https:\\\/\\\/radio.fcejs.unsl.edu.ar\\\/index.php\\\/fenomeno-de-el-nino-prevencion-lluvias\\\/\",\"name\":\"El Ni\u00f1o: un meteor\u00f3logo pide no caer en el alarmismo - Radio Universidad Villa Mercedes 97.5 | UNSL\",\"isPartOf\":{\"@id\":\"https:\\\/\\\/radio.fcejs.unsl.edu.ar\\\/#website\"},\"primaryImageOfPage\":{\"@id\":\"https:\\\/\\\/radio.fcejs.unsl.edu.ar\\\/index.php\\\/fenomeno-de-el-nino-prevencion-lluvias\\\/#primaryimage\"},\"image\":{\"@id\":\"https:\\\/\\\/radio.fcejs.unsl.edu.ar\\\/index.php\\\/fenomeno-de-el-nino-prevencion-lluvias\\\/#primaryimage\"},\"thumbnailUrl\":\"https:\\\/\\\/radio.fcejs.unsl.edu.ar\\\/wp-content\\\/uploads\\\/2026\\\/08\\\/aaaaaa.jpg\",\"datePublished\":\"2026-08-31T13:53:52+00:00\",\"dateModified\":\"2026-08-31T15:18:09+00:00\",\"description\":\"Rafael Di Marco explic\u00f3 en Mientras Tanto qu\u00e9 lluvias se esperan durante El Ni\u00f1o y por qu\u00e9 es clave prevenir sin caer en el alarmismo.\",\"breadcrumb\":{\"@id\":\"https:\\\/\\\/radio.fcejs.unsl.edu.ar\\\/index.php\\\/fenomeno-de-el-nino-prevencion-lluvias\\\/#breadcrumb\"},\"inLanguage\":\"es-AR\",\"potentialAction\":[{\"@type\":\"ReadAction\",\"target\":[\"https:\\\/\\\/radio.fcejs.unsl.edu.ar\\\/index.php\\\/fenomeno-de-el-nino-prevencion-lluvias\\\/\"]}]},{\"@type\":\"ImageObject\",\"inLanguage\":\"es-AR\",\"@id\":\"https:\\\/\\\/radio.fcejs.unsl.edu.ar\\\/index.php\\\/fenomeno-de-el-nino-prevencion-lluvias\\\/#primaryimage\",\"url\":\"https:\\\/\\\/radio.fcejs.unsl.edu.ar\\\/wp-content\\\/uploads\\\/2026\\\/08\\\/aaaaaa.jpg\",\"contentUrl\":\"https:\\\/\\\/radio.fcejs.unsl.edu.ar\\\/wp-content\\\/uploads\\\/2026\\\/08\\\/aaaaaa.jpg\",\"width\":872,\"height\":568,\"caption\":\"sobre el ni\u00f1o\"},{\"@type\":\"BreadcrumbList\",\"@id\":\"https:\\\/\\\/radio.fcejs.unsl.edu.ar\\\/index.php\\\/fenomeno-de-el-nino-prevencion-lluvias\\\/#breadcrumb\",\"itemListElement\":[{\"@type\":\"ListItem\",\"position\":1,\"name\":\"Inicio\",\"item\":\"https:\\\/\\\/radio.fcejs.unsl.edu.ar\\\/\"},{\"@type\":\"ListItem\",\"position\":2,\"name\":\"\u00bfEl Ni\u00f1o m\u00e1s fuerte de la historia? Un meteor\u00f3logo pide bajar el alarmismo y prepararse\"}]},{\"@type\":\"WebSite\",\"@id\":\"https:\\\/\\\/radio.fcejs.unsl.edu.ar\\\/#website\",\"url\":\"https:\\\/\\\/radio.fcejs.unsl.edu.ar\\\/\",\"name\":\"Radio Universidad Villa Mercedes 97.5 | UNSL\",\"description\":\"UNSL\",\"publisher\":{\"@id\":\"https:\\\/\\\/radio.fcejs.unsl.edu.ar\\\/#organization\"},\"potentialAction\":[{\"@type\":\"SearchAction\",\"target\":{\"@type\":\"EntryPoint\",\"urlTemplate\":\"https:\\\/\\\/radio.fcejs.unsl.edu.ar\\\/?s={search_term_string}\"},\"query-input\":{\"@type\":\"PropertyValueSpecification\",\"valueRequired\":true,\"valueName\":\"search_term_string\"}}],\"inLanguage\":\"es-AR\"},{\"@type\":\"Organization\",\"@id\":\"https:\\\/\\\/radio.fcejs.unsl.edu.ar\\\/#organization\",\"name\":\"Radio Universidad Villa Mercedes 97.5 | UNSL\",\"url\":\"https:\\\/\\\/radio.fcejs.unsl.edu.ar\\\/\",\"logo\":{\"@type\":\"ImageObject\",\"inLanguage\":\"es-AR\",\"@id\":\"https:\\\/\\\/radio.fcejs.unsl.edu.ar\\\/#\\\/schema\\\/logo\\\/image\\\/\",\"url\":\"https:\\\/\\\/radio.fcejs.unsl.edu.ar\\\/wp-content\\\/uploads\\\/2023\\\/12\\\/cropped-radio-villa-mercedes-97-5.png\",\"contentUrl\":\"https:\\\/\\\/radio.fcejs.unsl.edu.ar\\\/wp-content\\\/uploads\\\/2023\\\/12\\\/cropped-radio-villa-mercedes-97-5.png\",\"width\":908,\"height\":289,\"caption\":\"Radio Universidad Villa Mercedes 97.5 | UNSL\"},\"image\":{\"@id\":\"https:\\\/\\\/radio.fcejs.unsl.edu.ar\\\/#\\\/schema\\\/logo\\\/image\\\/\"}},{\"@type\":\"Person\",\"@id\":\"https:\\\/\\\/radio.fcejs.unsl.edu.ar\\\/#\\\/schema\\\/person\\\/183a98e050a71098628dcef2d35a0331\",\"name\":\"Magal\u00ed Martin\",\"url\":\"https:\\\/\\\/radio.fcejs.unsl.edu.ar\\\/index.php\\\/author\\\/mmartin\\\/\"}]}<\/script>\n<!-- \/ Yoast SEO plugin. -->","yoast_head_json":{"title":"El Ni\u00f1o: un meteor\u00f3logo pide no caer en el alarmismo - Radio Universidad Villa Mercedes 97.5 | UNSL","description":"Rafael Di Marco explic\u00f3 en Mientras Tanto qu\u00e9 lluvias se esperan durante El Ni\u00f1o y por qu\u00e9 es clave prevenir sin caer en el alarmismo.","robots":{"index":"index","follow":"follow","max-snippet":"max-snippet:-1","max-image-preview":"max-image-preview:large","max-video-preview":"max-video-preview:-1"},"canonical":"https:\/\/radio.fcejs.unsl.edu.ar\/index.php\/fenomeno-de-el-nino-prevencion-lluvias\/","og_locale":"es_ES","og_type":"article","og_title":"El Ni\u00f1o: un meteor\u00f3logo pide no caer en el alarmismo - Radio Universidad Villa Mercedes 97.5 | UNSL","og_description":"Rafael Di Marco explic\u00f3 en Mientras Tanto qu\u00e9 lluvias se esperan durante El Ni\u00f1o y por qu\u00e9 es clave prevenir sin caer en el alarmismo.","og_url":"https:\/\/radio.fcejs.unsl.edu.ar\/index.php\/fenomeno-de-el-nino-prevencion-lluvias\/","og_site_name":"Radio Universidad Villa Mercedes 97.5 | UNSL","article_published_time":"2026-08-31T13:53:52+00:00","article_modified_time":"2026-08-31T15:18:09+00:00","og_image":[{"width":872,"height":568,"url":"https:\/\/radio.fcejs.unsl.edu.ar\/wp-content\/uploads\/2026\/08\/aaaaaa.jpg","type":"image\/jpeg"}],"author":"Magal\u00ed Martin","twitter_card":"summary_large_image","twitter_misc":{"Escrito por":"Magal\u00ed Martin","Tiempo de lectura":"2 minutos"},"schema":{"@context":"https:\/\/schema.org","@graph":[{"@type":"Article","@id":"https:\/\/radio.fcejs.unsl.edu.ar\/index.php\/fenomeno-de-el-nino-prevencion-lluvias\/#article","isPartOf":{"@id":"https:\/\/radio.fcejs.unsl.edu.ar\/index.php\/fenomeno-de-el-nino-prevencion-lluvias\/"},"author":{"name":"Magal\u00ed Martin","@id":"https:\/\/radio.fcejs.unsl.edu.ar\/#\/schema\/person\/183a98e050a71098628dcef2d35a0331"},"headline":"\u00bfEl Ni\u00f1o m\u00e1s fuerte de la historia? Un meteor\u00f3logo pide bajar el alarmismo y prepararse","datePublished":"2026-08-31T13:53:52+00:00","dateModified":"2026-08-31T15:18:09+00:00","mainEntityOfPage":{"@id":"https:\/\/radio.fcejs.unsl.edu.ar\/index.php\/fenomeno-de-el-nino-prevencion-lluvias\/"},"wordCount":317,"publisher":{"@id":"https:\/\/radio.fcejs.unsl.edu.ar\/#organization"},"image":{"@id":"https:\/\/radio.fcejs.unsl.edu.ar\/index.php\/fenomeno-de-el-nino-prevencion-lluvias\/#primaryimage"},"thumbnailUrl":"https:\/\/radio.fcejs.unsl.edu.ar\/wp-content\/uploads\/2026\/08\/aaaaaa.jpg","keywords":["El Ni\u00f1o 2026","fen\u00f3meno El Ni\u00f1o","lluvias intensas","lluvias por El Ni\u00f1o","precipitaciones","prevenci\u00f3n ante inundaciones","pron\u00f3stico clim\u00e1tico"],"articleSection":["Entrevistas","Opini\u00f3n"],"inLanguage":"es-AR"},{"@type":"WebPage","@id":"https:\/\/radio.fcejs.unsl.edu.ar\/index.php\/fenomeno-de-el-nino-prevencion-lluvias\/","url":"https:\/\/radio.fcejs.unsl.edu.ar\/index.php\/fenomeno-de-el-nino-prevencion-lluvias\/","name":"El Ni\u00f1o: un meteor\u00f3logo pide no caer en el alarmismo - Radio Universidad Villa Mercedes 97.5 | UNSL","isPartOf":{"@id":"https:\/\/radio.fcejs.unsl.edu.ar\/#website"},"primaryImageOfPage":{"@id":"https:\/\/radio.fcejs.unsl.edu.ar\/index.php\/fenomeno-de-el-nino-prevencion-lluvias\/#primaryimage"},"image":{"@id":"https:\/\/radio.fcejs.unsl.edu.ar\/index.php\/fenomeno-de-el-nino-prevencion-lluvias\/#primaryimage"},"thumbnailUrl":"https:\/\/radio.fcejs.unsl.edu.ar\/wp-content\/uploads\/2026\/08\/aaaaaa.jpg","datePublished":"2026-08-31T13:53:52+00:00","dateModified":"2026-08-31T15:18:09+00:00","description":"Rafael Di Marco explic\u00f3 en Mientras Tanto qu\u00e9 lluvias se esperan durante El Ni\u00f1o y por qu\u00e9 es clave prevenir sin caer en el alarmismo.","breadcrumb":{"@id":"https:\/\/radio.fcejs.unsl.edu.ar\/index.php\/fenomeno-de-el-nino-prevencion-lluvias\/#breadcrumb"},"inLanguage":"es-AR","potentialAction":[{"@type":"ReadAction","target":["https:\/\/radio.fcejs.unsl.edu.ar\/index.php\/fenomeno-de-el-nino-prevencion-lluvias\/"]}]},{"@type":"ImageObject","inLanguage":"es-AR","@id":"https:\/\/radio.fcejs.unsl.edu.ar\/index.php\/fenomeno-de-el-nino-prevencion-lluvias\/#primaryimage","url":"https:\/\/radio.fcejs.unsl.edu.ar\/wp-content\/uploads\/2026\/08\/aaaaaa.jpg","contentUrl":"https:\/\/radio.fcejs.unsl.edu.ar\/wp-content\/uploads\/2026\/08\/aaaaaa.jpg","width":872,"height":568,"caption":"sobre el ni\u00f1o"},{"@type":"BreadcrumbList","@id":"https:\/\/radio.fcejs.unsl.edu.ar\/index.php\/fenomeno-de-el-nino-prevencion-lluvias\/#breadcrumb","itemListElement":[{"@type":"ListItem","position":1,"name":"Inicio","item":"https:\/\/radio.fcejs.unsl.edu.ar\/"},{"@type":"ListItem","position":2,"name":"\u00bfEl Ni\u00f1o m\u00e1s fuerte de la historia? Un meteor\u00f3logo pide bajar el alarmismo y prepararse"}]},{"@type":"WebSite","@id":"https:\/\/radio.fcejs.unsl.edu.ar\/#website","url":"https:\/\/radio.fcejs.unsl.edu.ar\/","name":"Radio Universidad Villa Mercedes 97.5 | UNSL","description":"UNSL","publisher":{"@id":"https:\/\/radio.fcejs.unsl.edu.ar\/#organization"},"potentialAction":[{"@type":"SearchAction","target":{"@type":"EntryPoint","urlTemplate":"https:\/\/radio.fcejs.unsl.edu.ar\/?s={search_term_string}"},"query-input":{"@type":"PropertyValueSpecification","valueRequired":true,"valueName":"search_term_string"}}],"inLanguage":"es-AR"},{"@type":"Organization","@id":"https:\/\/radio.fcejs.unsl.edu.ar\/#organization","name":"Radio Universidad Villa Mercedes 97.5 | UNSL","url":"https:\/\/radio.fcejs.unsl.edu.ar\/","logo":{"@type":"ImageObject","inLanguage":"es-AR","@id":"https:\/\/radio.fcejs.unsl.edu.ar\/#\/schema\/logo\/image\/","url":"https:\/\/radio.fcejs.unsl.edu.ar\/wp-content\/uploads\/2023\/12\/cropped-radio-villa-mercedes-97-5.png","contentUrl":"https:\/\/radio.fcejs.unsl.edu.ar\/wp-content\/uploads\/2023\/12\/cropped-radio-villa-mercedes-97-5.png","width":908,"height":289,"caption":"Radio Universidad Villa Mercedes 97.5 | UNSL"},"image":{"@id":"https:\/\/radio.fcejs.unsl.edu.ar\/#\/schema\/logo\/image\/"}},{"@type":"Person","@id":"https:\/\/radio.fcejs.unsl.edu.ar\/#\/schema\/person\/183a98e050a71098628dcef2d35a0331","name":"Magal\u00ed Martin","url":"https:\/\/radio.fcejs.unsl.edu.ar\/index.php\/author\/mmartin\/"}]}},"_links":{"self":[{"href":"https:\/\/radio.fcejs.unsl.edu.ar\/index.php\/wp-json\/wp\/v2\/posts\/4784","targetHints":{"allow":["GET"]}}],"collection":[{"href":"https:\/\/radio.fcejs.unsl.edu.ar\/index.php\/wp-json\/wp\/v2\/posts"}],"about":[{"href":"https:\/\/radio.fcejs.unsl.edu.ar\/index.php\/wp-json\/wp\/v2\/types\/post"}],"author":[{"embeddable":true,"href":"https:\/\/radio.fcejs.unsl.edu.ar\/index.php\/wp-json\/wp\/v2\/users\/8"}],"replies":[{"embeddable":true,"href":"https:\/\/radio.fcejs.unsl.edu.ar\/index.php\/wp-json\/wp\/v2\/comments?post=4784"}],"version-history":[{"count":3,"href":"https:\/\/radio.fcejs.unsl.edu.ar\/index.php\/wp-json\/wp\/v2\/posts\/4784\/revisions"}],"predecessor-version":[{"id":4797,"href":"https:\/\/radio.fcejs.unsl.edu.ar\/index.php\/wp-json\/wp\/v2\/posts\/4784\/revisions\/4797"}],"wp:featuredmedia":[{"embeddable":true,"href":"https:\/\/radio.fcejs.unsl.edu.ar\/index.php\/wp-json\/wp\/v2\/media\/4796"}],"wp:attachment":[{"href":"https:\/\/radio.fcejs.unsl.edu.ar\/index.php\/wp-json\/wp\/v2\/media?parent=4784"}],"wp:term":[{"taxonomy":"category","embeddable":true,"href":"https:\/\/radio.fcejs.unsl.edu.ar\/index.php\/wp-json\/wp\/v2\/categories?post=4784"},{"taxonomy":"post_tag","embeddable":true,"href":"https:\/\/radio.fcejs.unsl.edu.ar\/index.php\/wp-json\/wp\/v2\/tags?post=4784"}],"curies":[{"name":"wp","href":"https:\/\/api.w.org\/{rel}","templated":true}]}}