{"id":3990,"date":"2026-04-22T18:12:46","date_gmt":"2026-04-22T21:12:46","guid":{"rendered":"https:\/\/radio.fcejs.unsl.edu.ar\/?p=3990"},"modified":"2026-04-22T18:36:45","modified_gmt":"2026-04-22T21:36:45","slug":"el-poder-transformador-del-intercambio-academico-global-el-dr-elias-escobedo-pacheco-visito-la-unsl","status":"publish","type":"post","link":"https:\/\/radio.fcejs.unsl.edu.ar\/index.php\/el-poder-transformador-del-intercambio-academico-global-el-dr-elias-escobedo-pacheco-visito-la-unsl\/","title":{"rendered":"Cooperaci\u00f3n sin fronteras: visita internacional potencia la investigaci\u00f3n en la FICA"},"content":{"rendered":"<p>Entrevistamos a <strong>El\u00edas Escobedo Pacheco, Doctor en Procesos de la Universidad Nacional de Moquegua (Per\u00fa)<\/strong>, quien estuvo visitando nuestros estudios de radio UNSL-VM, junto a la <strong>Ingeniera Luciana Balmaceda, directora del Departamento de Ing. de Procesos de la FICA-UNSL,\u00a0<\/strong>en el marco de su visita Internacional a Argentina y a distintas Universidades de nuestro pa\u00eds <strong>mediante el programa de Movilidad Acad\u00e9mica Administrativa de CRISCOS<\/strong> (Consejo de Rectoras y Rectores por la Integraci\u00f3n de la Subregi\u00f3n Centro Oeste de Sudam\u00e9rica).<\/p>\n<p>Juntos compartieron un momento de di\u00e1logo ameno, que nos invita a reflexionar y a entender que cuando las universidades comparten sus conocimientos a nivel internacional, se genera una sinergia que eleva la calidad acad\u00e9mica y fomenta una visi\u00f3n cr\u00edtica y global en estudiantes y docentes. Este flujo de ideas permite que las soluciones desarrolladas en un punto del planeta puedan adaptarse y aplicarse para resolver problemas regionales, fortaleciendo as\u00ed el tejido social y productivo de cada instituci\u00f3n.<\/p>\n<p data-path-to-node=\"5\">Sobre el impacto de estas experiencias, los protagonistas destacaron la apertura mental que conlleva la movilidad: <b data-path-to-node=\"5\" data-index-in-node=\"113\">&#8220;El intercambio no es solo acad\u00e9mico, es una oportunidad de entender que el conocimiento no tiene due\u00f1o y que crece cuando se comparte sin fronteras&#8221;, <\/b>dijo\u00a0 la Ing. Balmaceda.<\/p>\n<p data-path-to-node=\"6\">Adem\u00e1s, subrayaron que esta colaboraci\u00f3n es la clave para un desarrollo sostenible y equitativo: <b data-path-to-node=\"6\" data-index-in-node=\"101\">&#8220;Fortalecer los lazos internacionales es la mejor forma de asegurar que nuestra universidad y nuestra comunidad caminen a la par de los avances del mundo actual&#8221;, <\/b>resalt\u00f3 el Dr. Escobedo Pacheco.<\/p>\n<p data-path-to-node=\"6\">\ud83d\udc47<strong>Escucha la entrevista en el siguiente audio:\u00a0\u00a0<\/strong><\/p>\n<audio class=\"wp-audio-shortcode\" id=\"audio-3990-1\" preload=\"none\" style=\"width: 100%;\" controls=\"controls\"><source type=\"audio\/mpeg\" src=\"https:\/\/radioupload.fica.unsl.edu.ar\/files\/va\/intercambio%20edit.mp3?_=1\" \/><a href=\"https:\/\/radioupload.fica.unsl.edu.ar\/files\/va\/intercambio%20edit.mp3\">https:\/\/radioupload.fica.unsl.edu.ar\/files\/va\/intercambio%20edit.mp3<\/a><\/audio>\n<p>&nbsp;<\/p>\n<p>&nbsp;<\/p>\n<p>\u270d\ufe0f <strong>Entrevista realizada por Virginia Aguilera\u00a0<\/strong><\/p>\n<p>\ud83c\udf9b\ufe0f<strong>Operaci\u00f3n T\u00e9cnica: Federico Amodey <\/strong><\/p>\n<p>\ud83c\udf99\ufe0f <em>Radio UNSL Villa Mercedes 97.5 FM<\/em><\/p>\n","protected":false},"excerpt":{"rendered":"<p>Entrevistamos a El\u00edas Escobedo Pacheco, Doctor en Procesos de la Universidad Nacional de Moquegua (Per\u00fa), quien estuvo visitando nuestros estudios de radio UNSL-VM, junto a la Ingeniera Luciana Balmaceda, directora del Departamento de Ing. de Procesos de la FICA-UNSL,\u00a0en el marco de su visita Internacional a Argentina y a distintas Universidades de nuestro pa\u00eds mediante&#8230;<\/p>\n","protected":false},"author":5,"featured_media":3991,"comment_status":"closed","ping_status":"closed","sticky":false,"template":"","format":"standard","meta":{"_kad_post_transparent":"default","_kad_post_title":"default","_kad_post_layout":"default","_kad_post_sidebar_id":"","_kad_post_content_style":"default","_kad_post_vertical_padding":"default","_kad_post_feature":"","_kad_post_feature_position":"","_kad_post_header":false,"_kad_post_footer":false,"_kad_post_classname":"","footnotes":""},"categories":[14],"tags":[],"class_list":["post-3990","post","type-post","status-publish","format-standard","has-post-thumbnail","hentry","category-entrevistas"],"yoast_head":"<!-- This site is optimized with the Yoast SEO plugin v27.2 - https:\/\/yoast.com\/product\/yoast-seo-wordpress\/ -->\n<title>Cooperaci\u00f3n sin fronteras: visita internacional potencia la investigaci\u00f3n en la FICA - Radio Universidad Villa Mercedes 97.5 | UNSL<\/title>\n<meta name=\"robots\" content=\"index, follow, max-snippet:-1, max-image-preview:large, max-video-preview:-1\" \/>\n<link rel=\"canonical\" href=\"https:\/\/radio.fcejs.unsl.edu.ar\/index.php\/el-poder-transformador-del-intercambio-academico-global-el-dr-elias-escobedo-pacheco-visito-la-unsl\/\" \/>\n<meta property=\"og:locale\" content=\"es_ES\" \/>\n<meta property=\"og:type\" content=\"article\" \/>\n<meta property=\"og:title\" content=\"Cooperaci\u00f3n sin fronteras: visita internacional potencia la investigaci\u00f3n en la FICA - Radio Universidad Villa Mercedes 97.5 | UNSL\" \/>\n<meta property=\"og:description\" content=\"Entrevistamos a El\u00edas Escobedo Pacheco, Doctor en Procesos de la Universidad Nacional de Moquegua (Per\u00fa), quien estuvo visitando nuestros estudios de radio UNSL-VM, junto a la Ingeniera Luciana Balmaceda, directora del Departamento de Ing. de Procesos de la FICA-UNSL,\u00a0en el marco de su visita Internacional a Argentina y a distintas Universidades de nuestro pa\u00eds mediante...\" \/>\n<meta property=\"og:url\" content=\"https:\/\/radio.fcejs.unsl.edu.ar\/index.php\/el-poder-transformador-del-intercambio-academico-global-el-dr-elias-escobedo-pacheco-visito-la-unsl\/\" \/>\n<meta property=\"og:site_name\" content=\"Radio Universidad Villa Mercedes 97.5 | UNSL\" \/>\n<meta property=\"article:published_time\" content=\"2026-04-22T21:12:46+00:00\" \/>\n<meta property=\"article:modified_time\" content=\"2026-04-22T21:36:45+00:00\" \/>\n<meta property=\"og:image\" content=\"https:\/\/radio.fcejs.unsl.edu.ar\/wp-content\/uploads\/2026\/04\/Docentes-Balmaceda-y-Pacheco-scaled.jpg\" \/>\n\t<meta property=\"og:image:width\" content=\"2560\" \/>\n\t<meta property=\"og:image:height\" content=\"1182\" \/>\n\t<meta property=\"og:image:type\" content=\"image\/jpeg\" \/>\n<meta name=\"author\" content=\"Virginia Aguilera\" \/>\n<meta name=\"twitter:card\" content=\"summary_large_image\" \/>\n<meta name=\"twitter:label1\" content=\"Escrito por\" \/>\n\t<meta name=\"twitter:data1\" content=\"Virginia Aguilera\" \/>\n\t<meta name=\"twitter:label2\" content=\"Tiempo de lectura\" \/>\n\t<meta name=\"twitter:data2\" content=\"2 minutos\" \/>\n<script type=\"application\/ld+json\" class=\"yoast-schema-graph\">{\"@context\":\"https:\/\/schema.org\",\"@graph\":[{\"@type\":\"Article\",\"@id\":\"https:\/\/radio.fcejs.unsl.edu.ar\/index.php\/el-poder-transformador-del-intercambio-academico-global-el-dr-elias-escobedo-pacheco-visito-la-unsl\/#article\",\"isPartOf\":{\"@id\":\"https:\/\/radio.fcejs.unsl.edu.ar\/index.php\/el-poder-transformador-del-intercambio-academico-global-el-dr-elias-escobedo-pacheco-visito-la-unsl\/\"},\"author\":{\"name\":\"Virginia Aguilera\",\"@id\":\"https:\/\/radio.fcejs.unsl.edu.ar\/#\/schema\/person\/71179a56ee499ac8cd4e46f865c627c7\"},\"headline\":\"Cooperaci\u00f3n sin fronteras: visita internacional potencia la investigaci\u00f3n en la FICA\",\"datePublished\":\"2026-04-22T21:12:46+00:00\",\"dateModified\":\"2026-04-22T21:36:45+00:00\",\"mainEntityOfPage\":{\"@id\":\"https:\/\/radio.fcejs.unsl.edu.ar\/index.php\/el-poder-transformador-del-intercambio-academico-global-el-dr-elias-escobedo-pacheco-visito-la-unsl\/\"},\"wordCount\":312,\"publisher\":{\"@id\":\"https:\/\/radio.fcejs.unsl.edu.ar\/#organization\"},\"image\":{\"@id\":\"https:\/\/radio.fcejs.unsl.edu.ar\/index.php\/el-poder-transformador-del-intercambio-academico-global-el-dr-elias-escobedo-pacheco-visito-la-unsl\/#primaryimage\"},\"thumbnailUrl\":\"https:\/\/radio.fcejs.unsl.edu.ar\/wp-content\/uploads\/2026\/04\/Docentes-Balmaceda-y-Pacheco-scaled.jpg\",\"articleSection\":[\"Entrevistas\"],\"inLanguage\":\"es-AR\"},{\"@type\":\"WebPage\",\"@id\":\"https:\/\/radio.fcejs.unsl.edu.ar\/index.php\/el-poder-transformador-del-intercambio-academico-global-el-dr-elias-escobedo-pacheco-visito-la-unsl\/\",\"url\":\"https:\/\/radio.fcejs.unsl.edu.ar\/index.php\/el-poder-transformador-del-intercambio-academico-global-el-dr-elias-escobedo-pacheco-visito-la-unsl\/\",\"name\":\"Cooperaci\u00f3n sin fronteras: visita internacional potencia la investigaci\u00f3n en la FICA - Radio Universidad Villa Mercedes 97.5 | UNSL\",\"isPartOf\":{\"@id\":\"https:\/\/radio.fcejs.unsl.edu.ar\/#website\"},\"primaryImageOfPage\":{\"@id\":\"https:\/\/radio.fcejs.unsl.edu.ar\/index.php\/el-poder-transformador-del-intercambio-academico-global-el-dr-elias-escobedo-pacheco-visito-la-unsl\/#primaryimage\"},\"image\":{\"@id\":\"https:\/\/radio.fcejs.unsl.edu.ar\/index.php\/el-poder-transformador-del-intercambio-academico-global-el-dr-elias-escobedo-pacheco-visito-la-unsl\/#primaryimage\"},\"thumbnailUrl\":\"https:\/\/radio.fcejs.unsl.edu.ar\/wp-content\/uploads\/2026\/04\/Docentes-Balmaceda-y-Pacheco-scaled.jpg\",\"datePublished\":\"2026-04-22T21:12:46+00:00\",\"dateModified\":\"2026-04-22T21:36:45+00:00\",\"breadcrumb\":{\"@id\":\"https:\/\/radio.fcejs.unsl.edu.ar\/index.php\/el-poder-transformador-del-intercambio-academico-global-el-dr-elias-escobedo-pacheco-visito-la-unsl\/#breadcrumb\"},\"inLanguage\":\"es-AR\",\"potentialAction\":[{\"@type\":\"ReadAction\",\"target\":[\"https:\/\/radio.fcejs.unsl.edu.ar\/index.php\/el-poder-transformador-del-intercambio-academico-global-el-dr-elias-escobedo-pacheco-visito-la-unsl\/\"]}]},{\"@type\":\"ImageObject\",\"inLanguage\":\"es-AR\",\"@id\":\"https:\/\/radio.fcejs.unsl.edu.ar\/index.php\/el-poder-transformador-del-intercambio-academico-global-el-dr-elias-escobedo-pacheco-visito-la-unsl\/#primaryimage\",\"url\":\"https:\/\/radio.fcejs.unsl.edu.ar\/wp-content\/uploads\/2026\/04\/Docentes-Balmaceda-y-Pacheco-scaled.jpg\",\"contentUrl\":\"https:\/\/radio.fcejs.unsl.edu.ar\/wp-content\/uploads\/2026\/04\/Docentes-Balmaceda-y-Pacheco-scaled.jpg\",\"width\":2560,\"height\":1182},{\"@type\":\"BreadcrumbList\",\"@id\":\"https:\/\/radio.fcejs.unsl.edu.ar\/index.php\/el-poder-transformador-del-intercambio-academico-global-el-dr-elias-escobedo-pacheco-visito-la-unsl\/#breadcrumb\",\"itemListElement\":[{\"@type\":\"ListItem\",\"position\":1,\"name\":\"Inicio\",\"item\":\"https:\/\/radio.fcejs.unsl.edu.ar\/\"},{\"@type\":\"ListItem\",\"position\":2,\"name\":\"Cooperaci\u00f3n sin fronteras: visita internacional potencia la investigaci\u00f3n en la FICA\"}]},{\"@type\":\"WebSite\",\"@id\":\"https:\/\/radio.fcejs.unsl.edu.ar\/#website\",\"url\":\"https:\/\/radio.fcejs.unsl.edu.ar\/\",\"name\":\"Radio Universidad Villa Mercedes 97.5 | UNSL\",\"description\":\"UNSL\",\"publisher\":{\"@id\":\"https:\/\/radio.fcejs.unsl.edu.ar\/#organization\"},\"potentialAction\":[{\"@type\":\"SearchAction\",\"target\":{\"@type\":\"EntryPoint\",\"urlTemplate\":\"https:\/\/radio.fcejs.unsl.edu.ar\/?s={search_term_string}\"},\"query-input\":{\"@type\":\"PropertyValueSpecification\",\"valueRequired\":true,\"valueName\":\"search_term_string\"}}],\"inLanguage\":\"es-AR\"},{\"@type\":\"Organization\",\"@id\":\"https:\/\/radio.fcejs.unsl.edu.ar\/#organization\",\"name\":\"Radio Universidad Villa Mercedes 97.5 | UNSL\",\"url\":\"https:\/\/radio.fcejs.unsl.edu.ar\/\",\"logo\":{\"@type\":\"ImageObject\",\"inLanguage\":\"es-AR\",\"@id\":\"https:\/\/radio.fcejs.unsl.edu.ar\/#\/schema\/logo\/image\/\",\"url\":\"https:\/\/radio.fcejs.unsl.edu.ar\/wp-content\/uploads\/2023\/12\/cropped-radio-villa-mercedes-97-5.png\",\"contentUrl\":\"https:\/\/radio.fcejs.unsl.edu.ar\/wp-content\/uploads\/2023\/12\/cropped-radio-villa-mercedes-97-5.png\",\"width\":908,\"height\":289,\"caption\":\"Radio Universidad Villa Mercedes 97.5 | UNSL\"},\"image\":{\"@id\":\"https:\/\/radio.fcejs.unsl.edu.ar\/#\/schema\/logo\/image\/\"}},{\"@type\":\"Person\",\"@id\":\"https:\/\/radio.fcejs.unsl.edu.ar\/#\/schema\/person\/71179a56ee499ac8cd4e46f865c627c7\",\"name\":\"Virginia Aguilera\",\"url\":\"https:\/\/radio.fcejs.unsl.edu.ar\/index.php\/author\/viraguilera\/\"}]}<\/script>\n<!-- \/ Yoast SEO plugin. -->","yoast_head_json":{"title":"Cooperaci\u00f3n sin fronteras: visita internacional potencia la investigaci\u00f3n en la FICA - Radio Universidad Villa Mercedes 97.5 | UNSL","robots":{"index":"index","follow":"follow","max-snippet":"max-snippet:-1","max-image-preview":"max-image-preview:large","max-video-preview":"max-video-preview:-1"},"canonical":"https:\/\/radio.fcejs.unsl.edu.ar\/index.php\/el-poder-transformador-del-intercambio-academico-global-el-dr-elias-escobedo-pacheco-visito-la-unsl\/","og_locale":"es_ES","og_type":"article","og_title":"Cooperaci\u00f3n sin fronteras: visita internacional potencia la investigaci\u00f3n en la FICA - Radio Universidad Villa Mercedes 97.5 | UNSL","og_description":"Entrevistamos a El\u00edas Escobedo Pacheco, Doctor en Procesos de la Universidad Nacional de Moquegua (Per\u00fa), quien estuvo visitando nuestros estudios de radio UNSL-VM, junto a la Ingeniera Luciana Balmaceda, directora del Departamento de Ing. de Procesos de la FICA-UNSL,\u00a0en el marco de su visita Internacional a Argentina y a distintas Universidades de nuestro pa\u00eds mediante...","og_url":"https:\/\/radio.fcejs.unsl.edu.ar\/index.php\/el-poder-transformador-del-intercambio-academico-global-el-dr-elias-escobedo-pacheco-visito-la-unsl\/","og_site_name":"Radio Universidad Villa Mercedes 97.5 | UNSL","article_published_time":"2026-04-22T21:12:46+00:00","article_modified_time":"2026-04-22T21:36:45+00:00","og_image":[{"width":2560,"height":1182,"url":"https:\/\/radio.fcejs.unsl.edu.ar\/wp-content\/uploads\/2026\/04\/Docentes-Balmaceda-y-Pacheco-scaled.jpg","type":"image\/jpeg"}],"author":"Virginia Aguilera","twitter_card":"summary_large_image","twitter_misc":{"Escrito por":"Virginia Aguilera","Tiempo de lectura":"2 minutos"},"schema":{"@context":"https:\/\/schema.org","@graph":[{"@type":"Article","@id":"https:\/\/radio.fcejs.unsl.edu.ar\/index.php\/el-poder-transformador-del-intercambio-academico-global-el-dr-elias-escobedo-pacheco-visito-la-unsl\/#article","isPartOf":{"@id":"https:\/\/radio.fcejs.unsl.edu.ar\/index.php\/el-poder-transformador-del-intercambio-academico-global-el-dr-elias-escobedo-pacheco-visito-la-unsl\/"},"author":{"name":"Virginia Aguilera","@id":"https:\/\/radio.fcejs.unsl.edu.ar\/#\/schema\/person\/71179a56ee499ac8cd4e46f865c627c7"},"headline":"Cooperaci\u00f3n sin fronteras: visita internacional potencia la investigaci\u00f3n en la FICA","datePublished":"2026-04-22T21:12:46+00:00","dateModified":"2026-04-22T21:36:45+00:00","mainEntityOfPage":{"@id":"https:\/\/radio.fcejs.unsl.edu.ar\/index.php\/el-poder-transformador-del-intercambio-academico-global-el-dr-elias-escobedo-pacheco-visito-la-unsl\/"},"wordCount":312,"publisher":{"@id":"https:\/\/radio.fcejs.unsl.edu.ar\/#organization"},"image":{"@id":"https:\/\/radio.fcejs.unsl.edu.ar\/index.php\/el-poder-transformador-del-intercambio-academico-global-el-dr-elias-escobedo-pacheco-visito-la-unsl\/#primaryimage"},"thumbnailUrl":"https:\/\/radio.fcejs.unsl.edu.ar\/wp-content\/uploads\/2026\/04\/Docentes-Balmaceda-y-Pacheco-scaled.jpg","articleSection":["Entrevistas"],"inLanguage":"es-AR"},{"@type":"WebPage","@id":"https:\/\/radio.fcejs.unsl.edu.ar\/index.php\/el-poder-transformador-del-intercambio-academico-global-el-dr-elias-escobedo-pacheco-visito-la-unsl\/","url":"https:\/\/radio.fcejs.unsl.edu.ar\/index.php\/el-poder-transformador-del-intercambio-academico-global-el-dr-elias-escobedo-pacheco-visito-la-unsl\/","name":"Cooperaci\u00f3n sin fronteras: visita internacional potencia la investigaci\u00f3n en la FICA - Radio Universidad Villa Mercedes 97.5 | UNSL","isPartOf":{"@id":"https:\/\/radio.fcejs.unsl.edu.ar\/#website"},"primaryImageOfPage":{"@id":"https:\/\/radio.fcejs.unsl.edu.ar\/index.php\/el-poder-transformador-del-intercambio-academico-global-el-dr-elias-escobedo-pacheco-visito-la-unsl\/#primaryimage"},"image":{"@id":"https:\/\/radio.fcejs.unsl.edu.ar\/index.php\/el-poder-transformador-del-intercambio-academico-global-el-dr-elias-escobedo-pacheco-visito-la-unsl\/#primaryimage"},"thumbnailUrl":"https:\/\/radio.fcejs.unsl.edu.ar\/wp-content\/uploads\/2026\/04\/Docentes-Balmaceda-y-Pacheco-scaled.jpg","datePublished":"2026-04-22T21:12:46+00:00","dateModified":"2026-04-22T21:36:45+00:00","breadcrumb":{"@id":"https:\/\/radio.fcejs.unsl.edu.ar\/index.php\/el-poder-transformador-del-intercambio-academico-global-el-dr-elias-escobedo-pacheco-visito-la-unsl\/#breadcrumb"},"inLanguage":"es-AR","potentialAction":[{"@type":"ReadAction","target":["https:\/\/radio.fcejs.unsl.edu.ar\/index.php\/el-poder-transformador-del-intercambio-academico-global-el-dr-elias-escobedo-pacheco-visito-la-unsl\/"]}]},{"@type":"ImageObject","inLanguage":"es-AR","@id":"https:\/\/radio.fcejs.unsl.edu.ar\/index.php\/el-poder-transformador-del-intercambio-academico-global-el-dr-elias-escobedo-pacheco-visito-la-unsl\/#primaryimage","url":"https:\/\/radio.fcejs.unsl.edu.ar\/wp-content\/uploads\/2026\/04\/Docentes-Balmaceda-y-Pacheco-scaled.jpg","contentUrl":"https:\/\/radio.fcejs.unsl.edu.ar\/wp-content\/uploads\/2026\/04\/Docentes-Balmaceda-y-Pacheco-scaled.jpg","width":2560,"height":1182},{"@type":"BreadcrumbList","@id":"https:\/\/radio.fcejs.unsl.edu.ar\/index.php\/el-poder-transformador-del-intercambio-academico-global-el-dr-elias-escobedo-pacheco-visito-la-unsl\/#breadcrumb","itemListElement":[{"@type":"ListItem","position":1,"name":"Inicio","item":"https:\/\/radio.fcejs.unsl.edu.ar\/"},{"@type":"ListItem","position":2,"name":"Cooperaci\u00f3n sin fronteras: visita internacional potencia la investigaci\u00f3n en la FICA"}]},{"@type":"WebSite","@id":"https:\/\/radio.fcejs.unsl.edu.ar\/#website","url":"https:\/\/radio.fcejs.unsl.edu.ar\/","name":"Radio Universidad Villa Mercedes 97.5 | UNSL","description":"UNSL","publisher":{"@id":"https:\/\/radio.fcejs.unsl.edu.ar\/#organization"},"potentialAction":[{"@type":"SearchAction","target":{"@type":"EntryPoint","urlTemplate":"https:\/\/radio.fcejs.unsl.edu.ar\/?s={search_term_string}"},"query-input":{"@type":"PropertyValueSpecification","valueRequired":true,"valueName":"search_term_string"}}],"inLanguage":"es-AR"},{"@type":"Organization","@id":"https:\/\/radio.fcejs.unsl.edu.ar\/#organization","name":"Radio Universidad Villa Mercedes 97.5 | UNSL","url":"https:\/\/radio.fcejs.unsl.edu.ar\/","logo":{"@type":"ImageObject","inLanguage":"es-AR","@id":"https:\/\/radio.fcejs.unsl.edu.ar\/#\/schema\/logo\/image\/","url":"https:\/\/radio.fcejs.unsl.edu.ar\/wp-content\/uploads\/2023\/12\/cropped-radio-villa-mercedes-97-5.png","contentUrl":"https:\/\/radio.fcejs.unsl.edu.ar\/wp-content\/uploads\/2023\/12\/cropped-radio-villa-mercedes-97-5.png","width":908,"height":289,"caption":"Radio Universidad Villa Mercedes 97.5 | UNSL"},"image":{"@id":"https:\/\/radio.fcejs.unsl.edu.ar\/#\/schema\/logo\/image\/"}},{"@type":"Person","@id":"https:\/\/radio.fcejs.unsl.edu.ar\/#\/schema\/person\/71179a56ee499ac8cd4e46f865c627c7","name":"Virginia Aguilera","url":"https:\/\/radio.fcejs.unsl.edu.ar\/index.php\/author\/viraguilera\/"}]}},"_links":{"self":[{"href":"https:\/\/radio.fcejs.unsl.edu.ar\/index.php\/wp-json\/wp\/v2\/posts\/3990","targetHints":{"allow":["GET"]}}],"collection":[{"href":"https:\/\/radio.fcejs.unsl.edu.ar\/index.php\/wp-json\/wp\/v2\/posts"}],"about":[{"href":"https:\/\/radio.fcejs.unsl.edu.ar\/index.php\/wp-json\/wp\/v2\/types\/post"}],"author":[{"embeddable":true,"href":"https:\/\/radio.fcejs.unsl.edu.ar\/index.php\/wp-json\/wp\/v2\/users\/5"}],"replies":[{"embeddable":true,"href":"https:\/\/radio.fcejs.unsl.edu.ar\/index.php\/wp-json\/wp\/v2\/comments?post=3990"}],"version-history":[{"count":4,"href":"https:\/\/radio.fcejs.unsl.edu.ar\/index.php\/wp-json\/wp\/v2\/posts\/3990\/revisions"}],"predecessor-version":[{"id":3995,"href":"https:\/\/radio.fcejs.unsl.edu.ar\/index.php\/wp-json\/wp\/v2\/posts\/3990\/revisions\/3995"}],"wp:featuredmedia":[{"embeddable":true,"href":"https:\/\/radio.fcejs.unsl.edu.ar\/index.php\/wp-json\/wp\/v2\/media\/3991"}],"wp:attachment":[{"href":"https:\/\/radio.fcejs.unsl.edu.ar\/index.php\/wp-json\/wp\/v2\/media?parent=3990"}],"wp:term":[{"taxonomy":"category","embeddable":true,"href":"https:\/\/radio.fcejs.unsl.edu.ar\/index.php\/wp-json\/wp\/v2\/categories?post=3990"},{"taxonomy":"post_tag","embeddable":true,"href":"https:\/\/radio.fcejs.unsl.edu.ar\/index.php\/wp-json\/wp\/v2\/tags?post=3990"}],"curies":[{"name":"wp","href":"https:\/\/api.w.org\/{rel}","templated":true}]}}