{"id":3820,"date":"2026-03-13T11:23:14","date_gmt":"2026-03-13T14:23:14","guid":{"rendered":"https:\/\/radio.fcejs.unsl.edu.ar\/?p=3820"},"modified":"2026-03-13T11:42:00","modified_gmt":"2026-03-13T14:42:00","slug":"asumio-kast-en-chile-analizamos-el-giro-politico-en-la-region","status":"publish","type":"post","link":"https:\/\/radio.fcejs.unsl.edu.ar\/index.php\/asumio-kast-en-chile-analizamos-el-giro-politico-en-la-region\/","title":{"rendered":"Asumi\u00f3 Kast en Chile: Analizamos el giro pol\u00edtico en la regi\u00f3n"},"content":{"rendered":"<p data-start=\"65\" data-end=\"428\">En <strong data-start=\"68\" data-end=\"88\">Acento Mercedino<\/strong>, inauguramos\u00a0la columna de <strong data-start=\"146\" data-end=\"172\">Pol\u00edtica Internacional<\/strong> con el Lic. <strong data-start=\"185\" data-end=\"204\">Cristian Payero<\/strong>, docente en Geopol\u00edtica, Globalizaci\u00f3n y Seguridad de la Licenciatura en Seguridad P\u00fablica, sobre la reciente asunci\u00f3n de <span class=\"hover:entity-accent entity-underline inline cursor-pointer align-baseline\"><span class=\"whitespace-normal\">Jos\u00e9 Antonio Kast<\/span><\/span> como nuevo mandatario de <span class=\"hover:entity-accent entity-underline inline cursor-pointer align-baseline\"><span class=\"whitespace-normal\">Chile<\/span><\/span>.<\/p>\n<p data-start=\"430\" data-end=\"704\">Durante el programa a trav\u00e9s de comunicaci\u00f3n telef\u00f3nica dialogamos con el <strong>abogado y analista pol\u00edtico <span style=\"color: #0000ff\"><a style=\"color: #0000ff\" href=\"https:\/\/www.instagram.com\/jpinedaolcay\/\" target=\"_blank\" rel=\"noopener\"><span class=\"hover:entity-accent entity-underline inline cursor-pointer align-baseline\"><span class=\"whitespace-normal\">Javier Pineda<\/span><\/span><\/a><\/span>, director del <span style=\"color: #0000ff\"><a style=\"color: #0000ff\" href=\"https:\/\/www.elciudadano.com\/\" target=\"_blank\" rel=\"noopener\"><span class=\"hover:entity-accent entity-underline inline cursor-pointer align-baseline\"><span class=\"whitespace-normal\">Diario El Ciudadano<\/span><\/span><\/a><\/span><\/strong>, quien analiz\u00f3 el escenario pol\u00edtico que se abre tras el cambio de gobierno.<\/p>\n<h6 data-start=\"430\" data-end=\"704\">\ud83d\udcfb Escuch\u00e1 la columna de <strong data-start=\"2052\" data-end=\"2078\">Pol\u00edtica Internacional:<\/strong><\/h6>\n<audio class=\"wp-audio-shortcode\" id=\"audio-3820-1\" preload=\"none\" style=\"width: 100%;\" controls=\"controls\"><source type=\"audio\/mpeg\" src=\"https:\/\/radioupload.fica.unsl.edu.ar\/files\/mv\/Javier%20Periodista%20CHILE%2013-3-26-mp3.mp3?_=1\" \/><a href=\"https:\/\/radioupload.fica.unsl.edu.ar\/files\/mv\/Javier%20Periodista%20CHILE%2013-3-26-mp3.mp3\">https:\/\/radioupload.fica.unsl.edu.ar\/files\/mv\/Javier%20Periodista%20CHILE%2013-3-26-mp3.mp3<\/a><\/audio>\n<p data-start=\"706\" data-end=\"986\">Pineda se\u00f1al\u00f3 que el triunfo de Kast se explica en gran parte por <strong data-start=\"772\" data-end=\"892\">el desgaste del gobierno anterior de <span class=\"hover:entity-accent entity-underline inline cursor-pointer align-baseline\"><span class=\"whitespace-normal\">Gabriel Boric<\/span><\/span> y la decepci\u00f3n de sectores del electorado<\/strong>, adem\u00e1s de la instalaci\u00f3n en la agenda p\u00fablica de temas como la <strong data-start=\"957\" data-end=\"985\">seguridad y la migraci\u00f3n<\/strong>.<\/p>\n<p data-start=\"988\" data-end=\"1290\">Seg\u00fan el analista, el nuevo presidente representa <strong data-start=\"1038\" data-end=\"1077\">una derecha m\u00e1s dura y conservadora<\/strong>, con propuestas vinculadas a pol\u00edticas migratorias m\u00e1s restrictivas, una profundizaci\u00f3n del modelo econ\u00f3mico neoliberal y medidas orientadas a <strong data-start=\"1221\" data-end=\"1257\">beneficiar al sector empresarial<\/strong>, como la reducci\u00f3n de impuestos.<\/p>\n<p data-start=\"1292\" data-end=\"1531\">Durante la entrevista tambi\u00e9n se destac\u00f3 que el cambio pol\u00edtico en Chile <strong data-start=\"1365\" data-end=\"1404\">forma parte de un fen\u00f3meno regional<\/strong>, con el avance de gobiernos de derecha en varios pa\u00edses de Am\u00e9rica Latina, lo que reconfigura el mapa pol\u00edtico del continente.<\/p>\n<p data-start=\"1533\" data-end=\"1776\">Asimismo, Pineda advirti\u00f3 que el gobierno de Kast podr\u00eda <strong data-start=\"1590\" data-end=\"1716\">alinearse fuertemente con Estados Unidos y con la agenda internacional impulsada por <span class=\"hover:entity-accent entity-underline inline cursor-pointer align-baseline\"><span class=\"whitespace-normal\">Donald Trump<\/span><\/span><\/strong>, lo que marcar\u00eda un cambio en la pol\u00edtica exterior chilena.<\/p>\n<p data-start=\"1778\" data-end=\"2024\">En este contexto, los analistas coincidieron en que el nuevo escenario abre interrogantes sobre <strong data-start=\"1874\" data-end=\"1957\">el futuro de las pol\u00edticas sociales, los derechos laborales y el rol del Estado<\/strong>, en un momento de fuertes transformaciones pol\u00edticas en la regi\u00f3n.<\/p>\n<p data-start=\"2026\" data-end=\"2121\" data-is-last-node=\"\" data-is-only-node=\"\">\n","protected":false},"excerpt":{"rendered":"<p>En Acento Mercedino, inauguramos\u00a0la columna de Pol\u00edtica Internacional con el Lic. Cristian Payero, docente en Geopol\u00edtica, Globalizaci\u00f3n y Seguridad de la Licenciatura en Seguridad P\u00fablica, sobre la reciente asunci\u00f3n de Jos\u00e9 Antonio Kast como nuevo mandatario de Chile. Durante el programa a trav\u00e9s de comunicaci\u00f3n telef\u00f3nica dialogamos con el abogado y analista pol\u00edtico Javier Pineda,&#8230;<\/p>\n","protected":false},"author":7,"featured_media":3821,"comment_status":"closed","ping_status":"closed","sticky":false,"template":"","format":"standard","meta":{"_kad_post_transparent":"default","_kad_post_title":"default","_kad_post_layout":"default","_kad_post_sidebar_id":"","_kad_post_content_style":"default","_kad_post_vertical_padding":"default","_kad_post_feature":"","_kad_post_feature_position":"","_kad_post_header":false,"_kad_post_footer":false,"_kad_post_classname":"","footnotes":""},"categories":[14,16],"tags":[],"class_list":["post-3820","post","type-post","status-publish","format-standard","has-post-thumbnail","hentry","category-entrevistas","category-opinion"],"yoast_head":"<!-- This site is optimized with the Yoast SEO plugin v27.2 - https:\/\/yoast.com\/product\/yoast-seo-wordpress\/ -->\n<title>Asumi\u00f3 Kast en Chile: Analizamos el giro pol\u00edtico en la regi\u00f3n - Radio Universidad Villa Mercedes 97.5 | UNSL<\/title>\n<meta name=\"robots\" content=\"index, follow, max-snippet:-1, max-image-preview:large, max-video-preview:-1\" \/>\n<link rel=\"canonical\" href=\"https:\/\/radio.fcejs.unsl.edu.ar\/index.php\/asumio-kast-en-chile-analizamos-el-giro-politico-en-la-region\/\" \/>\n<meta property=\"og:locale\" content=\"es_ES\" \/>\n<meta property=\"og:type\" content=\"article\" \/>\n<meta property=\"og:title\" content=\"Asumi\u00f3 Kast en Chile: Analizamos el giro pol\u00edtico en la regi\u00f3n - Radio Universidad Villa Mercedes 97.5 | UNSL\" \/>\n<meta property=\"og:description\" content=\"En Acento Mercedino, inauguramos\u00a0la columna de Pol\u00edtica Internacional con el Lic. Cristian Payero, docente en Geopol\u00edtica, Globalizaci\u00f3n y Seguridad de la Licenciatura en Seguridad P\u00fablica, sobre la reciente asunci\u00f3n de Jos\u00e9 Antonio Kast como nuevo mandatario de Chile. Durante el programa a trav\u00e9s de comunicaci\u00f3n telef\u00f3nica dialogamos con el abogado y analista pol\u00edtico Javier Pineda,...\" \/>\n<meta property=\"og:url\" content=\"https:\/\/radio.fcejs.unsl.edu.ar\/index.php\/asumio-kast-en-chile-analizamos-el-giro-politico-en-la-region\/\" \/>\n<meta property=\"og:site_name\" content=\"Radio Universidad Villa Mercedes 97.5 | UNSL\" \/>\n<meta property=\"article:published_time\" content=\"2026-03-13T14:23:14+00:00\" \/>\n<meta property=\"article:modified_time\" content=\"2026-03-13T14:42:00+00:00\" \/>\n<meta property=\"og:image\" content=\"http:\/\/radio.fcejs.unsl.edu.ar\/wp-content\/uploads\/2026\/03\/176579656858638000.png\" \/>\n\t<meta property=\"og:image:width\" content=\"880\" \/>\n\t<meta property=\"og:image:height\" content=\"586\" \/>\n\t<meta property=\"og:image:type\" content=\"image\/png\" \/>\n<meta name=\"author\" content=\"Matias Videla\" \/>\n<meta name=\"twitter:card\" content=\"summary_large_image\" \/>\n<meta name=\"twitter:label1\" content=\"Escrito por\" \/>\n\t<meta name=\"twitter:data1\" content=\"Matias Videla\" \/>\n\t<meta name=\"twitter:label2\" content=\"Tiempo de lectura\" \/>\n\t<meta name=\"twitter:data2\" content=\"2 minutos\" \/>\n<script type=\"application\/ld+json\" class=\"yoast-schema-graph\">{\"@context\":\"https:\/\/schema.org\",\"@graph\":[{\"@type\":\"Article\",\"@id\":\"https:\/\/radio.fcejs.unsl.edu.ar\/index.php\/asumio-kast-en-chile-analizamos-el-giro-politico-en-la-region\/#article\",\"isPartOf\":{\"@id\":\"https:\/\/radio.fcejs.unsl.edu.ar\/index.php\/asumio-kast-en-chile-analizamos-el-giro-politico-en-la-region\/\"},\"author\":{\"name\":\"Matias Videla\",\"@id\":\"https:\/\/radio.fcejs.unsl.edu.ar\/#\/schema\/person\/acc8fccb15174977a9a97c2c6c9a046e\"},\"headline\":\"Asumi\u00f3 Kast en Chile: Analizamos el giro pol\u00edtico en la regi\u00f3n\",\"datePublished\":\"2026-03-13T14:23:14+00:00\",\"dateModified\":\"2026-03-13T14:42:00+00:00\",\"mainEntityOfPage\":{\"@id\":\"https:\/\/radio.fcejs.unsl.edu.ar\/index.php\/asumio-kast-en-chile-analizamos-el-giro-politico-en-la-region\/\"},\"wordCount\":338,\"publisher\":{\"@id\":\"https:\/\/radio.fcejs.unsl.edu.ar\/#organization\"},\"image\":{\"@id\":\"https:\/\/radio.fcejs.unsl.edu.ar\/index.php\/asumio-kast-en-chile-analizamos-el-giro-politico-en-la-region\/#primaryimage\"},\"thumbnailUrl\":\"https:\/\/radio.fcejs.unsl.edu.ar\/wp-content\/uploads\/2026\/03\/17251d5f-b20e-4915-aa91-9c4a71deb2d4_16-9-discover-aspect-ratio_default_0.jpg\",\"articleSection\":[\"Entrevistas\",\"Opini\u00f3n\"],\"inLanguage\":\"es-AR\"},{\"@type\":\"WebPage\",\"@id\":\"https:\/\/radio.fcejs.unsl.edu.ar\/index.php\/asumio-kast-en-chile-analizamos-el-giro-politico-en-la-region\/\",\"url\":\"https:\/\/radio.fcejs.unsl.edu.ar\/index.php\/asumio-kast-en-chile-analizamos-el-giro-politico-en-la-region\/\",\"name\":\"Asumi\u00f3 Kast en Chile: Analizamos el giro pol\u00edtico en la regi\u00f3n - Radio Universidad Villa Mercedes 97.5 | UNSL\",\"isPartOf\":{\"@id\":\"https:\/\/radio.fcejs.unsl.edu.ar\/#website\"},\"primaryImageOfPage\":{\"@id\":\"https:\/\/radio.fcejs.unsl.edu.ar\/index.php\/asumio-kast-en-chile-analizamos-el-giro-politico-en-la-region\/#primaryimage\"},\"image\":{\"@id\":\"https:\/\/radio.fcejs.unsl.edu.ar\/index.php\/asumio-kast-en-chile-analizamos-el-giro-politico-en-la-region\/#primaryimage\"},\"thumbnailUrl\":\"https:\/\/radio.fcejs.unsl.edu.ar\/wp-content\/uploads\/2026\/03\/17251d5f-b20e-4915-aa91-9c4a71deb2d4_16-9-discover-aspect-ratio_default_0.jpg\",\"datePublished\":\"2026-03-13T14:23:14+00:00\",\"dateModified\":\"2026-03-13T14:42:00+00:00\",\"breadcrumb\":{\"@id\":\"https:\/\/radio.fcejs.unsl.edu.ar\/index.php\/asumio-kast-en-chile-analizamos-el-giro-politico-en-la-region\/#breadcrumb\"},\"inLanguage\":\"es-AR\",\"potentialAction\":[{\"@type\":\"ReadAction\",\"target\":[\"https:\/\/radio.fcejs.unsl.edu.ar\/index.php\/asumio-kast-en-chile-analizamos-el-giro-politico-en-la-region\/\"]}]},{\"@type\":\"ImageObject\",\"inLanguage\":\"es-AR\",\"@id\":\"https:\/\/radio.fcejs.unsl.edu.ar\/index.php\/asumio-kast-en-chile-analizamos-el-giro-politico-en-la-region\/#primaryimage\",\"url\":\"https:\/\/radio.fcejs.unsl.edu.ar\/wp-content\/uploads\/2026\/03\/17251d5f-b20e-4915-aa91-9c4a71deb2d4_16-9-discover-aspect-ratio_default_0.jpg\",\"contentUrl\":\"https:\/\/radio.fcejs.unsl.edu.ar\/wp-content\/uploads\/2026\/03\/17251d5f-b20e-4915-aa91-9c4a71deb2d4_16-9-discover-aspect-ratio_default_0.jpg\",\"width\":1200,\"height\":675},{\"@type\":\"BreadcrumbList\",\"@id\":\"https:\/\/radio.fcejs.unsl.edu.ar\/index.php\/asumio-kast-en-chile-analizamos-el-giro-politico-en-la-region\/#breadcrumb\",\"itemListElement\":[{\"@type\":\"ListItem\",\"position\":1,\"name\":\"Inicio\",\"item\":\"https:\/\/radio.fcejs.unsl.edu.ar\/\"},{\"@type\":\"ListItem\",\"position\":2,\"name\":\"Asumi\u00f3 Kast en Chile: Analizamos el giro pol\u00edtico en la regi\u00f3n\"}]},{\"@type\":\"WebSite\",\"@id\":\"https:\/\/radio.fcejs.unsl.edu.ar\/#website\",\"url\":\"https:\/\/radio.fcejs.unsl.edu.ar\/\",\"name\":\"Radio Universidad Villa Mercedes 97.5 | UNSL\",\"description\":\"UNSL\",\"publisher\":{\"@id\":\"https:\/\/radio.fcejs.unsl.edu.ar\/#organization\"},\"potentialAction\":[{\"@type\":\"SearchAction\",\"target\":{\"@type\":\"EntryPoint\",\"urlTemplate\":\"https:\/\/radio.fcejs.unsl.edu.ar\/?s={search_term_string}\"},\"query-input\":{\"@type\":\"PropertyValueSpecification\",\"valueRequired\":true,\"valueName\":\"search_term_string\"}}],\"inLanguage\":\"es-AR\"},{\"@type\":\"Organization\",\"@id\":\"https:\/\/radio.fcejs.unsl.edu.ar\/#organization\",\"name\":\"Radio Universidad Villa Mercedes 97.5 | UNSL\",\"url\":\"https:\/\/radio.fcejs.unsl.edu.ar\/\",\"logo\":{\"@type\":\"ImageObject\",\"inLanguage\":\"es-AR\",\"@id\":\"https:\/\/radio.fcejs.unsl.edu.ar\/#\/schema\/logo\/image\/\",\"url\":\"https:\/\/radio.fcejs.unsl.edu.ar\/wp-content\/uploads\/2023\/12\/cropped-radio-villa-mercedes-97-5.png\",\"contentUrl\":\"https:\/\/radio.fcejs.unsl.edu.ar\/wp-content\/uploads\/2023\/12\/cropped-radio-villa-mercedes-97-5.png\",\"width\":908,\"height\":289,\"caption\":\"Radio Universidad Villa Mercedes 97.5 | UNSL\"},\"image\":{\"@id\":\"https:\/\/radio.fcejs.unsl.edu.ar\/#\/schema\/logo\/image\/\"}},{\"@type\":\"Person\",\"@id\":\"https:\/\/radio.fcejs.unsl.edu.ar\/#\/schema\/person\/acc8fccb15174977a9a97c2c6c9a046e\",\"name\":\"Matias Videla\",\"url\":\"https:\/\/radio.fcejs.unsl.edu.ar\/index.php\/author\/mvidela\/\"}]}<\/script>\n<!-- \/ Yoast SEO plugin. -->","yoast_head_json":{"title":"Asumi\u00f3 Kast en Chile: Analizamos el giro pol\u00edtico en la regi\u00f3n - Radio Universidad Villa Mercedes 97.5 | UNSL","robots":{"index":"index","follow":"follow","max-snippet":"max-snippet:-1","max-image-preview":"max-image-preview:large","max-video-preview":"max-video-preview:-1"},"canonical":"https:\/\/radio.fcejs.unsl.edu.ar\/index.php\/asumio-kast-en-chile-analizamos-el-giro-politico-en-la-region\/","og_locale":"es_ES","og_type":"article","og_title":"Asumi\u00f3 Kast en Chile: Analizamos el giro pol\u00edtico en la regi\u00f3n - Radio Universidad Villa Mercedes 97.5 | UNSL","og_description":"En Acento Mercedino, inauguramos\u00a0la columna de Pol\u00edtica Internacional con el Lic. Cristian Payero, docente en Geopol\u00edtica, Globalizaci\u00f3n y Seguridad de la Licenciatura en Seguridad P\u00fablica, sobre la reciente asunci\u00f3n de Jos\u00e9 Antonio Kast como nuevo mandatario de Chile. Durante el programa a trav\u00e9s de comunicaci\u00f3n telef\u00f3nica dialogamos con el abogado y analista pol\u00edtico Javier Pineda,...","og_url":"https:\/\/radio.fcejs.unsl.edu.ar\/index.php\/asumio-kast-en-chile-analizamos-el-giro-politico-en-la-region\/","og_site_name":"Radio Universidad Villa Mercedes 97.5 | UNSL","article_published_time":"2026-03-13T14:23:14+00:00","article_modified_time":"2026-03-13T14:42:00+00:00","og_image":[{"width":880,"height":586,"url":"http:\/\/radio.fcejs.unsl.edu.ar\/wp-content\/uploads\/2026\/03\/176579656858638000.png","type":"image\/png"}],"author":"Matias Videla","twitter_card":"summary_large_image","twitter_misc":{"Escrito por":"Matias Videla","Tiempo de lectura":"2 minutos"},"schema":{"@context":"https:\/\/schema.org","@graph":[{"@type":"Article","@id":"https:\/\/radio.fcejs.unsl.edu.ar\/index.php\/asumio-kast-en-chile-analizamos-el-giro-politico-en-la-region\/#article","isPartOf":{"@id":"https:\/\/radio.fcejs.unsl.edu.ar\/index.php\/asumio-kast-en-chile-analizamos-el-giro-politico-en-la-region\/"},"author":{"name":"Matias Videla","@id":"https:\/\/radio.fcejs.unsl.edu.ar\/#\/schema\/person\/acc8fccb15174977a9a97c2c6c9a046e"},"headline":"Asumi\u00f3 Kast en Chile: Analizamos el giro pol\u00edtico en la regi\u00f3n","datePublished":"2026-03-13T14:23:14+00:00","dateModified":"2026-03-13T14:42:00+00:00","mainEntityOfPage":{"@id":"https:\/\/radio.fcejs.unsl.edu.ar\/index.php\/asumio-kast-en-chile-analizamos-el-giro-politico-en-la-region\/"},"wordCount":338,"publisher":{"@id":"https:\/\/radio.fcejs.unsl.edu.ar\/#organization"},"image":{"@id":"https:\/\/radio.fcejs.unsl.edu.ar\/index.php\/asumio-kast-en-chile-analizamos-el-giro-politico-en-la-region\/#primaryimage"},"thumbnailUrl":"https:\/\/radio.fcejs.unsl.edu.ar\/wp-content\/uploads\/2026\/03\/17251d5f-b20e-4915-aa91-9c4a71deb2d4_16-9-discover-aspect-ratio_default_0.jpg","articleSection":["Entrevistas","Opini\u00f3n"],"inLanguage":"es-AR"},{"@type":"WebPage","@id":"https:\/\/radio.fcejs.unsl.edu.ar\/index.php\/asumio-kast-en-chile-analizamos-el-giro-politico-en-la-region\/","url":"https:\/\/radio.fcejs.unsl.edu.ar\/index.php\/asumio-kast-en-chile-analizamos-el-giro-politico-en-la-region\/","name":"Asumi\u00f3 Kast en Chile: Analizamos el giro pol\u00edtico en la regi\u00f3n - Radio Universidad Villa Mercedes 97.5 | UNSL","isPartOf":{"@id":"https:\/\/radio.fcejs.unsl.edu.ar\/#website"},"primaryImageOfPage":{"@id":"https:\/\/radio.fcejs.unsl.edu.ar\/index.php\/asumio-kast-en-chile-analizamos-el-giro-politico-en-la-region\/#primaryimage"},"image":{"@id":"https:\/\/radio.fcejs.unsl.edu.ar\/index.php\/asumio-kast-en-chile-analizamos-el-giro-politico-en-la-region\/#primaryimage"},"thumbnailUrl":"https:\/\/radio.fcejs.unsl.edu.ar\/wp-content\/uploads\/2026\/03\/17251d5f-b20e-4915-aa91-9c4a71deb2d4_16-9-discover-aspect-ratio_default_0.jpg","datePublished":"2026-03-13T14:23:14+00:00","dateModified":"2026-03-13T14:42:00+00:00","breadcrumb":{"@id":"https:\/\/radio.fcejs.unsl.edu.ar\/index.php\/asumio-kast-en-chile-analizamos-el-giro-politico-en-la-region\/#breadcrumb"},"inLanguage":"es-AR","potentialAction":[{"@type":"ReadAction","target":["https:\/\/radio.fcejs.unsl.edu.ar\/index.php\/asumio-kast-en-chile-analizamos-el-giro-politico-en-la-region\/"]}]},{"@type":"ImageObject","inLanguage":"es-AR","@id":"https:\/\/radio.fcejs.unsl.edu.ar\/index.php\/asumio-kast-en-chile-analizamos-el-giro-politico-en-la-region\/#primaryimage","url":"https:\/\/radio.fcejs.unsl.edu.ar\/wp-content\/uploads\/2026\/03\/17251d5f-b20e-4915-aa91-9c4a71deb2d4_16-9-discover-aspect-ratio_default_0.jpg","contentUrl":"https:\/\/radio.fcejs.unsl.edu.ar\/wp-content\/uploads\/2026\/03\/17251d5f-b20e-4915-aa91-9c4a71deb2d4_16-9-discover-aspect-ratio_default_0.jpg","width":1200,"height":675},{"@type":"BreadcrumbList","@id":"https:\/\/radio.fcejs.unsl.edu.ar\/index.php\/asumio-kast-en-chile-analizamos-el-giro-politico-en-la-region\/#breadcrumb","itemListElement":[{"@type":"ListItem","position":1,"name":"Inicio","item":"https:\/\/radio.fcejs.unsl.edu.ar\/"},{"@type":"ListItem","position":2,"name":"Asumi\u00f3 Kast en Chile: Analizamos el giro pol\u00edtico en la regi\u00f3n"}]},{"@type":"WebSite","@id":"https:\/\/radio.fcejs.unsl.edu.ar\/#website","url":"https:\/\/radio.fcejs.unsl.edu.ar\/","name":"Radio Universidad Villa Mercedes 97.5 | UNSL","description":"UNSL","publisher":{"@id":"https:\/\/radio.fcejs.unsl.edu.ar\/#organization"},"potentialAction":[{"@type":"SearchAction","target":{"@type":"EntryPoint","urlTemplate":"https:\/\/radio.fcejs.unsl.edu.ar\/?s={search_term_string}"},"query-input":{"@type":"PropertyValueSpecification","valueRequired":true,"valueName":"search_term_string"}}],"inLanguage":"es-AR"},{"@type":"Organization","@id":"https:\/\/radio.fcejs.unsl.edu.ar\/#organization","name":"Radio Universidad Villa Mercedes 97.5 | UNSL","url":"https:\/\/radio.fcejs.unsl.edu.ar\/","logo":{"@type":"ImageObject","inLanguage":"es-AR","@id":"https:\/\/radio.fcejs.unsl.edu.ar\/#\/schema\/logo\/image\/","url":"https:\/\/radio.fcejs.unsl.edu.ar\/wp-content\/uploads\/2023\/12\/cropped-radio-villa-mercedes-97-5.png","contentUrl":"https:\/\/radio.fcejs.unsl.edu.ar\/wp-content\/uploads\/2023\/12\/cropped-radio-villa-mercedes-97-5.png","width":908,"height":289,"caption":"Radio Universidad Villa Mercedes 97.5 | UNSL"},"image":{"@id":"https:\/\/radio.fcejs.unsl.edu.ar\/#\/schema\/logo\/image\/"}},{"@type":"Person","@id":"https:\/\/radio.fcejs.unsl.edu.ar\/#\/schema\/person\/acc8fccb15174977a9a97c2c6c9a046e","name":"Matias Videla","url":"https:\/\/radio.fcejs.unsl.edu.ar\/index.php\/author\/mvidela\/"}]}},"_links":{"self":[{"href":"https:\/\/radio.fcejs.unsl.edu.ar\/index.php\/wp-json\/wp\/v2\/posts\/3820","targetHints":{"allow":["GET"]}}],"collection":[{"href":"https:\/\/radio.fcejs.unsl.edu.ar\/index.php\/wp-json\/wp\/v2\/posts"}],"about":[{"href":"https:\/\/radio.fcejs.unsl.edu.ar\/index.php\/wp-json\/wp\/v2\/types\/post"}],"author":[{"embeddable":true,"href":"https:\/\/radio.fcejs.unsl.edu.ar\/index.php\/wp-json\/wp\/v2\/users\/7"}],"replies":[{"embeddable":true,"href":"https:\/\/radio.fcejs.unsl.edu.ar\/index.php\/wp-json\/wp\/v2\/comments?post=3820"}],"version-history":[{"count":4,"href":"https:\/\/radio.fcejs.unsl.edu.ar\/index.php\/wp-json\/wp\/v2\/posts\/3820\/revisions"}],"predecessor-version":[{"id":3826,"href":"https:\/\/radio.fcejs.unsl.edu.ar\/index.php\/wp-json\/wp\/v2\/posts\/3820\/revisions\/3826"}],"wp:featuredmedia":[{"embeddable":true,"href":"https:\/\/radio.fcejs.unsl.edu.ar\/index.php\/wp-json\/wp\/v2\/media\/3821"}],"wp:attachment":[{"href":"https:\/\/radio.fcejs.unsl.edu.ar\/index.php\/wp-json\/wp\/v2\/media?parent=3820"}],"wp:term":[{"taxonomy":"category","embeddable":true,"href":"https:\/\/radio.fcejs.unsl.edu.ar\/index.php\/wp-json\/wp\/v2\/categories?post=3820"},{"taxonomy":"post_tag","embeddable":true,"href":"https:\/\/radio.fcejs.unsl.edu.ar\/index.php\/wp-json\/wp\/v2\/tags?post=3820"}],"curies":[{"name":"wp","href":"https:\/\/api.w.org\/{rel}","templated":true}]}}