{"id":3817,"date":"2026-03-12T18:49:30","date_gmt":"2026-03-12T21:49:30","guid":{"rendered":"https:\/\/radio.fcejs.unsl.edu.ar\/?p=3817"},"modified":"2026-03-12T18:49:30","modified_gmt":"2026-03-12T21:49:30","slug":"transformar-el-cuidado-desde-la-raiz-la-unsl-lanza-una-nueva-cohorte-de-su-diplomatura-en-salud-integral","status":"publish","type":"post","link":"https:\/\/radio.fcejs.unsl.edu.ar\/index.php\/transformar-el-cuidado-desde-la-raiz-la-unsl-lanza-una-nueva-cohorte-de-su-diplomatura-en-salud-integral\/","title":{"rendered":"Transformar el cuidado desde la ra\u00edz: La UNSL lanza una nueva cohorte de su diplomatura en Salud Integral"},"content":{"rendered":"<p>Tras el \u00e9xito rotundo de su primera edici\u00f3n en la localidad de Uni\u00f3n, la <strong>Facultad de Ciencias Econ\u00f3micas, Jur\u00eddicas y Sociales (FCEJS)<\/strong> de la Universidad Nacional de San Luis (UNSL) abre las puertas a una nueva cohorte de la <strong>Diplomatura de Extensi\u00f3n en \u201cAsistencia en Salud Integral para la Comunidad\u201d<\/strong>. Esta propuesta, que naci\u00f3 como respuesta a una necesidad concreta del sur provincial, regresa con una modalidad renovada para alcanzar a m\u00e1s personas.<\/p>\n<p>A fin de conocer m\u00e1s sobre esta propuesta, en Radio UNSL-VM, dialogamos con integrantes del equipo docente y de organizaci\u00f3n de la Diplomatura: la <strong>Mgtr. Jaquelina Nanclares<\/strong>, y la <strong>Dra. Roxana Lobos<\/strong>.<\/p>\n<p><strong><u>Un origen marcado por el territorio<\/u><\/strong><\/p>\n<p>La diplomatura surgi\u00f3 de un relevamiento profundo en el departamento Dupuy. La <strong>Dra. Roxana Lobos<\/strong>, docente e investigadora de la UNSL, record\u00f3 c\u00f3mo el equipo se involucr\u00f3 directamente con la zona:<\/p>\n<p><em>&#8220;Nos hicimos presente en esa localidad tratando de relevar las necesidades que en ese momento se presentaban&#8230; relevamos que las necesidades ten\u00edan que ver con educaci\u00f3n, salud, seguridad, cuidados&#8221;<\/em>.<\/p>\n<p><strong><u>\u00c9xito en Uni\u00f3n y expansi\u00f3n a Villa Mercedes<\/u><\/strong><\/p>\n<p>La primera cohorte en 2025 fue un hito para la regi\u00f3n, logrando la graduaci\u00f3n de m\u00e1s de 60 personas de diversas localidades como Fort\u00edn El Patria, Anchorena y Nahuel Mapa. Seg\u00fan explica la <strong>Mgtr. Jaquelina Nanclares<\/strong>, tambi\u00e9n docente de la UNSL, la clave fue la apertura:<\/p>\n<p><em>&#8220;Egresaron el a\u00f1o pasado m\u00e1s de 60 personas&#8230; no solamente personas que hubieran terminado el colegio secundario, sino tambi\u00e9n profesionales de la salud y de la educaci\u00f3n&#8221;<\/em>.<\/p>\n<p>Para esta nueva etapa, el epicentro ser\u00e1 <strong>Villa Mercedes<\/strong>, pero con una gran novedad tecnol\u00f3gica: la modalidad ser\u00e1 <strong>h\u00edbrida<\/strong>. Esto permitir\u00e1 que las clases sean presenciales para los residentes locales y virtuales para quienes se encuentren en el interior de la provincia o en otras latitudes.<\/p>\n<p><strong>\u00bfPor qu\u00e9 &#8220;Integral&#8221;?<\/strong><\/p>\n<p>El programa no se limita a la medicina tradicional, sino que aborda al sujeto como un ser <strong>biopsicosocial<\/strong>. Para ello, cuenta con un equipo interdisciplinario de lujo que incluye m\u00e9dicos, trabajadores sociales, psic\u00f3logos, odont\u00f3logos y fisioterapeutas.<\/p>\n<p>La <strong>Dra. Lobos<\/strong> destaca que la formaci\u00f3n es \u00fanica en la zona:<\/p>\n<p><em>&#8220;No es muy com\u00fan que formaciones de estas caracter\u00edsticas se den en esas latitudes&#8230; la propuesta trabaj\u00f3 y manej\u00f3 distintas dimensiones que hacen al desarrollo del territorio&#8221;<\/em>.<\/p>\n<p><strong>Informaci\u00f3n Clave y Reuni\u00f3n Informativa<\/strong><\/p>\n<p>La diplomatura consta de <strong>5 m\u00f3dulos<\/strong> que abarcan todas las etapas del desarrollo humano, con \u00e9nfasis en la prevenci\u00f3n y el conocimiento general de la salud.<\/p>\n<ul>\n<li><strong>Requisitos:<\/strong> Tener el secundario completo.<\/li>\n<li><strong>Reuni\u00f3n Informativa:<\/strong> Se realizar\u00e1 una charla virtual este <strong>viernes 13 de marzo a las 19:00 horas<\/strong> v\u00eda Zoom o Meet para explicar el cronograma y los contenidos.<\/li>\n<li><strong>Contacto e inscripciones:<\/strong> Los interesados deben escribir al correo electr\u00f3nico <strong><a href=\"mailto:diploasistenciaensaludintegral@gmail.com\">diploasistenciaensaludintegral@gmail.com<\/a> <\/strong><\/li>\n<\/ul>\n<p><strong>**Escucha la entrevista realizada en el siguiente audio:<\/strong><\/p>\n<audio class=\"wp-audio-shortcode\" id=\"audio-3817-1\" preload=\"none\" style=\"width: 100%;\" controls=\"controls\"><source type=\"audio\/mpeg\" src=\"https:\/\/radioupload.fica.unsl.edu.ar\/files\/va\/Nueva%20Cohorte%20Diplomatura%20Salud%20Integral%20FCEJS-%20audio%20entero%20editado.mp3?_=1\" \/><a href=\"https:\/\/radioupload.fica.unsl.edu.ar\/files\/va\/Nueva%20Cohorte%20Diplomatura%20Salud%20Integral%20FCEJS-%20audio%20entero%20editado.mp3\">https:\/\/radioupload.fica.unsl.edu.ar\/files\/va\/Nueva%20Cohorte%20Diplomatura%20Salud%20Integral%20FCEJS-%20audio%20entero%20editado.mp3<\/a><\/audio>\n<p>&nbsp;<\/p>\n<p>\u270d\ufe0f <strong data-start=\"424\" data-end=\"470\">Entrevista realizada por Virginia Aguilera<\/strong><\/p>\n<p>\ud83c\udf9b\ufe0f<strong>Operaci\u00f3n T\u00e9cnica: Federico Amodey <\/strong><\/p>\n<p>\ud83c\udf99\ufe0f <em data-start=\"477\" data-end=\"512\" data-is-last-node=\"\">Radio UNSL Villa Mercedes 97.5 FM<\/em><\/p>\n","protected":false},"excerpt":{"rendered":"<p>Tras el \u00e9xito rotundo de su primera edici\u00f3n en la localidad de Uni\u00f3n, la Facultad de Ciencias Econ\u00f3micas, Jur\u00eddicas y Sociales (FCEJS) de la Universidad Nacional de San Luis (UNSL) abre las puertas a una nueva cohorte de la Diplomatura de Extensi\u00f3n en \u201cAsistencia en Salud Integral para la Comunidad\u201d. Esta propuesta, que naci\u00f3 como&#8230;<\/p>\n","protected":false},"author":5,"featured_media":3818,"comment_status":"closed","ping_status":"closed","sticky":false,"template":"","format":"standard","meta":{"_kad_post_transparent":"default","_kad_post_title":"default","_kad_post_layout":"default","_kad_post_sidebar_id":"","_kad_post_content_style":"default","_kad_post_vertical_padding":"default","_kad_post_feature":"","_kad_post_feature_position":"","_kad_post_header":false,"_kad_post_footer":false,"_kad_post_classname":"","footnotes":""},"categories":[14],"tags":[],"class_list":["post-3817","post","type-post","status-publish","format-standard","has-post-thumbnail","hentry","category-entrevistas"],"yoast_head":"<!-- This site is optimized with the Yoast SEO plugin v27.2 - https:\/\/yoast.com\/product\/yoast-seo-wordpress\/ -->\n<title>Transformar el cuidado desde la ra\u00edz: La UNSL lanza una nueva cohorte de su diplomatura en Salud Integral - Radio Universidad Villa Mercedes 97.5 | UNSL<\/title>\n<meta name=\"robots\" content=\"index, follow, max-snippet:-1, max-image-preview:large, max-video-preview:-1\" \/>\n<link rel=\"canonical\" href=\"https:\/\/radio.fcejs.unsl.edu.ar\/index.php\/transformar-el-cuidado-desde-la-raiz-la-unsl-lanza-una-nueva-cohorte-de-su-diplomatura-en-salud-integral\/\" \/>\n<meta property=\"og:locale\" content=\"es_ES\" \/>\n<meta property=\"og:type\" content=\"article\" \/>\n<meta property=\"og:title\" content=\"Transformar el cuidado desde la ra\u00edz: La UNSL lanza una nueva cohorte de su diplomatura en Salud Integral - Radio Universidad Villa Mercedes 97.5 | UNSL\" \/>\n<meta property=\"og:description\" content=\"Tras el \u00e9xito rotundo de su primera edici\u00f3n en la localidad de Uni\u00f3n, la Facultad de Ciencias Econ\u00f3micas, Jur\u00eddicas y Sociales (FCEJS) de la Universidad Nacional de San Luis (UNSL) abre las puertas a una nueva cohorte de la Diplomatura de Extensi\u00f3n en \u201cAsistencia en Salud Integral para la Comunidad\u201d. Esta propuesta, que naci\u00f3 como...\" \/>\n<meta property=\"og:url\" content=\"https:\/\/radio.fcejs.unsl.edu.ar\/index.php\/transformar-el-cuidado-desde-la-raiz-la-unsl-lanza-una-nueva-cohorte-de-su-diplomatura-en-salud-integral\/\" \/>\n<meta property=\"og:site_name\" content=\"Radio Universidad Villa Mercedes 97.5 | UNSL\" \/>\n<meta property=\"article:published_time\" content=\"2026-03-12T21:49:30+00:00\" \/>\n<meta property=\"og:image\" content=\"http:\/\/radio.fcejs.unsl.edu.ar\/wp-content\/uploads\/2026\/03\/Docentes-Diplomatura-Nanclares-Lobos-scaled.jpg\" \/>\n\t<meta property=\"og:image:width\" content=\"2560\" \/>\n\t<meta property=\"og:image:height\" content=\"1182\" \/>\n\t<meta property=\"og:image:type\" content=\"image\/jpeg\" \/>\n<meta name=\"author\" content=\"Virginia Aguilera\" \/>\n<meta name=\"twitter:card\" content=\"summary_large_image\" \/>\n<meta name=\"twitter:label1\" content=\"Escrito por\" \/>\n\t<meta name=\"twitter:data1\" content=\"Virginia Aguilera\" \/>\n\t<meta name=\"twitter:label2\" content=\"Tiempo de lectura\" \/>\n\t<meta name=\"twitter:data2\" content=\"3 minutos\" \/>\n<script type=\"application\/ld+json\" class=\"yoast-schema-graph\">{\"@context\":\"https:\/\/schema.org\",\"@graph\":[{\"@type\":\"Article\",\"@id\":\"https:\/\/radio.fcejs.unsl.edu.ar\/index.php\/transformar-el-cuidado-desde-la-raiz-la-unsl-lanza-una-nueva-cohorte-de-su-diplomatura-en-salud-integral\/#article\",\"isPartOf\":{\"@id\":\"https:\/\/radio.fcejs.unsl.edu.ar\/index.php\/transformar-el-cuidado-desde-la-raiz-la-unsl-lanza-una-nueva-cohorte-de-su-diplomatura-en-salud-integral\/\"},\"author\":{\"name\":\"Virginia Aguilera\",\"@id\":\"https:\/\/radio.fcejs.unsl.edu.ar\/#\/schema\/person\/71179a56ee499ac8cd4e46f865c627c7\"},\"headline\":\"Transformar el cuidado desde la ra\u00edz: La UNSL lanza una nueva cohorte de su diplomatura en Salud Integral\",\"datePublished\":\"2026-03-12T21:49:30+00:00\",\"mainEntityOfPage\":{\"@id\":\"https:\/\/radio.fcejs.unsl.edu.ar\/index.php\/transformar-el-cuidado-desde-la-raiz-la-unsl-lanza-una-nueva-cohorte-de-su-diplomatura-en-salud-integral\/\"},\"wordCount\":548,\"publisher\":{\"@id\":\"https:\/\/radio.fcejs.unsl.edu.ar\/#organization\"},\"image\":{\"@id\":\"https:\/\/radio.fcejs.unsl.edu.ar\/index.php\/transformar-el-cuidado-desde-la-raiz-la-unsl-lanza-una-nueva-cohorte-de-su-diplomatura-en-salud-integral\/#primaryimage\"},\"thumbnailUrl\":\"https:\/\/radio.fcejs.unsl.edu.ar\/wp-content\/uploads\/2026\/03\/Docentes-Diplomatura-Nanclares-Lobos-scaled.jpg\",\"articleSection\":[\"Entrevistas\"],\"inLanguage\":\"es-AR\"},{\"@type\":\"WebPage\",\"@id\":\"https:\/\/radio.fcejs.unsl.edu.ar\/index.php\/transformar-el-cuidado-desde-la-raiz-la-unsl-lanza-una-nueva-cohorte-de-su-diplomatura-en-salud-integral\/\",\"url\":\"https:\/\/radio.fcejs.unsl.edu.ar\/index.php\/transformar-el-cuidado-desde-la-raiz-la-unsl-lanza-una-nueva-cohorte-de-su-diplomatura-en-salud-integral\/\",\"name\":\"Transformar el cuidado desde la ra\u00edz: La UNSL lanza una nueva cohorte de su diplomatura en Salud Integral - Radio Universidad Villa Mercedes 97.5 | UNSL\",\"isPartOf\":{\"@id\":\"https:\/\/radio.fcejs.unsl.edu.ar\/#website\"},\"primaryImageOfPage\":{\"@id\":\"https:\/\/radio.fcejs.unsl.edu.ar\/index.php\/transformar-el-cuidado-desde-la-raiz-la-unsl-lanza-una-nueva-cohorte-de-su-diplomatura-en-salud-integral\/#primaryimage\"},\"image\":{\"@id\":\"https:\/\/radio.fcejs.unsl.edu.ar\/index.php\/transformar-el-cuidado-desde-la-raiz-la-unsl-lanza-una-nueva-cohorte-de-su-diplomatura-en-salud-integral\/#primaryimage\"},\"thumbnailUrl\":\"https:\/\/radio.fcejs.unsl.edu.ar\/wp-content\/uploads\/2026\/03\/Docentes-Diplomatura-Nanclares-Lobos-scaled.jpg\",\"datePublished\":\"2026-03-12T21:49:30+00:00\",\"breadcrumb\":{\"@id\":\"https:\/\/radio.fcejs.unsl.edu.ar\/index.php\/transformar-el-cuidado-desde-la-raiz-la-unsl-lanza-una-nueva-cohorte-de-su-diplomatura-en-salud-integral\/#breadcrumb\"},\"inLanguage\":\"es-AR\",\"potentialAction\":[{\"@type\":\"ReadAction\",\"target\":[\"https:\/\/radio.fcejs.unsl.edu.ar\/index.php\/transformar-el-cuidado-desde-la-raiz-la-unsl-lanza-una-nueva-cohorte-de-su-diplomatura-en-salud-integral\/\"]}]},{\"@type\":\"ImageObject\",\"inLanguage\":\"es-AR\",\"@id\":\"https:\/\/radio.fcejs.unsl.edu.ar\/index.php\/transformar-el-cuidado-desde-la-raiz-la-unsl-lanza-una-nueva-cohorte-de-su-diplomatura-en-salud-integral\/#primaryimage\",\"url\":\"https:\/\/radio.fcejs.unsl.edu.ar\/wp-content\/uploads\/2026\/03\/Docentes-Diplomatura-Nanclares-Lobos-scaled.jpg\",\"contentUrl\":\"https:\/\/radio.fcejs.unsl.edu.ar\/wp-content\/uploads\/2026\/03\/Docentes-Diplomatura-Nanclares-Lobos-scaled.jpg\",\"width\":2560,\"height\":1182},{\"@type\":\"BreadcrumbList\",\"@id\":\"https:\/\/radio.fcejs.unsl.edu.ar\/index.php\/transformar-el-cuidado-desde-la-raiz-la-unsl-lanza-una-nueva-cohorte-de-su-diplomatura-en-salud-integral\/#breadcrumb\",\"itemListElement\":[{\"@type\":\"ListItem\",\"position\":1,\"name\":\"Inicio\",\"item\":\"https:\/\/radio.fcejs.unsl.edu.ar\/\"},{\"@type\":\"ListItem\",\"position\":2,\"name\":\"Transformar el cuidado desde la ra\u00edz: La UNSL lanza una nueva cohorte de su diplomatura en Salud Integral\"}]},{\"@type\":\"WebSite\",\"@id\":\"https:\/\/radio.fcejs.unsl.edu.ar\/#website\",\"url\":\"https:\/\/radio.fcejs.unsl.edu.ar\/\",\"name\":\"Radio Universidad Villa Mercedes 97.5 | UNSL\",\"description\":\"UNSL\",\"publisher\":{\"@id\":\"https:\/\/radio.fcejs.unsl.edu.ar\/#organization\"},\"potentialAction\":[{\"@type\":\"SearchAction\",\"target\":{\"@type\":\"EntryPoint\",\"urlTemplate\":\"https:\/\/radio.fcejs.unsl.edu.ar\/?s={search_term_string}\"},\"query-input\":{\"@type\":\"PropertyValueSpecification\",\"valueRequired\":true,\"valueName\":\"search_term_string\"}}],\"inLanguage\":\"es-AR\"},{\"@type\":\"Organization\",\"@id\":\"https:\/\/radio.fcejs.unsl.edu.ar\/#organization\",\"name\":\"Radio Universidad Villa Mercedes 97.5 | UNSL\",\"url\":\"https:\/\/radio.fcejs.unsl.edu.ar\/\",\"logo\":{\"@type\":\"ImageObject\",\"inLanguage\":\"es-AR\",\"@id\":\"https:\/\/radio.fcejs.unsl.edu.ar\/#\/schema\/logo\/image\/\",\"url\":\"https:\/\/radio.fcejs.unsl.edu.ar\/wp-content\/uploads\/2023\/12\/cropped-radio-villa-mercedes-97-5.png\",\"contentUrl\":\"https:\/\/radio.fcejs.unsl.edu.ar\/wp-content\/uploads\/2023\/12\/cropped-radio-villa-mercedes-97-5.png\",\"width\":908,\"height\":289,\"caption\":\"Radio Universidad Villa Mercedes 97.5 | UNSL\"},\"image\":{\"@id\":\"https:\/\/radio.fcejs.unsl.edu.ar\/#\/schema\/logo\/image\/\"}},{\"@type\":\"Person\",\"@id\":\"https:\/\/radio.fcejs.unsl.edu.ar\/#\/schema\/person\/71179a56ee499ac8cd4e46f865c627c7\",\"name\":\"Virginia Aguilera\",\"url\":\"https:\/\/radio.fcejs.unsl.edu.ar\/index.php\/author\/viraguilera\/\"}]}<\/script>\n<!-- \/ Yoast SEO plugin. -->","yoast_head_json":{"title":"Transformar el cuidado desde la ra\u00edz: La UNSL lanza una nueva cohorte de su diplomatura en Salud Integral - Radio Universidad Villa Mercedes 97.5 | UNSL","robots":{"index":"index","follow":"follow","max-snippet":"max-snippet:-1","max-image-preview":"max-image-preview:large","max-video-preview":"max-video-preview:-1"},"canonical":"https:\/\/radio.fcejs.unsl.edu.ar\/index.php\/transformar-el-cuidado-desde-la-raiz-la-unsl-lanza-una-nueva-cohorte-de-su-diplomatura-en-salud-integral\/","og_locale":"es_ES","og_type":"article","og_title":"Transformar el cuidado desde la ra\u00edz: La UNSL lanza una nueva cohorte de su diplomatura en Salud Integral - Radio Universidad Villa Mercedes 97.5 | UNSL","og_description":"Tras el \u00e9xito rotundo de su primera edici\u00f3n en la localidad de Uni\u00f3n, la Facultad de Ciencias Econ\u00f3micas, Jur\u00eddicas y Sociales (FCEJS) de la Universidad Nacional de San Luis (UNSL) abre las puertas a una nueva cohorte de la Diplomatura de Extensi\u00f3n en \u201cAsistencia en Salud Integral para la Comunidad\u201d. Esta propuesta, que naci\u00f3 como...","og_url":"https:\/\/radio.fcejs.unsl.edu.ar\/index.php\/transformar-el-cuidado-desde-la-raiz-la-unsl-lanza-una-nueva-cohorte-de-su-diplomatura-en-salud-integral\/","og_site_name":"Radio Universidad Villa Mercedes 97.5 | UNSL","article_published_time":"2026-03-12T21:49:30+00:00","og_image":[{"width":2560,"height":1182,"url":"http:\/\/radio.fcejs.unsl.edu.ar\/wp-content\/uploads\/2026\/03\/Docentes-Diplomatura-Nanclares-Lobos-scaled.jpg","type":"image\/jpeg"}],"author":"Virginia Aguilera","twitter_card":"summary_large_image","twitter_misc":{"Escrito por":"Virginia Aguilera","Tiempo de lectura":"3 minutos"},"schema":{"@context":"https:\/\/schema.org","@graph":[{"@type":"Article","@id":"https:\/\/radio.fcejs.unsl.edu.ar\/index.php\/transformar-el-cuidado-desde-la-raiz-la-unsl-lanza-una-nueva-cohorte-de-su-diplomatura-en-salud-integral\/#article","isPartOf":{"@id":"https:\/\/radio.fcejs.unsl.edu.ar\/index.php\/transformar-el-cuidado-desde-la-raiz-la-unsl-lanza-una-nueva-cohorte-de-su-diplomatura-en-salud-integral\/"},"author":{"name":"Virginia Aguilera","@id":"https:\/\/radio.fcejs.unsl.edu.ar\/#\/schema\/person\/71179a56ee499ac8cd4e46f865c627c7"},"headline":"Transformar el cuidado desde la ra\u00edz: La UNSL lanza una nueva cohorte de su diplomatura en Salud Integral","datePublished":"2026-03-12T21:49:30+00:00","mainEntityOfPage":{"@id":"https:\/\/radio.fcejs.unsl.edu.ar\/index.php\/transformar-el-cuidado-desde-la-raiz-la-unsl-lanza-una-nueva-cohorte-de-su-diplomatura-en-salud-integral\/"},"wordCount":548,"publisher":{"@id":"https:\/\/radio.fcejs.unsl.edu.ar\/#organization"},"image":{"@id":"https:\/\/radio.fcejs.unsl.edu.ar\/index.php\/transformar-el-cuidado-desde-la-raiz-la-unsl-lanza-una-nueva-cohorte-de-su-diplomatura-en-salud-integral\/#primaryimage"},"thumbnailUrl":"https:\/\/radio.fcejs.unsl.edu.ar\/wp-content\/uploads\/2026\/03\/Docentes-Diplomatura-Nanclares-Lobos-scaled.jpg","articleSection":["Entrevistas"],"inLanguage":"es-AR"},{"@type":"WebPage","@id":"https:\/\/radio.fcejs.unsl.edu.ar\/index.php\/transformar-el-cuidado-desde-la-raiz-la-unsl-lanza-una-nueva-cohorte-de-su-diplomatura-en-salud-integral\/","url":"https:\/\/radio.fcejs.unsl.edu.ar\/index.php\/transformar-el-cuidado-desde-la-raiz-la-unsl-lanza-una-nueva-cohorte-de-su-diplomatura-en-salud-integral\/","name":"Transformar el cuidado desde la ra\u00edz: La UNSL lanza una nueva cohorte de su diplomatura en Salud Integral - Radio Universidad Villa Mercedes 97.5 | UNSL","isPartOf":{"@id":"https:\/\/radio.fcejs.unsl.edu.ar\/#website"},"primaryImageOfPage":{"@id":"https:\/\/radio.fcejs.unsl.edu.ar\/index.php\/transformar-el-cuidado-desde-la-raiz-la-unsl-lanza-una-nueva-cohorte-de-su-diplomatura-en-salud-integral\/#primaryimage"},"image":{"@id":"https:\/\/radio.fcejs.unsl.edu.ar\/index.php\/transformar-el-cuidado-desde-la-raiz-la-unsl-lanza-una-nueva-cohorte-de-su-diplomatura-en-salud-integral\/#primaryimage"},"thumbnailUrl":"https:\/\/radio.fcejs.unsl.edu.ar\/wp-content\/uploads\/2026\/03\/Docentes-Diplomatura-Nanclares-Lobos-scaled.jpg","datePublished":"2026-03-12T21:49:30+00:00","breadcrumb":{"@id":"https:\/\/radio.fcejs.unsl.edu.ar\/index.php\/transformar-el-cuidado-desde-la-raiz-la-unsl-lanza-una-nueva-cohorte-de-su-diplomatura-en-salud-integral\/#breadcrumb"},"inLanguage":"es-AR","potentialAction":[{"@type":"ReadAction","target":["https:\/\/radio.fcejs.unsl.edu.ar\/index.php\/transformar-el-cuidado-desde-la-raiz-la-unsl-lanza-una-nueva-cohorte-de-su-diplomatura-en-salud-integral\/"]}]},{"@type":"ImageObject","inLanguage":"es-AR","@id":"https:\/\/radio.fcejs.unsl.edu.ar\/index.php\/transformar-el-cuidado-desde-la-raiz-la-unsl-lanza-una-nueva-cohorte-de-su-diplomatura-en-salud-integral\/#primaryimage","url":"https:\/\/radio.fcejs.unsl.edu.ar\/wp-content\/uploads\/2026\/03\/Docentes-Diplomatura-Nanclares-Lobos-scaled.jpg","contentUrl":"https:\/\/radio.fcejs.unsl.edu.ar\/wp-content\/uploads\/2026\/03\/Docentes-Diplomatura-Nanclares-Lobos-scaled.jpg","width":2560,"height":1182},{"@type":"BreadcrumbList","@id":"https:\/\/radio.fcejs.unsl.edu.ar\/index.php\/transformar-el-cuidado-desde-la-raiz-la-unsl-lanza-una-nueva-cohorte-de-su-diplomatura-en-salud-integral\/#breadcrumb","itemListElement":[{"@type":"ListItem","position":1,"name":"Inicio","item":"https:\/\/radio.fcejs.unsl.edu.ar\/"},{"@type":"ListItem","position":2,"name":"Transformar el cuidado desde la ra\u00edz: La UNSL lanza una nueva cohorte de su diplomatura en Salud Integral"}]},{"@type":"WebSite","@id":"https:\/\/radio.fcejs.unsl.edu.ar\/#website","url":"https:\/\/radio.fcejs.unsl.edu.ar\/","name":"Radio Universidad Villa Mercedes 97.5 | UNSL","description":"UNSL","publisher":{"@id":"https:\/\/radio.fcejs.unsl.edu.ar\/#organization"},"potentialAction":[{"@type":"SearchAction","target":{"@type":"EntryPoint","urlTemplate":"https:\/\/radio.fcejs.unsl.edu.ar\/?s={search_term_string}"},"query-input":{"@type":"PropertyValueSpecification","valueRequired":true,"valueName":"search_term_string"}}],"inLanguage":"es-AR"},{"@type":"Organization","@id":"https:\/\/radio.fcejs.unsl.edu.ar\/#organization","name":"Radio Universidad Villa Mercedes 97.5 | UNSL","url":"https:\/\/radio.fcejs.unsl.edu.ar\/","logo":{"@type":"ImageObject","inLanguage":"es-AR","@id":"https:\/\/radio.fcejs.unsl.edu.ar\/#\/schema\/logo\/image\/","url":"https:\/\/radio.fcejs.unsl.edu.ar\/wp-content\/uploads\/2023\/12\/cropped-radio-villa-mercedes-97-5.png","contentUrl":"https:\/\/radio.fcejs.unsl.edu.ar\/wp-content\/uploads\/2023\/12\/cropped-radio-villa-mercedes-97-5.png","width":908,"height":289,"caption":"Radio Universidad Villa Mercedes 97.5 | UNSL"},"image":{"@id":"https:\/\/radio.fcejs.unsl.edu.ar\/#\/schema\/logo\/image\/"}},{"@type":"Person","@id":"https:\/\/radio.fcejs.unsl.edu.ar\/#\/schema\/person\/71179a56ee499ac8cd4e46f865c627c7","name":"Virginia Aguilera","url":"https:\/\/radio.fcejs.unsl.edu.ar\/index.php\/author\/viraguilera\/"}]}},"_links":{"self":[{"href":"https:\/\/radio.fcejs.unsl.edu.ar\/index.php\/wp-json\/wp\/v2\/posts\/3817","targetHints":{"allow":["GET"]}}],"collection":[{"href":"https:\/\/radio.fcejs.unsl.edu.ar\/index.php\/wp-json\/wp\/v2\/posts"}],"about":[{"href":"https:\/\/radio.fcejs.unsl.edu.ar\/index.php\/wp-json\/wp\/v2\/types\/post"}],"author":[{"embeddable":true,"href":"https:\/\/radio.fcejs.unsl.edu.ar\/index.php\/wp-json\/wp\/v2\/users\/5"}],"replies":[{"embeddable":true,"href":"https:\/\/radio.fcejs.unsl.edu.ar\/index.php\/wp-json\/wp\/v2\/comments?post=3817"}],"version-history":[{"count":1,"href":"https:\/\/radio.fcejs.unsl.edu.ar\/index.php\/wp-json\/wp\/v2\/posts\/3817\/revisions"}],"predecessor-version":[{"id":3819,"href":"https:\/\/radio.fcejs.unsl.edu.ar\/index.php\/wp-json\/wp\/v2\/posts\/3817\/revisions\/3819"}],"wp:featuredmedia":[{"embeddable":true,"href":"https:\/\/radio.fcejs.unsl.edu.ar\/index.php\/wp-json\/wp\/v2\/media\/3818"}],"wp:attachment":[{"href":"https:\/\/radio.fcejs.unsl.edu.ar\/index.php\/wp-json\/wp\/v2\/media?parent=3817"}],"wp:term":[{"taxonomy":"category","embeddable":true,"href":"https:\/\/radio.fcejs.unsl.edu.ar\/index.php\/wp-json\/wp\/v2\/categories?post=3817"},{"taxonomy":"post_tag","embeddable":true,"href":"https:\/\/radio.fcejs.unsl.edu.ar\/index.php\/wp-json\/wp\/v2\/tags?post=3817"}],"curies":[{"name":"wp","href":"https:\/\/api.w.org\/{rel}","templated":true}]}}