{"id":3810,"date":"2026-03-12T11:49:52","date_gmt":"2026-03-12T14:49:52","guid":{"rendered":"https:\/\/radio.fcejs.unsl.edu.ar\/?p=3810"},"modified":"2026-03-12T13:08:59","modified_gmt":"2026-03-12T16:08:59","slug":"tras-tres-meses-de-polemica-asumio-la-concejal-andrea-quiroga-en-el-concejo-deliberante","status":"publish","type":"post","link":"https:\/\/radio.fcejs.unsl.edu.ar\/index.php\/tras-tres-meses-de-polemica-asumio-la-concejal-andrea-quiroga-en-el-concejo-deliberante\/","title":{"rendered":"Tras tres meses de pol\u00e9mica, asumi\u00f3 la concejal Andrea Quiroga en el Concejo Deliberante"},"content":{"rendered":"<p data-start=\"220\" data-end=\"510\"><strong>En la columna de opini\u00f3n \u201cAn\u00e1lisis con Memoria\u201d, nos referimos a la tard\u00eda asunci\u00f3n de Andrea Quiroga en el Concejo Deliberante de Villa Mercedes, quien finalmente jur\u00f3 en su banca tras casi tres meses de conflicto pol\u00edtico e institucional.<\/strong><\/p>\n<h6 data-start=\"220\" data-end=\"510\">Escuche aqu\u00ed:<\/h6>\n<audio class=\"wp-audio-shortcode\" id=\"audio-3810-1\" preload=\"none\" style=\"width: 100%;\" controls=\"controls\"><source type=\"audio\/mpeg\" src=\"https:\/\/radioupload.fica.unsl.edu.ar\/files\/mv\/02-ANALISIS%20CON%20MEMORIA%2012-03-2026-mp3.mp3?_=1\" \/><a href=\"https:\/\/radioupload.fica.unsl.edu.ar\/files\/mv\/02-ANALISIS%20CON%20MEMORIA%2012-03-2026-mp3.mp3\">https:\/\/radioupload.fica.unsl.edu.ar\/files\/mv\/02-ANALISIS%20CON%20MEMORIA%2012-03-2026-mp3.mp3<\/a><\/audio>\n<p data-start=\"512\" data-end=\"957\">La concejal electa no hab\u00eda podido asumir en diciembre luego de que el cuerpo legislativo considerara que exist\u00eda una supuesta <strong data-start=\"639\" data-end=\"662\">\u201cinhabilidad moral\u201d<\/strong>, debido a una causa judicial por presunta falsa denuncia impulsada por el intendente <strong data-start=\"748\" data-end=\"772\">Maximiliano Frontera<\/strong>. Desde la columna se se\u00f1al\u00f3 que la situaci\u00f3n generaba preocupaci\u00f3n porque no exist\u00eda una <strong data-start=\"862\" data-end=\"881\">sentencia firme<\/strong> que justificara impedirle ejercer el cargo para el cual hab\u00eda sido elegida.<\/p>\n<p data-start=\"959\" data-end=\"1305\">En la \u00faltima sesi\u00f3n del Concejo Deliberante, un despacho de la <strong data-start=\"1022\" data-end=\"1070\">Comisi\u00f3n de Interpretaci\u00f3n y Asuntos Legales<\/strong> habilit\u00f3 finalmente su asunci\u00f3n. Entre las interpretaciones pol\u00edticas que circularon, se menciona que el conflicto se habr\u00eda destrabado tras el <strong data-start=\"1215\" data-end=\"1249\">retiro de la denuncia judicial<\/strong>, aunque no existe confirmaci\u00f3n oficial sobre ese punto.<\/p>\n<p data-start=\"1307\" data-end=\"1527\">Baigorria plante\u00f3 que ahora se abre un nuevo escenario pol\u00edtico, ya que Quiroga deber\u00e1 desempe\u00f1ar su rol dentro de un Concejo con mayor\u00eda alineada al oficialismo, lo que podr\u00eda limitar su margen de acci\u00f3n como opositora.<\/p>\n<p data-start=\"1529\" data-end=\"1716\">M\u00e1s all\u00e1 de las lecturas pol\u00edticas, se destac\u00f3 que la asunci\u00f3n tard\u00eda deja un debate sobre el respeto a la voluntad popular y el funcionamiento institucional del cuerpo legislativo local.<\/p>\n","protected":false},"excerpt":{"rendered":"<p>En la columna de opini\u00f3n \u201cAn\u00e1lisis con Memoria\u201d, nos referimos a la tard\u00eda asunci\u00f3n de Andrea Quiroga en el Concejo Deliberante de Villa Mercedes, quien finalmente jur\u00f3 en su banca tras casi tres meses de conflicto pol\u00edtico e institucional. Escuche aqu\u00ed: https:\/\/radioupload.fica.unsl.edu.ar\/files\/mv\/02-ANALISIS%20CON%20MEMORIA%2012-03-2026-mp3.mp3 La concejal electa no hab\u00eda podido asumir en diciembre luego de que el&#8230;<\/p>\n","protected":false},"author":7,"featured_media":3811,"comment_status":"closed","ping_status":"closed","sticky":false,"template":"","format":"standard","meta":{"_kad_post_transparent":"default","_kad_post_title":"default","_kad_post_layout":"default","_kad_post_sidebar_id":"","_kad_post_content_style":"default","_kad_post_vertical_padding":"default","_kad_post_feature":"","_kad_post_feature_position":"","_kad_post_header":false,"_kad_post_footer":false,"_kad_post_classname":"","footnotes":""},"categories":[14,16],"tags":[],"class_list":["post-3810","post","type-post","status-publish","format-standard","has-post-thumbnail","hentry","category-entrevistas","category-opinion"],"yoast_head":"<!-- This site is optimized with the Yoast SEO plugin v27.2 - https:\/\/yoast.com\/product\/yoast-seo-wordpress\/ -->\n<title>Tras tres meses de pol\u00e9mica, asumi\u00f3 la concejal Andrea Quiroga en el Concejo Deliberante - Radio Universidad Villa Mercedes 97.5 | UNSL<\/title>\n<meta name=\"robots\" content=\"index, follow, max-snippet:-1, max-image-preview:large, max-video-preview:-1\" \/>\n<link rel=\"canonical\" href=\"https:\/\/radio.fcejs.unsl.edu.ar\/index.php\/tras-tres-meses-de-polemica-asumio-la-concejal-andrea-quiroga-en-el-concejo-deliberante\/\" \/>\n<meta property=\"og:locale\" content=\"es_ES\" \/>\n<meta property=\"og:type\" content=\"article\" \/>\n<meta property=\"og:title\" content=\"Tras tres meses de pol\u00e9mica, asumi\u00f3 la concejal Andrea Quiroga en el Concejo Deliberante - Radio Universidad Villa Mercedes 97.5 | UNSL\" \/>\n<meta property=\"og:description\" content=\"En la columna de opini\u00f3n \u201cAn\u00e1lisis con Memoria\u201d, nos referimos a la tard\u00eda asunci\u00f3n de Andrea Quiroga en el Concejo Deliberante de Villa Mercedes, quien finalmente jur\u00f3 en su banca tras casi tres meses de conflicto pol\u00edtico e institucional. Escuche aqu\u00ed: https:\/\/radioupload.fica.unsl.edu.ar\/files\/mv\/02-ANALISIS%20CON%20MEMORIA%2012-03-2026-mp3.mp3 La concejal electa no hab\u00eda podido asumir en diciembre luego de que el...\" \/>\n<meta property=\"og:url\" content=\"https:\/\/radio.fcejs.unsl.edu.ar\/index.php\/tras-tres-meses-de-polemica-asumio-la-concejal-andrea-quiroga-en-el-concejo-deliberante\/\" \/>\n<meta property=\"og:site_name\" content=\"Radio Universidad Villa Mercedes 97.5 | UNSL\" \/>\n<meta property=\"article:published_time\" content=\"2026-03-12T14:49:52+00:00\" \/>\n<meta property=\"article:modified_time\" content=\"2026-03-12T16:08:59+00:00\" \/>\n<meta property=\"og:image\" content=\"http:\/\/radio.fcejs.unsl.edu.ar\/wp-content\/uploads\/2026\/03\/Sin-titulo.png\" \/>\n\t<meta property=\"og:image:width\" content=\"770\" \/>\n\t<meta property=\"og:image:height\" content=\"440\" \/>\n\t<meta property=\"og:image:type\" content=\"image\/png\" \/>\n<meta name=\"author\" content=\"Matias Videla\" \/>\n<meta name=\"twitter:card\" content=\"summary_large_image\" \/>\n<meta name=\"twitter:label1\" content=\"Escrito por\" \/>\n\t<meta name=\"twitter:data1\" content=\"Matias Videla\" \/>\n\t<meta name=\"twitter:label2\" content=\"Tiempo de lectura\" \/>\n\t<meta name=\"twitter:data2\" content=\"2 minutos\" \/>\n<script type=\"application\/ld+json\" class=\"yoast-schema-graph\">{\"@context\":\"https:\/\/schema.org\",\"@graph\":[{\"@type\":\"Article\",\"@id\":\"https:\/\/radio.fcejs.unsl.edu.ar\/index.php\/tras-tres-meses-de-polemica-asumio-la-concejal-andrea-quiroga-en-el-concejo-deliberante\/#article\",\"isPartOf\":{\"@id\":\"https:\/\/radio.fcejs.unsl.edu.ar\/index.php\/tras-tres-meses-de-polemica-asumio-la-concejal-andrea-quiroga-en-el-concejo-deliberante\/\"},\"author\":{\"name\":\"Matias Videla\",\"@id\":\"https:\/\/radio.fcejs.unsl.edu.ar\/#\/schema\/person\/acc8fccb15174977a9a97c2c6c9a046e\"},\"headline\":\"Tras tres meses de pol\u00e9mica, asumi\u00f3 la concejal Andrea Quiroga en el Concejo Deliberante\",\"datePublished\":\"2026-03-12T14:49:52+00:00\",\"dateModified\":\"2026-03-12T16:08:59+00:00\",\"mainEntityOfPage\":{\"@id\":\"https:\/\/radio.fcejs.unsl.edu.ar\/index.php\/tras-tres-meses-de-polemica-asumio-la-concejal-andrea-quiroga-en-el-concejo-deliberante\/\"},\"wordCount\":280,\"publisher\":{\"@id\":\"https:\/\/radio.fcejs.unsl.edu.ar\/#organization\"},\"image\":{\"@id\":\"https:\/\/radio.fcejs.unsl.edu.ar\/index.php\/tras-tres-meses-de-polemica-asumio-la-concejal-andrea-quiroga-en-el-concejo-deliberante\/#primaryimage\"},\"thumbnailUrl\":\"https:\/\/radio.fcejs.unsl.edu.ar\/wp-content\/uploads\/2026\/03\/Sin-titulo.png\",\"articleSection\":[\"Entrevistas\",\"Opini\u00f3n\"],\"inLanguage\":\"es-AR\"},{\"@type\":\"WebPage\",\"@id\":\"https:\/\/radio.fcejs.unsl.edu.ar\/index.php\/tras-tres-meses-de-polemica-asumio-la-concejal-andrea-quiroga-en-el-concejo-deliberante\/\",\"url\":\"https:\/\/radio.fcejs.unsl.edu.ar\/index.php\/tras-tres-meses-de-polemica-asumio-la-concejal-andrea-quiroga-en-el-concejo-deliberante\/\",\"name\":\"Tras tres meses de pol\u00e9mica, asumi\u00f3 la concejal Andrea Quiroga en el Concejo Deliberante - Radio Universidad Villa Mercedes 97.5 | UNSL\",\"isPartOf\":{\"@id\":\"https:\/\/radio.fcejs.unsl.edu.ar\/#website\"},\"primaryImageOfPage\":{\"@id\":\"https:\/\/radio.fcejs.unsl.edu.ar\/index.php\/tras-tres-meses-de-polemica-asumio-la-concejal-andrea-quiroga-en-el-concejo-deliberante\/#primaryimage\"},\"image\":{\"@id\":\"https:\/\/radio.fcejs.unsl.edu.ar\/index.php\/tras-tres-meses-de-polemica-asumio-la-concejal-andrea-quiroga-en-el-concejo-deliberante\/#primaryimage\"},\"thumbnailUrl\":\"https:\/\/radio.fcejs.unsl.edu.ar\/wp-content\/uploads\/2026\/03\/Sin-titulo.png\",\"datePublished\":\"2026-03-12T14:49:52+00:00\",\"dateModified\":\"2026-03-12T16:08:59+00:00\",\"breadcrumb\":{\"@id\":\"https:\/\/radio.fcejs.unsl.edu.ar\/index.php\/tras-tres-meses-de-polemica-asumio-la-concejal-andrea-quiroga-en-el-concejo-deliberante\/#breadcrumb\"},\"inLanguage\":\"es-AR\",\"potentialAction\":[{\"@type\":\"ReadAction\",\"target\":[\"https:\/\/radio.fcejs.unsl.edu.ar\/index.php\/tras-tres-meses-de-polemica-asumio-la-concejal-andrea-quiroga-en-el-concejo-deliberante\/\"]}]},{\"@type\":\"ImageObject\",\"inLanguage\":\"es-AR\",\"@id\":\"https:\/\/radio.fcejs.unsl.edu.ar\/index.php\/tras-tres-meses-de-polemica-asumio-la-concejal-andrea-quiroga-en-el-concejo-deliberante\/#primaryimage\",\"url\":\"https:\/\/radio.fcejs.unsl.edu.ar\/wp-content\/uploads\/2026\/03\/Sin-titulo.png\",\"contentUrl\":\"https:\/\/radio.fcejs.unsl.edu.ar\/wp-content\/uploads\/2026\/03\/Sin-titulo.png\",\"width\":770,\"height\":440},{\"@type\":\"BreadcrumbList\",\"@id\":\"https:\/\/radio.fcejs.unsl.edu.ar\/index.php\/tras-tres-meses-de-polemica-asumio-la-concejal-andrea-quiroga-en-el-concejo-deliberante\/#breadcrumb\",\"itemListElement\":[{\"@type\":\"ListItem\",\"position\":1,\"name\":\"Inicio\",\"item\":\"https:\/\/radio.fcejs.unsl.edu.ar\/\"},{\"@type\":\"ListItem\",\"position\":2,\"name\":\"Tras tres meses de pol\u00e9mica, asumi\u00f3 la concejal Andrea Quiroga en el Concejo Deliberante\"}]},{\"@type\":\"WebSite\",\"@id\":\"https:\/\/radio.fcejs.unsl.edu.ar\/#website\",\"url\":\"https:\/\/radio.fcejs.unsl.edu.ar\/\",\"name\":\"Radio Universidad Villa Mercedes 97.5 | UNSL\",\"description\":\"UNSL\",\"publisher\":{\"@id\":\"https:\/\/radio.fcejs.unsl.edu.ar\/#organization\"},\"potentialAction\":[{\"@type\":\"SearchAction\",\"target\":{\"@type\":\"EntryPoint\",\"urlTemplate\":\"https:\/\/radio.fcejs.unsl.edu.ar\/?s={search_term_string}\"},\"query-input\":{\"@type\":\"PropertyValueSpecification\",\"valueRequired\":true,\"valueName\":\"search_term_string\"}}],\"inLanguage\":\"es-AR\"},{\"@type\":\"Organization\",\"@id\":\"https:\/\/radio.fcejs.unsl.edu.ar\/#organization\",\"name\":\"Radio Universidad Villa Mercedes 97.5 | UNSL\",\"url\":\"https:\/\/radio.fcejs.unsl.edu.ar\/\",\"logo\":{\"@type\":\"ImageObject\",\"inLanguage\":\"es-AR\",\"@id\":\"https:\/\/radio.fcejs.unsl.edu.ar\/#\/schema\/logo\/image\/\",\"url\":\"https:\/\/radio.fcejs.unsl.edu.ar\/wp-content\/uploads\/2023\/12\/cropped-radio-villa-mercedes-97-5.png\",\"contentUrl\":\"https:\/\/radio.fcejs.unsl.edu.ar\/wp-content\/uploads\/2023\/12\/cropped-radio-villa-mercedes-97-5.png\",\"width\":908,\"height\":289,\"caption\":\"Radio Universidad Villa Mercedes 97.5 | UNSL\"},\"image\":{\"@id\":\"https:\/\/radio.fcejs.unsl.edu.ar\/#\/schema\/logo\/image\/\"}},{\"@type\":\"Person\",\"@id\":\"https:\/\/radio.fcejs.unsl.edu.ar\/#\/schema\/person\/acc8fccb15174977a9a97c2c6c9a046e\",\"name\":\"Matias Videla\",\"url\":\"https:\/\/radio.fcejs.unsl.edu.ar\/index.php\/author\/mvidela\/\"}]}<\/script>\n<!-- \/ Yoast SEO plugin. -->","yoast_head_json":{"title":"Tras tres meses de pol\u00e9mica, asumi\u00f3 la concejal Andrea Quiroga en el Concejo Deliberante - Radio Universidad Villa Mercedes 97.5 | UNSL","robots":{"index":"index","follow":"follow","max-snippet":"max-snippet:-1","max-image-preview":"max-image-preview:large","max-video-preview":"max-video-preview:-1"},"canonical":"https:\/\/radio.fcejs.unsl.edu.ar\/index.php\/tras-tres-meses-de-polemica-asumio-la-concejal-andrea-quiroga-en-el-concejo-deliberante\/","og_locale":"es_ES","og_type":"article","og_title":"Tras tres meses de pol\u00e9mica, asumi\u00f3 la concejal Andrea Quiroga en el Concejo Deliberante - Radio Universidad Villa Mercedes 97.5 | UNSL","og_description":"En la columna de opini\u00f3n \u201cAn\u00e1lisis con Memoria\u201d, nos referimos a la tard\u00eda asunci\u00f3n de Andrea Quiroga en el Concejo Deliberante de Villa Mercedes, quien finalmente jur\u00f3 en su banca tras casi tres meses de conflicto pol\u00edtico e institucional. Escuche aqu\u00ed: https:\/\/radioupload.fica.unsl.edu.ar\/files\/mv\/02-ANALISIS%20CON%20MEMORIA%2012-03-2026-mp3.mp3 La concejal electa no hab\u00eda podido asumir en diciembre luego de que el...","og_url":"https:\/\/radio.fcejs.unsl.edu.ar\/index.php\/tras-tres-meses-de-polemica-asumio-la-concejal-andrea-quiroga-en-el-concejo-deliberante\/","og_site_name":"Radio Universidad Villa Mercedes 97.5 | UNSL","article_published_time":"2026-03-12T14:49:52+00:00","article_modified_time":"2026-03-12T16:08:59+00:00","og_image":[{"width":770,"height":440,"url":"http:\/\/radio.fcejs.unsl.edu.ar\/wp-content\/uploads\/2026\/03\/Sin-titulo.png","type":"image\/png"}],"author":"Matias Videla","twitter_card":"summary_large_image","twitter_misc":{"Escrito por":"Matias Videla","Tiempo de lectura":"2 minutos"},"schema":{"@context":"https:\/\/schema.org","@graph":[{"@type":"Article","@id":"https:\/\/radio.fcejs.unsl.edu.ar\/index.php\/tras-tres-meses-de-polemica-asumio-la-concejal-andrea-quiroga-en-el-concejo-deliberante\/#article","isPartOf":{"@id":"https:\/\/radio.fcejs.unsl.edu.ar\/index.php\/tras-tres-meses-de-polemica-asumio-la-concejal-andrea-quiroga-en-el-concejo-deliberante\/"},"author":{"name":"Matias Videla","@id":"https:\/\/radio.fcejs.unsl.edu.ar\/#\/schema\/person\/acc8fccb15174977a9a97c2c6c9a046e"},"headline":"Tras tres meses de pol\u00e9mica, asumi\u00f3 la concejal Andrea Quiroga en el Concejo Deliberante","datePublished":"2026-03-12T14:49:52+00:00","dateModified":"2026-03-12T16:08:59+00:00","mainEntityOfPage":{"@id":"https:\/\/radio.fcejs.unsl.edu.ar\/index.php\/tras-tres-meses-de-polemica-asumio-la-concejal-andrea-quiroga-en-el-concejo-deliberante\/"},"wordCount":280,"publisher":{"@id":"https:\/\/radio.fcejs.unsl.edu.ar\/#organization"},"image":{"@id":"https:\/\/radio.fcejs.unsl.edu.ar\/index.php\/tras-tres-meses-de-polemica-asumio-la-concejal-andrea-quiroga-en-el-concejo-deliberante\/#primaryimage"},"thumbnailUrl":"https:\/\/radio.fcejs.unsl.edu.ar\/wp-content\/uploads\/2026\/03\/Sin-titulo.png","articleSection":["Entrevistas","Opini\u00f3n"],"inLanguage":"es-AR"},{"@type":"WebPage","@id":"https:\/\/radio.fcejs.unsl.edu.ar\/index.php\/tras-tres-meses-de-polemica-asumio-la-concejal-andrea-quiroga-en-el-concejo-deliberante\/","url":"https:\/\/radio.fcejs.unsl.edu.ar\/index.php\/tras-tres-meses-de-polemica-asumio-la-concejal-andrea-quiroga-en-el-concejo-deliberante\/","name":"Tras tres meses de pol\u00e9mica, asumi\u00f3 la concejal Andrea Quiroga en el Concejo Deliberante - Radio Universidad Villa Mercedes 97.5 | UNSL","isPartOf":{"@id":"https:\/\/radio.fcejs.unsl.edu.ar\/#website"},"primaryImageOfPage":{"@id":"https:\/\/radio.fcejs.unsl.edu.ar\/index.php\/tras-tres-meses-de-polemica-asumio-la-concejal-andrea-quiroga-en-el-concejo-deliberante\/#primaryimage"},"image":{"@id":"https:\/\/radio.fcejs.unsl.edu.ar\/index.php\/tras-tres-meses-de-polemica-asumio-la-concejal-andrea-quiroga-en-el-concejo-deliberante\/#primaryimage"},"thumbnailUrl":"https:\/\/radio.fcejs.unsl.edu.ar\/wp-content\/uploads\/2026\/03\/Sin-titulo.png","datePublished":"2026-03-12T14:49:52+00:00","dateModified":"2026-03-12T16:08:59+00:00","breadcrumb":{"@id":"https:\/\/radio.fcejs.unsl.edu.ar\/index.php\/tras-tres-meses-de-polemica-asumio-la-concejal-andrea-quiroga-en-el-concejo-deliberante\/#breadcrumb"},"inLanguage":"es-AR","potentialAction":[{"@type":"ReadAction","target":["https:\/\/radio.fcejs.unsl.edu.ar\/index.php\/tras-tres-meses-de-polemica-asumio-la-concejal-andrea-quiroga-en-el-concejo-deliberante\/"]}]},{"@type":"ImageObject","inLanguage":"es-AR","@id":"https:\/\/radio.fcejs.unsl.edu.ar\/index.php\/tras-tres-meses-de-polemica-asumio-la-concejal-andrea-quiroga-en-el-concejo-deliberante\/#primaryimage","url":"https:\/\/radio.fcejs.unsl.edu.ar\/wp-content\/uploads\/2026\/03\/Sin-titulo.png","contentUrl":"https:\/\/radio.fcejs.unsl.edu.ar\/wp-content\/uploads\/2026\/03\/Sin-titulo.png","width":770,"height":440},{"@type":"BreadcrumbList","@id":"https:\/\/radio.fcejs.unsl.edu.ar\/index.php\/tras-tres-meses-de-polemica-asumio-la-concejal-andrea-quiroga-en-el-concejo-deliberante\/#breadcrumb","itemListElement":[{"@type":"ListItem","position":1,"name":"Inicio","item":"https:\/\/radio.fcejs.unsl.edu.ar\/"},{"@type":"ListItem","position":2,"name":"Tras tres meses de pol\u00e9mica, asumi\u00f3 la concejal Andrea Quiroga en el Concejo Deliberante"}]},{"@type":"WebSite","@id":"https:\/\/radio.fcejs.unsl.edu.ar\/#website","url":"https:\/\/radio.fcejs.unsl.edu.ar\/","name":"Radio Universidad Villa Mercedes 97.5 | UNSL","description":"UNSL","publisher":{"@id":"https:\/\/radio.fcejs.unsl.edu.ar\/#organization"},"potentialAction":[{"@type":"SearchAction","target":{"@type":"EntryPoint","urlTemplate":"https:\/\/radio.fcejs.unsl.edu.ar\/?s={search_term_string}"},"query-input":{"@type":"PropertyValueSpecification","valueRequired":true,"valueName":"search_term_string"}}],"inLanguage":"es-AR"},{"@type":"Organization","@id":"https:\/\/radio.fcejs.unsl.edu.ar\/#organization","name":"Radio Universidad Villa Mercedes 97.5 | UNSL","url":"https:\/\/radio.fcejs.unsl.edu.ar\/","logo":{"@type":"ImageObject","inLanguage":"es-AR","@id":"https:\/\/radio.fcejs.unsl.edu.ar\/#\/schema\/logo\/image\/","url":"https:\/\/radio.fcejs.unsl.edu.ar\/wp-content\/uploads\/2023\/12\/cropped-radio-villa-mercedes-97-5.png","contentUrl":"https:\/\/radio.fcejs.unsl.edu.ar\/wp-content\/uploads\/2023\/12\/cropped-radio-villa-mercedes-97-5.png","width":908,"height":289,"caption":"Radio Universidad Villa Mercedes 97.5 | UNSL"},"image":{"@id":"https:\/\/radio.fcejs.unsl.edu.ar\/#\/schema\/logo\/image\/"}},{"@type":"Person","@id":"https:\/\/radio.fcejs.unsl.edu.ar\/#\/schema\/person\/acc8fccb15174977a9a97c2c6c9a046e","name":"Matias Videla","url":"https:\/\/radio.fcejs.unsl.edu.ar\/index.php\/author\/mvidela\/"}]}},"_links":{"self":[{"href":"https:\/\/radio.fcejs.unsl.edu.ar\/index.php\/wp-json\/wp\/v2\/posts\/3810","targetHints":{"allow":["GET"]}}],"collection":[{"href":"https:\/\/radio.fcejs.unsl.edu.ar\/index.php\/wp-json\/wp\/v2\/posts"}],"about":[{"href":"https:\/\/radio.fcejs.unsl.edu.ar\/index.php\/wp-json\/wp\/v2\/types\/post"}],"author":[{"embeddable":true,"href":"https:\/\/radio.fcejs.unsl.edu.ar\/index.php\/wp-json\/wp\/v2\/users\/7"}],"replies":[{"embeddable":true,"href":"https:\/\/radio.fcejs.unsl.edu.ar\/index.php\/wp-json\/wp\/v2\/comments?post=3810"}],"version-history":[{"count":2,"href":"https:\/\/radio.fcejs.unsl.edu.ar\/index.php\/wp-json\/wp\/v2\/posts\/3810\/revisions"}],"predecessor-version":[{"id":3813,"href":"https:\/\/radio.fcejs.unsl.edu.ar\/index.php\/wp-json\/wp\/v2\/posts\/3810\/revisions\/3813"}],"wp:featuredmedia":[{"embeddable":true,"href":"https:\/\/radio.fcejs.unsl.edu.ar\/index.php\/wp-json\/wp\/v2\/media\/3811"}],"wp:attachment":[{"href":"https:\/\/radio.fcejs.unsl.edu.ar\/index.php\/wp-json\/wp\/v2\/media?parent=3810"}],"wp:term":[{"taxonomy":"category","embeddable":true,"href":"https:\/\/radio.fcejs.unsl.edu.ar\/index.php\/wp-json\/wp\/v2\/categories?post=3810"},{"taxonomy":"post_tag","embeddable":true,"href":"https:\/\/radio.fcejs.unsl.edu.ar\/index.php\/wp-json\/wp\/v2\/tags?post=3810"}],"curies":[{"name":"wp","href":"https:\/\/api.w.org\/{rel}","templated":true}]}}