{"id":3807,"date":"2026-03-12T13:00:57","date_gmt":"2026-03-12T16:00:57","guid":{"rendered":"https:\/\/radio.fcejs.unsl.edu.ar\/?p=3807"},"modified":"2026-03-12T13:15:03","modified_gmt":"2026-03-12T16:15:03","slug":"jorge-gato-fernandez-cuestiono-las-reformas-del-gobierno-nacional-y-advirtio-por-el-rumbo-politico-en-la-provincia","status":"publish","type":"post","link":"https:\/\/radio.fcejs.unsl.edu.ar\/index.php\/jorge-gato-fernandez-cuestiono-las-reformas-del-gobierno-nacional-y-advirtio-por-el-rumbo-politico-en-la-provincia\/","title":{"rendered":"Jorge \u201cGato\u201d Fern\u00e1ndez cuestion\u00f3 las reformas del Gobierno nacional y advirti\u00f3 por el rumbo pol\u00edtico en la provincia"},"content":{"rendered":"<p data-start=\"446\" data-end=\"731\"><strong>En di\u00e1logo con Acento Mercedino por Radio UNSL Villa Mercedes 97.5 FM, el diputado nacional <span class=\"hover:entity-accent entity-underline inline cursor-pointer align-baseline\"><span class=\"whitespace-normal\">Jorge Fern\u00e1ndez<\/span><\/span> analiz\u00f3 la intensa agenda legislativa que se debate en el Congreso y expres\u00f3 su preocupaci\u00f3n por diversas reformas impulsadas por el Gobierno nacional.<\/strong><\/p>\n<h6 data-start=\"446\" data-end=\"731\">Escuche la entrevista completa:<\/h6>\n<audio class=\"wp-audio-shortcode\" id=\"audio-3807-1\" preload=\"none\" style=\"width: 100%;\" controls=\"controls\"><source type=\"audio\/mpeg\" src=\"https:\/\/radioupload.fica.unsl.edu.ar\/files\/mv\/Gato%20Fernandez-mp3.mp3?_=1\" \/><a href=\"https:\/\/radioupload.fica.unsl.edu.ar\/files\/mv\/Gato%20Fernandez-mp3.mp3\">https:\/\/radioupload.fica.unsl.edu.ar\/files\/mv\/Gato%20Fernandez-mp3.mp3<\/a><\/audio>\n<p data-start=\"733\" data-end=\"897\">El legislador se\u00f1al\u00f3 que el a\u00f1o parlamentario estar\u00e1 marcado por debates complejos y adelant\u00f3 que uno de los temas centrales ser\u00e1 la reforma de la Ley de Glaciares.<\/p>\n<h5 data-section-id=\"1u7baql\" data-start=\"899\" data-end=\"932\">Reforma de la Ley de Glaciares<\/h5>\n<p data-start=\"934\" data-end=\"1184\">Fern\u00e1ndez explic\u00f3 que el proyecto, que ya cuenta con media sanci\u00f3n del Senado, introduce cambios importantes, especialmente en lo referido a las <strong data-start=\"1079\" data-end=\"1102\">zonas periglaciares<\/strong>, \u00e1reas que actualmente tienen fuertes restricciones para actividades productivas.<\/p>\n<p data-start=\"1186\" data-end=\"1393\">Seg\u00fan indic\u00f3, uno de los puntos que considera correcto es que las <strong data-start=\"1252\" data-end=\"1347\">provincias tengan mayor participaci\u00f3n en la toma de decisiones sobre los recursos naturales<\/strong>, tal como establece la Constituci\u00f3n Nacional.<\/p>\n<p data-start=\"1395\" data-end=\"1628\">Sin embargo, advirti\u00f3 que existen aspectos que generan preocupaci\u00f3n, particularmente la posibilidad de habilitar actividades como <strong data-start=\"1525\" data-end=\"1582\">explotaci\u00f3n minera o tur\u00edstica en zonas periglaciares<\/strong>, lo que podr\u00eda afectar fuentes de agua dulce.<\/p>\n<blockquote data-start=\"1630\" data-end=\"1802\">\n<p data-start=\"1632\" data-end=\"1802\">\u201cEs un tema muy t\u00e9cnico que hay que estudiar profundamente. Estamos hablando de \u00e1reas que regulan el funcionamiento de los glaciares y el escurrimiento del agua\u201d, se\u00f1al\u00f3.<\/p>\n<\/blockquote>\n<p data-start=\"1804\" data-end=\"2000\">El diputado adelant\u00f3 que participar\u00e1 en <strong data-start=\"1844\" data-end=\"1867\">audiencias p\u00fablicas<\/strong> donde expondr\u00e1n especialistas y representantes de la comunidad cient\u00edfica antes de que el proyecto avance en la C\u00e1mara de Diputados.<\/p>\n<h5 data-section-id=\"1ijbvxc\" data-start=\"2002\" data-end=\"2053\">Preocupaci\u00f3n por el financiamiento universitario<\/h5>\n<p data-start=\"2055\" data-end=\"2248\">Durante la entrevista tambi\u00e9n se refiri\u00f3 a la discusi\u00f3n por una nueva ley de financiamiento universitario y cuestion\u00f3 la falta de actualizaci\u00f3n salarial para docentes y trabajadores del sector.<\/p>\n<p data-start=\"2250\" data-end=\"2419\">Seg\u00fan explic\u00f3, el proyecto en debate solo contempla la actualizaci\u00f3n de salarios del \u00faltimo a\u00f1o, sin recuperar la p\u00e9rdida generada por la inflaci\u00f3n acumulada desde 2023.<\/p>\n<blockquote data-start=\"2421\" data-end=\"2561\">\n<p data-start=\"2423\" data-end=\"2561\">\u201cEl oficialismo dijo que ven\u00eda a recortar el Estado. Dentro de esa l\u00f3gica, claramente las universidades p\u00fablicas est\u00e1n en riesgo\u201d, afirm\u00f3.<\/p>\n<\/blockquote>\n<p data-start=\"2563\" data-end=\"2844\">Adem\u00e1s mencion\u00f3 la situaci\u00f3n de organismos cient\u00edficos y tecnol\u00f3gicos como el <span class=\"hover:entity-accent entity-underline inline cursor-pointer align-baseline\"><span class=\"whitespace-normal\">CONICET<\/span><\/span>, el <span class=\"hover:entity-accent entity-underline inline cursor-pointer align-baseline\"><span class=\"whitespace-normal\">Instituto Nacional de Tecnolog\u00eda Agropecuaria<\/span><\/span> y el <span class=\"hover:entity-accent entity-underline inline cursor-pointer align-baseline\"><span class=\"whitespace-normal\">Instituto Nacional de Tecnolog\u00eda Industrial<\/span><\/span>, los cuales \u2014seg\u00fan sostuvo\u2014 atraviesan procesos de reducci\u00f3n o desmantelamiento.<\/p>\n<h5 data-start=\"2563\" data-end=\"2844\">An\u00e1lisis de la situaci\u00f3n en San Luis<\/h5>\n<p data-start=\"3326\" data-end=\"3470\">En el plano provincial, el diputado cuestion\u00f3 la gesti\u00f3n del actual gobernador y se\u00f1al\u00f3 problemas en \u00e1reas como <strong data-start=\"3423\" data-end=\"3469\">seguridad, educaci\u00f3n, producci\u00f3n y turismo<\/strong>.<\/p>\n<p data-start=\"3472\" data-end=\"3639\">Tambi\u00e9n critic\u00f3 la falta de indicadores claros sobre pol\u00edticas p\u00fablicas y consider\u00f3 que muchas medidas se anuncian \u201ccon grandes t\u00edtulos\u201d pero sin resultados concretos.<\/p>\n<blockquote data-start=\"3641\" data-end=\"3752\">\n<p data-start=\"3643\" data-end=\"3752\">\u201cVeo un gobierno apagado, sin creatividad ni iniciativa. Hay muchos anuncios, pero pocos resultados\u201d, afirm\u00f3.<\/p>\n<\/blockquote>\n<pre data-start=\"2165\" data-end=\"2236\"><strong>Conducci\u00f3n: Mat\u00edas E. Videla | Radio UNSL Villa Mercedes 97.5 FM\r\nOperaci\u00f3n T\u00e9cnica: Mart\u00edn Pagliero<\/strong><\/pre>\n","protected":false},"excerpt":{"rendered":"<p>En di\u00e1logo con Acento Mercedino por Radio UNSL Villa Mercedes 97.5 FM, el diputado nacional Jorge Fern\u00e1ndez analiz\u00f3 la intensa agenda legislativa que se debate en el Congreso y expres\u00f3 su preocupaci\u00f3n por diversas reformas impulsadas por el Gobierno nacional. Escuche la entrevista completa: https:\/\/radioupload.fica.unsl.edu.ar\/files\/mv\/Gato%20Fernandez-mp3.mp3 El legislador se\u00f1al\u00f3 que el a\u00f1o parlamentario estar\u00e1 marcado por&#8230;<\/p>\n","protected":false},"author":7,"featured_media":3808,"comment_status":"closed","ping_status":"closed","sticky":false,"template":"","format":"standard","meta":{"_kad_post_transparent":"default","_kad_post_title":"default","_kad_post_layout":"default","_kad_post_sidebar_id":"","_kad_post_content_style":"default","_kad_post_vertical_padding":"default","_kad_post_feature":"","_kad_post_feature_position":"","_kad_post_header":false,"_kad_post_footer":false,"_kad_post_classname":"","footnotes":""},"categories":[14,1],"tags":[],"class_list":["post-3807","post","type-post","status-publish","format-standard","has-post-thumbnail","hentry","category-entrevistas","category-noticias"],"yoast_head":"<!-- This site is optimized with the Yoast SEO plugin v27.2 - https:\/\/yoast.com\/product\/yoast-seo-wordpress\/ -->\n<title>Jorge \u201cGato\u201d Fern\u00e1ndez cuestion\u00f3 las reformas del Gobierno nacional y advirti\u00f3 por el rumbo pol\u00edtico en la provincia - Radio Universidad Villa Mercedes 97.5 | UNSL<\/title>\n<meta name=\"robots\" content=\"index, follow, max-snippet:-1, max-image-preview:large, max-video-preview:-1\" \/>\n<link rel=\"canonical\" href=\"https:\/\/radio.fcejs.unsl.edu.ar\/index.php\/jorge-gato-fernandez-cuestiono-las-reformas-del-gobierno-nacional-y-advirtio-por-el-rumbo-politico-en-la-provincia\/\" \/>\n<meta property=\"og:locale\" content=\"es_ES\" \/>\n<meta property=\"og:type\" content=\"article\" \/>\n<meta property=\"og:title\" content=\"Jorge \u201cGato\u201d Fern\u00e1ndez cuestion\u00f3 las reformas del Gobierno nacional y advirti\u00f3 por el rumbo pol\u00edtico en la provincia - Radio Universidad Villa Mercedes 97.5 | UNSL\" \/>\n<meta property=\"og:description\" content=\"En di\u00e1logo con Acento Mercedino por Radio UNSL Villa Mercedes 97.5 FM, el diputado nacional Jorge Fern\u00e1ndez analiz\u00f3 la intensa agenda legislativa que se debate en el Congreso y expres\u00f3 su preocupaci\u00f3n por diversas reformas impulsadas por el Gobierno nacional. Escuche la entrevista completa: https:\/\/radioupload.fica.unsl.edu.ar\/files\/mv\/Gato%20Fernandez-mp3.mp3 El legislador se\u00f1al\u00f3 que el a\u00f1o parlamentario estar\u00e1 marcado por...\" \/>\n<meta property=\"og:url\" content=\"https:\/\/radio.fcejs.unsl.edu.ar\/index.php\/jorge-gato-fernandez-cuestiono-las-reformas-del-gobierno-nacional-y-advirtio-por-el-rumbo-politico-en-la-provincia\/\" \/>\n<meta property=\"og:site_name\" content=\"Radio Universidad Villa Mercedes 97.5 | UNSL\" \/>\n<meta property=\"article:published_time\" content=\"2026-03-12T16:00:57+00:00\" \/>\n<meta property=\"article:modified_time\" content=\"2026-03-12T16:15:03+00:00\" \/>\n<meta property=\"og:image\" content=\"http:\/\/radio.fcejs.unsl.edu.ar\/wp-content\/uploads\/2026\/03\/lg-1-1.jpg\" \/>\n\t<meta property=\"og:image:width\" content=\"1167\" \/>\n\t<meta property=\"og:image:height\" content=\"697\" \/>\n\t<meta property=\"og:image:type\" content=\"image\/jpeg\" \/>\n<meta name=\"author\" content=\"Matias Videla\" \/>\n<meta name=\"twitter:card\" content=\"summary_large_image\" \/>\n<meta name=\"twitter:label1\" content=\"Escrito por\" \/>\n\t<meta name=\"twitter:data1\" content=\"Matias Videla\" \/>\n\t<meta name=\"twitter:label2\" content=\"Tiempo de lectura\" \/>\n\t<meta name=\"twitter:data2\" content=\"2 minutos\" \/>\n<script type=\"application\/ld+json\" class=\"yoast-schema-graph\">{\"@context\":\"https:\/\/schema.org\",\"@graph\":[{\"@type\":\"Article\",\"@id\":\"https:\/\/radio.fcejs.unsl.edu.ar\/index.php\/jorge-gato-fernandez-cuestiono-las-reformas-del-gobierno-nacional-y-advirtio-por-el-rumbo-politico-en-la-provincia\/#article\",\"isPartOf\":{\"@id\":\"https:\/\/radio.fcejs.unsl.edu.ar\/index.php\/jorge-gato-fernandez-cuestiono-las-reformas-del-gobierno-nacional-y-advirtio-por-el-rumbo-politico-en-la-provincia\/\"},\"author\":{\"name\":\"Matias Videla\",\"@id\":\"https:\/\/radio.fcejs.unsl.edu.ar\/#\/schema\/person\/acc8fccb15174977a9a97c2c6c9a046e\"},\"headline\":\"Jorge \u201cGato\u201d Fern\u00e1ndez cuestion\u00f3 las reformas del Gobierno nacional y advirti\u00f3 por el rumbo pol\u00edtico en la provincia\",\"datePublished\":\"2026-03-12T16:00:57+00:00\",\"dateModified\":\"2026-03-12T16:15:03+00:00\",\"mainEntityOfPage\":{\"@id\":\"https:\/\/radio.fcejs.unsl.edu.ar\/index.php\/jorge-gato-fernandez-cuestiono-las-reformas-del-gobierno-nacional-y-advirtio-por-el-rumbo-politico-en-la-provincia\/\"},\"wordCount\":493,\"publisher\":{\"@id\":\"https:\/\/radio.fcejs.unsl.edu.ar\/#organization\"},\"image\":{\"@id\":\"https:\/\/radio.fcejs.unsl.edu.ar\/index.php\/jorge-gato-fernandez-cuestiono-las-reformas-del-gobierno-nacional-y-advirtio-por-el-rumbo-politico-en-la-provincia\/#primaryimage\"},\"thumbnailUrl\":\"https:\/\/radio.fcejs.unsl.edu.ar\/wp-content\/uploads\/2026\/03\/lg-1-1.jpg\",\"articleSection\":[\"Entrevistas\",\"Noticias\"],\"inLanguage\":\"es-AR\"},{\"@type\":\"WebPage\",\"@id\":\"https:\/\/radio.fcejs.unsl.edu.ar\/index.php\/jorge-gato-fernandez-cuestiono-las-reformas-del-gobierno-nacional-y-advirtio-por-el-rumbo-politico-en-la-provincia\/\",\"url\":\"https:\/\/radio.fcejs.unsl.edu.ar\/index.php\/jorge-gato-fernandez-cuestiono-las-reformas-del-gobierno-nacional-y-advirtio-por-el-rumbo-politico-en-la-provincia\/\",\"name\":\"Jorge \u201cGato\u201d Fern\u00e1ndez cuestion\u00f3 las reformas del Gobierno nacional y advirti\u00f3 por el rumbo pol\u00edtico en la provincia - Radio Universidad Villa Mercedes 97.5 | UNSL\",\"isPartOf\":{\"@id\":\"https:\/\/radio.fcejs.unsl.edu.ar\/#website\"},\"primaryImageOfPage\":{\"@id\":\"https:\/\/radio.fcejs.unsl.edu.ar\/index.php\/jorge-gato-fernandez-cuestiono-las-reformas-del-gobierno-nacional-y-advirtio-por-el-rumbo-politico-en-la-provincia\/#primaryimage\"},\"image\":{\"@id\":\"https:\/\/radio.fcejs.unsl.edu.ar\/index.php\/jorge-gato-fernandez-cuestiono-las-reformas-del-gobierno-nacional-y-advirtio-por-el-rumbo-politico-en-la-provincia\/#primaryimage\"},\"thumbnailUrl\":\"https:\/\/radio.fcejs.unsl.edu.ar\/wp-content\/uploads\/2026\/03\/lg-1-1.jpg\",\"datePublished\":\"2026-03-12T16:00:57+00:00\",\"dateModified\":\"2026-03-12T16:15:03+00:00\",\"breadcrumb\":{\"@id\":\"https:\/\/radio.fcejs.unsl.edu.ar\/index.php\/jorge-gato-fernandez-cuestiono-las-reformas-del-gobierno-nacional-y-advirtio-por-el-rumbo-politico-en-la-provincia\/#breadcrumb\"},\"inLanguage\":\"es-AR\",\"potentialAction\":[{\"@type\":\"ReadAction\",\"target\":[\"https:\/\/radio.fcejs.unsl.edu.ar\/index.php\/jorge-gato-fernandez-cuestiono-las-reformas-del-gobierno-nacional-y-advirtio-por-el-rumbo-politico-en-la-provincia\/\"]}]},{\"@type\":\"ImageObject\",\"inLanguage\":\"es-AR\",\"@id\":\"https:\/\/radio.fcejs.unsl.edu.ar\/index.php\/jorge-gato-fernandez-cuestiono-las-reformas-del-gobierno-nacional-y-advirtio-por-el-rumbo-politico-en-la-provincia\/#primaryimage\",\"url\":\"https:\/\/radio.fcejs.unsl.edu.ar\/wp-content\/uploads\/2026\/03\/lg-1-1.jpg\",\"contentUrl\":\"https:\/\/radio.fcejs.unsl.edu.ar\/wp-content\/uploads\/2026\/03\/lg-1-1.jpg\",\"width\":1167,\"height\":697},{\"@type\":\"BreadcrumbList\",\"@id\":\"https:\/\/radio.fcejs.unsl.edu.ar\/index.php\/jorge-gato-fernandez-cuestiono-las-reformas-del-gobierno-nacional-y-advirtio-por-el-rumbo-politico-en-la-provincia\/#breadcrumb\",\"itemListElement\":[{\"@type\":\"ListItem\",\"position\":1,\"name\":\"Inicio\",\"item\":\"https:\/\/radio.fcejs.unsl.edu.ar\/\"},{\"@type\":\"ListItem\",\"position\":2,\"name\":\"Jorge \u201cGato\u201d Fern\u00e1ndez cuestion\u00f3 las reformas del Gobierno nacional y advirti\u00f3 por el rumbo pol\u00edtico en la provincia\"}]},{\"@type\":\"WebSite\",\"@id\":\"https:\/\/radio.fcejs.unsl.edu.ar\/#website\",\"url\":\"https:\/\/radio.fcejs.unsl.edu.ar\/\",\"name\":\"Radio Universidad Villa Mercedes 97.5 | UNSL\",\"description\":\"UNSL\",\"publisher\":{\"@id\":\"https:\/\/radio.fcejs.unsl.edu.ar\/#organization\"},\"potentialAction\":[{\"@type\":\"SearchAction\",\"target\":{\"@type\":\"EntryPoint\",\"urlTemplate\":\"https:\/\/radio.fcejs.unsl.edu.ar\/?s={search_term_string}\"},\"query-input\":{\"@type\":\"PropertyValueSpecification\",\"valueRequired\":true,\"valueName\":\"search_term_string\"}}],\"inLanguage\":\"es-AR\"},{\"@type\":\"Organization\",\"@id\":\"https:\/\/radio.fcejs.unsl.edu.ar\/#organization\",\"name\":\"Radio Universidad Villa Mercedes 97.5 | UNSL\",\"url\":\"https:\/\/radio.fcejs.unsl.edu.ar\/\",\"logo\":{\"@type\":\"ImageObject\",\"inLanguage\":\"es-AR\",\"@id\":\"https:\/\/radio.fcejs.unsl.edu.ar\/#\/schema\/logo\/image\/\",\"url\":\"https:\/\/radio.fcejs.unsl.edu.ar\/wp-content\/uploads\/2023\/12\/cropped-radio-villa-mercedes-97-5.png\",\"contentUrl\":\"https:\/\/radio.fcejs.unsl.edu.ar\/wp-content\/uploads\/2023\/12\/cropped-radio-villa-mercedes-97-5.png\",\"width\":908,\"height\":289,\"caption\":\"Radio Universidad Villa Mercedes 97.5 | UNSL\"},\"image\":{\"@id\":\"https:\/\/radio.fcejs.unsl.edu.ar\/#\/schema\/logo\/image\/\"}},{\"@type\":\"Person\",\"@id\":\"https:\/\/radio.fcejs.unsl.edu.ar\/#\/schema\/person\/acc8fccb15174977a9a97c2c6c9a046e\",\"name\":\"Matias Videla\",\"url\":\"https:\/\/radio.fcejs.unsl.edu.ar\/index.php\/author\/mvidela\/\"}]}<\/script>\n<!-- \/ Yoast SEO plugin. -->","yoast_head_json":{"title":"Jorge \u201cGato\u201d Fern\u00e1ndez cuestion\u00f3 las reformas del Gobierno nacional y advirti\u00f3 por el rumbo pol\u00edtico en la provincia - Radio Universidad Villa Mercedes 97.5 | UNSL","robots":{"index":"index","follow":"follow","max-snippet":"max-snippet:-1","max-image-preview":"max-image-preview:large","max-video-preview":"max-video-preview:-1"},"canonical":"https:\/\/radio.fcejs.unsl.edu.ar\/index.php\/jorge-gato-fernandez-cuestiono-las-reformas-del-gobierno-nacional-y-advirtio-por-el-rumbo-politico-en-la-provincia\/","og_locale":"es_ES","og_type":"article","og_title":"Jorge \u201cGato\u201d Fern\u00e1ndez cuestion\u00f3 las reformas del Gobierno nacional y advirti\u00f3 por el rumbo pol\u00edtico en la provincia - Radio Universidad Villa Mercedes 97.5 | UNSL","og_description":"En di\u00e1logo con Acento Mercedino por Radio UNSL Villa Mercedes 97.5 FM, el diputado nacional Jorge Fern\u00e1ndez analiz\u00f3 la intensa agenda legislativa que se debate en el Congreso y expres\u00f3 su preocupaci\u00f3n por diversas reformas impulsadas por el Gobierno nacional. Escuche la entrevista completa: https:\/\/radioupload.fica.unsl.edu.ar\/files\/mv\/Gato%20Fernandez-mp3.mp3 El legislador se\u00f1al\u00f3 que el a\u00f1o parlamentario estar\u00e1 marcado por...","og_url":"https:\/\/radio.fcejs.unsl.edu.ar\/index.php\/jorge-gato-fernandez-cuestiono-las-reformas-del-gobierno-nacional-y-advirtio-por-el-rumbo-politico-en-la-provincia\/","og_site_name":"Radio Universidad Villa Mercedes 97.5 | UNSL","article_published_time":"2026-03-12T16:00:57+00:00","article_modified_time":"2026-03-12T16:15:03+00:00","og_image":[{"width":1167,"height":697,"url":"http:\/\/radio.fcejs.unsl.edu.ar\/wp-content\/uploads\/2026\/03\/lg-1-1.jpg","type":"image\/jpeg"}],"author":"Matias Videla","twitter_card":"summary_large_image","twitter_misc":{"Escrito por":"Matias Videla","Tiempo de lectura":"2 minutos"},"schema":{"@context":"https:\/\/schema.org","@graph":[{"@type":"Article","@id":"https:\/\/radio.fcejs.unsl.edu.ar\/index.php\/jorge-gato-fernandez-cuestiono-las-reformas-del-gobierno-nacional-y-advirtio-por-el-rumbo-politico-en-la-provincia\/#article","isPartOf":{"@id":"https:\/\/radio.fcejs.unsl.edu.ar\/index.php\/jorge-gato-fernandez-cuestiono-las-reformas-del-gobierno-nacional-y-advirtio-por-el-rumbo-politico-en-la-provincia\/"},"author":{"name":"Matias Videla","@id":"https:\/\/radio.fcejs.unsl.edu.ar\/#\/schema\/person\/acc8fccb15174977a9a97c2c6c9a046e"},"headline":"Jorge \u201cGato\u201d Fern\u00e1ndez cuestion\u00f3 las reformas del Gobierno nacional y advirti\u00f3 por el rumbo pol\u00edtico en la provincia","datePublished":"2026-03-12T16:00:57+00:00","dateModified":"2026-03-12T16:15:03+00:00","mainEntityOfPage":{"@id":"https:\/\/radio.fcejs.unsl.edu.ar\/index.php\/jorge-gato-fernandez-cuestiono-las-reformas-del-gobierno-nacional-y-advirtio-por-el-rumbo-politico-en-la-provincia\/"},"wordCount":493,"publisher":{"@id":"https:\/\/radio.fcejs.unsl.edu.ar\/#organization"},"image":{"@id":"https:\/\/radio.fcejs.unsl.edu.ar\/index.php\/jorge-gato-fernandez-cuestiono-las-reformas-del-gobierno-nacional-y-advirtio-por-el-rumbo-politico-en-la-provincia\/#primaryimage"},"thumbnailUrl":"https:\/\/radio.fcejs.unsl.edu.ar\/wp-content\/uploads\/2026\/03\/lg-1-1.jpg","articleSection":["Entrevistas","Noticias"],"inLanguage":"es-AR"},{"@type":"WebPage","@id":"https:\/\/radio.fcejs.unsl.edu.ar\/index.php\/jorge-gato-fernandez-cuestiono-las-reformas-del-gobierno-nacional-y-advirtio-por-el-rumbo-politico-en-la-provincia\/","url":"https:\/\/radio.fcejs.unsl.edu.ar\/index.php\/jorge-gato-fernandez-cuestiono-las-reformas-del-gobierno-nacional-y-advirtio-por-el-rumbo-politico-en-la-provincia\/","name":"Jorge \u201cGato\u201d Fern\u00e1ndez cuestion\u00f3 las reformas del Gobierno nacional y advirti\u00f3 por el rumbo pol\u00edtico en la provincia - Radio Universidad Villa Mercedes 97.5 | UNSL","isPartOf":{"@id":"https:\/\/radio.fcejs.unsl.edu.ar\/#website"},"primaryImageOfPage":{"@id":"https:\/\/radio.fcejs.unsl.edu.ar\/index.php\/jorge-gato-fernandez-cuestiono-las-reformas-del-gobierno-nacional-y-advirtio-por-el-rumbo-politico-en-la-provincia\/#primaryimage"},"image":{"@id":"https:\/\/radio.fcejs.unsl.edu.ar\/index.php\/jorge-gato-fernandez-cuestiono-las-reformas-del-gobierno-nacional-y-advirtio-por-el-rumbo-politico-en-la-provincia\/#primaryimage"},"thumbnailUrl":"https:\/\/radio.fcejs.unsl.edu.ar\/wp-content\/uploads\/2026\/03\/lg-1-1.jpg","datePublished":"2026-03-12T16:00:57+00:00","dateModified":"2026-03-12T16:15:03+00:00","breadcrumb":{"@id":"https:\/\/radio.fcejs.unsl.edu.ar\/index.php\/jorge-gato-fernandez-cuestiono-las-reformas-del-gobierno-nacional-y-advirtio-por-el-rumbo-politico-en-la-provincia\/#breadcrumb"},"inLanguage":"es-AR","potentialAction":[{"@type":"ReadAction","target":["https:\/\/radio.fcejs.unsl.edu.ar\/index.php\/jorge-gato-fernandez-cuestiono-las-reformas-del-gobierno-nacional-y-advirtio-por-el-rumbo-politico-en-la-provincia\/"]}]},{"@type":"ImageObject","inLanguage":"es-AR","@id":"https:\/\/radio.fcejs.unsl.edu.ar\/index.php\/jorge-gato-fernandez-cuestiono-las-reformas-del-gobierno-nacional-y-advirtio-por-el-rumbo-politico-en-la-provincia\/#primaryimage","url":"https:\/\/radio.fcejs.unsl.edu.ar\/wp-content\/uploads\/2026\/03\/lg-1-1.jpg","contentUrl":"https:\/\/radio.fcejs.unsl.edu.ar\/wp-content\/uploads\/2026\/03\/lg-1-1.jpg","width":1167,"height":697},{"@type":"BreadcrumbList","@id":"https:\/\/radio.fcejs.unsl.edu.ar\/index.php\/jorge-gato-fernandez-cuestiono-las-reformas-del-gobierno-nacional-y-advirtio-por-el-rumbo-politico-en-la-provincia\/#breadcrumb","itemListElement":[{"@type":"ListItem","position":1,"name":"Inicio","item":"https:\/\/radio.fcejs.unsl.edu.ar\/"},{"@type":"ListItem","position":2,"name":"Jorge \u201cGato\u201d Fern\u00e1ndez cuestion\u00f3 las reformas del Gobierno nacional y advirti\u00f3 por el rumbo pol\u00edtico en la provincia"}]},{"@type":"WebSite","@id":"https:\/\/radio.fcejs.unsl.edu.ar\/#website","url":"https:\/\/radio.fcejs.unsl.edu.ar\/","name":"Radio Universidad Villa Mercedes 97.5 | UNSL","description":"UNSL","publisher":{"@id":"https:\/\/radio.fcejs.unsl.edu.ar\/#organization"},"potentialAction":[{"@type":"SearchAction","target":{"@type":"EntryPoint","urlTemplate":"https:\/\/radio.fcejs.unsl.edu.ar\/?s={search_term_string}"},"query-input":{"@type":"PropertyValueSpecification","valueRequired":true,"valueName":"search_term_string"}}],"inLanguage":"es-AR"},{"@type":"Organization","@id":"https:\/\/radio.fcejs.unsl.edu.ar\/#organization","name":"Radio Universidad Villa Mercedes 97.5 | UNSL","url":"https:\/\/radio.fcejs.unsl.edu.ar\/","logo":{"@type":"ImageObject","inLanguage":"es-AR","@id":"https:\/\/radio.fcejs.unsl.edu.ar\/#\/schema\/logo\/image\/","url":"https:\/\/radio.fcejs.unsl.edu.ar\/wp-content\/uploads\/2023\/12\/cropped-radio-villa-mercedes-97-5.png","contentUrl":"https:\/\/radio.fcejs.unsl.edu.ar\/wp-content\/uploads\/2023\/12\/cropped-radio-villa-mercedes-97-5.png","width":908,"height":289,"caption":"Radio Universidad Villa Mercedes 97.5 | UNSL"},"image":{"@id":"https:\/\/radio.fcejs.unsl.edu.ar\/#\/schema\/logo\/image\/"}},{"@type":"Person","@id":"https:\/\/radio.fcejs.unsl.edu.ar\/#\/schema\/person\/acc8fccb15174977a9a97c2c6c9a046e","name":"Matias Videla","url":"https:\/\/radio.fcejs.unsl.edu.ar\/index.php\/author\/mvidela\/"}]}},"_links":{"self":[{"href":"https:\/\/radio.fcejs.unsl.edu.ar\/index.php\/wp-json\/wp\/v2\/posts\/3807","targetHints":{"allow":["GET"]}}],"collection":[{"href":"https:\/\/radio.fcejs.unsl.edu.ar\/index.php\/wp-json\/wp\/v2\/posts"}],"about":[{"href":"https:\/\/radio.fcejs.unsl.edu.ar\/index.php\/wp-json\/wp\/v2\/types\/post"}],"author":[{"embeddable":true,"href":"https:\/\/radio.fcejs.unsl.edu.ar\/index.php\/wp-json\/wp\/v2\/users\/7"}],"replies":[{"embeddable":true,"href":"https:\/\/radio.fcejs.unsl.edu.ar\/index.php\/wp-json\/wp\/v2\/comments?post=3807"}],"version-history":[{"count":2,"href":"https:\/\/radio.fcejs.unsl.edu.ar\/index.php\/wp-json\/wp\/v2\/posts\/3807\/revisions"}],"predecessor-version":[{"id":3814,"href":"https:\/\/radio.fcejs.unsl.edu.ar\/index.php\/wp-json\/wp\/v2\/posts\/3807\/revisions\/3814"}],"wp:featuredmedia":[{"embeddable":true,"href":"https:\/\/radio.fcejs.unsl.edu.ar\/index.php\/wp-json\/wp\/v2\/media\/3808"}],"wp:attachment":[{"href":"https:\/\/radio.fcejs.unsl.edu.ar\/index.php\/wp-json\/wp\/v2\/media?parent=3807"}],"wp:term":[{"taxonomy":"category","embeddable":true,"href":"https:\/\/radio.fcejs.unsl.edu.ar\/index.php\/wp-json\/wp\/v2\/categories?post=3807"},{"taxonomy":"post_tag","embeddable":true,"href":"https:\/\/radio.fcejs.unsl.edu.ar\/index.php\/wp-json\/wp\/v2\/tags?post=3807"}],"curies":[{"name":"wp","href":"https:\/\/api.w.org\/{rel}","templated":true}]}}