{"id":3799,"date":"2026-03-11T10:58:50","date_gmt":"2026-03-11T13:58:50","guid":{"rendered":"https:\/\/radio.fcejs.unsl.edu.ar\/?p=3799"},"modified":"2026-03-11T11:17:41","modified_gmt":"2026-03-11T14:17:41","slug":"abrio-el-comedor-universitario-en-villa-mercedes-el-menu-para-estudiantes-cuesta-2-800","status":"publish","type":"post","link":"https:\/\/radio.fcejs.unsl.edu.ar\/index.php\/abrio-el-comedor-universitario-en-villa-mercedes-el-menu-para-estudiantes-cuesta-2-800\/","title":{"rendered":"Abri\u00f3 el comedor universitario en Villa Mercedes: el men\u00fa para estudiantes cuesta $2.800"},"content":{"rendered":"<p data-start=\"368\" data-end=\"639\"><strong>En el programa Acento Mercedino de Radio UNSL Villa Mercedes 97.5 FM, el subsecretario de SSAEBU Villa Mercedes, Ing. Nicol\u00e1s, confirm\u00f3 la apertura del comedor universitario, un servicio esperado por estudiantes, docentes y personal no docente de la sede.<\/strong><\/p>\n<p data-start=\"641\" data-end=\"785\">El funcionario destac\u00f3 que el inicio se concret\u00f3 en la fecha prevista y que representa un beneficio importante para toda la comunidad acad\u00e9mica.<\/p>\n<h6 data-start=\"641\" data-end=\"785\">Escuch\u00e1 la entrevista completa:<\/h6>\n<audio class=\"wp-audio-shortcode\" id=\"audio-3799-1\" preload=\"none\" style=\"width: 100%;\" controls=\"controls\"><source type=\"audio\/mpeg\" src=\"https:\/\/radioupload.fica.unsl.edu.ar\/files\/mv\/NICOLAS%20RAMOS%20APERTURA%20DE%20COMEDOR-mp3.mp3?_=1\" \/><a href=\"https:\/\/radioupload.fica.unsl.edu.ar\/files\/mv\/NICOLAS%20RAMOS%20APERTURA%20DE%20COMEDOR-mp3.mp3\">https:\/\/radioupload.fica.unsl.edu.ar\/files\/mv\/NICOLAS%20RAMOS%20APERTURA%20DE%20COMEDOR-mp3.mp3<\/a><\/audio>\n<blockquote data-start=\"787\" data-end=\"940\">\n<p data-start=\"789\" data-end=\"940\">\u201cEstamos muy contentos por poder arrancar en la fecha pactada. Es algo muy importante para toda la comunidad universitaria de Villa Mercedes\u201d, expres\u00f3.<\/p>\n<\/blockquote>\n<p data-start=\"995\" data-end=\"1203\">El comedor estar\u00e1 abierto para <strong data-start=\"1026\" data-end=\"1073\">estudiantes, docentes y personal no docente<\/strong>, quienes podr\u00e1n acceder al men\u00fa diario en un horario que va <strong data-start=\"1134\" data-end=\"1154\">de 12 a 14 horas<\/strong>, siendo ese el per\u00edodo de entrega de los platos.<\/p>\n<p data-start=\"1205\" data-end=\"1377\">Para los estudiantes, el valor del men\u00fa ser\u00e1 de <strong data-start=\"1253\" data-end=\"1268\">2.800 pesos<\/strong>, un precio que busca ser accesible para facilitar el acceso a una alimentaci\u00f3n diaria.<\/p>\n<p data-start=\"1685\" data-end=\"1925\">Los estudiantes que ya est\u00e9n registrados como <strong data-start=\"1731\" data-end=\"1766\">alumnos regulares en el sistema<\/strong> podr\u00e1n acceder directamente al precio subsidiado. Al ingresar al comedor deber\u00e1n proporcionar sus datos para que el personal verifique su situaci\u00f3n acad\u00e9mica.<\/p>\n<p data-start=\"1927\" data-end=\"2166\">En el caso de <strong data-start=\"1941\" data-end=\"1993\">docentes y no docentes aportantes al art\u00edculo 67<\/strong>, existe la posibilidad de abonar el men\u00fa mediante <strong data-start=\"2044\" data-end=\"2070\">descuento por planilla<\/strong>, lo que significa que el costo de las comidas se descuenta posteriormente del recibo de sueldo.<\/p>\n<pre data-start=\"2165\" data-end=\"2236\"><strong>Conducci\u00f3n: Mat\u00edas E. Videla | Radio UNSL Villa Mercedes 97.5 FM\r\nOperaci\u00f3n T\u00e9cnica: Mart\u00edn Pagliero<\/strong><\/pre>\n","protected":false},"excerpt":{"rendered":"<p>En el programa Acento Mercedino de Radio UNSL Villa Mercedes 97.5 FM, el subsecretario de SSAEBU Villa Mercedes, Ing. Nicol\u00e1s, confirm\u00f3 la apertura del comedor universitario, un servicio esperado por estudiantes, docentes y personal no docente de la sede. El funcionario destac\u00f3 que el inicio se concret\u00f3 en la fecha prevista y que representa un&#8230;<\/p>\n","protected":false},"author":7,"featured_media":3804,"comment_status":"closed","ping_status":"closed","sticky":false,"template":"","format":"standard","meta":{"_kad_post_transparent":"default","_kad_post_title":"default","_kad_post_layout":"default","_kad_post_sidebar_id":"","_kad_post_content_style":"default","_kad_post_vertical_padding":"default","_kad_post_feature":"","_kad_post_feature_position":"","_kad_post_header":false,"_kad_post_footer":false,"_kad_post_classname":"","footnotes":""},"categories":[14,1],"tags":[],"class_list":["post-3799","post","type-post","status-publish","format-standard","has-post-thumbnail","hentry","category-entrevistas","category-noticias"],"yoast_head":"<!-- This site is optimized with the Yoast SEO plugin v27.2 - https:\/\/yoast.com\/product\/yoast-seo-wordpress\/ -->\n<title>Abri\u00f3 el comedor universitario en Villa Mercedes: el men\u00fa para estudiantes cuesta $2.800 - Radio Universidad Villa Mercedes 97.5 | UNSL<\/title>\n<meta name=\"robots\" content=\"index, follow, max-snippet:-1, max-image-preview:large, max-video-preview:-1\" \/>\n<link rel=\"canonical\" href=\"https:\/\/radio.fcejs.unsl.edu.ar\/index.php\/abrio-el-comedor-universitario-en-villa-mercedes-el-menu-para-estudiantes-cuesta-2-800\/\" \/>\n<meta property=\"og:locale\" content=\"es_ES\" \/>\n<meta property=\"og:type\" content=\"article\" \/>\n<meta property=\"og:title\" content=\"Abri\u00f3 el comedor universitario en Villa Mercedes: el men\u00fa para estudiantes cuesta $2.800 - Radio Universidad Villa Mercedes 97.5 | UNSL\" \/>\n<meta property=\"og:description\" content=\"En el programa Acento Mercedino de Radio UNSL Villa Mercedes 97.5 FM, el subsecretario de SSAEBU Villa Mercedes, Ing. Nicol\u00e1s, confirm\u00f3 la apertura del comedor universitario, un servicio esperado por estudiantes, docentes y personal no docente de la sede. El funcionario destac\u00f3 que el inicio se concret\u00f3 en la fecha prevista y que representa un...\" \/>\n<meta property=\"og:url\" content=\"https:\/\/radio.fcejs.unsl.edu.ar\/index.php\/abrio-el-comedor-universitario-en-villa-mercedes-el-menu-para-estudiantes-cuesta-2-800\/\" \/>\n<meta property=\"og:site_name\" content=\"Radio Universidad Villa Mercedes 97.5 | UNSL\" \/>\n<meta property=\"article:published_time\" content=\"2026-03-11T13:58:50+00:00\" \/>\n<meta property=\"article:modified_time\" content=\"2026-03-11T14:17:41+00:00\" \/>\n<meta property=\"og:image\" content=\"http:\/\/radio.fcejs.unsl.edu.ar\/wp-content\/uploads\/2026\/03\/175127.jpg-scaled.jpeg\" \/>\n\t<meta property=\"og:image:width\" content=\"2560\" \/>\n\t<meta property=\"og:image:height\" content=\"1441\" \/>\n\t<meta property=\"og:image:type\" content=\"image\/jpeg\" \/>\n<meta name=\"author\" content=\"Matias Videla\" \/>\n<meta name=\"twitter:card\" content=\"summary_large_image\" \/>\n<meta name=\"twitter:label1\" content=\"Escrito por\" \/>\n\t<meta name=\"twitter:data1\" content=\"Matias Videla\" \/>\n\t<meta name=\"twitter:label2\" content=\"Tiempo de lectura\" \/>\n\t<meta name=\"twitter:data2\" content=\"2 minutos\" \/>\n<script type=\"application\/ld+json\" class=\"yoast-schema-graph\">{\"@context\":\"https:\/\/schema.org\",\"@graph\":[{\"@type\":\"Article\",\"@id\":\"https:\/\/radio.fcejs.unsl.edu.ar\/index.php\/abrio-el-comedor-universitario-en-villa-mercedes-el-menu-para-estudiantes-cuesta-2-800\/#article\",\"isPartOf\":{\"@id\":\"https:\/\/radio.fcejs.unsl.edu.ar\/index.php\/abrio-el-comedor-universitario-en-villa-mercedes-el-menu-para-estudiantes-cuesta-2-800\/\"},\"author\":{\"name\":\"Matias Videla\",\"@id\":\"https:\/\/radio.fcejs.unsl.edu.ar\/#\/schema\/person\/acc8fccb15174977a9a97c2c6c9a046e\"},\"headline\":\"Abri\u00f3 el comedor universitario en Villa Mercedes: el men\u00fa para estudiantes cuesta $2.800\",\"datePublished\":\"2026-03-11T13:58:50+00:00\",\"dateModified\":\"2026-03-11T14:17:41+00:00\",\"mainEntityOfPage\":{\"@id\":\"https:\/\/radio.fcejs.unsl.edu.ar\/index.php\/abrio-el-comedor-universitario-en-villa-mercedes-el-menu-para-estudiantes-cuesta-2-800\/\"},\"wordCount\":255,\"publisher\":{\"@id\":\"https:\/\/radio.fcejs.unsl.edu.ar\/#organization\"},\"image\":{\"@id\":\"https:\/\/radio.fcejs.unsl.edu.ar\/index.php\/abrio-el-comedor-universitario-en-villa-mercedes-el-menu-para-estudiantes-cuesta-2-800\/#primaryimage\"},\"thumbnailUrl\":\"https:\/\/radio.fcejs.unsl.edu.ar\/wp-content\/uploads\/2026\/03\/175127.jpg-scaled.jpeg\",\"articleSection\":[\"Entrevistas\",\"Noticias\"],\"inLanguage\":\"es-AR\"},{\"@type\":\"WebPage\",\"@id\":\"https:\/\/radio.fcejs.unsl.edu.ar\/index.php\/abrio-el-comedor-universitario-en-villa-mercedes-el-menu-para-estudiantes-cuesta-2-800\/\",\"url\":\"https:\/\/radio.fcejs.unsl.edu.ar\/index.php\/abrio-el-comedor-universitario-en-villa-mercedes-el-menu-para-estudiantes-cuesta-2-800\/\",\"name\":\"Abri\u00f3 el comedor universitario en Villa Mercedes: el men\u00fa para estudiantes cuesta $2.800 - Radio Universidad Villa Mercedes 97.5 | UNSL\",\"isPartOf\":{\"@id\":\"https:\/\/radio.fcejs.unsl.edu.ar\/#website\"},\"primaryImageOfPage\":{\"@id\":\"https:\/\/radio.fcejs.unsl.edu.ar\/index.php\/abrio-el-comedor-universitario-en-villa-mercedes-el-menu-para-estudiantes-cuesta-2-800\/#primaryimage\"},\"image\":{\"@id\":\"https:\/\/radio.fcejs.unsl.edu.ar\/index.php\/abrio-el-comedor-universitario-en-villa-mercedes-el-menu-para-estudiantes-cuesta-2-800\/#primaryimage\"},\"thumbnailUrl\":\"https:\/\/radio.fcejs.unsl.edu.ar\/wp-content\/uploads\/2026\/03\/175127.jpg-scaled.jpeg\",\"datePublished\":\"2026-03-11T13:58:50+00:00\",\"dateModified\":\"2026-03-11T14:17:41+00:00\",\"breadcrumb\":{\"@id\":\"https:\/\/radio.fcejs.unsl.edu.ar\/index.php\/abrio-el-comedor-universitario-en-villa-mercedes-el-menu-para-estudiantes-cuesta-2-800\/#breadcrumb\"},\"inLanguage\":\"es-AR\",\"potentialAction\":[{\"@type\":\"ReadAction\",\"target\":[\"https:\/\/radio.fcejs.unsl.edu.ar\/index.php\/abrio-el-comedor-universitario-en-villa-mercedes-el-menu-para-estudiantes-cuesta-2-800\/\"]}]},{\"@type\":\"ImageObject\",\"inLanguage\":\"es-AR\",\"@id\":\"https:\/\/radio.fcejs.unsl.edu.ar\/index.php\/abrio-el-comedor-universitario-en-villa-mercedes-el-menu-para-estudiantes-cuesta-2-800\/#primaryimage\",\"url\":\"https:\/\/radio.fcejs.unsl.edu.ar\/wp-content\/uploads\/2026\/03\/175127.jpg-scaled.jpeg\",\"contentUrl\":\"https:\/\/radio.fcejs.unsl.edu.ar\/wp-content\/uploads\/2026\/03\/175127.jpg-scaled.jpeg\",\"width\":2560,\"height\":1441},{\"@type\":\"BreadcrumbList\",\"@id\":\"https:\/\/radio.fcejs.unsl.edu.ar\/index.php\/abrio-el-comedor-universitario-en-villa-mercedes-el-menu-para-estudiantes-cuesta-2-800\/#breadcrumb\",\"itemListElement\":[{\"@type\":\"ListItem\",\"position\":1,\"name\":\"Inicio\",\"item\":\"https:\/\/radio.fcejs.unsl.edu.ar\/\"},{\"@type\":\"ListItem\",\"position\":2,\"name\":\"Abri\u00f3 el comedor universitario en Villa Mercedes: el men\u00fa para estudiantes cuesta $2.800\"}]},{\"@type\":\"WebSite\",\"@id\":\"https:\/\/radio.fcejs.unsl.edu.ar\/#website\",\"url\":\"https:\/\/radio.fcejs.unsl.edu.ar\/\",\"name\":\"Radio Universidad Villa Mercedes 97.5 | UNSL\",\"description\":\"UNSL\",\"publisher\":{\"@id\":\"https:\/\/radio.fcejs.unsl.edu.ar\/#organization\"},\"potentialAction\":[{\"@type\":\"SearchAction\",\"target\":{\"@type\":\"EntryPoint\",\"urlTemplate\":\"https:\/\/radio.fcejs.unsl.edu.ar\/?s={search_term_string}\"},\"query-input\":{\"@type\":\"PropertyValueSpecification\",\"valueRequired\":true,\"valueName\":\"search_term_string\"}}],\"inLanguage\":\"es-AR\"},{\"@type\":\"Organization\",\"@id\":\"https:\/\/radio.fcejs.unsl.edu.ar\/#organization\",\"name\":\"Radio Universidad Villa Mercedes 97.5 | UNSL\",\"url\":\"https:\/\/radio.fcejs.unsl.edu.ar\/\",\"logo\":{\"@type\":\"ImageObject\",\"inLanguage\":\"es-AR\",\"@id\":\"https:\/\/radio.fcejs.unsl.edu.ar\/#\/schema\/logo\/image\/\",\"url\":\"https:\/\/radio.fcejs.unsl.edu.ar\/wp-content\/uploads\/2023\/12\/cropped-radio-villa-mercedes-97-5.png\",\"contentUrl\":\"https:\/\/radio.fcejs.unsl.edu.ar\/wp-content\/uploads\/2023\/12\/cropped-radio-villa-mercedes-97-5.png\",\"width\":908,\"height\":289,\"caption\":\"Radio Universidad Villa Mercedes 97.5 | UNSL\"},\"image\":{\"@id\":\"https:\/\/radio.fcejs.unsl.edu.ar\/#\/schema\/logo\/image\/\"}},{\"@type\":\"Person\",\"@id\":\"https:\/\/radio.fcejs.unsl.edu.ar\/#\/schema\/person\/acc8fccb15174977a9a97c2c6c9a046e\",\"name\":\"Matias Videla\",\"url\":\"https:\/\/radio.fcejs.unsl.edu.ar\/index.php\/author\/mvidela\/\"}]}<\/script>\n<!-- \/ Yoast SEO plugin. -->","yoast_head_json":{"title":"Abri\u00f3 el comedor universitario en Villa Mercedes: el men\u00fa para estudiantes cuesta $2.800 - Radio Universidad Villa Mercedes 97.5 | UNSL","robots":{"index":"index","follow":"follow","max-snippet":"max-snippet:-1","max-image-preview":"max-image-preview:large","max-video-preview":"max-video-preview:-1"},"canonical":"https:\/\/radio.fcejs.unsl.edu.ar\/index.php\/abrio-el-comedor-universitario-en-villa-mercedes-el-menu-para-estudiantes-cuesta-2-800\/","og_locale":"es_ES","og_type":"article","og_title":"Abri\u00f3 el comedor universitario en Villa Mercedes: el men\u00fa para estudiantes cuesta $2.800 - Radio Universidad Villa Mercedes 97.5 | UNSL","og_description":"En el programa Acento Mercedino de Radio UNSL Villa Mercedes 97.5 FM, el subsecretario de SSAEBU Villa Mercedes, Ing. Nicol\u00e1s, confirm\u00f3 la apertura del comedor universitario, un servicio esperado por estudiantes, docentes y personal no docente de la sede. El funcionario destac\u00f3 que el inicio se concret\u00f3 en la fecha prevista y que representa un...","og_url":"https:\/\/radio.fcejs.unsl.edu.ar\/index.php\/abrio-el-comedor-universitario-en-villa-mercedes-el-menu-para-estudiantes-cuesta-2-800\/","og_site_name":"Radio Universidad Villa Mercedes 97.5 | UNSL","article_published_time":"2026-03-11T13:58:50+00:00","article_modified_time":"2026-03-11T14:17:41+00:00","og_image":[{"width":2560,"height":1441,"url":"http:\/\/radio.fcejs.unsl.edu.ar\/wp-content\/uploads\/2026\/03\/175127.jpg-scaled.jpeg","type":"image\/jpeg"}],"author":"Matias Videla","twitter_card":"summary_large_image","twitter_misc":{"Escrito por":"Matias Videla","Tiempo de lectura":"2 minutos"},"schema":{"@context":"https:\/\/schema.org","@graph":[{"@type":"Article","@id":"https:\/\/radio.fcejs.unsl.edu.ar\/index.php\/abrio-el-comedor-universitario-en-villa-mercedes-el-menu-para-estudiantes-cuesta-2-800\/#article","isPartOf":{"@id":"https:\/\/radio.fcejs.unsl.edu.ar\/index.php\/abrio-el-comedor-universitario-en-villa-mercedes-el-menu-para-estudiantes-cuesta-2-800\/"},"author":{"name":"Matias Videla","@id":"https:\/\/radio.fcejs.unsl.edu.ar\/#\/schema\/person\/acc8fccb15174977a9a97c2c6c9a046e"},"headline":"Abri\u00f3 el comedor universitario en Villa Mercedes: el men\u00fa para estudiantes cuesta $2.800","datePublished":"2026-03-11T13:58:50+00:00","dateModified":"2026-03-11T14:17:41+00:00","mainEntityOfPage":{"@id":"https:\/\/radio.fcejs.unsl.edu.ar\/index.php\/abrio-el-comedor-universitario-en-villa-mercedes-el-menu-para-estudiantes-cuesta-2-800\/"},"wordCount":255,"publisher":{"@id":"https:\/\/radio.fcejs.unsl.edu.ar\/#organization"},"image":{"@id":"https:\/\/radio.fcejs.unsl.edu.ar\/index.php\/abrio-el-comedor-universitario-en-villa-mercedes-el-menu-para-estudiantes-cuesta-2-800\/#primaryimage"},"thumbnailUrl":"https:\/\/radio.fcejs.unsl.edu.ar\/wp-content\/uploads\/2026\/03\/175127.jpg-scaled.jpeg","articleSection":["Entrevistas","Noticias"],"inLanguage":"es-AR"},{"@type":"WebPage","@id":"https:\/\/radio.fcejs.unsl.edu.ar\/index.php\/abrio-el-comedor-universitario-en-villa-mercedes-el-menu-para-estudiantes-cuesta-2-800\/","url":"https:\/\/radio.fcejs.unsl.edu.ar\/index.php\/abrio-el-comedor-universitario-en-villa-mercedes-el-menu-para-estudiantes-cuesta-2-800\/","name":"Abri\u00f3 el comedor universitario en Villa Mercedes: el men\u00fa para estudiantes cuesta $2.800 - Radio Universidad Villa Mercedes 97.5 | UNSL","isPartOf":{"@id":"https:\/\/radio.fcejs.unsl.edu.ar\/#website"},"primaryImageOfPage":{"@id":"https:\/\/radio.fcejs.unsl.edu.ar\/index.php\/abrio-el-comedor-universitario-en-villa-mercedes-el-menu-para-estudiantes-cuesta-2-800\/#primaryimage"},"image":{"@id":"https:\/\/radio.fcejs.unsl.edu.ar\/index.php\/abrio-el-comedor-universitario-en-villa-mercedes-el-menu-para-estudiantes-cuesta-2-800\/#primaryimage"},"thumbnailUrl":"https:\/\/radio.fcejs.unsl.edu.ar\/wp-content\/uploads\/2026\/03\/175127.jpg-scaled.jpeg","datePublished":"2026-03-11T13:58:50+00:00","dateModified":"2026-03-11T14:17:41+00:00","breadcrumb":{"@id":"https:\/\/radio.fcejs.unsl.edu.ar\/index.php\/abrio-el-comedor-universitario-en-villa-mercedes-el-menu-para-estudiantes-cuesta-2-800\/#breadcrumb"},"inLanguage":"es-AR","potentialAction":[{"@type":"ReadAction","target":["https:\/\/radio.fcejs.unsl.edu.ar\/index.php\/abrio-el-comedor-universitario-en-villa-mercedes-el-menu-para-estudiantes-cuesta-2-800\/"]}]},{"@type":"ImageObject","inLanguage":"es-AR","@id":"https:\/\/radio.fcejs.unsl.edu.ar\/index.php\/abrio-el-comedor-universitario-en-villa-mercedes-el-menu-para-estudiantes-cuesta-2-800\/#primaryimage","url":"https:\/\/radio.fcejs.unsl.edu.ar\/wp-content\/uploads\/2026\/03\/175127.jpg-scaled.jpeg","contentUrl":"https:\/\/radio.fcejs.unsl.edu.ar\/wp-content\/uploads\/2026\/03\/175127.jpg-scaled.jpeg","width":2560,"height":1441},{"@type":"BreadcrumbList","@id":"https:\/\/radio.fcejs.unsl.edu.ar\/index.php\/abrio-el-comedor-universitario-en-villa-mercedes-el-menu-para-estudiantes-cuesta-2-800\/#breadcrumb","itemListElement":[{"@type":"ListItem","position":1,"name":"Inicio","item":"https:\/\/radio.fcejs.unsl.edu.ar\/"},{"@type":"ListItem","position":2,"name":"Abri\u00f3 el comedor universitario en Villa Mercedes: el men\u00fa para estudiantes cuesta $2.800"}]},{"@type":"WebSite","@id":"https:\/\/radio.fcejs.unsl.edu.ar\/#website","url":"https:\/\/radio.fcejs.unsl.edu.ar\/","name":"Radio Universidad Villa Mercedes 97.5 | UNSL","description":"UNSL","publisher":{"@id":"https:\/\/radio.fcejs.unsl.edu.ar\/#organization"},"potentialAction":[{"@type":"SearchAction","target":{"@type":"EntryPoint","urlTemplate":"https:\/\/radio.fcejs.unsl.edu.ar\/?s={search_term_string}"},"query-input":{"@type":"PropertyValueSpecification","valueRequired":true,"valueName":"search_term_string"}}],"inLanguage":"es-AR"},{"@type":"Organization","@id":"https:\/\/radio.fcejs.unsl.edu.ar\/#organization","name":"Radio Universidad Villa Mercedes 97.5 | UNSL","url":"https:\/\/radio.fcejs.unsl.edu.ar\/","logo":{"@type":"ImageObject","inLanguage":"es-AR","@id":"https:\/\/radio.fcejs.unsl.edu.ar\/#\/schema\/logo\/image\/","url":"https:\/\/radio.fcejs.unsl.edu.ar\/wp-content\/uploads\/2023\/12\/cropped-radio-villa-mercedes-97-5.png","contentUrl":"https:\/\/radio.fcejs.unsl.edu.ar\/wp-content\/uploads\/2023\/12\/cropped-radio-villa-mercedes-97-5.png","width":908,"height":289,"caption":"Radio Universidad Villa Mercedes 97.5 | UNSL"},"image":{"@id":"https:\/\/radio.fcejs.unsl.edu.ar\/#\/schema\/logo\/image\/"}},{"@type":"Person","@id":"https:\/\/radio.fcejs.unsl.edu.ar\/#\/schema\/person\/acc8fccb15174977a9a97c2c6c9a046e","name":"Matias Videla","url":"https:\/\/radio.fcejs.unsl.edu.ar\/index.php\/author\/mvidela\/"}]}},"_links":{"self":[{"href":"https:\/\/radio.fcejs.unsl.edu.ar\/index.php\/wp-json\/wp\/v2\/posts\/3799","targetHints":{"allow":["GET"]}}],"collection":[{"href":"https:\/\/radio.fcejs.unsl.edu.ar\/index.php\/wp-json\/wp\/v2\/posts"}],"about":[{"href":"https:\/\/radio.fcejs.unsl.edu.ar\/index.php\/wp-json\/wp\/v2\/types\/post"}],"author":[{"embeddable":true,"href":"https:\/\/radio.fcejs.unsl.edu.ar\/index.php\/wp-json\/wp\/v2\/users\/7"}],"replies":[{"embeddable":true,"href":"https:\/\/radio.fcejs.unsl.edu.ar\/index.php\/wp-json\/wp\/v2\/comments?post=3799"}],"version-history":[{"count":4,"href":"https:\/\/radio.fcejs.unsl.edu.ar\/index.php\/wp-json\/wp\/v2\/posts\/3799\/revisions"}],"predecessor-version":[{"id":3805,"href":"https:\/\/radio.fcejs.unsl.edu.ar\/index.php\/wp-json\/wp\/v2\/posts\/3799\/revisions\/3805"}],"wp:featuredmedia":[{"embeddable":true,"href":"https:\/\/radio.fcejs.unsl.edu.ar\/index.php\/wp-json\/wp\/v2\/media\/3804"}],"wp:attachment":[{"href":"https:\/\/radio.fcejs.unsl.edu.ar\/index.php\/wp-json\/wp\/v2\/media?parent=3799"}],"wp:term":[{"taxonomy":"category","embeddable":true,"href":"https:\/\/radio.fcejs.unsl.edu.ar\/index.php\/wp-json\/wp\/v2\/categories?post=3799"},{"taxonomy":"post_tag","embeddable":true,"href":"https:\/\/radio.fcejs.unsl.edu.ar\/index.php\/wp-json\/wp\/v2\/tags?post=3799"}],"curies":[{"name":"wp","href":"https:\/\/api.w.org\/{rel}","templated":true}]}}