{"id":3789,"date":"2026-03-10T10:52:11","date_gmt":"2026-03-10T13:52:11","guid":{"rendered":"https:\/\/radio.fcejs.unsl.edu.ar\/?p=3789"},"modified":"2026-03-10T11:17:25","modified_gmt":"2026-03-10T14:17:25","slug":"preocupa-el-desmantelamiento-de-las-politicas-de-genero-a-nivel-nacional","status":"publish","type":"post","link":"https:\/\/radio.fcejs.unsl.edu.ar\/index.php\/preocupa-el-desmantelamiento-de-las-politicas-de-genero-a-nivel-nacional\/","title":{"rendered":"Preocupaci\u00f3n por el desmantelamiento de las pol\u00edticas de g\u00e9nero a nivel nacional"},"content":{"rendered":"<p data-start=\"403\" data-end=\"785\"><strong>Hoy en #AcentoMercedino por Radio UNSL Villa Mercedes, dialogamos con la Lic. Candela Manrique sobre el recorte y la busqueda permanente de eliminar las estructuras estatales dedicadas a las pol\u00edticas de g\u00e9nero en el pa\u00eds. Seg\u00fan se\u00f1al\u00f3, las decisiones tomadas por el actual gobierno desde su asunci\u00f3n en 2023 representan un \u201cdesmantelamiento\u201d del sistema institucional que abordaba la prevenci\u00f3n y atenci\u00f3n de las violencias por razones de g\u00e9nero.<\/strong><\/p>\n<p data-start=\"787\" data-end=\"934\">La cr\u00edtica apunta especialmente al cierre del Ministerio de las Mujeres, G\u00e9neros y Diversidad y a la reducci\u00f3n de los programas vinculados al \u00e1rea.<\/p>\n<h6 data-start=\"787\" data-end=\"934\">Escuch\u00e1 la entrevista completa:<\/h6>\n<audio class=\"wp-audio-shortcode\" id=\"audio-3789-1\" preload=\"none\" style=\"width: 100%;\" controls=\"controls\"><source type=\"audio\/mpeg\" src=\"https:\/\/radioupload.fica.unsl.edu.ar\/files\/mv\/Candela%20Manrrique-mp3.mp3?_=1\" \/><a href=\"https:\/\/radioupload.fica.unsl.edu.ar\/files\/mv\/Candela%20Manrrique-mp3.mp3\">https:\/\/radioupload.fica.unsl.edu.ar\/files\/mv\/Candela%20Manrrique-mp3.mp3<\/a><\/audio>\n<blockquote data-start=\"936\" data-end=\"1114\">\n<p data-start=\"938\" data-end=\"1114\">\u201cDesde que asumi\u00f3 el actual gobierno ha habido una cadena de acciones completamente regresivas. No es que se haya achicado el \u00e1rea, directamente se ha desmantelado\u201d, se afirm\u00f3.<\/p>\n<\/blockquote>\n<p data-start=\"1116\" data-end=\"1362\">En ese sentido, la licenciada remarc\u00f3 que el presupuesto destinado a estas pol\u00edticas habr\u00eda sufrido una reducci\u00f3n cercana al <strong data-start=\"1230\" data-end=\"1237\">90%<\/strong>, lo que deriv\u00f3 en la p\u00e9rdida de rango ministerial, luego en una subsecretar\u00eda y finalmente en la desaparici\u00f3n del organismo.<\/p>\n<blockquote data-start=\"1364\" data-end=\"1601\">\n<p data-start=\"1366\" data-end=\"1601\">\u201cPasamos de tener un ministerio a una subsecretar\u00eda para luego desaparecer. Por primera vez desde 1992 no existe una instituci\u00f3n p\u00fablica que ejecute pol\u00edticas de g\u00e9nero o de protecci\u00f3n integral hacia mujeres y diversidades\u201d, se se\u00f1al\u00f3.<\/p>\n<\/blockquote>\n<p data-start=\"1603\" data-end=\"1695\">Tambi\u00e9n\u00a0cuestion\u00f3 el discurso oficial que sostiene que los programas fueron \u201cunificados\u201d.<\/p>\n<blockquote data-start=\"1697\" data-end=\"1828\">\n<p data-start=\"1699\" data-end=\"1828\">\u201cNo es unificaci\u00f3n. Cuando el presupuesto se reduce en un 90% estamos hablando de eliminaci\u00f3n de pol\u00edticas p\u00fablicas\u201d, se plante\u00f3.<\/p>\n<\/blockquote>\n<pre data-start=\"2165\" data-end=\"2236\"><strong>Conducci\u00f3n: Mat\u00edas E. Videla | Radio UNSL Villa Mercedes 97.5 FM\r\nOperaci\u00f3n T\u00e9cnica: Mart\u00edn Pagliero<\/strong><\/pre>\n","protected":false},"excerpt":{"rendered":"<p>Hoy en #AcentoMercedino por Radio UNSL Villa Mercedes, dialogamos con la Lic. Candela Manrique sobre el recorte y la busqueda permanente de eliminar las estructuras estatales dedicadas a las pol\u00edticas de g\u00e9nero en el pa\u00eds. Seg\u00fan se\u00f1al\u00f3, las decisiones tomadas por el actual gobierno desde su asunci\u00f3n en 2023 representan un \u201cdesmantelamiento\u201d del sistema institucional&#8230;<\/p>\n","protected":false},"author":7,"featured_media":3792,"comment_status":"closed","ping_status":"closed","sticky":false,"template":"","format":"standard","meta":{"_kad_post_transparent":"default","_kad_post_title":"default","_kad_post_layout":"default","_kad_post_sidebar_id":"","_kad_post_content_style":"default","_kad_post_vertical_padding":"default","_kad_post_feature":"","_kad_post_feature_position":"","_kad_post_header":false,"_kad_post_footer":false,"_kad_post_classname":"","footnotes":""},"categories":[14,1],"tags":[],"class_list":["post-3789","post","type-post","status-publish","format-standard","has-post-thumbnail","hentry","category-entrevistas","category-noticias"],"yoast_head":"<!-- This site is optimized with the Yoast SEO plugin v27.2 - https:\/\/yoast.com\/product\/yoast-seo-wordpress\/ -->\n<title>Preocupaci\u00f3n por el desmantelamiento de las pol\u00edticas de g\u00e9nero a nivel nacional - Radio Universidad Villa Mercedes 97.5 | UNSL<\/title>\n<meta name=\"robots\" content=\"index, follow, max-snippet:-1, max-image-preview:large, max-video-preview:-1\" \/>\n<link rel=\"canonical\" href=\"https:\/\/radio.fcejs.unsl.edu.ar\/index.php\/preocupa-el-desmantelamiento-de-las-politicas-de-genero-a-nivel-nacional\/\" \/>\n<meta property=\"og:locale\" content=\"es_ES\" \/>\n<meta property=\"og:type\" content=\"article\" \/>\n<meta property=\"og:title\" content=\"Preocupaci\u00f3n por el desmantelamiento de las pol\u00edticas de g\u00e9nero a nivel nacional - Radio Universidad Villa Mercedes 97.5 | UNSL\" \/>\n<meta property=\"og:description\" content=\"Hoy en #AcentoMercedino por Radio UNSL Villa Mercedes, dialogamos con la Lic. Candela Manrique sobre el recorte y la busqueda permanente de eliminar las estructuras estatales dedicadas a las pol\u00edticas de g\u00e9nero en el pa\u00eds. Seg\u00fan se\u00f1al\u00f3, las decisiones tomadas por el actual gobierno desde su asunci\u00f3n en 2023 representan un \u201cdesmantelamiento\u201d del sistema institucional...\" \/>\n<meta property=\"og:url\" content=\"https:\/\/radio.fcejs.unsl.edu.ar\/index.php\/preocupa-el-desmantelamiento-de-las-politicas-de-genero-a-nivel-nacional\/\" \/>\n<meta property=\"og:site_name\" content=\"Radio Universidad Villa Mercedes 97.5 | UNSL\" \/>\n<meta property=\"article:published_time\" content=\"2026-03-10T13:52:11+00:00\" \/>\n<meta property=\"article:modified_time\" content=\"2026-03-10T14:17:25+00:00\" \/>\n<meta property=\"og:image\" content=\"http:\/\/radio.fcejs.unsl.edu.ar\/wp-content\/uploads\/2026\/03\/Sin-titulo.jpg\" \/>\n\t<meta property=\"og:image:width\" content=\"640\" \/>\n\t<meta property=\"og:image:height\" content=\"438\" \/>\n\t<meta property=\"og:image:type\" content=\"image\/jpeg\" \/>\n<meta name=\"author\" content=\"Matias Videla\" \/>\n<meta name=\"twitter:card\" content=\"summary_large_image\" \/>\n<meta name=\"twitter:label1\" content=\"Escrito por\" \/>\n\t<meta name=\"twitter:data1\" content=\"Matias Videla\" \/>\n\t<meta name=\"twitter:label2\" content=\"Tiempo de lectura\" \/>\n\t<meta name=\"twitter:data2\" content=\"1 minuto\" \/>\n<script type=\"application\/ld+json\" class=\"yoast-schema-graph\">{\"@context\":\"https:\/\/schema.org\",\"@graph\":[{\"@type\":\"Article\",\"@id\":\"https:\/\/radio.fcejs.unsl.edu.ar\/index.php\/preocupa-el-desmantelamiento-de-las-politicas-de-genero-a-nivel-nacional\/#article\",\"isPartOf\":{\"@id\":\"https:\/\/radio.fcejs.unsl.edu.ar\/index.php\/preocupa-el-desmantelamiento-de-las-politicas-de-genero-a-nivel-nacional\/\"},\"author\":{\"name\":\"Matias Videla\",\"@id\":\"https:\/\/radio.fcejs.unsl.edu.ar\/#\/schema\/person\/acc8fccb15174977a9a97c2c6c9a046e\"},\"headline\":\"Preocupaci\u00f3n por el desmantelamiento de las pol\u00edticas de g\u00e9nero a nivel nacional\",\"datePublished\":\"2026-03-10T13:52:11+00:00\",\"dateModified\":\"2026-03-10T14:17:25+00:00\",\"mainEntityOfPage\":{\"@id\":\"https:\/\/radio.fcejs.unsl.edu.ar\/index.php\/preocupa-el-desmantelamiento-de-las-politicas-de-genero-a-nivel-nacional\/\"},\"wordCount\":284,\"publisher\":{\"@id\":\"https:\/\/radio.fcejs.unsl.edu.ar\/#organization\"},\"image\":{\"@id\":\"https:\/\/radio.fcejs.unsl.edu.ar\/index.php\/preocupa-el-desmantelamiento-de-las-politicas-de-genero-a-nivel-nacional\/#primaryimage\"},\"thumbnailUrl\":\"https:\/\/radio.fcejs.unsl.edu.ar\/wp-content\/uploads\/2026\/03\/Sin-titulo.jpg\",\"articleSection\":[\"Entrevistas\",\"Noticias\"],\"inLanguage\":\"es-AR\"},{\"@type\":\"WebPage\",\"@id\":\"https:\/\/radio.fcejs.unsl.edu.ar\/index.php\/preocupa-el-desmantelamiento-de-las-politicas-de-genero-a-nivel-nacional\/\",\"url\":\"https:\/\/radio.fcejs.unsl.edu.ar\/index.php\/preocupa-el-desmantelamiento-de-las-politicas-de-genero-a-nivel-nacional\/\",\"name\":\"Preocupaci\u00f3n por el desmantelamiento de las pol\u00edticas de g\u00e9nero a nivel nacional - Radio Universidad Villa Mercedes 97.5 | UNSL\",\"isPartOf\":{\"@id\":\"https:\/\/radio.fcejs.unsl.edu.ar\/#website\"},\"primaryImageOfPage\":{\"@id\":\"https:\/\/radio.fcejs.unsl.edu.ar\/index.php\/preocupa-el-desmantelamiento-de-las-politicas-de-genero-a-nivel-nacional\/#primaryimage\"},\"image\":{\"@id\":\"https:\/\/radio.fcejs.unsl.edu.ar\/index.php\/preocupa-el-desmantelamiento-de-las-politicas-de-genero-a-nivel-nacional\/#primaryimage\"},\"thumbnailUrl\":\"https:\/\/radio.fcejs.unsl.edu.ar\/wp-content\/uploads\/2026\/03\/Sin-titulo.jpg\",\"datePublished\":\"2026-03-10T13:52:11+00:00\",\"dateModified\":\"2026-03-10T14:17:25+00:00\",\"breadcrumb\":{\"@id\":\"https:\/\/radio.fcejs.unsl.edu.ar\/index.php\/preocupa-el-desmantelamiento-de-las-politicas-de-genero-a-nivel-nacional\/#breadcrumb\"},\"inLanguage\":\"es-AR\",\"potentialAction\":[{\"@type\":\"ReadAction\",\"target\":[\"https:\/\/radio.fcejs.unsl.edu.ar\/index.php\/preocupa-el-desmantelamiento-de-las-politicas-de-genero-a-nivel-nacional\/\"]}]},{\"@type\":\"ImageObject\",\"inLanguage\":\"es-AR\",\"@id\":\"https:\/\/radio.fcejs.unsl.edu.ar\/index.php\/preocupa-el-desmantelamiento-de-las-politicas-de-genero-a-nivel-nacional\/#primaryimage\",\"url\":\"https:\/\/radio.fcejs.unsl.edu.ar\/wp-content\/uploads\/2026\/03\/Sin-titulo.jpg\",\"contentUrl\":\"https:\/\/radio.fcejs.unsl.edu.ar\/wp-content\/uploads\/2026\/03\/Sin-titulo.jpg\",\"width\":640,\"height\":438},{\"@type\":\"BreadcrumbList\",\"@id\":\"https:\/\/radio.fcejs.unsl.edu.ar\/index.php\/preocupa-el-desmantelamiento-de-las-politicas-de-genero-a-nivel-nacional\/#breadcrumb\",\"itemListElement\":[{\"@type\":\"ListItem\",\"position\":1,\"name\":\"Inicio\",\"item\":\"https:\/\/radio.fcejs.unsl.edu.ar\/\"},{\"@type\":\"ListItem\",\"position\":2,\"name\":\"Preocupaci\u00f3n por el desmantelamiento de las pol\u00edticas de g\u00e9nero a nivel nacional\"}]},{\"@type\":\"WebSite\",\"@id\":\"https:\/\/radio.fcejs.unsl.edu.ar\/#website\",\"url\":\"https:\/\/radio.fcejs.unsl.edu.ar\/\",\"name\":\"Radio Universidad Villa Mercedes 97.5 | UNSL\",\"description\":\"UNSL\",\"publisher\":{\"@id\":\"https:\/\/radio.fcejs.unsl.edu.ar\/#organization\"},\"potentialAction\":[{\"@type\":\"SearchAction\",\"target\":{\"@type\":\"EntryPoint\",\"urlTemplate\":\"https:\/\/radio.fcejs.unsl.edu.ar\/?s={search_term_string}\"},\"query-input\":{\"@type\":\"PropertyValueSpecification\",\"valueRequired\":true,\"valueName\":\"search_term_string\"}}],\"inLanguage\":\"es-AR\"},{\"@type\":\"Organization\",\"@id\":\"https:\/\/radio.fcejs.unsl.edu.ar\/#organization\",\"name\":\"Radio Universidad Villa Mercedes 97.5 | UNSL\",\"url\":\"https:\/\/radio.fcejs.unsl.edu.ar\/\",\"logo\":{\"@type\":\"ImageObject\",\"inLanguage\":\"es-AR\",\"@id\":\"https:\/\/radio.fcejs.unsl.edu.ar\/#\/schema\/logo\/image\/\",\"url\":\"https:\/\/radio.fcejs.unsl.edu.ar\/wp-content\/uploads\/2023\/12\/cropped-radio-villa-mercedes-97-5.png\",\"contentUrl\":\"https:\/\/radio.fcejs.unsl.edu.ar\/wp-content\/uploads\/2023\/12\/cropped-radio-villa-mercedes-97-5.png\",\"width\":908,\"height\":289,\"caption\":\"Radio Universidad Villa Mercedes 97.5 | UNSL\"},\"image\":{\"@id\":\"https:\/\/radio.fcejs.unsl.edu.ar\/#\/schema\/logo\/image\/\"}},{\"@type\":\"Person\",\"@id\":\"https:\/\/radio.fcejs.unsl.edu.ar\/#\/schema\/person\/acc8fccb15174977a9a97c2c6c9a046e\",\"name\":\"Matias Videla\",\"url\":\"https:\/\/radio.fcejs.unsl.edu.ar\/index.php\/author\/mvidela\/\"}]}<\/script>\n<!-- \/ Yoast SEO plugin. -->","yoast_head_json":{"title":"Preocupaci\u00f3n por el desmantelamiento de las pol\u00edticas de g\u00e9nero a nivel nacional - Radio Universidad Villa Mercedes 97.5 | UNSL","robots":{"index":"index","follow":"follow","max-snippet":"max-snippet:-1","max-image-preview":"max-image-preview:large","max-video-preview":"max-video-preview:-1"},"canonical":"https:\/\/radio.fcejs.unsl.edu.ar\/index.php\/preocupa-el-desmantelamiento-de-las-politicas-de-genero-a-nivel-nacional\/","og_locale":"es_ES","og_type":"article","og_title":"Preocupaci\u00f3n por el desmantelamiento de las pol\u00edticas de g\u00e9nero a nivel nacional - Radio Universidad Villa Mercedes 97.5 | UNSL","og_description":"Hoy en #AcentoMercedino por Radio UNSL Villa Mercedes, dialogamos con la Lic. Candela Manrique sobre el recorte y la busqueda permanente de eliminar las estructuras estatales dedicadas a las pol\u00edticas de g\u00e9nero en el pa\u00eds. Seg\u00fan se\u00f1al\u00f3, las decisiones tomadas por el actual gobierno desde su asunci\u00f3n en 2023 representan un \u201cdesmantelamiento\u201d del sistema institucional...","og_url":"https:\/\/radio.fcejs.unsl.edu.ar\/index.php\/preocupa-el-desmantelamiento-de-las-politicas-de-genero-a-nivel-nacional\/","og_site_name":"Radio Universidad Villa Mercedes 97.5 | UNSL","article_published_time":"2026-03-10T13:52:11+00:00","article_modified_time":"2026-03-10T14:17:25+00:00","og_image":[{"width":640,"height":438,"url":"http:\/\/radio.fcejs.unsl.edu.ar\/wp-content\/uploads\/2026\/03\/Sin-titulo.jpg","type":"image\/jpeg"}],"author":"Matias Videla","twitter_card":"summary_large_image","twitter_misc":{"Escrito por":"Matias Videla","Tiempo de lectura":"1 minuto"},"schema":{"@context":"https:\/\/schema.org","@graph":[{"@type":"Article","@id":"https:\/\/radio.fcejs.unsl.edu.ar\/index.php\/preocupa-el-desmantelamiento-de-las-politicas-de-genero-a-nivel-nacional\/#article","isPartOf":{"@id":"https:\/\/radio.fcejs.unsl.edu.ar\/index.php\/preocupa-el-desmantelamiento-de-las-politicas-de-genero-a-nivel-nacional\/"},"author":{"name":"Matias Videla","@id":"https:\/\/radio.fcejs.unsl.edu.ar\/#\/schema\/person\/acc8fccb15174977a9a97c2c6c9a046e"},"headline":"Preocupaci\u00f3n por el desmantelamiento de las pol\u00edticas de g\u00e9nero a nivel nacional","datePublished":"2026-03-10T13:52:11+00:00","dateModified":"2026-03-10T14:17:25+00:00","mainEntityOfPage":{"@id":"https:\/\/radio.fcejs.unsl.edu.ar\/index.php\/preocupa-el-desmantelamiento-de-las-politicas-de-genero-a-nivel-nacional\/"},"wordCount":284,"publisher":{"@id":"https:\/\/radio.fcejs.unsl.edu.ar\/#organization"},"image":{"@id":"https:\/\/radio.fcejs.unsl.edu.ar\/index.php\/preocupa-el-desmantelamiento-de-las-politicas-de-genero-a-nivel-nacional\/#primaryimage"},"thumbnailUrl":"https:\/\/radio.fcejs.unsl.edu.ar\/wp-content\/uploads\/2026\/03\/Sin-titulo.jpg","articleSection":["Entrevistas","Noticias"],"inLanguage":"es-AR"},{"@type":"WebPage","@id":"https:\/\/radio.fcejs.unsl.edu.ar\/index.php\/preocupa-el-desmantelamiento-de-las-politicas-de-genero-a-nivel-nacional\/","url":"https:\/\/radio.fcejs.unsl.edu.ar\/index.php\/preocupa-el-desmantelamiento-de-las-politicas-de-genero-a-nivel-nacional\/","name":"Preocupaci\u00f3n por el desmantelamiento de las pol\u00edticas de g\u00e9nero a nivel nacional - Radio Universidad Villa Mercedes 97.5 | UNSL","isPartOf":{"@id":"https:\/\/radio.fcejs.unsl.edu.ar\/#website"},"primaryImageOfPage":{"@id":"https:\/\/radio.fcejs.unsl.edu.ar\/index.php\/preocupa-el-desmantelamiento-de-las-politicas-de-genero-a-nivel-nacional\/#primaryimage"},"image":{"@id":"https:\/\/radio.fcejs.unsl.edu.ar\/index.php\/preocupa-el-desmantelamiento-de-las-politicas-de-genero-a-nivel-nacional\/#primaryimage"},"thumbnailUrl":"https:\/\/radio.fcejs.unsl.edu.ar\/wp-content\/uploads\/2026\/03\/Sin-titulo.jpg","datePublished":"2026-03-10T13:52:11+00:00","dateModified":"2026-03-10T14:17:25+00:00","breadcrumb":{"@id":"https:\/\/radio.fcejs.unsl.edu.ar\/index.php\/preocupa-el-desmantelamiento-de-las-politicas-de-genero-a-nivel-nacional\/#breadcrumb"},"inLanguage":"es-AR","potentialAction":[{"@type":"ReadAction","target":["https:\/\/radio.fcejs.unsl.edu.ar\/index.php\/preocupa-el-desmantelamiento-de-las-politicas-de-genero-a-nivel-nacional\/"]}]},{"@type":"ImageObject","inLanguage":"es-AR","@id":"https:\/\/radio.fcejs.unsl.edu.ar\/index.php\/preocupa-el-desmantelamiento-de-las-politicas-de-genero-a-nivel-nacional\/#primaryimage","url":"https:\/\/radio.fcejs.unsl.edu.ar\/wp-content\/uploads\/2026\/03\/Sin-titulo.jpg","contentUrl":"https:\/\/radio.fcejs.unsl.edu.ar\/wp-content\/uploads\/2026\/03\/Sin-titulo.jpg","width":640,"height":438},{"@type":"BreadcrumbList","@id":"https:\/\/radio.fcejs.unsl.edu.ar\/index.php\/preocupa-el-desmantelamiento-de-las-politicas-de-genero-a-nivel-nacional\/#breadcrumb","itemListElement":[{"@type":"ListItem","position":1,"name":"Inicio","item":"https:\/\/radio.fcejs.unsl.edu.ar\/"},{"@type":"ListItem","position":2,"name":"Preocupaci\u00f3n por el desmantelamiento de las pol\u00edticas de g\u00e9nero a nivel nacional"}]},{"@type":"WebSite","@id":"https:\/\/radio.fcejs.unsl.edu.ar\/#website","url":"https:\/\/radio.fcejs.unsl.edu.ar\/","name":"Radio Universidad Villa Mercedes 97.5 | UNSL","description":"UNSL","publisher":{"@id":"https:\/\/radio.fcejs.unsl.edu.ar\/#organization"},"potentialAction":[{"@type":"SearchAction","target":{"@type":"EntryPoint","urlTemplate":"https:\/\/radio.fcejs.unsl.edu.ar\/?s={search_term_string}"},"query-input":{"@type":"PropertyValueSpecification","valueRequired":true,"valueName":"search_term_string"}}],"inLanguage":"es-AR"},{"@type":"Organization","@id":"https:\/\/radio.fcejs.unsl.edu.ar\/#organization","name":"Radio Universidad Villa Mercedes 97.5 | UNSL","url":"https:\/\/radio.fcejs.unsl.edu.ar\/","logo":{"@type":"ImageObject","inLanguage":"es-AR","@id":"https:\/\/radio.fcejs.unsl.edu.ar\/#\/schema\/logo\/image\/","url":"https:\/\/radio.fcejs.unsl.edu.ar\/wp-content\/uploads\/2023\/12\/cropped-radio-villa-mercedes-97-5.png","contentUrl":"https:\/\/radio.fcejs.unsl.edu.ar\/wp-content\/uploads\/2023\/12\/cropped-radio-villa-mercedes-97-5.png","width":908,"height":289,"caption":"Radio Universidad Villa Mercedes 97.5 | UNSL"},"image":{"@id":"https:\/\/radio.fcejs.unsl.edu.ar\/#\/schema\/logo\/image\/"}},{"@type":"Person","@id":"https:\/\/radio.fcejs.unsl.edu.ar\/#\/schema\/person\/acc8fccb15174977a9a97c2c6c9a046e","name":"Matias Videla","url":"https:\/\/radio.fcejs.unsl.edu.ar\/index.php\/author\/mvidela\/"}]}},"_links":{"self":[{"href":"https:\/\/radio.fcejs.unsl.edu.ar\/index.php\/wp-json\/wp\/v2\/posts\/3789","targetHints":{"allow":["GET"]}}],"collection":[{"href":"https:\/\/radio.fcejs.unsl.edu.ar\/index.php\/wp-json\/wp\/v2\/posts"}],"about":[{"href":"https:\/\/radio.fcejs.unsl.edu.ar\/index.php\/wp-json\/wp\/v2\/types\/post"}],"author":[{"embeddable":true,"href":"https:\/\/radio.fcejs.unsl.edu.ar\/index.php\/wp-json\/wp\/v2\/users\/7"}],"replies":[{"embeddable":true,"href":"https:\/\/radio.fcejs.unsl.edu.ar\/index.php\/wp-json\/wp\/v2\/comments?post=3789"}],"version-history":[{"count":5,"href":"https:\/\/radio.fcejs.unsl.edu.ar\/index.php\/wp-json\/wp\/v2\/posts\/3789\/revisions"}],"predecessor-version":[{"id":3795,"href":"https:\/\/radio.fcejs.unsl.edu.ar\/index.php\/wp-json\/wp\/v2\/posts\/3789\/revisions\/3795"}],"wp:featuredmedia":[{"embeddable":true,"href":"https:\/\/radio.fcejs.unsl.edu.ar\/index.php\/wp-json\/wp\/v2\/media\/3792"}],"wp:attachment":[{"href":"https:\/\/radio.fcejs.unsl.edu.ar\/index.php\/wp-json\/wp\/v2\/media?parent=3789"}],"wp:term":[{"taxonomy":"category","embeddable":true,"href":"https:\/\/radio.fcejs.unsl.edu.ar\/index.php\/wp-json\/wp\/v2\/categories?post=3789"},{"taxonomy":"post_tag","embeddable":true,"href":"https:\/\/radio.fcejs.unsl.edu.ar\/index.php\/wp-json\/wp\/v2\/tags?post=3789"}],"curies":[{"name":"wp","href":"https:\/\/api.w.org\/{rel}","templated":true}]}}