{"id":3773,"date":"2026-03-09T11:32:50","date_gmt":"2026-03-09T14:32:50","guid":{"rendered":"https:\/\/radio.fcejs.unsl.edu.ar\/?p=3773"},"modified":"2026-03-09T11:48:49","modified_gmt":"2026-03-09T14:48:49","slug":"comenzo-de-quijotes-y-sanchos-en-radio-unsl-villa-mercedes","status":"publish","type":"post","link":"https:\/\/radio.fcejs.unsl.edu.ar\/index.php\/comenzo-de-quijotes-y-sanchos-en-radio-unsl-villa-mercedes\/","title":{"rendered":"Comenz\u00f3 &#8220;De Quijotes y Sanchos&#8221; en Radio UNSL Villa Mercedes"},"content":{"rendered":"<p data-start=\"391\" data-end=\"745\"><strong>En el marco del 10\u00ba aniversario de la Tecnicatura Universitaria en Acompa\u00f1amiento Terap\u00e9utico de la <span class=\"hover:entity-accent entity-underline inline cursor-pointer align-baseline\"><span class=\"whitespace-normal\">Universidad Nacional de San Luis<\/span><\/span>, que se dicta en la Facultad de Ciencias Econ\u00f3micas, Jur\u00eddicas y Sociales (FCEJS), este viernes 6 de marzo comenz\u00f3 el programa radial \u201cDe Quijotes y Sanchos\u201d por <span class=\"hover:entity-accent entity-underline inline cursor-pointer align-baseline\"><span class=\"whitespace-normal\">Radio UNSL Villa Mercedes<\/span><\/span>.<\/strong><\/p>\n<p data-start=\"747\" data-end=\"1037\">El ciclo es conducido y producido por la acompa\u00f1ante terap\u00e9utica <strong data-start=\"812\" data-end=\"853\"><span class=\"hover:entity-accent entity-underline inline cursor-pointer align-baseline\"><span class=\"whitespace-normal\">Nancy Godoy<\/span><\/span><\/strong>, y surge como una propuesta comunicacional para difundir el rol del acompa\u00f1amiento terap\u00e9utico, reflexionar sobre su pr\u00e1ctica y visibilizar el trabajo que se realiza desde la carrera que hoy ya cuenta con el ciclo complementario.<\/p>\n<p data-start=\"1039\" data-end=\"1384\">En su primera emisi\u00f3n, el programa cont\u00f3 con la participaci\u00f3n del decano de la FCEJS, <strong>Mgter.<\/strong> <strong data-start=\"1125\" data-end=\"1166\"><span class=\"hover:entity-accent entity-underline inline cursor-pointer align-baseline\"><span class=\"whitespace-normal\">H\u00e9ctor Flores<\/span><\/span><\/strong>, y de la docente<strong> Lic.<\/strong> <strong data-start=\"1184\" data-end=\"1225\"><span class=\"hover:entity-accent entity-underline inline cursor-pointer align-baseline\"><span class=\"whitespace-normal\">Mar\u00eda Concepci\u00f3n Salas<\/span><\/span><\/strong>, quienes compartieron reflexiones sobre el crecimiento de la carrera y la importancia del acompa\u00f1amiento terap\u00e9utico en los distintos \u00e1mbitos de intervenci\u00f3n.<\/p>\n<p data-start=\"1386\" data-end=\"1657\">La propuesta radial se emitir\u00e1 cada quince d\u00edas los d\u00edas viernes desde las 10:30 de la ma\u00f1ana y forma parte de las actividades conmemorativas por los diez a\u00f1os de la tecnicatura, una carrera que ha consolidado su presencia en la regi\u00f3n formando profesionales comprometidos con el acompa\u00f1amiento y la inclusi\u00f3n en diversos contextos sociales y sanitarios.<\/p>\n<h6 data-start=\"1386\" data-end=\"1657\">Escuch\u00e1 el programa completo:<\/h6>\n<audio class=\"wp-audio-shortcode\" id=\"audio-3773-1\" preload=\"none\" style=\"width: 100%;\" controls=\"controls\"><source type=\"audio\/mpeg\" src=\"https:\/\/radioupload.fica.unsl.edu.ar\/files\/mv\/01-%20De%20QUIJOTES%20y%20SANCHOS%2006-03-2026-mp3.mp3?_=1\" \/><a href=\"https:\/\/radioupload.fica.unsl.edu.ar\/files\/mv\/01-%20De%20QUIJOTES%20y%20SANCHOS%2006-03-2026-mp3.mp3\">https:\/\/radioupload.fica.unsl.edu.ar\/files\/mv\/01-%20De%20QUIJOTES%20y%20SANCHOS%2006-03-2026-mp3.mp3<\/a><\/audio>\n<p>&nbsp;<\/p>\n<p><img fetchpriority=\"high\" decoding=\"async\" class=\"wp-image-3774 aligncenter\" src=\"http:\/\/radio.fcejs.unsl.edu.ar\/wp-content\/uploads\/2026\/03\/flyerquijote-radio.jpg-scaled.jpeg\" alt=\"\" width=\"599\" height=\"749\" srcset=\"https:\/\/radio.fcejs.unsl.edu.ar\/wp-content\/uploads\/2026\/03\/flyerquijote-radio.jpg-scaled.jpeg 2048w, https:\/\/radio.fcejs.unsl.edu.ar\/wp-content\/uploads\/2026\/03\/flyerquijote-radio.jpg-240x300.jpeg 240w, https:\/\/radio.fcejs.unsl.edu.ar\/wp-content\/uploads\/2026\/03\/flyerquijote-radio.jpg-819x1024.jpeg 819w, https:\/\/radio.fcejs.unsl.edu.ar\/wp-content\/uploads\/2026\/03\/flyerquijote-radio.jpg-768x960.jpeg 768w, https:\/\/radio.fcejs.unsl.edu.ar\/wp-content\/uploads\/2026\/03\/flyerquijote-radio.jpg-1229x1536.jpeg 1229w, https:\/\/radio.fcejs.unsl.edu.ar\/wp-content\/uploads\/2026\/03\/flyerquijote-radio.jpg-1638x2048.jpeg 1638w\" sizes=\"(max-width: 599px) 100vw, 599px\" \/><\/p>\n","protected":false},"excerpt":{"rendered":"<p>En el marco del 10\u00ba aniversario de la Tecnicatura Universitaria en Acompa\u00f1amiento Terap\u00e9utico de la Universidad Nacional de San Luis, que se dicta en la Facultad de Ciencias Econ\u00f3micas, Jur\u00eddicas y Sociales (FCEJS), este viernes 6 de marzo comenz\u00f3 el programa radial \u201cDe Quijotes y Sanchos\u201d por Radio UNSL Villa Mercedes. El ciclo es conducido&#8230;<\/p>\n","protected":false},"author":7,"featured_media":3786,"comment_status":"closed","ping_status":"closed","sticky":false,"template":"","format":"standard","meta":{"_kad_post_transparent":"default","_kad_post_title":"default","_kad_post_layout":"default","_kad_post_sidebar_id":"","_kad_post_content_style":"default","_kad_post_vertical_padding":"default","_kad_post_feature":"","_kad_post_feature_position":"","_kad_post_header":false,"_kad_post_footer":false,"_kad_post_classname":"","footnotes":""},"categories":[15],"tags":[],"class_list":["post-3773","post","type-post","status-publish","format-standard","has-post-thumbnail","hentry","category-podcast"],"yoast_head":"<!-- This site is optimized with the Yoast SEO plugin v27.2 - https:\/\/yoast.com\/product\/yoast-seo-wordpress\/ -->\n<title>Comenz\u00f3 &quot;De Quijotes y Sanchos&quot; en Radio UNSL Villa Mercedes - Radio Universidad Villa Mercedes 97.5 | UNSL<\/title>\n<meta name=\"robots\" content=\"index, follow, max-snippet:-1, max-image-preview:large, max-video-preview:-1\" \/>\n<link rel=\"canonical\" href=\"https:\/\/radio.fcejs.unsl.edu.ar\/index.php\/comenzo-de-quijotes-y-sanchos-en-radio-unsl-villa-mercedes\/\" \/>\n<meta property=\"og:locale\" content=\"es_ES\" \/>\n<meta property=\"og:type\" content=\"article\" \/>\n<meta property=\"og:title\" content=\"Comenz\u00f3 &quot;De Quijotes y Sanchos&quot; en Radio UNSL Villa Mercedes - Radio Universidad Villa Mercedes 97.5 | UNSL\" \/>\n<meta property=\"og:description\" content=\"En el marco del 10\u00ba aniversario de la Tecnicatura Universitaria en Acompa\u00f1amiento Terap\u00e9utico de la Universidad Nacional de San Luis, que se dicta en la Facultad de Ciencias Econ\u00f3micas, Jur\u00eddicas y Sociales (FCEJS), este viernes 6 de marzo comenz\u00f3 el programa radial \u201cDe Quijotes y Sanchos\u201d por Radio UNSL Villa Mercedes. El ciclo es conducido...\" \/>\n<meta property=\"og:url\" content=\"https:\/\/radio.fcejs.unsl.edu.ar\/index.php\/comenzo-de-quijotes-y-sanchos-en-radio-unsl-villa-mercedes\/\" \/>\n<meta property=\"og:site_name\" content=\"Radio Universidad Villa Mercedes 97.5 | UNSL\" \/>\n<meta property=\"article:published_time\" content=\"2026-03-09T14:32:50+00:00\" \/>\n<meta property=\"article:modified_time\" content=\"2026-03-09T14:48:49+00:00\" \/>\n<meta property=\"og:image\" content=\"http:\/\/radio.fcejs.unsl.edu.ar\/wp-content\/uploads\/2026\/03\/quijotes-02.jpg\" \/>\n\t<meta property=\"og:image:width\" content=\"1338\" \/>\n\t<meta property=\"og:image:height\" content=\"670\" \/>\n\t<meta property=\"og:image:type\" content=\"image\/jpeg\" \/>\n<meta name=\"author\" content=\"Matias Videla\" \/>\n<meta name=\"twitter:card\" content=\"summary_large_image\" \/>\n<meta name=\"twitter:label1\" content=\"Escrito por\" \/>\n\t<meta name=\"twitter:data1\" content=\"Matias Videla\" \/>\n\t<meta name=\"twitter:label2\" content=\"Tiempo de lectura\" \/>\n\t<meta name=\"twitter:data2\" content=\"2 minutos\" \/>\n<script type=\"application\/ld+json\" class=\"yoast-schema-graph\">{\"@context\":\"https:\/\/schema.org\",\"@graph\":[{\"@type\":\"Article\",\"@id\":\"https:\/\/radio.fcejs.unsl.edu.ar\/index.php\/comenzo-de-quijotes-y-sanchos-en-radio-unsl-villa-mercedes\/#article\",\"isPartOf\":{\"@id\":\"https:\/\/radio.fcejs.unsl.edu.ar\/index.php\/comenzo-de-quijotes-y-sanchos-en-radio-unsl-villa-mercedes\/\"},\"author\":{\"name\":\"Matias Videla\",\"@id\":\"https:\/\/radio.fcejs.unsl.edu.ar\/#\/schema\/person\/acc8fccb15174977a9a97c2c6c9a046e\"},\"headline\":\"Comenz\u00f3 &#8220;De Quijotes y Sanchos&#8221; en Radio UNSL Villa Mercedes\",\"datePublished\":\"2026-03-09T14:32:50+00:00\",\"dateModified\":\"2026-03-09T14:48:49+00:00\",\"mainEntityOfPage\":{\"@id\":\"https:\/\/radio.fcejs.unsl.edu.ar\/index.php\/comenzo-de-quijotes-y-sanchos-en-radio-unsl-villa-mercedes\/\"},\"wordCount\":254,\"publisher\":{\"@id\":\"https:\/\/radio.fcejs.unsl.edu.ar\/#organization\"},\"image\":{\"@id\":\"https:\/\/radio.fcejs.unsl.edu.ar\/index.php\/comenzo-de-quijotes-y-sanchos-en-radio-unsl-villa-mercedes\/#primaryimage\"},\"thumbnailUrl\":\"https:\/\/radio.fcejs.unsl.edu.ar\/wp-content\/uploads\/2026\/03\/quijotes-02.jpg\",\"articleSection\":[\"Podcast\"],\"inLanguage\":\"es-AR\"},{\"@type\":\"WebPage\",\"@id\":\"https:\/\/radio.fcejs.unsl.edu.ar\/index.php\/comenzo-de-quijotes-y-sanchos-en-radio-unsl-villa-mercedes\/\",\"url\":\"https:\/\/radio.fcejs.unsl.edu.ar\/index.php\/comenzo-de-quijotes-y-sanchos-en-radio-unsl-villa-mercedes\/\",\"name\":\"Comenz\u00f3 \\\"De Quijotes y Sanchos\\\" en Radio UNSL Villa Mercedes - Radio Universidad Villa Mercedes 97.5 | UNSL\",\"isPartOf\":{\"@id\":\"https:\/\/radio.fcejs.unsl.edu.ar\/#website\"},\"primaryImageOfPage\":{\"@id\":\"https:\/\/radio.fcejs.unsl.edu.ar\/index.php\/comenzo-de-quijotes-y-sanchos-en-radio-unsl-villa-mercedes\/#primaryimage\"},\"image\":{\"@id\":\"https:\/\/radio.fcejs.unsl.edu.ar\/index.php\/comenzo-de-quijotes-y-sanchos-en-radio-unsl-villa-mercedes\/#primaryimage\"},\"thumbnailUrl\":\"https:\/\/radio.fcejs.unsl.edu.ar\/wp-content\/uploads\/2026\/03\/quijotes-02.jpg\",\"datePublished\":\"2026-03-09T14:32:50+00:00\",\"dateModified\":\"2026-03-09T14:48:49+00:00\",\"breadcrumb\":{\"@id\":\"https:\/\/radio.fcejs.unsl.edu.ar\/index.php\/comenzo-de-quijotes-y-sanchos-en-radio-unsl-villa-mercedes\/#breadcrumb\"},\"inLanguage\":\"es-AR\",\"potentialAction\":[{\"@type\":\"ReadAction\",\"target\":[\"https:\/\/radio.fcejs.unsl.edu.ar\/index.php\/comenzo-de-quijotes-y-sanchos-en-radio-unsl-villa-mercedes\/\"]}]},{\"@type\":\"ImageObject\",\"inLanguage\":\"es-AR\",\"@id\":\"https:\/\/radio.fcejs.unsl.edu.ar\/index.php\/comenzo-de-quijotes-y-sanchos-en-radio-unsl-villa-mercedes\/#primaryimage\",\"url\":\"https:\/\/radio.fcejs.unsl.edu.ar\/wp-content\/uploads\/2026\/03\/quijotes-02.jpg\",\"contentUrl\":\"https:\/\/radio.fcejs.unsl.edu.ar\/wp-content\/uploads\/2026\/03\/quijotes-02.jpg\",\"width\":1338,\"height\":670},{\"@type\":\"BreadcrumbList\",\"@id\":\"https:\/\/radio.fcejs.unsl.edu.ar\/index.php\/comenzo-de-quijotes-y-sanchos-en-radio-unsl-villa-mercedes\/#breadcrumb\",\"itemListElement\":[{\"@type\":\"ListItem\",\"position\":1,\"name\":\"Inicio\",\"item\":\"https:\/\/radio.fcejs.unsl.edu.ar\/\"},{\"@type\":\"ListItem\",\"position\":2,\"name\":\"Comenz\u00f3 &#8220;De Quijotes y Sanchos&#8221; en Radio UNSL Villa Mercedes\"}]},{\"@type\":\"WebSite\",\"@id\":\"https:\/\/radio.fcejs.unsl.edu.ar\/#website\",\"url\":\"https:\/\/radio.fcejs.unsl.edu.ar\/\",\"name\":\"Radio Universidad Villa Mercedes 97.5 | UNSL\",\"description\":\"UNSL\",\"publisher\":{\"@id\":\"https:\/\/radio.fcejs.unsl.edu.ar\/#organization\"},\"potentialAction\":[{\"@type\":\"SearchAction\",\"target\":{\"@type\":\"EntryPoint\",\"urlTemplate\":\"https:\/\/radio.fcejs.unsl.edu.ar\/?s={search_term_string}\"},\"query-input\":{\"@type\":\"PropertyValueSpecification\",\"valueRequired\":true,\"valueName\":\"search_term_string\"}}],\"inLanguage\":\"es-AR\"},{\"@type\":\"Organization\",\"@id\":\"https:\/\/radio.fcejs.unsl.edu.ar\/#organization\",\"name\":\"Radio Universidad Villa Mercedes 97.5 | UNSL\",\"url\":\"https:\/\/radio.fcejs.unsl.edu.ar\/\",\"logo\":{\"@type\":\"ImageObject\",\"inLanguage\":\"es-AR\",\"@id\":\"https:\/\/radio.fcejs.unsl.edu.ar\/#\/schema\/logo\/image\/\",\"url\":\"https:\/\/radio.fcejs.unsl.edu.ar\/wp-content\/uploads\/2023\/12\/cropped-radio-villa-mercedes-97-5.png\",\"contentUrl\":\"https:\/\/radio.fcejs.unsl.edu.ar\/wp-content\/uploads\/2023\/12\/cropped-radio-villa-mercedes-97-5.png\",\"width\":908,\"height\":289,\"caption\":\"Radio Universidad Villa Mercedes 97.5 | UNSL\"},\"image\":{\"@id\":\"https:\/\/radio.fcejs.unsl.edu.ar\/#\/schema\/logo\/image\/\"}},{\"@type\":\"Person\",\"@id\":\"https:\/\/radio.fcejs.unsl.edu.ar\/#\/schema\/person\/acc8fccb15174977a9a97c2c6c9a046e\",\"name\":\"Matias Videla\",\"url\":\"https:\/\/radio.fcejs.unsl.edu.ar\/index.php\/author\/mvidela\/\"}]}<\/script>\n<!-- \/ Yoast SEO plugin. -->","yoast_head_json":{"title":"Comenz\u00f3 \"De Quijotes y Sanchos\" en Radio UNSL Villa Mercedes - Radio Universidad Villa Mercedes 97.5 | UNSL","robots":{"index":"index","follow":"follow","max-snippet":"max-snippet:-1","max-image-preview":"max-image-preview:large","max-video-preview":"max-video-preview:-1"},"canonical":"https:\/\/radio.fcejs.unsl.edu.ar\/index.php\/comenzo-de-quijotes-y-sanchos-en-radio-unsl-villa-mercedes\/","og_locale":"es_ES","og_type":"article","og_title":"Comenz\u00f3 \"De Quijotes y Sanchos\" en Radio UNSL Villa Mercedes - Radio Universidad Villa Mercedes 97.5 | UNSL","og_description":"En el marco del 10\u00ba aniversario de la Tecnicatura Universitaria en Acompa\u00f1amiento Terap\u00e9utico de la Universidad Nacional de San Luis, que se dicta en la Facultad de Ciencias Econ\u00f3micas, Jur\u00eddicas y Sociales (FCEJS), este viernes 6 de marzo comenz\u00f3 el programa radial \u201cDe Quijotes y Sanchos\u201d por Radio UNSL Villa Mercedes. El ciclo es conducido...","og_url":"https:\/\/radio.fcejs.unsl.edu.ar\/index.php\/comenzo-de-quijotes-y-sanchos-en-radio-unsl-villa-mercedes\/","og_site_name":"Radio Universidad Villa Mercedes 97.5 | UNSL","article_published_time":"2026-03-09T14:32:50+00:00","article_modified_time":"2026-03-09T14:48:49+00:00","og_image":[{"width":1338,"height":670,"url":"http:\/\/radio.fcejs.unsl.edu.ar\/wp-content\/uploads\/2026\/03\/quijotes-02.jpg","type":"image\/jpeg"}],"author":"Matias Videla","twitter_card":"summary_large_image","twitter_misc":{"Escrito por":"Matias Videla","Tiempo de lectura":"2 minutos"},"schema":{"@context":"https:\/\/schema.org","@graph":[{"@type":"Article","@id":"https:\/\/radio.fcejs.unsl.edu.ar\/index.php\/comenzo-de-quijotes-y-sanchos-en-radio-unsl-villa-mercedes\/#article","isPartOf":{"@id":"https:\/\/radio.fcejs.unsl.edu.ar\/index.php\/comenzo-de-quijotes-y-sanchos-en-radio-unsl-villa-mercedes\/"},"author":{"name":"Matias Videla","@id":"https:\/\/radio.fcejs.unsl.edu.ar\/#\/schema\/person\/acc8fccb15174977a9a97c2c6c9a046e"},"headline":"Comenz\u00f3 &#8220;De Quijotes y Sanchos&#8221; en Radio UNSL Villa Mercedes","datePublished":"2026-03-09T14:32:50+00:00","dateModified":"2026-03-09T14:48:49+00:00","mainEntityOfPage":{"@id":"https:\/\/radio.fcejs.unsl.edu.ar\/index.php\/comenzo-de-quijotes-y-sanchos-en-radio-unsl-villa-mercedes\/"},"wordCount":254,"publisher":{"@id":"https:\/\/radio.fcejs.unsl.edu.ar\/#organization"},"image":{"@id":"https:\/\/radio.fcejs.unsl.edu.ar\/index.php\/comenzo-de-quijotes-y-sanchos-en-radio-unsl-villa-mercedes\/#primaryimage"},"thumbnailUrl":"https:\/\/radio.fcejs.unsl.edu.ar\/wp-content\/uploads\/2026\/03\/quijotes-02.jpg","articleSection":["Podcast"],"inLanguage":"es-AR"},{"@type":"WebPage","@id":"https:\/\/radio.fcejs.unsl.edu.ar\/index.php\/comenzo-de-quijotes-y-sanchos-en-radio-unsl-villa-mercedes\/","url":"https:\/\/radio.fcejs.unsl.edu.ar\/index.php\/comenzo-de-quijotes-y-sanchos-en-radio-unsl-villa-mercedes\/","name":"Comenz\u00f3 \"De Quijotes y Sanchos\" en Radio UNSL Villa Mercedes - Radio Universidad Villa Mercedes 97.5 | UNSL","isPartOf":{"@id":"https:\/\/radio.fcejs.unsl.edu.ar\/#website"},"primaryImageOfPage":{"@id":"https:\/\/radio.fcejs.unsl.edu.ar\/index.php\/comenzo-de-quijotes-y-sanchos-en-radio-unsl-villa-mercedes\/#primaryimage"},"image":{"@id":"https:\/\/radio.fcejs.unsl.edu.ar\/index.php\/comenzo-de-quijotes-y-sanchos-en-radio-unsl-villa-mercedes\/#primaryimage"},"thumbnailUrl":"https:\/\/radio.fcejs.unsl.edu.ar\/wp-content\/uploads\/2026\/03\/quijotes-02.jpg","datePublished":"2026-03-09T14:32:50+00:00","dateModified":"2026-03-09T14:48:49+00:00","breadcrumb":{"@id":"https:\/\/radio.fcejs.unsl.edu.ar\/index.php\/comenzo-de-quijotes-y-sanchos-en-radio-unsl-villa-mercedes\/#breadcrumb"},"inLanguage":"es-AR","potentialAction":[{"@type":"ReadAction","target":["https:\/\/radio.fcejs.unsl.edu.ar\/index.php\/comenzo-de-quijotes-y-sanchos-en-radio-unsl-villa-mercedes\/"]}]},{"@type":"ImageObject","inLanguage":"es-AR","@id":"https:\/\/radio.fcejs.unsl.edu.ar\/index.php\/comenzo-de-quijotes-y-sanchos-en-radio-unsl-villa-mercedes\/#primaryimage","url":"https:\/\/radio.fcejs.unsl.edu.ar\/wp-content\/uploads\/2026\/03\/quijotes-02.jpg","contentUrl":"https:\/\/radio.fcejs.unsl.edu.ar\/wp-content\/uploads\/2026\/03\/quijotes-02.jpg","width":1338,"height":670},{"@type":"BreadcrumbList","@id":"https:\/\/radio.fcejs.unsl.edu.ar\/index.php\/comenzo-de-quijotes-y-sanchos-en-radio-unsl-villa-mercedes\/#breadcrumb","itemListElement":[{"@type":"ListItem","position":1,"name":"Inicio","item":"https:\/\/radio.fcejs.unsl.edu.ar\/"},{"@type":"ListItem","position":2,"name":"Comenz\u00f3 &#8220;De Quijotes y Sanchos&#8221; en Radio UNSL Villa Mercedes"}]},{"@type":"WebSite","@id":"https:\/\/radio.fcejs.unsl.edu.ar\/#website","url":"https:\/\/radio.fcejs.unsl.edu.ar\/","name":"Radio Universidad Villa Mercedes 97.5 | UNSL","description":"UNSL","publisher":{"@id":"https:\/\/radio.fcejs.unsl.edu.ar\/#organization"},"potentialAction":[{"@type":"SearchAction","target":{"@type":"EntryPoint","urlTemplate":"https:\/\/radio.fcejs.unsl.edu.ar\/?s={search_term_string}"},"query-input":{"@type":"PropertyValueSpecification","valueRequired":true,"valueName":"search_term_string"}}],"inLanguage":"es-AR"},{"@type":"Organization","@id":"https:\/\/radio.fcejs.unsl.edu.ar\/#organization","name":"Radio Universidad Villa Mercedes 97.5 | UNSL","url":"https:\/\/radio.fcejs.unsl.edu.ar\/","logo":{"@type":"ImageObject","inLanguage":"es-AR","@id":"https:\/\/radio.fcejs.unsl.edu.ar\/#\/schema\/logo\/image\/","url":"https:\/\/radio.fcejs.unsl.edu.ar\/wp-content\/uploads\/2023\/12\/cropped-radio-villa-mercedes-97-5.png","contentUrl":"https:\/\/radio.fcejs.unsl.edu.ar\/wp-content\/uploads\/2023\/12\/cropped-radio-villa-mercedes-97-5.png","width":908,"height":289,"caption":"Radio Universidad Villa Mercedes 97.5 | UNSL"},"image":{"@id":"https:\/\/radio.fcejs.unsl.edu.ar\/#\/schema\/logo\/image\/"}},{"@type":"Person","@id":"https:\/\/radio.fcejs.unsl.edu.ar\/#\/schema\/person\/acc8fccb15174977a9a97c2c6c9a046e","name":"Matias Videla","url":"https:\/\/radio.fcejs.unsl.edu.ar\/index.php\/author\/mvidela\/"}]}},"_links":{"self":[{"href":"https:\/\/radio.fcejs.unsl.edu.ar\/index.php\/wp-json\/wp\/v2\/posts\/3773","targetHints":{"allow":["GET"]}}],"collection":[{"href":"https:\/\/radio.fcejs.unsl.edu.ar\/index.php\/wp-json\/wp\/v2\/posts"}],"about":[{"href":"https:\/\/radio.fcejs.unsl.edu.ar\/index.php\/wp-json\/wp\/v2\/types\/post"}],"author":[{"embeddable":true,"href":"https:\/\/radio.fcejs.unsl.edu.ar\/index.php\/wp-json\/wp\/v2\/users\/7"}],"replies":[{"embeddable":true,"href":"https:\/\/radio.fcejs.unsl.edu.ar\/index.php\/wp-json\/wp\/v2\/comments?post=3773"}],"version-history":[{"count":6,"href":"https:\/\/radio.fcejs.unsl.edu.ar\/index.php\/wp-json\/wp\/v2\/posts\/3773\/revisions"}],"predecessor-version":[{"id":3781,"href":"https:\/\/radio.fcejs.unsl.edu.ar\/index.php\/wp-json\/wp\/v2\/posts\/3773\/revisions\/3781"}],"wp:featuredmedia":[{"embeddable":true,"href":"https:\/\/radio.fcejs.unsl.edu.ar\/index.php\/wp-json\/wp\/v2\/media\/3786"}],"wp:attachment":[{"href":"https:\/\/radio.fcejs.unsl.edu.ar\/index.php\/wp-json\/wp\/v2\/media?parent=3773"}],"wp:term":[{"taxonomy":"category","embeddable":true,"href":"https:\/\/radio.fcejs.unsl.edu.ar\/index.php\/wp-json\/wp\/v2\/categories?post=3773"},{"taxonomy":"post_tag","embeddable":true,"href":"https:\/\/radio.fcejs.unsl.edu.ar\/index.php\/wp-json\/wp\/v2\/tags?post=3773"}],"curies":[{"name":"wp","href":"https:\/\/api.w.org\/{rel}","templated":true}]}}