{"id":3769,"date":"2026-03-04T11:55:04","date_gmt":"2026-03-04T14:55:04","guid":{"rendered":"https:\/\/radio.fcejs.unsl.edu.ar\/?p=3769"},"modified":"2026-03-04T12:30:30","modified_gmt":"2026-03-04T15:30:30","slug":"analisis-con-memoria-lo-que-dejo-el-mensaje-de-apertura-de-sesiones-ordinarias-del-intendente-frontera","status":"publish","type":"post","link":"https:\/\/radio.fcejs.unsl.edu.ar\/index.php\/analisis-con-memoria-lo-que-dejo-el-mensaje-de-apertura-de-sesiones-ordinarias-del-intendente-frontera\/","title":{"rendered":"An\u00e1lisis con memoria: Lo que dej\u00f3 el mensaje de apertura de sesiones ordinarias del intendente Frontera"},"content":{"rendered":"<p><strong>\u200bHoy en Radio UNSL Villa Mercedes nos detuvimos a mirar m\u00e1s all\u00e1 de las palabras. La apertura de sesiones 2026 no fue un acto m\u00e1s; fue el reflejo de una gesti\u00f3n condicionada por la realidad.<\/strong><\/p>\n<p>Se repas\u00f3 en general de los ejes centrales del discurso inaugural del per\u00edodo legislativo 2026 del Concejo Deliberante de Villa Mercedes, del intendente Maximiliano Frontera. Y profundiza, en contexto pol\u00edtico local y provincial, como tambi\u00e9n desde una perspectiva hist\u00f3rica reciente, los puntos m\u00e1s importantes de un mensaje condicionado a una realidad que impide no solo presencias destacadas, sino tambi\u00e9n la grandilocuencia los anuncios y la ampulosidad de los actos.<\/p>\n<h6>An\u00e1lisis con memoria:<\/h6>\n<audio class=\"wp-audio-shortcode\" id=\"audio-3769-1\" preload=\"none\" style=\"width: 100%;\" controls=\"controls\"><source type=\"audio\/mpeg\" src=\"https:\/\/radioupload.fica.unsl.edu.ar\/files\/mv\/An%C3%A1lisis%20con%20memoria%204-3-26.mp3?_=1\" \/><a href=\"https:\/\/radioupload.fica.unsl.edu.ar\/files\/mv\/An%C3%A1lisis%20con%20memoria%204-3-26.mp3\">https:\/\/radioupload.fica.unsl.edu.ar\/files\/mv\/An%C3%A1lisis%20con%20memoria%204-3-26.mp3<\/a><\/audio>\n","protected":false},"excerpt":{"rendered":"<p>\u200bHoy en Radio UNSL Villa Mercedes nos detuvimos a mirar m\u00e1s all\u00e1 de las palabras. La apertura de sesiones 2026 no fue un acto m\u00e1s; fue el reflejo de una gesti\u00f3n condicionada por la realidad. Se repas\u00f3 en general de los ejes centrales del discurso inaugural del per\u00edodo legislativo 2026 del Concejo Deliberante de Villa&#8230;<\/p>\n","protected":false},"author":7,"featured_media":3770,"comment_status":"closed","ping_status":"closed","sticky":false,"template":"","format":"standard","meta":{"_kad_post_transparent":"default","_kad_post_title":"default","_kad_post_layout":"default","_kad_post_sidebar_id":"","_kad_post_content_style":"default","_kad_post_vertical_padding":"default","_kad_post_feature":"","_kad_post_feature_position":"","_kad_post_header":false,"_kad_post_footer":false,"_kad_post_classname":"","footnotes":""},"categories":[14,1],"tags":[],"class_list":["post-3769","post","type-post","status-publish","format-standard","has-post-thumbnail","hentry","category-entrevistas","category-noticias"],"yoast_head":"<!-- This site is optimized with the Yoast SEO plugin v27.2 - https:\/\/yoast.com\/product\/yoast-seo-wordpress\/ -->\n<title>An\u00e1lisis con memoria: Lo que dej\u00f3 el mensaje de apertura de sesiones ordinarias del intendente Frontera - Radio Universidad Villa Mercedes 97.5 | UNSL<\/title>\n<meta name=\"robots\" content=\"index, follow, max-snippet:-1, max-image-preview:large, max-video-preview:-1\" \/>\n<link rel=\"canonical\" href=\"https:\/\/radio.fcejs.unsl.edu.ar\/index.php\/analisis-con-memoria-lo-que-dejo-el-mensaje-de-apertura-de-sesiones-ordinarias-del-intendente-frontera\/\" \/>\n<meta property=\"og:locale\" content=\"es_ES\" \/>\n<meta property=\"og:type\" content=\"article\" \/>\n<meta property=\"og:title\" content=\"An\u00e1lisis con memoria: Lo que dej\u00f3 el mensaje de apertura de sesiones ordinarias del intendente Frontera - Radio Universidad Villa Mercedes 97.5 | UNSL\" \/>\n<meta property=\"og:description\" content=\"\u200bHoy en Radio UNSL Villa Mercedes nos detuvimos a mirar m\u00e1s all\u00e1 de las palabras. La apertura de sesiones 2026 no fue un acto m\u00e1s; fue el reflejo de una gesti\u00f3n condicionada por la realidad. Se repas\u00f3 en general de los ejes centrales del discurso inaugural del per\u00edodo legislativo 2026 del Concejo Deliberante de Villa...\" \/>\n<meta property=\"og:url\" content=\"https:\/\/radio.fcejs.unsl.edu.ar\/index.php\/analisis-con-memoria-lo-que-dejo-el-mensaje-de-apertura-de-sesiones-ordinarias-del-intendente-frontera\/\" \/>\n<meta property=\"og:site_name\" content=\"Radio Universidad Villa Mercedes 97.5 | UNSL\" \/>\n<meta property=\"article:published_time\" content=\"2026-03-04T14:55:04+00:00\" \/>\n<meta property=\"article:modified_time\" content=\"2026-03-04T15:30:30+00:00\" \/>\n<meta property=\"og:image\" content=\"http:\/\/radio.fcejs.unsl.edu.ar\/wp-content\/uploads\/2026\/03\/646698039_1248078944178554_268064444738237899_n.jpg\" \/>\n\t<meta property=\"og:image:width\" content=\"1599\" \/>\n\t<meta property=\"og:image:height\" content=\"1066\" \/>\n\t<meta property=\"og:image:type\" content=\"image\/jpeg\" \/>\n<meta name=\"author\" content=\"Matias Videla\" \/>\n<meta name=\"twitter:card\" content=\"summary_large_image\" \/>\n<meta name=\"twitter:label1\" content=\"Escrito por\" \/>\n\t<meta name=\"twitter:data1\" content=\"Matias Videla\" \/>\n\t<meta name=\"twitter:label2\" content=\"Tiempo de lectura\" \/>\n\t<meta name=\"twitter:data2\" content=\"1 minuto\" \/>\n<script type=\"application\/ld+json\" class=\"yoast-schema-graph\">{\"@context\":\"https:\/\/schema.org\",\"@graph\":[{\"@type\":\"Article\",\"@id\":\"https:\/\/radio.fcejs.unsl.edu.ar\/index.php\/analisis-con-memoria-lo-que-dejo-el-mensaje-de-apertura-de-sesiones-ordinarias-del-intendente-frontera\/#article\",\"isPartOf\":{\"@id\":\"https:\/\/radio.fcejs.unsl.edu.ar\/index.php\/analisis-con-memoria-lo-que-dejo-el-mensaje-de-apertura-de-sesiones-ordinarias-del-intendente-frontera\/\"},\"author\":{\"name\":\"Matias Videla\",\"@id\":\"https:\/\/radio.fcejs.unsl.edu.ar\/#\/schema\/person\/acc8fccb15174977a9a97c2c6c9a046e\"},\"headline\":\"An\u00e1lisis con memoria: Lo que dej\u00f3 el mensaje de apertura de sesiones ordinarias del intendente Frontera\",\"datePublished\":\"2026-03-04T14:55:04+00:00\",\"dateModified\":\"2026-03-04T15:30:30+00:00\",\"mainEntityOfPage\":{\"@id\":\"https:\/\/radio.fcejs.unsl.edu.ar\/index.php\/analisis-con-memoria-lo-que-dejo-el-mensaje-de-apertura-de-sesiones-ordinarias-del-intendente-frontera\/\"},\"wordCount\":149,\"publisher\":{\"@id\":\"https:\/\/radio.fcejs.unsl.edu.ar\/#organization\"},\"image\":{\"@id\":\"https:\/\/radio.fcejs.unsl.edu.ar\/index.php\/analisis-con-memoria-lo-que-dejo-el-mensaje-de-apertura-de-sesiones-ordinarias-del-intendente-frontera\/#primaryimage\"},\"thumbnailUrl\":\"https:\/\/radio.fcejs.unsl.edu.ar\/wp-content\/uploads\/2026\/03\/646698039_1248078944178554_268064444738237899_n.jpg\",\"articleSection\":[\"Entrevistas\",\"Noticias\"],\"inLanguage\":\"es-AR\"},{\"@type\":\"WebPage\",\"@id\":\"https:\/\/radio.fcejs.unsl.edu.ar\/index.php\/analisis-con-memoria-lo-que-dejo-el-mensaje-de-apertura-de-sesiones-ordinarias-del-intendente-frontera\/\",\"url\":\"https:\/\/radio.fcejs.unsl.edu.ar\/index.php\/analisis-con-memoria-lo-que-dejo-el-mensaje-de-apertura-de-sesiones-ordinarias-del-intendente-frontera\/\",\"name\":\"An\u00e1lisis con memoria: Lo que dej\u00f3 el mensaje de apertura de sesiones ordinarias del intendente Frontera - Radio Universidad Villa Mercedes 97.5 | UNSL\",\"isPartOf\":{\"@id\":\"https:\/\/radio.fcejs.unsl.edu.ar\/#website\"},\"primaryImageOfPage\":{\"@id\":\"https:\/\/radio.fcejs.unsl.edu.ar\/index.php\/analisis-con-memoria-lo-que-dejo-el-mensaje-de-apertura-de-sesiones-ordinarias-del-intendente-frontera\/#primaryimage\"},\"image\":{\"@id\":\"https:\/\/radio.fcejs.unsl.edu.ar\/index.php\/analisis-con-memoria-lo-que-dejo-el-mensaje-de-apertura-de-sesiones-ordinarias-del-intendente-frontera\/#primaryimage\"},\"thumbnailUrl\":\"https:\/\/radio.fcejs.unsl.edu.ar\/wp-content\/uploads\/2026\/03\/646698039_1248078944178554_268064444738237899_n.jpg\",\"datePublished\":\"2026-03-04T14:55:04+00:00\",\"dateModified\":\"2026-03-04T15:30:30+00:00\",\"breadcrumb\":{\"@id\":\"https:\/\/radio.fcejs.unsl.edu.ar\/index.php\/analisis-con-memoria-lo-que-dejo-el-mensaje-de-apertura-de-sesiones-ordinarias-del-intendente-frontera\/#breadcrumb\"},\"inLanguage\":\"es-AR\",\"potentialAction\":[{\"@type\":\"ReadAction\",\"target\":[\"https:\/\/radio.fcejs.unsl.edu.ar\/index.php\/analisis-con-memoria-lo-que-dejo-el-mensaje-de-apertura-de-sesiones-ordinarias-del-intendente-frontera\/\"]}]},{\"@type\":\"ImageObject\",\"inLanguage\":\"es-AR\",\"@id\":\"https:\/\/radio.fcejs.unsl.edu.ar\/index.php\/analisis-con-memoria-lo-que-dejo-el-mensaje-de-apertura-de-sesiones-ordinarias-del-intendente-frontera\/#primaryimage\",\"url\":\"https:\/\/radio.fcejs.unsl.edu.ar\/wp-content\/uploads\/2026\/03\/646698039_1248078944178554_268064444738237899_n.jpg\",\"contentUrl\":\"https:\/\/radio.fcejs.unsl.edu.ar\/wp-content\/uploads\/2026\/03\/646698039_1248078944178554_268064444738237899_n.jpg\",\"width\":1599,\"height\":1066},{\"@type\":\"BreadcrumbList\",\"@id\":\"https:\/\/radio.fcejs.unsl.edu.ar\/index.php\/analisis-con-memoria-lo-que-dejo-el-mensaje-de-apertura-de-sesiones-ordinarias-del-intendente-frontera\/#breadcrumb\",\"itemListElement\":[{\"@type\":\"ListItem\",\"position\":1,\"name\":\"Inicio\",\"item\":\"https:\/\/radio.fcejs.unsl.edu.ar\/\"},{\"@type\":\"ListItem\",\"position\":2,\"name\":\"An\u00e1lisis con memoria: Lo que dej\u00f3 el mensaje de apertura de sesiones ordinarias del intendente Frontera\"}]},{\"@type\":\"WebSite\",\"@id\":\"https:\/\/radio.fcejs.unsl.edu.ar\/#website\",\"url\":\"https:\/\/radio.fcejs.unsl.edu.ar\/\",\"name\":\"Radio Universidad Villa Mercedes 97.5 | UNSL\",\"description\":\"UNSL\",\"publisher\":{\"@id\":\"https:\/\/radio.fcejs.unsl.edu.ar\/#organization\"},\"potentialAction\":[{\"@type\":\"SearchAction\",\"target\":{\"@type\":\"EntryPoint\",\"urlTemplate\":\"https:\/\/radio.fcejs.unsl.edu.ar\/?s={search_term_string}\"},\"query-input\":{\"@type\":\"PropertyValueSpecification\",\"valueRequired\":true,\"valueName\":\"search_term_string\"}}],\"inLanguage\":\"es-AR\"},{\"@type\":\"Organization\",\"@id\":\"https:\/\/radio.fcejs.unsl.edu.ar\/#organization\",\"name\":\"Radio Universidad Villa Mercedes 97.5 | UNSL\",\"url\":\"https:\/\/radio.fcejs.unsl.edu.ar\/\",\"logo\":{\"@type\":\"ImageObject\",\"inLanguage\":\"es-AR\",\"@id\":\"https:\/\/radio.fcejs.unsl.edu.ar\/#\/schema\/logo\/image\/\",\"url\":\"https:\/\/radio.fcejs.unsl.edu.ar\/wp-content\/uploads\/2023\/12\/cropped-radio-villa-mercedes-97-5.png\",\"contentUrl\":\"https:\/\/radio.fcejs.unsl.edu.ar\/wp-content\/uploads\/2023\/12\/cropped-radio-villa-mercedes-97-5.png\",\"width\":908,\"height\":289,\"caption\":\"Radio Universidad Villa Mercedes 97.5 | UNSL\"},\"image\":{\"@id\":\"https:\/\/radio.fcejs.unsl.edu.ar\/#\/schema\/logo\/image\/\"}},{\"@type\":\"Person\",\"@id\":\"https:\/\/radio.fcejs.unsl.edu.ar\/#\/schema\/person\/acc8fccb15174977a9a97c2c6c9a046e\",\"name\":\"Matias Videla\",\"url\":\"https:\/\/radio.fcejs.unsl.edu.ar\/index.php\/author\/mvidela\/\"}]}<\/script>\n<!-- \/ Yoast SEO plugin. -->","yoast_head_json":{"title":"An\u00e1lisis con memoria: Lo que dej\u00f3 el mensaje de apertura de sesiones ordinarias del intendente Frontera - Radio Universidad Villa Mercedes 97.5 | UNSL","robots":{"index":"index","follow":"follow","max-snippet":"max-snippet:-1","max-image-preview":"max-image-preview:large","max-video-preview":"max-video-preview:-1"},"canonical":"https:\/\/radio.fcejs.unsl.edu.ar\/index.php\/analisis-con-memoria-lo-que-dejo-el-mensaje-de-apertura-de-sesiones-ordinarias-del-intendente-frontera\/","og_locale":"es_ES","og_type":"article","og_title":"An\u00e1lisis con memoria: Lo que dej\u00f3 el mensaje de apertura de sesiones ordinarias del intendente Frontera - Radio Universidad Villa Mercedes 97.5 | UNSL","og_description":"\u200bHoy en Radio UNSL Villa Mercedes nos detuvimos a mirar m\u00e1s all\u00e1 de las palabras. La apertura de sesiones 2026 no fue un acto m\u00e1s; fue el reflejo de una gesti\u00f3n condicionada por la realidad. Se repas\u00f3 en general de los ejes centrales del discurso inaugural del per\u00edodo legislativo 2026 del Concejo Deliberante de Villa...","og_url":"https:\/\/radio.fcejs.unsl.edu.ar\/index.php\/analisis-con-memoria-lo-que-dejo-el-mensaje-de-apertura-de-sesiones-ordinarias-del-intendente-frontera\/","og_site_name":"Radio Universidad Villa Mercedes 97.5 | UNSL","article_published_time":"2026-03-04T14:55:04+00:00","article_modified_time":"2026-03-04T15:30:30+00:00","og_image":[{"width":1599,"height":1066,"url":"http:\/\/radio.fcejs.unsl.edu.ar\/wp-content\/uploads\/2026\/03\/646698039_1248078944178554_268064444738237899_n.jpg","type":"image\/jpeg"}],"author":"Matias Videla","twitter_card":"summary_large_image","twitter_misc":{"Escrito por":"Matias Videla","Tiempo de lectura":"1 minuto"},"schema":{"@context":"https:\/\/schema.org","@graph":[{"@type":"Article","@id":"https:\/\/radio.fcejs.unsl.edu.ar\/index.php\/analisis-con-memoria-lo-que-dejo-el-mensaje-de-apertura-de-sesiones-ordinarias-del-intendente-frontera\/#article","isPartOf":{"@id":"https:\/\/radio.fcejs.unsl.edu.ar\/index.php\/analisis-con-memoria-lo-que-dejo-el-mensaje-de-apertura-de-sesiones-ordinarias-del-intendente-frontera\/"},"author":{"name":"Matias Videla","@id":"https:\/\/radio.fcejs.unsl.edu.ar\/#\/schema\/person\/acc8fccb15174977a9a97c2c6c9a046e"},"headline":"An\u00e1lisis con memoria: Lo que dej\u00f3 el mensaje de apertura de sesiones ordinarias del intendente Frontera","datePublished":"2026-03-04T14:55:04+00:00","dateModified":"2026-03-04T15:30:30+00:00","mainEntityOfPage":{"@id":"https:\/\/radio.fcejs.unsl.edu.ar\/index.php\/analisis-con-memoria-lo-que-dejo-el-mensaje-de-apertura-de-sesiones-ordinarias-del-intendente-frontera\/"},"wordCount":149,"publisher":{"@id":"https:\/\/radio.fcejs.unsl.edu.ar\/#organization"},"image":{"@id":"https:\/\/radio.fcejs.unsl.edu.ar\/index.php\/analisis-con-memoria-lo-que-dejo-el-mensaje-de-apertura-de-sesiones-ordinarias-del-intendente-frontera\/#primaryimage"},"thumbnailUrl":"https:\/\/radio.fcejs.unsl.edu.ar\/wp-content\/uploads\/2026\/03\/646698039_1248078944178554_268064444738237899_n.jpg","articleSection":["Entrevistas","Noticias"],"inLanguage":"es-AR"},{"@type":"WebPage","@id":"https:\/\/radio.fcejs.unsl.edu.ar\/index.php\/analisis-con-memoria-lo-que-dejo-el-mensaje-de-apertura-de-sesiones-ordinarias-del-intendente-frontera\/","url":"https:\/\/radio.fcejs.unsl.edu.ar\/index.php\/analisis-con-memoria-lo-que-dejo-el-mensaje-de-apertura-de-sesiones-ordinarias-del-intendente-frontera\/","name":"An\u00e1lisis con memoria: Lo que dej\u00f3 el mensaje de apertura de sesiones ordinarias del intendente Frontera - Radio Universidad Villa Mercedes 97.5 | UNSL","isPartOf":{"@id":"https:\/\/radio.fcejs.unsl.edu.ar\/#website"},"primaryImageOfPage":{"@id":"https:\/\/radio.fcejs.unsl.edu.ar\/index.php\/analisis-con-memoria-lo-que-dejo-el-mensaje-de-apertura-de-sesiones-ordinarias-del-intendente-frontera\/#primaryimage"},"image":{"@id":"https:\/\/radio.fcejs.unsl.edu.ar\/index.php\/analisis-con-memoria-lo-que-dejo-el-mensaje-de-apertura-de-sesiones-ordinarias-del-intendente-frontera\/#primaryimage"},"thumbnailUrl":"https:\/\/radio.fcejs.unsl.edu.ar\/wp-content\/uploads\/2026\/03\/646698039_1248078944178554_268064444738237899_n.jpg","datePublished":"2026-03-04T14:55:04+00:00","dateModified":"2026-03-04T15:30:30+00:00","breadcrumb":{"@id":"https:\/\/radio.fcejs.unsl.edu.ar\/index.php\/analisis-con-memoria-lo-que-dejo-el-mensaje-de-apertura-de-sesiones-ordinarias-del-intendente-frontera\/#breadcrumb"},"inLanguage":"es-AR","potentialAction":[{"@type":"ReadAction","target":["https:\/\/radio.fcejs.unsl.edu.ar\/index.php\/analisis-con-memoria-lo-que-dejo-el-mensaje-de-apertura-de-sesiones-ordinarias-del-intendente-frontera\/"]}]},{"@type":"ImageObject","inLanguage":"es-AR","@id":"https:\/\/radio.fcejs.unsl.edu.ar\/index.php\/analisis-con-memoria-lo-que-dejo-el-mensaje-de-apertura-de-sesiones-ordinarias-del-intendente-frontera\/#primaryimage","url":"https:\/\/radio.fcejs.unsl.edu.ar\/wp-content\/uploads\/2026\/03\/646698039_1248078944178554_268064444738237899_n.jpg","contentUrl":"https:\/\/radio.fcejs.unsl.edu.ar\/wp-content\/uploads\/2026\/03\/646698039_1248078944178554_268064444738237899_n.jpg","width":1599,"height":1066},{"@type":"BreadcrumbList","@id":"https:\/\/radio.fcejs.unsl.edu.ar\/index.php\/analisis-con-memoria-lo-que-dejo-el-mensaje-de-apertura-de-sesiones-ordinarias-del-intendente-frontera\/#breadcrumb","itemListElement":[{"@type":"ListItem","position":1,"name":"Inicio","item":"https:\/\/radio.fcejs.unsl.edu.ar\/"},{"@type":"ListItem","position":2,"name":"An\u00e1lisis con memoria: Lo que dej\u00f3 el mensaje de apertura de sesiones ordinarias del intendente Frontera"}]},{"@type":"WebSite","@id":"https:\/\/radio.fcejs.unsl.edu.ar\/#website","url":"https:\/\/radio.fcejs.unsl.edu.ar\/","name":"Radio Universidad Villa Mercedes 97.5 | UNSL","description":"UNSL","publisher":{"@id":"https:\/\/radio.fcejs.unsl.edu.ar\/#organization"},"potentialAction":[{"@type":"SearchAction","target":{"@type":"EntryPoint","urlTemplate":"https:\/\/radio.fcejs.unsl.edu.ar\/?s={search_term_string}"},"query-input":{"@type":"PropertyValueSpecification","valueRequired":true,"valueName":"search_term_string"}}],"inLanguage":"es-AR"},{"@type":"Organization","@id":"https:\/\/radio.fcejs.unsl.edu.ar\/#organization","name":"Radio Universidad Villa Mercedes 97.5 | UNSL","url":"https:\/\/radio.fcejs.unsl.edu.ar\/","logo":{"@type":"ImageObject","inLanguage":"es-AR","@id":"https:\/\/radio.fcejs.unsl.edu.ar\/#\/schema\/logo\/image\/","url":"https:\/\/radio.fcejs.unsl.edu.ar\/wp-content\/uploads\/2023\/12\/cropped-radio-villa-mercedes-97-5.png","contentUrl":"https:\/\/radio.fcejs.unsl.edu.ar\/wp-content\/uploads\/2023\/12\/cropped-radio-villa-mercedes-97-5.png","width":908,"height":289,"caption":"Radio Universidad Villa Mercedes 97.5 | UNSL"},"image":{"@id":"https:\/\/radio.fcejs.unsl.edu.ar\/#\/schema\/logo\/image\/"}},{"@type":"Person","@id":"https:\/\/radio.fcejs.unsl.edu.ar\/#\/schema\/person\/acc8fccb15174977a9a97c2c6c9a046e","name":"Matias Videla","url":"https:\/\/radio.fcejs.unsl.edu.ar\/index.php\/author\/mvidela\/"}]}},"_links":{"self":[{"href":"https:\/\/radio.fcejs.unsl.edu.ar\/index.php\/wp-json\/wp\/v2\/posts\/3769","targetHints":{"allow":["GET"]}}],"collection":[{"href":"https:\/\/radio.fcejs.unsl.edu.ar\/index.php\/wp-json\/wp\/v2\/posts"}],"about":[{"href":"https:\/\/radio.fcejs.unsl.edu.ar\/index.php\/wp-json\/wp\/v2\/types\/post"}],"author":[{"embeddable":true,"href":"https:\/\/radio.fcejs.unsl.edu.ar\/index.php\/wp-json\/wp\/v2\/users\/7"}],"replies":[{"embeddable":true,"href":"https:\/\/radio.fcejs.unsl.edu.ar\/index.php\/wp-json\/wp\/v2\/comments?post=3769"}],"version-history":[{"count":1,"href":"https:\/\/radio.fcejs.unsl.edu.ar\/index.php\/wp-json\/wp\/v2\/posts\/3769\/revisions"}],"predecessor-version":[{"id":3771,"href":"https:\/\/radio.fcejs.unsl.edu.ar\/index.php\/wp-json\/wp\/v2\/posts\/3769\/revisions\/3771"}],"wp:featuredmedia":[{"embeddable":true,"href":"https:\/\/radio.fcejs.unsl.edu.ar\/index.php\/wp-json\/wp\/v2\/media\/3770"}],"wp:attachment":[{"href":"https:\/\/radio.fcejs.unsl.edu.ar\/index.php\/wp-json\/wp\/v2\/media?parent=3769"}],"wp:term":[{"taxonomy":"category","embeddable":true,"href":"https:\/\/radio.fcejs.unsl.edu.ar\/index.php\/wp-json\/wp\/v2\/categories?post=3769"},{"taxonomy":"post_tag","embeddable":true,"href":"https:\/\/radio.fcejs.unsl.edu.ar\/index.php\/wp-json\/wp\/v2\/tags?post=3769"}],"curies":[{"name":"wp","href":"https:\/\/api.w.org\/{rel}","templated":true}]}}