{"id":3762,"date":"2026-03-04T12:04:15","date_gmt":"2026-03-04T15:04:15","guid":{"rendered":"https:\/\/radio.fcejs.unsl.edu.ar\/?p=3762"},"modified":"2026-03-04T13:23:30","modified_gmt":"2026-03-04T16:23:30","slug":"ernesto-pipi-ali-cuestiono-el-discurso-de-milei-y-alerto-por-la-situacion-politica-en-san-luis","status":"publish","type":"post","link":"https:\/\/radio.fcejs.unsl.edu.ar\/index.php\/ernesto-pipi-ali-cuestiono-el-discurso-de-milei-y-alerto-por-la-situacion-politica-en-san-luis\/","title":{"rendered":"Ernesto \u201cPipi\u201d Al\u00ed cuestion\u00f3 el discurso de Milei y alert\u00f3 por la situaci\u00f3n pol\u00edtica en San Luis"},"content":{"rendered":"<p><strong>En di\u00e1logo con Radio UNSL Villa Mercedes 97.5 FM, el diputado nacional por San Luis Ernesto \u201cPipi\u201d Al\u00ed critic\u00f3 duramente al presidente Javier Milei tras su reciente discurso y se refiri\u00f3 a la realidad pol\u00edtica provincial y nacional. El legislador calific\u00f3 la intervenci\u00f3n presidencial como \u201cuna puesta en escena sin datos reales\u201d y manifest\u00f3 su preocupaci\u00f3n por el impacto de las pol\u00edticas nacionales en San Luis.<\/strong><\/p>\n<p><em><strong>\u201cUn discurso muy de panelista, una berretada. No hizo anuncios ni dio cifras reales. Es una preocupaci\u00f3n enorme para la Argentina tener ese perfil de presidente\u201d<\/strong><\/em>, expres\u00f3.<\/p>\n<h6><strong>Escuch\u00e1 la entrevista completa:<\/strong><\/h6>\n<audio class=\"wp-audio-shortcode\" id=\"audio-3762-1\" preload=\"none\" style=\"width: 100%;\" controls=\"controls\"><source type=\"audio\/mpeg\" src=\"https:\/\/radioupload.fica.unsl.edu.ar\/files\/mv\/Pipi%20Al%C3%AD%204-3-26-mp3.mp3?_=1\" \/><a href=\"https:\/\/radioupload.fica.unsl.edu.ar\/files\/mv\/Pipi%20Al%C3%AD%204-3-26-mp3.mp3\">https:\/\/radioupload.fica.unsl.edu.ar\/files\/mv\/Pipi%20Al%C3%AD%204-3-26-mp3.mp3<\/a><\/audio>\n<p>El diputado sostuvo que los datos mencionados por el presidente en relaci\u00f3n a desocupaci\u00f3n y pobreza \u201cno son fidedignos\u201d y asegur\u00f3 que se trat\u00f3 de un acto preparado \u201ccon tribuna propia\u201d.<\/p>\n<p>\u201cTodo coachado, todo estudiado, con un nivel de agresividad enorme como nos tiene acostumbrados\u201d.<\/p>\n<p>\u201cTen\u00eda ganas de levantarme e irme, pero pens\u00e9 que si me iba le hac\u00eda el juego a \u00e9l. Aguantamos ah\u00ed y seguimos en la lucha\u201d.<\/p>\n<p><strong>Preocupaci\u00f3n por la coparticipaci\u00f3n y el rol del Gobierno provincial<\/strong><\/p>\n<p>En la entrevista brindada a Radio UNSL, el diputado tambi\u00e9n apunt\u00f3 contra el impacto de las pol\u00edticas nacionales en la provincia de San Luis.<\/p>\n<p>Al\u00ed afirm\u00f3 que la coparticipaci\u00f3n provincial \u201cest\u00e1 hecha a\u00f1icos\u201d y cuestion\u00f3 la postura del gobernador.<\/p>\n<p>\u201cEl gobernador est\u00e1 entregado sin luchar por la defensa de los ciudadanos de San Luis. No es una cuesti\u00f3n partidaria, es por la gente\u201d.<\/p>\n<p>Adem\u00e1s, se\u00f1al\u00f3 que la situaci\u00f3n financiera limita la ejecuci\u00f3n de obras p\u00fablicas en la provincia.<\/p>\n<p><strong>Debate por la Ley de Glaciares<\/strong><\/p>\n<p>Finalmente, el legislador adelant\u00f3 que continuar\u00e1 su agenda parlamentaria en comisi\u00f3n, donde se tratar\u00e1 el tema vinculado a glaciares, en medio de un escenario que calific\u00f3 como \u201cmedi\u00e1tico y sin argumentaci\u00f3n legal ni f\u00e1ctica\u201d.<\/p>\n<p>Al\u00ed cerr\u00f3 la entrevista manifestando su preocupaci\u00f3n por lo que defini\u00f3 como una dirigencia \u201cdesconectada de la realidad\u201d.<\/p>\n<pre data-start=\"2165\" data-end=\"2236\"><strong>Conducci\u00f3n: Mat\u00edas E. Videla | Radio UNSL Villa Mercedes 97.5 FM\r\nOperaci\u00f3n T\u00e9cnica: Mart\u00edn Pagliero<\/strong><\/pre>\n<p>&nbsp;<\/p>\n","protected":false},"excerpt":{"rendered":"<p>En di\u00e1logo con Radio UNSL Villa Mercedes 97.5 FM, el diputado nacional por San Luis Ernesto \u201cPipi\u201d Al\u00ed critic\u00f3 duramente al presidente Javier Milei tras su reciente discurso y se refiri\u00f3 a la realidad pol\u00edtica provincial y nacional. El legislador calific\u00f3 la intervenci\u00f3n presidencial como \u201cuna puesta en escena sin datos reales\u201d y manifest\u00f3 su&#8230;<\/p>\n","protected":false},"author":7,"featured_media":3764,"comment_status":"closed","ping_status":"closed","sticky":false,"template":"","format":"standard","meta":{"_kad_post_transparent":"default","_kad_post_title":"default","_kad_post_layout":"default","_kad_post_sidebar_id":"","_kad_post_content_style":"default","_kad_post_vertical_padding":"default","_kad_post_feature":"","_kad_post_feature_position":"","_kad_post_header":false,"_kad_post_footer":false,"_kad_post_classname":"","footnotes":""},"categories":[14,1],"tags":[],"class_list":["post-3762","post","type-post","status-publish","format-standard","has-post-thumbnail","hentry","category-entrevistas","category-noticias"],"yoast_head":"<!-- This site is optimized with the Yoast SEO plugin v27.2 - https:\/\/yoast.com\/product\/yoast-seo-wordpress\/ -->\n<title>Ernesto \u201cPipi\u201d Al\u00ed cuestion\u00f3 el discurso de Milei y alert\u00f3 por la situaci\u00f3n pol\u00edtica en San Luis - Radio Universidad Villa Mercedes 97.5 | UNSL<\/title>\n<meta name=\"robots\" content=\"index, follow, max-snippet:-1, max-image-preview:large, max-video-preview:-1\" \/>\n<link rel=\"canonical\" href=\"https:\/\/radio.fcejs.unsl.edu.ar\/index.php\/ernesto-pipi-ali-cuestiono-el-discurso-de-milei-y-alerto-por-la-situacion-politica-en-san-luis\/\" \/>\n<meta property=\"og:locale\" content=\"es_ES\" \/>\n<meta property=\"og:type\" content=\"article\" \/>\n<meta property=\"og:title\" content=\"Ernesto \u201cPipi\u201d Al\u00ed cuestion\u00f3 el discurso de Milei y alert\u00f3 por la situaci\u00f3n pol\u00edtica en San Luis - Radio Universidad Villa Mercedes 97.5 | UNSL\" \/>\n<meta property=\"og:description\" content=\"En di\u00e1logo con Radio UNSL Villa Mercedes 97.5 FM, el diputado nacional por San Luis Ernesto \u201cPipi\u201d Al\u00ed critic\u00f3 duramente al presidente Javier Milei tras su reciente discurso y se refiri\u00f3 a la realidad pol\u00edtica provincial y nacional. El legislador calific\u00f3 la intervenci\u00f3n presidencial como \u201cuna puesta en escena sin datos reales\u201d y manifest\u00f3 su...\" \/>\n<meta property=\"og:url\" content=\"https:\/\/radio.fcejs.unsl.edu.ar\/index.php\/ernesto-pipi-ali-cuestiono-el-discurso-de-milei-y-alerto-por-la-situacion-politica-en-san-luis\/\" \/>\n<meta property=\"og:site_name\" content=\"Radio Universidad Villa Mercedes 97.5 | UNSL\" \/>\n<meta property=\"article:published_time\" content=\"2026-03-04T15:04:15+00:00\" \/>\n<meta property=\"article:modified_time\" content=\"2026-03-04T16:23:30+00:00\" \/>\n<meta property=\"og:image\" content=\"http:\/\/radio.fcejs.unsl.edu.ar\/wp-content\/uploads\/2026\/03\/a.png\" \/>\n\t<meta property=\"og:image:width\" content=\"1338\" \/>\n\t<meta property=\"og:image:height\" content=\"670\" \/>\n\t<meta property=\"og:image:type\" content=\"image\/png\" \/>\n<meta name=\"author\" content=\"Matias Videla\" \/>\n<meta name=\"twitter:card\" content=\"summary_large_image\" \/>\n<meta name=\"twitter:label1\" content=\"Escrito por\" \/>\n\t<meta name=\"twitter:data1\" content=\"Matias Videla\" \/>\n\t<meta name=\"twitter:label2\" content=\"Tiempo de lectura\" \/>\n\t<meta name=\"twitter:data2\" content=\"2 minutos\" \/>\n<script type=\"application\/ld+json\" class=\"yoast-schema-graph\">{\"@context\":\"https:\/\/schema.org\",\"@graph\":[{\"@type\":\"Article\",\"@id\":\"https:\/\/radio.fcejs.unsl.edu.ar\/index.php\/ernesto-pipi-ali-cuestiono-el-discurso-de-milei-y-alerto-por-la-situacion-politica-en-san-luis\/#article\",\"isPartOf\":{\"@id\":\"https:\/\/radio.fcejs.unsl.edu.ar\/index.php\/ernesto-pipi-ali-cuestiono-el-discurso-de-milei-y-alerto-por-la-situacion-politica-en-san-luis\/\"},\"author\":{\"name\":\"Matias Videla\",\"@id\":\"https:\/\/radio.fcejs.unsl.edu.ar\/#\/schema\/person\/acc8fccb15174977a9a97c2c6c9a046e\"},\"headline\":\"Ernesto \u201cPipi\u201d Al\u00ed cuestion\u00f3 el discurso de Milei y alert\u00f3 por la situaci\u00f3n pol\u00edtica en San Luis\",\"datePublished\":\"2026-03-04T15:04:15+00:00\",\"dateModified\":\"2026-03-04T16:23:30+00:00\",\"mainEntityOfPage\":{\"@id\":\"https:\/\/radio.fcejs.unsl.edu.ar\/index.php\/ernesto-pipi-ali-cuestiono-el-discurso-de-milei-y-alerto-por-la-situacion-politica-en-san-luis\/\"},\"wordCount\":375,\"publisher\":{\"@id\":\"https:\/\/radio.fcejs.unsl.edu.ar\/#organization\"},\"image\":{\"@id\":\"https:\/\/radio.fcejs.unsl.edu.ar\/index.php\/ernesto-pipi-ali-cuestiono-el-discurso-de-milei-y-alerto-por-la-situacion-politica-en-san-luis\/#primaryimage\"},\"thumbnailUrl\":\"https:\/\/radio.fcejs.unsl.edu.ar\/wp-content\/uploads\/2026\/03\/a.png\",\"articleSection\":[\"Entrevistas\",\"Noticias\"],\"inLanguage\":\"es-AR\"},{\"@type\":\"WebPage\",\"@id\":\"https:\/\/radio.fcejs.unsl.edu.ar\/index.php\/ernesto-pipi-ali-cuestiono-el-discurso-de-milei-y-alerto-por-la-situacion-politica-en-san-luis\/\",\"url\":\"https:\/\/radio.fcejs.unsl.edu.ar\/index.php\/ernesto-pipi-ali-cuestiono-el-discurso-de-milei-y-alerto-por-la-situacion-politica-en-san-luis\/\",\"name\":\"Ernesto \u201cPipi\u201d Al\u00ed cuestion\u00f3 el discurso de Milei y alert\u00f3 por la situaci\u00f3n pol\u00edtica en San Luis - Radio Universidad Villa Mercedes 97.5 | UNSL\",\"isPartOf\":{\"@id\":\"https:\/\/radio.fcejs.unsl.edu.ar\/#website\"},\"primaryImageOfPage\":{\"@id\":\"https:\/\/radio.fcejs.unsl.edu.ar\/index.php\/ernesto-pipi-ali-cuestiono-el-discurso-de-milei-y-alerto-por-la-situacion-politica-en-san-luis\/#primaryimage\"},\"image\":{\"@id\":\"https:\/\/radio.fcejs.unsl.edu.ar\/index.php\/ernesto-pipi-ali-cuestiono-el-discurso-de-milei-y-alerto-por-la-situacion-politica-en-san-luis\/#primaryimage\"},\"thumbnailUrl\":\"https:\/\/radio.fcejs.unsl.edu.ar\/wp-content\/uploads\/2026\/03\/a.png\",\"datePublished\":\"2026-03-04T15:04:15+00:00\",\"dateModified\":\"2026-03-04T16:23:30+00:00\",\"breadcrumb\":{\"@id\":\"https:\/\/radio.fcejs.unsl.edu.ar\/index.php\/ernesto-pipi-ali-cuestiono-el-discurso-de-milei-y-alerto-por-la-situacion-politica-en-san-luis\/#breadcrumb\"},\"inLanguage\":\"es-AR\",\"potentialAction\":[{\"@type\":\"ReadAction\",\"target\":[\"https:\/\/radio.fcejs.unsl.edu.ar\/index.php\/ernesto-pipi-ali-cuestiono-el-discurso-de-milei-y-alerto-por-la-situacion-politica-en-san-luis\/\"]}]},{\"@type\":\"ImageObject\",\"inLanguage\":\"es-AR\",\"@id\":\"https:\/\/radio.fcejs.unsl.edu.ar\/index.php\/ernesto-pipi-ali-cuestiono-el-discurso-de-milei-y-alerto-por-la-situacion-politica-en-san-luis\/#primaryimage\",\"url\":\"https:\/\/radio.fcejs.unsl.edu.ar\/wp-content\/uploads\/2026\/03\/a.png\",\"contentUrl\":\"https:\/\/radio.fcejs.unsl.edu.ar\/wp-content\/uploads\/2026\/03\/a.png\",\"width\":1338,\"height\":670},{\"@type\":\"BreadcrumbList\",\"@id\":\"https:\/\/radio.fcejs.unsl.edu.ar\/index.php\/ernesto-pipi-ali-cuestiono-el-discurso-de-milei-y-alerto-por-la-situacion-politica-en-san-luis\/#breadcrumb\",\"itemListElement\":[{\"@type\":\"ListItem\",\"position\":1,\"name\":\"Inicio\",\"item\":\"https:\/\/radio.fcejs.unsl.edu.ar\/\"},{\"@type\":\"ListItem\",\"position\":2,\"name\":\"Ernesto \u201cPipi\u201d Al\u00ed cuestion\u00f3 el discurso de Milei y alert\u00f3 por la situaci\u00f3n pol\u00edtica en San Luis\"}]},{\"@type\":\"WebSite\",\"@id\":\"https:\/\/radio.fcejs.unsl.edu.ar\/#website\",\"url\":\"https:\/\/radio.fcejs.unsl.edu.ar\/\",\"name\":\"Radio Universidad Villa Mercedes 97.5 | UNSL\",\"description\":\"UNSL\",\"publisher\":{\"@id\":\"https:\/\/radio.fcejs.unsl.edu.ar\/#organization\"},\"potentialAction\":[{\"@type\":\"SearchAction\",\"target\":{\"@type\":\"EntryPoint\",\"urlTemplate\":\"https:\/\/radio.fcejs.unsl.edu.ar\/?s={search_term_string}\"},\"query-input\":{\"@type\":\"PropertyValueSpecification\",\"valueRequired\":true,\"valueName\":\"search_term_string\"}}],\"inLanguage\":\"es-AR\"},{\"@type\":\"Organization\",\"@id\":\"https:\/\/radio.fcejs.unsl.edu.ar\/#organization\",\"name\":\"Radio Universidad Villa Mercedes 97.5 | UNSL\",\"url\":\"https:\/\/radio.fcejs.unsl.edu.ar\/\",\"logo\":{\"@type\":\"ImageObject\",\"inLanguage\":\"es-AR\",\"@id\":\"https:\/\/radio.fcejs.unsl.edu.ar\/#\/schema\/logo\/image\/\",\"url\":\"https:\/\/radio.fcejs.unsl.edu.ar\/wp-content\/uploads\/2023\/12\/cropped-radio-villa-mercedes-97-5.png\",\"contentUrl\":\"https:\/\/radio.fcejs.unsl.edu.ar\/wp-content\/uploads\/2023\/12\/cropped-radio-villa-mercedes-97-5.png\",\"width\":908,\"height\":289,\"caption\":\"Radio Universidad Villa Mercedes 97.5 | UNSL\"},\"image\":{\"@id\":\"https:\/\/radio.fcejs.unsl.edu.ar\/#\/schema\/logo\/image\/\"}},{\"@type\":\"Person\",\"@id\":\"https:\/\/radio.fcejs.unsl.edu.ar\/#\/schema\/person\/acc8fccb15174977a9a97c2c6c9a046e\",\"name\":\"Matias Videla\",\"url\":\"https:\/\/radio.fcejs.unsl.edu.ar\/index.php\/author\/mvidela\/\"}]}<\/script>\n<!-- \/ Yoast SEO plugin. -->","yoast_head_json":{"title":"Ernesto \u201cPipi\u201d Al\u00ed cuestion\u00f3 el discurso de Milei y alert\u00f3 por la situaci\u00f3n pol\u00edtica en San Luis - Radio Universidad Villa Mercedes 97.5 | UNSL","robots":{"index":"index","follow":"follow","max-snippet":"max-snippet:-1","max-image-preview":"max-image-preview:large","max-video-preview":"max-video-preview:-1"},"canonical":"https:\/\/radio.fcejs.unsl.edu.ar\/index.php\/ernesto-pipi-ali-cuestiono-el-discurso-de-milei-y-alerto-por-la-situacion-politica-en-san-luis\/","og_locale":"es_ES","og_type":"article","og_title":"Ernesto \u201cPipi\u201d Al\u00ed cuestion\u00f3 el discurso de Milei y alert\u00f3 por la situaci\u00f3n pol\u00edtica en San Luis - Radio Universidad Villa Mercedes 97.5 | UNSL","og_description":"En di\u00e1logo con Radio UNSL Villa Mercedes 97.5 FM, el diputado nacional por San Luis Ernesto \u201cPipi\u201d Al\u00ed critic\u00f3 duramente al presidente Javier Milei tras su reciente discurso y se refiri\u00f3 a la realidad pol\u00edtica provincial y nacional. El legislador calific\u00f3 la intervenci\u00f3n presidencial como \u201cuna puesta en escena sin datos reales\u201d y manifest\u00f3 su...","og_url":"https:\/\/radio.fcejs.unsl.edu.ar\/index.php\/ernesto-pipi-ali-cuestiono-el-discurso-de-milei-y-alerto-por-la-situacion-politica-en-san-luis\/","og_site_name":"Radio Universidad Villa Mercedes 97.5 | UNSL","article_published_time":"2026-03-04T15:04:15+00:00","article_modified_time":"2026-03-04T16:23:30+00:00","og_image":[{"width":1338,"height":670,"url":"http:\/\/radio.fcejs.unsl.edu.ar\/wp-content\/uploads\/2026\/03\/a.png","type":"image\/png"}],"author":"Matias Videla","twitter_card":"summary_large_image","twitter_misc":{"Escrito por":"Matias Videla","Tiempo de lectura":"2 minutos"},"schema":{"@context":"https:\/\/schema.org","@graph":[{"@type":"Article","@id":"https:\/\/radio.fcejs.unsl.edu.ar\/index.php\/ernesto-pipi-ali-cuestiono-el-discurso-de-milei-y-alerto-por-la-situacion-politica-en-san-luis\/#article","isPartOf":{"@id":"https:\/\/radio.fcejs.unsl.edu.ar\/index.php\/ernesto-pipi-ali-cuestiono-el-discurso-de-milei-y-alerto-por-la-situacion-politica-en-san-luis\/"},"author":{"name":"Matias Videla","@id":"https:\/\/radio.fcejs.unsl.edu.ar\/#\/schema\/person\/acc8fccb15174977a9a97c2c6c9a046e"},"headline":"Ernesto \u201cPipi\u201d Al\u00ed cuestion\u00f3 el discurso de Milei y alert\u00f3 por la situaci\u00f3n pol\u00edtica en San Luis","datePublished":"2026-03-04T15:04:15+00:00","dateModified":"2026-03-04T16:23:30+00:00","mainEntityOfPage":{"@id":"https:\/\/radio.fcejs.unsl.edu.ar\/index.php\/ernesto-pipi-ali-cuestiono-el-discurso-de-milei-y-alerto-por-la-situacion-politica-en-san-luis\/"},"wordCount":375,"publisher":{"@id":"https:\/\/radio.fcejs.unsl.edu.ar\/#organization"},"image":{"@id":"https:\/\/radio.fcejs.unsl.edu.ar\/index.php\/ernesto-pipi-ali-cuestiono-el-discurso-de-milei-y-alerto-por-la-situacion-politica-en-san-luis\/#primaryimage"},"thumbnailUrl":"https:\/\/radio.fcejs.unsl.edu.ar\/wp-content\/uploads\/2026\/03\/a.png","articleSection":["Entrevistas","Noticias"],"inLanguage":"es-AR"},{"@type":"WebPage","@id":"https:\/\/radio.fcejs.unsl.edu.ar\/index.php\/ernesto-pipi-ali-cuestiono-el-discurso-de-milei-y-alerto-por-la-situacion-politica-en-san-luis\/","url":"https:\/\/radio.fcejs.unsl.edu.ar\/index.php\/ernesto-pipi-ali-cuestiono-el-discurso-de-milei-y-alerto-por-la-situacion-politica-en-san-luis\/","name":"Ernesto \u201cPipi\u201d Al\u00ed cuestion\u00f3 el discurso de Milei y alert\u00f3 por la situaci\u00f3n pol\u00edtica en San Luis - Radio Universidad Villa Mercedes 97.5 | UNSL","isPartOf":{"@id":"https:\/\/radio.fcejs.unsl.edu.ar\/#website"},"primaryImageOfPage":{"@id":"https:\/\/radio.fcejs.unsl.edu.ar\/index.php\/ernesto-pipi-ali-cuestiono-el-discurso-de-milei-y-alerto-por-la-situacion-politica-en-san-luis\/#primaryimage"},"image":{"@id":"https:\/\/radio.fcejs.unsl.edu.ar\/index.php\/ernesto-pipi-ali-cuestiono-el-discurso-de-milei-y-alerto-por-la-situacion-politica-en-san-luis\/#primaryimage"},"thumbnailUrl":"https:\/\/radio.fcejs.unsl.edu.ar\/wp-content\/uploads\/2026\/03\/a.png","datePublished":"2026-03-04T15:04:15+00:00","dateModified":"2026-03-04T16:23:30+00:00","breadcrumb":{"@id":"https:\/\/radio.fcejs.unsl.edu.ar\/index.php\/ernesto-pipi-ali-cuestiono-el-discurso-de-milei-y-alerto-por-la-situacion-politica-en-san-luis\/#breadcrumb"},"inLanguage":"es-AR","potentialAction":[{"@type":"ReadAction","target":["https:\/\/radio.fcejs.unsl.edu.ar\/index.php\/ernesto-pipi-ali-cuestiono-el-discurso-de-milei-y-alerto-por-la-situacion-politica-en-san-luis\/"]}]},{"@type":"ImageObject","inLanguage":"es-AR","@id":"https:\/\/radio.fcejs.unsl.edu.ar\/index.php\/ernesto-pipi-ali-cuestiono-el-discurso-de-milei-y-alerto-por-la-situacion-politica-en-san-luis\/#primaryimage","url":"https:\/\/radio.fcejs.unsl.edu.ar\/wp-content\/uploads\/2026\/03\/a.png","contentUrl":"https:\/\/radio.fcejs.unsl.edu.ar\/wp-content\/uploads\/2026\/03\/a.png","width":1338,"height":670},{"@type":"BreadcrumbList","@id":"https:\/\/radio.fcejs.unsl.edu.ar\/index.php\/ernesto-pipi-ali-cuestiono-el-discurso-de-milei-y-alerto-por-la-situacion-politica-en-san-luis\/#breadcrumb","itemListElement":[{"@type":"ListItem","position":1,"name":"Inicio","item":"https:\/\/radio.fcejs.unsl.edu.ar\/"},{"@type":"ListItem","position":2,"name":"Ernesto \u201cPipi\u201d Al\u00ed cuestion\u00f3 el discurso de Milei y alert\u00f3 por la situaci\u00f3n pol\u00edtica en San Luis"}]},{"@type":"WebSite","@id":"https:\/\/radio.fcejs.unsl.edu.ar\/#website","url":"https:\/\/radio.fcejs.unsl.edu.ar\/","name":"Radio Universidad Villa Mercedes 97.5 | UNSL","description":"UNSL","publisher":{"@id":"https:\/\/radio.fcejs.unsl.edu.ar\/#organization"},"potentialAction":[{"@type":"SearchAction","target":{"@type":"EntryPoint","urlTemplate":"https:\/\/radio.fcejs.unsl.edu.ar\/?s={search_term_string}"},"query-input":{"@type":"PropertyValueSpecification","valueRequired":true,"valueName":"search_term_string"}}],"inLanguage":"es-AR"},{"@type":"Organization","@id":"https:\/\/radio.fcejs.unsl.edu.ar\/#organization","name":"Radio Universidad Villa Mercedes 97.5 | UNSL","url":"https:\/\/radio.fcejs.unsl.edu.ar\/","logo":{"@type":"ImageObject","inLanguage":"es-AR","@id":"https:\/\/radio.fcejs.unsl.edu.ar\/#\/schema\/logo\/image\/","url":"https:\/\/radio.fcejs.unsl.edu.ar\/wp-content\/uploads\/2023\/12\/cropped-radio-villa-mercedes-97-5.png","contentUrl":"https:\/\/radio.fcejs.unsl.edu.ar\/wp-content\/uploads\/2023\/12\/cropped-radio-villa-mercedes-97-5.png","width":908,"height":289,"caption":"Radio Universidad Villa Mercedes 97.5 | UNSL"},"image":{"@id":"https:\/\/radio.fcejs.unsl.edu.ar\/#\/schema\/logo\/image\/"}},{"@type":"Person","@id":"https:\/\/radio.fcejs.unsl.edu.ar\/#\/schema\/person\/acc8fccb15174977a9a97c2c6c9a046e","name":"Matias Videla","url":"https:\/\/radio.fcejs.unsl.edu.ar\/index.php\/author\/mvidela\/"}]}},"_links":{"self":[{"href":"https:\/\/radio.fcejs.unsl.edu.ar\/index.php\/wp-json\/wp\/v2\/posts\/3762","targetHints":{"allow":["GET"]}}],"collection":[{"href":"https:\/\/radio.fcejs.unsl.edu.ar\/index.php\/wp-json\/wp\/v2\/posts"}],"about":[{"href":"https:\/\/radio.fcejs.unsl.edu.ar\/index.php\/wp-json\/wp\/v2\/types\/post"}],"author":[{"embeddable":true,"href":"https:\/\/radio.fcejs.unsl.edu.ar\/index.php\/wp-json\/wp\/v2\/users\/7"}],"replies":[{"embeddable":true,"href":"https:\/\/radio.fcejs.unsl.edu.ar\/index.php\/wp-json\/wp\/v2\/comments?post=3762"}],"version-history":[{"count":5,"href":"https:\/\/radio.fcejs.unsl.edu.ar\/index.php\/wp-json\/wp\/v2\/posts\/3762\/revisions"}],"predecessor-version":[{"id":3772,"href":"https:\/\/radio.fcejs.unsl.edu.ar\/index.php\/wp-json\/wp\/v2\/posts\/3762\/revisions\/3772"}],"wp:featuredmedia":[{"embeddable":true,"href":"https:\/\/radio.fcejs.unsl.edu.ar\/index.php\/wp-json\/wp\/v2\/media\/3764"}],"wp:attachment":[{"href":"https:\/\/radio.fcejs.unsl.edu.ar\/index.php\/wp-json\/wp\/v2\/media?parent=3762"}],"wp:term":[{"taxonomy":"category","embeddable":true,"href":"https:\/\/radio.fcejs.unsl.edu.ar\/index.php\/wp-json\/wp\/v2\/categories?post=3762"},{"taxonomy":"post_tag","embeddable":true,"href":"https:\/\/radio.fcejs.unsl.edu.ar\/index.php\/wp-json\/wp\/v2\/tags?post=3762"}],"curies":[{"name":"wp","href":"https:\/\/api.w.org\/{rel}","templated":true}]}}