{"id":3757,"date":"2026-03-03T12:22:45","date_gmt":"2026-03-03T15:22:45","guid":{"rendered":"https:\/\/radio.fcejs.unsl.edu.ar\/?p=3757"},"modified":"2026-03-03T12:22:45","modified_gmt":"2026-03-03T15:22:45","slug":"la-ftu-extiende-inscripciones-requisitos-y-detalles-del-acto-de-bienvenida-a-ingresantes","status":"publish","type":"post","link":"https:\/\/radio.fcejs.unsl.edu.ar\/index.php\/la-ftu-extiende-inscripciones-requisitos-y-detalles-del-acto-de-bienvenida-a-ingresantes\/","title":{"rendered":"La FTU extiende inscripciones: Requisitos y detalles del acto de bienvenida a ingresantes"},"content":{"rendered":"<p><strong>En entrevista con el programa #AcentoMercedino por Radio UNSL Villa Mercedes, el Secretario Acad\u00e9mico de la Facultad de Turismo y Urbanismo (FTU), Mgtr. Pablo Montero, brind\u00f3 detalles cruciales para quienes desean iniciar su formaci\u00f3n universitaria este a\u00f1o.<\/strong><\/p>\n<audio class=\"wp-audio-shortcode\" id=\"audio-3757-1\" preload=\"none\" style=\"width: 100%;\" controls=\"controls\"><source type=\"audio\/mpeg\" src=\"https:\/\/radioupload.fica.unsl.edu.ar\/files\/mv\/FTU%20SEC%20ACADEMICO%203-3-0%C2%BF26.mp3?_=1\" \/><a href=\"https:\/\/radioupload.fica.unsl.edu.ar\/files\/mv\/FTU%20SEC%20ACADEMICO%203-3-0%C2%BF26.mp3\">https:\/\/radioupload.fica.unsl.edu.ar\/files\/mv\/FTU%20SEC%20ACADEMICO%203-3-0%C2%BF26.mp3<\/a><\/audio>\n<p>La noticia m\u00e1s destacada para los aspirantes es la extensi\u00f3n del plazo de inscripci\u00f3n. Los interesados tendr\u00e1n tiempo hasta el 30 de marzo para completar el proceso y presentar la documentaci\u00f3n requerida. Esta medida busca garantizar que nadie quede fuera del sistema por falta de tiempo en los tr\u00e1mites administrativos.<\/p>\n<p>Requisitos y Documentaci\u00f3n Necesaria<br \/>\n<strong>* Formulario de preinscripci\u00f3n impreso.<\/strong><br \/>\n<strong>* DNI original y fotocopia.<\/strong><br \/>\n<strong>* Certificado de estudios secundarios completos (o constancia de t\u00edtulo en tr\u00e1mite).<\/strong><br \/>\n<strong>* Partida de nacimiento legalizada.<\/strong><\/p>\n<p>Por otro lado, el Secretario Acad\u00e9mico destac\u00f3 el acto para ingresantes realizado ayer en el Campus Universitario. El evento funcion\u00f3 como el primer contacto oficial de los estudiantes con la vida institucional, donde pudieron conocer a sus docentes y recorrer las instalaciones donde desarrollar\u00e1n su carrera profesional.<\/p>\n<pre data-start=\"2165\" data-end=\"2236\"><strong>Conducci\u00f3n: Mat\u00edas E. Videla | Radio UNSL Villa Mercedes 97.5 FM\r\nOperaci\u00f3n T\u00e9cnica: Mart\u00edn Pagliero<\/strong><\/pre>\n","protected":false},"excerpt":{"rendered":"<p>En entrevista con el programa #AcentoMercedino por Radio UNSL Villa Mercedes, el Secretario Acad\u00e9mico de la Facultad de Turismo y Urbanismo (FTU), Mgtr. Pablo Montero, brind\u00f3 detalles cruciales para quienes desean iniciar su formaci\u00f3n universitaria este a\u00f1o. https:\/\/radioupload.fica.unsl.edu.ar\/files\/mv\/FTU%20SEC%20ACADEMICO%203-3-0%C2%BF26.mp3 La noticia m\u00e1s destacada para los aspirantes es la extensi\u00f3n del plazo de inscripci\u00f3n. Los interesados tendr\u00e1n&#8230;<\/p>\n","protected":false},"author":7,"featured_media":3759,"comment_status":"closed","ping_status":"closed","sticky":false,"template":"","format":"standard","meta":{"_kad_post_transparent":"default","_kad_post_title":"default","_kad_post_layout":"default","_kad_post_sidebar_id":"","_kad_post_content_style":"default","_kad_post_vertical_padding":"default","_kad_post_feature":"","_kad_post_feature_position":"","_kad_post_header":false,"_kad_post_footer":false,"_kad_post_classname":"","footnotes":""},"categories":[14,1],"tags":[],"class_list":["post-3757","post","type-post","status-publish","format-standard","has-post-thumbnail","hentry","category-entrevistas","category-noticias"],"yoast_head":"<!-- This site is optimized with the Yoast SEO plugin v27.2 - https:\/\/yoast.com\/product\/yoast-seo-wordpress\/ -->\n<title>La FTU extiende inscripciones: Requisitos y detalles del acto de bienvenida a ingresantes - Radio Universidad Villa Mercedes 97.5 | UNSL<\/title>\n<meta name=\"robots\" content=\"index, follow, max-snippet:-1, max-image-preview:large, max-video-preview:-1\" \/>\n<link rel=\"canonical\" href=\"https:\/\/radio.fcejs.unsl.edu.ar\/index.php\/la-ftu-extiende-inscripciones-requisitos-y-detalles-del-acto-de-bienvenida-a-ingresantes\/\" \/>\n<meta property=\"og:locale\" content=\"es_ES\" \/>\n<meta property=\"og:type\" content=\"article\" \/>\n<meta property=\"og:title\" content=\"La FTU extiende inscripciones: Requisitos y detalles del acto de bienvenida a ingresantes - Radio Universidad Villa Mercedes 97.5 | UNSL\" \/>\n<meta property=\"og:description\" content=\"En entrevista con el programa #AcentoMercedino por Radio UNSL Villa Mercedes, el Secretario Acad\u00e9mico de la Facultad de Turismo y Urbanismo (FTU), Mgtr. Pablo Montero, brind\u00f3 detalles cruciales para quienes desean iniciar su formaci\u00f3n universitaria este a\u00f1o. https:\/\/radioupload.fica.unsl.edu.ar\/files\/mv\/FTU%20SEC%20ACADEMICO%203-3-0%C2%BF26.mp3 La noticia m\u00e1s destacada para los aspirantes es la extensi\u00f3n del plazo de inscripci\u00f3n. Los interesados tendr\u00e1n...\" \/>\n<meta property=\"og:url\" content=\"https:\/\/radio.fcejs.unsl.edu.ar\/index.php\/la-ftu-extiende-inscripciones-requisitos-y-detalles-del-acto-de-bienvenida-a-ingresantes\/\" \/>\n<meta property=\"og:site_name\" content=\"Radio Universidad Villa Mercedes 97.5 | UNSL\" \/>\n<meta property=\"article:published_time\" content=\"2026-03-03T15:22:45+00:00\" \/>\n<meta property=\"og:image\" content=\"http:\/\/radio.fcejs.unsl.edu.ar\/wp-content\/uploads\/2026\/03\/WhatsApp-Image-2026-03-03-at-10.43.41.jpeg\" \/>\n\t<meta property=\"og:image:width\" content=\"2000\" \/>\n\t<meta property=\"og:image:height\" content=\"1333\" \/>\n\t<meta property=\"og:image:type\" content=\"image\/jpeg\" \/>\n<meta name=\"author\" content=\"Matias Videla\" \/>\n<meta name=\"twitter:card\" content=\"summary_large_image\" \/>\n<meta name=\"twitter:label1\" content=\"Escrito por\" \/>\n\t<meta name=\"twitter:data1\" content=\"Matias Videla\" \/>\n\t<meta name=\"twitter:label2\" content=\"Tiempo de lectura\" \/>\n\t<meta name=\"twitter:data2\" content=\"1 minuto\" \/>\n<script type=\"application\/ld+json\" class=\"yoast-schema-graph\">{\"@context\":\"https:\/\/schema.org\",\"@graph\":[{\"@type\":\"Article\",\"@id\":\"https:\/\/radio.fcejs.unsl.edu.ar\/index.php\/la-ftu-extiende-inscripciones-requisitos-y-detalles-del-acto-de-bienvenida-a-ingresantes\/#article\",\"isPartOf\":{\"@id\":\"https:\/\/radio.fcejs.unsl.edu.ar\/index.php\/la-ftu-extiende-inscripciones-requisitos-y-detalles-del-acto-de-bienvenida-a-ingresantes\/\"},\"author\":{\"name\":\"Matias Videla\",\"@id\":\"https:\/\/radio.fcejs.unsl.edu.ar\/#\/schema\/person\/acc8fccb15174977a9a97c2c6c9a046e\"},\"headline\":\"La FTU extiende inscripciones: Requisitos y detalles del acto de bienvenida a ingresantes\",\"datePublished\":\"2026-03-03T15:22:45+00:00\",\"mainEntityOfPage\":{\"@id\":\"https:\/\/radio.fcejs.unsl.edu.ar\/index.php\/la-ftu-extiende-inscripciones-requisitos-y-detalles-del-acto-de-bienvenida-a-ingresantes\/\"},\"wordCount\":204,\"publisher\":{\"@id\":\"https:\/\/radio.fcejs.unsl.edu.ar\/#organization\"},\"image\":{\"@id\":\"https:\/\/radio.fcejs.unsl.edu.ar\/index.php\/la-ftu-extiende-inscripciones-requisitos-y-detalles-del-acto-de-bienvenida-a-ingresantes\/#primaryimage\"},\"thumbnailUrl\":\"https:\/\/radio.fcejs.unsl.edu.ar\/wp-content\/uploads\/2026\/03\/WhatsApp-Image-2026-03-03-at-10.43.41.jpeg\",\"articleSection\":[\"Entrevistas\",\"Noticias\"],\"inLanguage\":\"es-AR\"},{\"@type\":\"WebPage\",\"@id\":\"https:\/\/radio.fcejs.unsl.edu.ar\/index.php\/la-ftu-extiende-inscripciones-requisitos-y-detalles-del-acto-de-bienvenida-a-ingresantes\/\",\"url\":\"https:\/\/radio.fcejs.unsl.edu.ar\/index.php\/la-ftu-extiende-inscripciones-requisitos-y-detalles-del-acto-de-bienvenida-a-ingresantes\/\",\"name\":\"La FTU extiende inscripciones: Requisitos y detalles del acto de bienvenida a ingresantes - Radio Universidad Villa Mercedes 97.5 | UNSL\",\"isPartOf\":{\"@id\":\"https:\/\/radio.fcejs.unsl.edu.ar\/#website\"},\"primaryImageOfPage\":{\"@id\":\"https:\/\/radio.fcejs.unsl.edu.ar\/index.php\/la-ftu-extiende-inscripciones-requisitos-y-detalles-del-acto-de-bienvenida-a-ingresantes\/#primaryimage\"},\"image\":{\"@id\":\"https:\/\/radio.fcejs.unsl.edu.ar\/index.php\/la-ftu-extiende-inscripciones-requisitos-y-detalles-del-acto-de-bienvenida-a-ingresantes\/#primaryimage\"},\"thumbnailUrl\":\"https:\/\/radio.fcejs.unsl.edu.ar\/wp-content\/uploads\/2026\/03\/WhatsApp-Image-2026-03-03-at-10.43.41.jpeg\",\"datePublished\":\"2026-03-03T15:22:45+00:00\",\"breadcrumb\":{\"@id\":\"https:\/\/radio.fcejs.unsl.edu.ar\/index.php\/la-ftu-extiende-inscripciones-requisitos-y-detalles-del-acto-de-bienvenida-a-ingresantes\/#breadcrumb\"},\"inLanguage\":\"es-AR\",\"potentialAction\":[{\"@type\":\"ReadAction\",\"target\":[\"https:\/\/radio.fcejs.unsl.edu.ar\/index.php\/la-ftu-extiende-inscripciones-requisitos-y-detalles-del-acto-de-bienvenida-a-ingresantes\/\"]}]},{\"@type\":\"ImageObject\",\"inLanguage\":\"es-AR\",\"@id\":\"https:\/\/radio.fcejs.unsl.edu.ar\/index.php\/la-ftu-extiende-inscripciones-requisitos-y-detalles-del-acto-de-bienvenida-a-ingresantes\/#primaryimage\",\"url\":\"https:\/\/radio.fcejs.unsl.edu.ar\/wp-content\/uploads\/2026\/03\/WhatsApp-Image-2026-03-03-at-10.43.41.jpeg\",\"contentUrl\":\"https:\/\/radio.fcejs.unsl.edu.ar\/wp-content\/uploads\/2026\/03\/WhatsApp-Image-2026-03-03-at-10.43.41.jpeg\",\"width\":2000,\"height\":1333},{\"@type\":\"BreadcrumbList\",\"@id\":\"https:\/\/radio.fcejs.unsl.edu.ar\/index.php\/la-ftu-extiende-inscripciones-requisitos-y-detalles-del-acto-de-bienvenida-a-ingresantes\/#breadcrumb\",\"itemListElement\":[{\"@type\":\"ListItem\",\"position\":1,\"name\":\"Inicio\",\"item\":\"https:\/\/radio.fcejs.unsl.edu.ar\/\"},{\"@type\":\"ListItem\",\"position\":2,\"name\":\"La FTU extiende inscripciones: Requisitos y detalles del acto de bienvenida a ingresantes\"}]},{\"@type\":\"WebSite\",\"@id\":\"https:\/\/radio.fcejs.unsl.edu.ar\/#website\",\"url\":\"https:\/\/radio.fcejs.unsl.edu.ar\/\",\"name\":\"Radio Universidad Villa Mercedes 97.5 | UNSL\",\"description\":\"UNSL\",\"publisher\":{\"@id\":\"https:\/\/radio.fcejs.unsl.edu.ar\/#organization\"},\"potentialAction\":[{\"@type\":\"SearchAction\",\"target\":{\"@type\":\"EntryPoint\",\"urlTemplate\":\"https:\/\/radio.fcejs.unsl.edu.ar\/?s={search_term_string}\"},\"query-input\":{\"@type\":\"PropertyValueSpecification\",\"valueRequired\":true,\"valueName\":\"search_term_string\"}}],\"inLanguage\":\"es-AR\"},{\"@type\":\"Organization\",\"@id\":\"https:\/\/radio.fcejs.unsl.edu.ar\/#organization\",\"name\":\"Radio Universidad Villa Mercedes 97.5 | UNSL\",\"url\":\"https:\/\/radio.fcejs.unsl.edu.ar\/\",\"logo\":{\"@type\":\"ImageObject\",\"inLanguage\":\"es-AR\",\"@id\":\"https:\/\/radio.fcejs.unsl.edu.ar\/#\/schema\/logo\/image\/\",\"url\":\"https:\/\/radio.fcejs.unsl.edu.ar\/wp-content\/uploads\/2023\/12\/cropped-radio-villa-mercedes-97-5.png\",\"contentUrl\":\"https:\/\/radio.fcejs.unsl.edu.ar\/wp-content\/uploads\/2023\/12\/cropped-radio-villa-mercedes-97-5.png\",\"width\":908,\"height\":289,\"caption\":\"Radio Universidad Villa Mercedes 97.5 | UNSL\"},\"image\":{\"@id\":\"https:\/\/radio.fcejs.unsl.edu.ar\/#\/schema\/logo\/image\/\"}},{\"@type\":\"Person\",\"@id\":\"https:\/\/radio.fcejs.unsl.edu.ar\/#\/schema\/person\/acc8fccb15174977a9a97c2c6c9a046e\",\"name\":\"Matias Videla\",\"url\":\"https:\/\/radio.fcejs.unsl.edu.ar\/index.php\/author\/mvidela\/\"}]}<\/script>\n<!-- \/ Yoast SEO plugin. -->","yoast_head_json":{"title":"La FTU extiende inscripciones: Requisitos y detalles del acto de bienvenida a ingresantes - Radio Universidad Villa Mercedes 97.5 | UNSL","robots":{"index":"index","follow":"follow","max-snippet":"max-snippet:-1","max-image-preview":"max-image-preview:large","max-video-preview":"max-video-preview:-1"},"canonical":"https:\/\/radio.fcejs.unsl.edu.ar\/index.php\/la-ftu-extiende-inscripciones-requisitos-y-detalles-del-acto-de-bienvenida-a-ingresantes\/","og_locale":"es_ES","og_type":"article","og_title":"La FTU extiende inscripciones: Requisitos y detalles del acto de bienvenida a ingresantes - Radio Universidad Villa Mercedes 97.5 | UNSL","og_description":"En entrevista con el programa #AcentoMercedino por Radio UNSL Villa Mercedes, el Secretario Acad\u00e9mico de la Facultad de Turismo y Urbanismo (FTU), Mgtr. Pablo Montero, brind\u00f3 detalles cruciales para quienes desean iniciar su formaci\u00f3n universitaria este a\u00f1o. https:\/\/radioupload.fica.unsl.edu.ar\/files\/mv\/FTU%20SEC%20ACADEMICO%203-3-0%C2%BF26.mp3 La noticia m\u00e1s destacada para los aspirantes es la extensi\u00f3n del plazo de inscripci\u00f3n. Los interesados tendr\u00e1n...","og_url":"https:\/\/radio.fcejs.unsl.edu.ar\/index.php\/la-ftu-extiende-inscripciones-requisitos-y-detalles-del-acto-de-bienvenida-a-ingresantes\/","og_site_name":"Radio Universidad Villa Mercedes 97.5 | UNSL","article_published_time":"2026-03-03T15:22:45+00:00","og_image":[{"width":2000,"height":1333,"url":"http:\/\/radio.fcejs.unsl.edu.ar\/wp-content\/uploads\/2026\/03\/WhatsApp-Image-2026-03-03-at-10.43.41.jpeg","type":"image\/jpeg"}],"author":"Matias Videla","twitter_card":"summary_large_image","twitter_misc":{"Escrito por":"Matias Videla","Tiempo de lectura":"1 minuto"},"schema":{"@context":"https:\/\/schema.org","@graph":[{"@type":"Article","@id":"https:\/\/radio.fcejs.unsl.edu.ar\/index.php\/la-ftu-extiende-inscripciones-requisitos-y-detalles-del-acto-de-bienvenida-a-ingresantes\/#article","isPartOf":{"@id":"https:\/\/radio.fcejs.unsl.edu.ar\/index.php\/la-ftu-extiende-inscripciones-requisitos-y-detalles-del-acto-de-bienvenida-a-ingresantes\/"},"author":{"name":"Matias Videla","@id":"https:\/\/radio.fcejs.unsl.edu.ar\/#\/schema\/person\/acc8fccb15174977a9a97c2c6c9a046e"},"headline":"La FTU extiende inscripciones: Requisitos y detalles del acto de bienvenida a ingresantes","datePublished":"2026-03-03T15:22:45+00:00","mainEntityOfPage":{"@id":"https:\/\/radio.fcejs.unsl.edu.ar\/index.php\/la-ftu-extiende-inscripciones-requisitos-y-detalles-del-acto-de-bienvenida-a-ingresantes\/"},"wordCount":204,"publisher":{"@id":"https:\/\/radio.fcejs.unsl.edu.ar\/#organization"},"image":{"@id":"https:\/\/radio.fcejs.unsl.edu.ar\/index.php\/la-ftu-extiende-inscripciones-requisitos-y-detalles-del-acto-de-bienvenida-a-ingresantes\/#primaryimage"},"thumbnailUrl":"https:\/\/radio.fcejs.unsl.edu.ar\/wp-content\/uploads\/2026\/03\/WhatsApp-Image-2026-03-03-at-10.43.41.jpeg","articleSection":["Entrevistas","Noticias"],"inLanguage":"es-AR"},{"@type":"WebPage","@id":"https:\/\/radio.fcejs.unsl.edu.ar\/index.php\/la-ftu-extiende-inscripciones-requisitos-y-detalles-del-acto-de-bienvenida-a-ingresantes\/","url":"https:\/\/radio.fcejs.unsl.edu.ar\/index.php\/la-ftu-extiende-inscripciones-requisitos-y-detalles-del-acto-de-bienvenida-a-ingresantes\/","name":"La FTU extiende inscripciones: Requisitos y detalles del acto de bienvenida a ingresantes - Radio Universidad Villa Mercedes 97.5 | UNSL","isPartOf":{"@id":"https:\/\/radio.fcejs.unsl.edu.ar\/#website"},"primaryImageOfPage":{"@id":"https:\/\/radio.fcejs.unsl.edu.ar\/index.php\/la-ftu-extiende-inscripciones-requisitos-y-detalles-del-acto-de-bienvenida-a-ingresantes\/#primaryimage"},"image":{"@id":"https:\/\/radio.fcejs.unsl.edu.ar\/index.php\/la-ftu-extiende-inscripciones-requisitos-y-detalles-del-acto-de-bienvenida-a-ingresantes\/#primaryimage"},"thumbnailUrl":"https:\/\/radio.fcejs.unsl.edu.ar\/wp-content\/uploads\/2026\/03\/WhatsApp-Image-2026-03-03-at-10.43.41.jpeg","datePublished":"2026-03-03T15:22:45+00:00","breadcrumb":{"@id":"https:\/\/radio.fcejs.unsl.edu.ar\/index.php\/la-ftu-extiende-inscripciones-requisitos-y-detalles-del-acto-de-bienvenida-a-ingresantes\/#breadcrumb"},"inLanguage":"es-AR","potentialAction":[{"@type":"ReadAction","target":["https:\/\/radio.fcejs.unsl.edu.ar\/index.php\/la-ftu-extiende-inscripciones-requisitos-y-detalles-del-acto-de-bienvenida-a-ingresantes\/"]}]},{"@type":"ImageObject","inLanguage":"es-AR","@id":"https:\/\/radio.fcejs.unsl.edu.ar\/index.php\/la-ftu-extiende-inscripciones-requisitos-y-detalles-del-acto-de-bienvenida-a-ingresantes\/#primaryimage","url":"https:\/\/radio.fcejs.unsl.edu.ar\/wp-content\/uploads\/2026\/03\/WhatsApp-Image-2026-03-03-at-10.43.41.jpeg","contentUrl":"https:\/\/radio.fcejs.unsl.edu.ar\/wp-content\/uploads\/2026\/03\/WhatsApp-Image-2026-03-03-at-10.43.41.jpeg","width":2000,"height":1333},{"@type":"BreadcrumbList","@id":"https:\/\/radio.fcejs.unsl.edu.ar\/index.php\/la-ftu-extiende-inscripciones-requisitos-y-detalles-del-acto-de-bienvenida-a-ingresantes\/#breadcrumb","itemListElement":[{"@type":"ListItem","position":1,"name":"Inicio","item":"https:\/\/radio.fcejs.unsl.edu.ar\/"},{"@type":"ListItem","position":2,"name":"La FTU extiende inscripciones: Requisitos y detalles del acto de bienvenida a ingresantes"}]},{"@type":"WebSite","@id":"https:\/\/radio.fcejs.unsl.edu.ar\/#website","url":"https:\/\/radio.fcejs.unsl.edu.ar\/","name":"Radio Universidad Villa Mercedes 97.5 | UNSL","description":"UNSL","publisher":{"@id":"https:\/\/radio.fcejs.unsl.edu.ar\/#organization"},"potentialAction":[{"@type":"SearchAction","target":{"@type":"EntryPoint","urlTemplate":"https:\/\/radio.fcejs.unsl.edu.ar\/?s={search_term_string}"},"query-input":{"@type":"PropertyValueSpecification","valueRequired":true,"valueName":"search_term_string"}}],"inLanguage":"es-AR"},{"@type":"Organization","@id":"https:\/\/radio.fcejs.unsl.edu.ar\/#organization","name":"Radio Universidad Villa Mercedes 97.5 | UNSL","url":"https:\/\/radio.fcejs.unsl.edu.ar\/","logo":{"@type":"ImageObject","inLanguage":"es-AR","@id":"https:\/\/radio.fcejs.unsl.edu.ar\/#\/schema\/logo\/image\/","url":"https:\/\/radio.fcejs.unsl.edu.ar\/wp-content\/uploads\/2023\/12\/cropped-radio-villa-mercedes-97-5.png","contentUrl":"https:\/\/radio.fcejs.unsl.edu.ar\/wp-content\/uploads\/2023\/12\/cropped-radio-villa-mercedes-97-5.png","width":908,"height":289,"caption":"Radio Universidad Villa Mercedes 97.5 | UNSL"},"image":{"@id":"https:\/\/radio.fcejs.unsl.edu.ar\/#\/schema\/logo\/image\/"}},{"@type":"Person","@id":"https:\/\/radio.fcejs.unsl.edu.ar\/#\/schema\/person\/acc8fccb15174977a9a97c2c6c9a046e","name":"Matias Videla","url":"https:\/\/radio.fcejs.unsl.edu.ar\/index.php\/author\/mvidela\/"}]}},"_links":{"self":[{"href":"https:\/\/radio.fcejs.unsl.edu.ar\/index.php\/wp-json\/wp\/v2\/posts\/3757","targetHints":{"allow":["GET"]}}],"collection":[{"href":"https:\/\/radio.fcejs.unsl.edu.ar\/index.php\/wp-json\/wp\/v2\/posts"}],"about":[{"href":"https:\/\/radio.fcejs.unsl.edu.ar\/index.php\/wp-json\/wp\/v2\/types\/post"}],"author":[{"embeddable":true,"href":"https:\/\/radio.fcejs.unsl.edu.ar\/index.php\/wp-json\/wp\/v2\/users\/7"}],"replies":[{"embeddable":true,"href":"https:\/\/radio.fcejs.unsl.edu.ar\/index.php\/wp-json\/wp\/v2\/comments?post=3757"}],"version-history":[{"count":1,"href":"https:\/\/radio.fcejs.unsl.edu.ar\/index.php\/wp-json\/wp\/v2\/posts\/3757\/revisions"}],"predecessor-version":[{"id":3760,"href":"https:\/\/radio.fcejs.unsl.edu.ar\/index.php\/wp-json\/wp\/v2\/posts\/3757\/revisions\/3760"}],"wp:featuredmedia":[{"embeddable":true,"href":"https:\/\/radio.fcejs.unsl.edu.ar\/index.php\/wp-json\/wp\/v2\/media\/3759"}],"wp:attachment":[{"href":"https:\/\/radio.fcejs.unsl.edu.ar\/index.php\/wp-json\/wp\/v2\/media?parent=3757"}],"wp:term":[{"taxonomy":"category","embeddable":true,"href":"https:\/\/radio.fcejs.unsl.edu.ar\/index.php\/wp-json\/wp\/v2\/categories?post=3757"},{"taxonomy":"post_tag","embeddable":true,"href":"https:\/\/radio.fcejs.unsl.edu.ar\/index.php\/wp-json\/wp\/v2\/tags?post=3757"}],"curies":[{"name":"wp","href":"https:\/\/api.w.org\/{rel}","templated":true}]}}