{"id":3747,"date":"2026-03-03T11:45:40","date_gmt":"2026-03-03T14:45:40","guid":{"rendered":"https:\/\/radio.fcejs.unsl.edu.ar\/?p=3747"},"modified":"2026-03-03T12:14:27","modified_gmt":"2026-03-03T15:14:27","slug":"orgullo-unsl-orgullo-fcejs-la-mgter-eliana-pradel-obtuvo-el-primer-premio-nacional-reflejar-2025","status":"publish","type":"post","link":"https:\/\/radio.fcejs.unsl.edu.ar\/index.php\/orgullo-unsl-orgullo-fcejs-la-mgter-eliana-pradel-obtuvo-el-primer-premio-nacional-reflejar-2025\/","title":{"rendered":"Orgullo UNSL, orgullo FCEJS: La Mgter. Eliana Pradel obtuvo el primer premio nacional Reflejar 2025"},"content":{"rendered":"<p><strong>La docente de la Facultad de Ciencias Econ\u00f3micas, Jur\u00eddicas y Sociales (FCEJS) y defensora p\u00fablica penal, Mgter. <span class=\"whitespace-normal\">Eliana Pradel<\/span>, obtuvo el primer premio en la edici\u00f3n 2025 del certamen organizado por el Instituto Reflejar, la red de escuelas judiciales que funciona bajo la \u00f3rbita de la <span class=\"whitespace-normal\">Junta Federal de Cortes y Superiores Tribunales de Justicia<\/span> (Ju.Fe.Jus.).<\/strong><\/p>\n<p data-start=\"823\" data-end=\"1225\">El reconocimiento fue otorgado por su trabajo titulado <strong><em data-start=\"878\" data-end=\"908\">\u201cPuentes hacia la inclusi\u00f3n\u201d<\/em><\/strong>, una propuesta de capacitaci\u00f3n judicial orientada a fortalecer el acceso a la justicia con perspectiva de vulnerabilidad. Como parte del galard\u00f3n, la producci\u00f3n acad\u00e9mica ser\u00e1 publicada y distribuida a nivel internacional, adem\u00e1s de ser presentada formalmente en la apertura del a\u00f1o acad\u00e9mico del Instituto Reflejar.<\/p>\n<p data-start=\"1227\" data-end=\"1421\">En di\u00e1logo con <span class=\"whitespace-normal\"><b>Radio UNSL Villa Mercedes<\/b><\/span>, Pradel destac\u00f3 que el premio refleja su trayectoria \u201canfibia\u201d entre la docencia universitaria y su funci\u00f3n como defensora p\u00fablica penal.<\/p>\n<h6>Escuch\u00e1 la entrevista completa:<\/h6>\n<audio class=\"wp-audio-shortcode\" id=\"audio-3747-1\" preload=\"none\" style=\"width: 100%;\" controls=\"controls\"><source type=\"audio\/mpeg\" src=\"https:\/\/radioupload.fica.unsl.edu.ar\/files\/mv\/Eliana%20Pradel%20Premio-mp3.mp3?_=1\" \/><a href=\"https:\/\/radioupload.fica.unsl.edu.ar\/files\/mv\/Eliana%20Pradel%20Premio-mp3.mp3\">https:\/\/radioupload.fica.unsl.edu.ar\/files\/mv\/Eliana%20Pradel%20Premio-mp3.mp3<\/a><\/audio>\n<p data-start=\"1423\" data-end=\"1681\">\u201cEste premio tiene un componente que tiene que ver con mi trayectoria como docente de la universidad, porque justamente era una propuesta de capacitaci\u00f3n judicial y de formaci\u00f3n. Refleja esta hibridez entre mi trabajo como defensora y como docente\u201d, expres\u00f3.<\/p>\n<p data-start=\"1683\" data-end=\"2098\">La funcionaria judicial remarc\u00f3 adem\u00e1s que el reconocimiento trasciende lo individual: \u201cEs un reconocimiento no solo para m\u00ed sino, a trav\u00e9s m\u00edo, para todos los que conformamos el Poder Judicial de la provincia de San Luis. Nos hace pensar que somos valiosos y que estamos todos los d\u00edas tratando de generar un servicio de justicia que procure el acceso a la justicia de las personas en situaci\u00f3n de vulnerabilidad\u201d.<\/p>\n<pre data-start=\"2165\" data-end=\"2236\"><strong>Conducci\u00f3n: Mat\u00edas E. Videla | Radio UNSL Villa Mercedes 97.5 FM\r\nOperaci\u00f3n T\u00e9cnica: Mart\u00edn Pagliero<\/strong><\/pre>\n","protected":false},"excerpt":{"rendered":"<p>La docente de la Facultad de Ciencias Econ\u00f3micas, Jur\u00eddicas y Sociales (FCEJS) y defensora p\u00fablica penal, Mgter. Eliana Pradel, obtuvo el primer premio en la edici\u00f3n 2025 del certamen organizado por el Instituto Reflejar, la red de escuelas judiciales que funciona bajo la \u00f3rbita de la Junta Federal de Cortes y Superiores Tribunales de Justicia&#8230;<\/p>\n","protected":false},"author":7,"featured_media":3748,"comment_status":"closed","ping_status":"closed","sticky":false,"template":"","format":"standard","meta":{"_kad_post_transparent":"default","_kad_post_title":"default","_kad_post_layout":"default","_kad_post_sidebar_id":"","_kad_post_content_style":"default","_kad_post_vertical_padding":"default","_kad_post_feature":"","_kad_post_feature_position":"","_kad_post_header":false,"_kad_post_footer":false,"_kad_post_classname":"","footnotes":""},"categories":[14,1],"tags":[],"class_list":["post-3747","post","type-post","status-publish","format-standard","has-post-thumbnail","hentry","category-entrevistas","category-noticias"],"yoast_head":"<!-- This site is optimized with the Yoast SEO plugin v27.2 - https:\/\/yoast.com\/product\/yoast-seo-wordpress\/ -->\n<title>Orgullo UNSL, orgullo FCEJS: La Mgter. Eliana Pradel obtuvo el primer premio nacional Reflejar 2025 - Radio Universidad Villa Mercedes 97.5 | UNSL<\/title>\n<meta name=\"robots\" content=\"index, follow, max-snippet:-1, max-image-preview:large, max-video-preview:-1\" \/>\n<link rel=\"canonical\" href=\"https:\/\/radio.fcejs.unsl.edu.ar\/index.php\/orgullo-unsl-orgullo-fcejs-la-mgter-eliana-pradel-obtuvo-el-primer-premio-nacional-reflejar-2025\/\" \/>\n<meta property=\"og:locale\" content=\"es_ES\" \/>\n<meta property=\"og:type\" content=\"article\" \/>\n<meta property=\"og:title\" content=\"Orgullo UNSL, orgullo FCEJS: La Mgter. Eliana Pradel obtuvo el primer premio nacional Reflejar 2025 - Radio Universidad Villa Mercedes 97.5 | UNSL\" \/>\n<meta property=\"og:description\" content=\"La docente de la Facultad de Ciencias Econ\u00f3micas, Jur\u00eddicas y Sociales (FCEJS) y defensora p\u00fablica penal, Mgter. Eliana Pradel, obtuvo el primer premio en la edici\u00f3n 2025 del certamen organizado por el Instituto Reflejar, la red de escuelas judiciales que funciona bajo la \u00f3rbita de la Junta Federal de Cortes y Superiores Tribunales de Justicia...\" \/>\n<meta property=\"og:url\" content=\"https:\/\/radio.fcejs.unsl.edu.ar\/index.php\/orgullo-unsl-orgullo-fcejs-la-mgter-eliana-pradel-obtuvo-el-primer-premio-nacional-reflejar-2025\/\" \/>\n<meta property=\"og:site_name\" content=\"Radio Universidad Villa Mercedes 97.5 | UNSL\" \/>\n<meta property=\"article:published_time\" content=\"2026-03-03T14:45:40+00:00\" \/>\n<meta property=\"article:modified_time\" content=\"2026-03-03T15:14:27+00:00\" \/>\n<meta property=\"og:image\" content=\"http:\/\/radio.fcejs.unsl.edu.ar\/wp-content\/uploads\/2026\/03\/170167.jpg-scaled.jpeg\" \/>\n\t<meta property=\"og:image:width\" content=\"2560\" \/>\n\t<meta property=\"og:image:height\" content=\"1441\" \/>\n\t<meta property=\"og:image:type\" content=\"image\/jpeg\" \/>\n<meta name=\"author\" content=\"Matias Videla\" \/>\n<meta name=\"twitter:card\" content=\"summary_large_image\" \/>\n<meta name=\"twitter:label1\" content=\"Escrito por\" \/>\n\t<meta name=\"twitter:data1\" content=\"Matias Videla\" \/>\n\t<meta name=\"twitter:label2\" content=\"Tiempo de lectura\" \/>\n\t<meta name=\"twitter:data2\" content=\"2 minutos\" \/>\n<script type=\"application\/ld+json\" class=\"yoast-schema-graph\">{\"@context\":\"https:\/\/schema.org\",\"@graph\":[{\"@type\":\"Article\",\"@id\":\"https:\/\/radio.fcejs.unsl.edu.ar\/index.php\/orgullo-unsl-orgullo-fcejs-la-mgter-eliana-pradel-obtuvo-el-primer-premio-nacional-reflejar-2025\/#article\",\"isPartOf\":{\"@id\":\"https:\/\/radio.fcejs.unsl.edu.ar\/index.php\/orgullo-unsl-orgullo-fcejs-la-mgter-eliana-pradel-obtuvo-el-primer-premio-nacional-reflejar-2025\/\"},\"author\":{\"name\":\"Matias Videla\",\"@id\":\"https:\/\/radio.fcejs.unsl.edu.ar\/#\/schema\/person\/acc8fccb15174977a9a97c2c6c9a046e\"},\"headline\":\"Orgullo UNSL, orgullo FCEJS: La Mgter. Eliana Pradel obtuvo el primer premio nacional Reflejar 2025\",\"datePublished\":\"2026-03-03T14:45:40+00:00\",\"dateModified\":\"2026-03-03T15:14:27+00:00\",\"mainEntityOfPage\":{\"@id\":\"https:\/\/radio.fcejs.unsl.edu.ar\/index.php\/orgullo-unsl-orgullo-fcejs-la-mgter-eliana-pradel-obtuvo-el-primer-premio-nacional-reflejar-2025\/\"},\"wordCount\":302,\"publisher\":{\"@id\":\"https:\/\/radio.fcejs.unsl.edu.ar\/#organization\"},\"image\":{\"@id\":\"https:\/\/radio.fcejs.unsl.edu.ar\/index.php\/orgullo-unsl-orgullo-fcejs-la-mgter-eliana-pradel-obtuvo-el-primer-premio-nacional-reflejar-2025\/#primaryimage\"},\"thumbnailUrl\":\"https:\/\/radio.fcejs.unsl.edu.ar\/wp-content\/uploads\/2026\/03\/170167.jpg-scaled.jpeg\",\"articleSection\":[\"Entrevistas\",\"Noticias\"],\"inLanguage\":\"es-AR\"},{\"@type\":\"WebPage\",\"@id\":\"https:\/\/radio.fcejs.unsl.edu.ar\/index.php\/orgullo-unsl-orgullo-fcejs-la-mgter-eliana-pradel-obtuvo-el-primer-premio-nacional-reflejar-2025\/\",\"url\":\"https:\/\/radio.fcejs.unsl.edu.ar\/index.php\/orgullo-unsl-orgullo-fcejs-la-mgter-eliana-pradel-obtuvo-el-primer-premio-nacional-reflejar-2025\/\",\"name\":\"Orgullo UNSL, orgullo FCEJS: La Mgter. Eliana Pradel obtuvo el primer premio nacional Reflejar 2025 - Radio Universidad Villa Mercedes 97.5 | UNSL\",\"isPartOf\":{\"@id\":\"https:\/\/radio.fcejs.unsl.edu.ar\/#website\"},\"primaryImageOfPage\":{\"@id\":\"https:\/\/radio.fcejs.unsl.edu.ar\/index.php\/orgullo-unsl-orgullo-fcejs-la-mgter-eliana-pradel-obtuvo-el-primer-premio-nacional-reflejar-2025\/#primaryimage\"},\"image\":{\"@id\":\"https:\/\/radio.fcejs.unsl.edu.ar\/index.php\/orgullo-unsl-orgullo-fcejs-la-mgter-eliana-pradel-obtuvo-el-primer-premio-nacional-reflejar-2025\/#primaryimage\"},\"thumbnailUrl\":\"https:\/\/radio.fcejs.unsl.edu.ar\/wp-content\/uploads\/2026\/03\/170167.jpg-scaled.jpeg\",\"datePublished\":\"2026-03-03T14:45:40+00:00\",\"dateModified\":\"2026-03-03T15:14:27+00:00\",\"breadcrumb\":{\"@id\":\"https:\/\/radio.fcejs.unsl.edu.ar\/index.php\/orgullo-unsl-orgullo-fcejs-la-mgter-eliana-pradel-obtuvo-el-primer-premio-nacional-reflejar-2025\/#breadcrumb\"},\"inLanguage\":\"es-AR\",\"potentialAction\":[{\"@type\":\"ReadAction\",\"target\":[\"https:\/\/radio.fcejs.unsl.edu.ar\/index.php\/orgullo-unsl-orgullo-fcejs-la-mgter-eliana-pradel-obtuvo-el-primer-premio-nacional-reflejar-2025\/\"]}]},{\"@type\":\"ImageObject\",\"inLanguage\":\"es-AR\",\"@id\":\"https:\/\/radio.fcejs.unsl.edu.ar\/index.php\/orgullo-unsl-orgullo-fcejs-la-mgter-eliana-pradel-obtuvo-el-primer-premio-nacional-reflejar-2025\/#primaryimage\",\"url\":\"https:\/\/radio.fcejs.unsl.edu.ar\/wp-content\/uploads\/2026\/03\/170167.jpg-scaled.jpeg\",\"contentUrl\":\"https:\/\/radio.fcejs.unsl.edu.ar\/wp-content\/uploads\/2026\/03\/170167.jpg-scaled.jpeg\",\"width\":2560,\"height\":1441},{\"@type\":\"BreadcrumbList\",\"@id\":\"https:\/\/radio.fcejs.unsl.edu.ar\/index.php\/orgullo-unsl-orgullo-fcejs-la-mgter-eliana-pradel-obtuvo-el-primer-premio-nacional-reflejar-2025\/#breadcrumb\",\"itemListElement\":[{\"@type\":\"ListItem\",\"position\":1,\"name\":\"Inicio\",\"item\":\"https:\/\/radio.fcejs.unsl.edu.ar\/\"},{\"@type\":\"ListItem\",\"position\":2,\"name\":\"Orgullo UNSL, orgullo FCEJS: La Mgter. Eliana Pradel obtuvo el primer premio nacional Reflejar 2025\"}]},{\"@type\":\"WebSite\",\"@id\":\"https:\/\/radio.fcejs.unsl.edu.ar\/#website\",\"url\":\"https:\/\/radio.fcejs.unsl.edu.ar\/\",\"name\":\"Radio Universidad Villa Mercedes 97.5 | UNSL\",\"description\":\"UNSL\",\"publisher\":{\"@id\":\"https:\/\/radio.fcejs.unsl.edu.ar\/#organization\"},\"potentialAction\":[{\"@type\":\"SearchAction\",\"target\":{\"@type\":\"EntryPoint\",\"urlTemplate\":\"https:\/\/radio.fcejs.unsl.edu.ar\/?s={search_term_string}\"},\"query-input\":{\"@type\":\"PropertyValueSpecification\",\"valueRequired\":true,\"valueName\":\"search_term_string\"}}],\"inLanguage\":\"es-AR\"},{\"@type\":\"Organization\",\"@id\":\"https:\/\/radio.fcejs.unsl.edu.ar\/#organization\",\"name\":\"Radio Universidad Villa Mercedes 97.5 | UNSL\",\"url\":\"https:\/\/radio.fcejs.unsl.edu.ar\/\",\"logo\":{\"@type\":\"ImageObject\",\"inLanguage\":\"es-AR\",\"@id\":\"https:\/\/radio.fcejs.unsl.edu.ar\/#\/schema\/logo\/image\/\",\"url\":\"https:\/\/radio.fcejs.unsl.edu.ar\/wp-content\/uploads\/2023\/12\/cropped-radio-villa-mercedes-97-5.png\",\"contentUrl\":\"https:\/\/radio.fcejs.unsl.edu.ar\/wp-content\/uploads\/2023\/12\/cropped-radio-villa-mercedes-97-5.png\",\"width\":908,\"height\":289,\"caption\":\"Radio Universidad Villa Mercedes 97.5 | UNSL\"},\"image\":{\"@id\":\"https:\/\/radio.fcejs.unsl.edu.ar\/#\/schema\/logo\/image\/\"}},{\"@type\":\"Person\",\"@id\":\"https:\/\/radio.fcejs.unsl.edu.ar\/#\/schema\/person\/acc8fccb15174977a9a97c2c6c9a046e\",\"name\":\"Matias Videla\",\"url\":\"https:\/\/radio.fcejs.unsl.edu.ar\/index.php\/author\/mvidela\/\"}]}<\/script>\n<!-- \/ Yoast SEO plugin. -->","yoast_head_json":{"title":"Orgullo UNSL, orgullo FCEJS: La Mgter. Eliana Pradel obtuvo el primer premio nacional Reflejar 2025 - Radio Universidad Villa Mercedes 97.5 | UNSL","robots":{"index":"index","follow":"follow","max-snippet":"max-snippet:-1","max-image-preview":"max-image-preview:large","max-video-preview":"max-video-preview:-1"},"canonical":"https:\/\/radio.fcejs.unsl.edu.ar\/index.php\/orgullo-unsl-orgullo-fcejs-la-mgter-eliana-pradel-obtuvo-el-primer-premio-nacional-reflejar-2025\/","og_locale":"es_ES","og_type":"article","og_title":"Orgullo UNSL, orgullo FCEJS: La Mgter. Eliana Pradel obtuvo el primer premio nacional Reflejar 2025 - Radio Universidad Villa Mercedes 97.5 | UNSL","og_description":"La docente de la Facultad de Ciencias Econ\u00f3micas, Jur\u00eddicas y Sociales (FCEJS) y defensora p\u00fablica penal, Mgter. Eliana Pradel, obtuvo el primer premio en la edici\u00f3n 2025 del certamen organizado por el Instituto Reflejar, la red de escuelas judiciales que funciona bajo la \u00f3rbita de la Junta Federal de Cortes y Superiores Tribunales de Justicia...","og_url":"https:\/\/radio.fcejs.unsl.edu.ar\/index.php\/orgullo-unsl-orgullo-fcejs-la-mgter-eliana-pradel-obtuvo-el-primer-premio-nacional-reflejar-2025\/","og_site_name":"Radio Universidad Villa Mercedes 97.5 | UNSL","article_published_time":"2026-03-03T14:45:40+00:00","article_modified_time":"2026-03-03T15:14:27+00:00","og_image":[{"width":2560,"height":1441,"url":"http:\/\/radio.fcejs.unsl.edu.ar\/wp-content\/uploads\/2026\/03\/170167.jpg-scaled.jpeg","type":"image\/jpeg"}],"author":"Matias Videla","twitter_card":"summary_large_image","twitter_misc":{"Escrito por":"Matias Videla","Tiempo de lectura":"2 minutos"},"schema":{"@context":"https:\/\/schema.org","@graph":[{"@type":"Article","@id":"https:\/\/radio.fcejs.unsl.edu.ar\/index.php\/orgullo-unsl-orgullo-fcejs-la-mgter-eliana-pradel-obtuvo-el-primer-premio-nacional-reflejar-2025\/#article","isPartOf":{"@id":"https:\/\/radio.fcejs.unsl.edu.ar\/index.php\/orgullo-unsl-orgullo-fcejs-la-mgter-eliana-pradel-obtuvo-el-primer-premio-nacional-reflejar-2025\/"},"author":{"name":"Matias Videla","@id":"https:\/\/radio.fcejs.unsl.edu.ar\/#\/schema\/person\/acc8fccb15174977a9a97c2c6c9a046e"},"headline":"Orgullo UNSL, orgullo FCEJS: La Mgter. Eliana Pradel obtuvo el primer premio nacional Reflejar 2025","datePublished":"2026-03-03T14:45:40+00:00","dateModified":"2026-03-03T15:14:27+00:00","mainEntityOfPage":{"@id":"https:\/\/radio.fcejs.unsl.edu.ar\/index.php\/orgullo-unsl-orgullo-fcejs-la-mgter-eliana-pradel-obtuvo-el-primer-premio-nacional-reflejar-2025\/"},"wordCount":302,"publisher":{"@id":"https:\/\/radio.fcejs.unsl.edu.ar\/#organization"},"image":{"@id":"https:\/\/radio.fcejs.unsl.edu.ar\/index.php\/orgullo-unsl-orgullo-fcejs-la-mgter-eliana-pradel-obtuvo-el-primer-premio-nacional-reflejar-2025\/#primaryimage"},"thumbnailUrl":"https:\/\/radio.fcejs.unsl.edu.ar\/wp-content\/uploads\/2026\/03\/170167.jpg-scaled.jpeg","articleSection":["Entrevistas","Noticias"],"inLanguage":"es-AR"},{"@type":"WebPage","@id":"https:\/\/radio.fcejs.unsl.edu.ar\/index.php\/orgullo-unsl-orgullo-fcejs-la-mgter-eliana-pradel-obtuvo-el-primer-premio-nacional-reflejar-2025\/","url":"https:\/\/radio.fcejs.unsl.edu.ar\/index.php\/orgullo-unsl-orgullo-fcejs-la-mgter-eliana-pradel-obtuvo-el-primer-premio-nacional-reflejar-2025\/","name":"Orgullo UNSL, orgullo FCEJS: La Mgter. Eliana Pradel obtuvo el primer premio nacional Reflejar 2025 - Radio Universidad Villa Mercedes 97.5 | UNSL","isPartOf":{"@id":"https:\/\/radio.fcejs.unsl.edu.ar\/#website"},"primaryImageOfPage":{"@id":"https:\/\/radio.fcejs.unsl.edu.ar\/index.php\/orgullo-unsl-orgullo-fcejs-la-mgter-eliana-pradel-obtuvo-el-primer-premio-nacional-reflejar-2025\/#primaryimage"},"image":{"@id":"https:\/\/radio.fcejs.unsl.edu.ar\/index.php\/orgullo-unsl-orgullo-fcejs-la-mgter-eliana-pradel-obtuvo-el-primer-premio-nacional-reflejar-2025\/#primaryimage"},"thumbnailUrl":"https:\/\/radio.fcejs.unsl.edu.ar\/wp-content\/uploads\/2026\/03\/170167.jpg-scaled.jpeg","datePublished":"2026-03-03T14:45:40+00:00","dateModified":"2026-03-03T15:14:27+00:00","breadcrumb":{"@id":"https:\/\/radio.fcejs.unsl.edu.ar\/index.php\/orgullo-unsl-orgullo-fcejs-la-mgter-eliana-pradel-obtuvo-el-primer-premio-nacional-reflejar-2025\/#breadcrumb"},"inLanguage":"es-AR","potentialAction":[{"@type":"ReadAction","target":["https:\/\/radio.fcejs.unsl.edu.ar\/index.php\/orgullo-unsl-orgullo-fcejs-la-mgter-eliana-pradel-obtuvo-el-primer-premio-nacional-reflejar-2025\/"]}]},{"@type":"ImageObject","inLanguage":"es-AR","@id":"https:\/\/radio.fcejs.unsl.edu.ar\/index.php\/orgullo-unsl-orgullo-fcejs-la-mgter-eliana-pradel-obtuvo-el-primer-premio-nacional-reflejar-2025\/#primaryimage","url":"https:\/\/radio.fcejs.unsl.edu.ar\/wp-content\/uploads\/2026\/03\/170167.jpg-scaled.jpeg","contentUrl":"https:\/\/radio.fcejs.unsl.edu.ar\/wp-content\/uploads\/2026\/03\/170167.jpg-scaled.jpeg","width":2560,"height":1441},{"@type":"BreadcrumbList","@id":"https:\/\/radio.fcejs.unsl.edu.ar\/index.php\/orgullo-unsl-orgullo-fcejs-la-mgter-eliana-pradel-obtuvo-el-primer-premio-nacional-reflejar-2025\/#breadcrumb","itemListElement":[{"@type":"ListItem","position":1,"name":"Inicio","item":"https:\/\/radio.fcejs.unsl.edu.ar\/"},{"@type":"ListItem","position":2,"name":"Orgullo UNSL, orgullo FCEJS: La Mgter. Eliana Pradel obtuvo el primer premio nacional Reflejar 2025"}]},{"@type":"WebSite","@id":"https:\/\/radio.fcejs.unsl.edu.ar\/#website","url":"https:\/\/radio.fcejs.unsl.edu.ar\/","name":"Radio Universidad Villa Mercedes 97.5 | UNSL","description":"UNSL","publisher":{"@id":"https:\/\/radio.fcejs.unsl.edu.ar\/#organization"},"potentialAction":[{"@type":"SearchAction","target":{"@type":"EntryPoint","urlTemplate":"https:\/\/radio.fcejs.unsl.edu.ar\/?s={search_term_string}"},"query-input":{"@type":"PropertyValueSpecification","valueRequired":true,"valueName":"search_term_string"}}],"inLanguage":"es-AR"},{"@type":"Organization","@id":"https:\/\/radio.fcejs.unsl.edu.ar\/#organization","name":"Radio Universidad Villa Mercedes 97.5 | UNSL","url":"https:\/\/radio.fcejs.unsl.edu.ar\/","logo":{"@type":"ImageObject","inLanguage":"es-AR","@id":"https:\/\/radio.fcejs.unsl.edu.ar\/#\/schema\/logo\/image\/","url":"https:\/\/radio.fcejs.unsl.edu.ar\/wp-content\/uploads\/2023\/12\/cropped-radio-villa-mercedes-97-5.png","contentUrl":"https:\/\/radio.fcejs.unsl.edu.ar\/wp-content\/uploads\/2023\/12\/cropped-radio-villa-mercedes-97-5.png","width":908,"height":289,"caption":"Radio Universidad Villa Mercedes 97.5 | UNSL"},"image":{"@id":"https:\/\/radio.fcejs.unsl.edu.ar\/#\/schema\/logo\/image\/"}},{"@type":"Person","@id":"https:\/\/radio.fcejs.unsl.edu.ar\/#\/schema\/person\/acc8fccb15174977a9a97c2c6c9a046e","name":"Matias Videla","url":"https:\/\/radio.fcejs.unsl.edu.ar\/index.php\/author\/mvidela\/"}]}},"_links":{"self":[{"href":"https:\/\/radio.fcejs.unsl.edu.ar\/index.php\/wp-json\/wp\/v2\/posts\/3747","targetHints":{"allow":["GET"]}}],"collection":[{"href":"https:\/\/radio.fcejs.unsl.edu.ar\/index.php\/wp-json\/wp\/v2\/posts"}],"about":[{"href":"https:\/\/radio.fcejs.unsl.edu.ar\/index.php\/wp-json\/wp\/v2\/types\/post"}],"author":[{"embeddable":true,"href":"https:\/\/radio.fcejs.unsl.edu.ar\/index.php\/wp-json\/wp\/v2\/users\/7"}],"replies":[{"embeddable":true,"href":"https:\/\/radio.fcejs.unsl.edu.ar\/index.php\/wp-json\/wp\/v2\/comments?post=3747"}],"version-history":[{"count":3,"href":"https:\/\/radio.fcejs.unsl.edu.ar\/index.php\/wp-json\/wp\/v2\/posts\/3747\/revisions"}],"predecessor-version":[{"id":3756,"href":"https:\/\/radio.fcejs.unsl.edu.ar\/index.php\/wp-json\/wp\/v2\/posts\/3747\/revisions\/3756"}],"wp:featuredmedia":[{"embeddable":true,"href":"https:\/\/radio.fcejs.unsl.edu.ar\/index.php\/wp-json\/wp\/v2\/media\/3748"}],"wp:attachment":[{"href":"https:\/\/radio.fcejs.unsl.edu.ar\/index.php\/wp-json\/wp\/v2\/media?parent=3747"}],"wp:term":[{"taxonomy":"category","embeddable":true,"href":"https:\/\/radio.fcejs.unsl.edu.ar\/index.php\/wp-json\/wp\/v2\/categories?post=3747"},{"taxonomy":"post_tag","embeddable":true,"href":"https:\/\/radio.fcejs.unsl.edu.ar\/index.php\/wp-json\/wp\/v2\/tags?post=3747"}],"curies":[{"name":"wp","href":"https:\/\/api.w.org\/{rel}","templated":true}]}}