{"id":3685,"date":"2025-12-09T17:24:57","date_gmt":"2025-12-09T20:24:57","guid":{"rendered":"https:\/\/radio.fcejs.unsl.edu.ar\/?p=3685"},"modified":"2025-12-09T17:24:57","modified_gmt":"2025-12-09T20:24:57","slug":"cierre-de-ano-del-programa-universidad-y-municipios-nuevas-actividades-y-propuestas-para-la-comunidad","status":"publish","type":"post","link":"https:\/\/radio.fcejs.unsl.edu.ar\/index.php\/cierre-de-ano-del-programa-universidad-y-municipios-nuevas-actividades-y-propuestas-para-la-comunidad\/","title":{"rendered":"Cierre de A\u00f1o del Programa Universidad y Municipios: Nuevas Actividades y Propuestas para la Comunidad"},"content":{"rendered":"<p>Entrevistamos a <strong>Diana Caviedes Garraza<\/strong>, Coordinadora de la Unidad de Gesti\u00f3n de Programas Especiales (UGPE), quien comparti\u00f3 detalles sobre las \u00faltimas actividades del <strong>Programa Universidad y Municipios<\/strong>, iniciativa que depende de la UGPE de la Facultad de Ciencias Econ\u00f3micas, Jur\u00eddicas y Sociales (FCEJS) de la <strong>Universidad Nacional de San Luis (UNSL)<\/strong>, en colaboraci\u00f3n con la Secretar\u00eda de Extensi\u00f3n Universitaria (SEU).<\/p>\n<p>El Programa, que refuerza el v\u00ednculo entre la UNSL y los Gobiernos locales, tiene como objetivo contribuir al mejoramiento de la administraci\u00f3n p\u00fablica mediante talleres formativos. Seg\u00fan Caviedes, <strong>Si bien el programa se fortalece como un puente entre la Universidad y los Gobiernos locales, no es exclusivo para empleados p\u00fablicos, sino que est\u00e1 abierto a toda la comunidad de las localidades participantes de la provincia de San Luis<\/strong>. Esta apertura fomenta la participaci\u00f3n activa de los ciudadanos en temas clave para el desarrollo de sus municipios como seguridad e higiene en Instituciones P\u00fablicas, Ceremonial y protocolo, la importancia de la Salud mental en entornos de trabajo, \u00a0Finanzas, cultura y otros.<\/p>\n<p>Para acceder a los cursos y talleres, los interesados pueden consultar la <strong>p\u00e1gina web de la UNSL<\/strong> en la secci\u00f3n de la Secretar\u00eda de Extensi\u00f3n Universitaria, donde se encuentra la oferta completa del programa.<\/p>\n<p>Caviedes tambi\u00e9n destac\u00f3 el <strong>Taller de Gesti\u00f3n Cultural y Pol\u00edticas P\u00fablicas<\/strong>, que se llevar\u00e1 a cabo los d\u00edas <strong>9 y 16 de diciembre<\/strong>, de <strong>15:00 a 18:00 horas<\/strong>, a trav\u00e9s de la plataforma Zoom. Este taller tiene como objetivo <strong>repensar la gesti\u00f3n cultural desde una perspectiva de derechos culturales<\/strong>, participaci\u00f3n comunitaria y planificaci\u00f3n estrat\u00e9gica, considerando tambi\u00e9n la dimensi\u00f3n pol\u00edtica y territorial de los procesos culturales.<\/p>\n<p><strong><u>*Adem\u00e1s, la Coordinadora adelant\u00f3 algunas de las actividades para el a\u00f1o<\/u><\/strong><u> <strong>2026<\/strong><\/u>.<\/p>\n<p>El programa tiene prevista la realizaci\u00f3n de <strong>dos talleres virtuales<\/strong> y gratuitos en marzo, con una duraci\u00f3n de <strong>6 horas<\/strong> cada uno:<\/p>\n<ol>\n<li><strong>Econom\u00eda Social y Popular<\/strong>, a cargo de la abogada <strong>Ail\u00edn Umpierrez<\/strong>.<\/li>\n<li><strong>Normativa y herramientas legales para la protecci\u00f3n del Medio Ambiente<\/strong>, a cargo de la abogada <strong>Romina Muzevich<\/strong>.<\/li>\n<\/ol>\n<p>Las inscripciones para estos talleres se abrir\u00e1n en <strong>febrero de 2026<\/strong>.<\/p>\n<p><strong>**Escucha la entrevista realizada a <\/strong><strong><u>Diana Caviedes Garraza<\/u><\/strong>, <strong>en el programa radial \u201cLa Quilla, \u00a0en el siguiente audio:<\/strong><\/p>\n<audio class=\"wp-audio-shortcode\" id=\"audio-3685-1\" preload=\"none\" style=\"width: 100%;\" controls=\"controls\"><source type=\"audio\/mpeg\" src=\"https:\/\/radioupload.fica.unsl.edu.ar\/files\/va\/DIANA%20CAVIEDES%20GARRAZA%2004%2012%2025.mp3?_=1\" \/><a href=\"https:\/\/radioupload.fica.unsl.edu.ar\/files\/va\/DIANA%20CAVIEDES%20GARRAZA%2004%2012%2025.mp3\">https:\/\/radioupload.fica.unsl.edu.ar\/files\/va\/DIANA%20CAVIEDES%20GARRAZA%2004%2012%2025.mp3<\/a><\/audio>\n<p>&nbsp;<\/p>\n<p>&nbsp;<\/p>\n<p>**Entrevista realizada en el programa radial\u00a0<strong>\u201cLa Quilla\u201d<\/strong>, con Virginia Aguilera y Federico Amodey, por Radio UNSL en Villa Mercedes- 97.5 FM.<\/p>\n<p>&nbsp;<\/p>\n","protected":false},"excerpt":{"rendered":"<p>Entrevistamos a Diana Caviedes Garraza, Coordinadora de la Unidad de Gesti\u00f3n de Programas Especiales (UGPE), quien comparti\u00f3 detalles sobre las \u00faltimas actividades del Programa Universidad y Municipios, iniciativa que depende de la UGPE de la Facultad de Ciencias Econ\u00f3micas, Jur\u00eddicas y Sociales (FCEJS) de la Universidad Nacional de San Luis (UNSL), en colaboraci\u00f3n con la&#8230;<\/p>\n","protected":false},"author":5,"featured_media":3686,"comment_status":"closed","ping_status":"closed","sticky":false,"template":"","format":"standard","meta":{"_kad_post_transparent":"default","_kad_post_title":"default","_kad_post_layout":"default","_kad_post_sidebar_id":"","_kad_post_content_style":"default","_kad_post_vertical_padding":"default","_kad_post_feature":"","_kad_post_feature_position":"","_kad_post_header":false,"_kad_post_footer":false,"_kad_post_classname":"","footnotes":""},"categories":[14],"tags":[],"class_list":["post-3685","post","type-post","status-publish","format-standard","has-post-thumbnail","hentry","category-entrevistas"],"yoast_head":"<!-- This site is optimized with the Yoast SEO plugin v27.2 - https:\/\/yoast.com\/product\/yoast-seo-wordpress\/ -->\n<title>Cierre de A\u00f1o del Programa Universidad y Municipios: Nuevas Actividades y Propuestas para la Comunidad - Radio Universidad Villa Mercedes 97.5 | UNSL<\/title>\n<meta name=\"robots\" content=\"index, follow, max-snippet:-1, max-image-preview:large, max-video-preview:-1\" \/>\n<link rel=\"canonical\" href=\"https:\/\/radio.fcejs.unsl.edu.ar\/index.php\/cierre-de-ano-del-programa-universidad-y-municipios-nuevas-actividades-y-propuestas-para-la-comunidad\/\" \/>\n<meta property=\"og:locale\" content=\"es_ES\" \/>\n<meta property=\"og:type\" content=\"article\" \/>\n<meta property=\"og:title\" content=\"Cierre de A\u00f1o del Programa Universidad y Municipios: Nuevas Actividades y Propuestas para la Comunidad - Radio Universidad Villa Mercedes 97.5 | UNSL\" \/>\n<meta property=\"og:description\" content=\"Entrevistamos a Diana Caviedes Garraza, Coordinadora de la Unidad de Gesti\u00f3n de Programas Especiales (UGPE), quien comparti\u00f3 detalles sobre las \u00faltimas actividades del Programa Universidad y Municipios, iniciativa que depende de la UGPE de la Facultad de Ciencias Econ\u00f3micas, Jur\u00eddicas y Sociales (FCEJS) de la Universidad Nacional de San Luis (UNSL), en colaboraci\u00f3n con la...\" \/>\n<meta property=\"og:url\" content=\"https:\/\/radio.fcejs.unsl.edu.ar\/index.php\/cierre-de-ano-del-programa-universidad-y-municipios-nuevas-actividades-y-propuestas-para-la-comunidad\/\" \/>\n<meta property=\"og:site_name\" content=\"Radio Universidad Villa Mercedes 97.5 | UNSL\" \/>\n<meta property=\"article:published_time\" content=\"2025-12-09T20:24:57+00:00\" \/>\n<meta property=\"og:image\" content=\"http:\/\/radio.fcejs.unsl.edu.ar\/wp-content\/uploads\/2025\/12\/Caviedes.jpeg\" \/>\n\t<meta property=\"og:image:width\" content=\"1317\" \/>\n\t<meta property=\"og:image:height\" content=\"954\" \/>\n\t<meta property=\"og:image:type\" content=\"image\/jpeg\" \/>\n<meta name=\"author\" content=\"Virginia Aguilera\" \/>\n<meta name=\"twitter:card\" content=\"summary_large_image\" \/>\n<meta name=\"twitter:label1\" content=\"Escrito por\" \/>\n\t<meta name=\"twitter:data1\" content=\"Virginia Aguilera\" \/>\n\t<meta name=\"twitter:label2\" content=\"Tiempo de lectura\" \/>\n\t<meta name=\"twitter:data2\" content=\"2 minutos\" \/>\n<script type=\"application\/ld+json\" class=\"yoast-schema-graph\">{\"@context\":\"https:\/\/schema.org\",\"@graph\":[{\"@type\":\"Article\",\"@id\":\"https:\/\/radio.fcejs.unsl.edu.ar\/index.php\/cierre-de-ano-del-programa-universidad-y-municipios-nuevas-actividades-y-propuestas-para-la-comunidad\/#article\",\"isPartOf\":{\"@id\":\"https:\/\/radio.fcejs.unsl.edu.ar\/index.php\/cierre-de-ano-del-programa-universidad-y-municipios-nuevas-actividades-y-propuestas-para-la-comunidad\/\"},\"author\":{\"name\":\"Virginia Aguilera\",\"@id\":\"https:\/\/radio.fcejs.unsl.edu.ar\/#\/schema\/person\/71179a56ee499ac8cd4e46f865c627c7\"},\"headline\":\"Cierre de A\u00f1o del Programa Universidad y Municipios: Nuevas Actividades y Propuestas para la Comunidad\",\"datePublished\":\"2025-12-09T20:24:57+00:00\",\"mainEntityOfPage\":{\"@id\":\"https:\/\/radio.fcejs.unsl.edu.ar\/index.php\/cierre-de-ano-del-programa-universidad-y-municipios-nuevas-actividades-y-propuestas-para-la-comunidad\/\"},\"wordCount\":445,\"publisher\":{\"@id\":\"https:\/\/radio.fcejs.unsl.edu.ar\/#organization\"},\"image\":{\"@id\":\"https:\/\/radio.fcejs.unsl.edu.ar\/index.php\/cierre-de-ano-del-programa-universidad-y-municipios-nuevas-actividades-y-propuestas-para-la-comunidad\/#primaryimage\"},\"thumbnailUrl\":\"https:\/\/radio.fcejs.unsl.edu.ar\/wp-content\/uploads\/2025\/12\/Caviedes.jpeg\",\"articleSection\":[\"Entrevistas\"],\"inLanguage\":\"es-AR\"},{\"@type\":\"WebPage\",\"@id\":\"https:\/\/radio.fcejs.unsl.edu.ar\/index.php\/cierre-de-ano-del-programa-universidad-y-municipios-nuevas-actividades-y-propuestas-para-la-comunidad\/\",\"url\":\"https:\/\/radio.fcejs.unsl.edu.ar\/index.php\/cierre-de-ano-del-programa-universidad-y-municipios-nuevas-actividades-y-propuestas-para-la-comunidad\/\",\"name\":\"Cierre de A\u00f1o del Programa Universidad y Municipios: Nuevas Actividades y Propuestas para la Comunidad - Radio Universidad Villa Mercedes 97.5 | UNSL\",\"isPartOf\":{\"@id\":\"https:\/\/radio.fcejs.unsl.edu.ar\/#website\"},\"primaryImageOfPage\":{\"@id\":\"https:\/\/radio.fcejs.unsl.edu.ar\/index.php\/cierre-de-ano-del-programa-universidad-y-municipios-nuevas-actividades-y-propuestas-para-la-comunidad\/#primaryimage\"},\"image\":{\"@id\":\"https:\/\/radio.fcejs.unsl.edu.ar\/index.php\/cierre-de-ano-del-programa-universidad-y-municipios-nuevas-actividades-y-propuestas-para-la-comunidad\/#primaryimage\"},\"thumbnailUrl\":\"https:\/\/radio.fcejs.unsl.edu.ar\/wp-content\/uploads\/2025\/12\/Caviedes.jpeg\",\"datePublished\":\"2025-12-09T20:24:57+00:00\",\"breadcrumb\":{\"@id\":\"https:\/\/radio.fcejs.unsl.edu.ar\/index.php\/cierre-de-ano-del-programa-universidad-y-municipios-nuevas-actividades-y-propuestas-para-la-comunidad\/#breadcrumb\"},\"inLanguage\":\"es-AR\",\"potentialAction\":[{\"@type\":\"ReadAction\",\"target\":[\"https:\/\/radio.fcejs.unsl.edu.ar\/index.php\/cierre-de-ano-del-programa-universidad-y-municipios-nuevas-actividades-y-propuestas-para-la-comunidad\/\"]}]},{\"@type\":\"ImageObject\",\"inLanguage\":\"es-AR\",\"@id\":\"https:\/\/radio.fcejs.unsl.edu.ar\/index.php\/cierre-de-ano-del-programa-universidad-y-municipios-nuevas-actividades-y-propuestas-para-la-comunidad\/#primaryimage\",\"url\":\"https:\/\/radio.fcejs.unsl.edu.ar\/wp-content\/uploads\/2025\/12\/Caviedes.jpeg\",\"contentUrl\":\"https:\/\/radio.fcejs.unsl.edu.ar\/wp-content\/uploads\/2025\/12\/Caviedes.jpeg\",\"width\":1317,\"height\":954},{\"@type\":\"BreadcrumbList\",\"@id\":\"https:\/\/radio.fcejs.unsl.edu.ar\/index.php\/cierre-de-ano-del-programa-universidad-y-municipios-nuevas-actividades-y-propuestas-para-la-comunidad\/#breadcrumb\",\"itemListElement\":[{\"@type\":\"ListItem\",\"position\":1,\"name\":\"Inicio\",\"item\":\"https:\/\/radio.fcejs.unsl.edu.ar\/\"},{\"@type\":\"ListItem\",\"position\":2,\"name\":\"Cierre de A\u00f1o del Programa Universidad y Municipios: Nuevas Actividades y Propuestas para la Comunidad\"}]},{\"@type\":\"WebSite\",\"@id\":\"https:\/\/radio.fcejs.unsl.edu.ar\/#website\",\"url\":\"https:\/\/radio.fcejs.unsl.edu.ar\/\",\"name\":\"Radio Universidad Villa Mercedes 97.5 | UNSL\",\"description\":\"UNSL\",\"publisher\":{\"@id\":\"https:\/\/radio.fcejs.unsl.edu.ar\/#organization\"},\"potentialAction\":[{\"@type\":\"SearchAction\",\"target\":{\"@type\":\"EntryPoint\",\"urlTemplate\":\"https:\/\/radio.fcejs.unsl.edu.ar\/?s={search_term_string}\"},\"query-input\":{\"@type\":\"PropertyValueSpecification\",\"valueRequired\":true,\"valueName\":\"search_term_string\"}}],\"inLanguage\":\"es-AR\"},{\"@type\":\"Organization\",\"@id\":\"https:\/\/radio.fcejs.unsl.edu.ar\/#organization\",\"name\":\"Radio Universidad Villa Mercedes 97.5 | UNSL\",\"url\":\"https:\/\/radio.fcejs.unsl.edu.ar\/\",\"logo\":{\"@type\":\"ImageObject\",\"inLanguage\":\"es-AR\",\"@id\":\"https:\/\/radio.fcejs.unsl.edu.ar\/#\/schema\/logo\/image\/\",\"url\":\"https:\/\/radio.fcejs.unsl.edu.ar\/wp-content\/uploads\/2023\/12\/cropped-radio-villa-mercedes-97-5.png\",\"contentUrl\":\"https:\/\/radio.fcejs.unsl.edu.ar\/wp-content\/uploads\/2023\/12\/cropped-radio-villa-mercedes-97-5.png\",\"width\":908,\"height\":289,\"caption\":\"Radio Universidad Villa Mercedes 97.5 | UNSL\"},\"image\":{\"@id\":\"https:\/\/radio.fcejs.unsl.edu.ar\/#\/schema\/logo\/image\/\"}},{\"@type\":\"Person\",\"@id\":\"https:\/\/radio.fcejs.unsl.edu.ar\/#\/schema\/person\/71179a56ee499ac8cd4e46f865c627c7\",\"name\":\"Virginia Aguilera\",\"url\":\"https:\/\/radio.fcejs.unsl.edu.ar\/index.php\/author\/viraguilera\/\"}]}<\/script>\n<!-- \/ Yoast SEO plugin. -->","yoast_head_json":{"title":"Cierre de A\u00f1o del Programa Universidad y Municipios: Nuevas Actividades y Propuestas para la Comunidad - Radio Universidad Villa Mercedes 97.5 | UNSL","robots":{"index":"index","follow":"follow","max-snippet":"max-snippet:-1","max-image-preview":"max-image-preview:large","max-video-preview":"max-video-preview:-1"},"canonical":"https:\/\/radio.fcejs.unsl.edu.ar\/index.php\/cierre-de-ano-del-programa-universidad-y-municipios-nuevas-actividades-y-propuestas-para-la-comunidad\/","og_locale":"es_ES","og_type":"article","og_title":"Cierre de A\u00f1o del Programa Universidad y Municipios: Nuevas Actividades y Propuestas para la Comunidad - Radio Universidad Villa Mercedes 97.5 | UNSL","og_description":"Entrevistamos a Diana Caviedes Garraza, Coordinadora de la Unidad de Gesti\u00f3n de Programas Especiales (UGPE), quien comparti\u00f3 detalles sobre las \u00faltimas actividades del Programa Universidad y Municipios, iniciativa que depende de la UGPE de la Facultad de Ciencias Econ\u00f3micas, Jur\u00eddicas y Sociales (FCEJS) de la Universidad Nacional de San Luis (UNSL), en colaboraci\u00f3n con la...","og_url":"https:\/\/radio.fcejs.unsl.edu.ar\/index.php\/cierre-de-ano-del-programa-universidad-y-municipios-nuevas-actividades-y-propuestas-para-la-comunidad\/","og_site_name":"Radio Universidad Villa Mercedes 97.5 | UNSL","article_published_time":"2025-12-09T20:24:57+00:00","og_image":[{"width":1317,"height":954,"url":"http:\/\/radio.fcejs.unsl.edu.ar\/wp-content\/uploads\/2025\/12\/Caviedes.jpeg","type":"image\/jpeg"}],"author":"Virginia Aguilera","twitter_card":"summary_large_image","twitter_misc":{"Escrito por":"Virginia Aguilera","Tiempo de lectura":"2 minutos"},"schema":{"@context":"https:\/\/schema.org","@graph":[{"@type":"Article","@id":"https:\/\/radio.fcejs.unsl.edu.ar\/index.php\/cierre-de-ano-del-programa-universidad-y-municipios-nuevas-actividades-y-propuestas-para-la-comunidad\/#article","isPartOf":{"@id":"https:\/\/radio.fcejs.unsl.edu.ar\/index.php\/cierre-de-ano-del-programa-universidad-y-municipios-nuevas-actividades-y-propuestas-para-la-comunidad\/"},"author":{"name":"Virginia Aguilera","@id":"https:\/\/radio.fcejs.unsl.edu.ar\/#\/schema\/person\/71179a56ee499ac8cd4e46f865c627c7"},"headline":"Cierre de A\u00f1o del Programa Universidad y Municipios: Nuevas Actividades y Propuestas para la Comunidad","datePublished":"2025-12-09T20:24:57+00:00","mainEntityOfPage":{"@id":"https:\/\/radio.fcejs.unsl.edu.ar\/index.php\/cierre-de-ano-del-programa-universidad-y-municipios-nuevas-actividades-y-propuestas-para-la-comunidad\/"},"wordCount":445,"publisher":{"@id":"https:\/\/radio.fcejs.unsl.edu.ar\/#organization"},"image":{"@id":"https:\/\/radio.fcejs.unsl.edu.ar\/index.php\/cierre-de-ano-del-programa-universidad-y-municipios-nuevas-actividades-y-propuestas-para-la-comunidad\/#primaryimage"},"thumbnailUrl":"https:\/\/radio.fcejs.unsl.edu.ar\/wp-content\/uploads\/2025\/12\/Caviedes.jpeg","articleSection":["Entrevistas"],"inLanguage":"es-AR"},{"@type":"WebPage","@id":"https:\/\/radio.fcejs.unsl.edu.ar\/index.php\/cierre-de-ano-del-programa-universidad-y-municipios-nuevas-actividades-y-propuestas-para-la-comunidad\/","url":"https:\/\/radio.fcejs.unsl.edu.ar\/index.php\/cierre-de-ano-del-programa-universidad-y-municipios-nuevas-actividades-y-propuestas-para-la-comunidad\/","name":"Cierre de A\u00f1o del Programa Universidad y Municipios: Nuevas Actividades y Propuestas para la Comunidad - Radio Universidad Villa Mercedes 97.5 | UNSL","isPartOf":{"@id":"https:\/\/radio.fcejs.unsl.edu.ar\/#website"},"primaryImageOfPage":{"@id":"https:\/\/radio.fcejs.unsl.edu.ar\/index.php\/cierre-de-ano-del-programa-universidad-y-municipios-nuevas-actividades-y-propuestas-para-la-comunidad\/#primaryimage"},"image":{"@id":"https:\/\/radio.fcejs.unsl.edu.ar\/index.php\/cierre-de-ano-del-programa-universidad-y-municipios-nuevas-actividades-y-propuestas-para-la-comunidad\/#primaryimage"},"thumbnailUrl":"https:\/\/radio.fcejs.unsl.edu.ar\/wp-content\/uploads\/2025\/12\/Caviedes.jpeg","datePublished":"2025-12-09T20:24:57+00:00","breadcrumb":{"@id":"https:\/\/radio.fcejs.unsl.edu.ar\/index.php\/cierre-de-ano-del-programa-universidad-y-municipios-nuevas-actividades-y-propuestas-para-la-comunidad\/#breadcrumb"},"inLanguage":"es-AR","potentialAction":[{"@type":"ReadAction","target":["https:\/\/radio.fcejs.unsl.edu.ar\/index.php\/cierre-de-ano-del-programa-universidad-y-municipios-nuevas-actividades-y-propuestas-para-la-comunidad\/"]}]},{"@type":"ImageObject","inLanguage":"es-AR","@id":"https:\/\/radio.fcejs.unsl.edu.ar\/index.php\/cierre-de-ano-del-programa-universidad-y-municipios-nuevas-actividades-y-propuestas-para-la-comunidad\/#primaryimage","url":"https:\/\/radio.fcejs.unsl.edu.ar\/wp-content\/uploads\/2025\/12\/Caviedes.jpeg","contentUrl":"https:\/\/radio.fcejs.unsl.edu.ar\/wp-content\/uploads\/2025\/12\/Caviedes.jpeg","width":1317,"height":954},{"@type":"BreadcrumbList","@id":"https:\/\/radio.fcejs.unsl.edu.ar\/index.php\/cierre-de-ano-del-programa-universidad-y-municipios-nuevas-actividades-y-propuestas-para-la-comunidad\/#breadcrumb","itemListElement":[{"@type":"ListItem","position":1,"name":"Inicio","item":"https:\/\/radio.fcejs.unsl.edu.ar\/"},{"@type":"ListItem","position":2,"name":"Cierre de A\u00f1o del Programa Universidad y Municipios: Nuevas Actividades y Propuestas para la Comunidad"}]},{"@type":"WebSite","@id":"https:\/\/radio.fcejs.unsl.edu.ar\/#website","url":"https:\/\/radio.fcejs.unsl.edu.ar\/","name":"Radio Universidad Villa Mercedes 97.5 | UNSL","description":"UNSL","publisher":{"@id":"https:\/\/radio.fcejs.unsl.edu.ar\/#organization"},"potentialAction":[{"@type":"SearchAction","target":{"@type":"EntryPoint","urlTemplate":"https:\/\/radio.fcejs.unsl.edu.ar\/?s={search_term_string}"},"query-input":{"@type":"PropertyValueSpecification","valueRequired":true,"valueName":"search_term_string"}}],"inLanguage":"es-AR"},{"@type":"Organization","@id":"https:\/\/radio.fcejs.unsl.edu.ar\/#organization","name":"Radio Universidad Villa Mercedes 97.5 | UNSL","url":"https:\/\/radio.fcejs.unsl.edu.ar\/","logo":{"@type":"ImageObject","inLanguage":"es-AR","@id":"https:\/\/radio.fcejs.unsl.edu.ar\/#\/schema\/logo\/image\/","url":"https:\/\/radio.fcejs.unsl.edu.ar\/wp-content\/uploads\/2023\/12\/cropped-radio-villa-mercedes-97-5.png","contentUrl":"https:\/\/radio.fcejs.unsl.edu.ar\/wp-content\/uploads\/2023\/12\/cropped-radio-villa-mercedes-97-5.png","width":908,"height":289,"caption":"Radio Universidad Villa Mercedes 97.5 | UNSL"},"image":{"@id":"https:\/\/radio.fcejs.unsl.edu.ar\/#\/schema\/logo\/image\/"}},{"@type":"Person","@id":"https:\/\/radio.fcejs.unsl.edu.ar\/#\/schema\/person\/71179a56ee499ac8cd4e46f865c627c7","name":"Virginia Aguilera","url":"https:\/\/radio.fcejs.unsl.edu.ar\/index.php\/author\/viraguilera\/"}]}},"_links":{"self":[{"href":"https:\/\/radio.fcejs.unsl.edu.ar\/index.php\/wp-json\/wp\/v2\/posts\/3685","targetHints":{"allow":["GET"]}}],"collection":[{"href":"https:\/\/radio.fcejs.unsl.edu.ar\/index.php\/wp-json\/wp\/v2\/posts"}],"about":[{"href":"https:\/\/radio.fcejs.unsl.edu.ar\/index.php\/wp-json\/wp\/v2\/types\/post"}],"author":[{"embeddable":true,"href":"https:\/\/radio.fcejs.unsl.edu.ar\/index.php\/wp-json\/wp\/v2\/users\/5"}],"replies":[{"embeddable":true,"href":"https:\/\/radio.fcejs.unsl.edu.ar\/index.php\/wp-json\/wp\/v2\/comments?post=3685"}],"version-history":[{"count":1,"href":"https:\/\/radio.fcejs.unsl.edu.ar\/index.php\/wp-json\/wp\/v2\/posts\/3685\/revisions"}],"predecessor-version":[{"id":3687,"href":"https:\/\/radio.fcejs.unsl.edu.ar\/index.php\/wp-json\/wp\/v2\/posts\/3685\/revisions\/3687"}],"wp:featuredmedia":[{"embeddable":true,"href":"https:\/\/radio.fcejs.unsl.edu.ar\/index.php\/wp-json\/wp\/v2\/media\/3686"}],"wp:attachment":[{"href":"https:\/\/radio.fcejs.unsl.edu.ar\/index.php\/wp-json\/wp\/v2\/media?parent=3685"}],"wp:term":[{"taxonomy":"category","embeddable":true,"href":"https:\/\/radio.fcejs.unsl.edu.ar\/index.php\/wp-json\/wp\/v2\/categories?post=3685"},{"taxonomy":"post_tag","embeddable":true,"href":"https:\/\/radio.fcejs.unsl.edu.ar\/index.php\/wp-json\/wp\/v2\/tags?post=3685"}],"curies":[{"name":"wp","href":"https:\/\/api.w.org\/{rel}","templated":true}]}}