{"id":3682,"date":"2025-12-09T10:20:24","date_gmt":"2025-12-09T13:20:24","guid":{"rendered":"https:\/\/radio.fcejs.unsl.edu.ar\/?p=3682"},"modified":"2025-12-09T10:20:24","modified_gmt":"2025-12-09T13:20:24","slug":"bomberos-el-fortin-impulsa-una-colecta-navidena-para-llevar-regalos-a-los-barrios-de-villa-mercedes","status":"publish","type":"post","link":"https:\/\/radio.fcejs.unsl.edu.ar\/index.php\/bomberos-el-fortin-impulsa-una-colecta-navidena-para-llevar-regalos-a-los-barrios-de-villa-mercedes\/","title":{"rendered":"Bomberos \u201cEl Fort\u00edn\u201d impulsa una colecta navide\u00f1a para llevar regalos a los barrios de Villa Mercedes"},"content":{"rendered":"<p data-start=\"492\" data-end=\"912\"><strong>Desde Radio UNSL Villa Mercedes 97.5 FM dialogamos con el bombero Federico Romero, integrante del \u00e1rea de Prensa de Bomberos Voluntarios \u201cEl Fort\u00edn\u201d, quien brind\u00f3 detalles sobre la colecta navide\u00f1a que la instituci\u00f3n lleva adelante desde el viernes 5 de diciembre. La campa\u00f1a se extender\u00e1 hasta el lunes 22 y tiene como objetivo reunir golosinas y productos t\u00edpicos de las fiestas, tales como pan dulces, budines y garrapi\u00f1adas.<\/strong><\/p>\n<h6 data-start=\"492\" data-end=\"912\"><strong>Entrevista completa:<\/strong><\/h6>\n<audio class=\"wp-audio-shortcode\" id=\"audio-3682-1\" preload=\"none\" style=\"width: 100%;\" controls=\"controls\"><source type=\"audio\/mpeg\" src=\"https:\/\/radioupload.fica.unsl.edu.ar\/files\/mv\/OK%20OK%20BOMBEROS%20COLECTA%20SOLIDARIA.mp3?_=1\" \/><a href=\"https:\/\/radioupload.fica.unsl.edu.ar\/files\/mv\/OK%20OK%20BOMBEROS%20COLECTA%20SOLIDARIA.mp3\">https:\/\/radioupload.fica.unsl.edu.ar\/files\/mv\/OK%20OK%20BOMBEROS%20COLECTA%20SOLIDARIA.mp3<\/a><\/audio>\n<p data-start=\"914\" data-end=\"1240\">La iniciativa permitir\u00e1 armar bolsitas y presentes que ser\u00e1n entregados en distintos barrios de la ciudad durante un recorrido especial que realizar\u00e1 la instituci\u00f3n el pr\u00f3ximo <strong data-start=\"1090\" data-end=\"1122\">23 de diciembre por la tarde<\/strong>, en horario a confirmar, con la presencia del tradicional <strong data-start=\"1181\" data-end=\"1204\">\u201cPap\u00e1 Noel Bombero\u201d<\/strong> a bordo de los veh\u00edculos oficiales.<\/p>\n<p data-start=\"1242\" data-end=\"1284\">Los puntos de recepci\u00f3n de donaciones son:<\/p>\n<ul data-start=\"1286\" data-end=\"1397\">\n<li data-start=\"1286\" data-end=\"1338\">\n<p data-start=\"1288\" data-end=\"1338\"><strong data-start=\"1288\" data-end=\"1307\">Cuartel Central<\/strong>: Remedios de Escalada N.\u00ba 11<\/p>\n<\/li>\n<li data-start=\"1339\" data-end=\"1397\">\n<p data-start=\"1341\" data-end=\"1397\"><strong data-start=\"1341\" data-end=\"1363\">Destacamento N.\u00ba 1<\/strong>: ubicado en <strong data-start=\"1376\" data-end=\"1397\">Parque La Pedrera<\/strong><\/p>\n<\/li>\n<\/ul>\n<p data-start=\"1399\" data-end=\"1594\">Romero destac\u00f3 que cada aporte contribuye a fortalecer el esp\u00edritu solidario que caracteriza al cuerpo de bomberos, especialmente en fechas tan significativas para las familias de Villa Mercedes.<\/p>\n<pre data-start=\"2165\" data-end=\"2236\"><strong>Conducci\u00f3n: Mat\u00edas E. Videla | Radio UNSL Villa Mercedes 97.5 FM\r\nOperaci\u00f3n T\u00e9cnica: Mart\u00edn Pagliero<\/strong><\/pre>\n","protected":false},"excerpt":{"rendered":"<p>Desde Radio UNSL Villa Mercedes 97.5 FM dialogamos con el bombero Federico Romero, integrante del \u00e1rea de Prensa de Bomberos Voluntarios \u201cEl Fort\u00edn\u201d, quien brind\u00f3 detalles sobre la colecta navide\u00f1a que la instituci\u00f3n lleva adelante desde el viernes 5 de diciembre. La campa\u00f1a se extender\u00e1 hasta el lunes 22 y tiene como objetivo reunir golosinas&#8230;<\/p>\n","protected":false},"author":7,"featured_media":3683,"comment_status":"closed","ping_status":"closed","sticky":false,"template":"","format":"standard","meta":{"_kad_post_transparent":"default","_kad_post_title":"default","_kad_post_layout":"default","_kad_post_sidebar_id":"","_kad_post_content_style":"default","_kad_post_vertical_padding":"default","_kad_post_feature":"","_kad_post_feature_position":"","_kad_post_header":false,"_kad_post_footer":false,"_kad_post_classname":"","footnotes":""},"categories":[14,1],"tags":[],"class_list":["post-3682","post","type-post","status-publish","format-standard","has-post-thumbnail","hentry","category-entrevistas","category-noticias"],"yoast_head":"<!-- This site is optimized with the Yoast SEO plugin v27.2 - https:\/\/yoast.com\/product\/yoast-seo-wordpress\/ -->\n<title>Bomberos \u201cEl Fort\u00edn\u201d impulsa una colecta navide\u00f1a para llevar regalos a los barrios de Villa Mercedes - Radio Universidad Villa Mercedes 97.5 | UNSL<\/title>\n<meta name=\"robots\" content=\"index, follow, max-snippet:-1, max-image-preview:large, max-video-preview:-1\" \/>\n<link rel=\"canonical\" href=\"https:\/\/radio.fcejs.unsl.edu.ar\/index.php\/bomberos-el-fortin-impulsa-una-colecta-navidena-para-llevar-regalos-a-los-barrios-de-villa-mercedes\/\" \/>\n<meta property=\"og:locale\" content=\"es_ES\" \/>\n<meta property=\"og:type\" content=\"article\" \/>\n<meta property=\"og:title\" content=\"Bomberos \u201cEl Fort\u00edn\u201d impulsa una colecta navide\u00f1a para llevar regalos a los barrios de Villa Mercedes - Radio Universidad Villa Mercedes 97.5 | UNSL\" \/>\n<meta property=\"og:description\" content=\"Desde Radio UNSL Villa Mercedes 97.5 FM dialogamos con el bombero Federico Romero, integrante del \u00e1rea de Prensa de Bomberos Voluntarios \u201cEl Fort\u00edn\u201d, quien brind\u00f3 detalles sobre la colecta navide\u00f1a que la instituci\u00f3n lleva adelante desde el viernes 5 de diciembre. La campa\u00f1a se extender\u00e1 hasta el lunes 22 y tiene como objetivo reunir golosinas...\" \/>\n<meta property=\"og:url\" content=\"https:\/\/radio.fcejs.unsl.edu.ar\/index.php\/bomberos-el-fortin-impulsa-una-colecta-navidena-para-llevar-regalos-a-los-barrios-de-villa-mercedes\/\" \/>\n<meta property=\"og:site_name\" content=\"Radio Universidad Villa Mercedes 97.5 | UNSL\" \/>\n<meta property=\"article:published_time\" content=\"2025-12-09T13:20:24+00:00\" \/>\n<meta property=\"og:image\" content=\"http:\/\/radio.fcejs.unsl.edu.ar\/wp-content\/uploads\/2025\/12\/1.jpeg\" \/>\n\t<meta property=\"og:image:width\" content=\"1536\" \/>\n\t<meta property=\"og:image:height\" content=\"1024\" \/>\n\t<meta property=\"og:image:type\" content=\"image\/jpeg\" \/>\n<meta name=\"author\" content=\"Matias Videla\" \/>\n<meta name=\"twitter:card\" content=\"summary_large_image\" \/>\n<meta name=\"twitter:label1\" content=\"Escrito por\" \/>\n\t<meta name=\"twitter:data1\" content=\"Matias Videla\" \/>\n\t<meta name=\"twitter:label2\" content=\"Tiempo de lectura\" \/>\n\t<meta name=\"twitter:data2\" content=\"1 minuto\" \/>\n<script type=\"application\/ld+json\" class=\"yoast-schema-graph\">{\"@context\":\"https:\/\/schema.org\",\"@graph\":[{\"@type\":\"Article\",\"@id\":\"https:\/\/radio.fcejs.unsl.edu.ar\/index.php\/bomberos-el-fortin-impulsa-una-colecta-navidena-para-llevar-regalos-a-los-barrios-de-villa-mercedes\/#article\",\"isPartOf\":{\"@id\":\"https:\/\/radio.fcejs.unsl.edu.ar\/index.php\/bomberos-el-fortin-impulsa-una-colecta-navidena-para-llevar-regalos-a-los-barrios-de-villa-mercedes\/\"},\"author\":{\"name\":\"Matias Videla\",\"@id\":\"https:\/\/radio.fcejs.unsl.edu.ar\/#\/schema\/person\/acc8fccb15174977a9a97c2c6c9a046e\"},\"headline\":\"Bomberos \u201cEl Fort\u00edn\u201d impulsa una colecta navide\u00f1a para llevar regalos a los barrios de Villa Mercedes\",\"datePublished\":\"2025-12-09T13:20:24+00:00\",\"mainEntityOfPage\":{\"@id\":\"https:\/\/radio.fcejs.unsl.edu.ar\/index.php\/bomberos-el-fortin-impulsa-una-colecta-navidena-para-llevar-regalos-a-los-barrios-de-villa-mercedes\/\"},\"wordCount\":208,\"publisher\":{\"@id\":\"https:\/\/radio.fcejs.unsl.edu.ar\/#organization\"},\"image\":{\"@id\":\"https:\/\/radio.fcejs.unsl.edu.ar\/index.php\/bomberos-el-fortin-impulsa-una-colecta-navidena-para-llevar-regalos-a-los-barrios-de-villa-mercedes\/#primaryimage\"},\"thumbnailUrl\":\"https:\/\/radio.fcejs.unsl.edu.ar\/wp-content\/uploads\/2025\/12\/1.jpeg\",\"articleSection\":[\"Entrevistas\",\"Noticias\"],\"inLanguage\":\"es-AR\"},{\"@type\":\"WebPage\",\"@id\":\"https:\/\/radio.fcejs.unsl.edu.ar\/index.php\/bomberos-el-fortin-impulsa-una-colecta-navidena-para-llevar-regalos-a-los-barrios-de-villa-mercedes\/\",\"url\":\"https:\/\/radio.fcejs.unsl.edu.ar\/index.php\/bomberos-el-fortin-impulsa-una-colecta-navidena-para-llevar-regalos-a-los-barrios-de-villa-mercedes\/\",\"name\":\"Bomberos \u201cEl Fort\u00edn\u201d impulsa una colecta navide\u00f1a para llevar regalos a los barrios de Villa Mercedes - Radio Universidad Villa Mercedes 97.5 | UNSL\",\"isPartOf\":{\"@id\":\"https:\/\/radio.fcejs.unsl.edu.ar\/#website\"},\"primaryImageOfPage\":{\"@id\":\"https:\/\/radio.fcejs.unsl.edu.ar\/index.php\/bomberos-el-fortin-impulsa-una-colecta-navidena-para-llevar-regalos-a-los-barrios-de-villa-mercedes\/#primaryimage\"},\"image\":{\"@id\":\"https:\/\/radio.fcejs.unsl.edu.ar\/index.php\/bomberos-el-fortin-impulsa-una-colecta-navidena-para-llevar-regalos-a-los-barrios-de-villa-mercedes\/#primaryimage\"},\"thumbnailUrl\":\"https:\/\/radio.fcejs.unsl.edu.ar\/wp-content\/uploads\/2025\/12\/1.jpeg\",\"datePublished\":\"2025-12-09T13:20:24+00:00\",\"breadcrumb\":{\"@id\":\"https:\/\/radio.fcejs.unsl.edu.ar\/index.php\/bomberos-el-fortin-impulsa-una-colecta-navidena-para-llevar-regalos-a-los-barrios-de-villa-mercedes\/#breadcrumb\"},\"inLanguage\":\"es-AR\",\"potentialAction\":[{\"@type\":\"ReadAction\",\"target\":[\"https:\/\/radio.fcejs.unsl.edu.ar\/index.php\/bomberos-el-fortin-impulsa-una-colecta-navidena-para-llevar-regalos-a-los-barrios-de-villa-mercedes\/\"]}]},{\"@type\":\"ImageObject\",\"inLanguage\":\"es-AR\",\"@id\":\"https:\/\/radio.fcejs.unsl.edu.ar\/index.php\/bomberos-el-fortin-impulsa-una-colecta-navidena-para-llevar-regalos-a-los-barrios-de-villa-mercedes\/#primaryimage\",\"url\":\"https:\/\/radio.fcejs.unsl.edu.ar\/wp-content\/uploads\/2025\/12\/1.jpeg\",\"contentUrl\":\"https:\/\/radio.fcejs.unsl.edu.ar\/wp-content\/uploads\/2025\/12\/1.jpeg\",\"width\":1536,\"height\":1024},{\"@type\":\"BreadcrumbList\",\"@id\":\"https:\/\/radio.fcejs.unsl.edu.ar\/index.php\/bomberos-el-fortin-impulsa-una-colecta-navidena-para-llevar-regalos-a-los-barrios-de-villa-mercedes\/#breadcrumb\",\"itemListElement\":[{\"@type\":\"ListItem\",\"position\":1,\"name\":\"Inicio\",\"item\":\"https:\/\/radio.fcejs.unsl.edu.ar\/\"},{\"@type\":\"ListItem\",\"position\":2,\"name\":\"Bomberos \u201cEl Fort\u00edn\u201d impulsa una colecta navide\u00f1a para llevar regalos a los barrios de Villa Mercedes\"}]},{\"@type\":\"WebSite\",\"@id\":\"https:\/\/radio.fcejs.unsl.edu.ar\/#website\",\"url\":\"https:\/\/radio.fcejs.unsl.edu.ar\/\",\"name\":\"Radio Universidad Villa Mercedes 97.5 | UNSL\",\"description\":\"UNSL\",\"publisher\":{\"@id\":\"https:\/\/radio.fcejs.unsl.edu.ar\/#organization\"},\"potentialAction\":[{\"@type\":\"SearchAction\",\"target\":{\"@type\":\"EntryPoint\",\"urlTemplate\":\"https:\/\/radio.fcejs.unsl.edu.ar\/?s={search_term_string}\"},\"query-input\":{\"@type\":\"PropertyValueSpecification\",\"valueRequired\":true,\"valueName\":\"search_term_string\"}}],\"inLanguage\":\"es-AR\"},{\"@type\":\"Organization\",\"@id\":\"https:\/\/radio.fcejs.unsl.edu.ar\/#organization\",\"name\":\"Radio Universidad Villa Mercedes 97.5 | UNSL\",\"url\":\"https:\/\/radio.fcejs.unsl.edu.ar\/\",\"logo\":{\"@type\":\"ImageObject\",\"inLanguage\":\"es-AR\",\"@id\":\"https:\/\/radio.fcejs.unsl.edu.ar\/#\/schema\/logo\/image\/\",\"url\":\"https:\/\/radio.fcejs.unsl.edu.ar\/wp-content\/uploads\/2023\/12\/cropped-radio-villa-mercedes-97-5.png\",\"contentUrl\":\"https:\/\/radio.fcejs.unsl.edu.ar\/wp-content\/uploads\/2023\/12\/cropped-radio-villa-mercedes-97-5.png\",\"width\":908,\"height\":289,\"caption\":\"Radio Universidad Villa Mercedes 97.5 | UNSL\"},\"image\":{\"@id\":\"https:\/\/radio.fcejs.unsl.edu.ar\/#\/schema\/logo\/image\/\"}},{\"@type\":\"Person\",\"@id\":\"https:\/\/radio.fcejs.unsl.edu.ar\/#\/schema\/person\/acc8fccb15174977a9a97c2c6c9a046e\",\"name\":\"Matias Videla\",\"url\":\"https:\/\/radio.fcejs.unsl.edu.ar\/index.php\/author\/mvidela\/\"}]}<\/script>\n<!-- \/ Yoast SEO plugin. -->","yoast_head_json":{"title":"Bomberos \u201cEl Fort\u00edn\u201d impulsa una colecta navide\u00f1a para llevar regalos a los barrios de Villa Mercedes - Radio Universidad Villa Mercedes 97.5 | UNSL","robots":{"index":"index","follow":"follow","max-snippet":"max-snippet:-1","max-image-preview":"max-image-preview:large","max-video-preview":"max-video-preview:-1"},"canonical":"https:\/\/radio.fcejs.unsl.edu.ar\/index.php\/bomberos-el-fortin-impulsa-una-colecta-navidena-para-llevar-regalos-a-los-barrios-de-villa-mercedes\/","og_locale":"es_ES","og_type":"article","og_title":"Bomberos \u201cEl Fort\u00edn\u201d impulsa una colecta navide\u00f1a para llevar regalos a los barrios de Villa Mercedes - Radio Universidad Villa Mercedes 97.5 | UNSL","og_description":"Desde Radio UNSL Villa Mercedes 97.5 FM dialogamos con el bombero Federico Romero, integrante del \u00e1rea de Prensa de Bomberos Voluntarios \u201cEl Fort\u00edn\u201d, quien brind\u00f3 detalles sobre la colecta navide\u00f1a que la instituci\u00f3n lleva adelante desde el viernes 5 de diciembre. La campa\u00f1a se extender\u00e1 hasta el lunes 22 y tiene como objetivo reunir golosinas...","og_url":"https:\/\/radio.fcejs.unsl.edu.ar\/index.php\/bomberos-el-fortin-impulsa-una-colecta-navidena-para-llevar-regalos-a-los-barrios-de-villa-mercedes\/","og_site_name":"Radio Universidad Villa Mercedes 97.5 | UNSL","article_published_time":"2025-12-09T13:20:24+00:00","og_image":[{"width":1536,"height":1024,"url":"http:\/\/radio.fcejs.unsl.edu.ar\/wp-content\/uploads\/2025\/12\/1.jpeg","type":"image\/jpeg"}],"author":"Matias Videla","twitter_card":"summary_large_image","twitter_misc":{"Escrito por":"Matias Videla","Tiempo de lectura":"1 minuto"},"schema":{"@context":"https:\/\/schema.org","@graph":[{"@type":"Article","@id":"https:\/\/radio.fcejs.unsl.edu.ar\/index.php\/bomberos-el-fortin-impulsa-una-colecta-navidena-para-llevar-regalos-a-los-barrios-de-villa-mercedes\/#article","isPartOf":{"@id":"https:\/\/radio.fcejs.unsl.edu.ar\/index.php\/bomberos-el-fortin-impulsa-una-colecta-navidena-para-llevar-regalos-a-los-barrios-de-villa-mercedes\/"},"author":{"name":"Matias Videla","@id":"https:\/\/radio.fcejs.unsl.edu.ar\/#\/schema\/person\/acc8fccb15174977a9a97c2c6c9a046e"},"headline":"Bomberos \u201cEl Fort\u00edn\u201d impulsa una colecta navide\u00f1a para llevar regalos a los barrios de Villa Mercedes","datePublished":"2025-12-09T13:20:24+00:00","mainEntityOfPage":{"@id":"https:\/\/radio.fcejs.unsl.edu.ar\/index.php\/bomberos-el-fortin-impulsa-una-colecta-navidena-para-llevar-regalos-a-los-barrios-de-villa-mercedes\/"},"wordCount":208,"publisher":{"@id":"https:\/\/radio.fcejs.unsl.edu.ar\/#organization"},"image":{"@id":"https:\/\/radio.fcejs.unsl.edu.ar\/index.php\/bomberos-el-fortin-impulsa-una-colecta-navidena-para-llevar-regalos-a-los-barrios-de-villa-mercedes\/#primaryimage"},"thumbnailUrl":"https:\/\/radio.fcejs.unsl.edu.ar\/wp-content\/uploads\/2025\/12\/1.jpeg","articleSection":["Entrevistas","Noticias"],"inLanguage":"es-AR"},{"@type":"WebPage","@id":"https:\/\/radio.fcejs.unsl.edu.ar\/index.php\/bomberos-el-fortin-impulsa-una-colecta-navidena-para-llevar-regalos-a-los-barrios-de-villa-mercedes\/","url":"https:\/\/radio.fcejs.unsl.edu.ar\/index.php\/bomberos-el-fortin-impulsa-una-colecta-navidena-para-llevar-regalos-a-los-barrios-de-villa-mercedes\/","name":"Bomberos \u201cEl Fort\u00edn\u201d impulsa una colecta navide\u00f1a para llevar regalos a los barrios de Villa Mercedes - Radio Universidad Villa Mercedes 97.5 | UNSL","isPartOf":{"@id":"https:\/\/radio.fcejs.unsl.edu.ar\/#website"},"primaryImageOfPage":{"@id":"https:\/\/radio.fcejs.unsl.edu.ar\/index.php\/bomberos-el-fortin-impulsa-una-colecta-navidena-para-llevar-regalos-a-los-barrios-de-villa-mercedes\/#primaryimage"},"image":{"@id":"https:\/\/radio.fcejs.unsl.edu.ar\/index.php\/bomberos-el-fortin-impulsa-una-colecta-navidena-para-llevar-regalos-a-los-barrios-de-villa-mercedes\/#primaryimage"},"thumbnailUrl":"https:\/\/radio.fcejs.unsl.edu.ar\/wp-content\/uploads\/2025\/12\/1.jpeg","datePublished":"2025-12-09T13:20:24+00:00","breadcrumb":{"@id":"https:\/\/radio.fcejs.unsl.edu.ar\/index.php\/bomberos-el-fortin-impulsa-una-colecta-navidena-para-llevar-regalos-a-los-barrios-de-villa-mercedes\/#breadcrumb"},"inLanguage":"es-AR","potentialAction":[{"@type":"ReadAction","target":["https:\/\/radio.fcejs.unsl.edu.ar\/index.php\/bomberos-el-fortin-impulsa-una-colecta-navidena-para-llevar-regalos-a-los-barrios-de-villa-mercedes\/"]}]},{"@type":"ImageObject","inLanguage":"es-AR","@id":"https:\/\/radio.fcejs.unsl.edu.ar\/index.php\/bomberos-el-fortin-impulsa-una-colecta-navidena-para-llevar-regalos-a-los-barrios-de-villa-mercedes\/#primaryimage","url":"https:\/\/radio.fcejs.unsl.edu.ar\/wp-content\/uploads\/2025\/12\/1.jpeg","contentUrl":"https:\/\/radio.fcejs.unsl.edu.ar\/wp-content\/uploads\/2025\/12\/1.jpeg","width":1536,"height":1024},{"@type":"BreadcrumbList","@id":"https:\/\/radio.fcejs.unsl.edu.ar\/index.php\/bomberos-el-fortin-impulsa-una-colecta-navidena-para-llevar-regalos-a-los-barrios-de-villa-mercedes\/#breadcrumb","itemListElement":[{"@type":"ListItem","position":1,"name":"Inicio","item":"https:\/\/radio.fcejs.unsl.edu.ar\/"},{"@type":"ListItem","position":2,"name":"Bomberos \u201cEl Fort\u00edn\u201d impulsa una colecta navide\u00f1a para llevar regalos a los barrios de Villa Mercedes"}]},{"@type":"WebSite","@id":"https:\/\/radio.fcejs.unsl.edu.ar\/#website","url":"https:\/\/radio.fcejs.unsl.edu.ar\/","name":"Radio Universidad Villa Mercedes 97.5 | UNSL","description":"UNSL","publisher":{"@id":"https:\/\/radio.fcejs.unsl.edu.ar\/#organization"},"potentialAction":[{"@type":"SearchAction","target":{"@type":"EntryPoint","urlTemplate":"https:\/\/radio.fcejs.unsl.edu.ar\/?s={search_term_string}"},"query-input":{"@type":"PropertyValueSpecification","valueRequired":true,"valueName":"search_term_string"}}],"inLanguage":"es-AR"},{"@type":"Organization","@id":"https:\/\/radio.fcejs.unsl.edu.ar\/#organization","name":"Radio Universidad Villa Mercedes 97.5 | UNSL","url":"https:\/\/radio.fcejs.unsl.edu.ar\/","logo":{"@type":"ImageObject","inLanguage":"es-AR","@id":"https:\/\/radio.fcejs.unsl.edu.ar\/#\/schema\/logo\/image\/","url":"https:\/\/radio.fcejs.unsl.edu.ar\/wp-content\/uploads\/2023\/12\/cropped-radio-villa-mercedes-97-5.png","contentUrl":"https:\/\/radio.fcejs.unsl.edu.ar\/wp-content\/uploads\/2023\/12\/cropped-radio-villa-mercedes-97-5.png","width":908,"height":289,"caption":"Radio Universidad Villa Mercedes 97.5 | UNSL"},"image":{"@id":"https:\/\/radio.fcejs.unsl.edu.ar\/#\/schema\/logo\/image\/"}},{"@type":"Person","@id":"https:\/\/radio.fcejs.unsl.edu.ar\/#\/schema\/person\/acc8fccb15174977a9a97c2c6c9a046e","name":"Matias Videla","url":"https:\/\/radio.fcejs.unsl.edu.ar\/index.php\/author\/mvidela\/"}]}},"_links":{"self":[{"href":"https:\/\/radio.fcejs.unsl.edu.ar\/index.php\/wp-json\/wp\/v2\/posts\/3682","targetHints":{"allow":["GET"]}}],"collection":[{"href":"https:\/\/radio.fcejs.unsl.edu.ar\/index.php\/wp-json\/wp\/v2\/posts"}],"about":[{"href":"https:\/\/radio.fcejs.unsl.edu.ar\/index.php\/wp-json\/wp\/v2\/types\/post"}],"author":[{"embeddable":true,"href":"https:\/\/radio.fcejs.unsl.edu.ar\/index.php\/wp-json\/wp\/v2\/users\/7"}],"replies":[{"embeddable":true,"href":"https:\/\/radio.fcejs.unsl.edu.ar\/index.php\/wp-json\/wp\/v2\/comments?post=3682"}],"version-history":[{"count":1,"href":"https:\/\/radio.fcejs.unsl.edu.ar\/index.php\/wp-json\/wp\/v2\/posts\/3682\/revisions"}],"predecessor-version":[{"id":3684,"href":"https:\/\/radio.fcejs.unsl.edu.ar\/index.php\/wp-json\/wp\/v2\/posts\/3682\/revisions\/3684"}],"wp:featuredmedia":[{"embeddable":true,"href":"https:\/\/radio.fcejs.unsl.edu.ar\/index.php\/wp-json\/wp\/v2\/media\/3683"}],"wp:attachment":[{"href":"https:\/\/radio.fcejs.unsl.edu.ar\/index.php\/wp-json\/wp\/v2\/media?parent=3682"}],"wp:term":[{"taxonomy":"category","embeddable":true,"href":"https:\/\/radio.fcejs.unsl.edu.ar\/index.php\/wp-json\/wp\/v2\/categories?post=3682"},{"taxonomy":"post_tag","embeddable":true,"href":"https:\/\/radio.fcejs.unsl.edu.ar\/index.php\/wp-json\/wp\/v2\/tags?post=3682"}],"curies":[{"name":"wp","href":"https:\/\/api.w.org\/{rel}","templated":true}]}}