{"id":3676,"date":"2025-12-05T11:01:33","date_gmt":"2025-12-05T14:01:33","guid":{"rendered":"https:\/\/radio.fcejs.unsl.edu.ar\/?p=3676"},"modified":"2025-12-05T11:01:33","modified_gmt":"2025-12-05T14:01:33","slug":"la-provincia-de-buenos-aires-financiara-dos-proyectos-de-investigacion-de-la-fcejs","status":"publish","type":"post","link":"https:\/\/radio.fcejs.unsl.edu.ar\/index.php\/la-provincia-de-buenos-aires-financiara-dos-proyectos-de-investigacion-de-la-fcejs\/","title":{"rendered":"La Provincia de Buenos Aires financiar\u00e1 dos proyectos de investigaci\u00f3n de la FCEJS"},"content":{"rendered":"<p data-start=\"286\" data-end=\"378\"><strong>Desde Radio UNSL Villa Mercedes dialogamos con la Prof. Diana Caviedes Garraza, coordinadora de la UGPE, sobre la aprobaci\u00f3n de dos proyectos en el marco de los Proyectos Bonaerenses de Federalizaci\u00f3n de la Ciencia y la Tecnolog\u00eda.<\/strong><\/p>\n<h6 data-start=\"286\" data-end=\"378\">Entrevista completa:<\/h6>\n<audio class=\"wp-audio-shortcode\" id=\"audio-3676-1\" preload=\"none\" style=\"width: 100%;\" controls=\"controls\"><source type=\"audio\/mpeg\" src=\"https:\/\/radioupload.fica.unsl.edu.ar\/files\/mv\/DIANA%20CAVIEDES%2027-11.mp3?_=1\" \/><a href=\"https:\/\/radioupload.fica.unsl.edu.ar\/files\/mv\/DIANA%20CAVIEDES%2027-11.mp3\">https:\/\/radioupload.fica.unsl.edu.ar\/files\/mv\/DIANA%20CAVIEDES%2027-11.mp3<\/a><\/audio>\n<p>&nbsp;<\/p>\n<p data-start=\"380\" data-end=\"628\">El Gobierno de la provincia de Buenos Aires anunci\u00f3 los resultados del tramo preparatorio de los Proyectos Bonaerenses de Federalizaci\u00f3n de la Ciencia y la Tecnolog\u00eda, una convocatoria que se sostiene \u00edntegramente con financiamiento provincial en un contexto nacional marcado por el desfinanciamiento de la ciencia, la tecnolog\u00eda y la educaci\u00f3n. La iniciativa busca promover la producci\u00f3n de conocimiento con una mirada federal, comunitaria y solidaria, articulando instituciones de distintos puntos del pa\u00eds.<\/p>\n<p data-start=\"1153\" data-end=\"1456\">La Prof. Diana Caviedes Garraza, coordinadora de la Unidad de Gesti\u00f3n de Programas Especiales (UGPE) de la Facultad de Ciencias Econ\u00f3micas, Jur\u00eddicas y Sociales (FCEJS), explic\u00f3 que investigadoras e investigadores de la UNSL integran dos de los nodos aprobados.<\/p>\n<p data-start=\"1458\" data-end=\"1793\">La participaci\u00f3n de la Universidad Nacional de San Luis en esta convocatoria fue posible gracias al convenio firmado con la Provincia de Buenos Aires durante el Tercer Encuentro del Programa Puentes, realizado en junio en Mar del Plata. Desde la UGPE se gestiona el v\u00ednculo institucional y el desarrollo de los proyectos seleccionados.<\/p>\n<h3 data-start=\"1795\" data-end=\"1851\"><strong data-start=\"1799\" data-end=\"1851\">Proyectos aprobados con participaci\u00f3n de la UNSL<\/strong><\/h3>\n<p data-start=\"1853\" data-end=\"2419\"><strong data-start=\"1853\" data-end=\"1950\">1. El federalismo argentino: desigualdades regionales y desaf\u00edos para el desarrollo inclusivo<\/strong><br data-start=\"1950\" data-end=\"1953\" \/>El proyecto analizar\u00e1 desigualdades econ\u00f3micas, sociales, institucionales y territoriales entre provincias como Buenos Aires, Entre R\u00edos, C\u00f3rdoba, La Pampa y San Luis. Busca elaborar diagn\u00f3sticos comparados y dise\u00f1ar propuestas de pol\u00edticas p\u00fablicas que fortalezcan la coordinaci\u00f3n intergubernamental.<br data-start=\"2254\" data-end=\"2257\" \/><strong data-start=\"2257\" data-end=\"2281\">Investigadores FCEJS &#8211; UNSL:<\/strong> <strong>Esp. Mariana Zavala, Mgter. H\u00e9ctor Flores y CPN Ignacio P\u00e9rez Cometto.<\/strong><br data-start=\"2352\" data-end=\"2355\" \/><strong>Instituciones participantes: UNGS, UNC, UNER, UNLPam y UNSL.<\/strong><\/p>\n<p data-start=\"2421\" data-end=\"2984\"><strong data-start=\"2421\" data-end=\"2520\">2. Proyectos de futuro y trayectorias juveniles de inserci\u00f3n laboral: tensiones y oportunidades<\/strong><br data-start=\"2520\" data-end=\"2523\" \/>Esta investigaci\u00f3n abordar\u00e1 expectativas, obst\u00e1culos y condiciones socioecon\u00f3micas que inciden en las trayectorias educativas y laborales de las juventudes. La comparaci\u00f3n entre provincias permitir\u00e1 desarrollar insumos para pol\u00edticas de empleo juvenil situadas.<br data-start=\"2784\" data-end=\"2787\" \/><strong data-start=\"2787\" data-end=\"2814\">Investigadoras\/es FCEJS &#8211; UNSL:<\/strong> <strong>Mgter. Alejandra Rovacio, Mgter. Ayel\u00e9n Neme, Esp. Andrea Corna, Mgter. Mariana Rodr\u00edguez y CPN Facundo Rovira.<\/strong><br data-start=\"2926\" data-end=\"2929\" \/><strong>Instituciones participantes: UNQ, UNT, UNAB y UNSL.<\/strong><\/p>\n<p data-start=\"2986\" data-end=\"3227\">La Prof. Caviedes Garraza destac\u00f3 la importancia de seguir fortaleciendo redes federales de investigaci\u00f3n y de impulsar proyectos que dialoguen con las realidades locales y regionales, generando evidencia para la toma de decisiones p\u00fablicas.<\/p>\n<pre data-start=\"2165\" data-end=\"2236\"><strong>Conducci\u00f3n: Mat\u00edas E. Videla | Radio UNSL Villa Mercedes 97.5 FM\r\nOperaci\u00f3n T\u00e9cnica: Mart\u00edn Pagliero<\/strong><\/pre>\n","protected":false},"excerpt":{"rendered":"<p>Desde Radio UNSL Villa Mercedes dialogamos con la Prof. Diana Caviedes Garraza, coordinadora de la UGPE, sobre la aprobaci\u00f3n de dos proyectos en el marco de los Proyectos Bonaerenses de Federalizaci\u00f3n de la Ciencia y la Tecnolog\u00eda. Entrevista completa: https:\/\/radioupload.fica.unsl.edu.ar\/files\/mv\/DIANA%20CAVIEDES%2027-11.mp3 &nbsp; El Gobierno de la provincia de Buenos Aires anunci\u00f3 los resultados del tramo preparatorio&#8230;<\/p>\n","protected":false},"author":7,"featured_media":3677,"comment_status":"closed","ping_status":"closed","sticky":false,"template":"","format":"standard","meta":{"_kad_post_transparent":"default","_kad_post_title":"default","_kad_post_layout":"default","_kad_post_sidebar_id":"","_kad_post_content_style":"default","_kad_post_vertical_padding":"default","_kad_post_feature":"","_kad_post_feature_position":"","_kad_post_header":false,"_kad_post_footer":false,"_kad_post_classname":"","footnotes":""},"categories":[14],"tags":[],"class_list":["post-3676","post","type-post","status-publish","format-standard","has-post-thumbnail","hentry","category-entrevistas"],"yoast_head":"<!-- This site is optimized with the Yoast SEO plugin v27.2 - https:\/\/yoast.com\/product\/yoast-seo-wordpress\/ -->\n<title>La Provincia de Buenos Aires financiar\u00e1 dos proyectos de investigaci\u00f3n de la FCEJS - Radio Universidad Villa Mercedes 97.5 | UNSL<\/title>\n<meta name=\"robots\" content=\"index, follow, max-snippet:-1, max-image-preview:large, max-video-preview:-1\" \/>\n<link rel=\"canonical\" href=\"https:\/\/radio.fcejs.unsl.edu.ar\/index.php\/la-provincia-de-buenos-aires-financiara-dos-proyectos-de-investigacion-de-la-fcejs\/\" \/>\n<meta property=\"og:locale\" content=\"es_ES\" \/>\n<meta property=\"og:type\" content=\"article\" \/>\n<meta property=\"og:title\" content=\"La Provincia de Buenos Aires financiar\u00e1 dos proyectos de investigaci\u00f3n de la FCEJS - Radio Universidad Villa Mercedes 97.5 | UNSL\" \/>\n<meta property=\"og:description\" content=\"Desde Radio UNSL Villa Mercedes dialogamos con la Prof. Diana Caviedes Garraza, coordinadora de la UGPE, sobre la aprobaci\u00f3n de dos proyectos en el marco de los Proyectos Bonaerenses de Federalizaci\u00f3n de la Ciencia y la Tecnolog\u00eda. Entrevista completa: https:\/\/radioupload.fica.unsl.edu.ar\/files\/mv\/DIANA%20CAVIEDES%2027-11.mp3 &nbsp; El Gobierno de la provincia de Buenos Aires anunci\u00f3 los resultados del tramo preparatorio...\" \/>\n<meta property=\"og:url\" content=\"https:\/\/radio.fcejs.unsl.edu.ar\/index.php\/la-provincia-de-buenos-aires-financiara-dos-proyectos-de-investigacion-de-la-fcejs\/\" \/>\n<meta property=\"og:site_name\" content=\"Radio Universidad Villa Mercedes 97.5 | UNSL\" \/>\n<meta property=\"article:published_time\" content=\"2025-12-05T14:01:33+00:00\" \/>\n<meta property=\"og:image\" content=\"http:\/\/radio.fcejs.unsl.edu.ar\/wp-content\/uploads\/2025\/12\/proyectos-bonaerenses-front.jpg\" \/>\n\t<meta property=\"og:image:width\" content=\"1152\" \/>\n\t<meta property=\"og:image:height\" content=\"647\" \/>\n\t<meta property=\"og:image:type\" content=\"image\/jpeg\" \/>\n<meta name=\"author\" content=\"Matias Videla\" \/>\n<meta name=\"twitter:card\" content=\"summary_large_image\" \/>\n<meta name=\"twitter:label1\" content=\"Escrito por\" \/>\n\t<meta name=\"twitter:data1\" content=\"Matias Videla\" \/>\n\t<meta name=\"twitter:label2\" content=\"Tiempo de lectura\" \/>\n\t<meta name=\"twitter:data2\" content=\"2 minutos\" \/>\n<script type=\"application\/ld+json\" class=\"yoast-schema-graph\">{\"@context\":\"https:\/\/schema.org\",\"@graph\":[{\"@type\":\"Article\",\"@id\":\"https:\/\/radio.fcejs.unsl.edu.ar\/index.php\/la-provincia-de-buenos-aires-financiara-dos-proyectos-de-investigacion-de-la-fcejs\/#article\",\"isPartOf\":{\"@id\":\"https:\/\/radio.fcejs.unsl.edu.ar\/index.php\/la-provincia-de-buenos-aires-financiara-dos-proyectos-de-investigacion-de-la-fcejs\/\"},\"author\":{\"name\":\"Matias Videla\",\"@id\":\"https:\/\/radio.fcejs.unsl.edu.ar\/#\/schema\/person\/acc8fccb15174977a9a97c2c6c9a046e\"},\"headline\":\"La Provincia de Buenos Aires financiar\u00e1 dos proyectos de investigaci\u00f3n de la FCEJS\",\"datePublished\":\"2025-12-05T14:01:33+00:00\",\"mainEntityOfPage\":{\"@id\":\"https:\/\/radio.fcejs.unsl.edu.ar\/index.php\/la-provincia-de-buenos-aires-financiara-dos-proyectos-de-investigacion-de-la-fcejs\/\"},\"wordCount\":451,\"publisher\":{\"@id\":\"https:\/\/radio.fcejs.unsl.edu.ar\/#organization\"},\"image\":{\"@id\":\"https:\/\/radio.fcejs.unsl.edu.ar\/index.php\/la-provincia-de-buenos-aires-financiara-dos-proyectos-de-investigacion-de-la-fcejs\/#primaryimage\"},\"thumbnailUrl\":\"https:\/\/radio.fcejs.unsl.edu.ar\/wp-content\/uploads\/2025\/12\/proyectos-bonaerenses-front.jpg\",\"articleSection\":[\"Entrevistas\"],\"inLanguage\":\"es-AR\"},{\"@type\":\"WebPage\",\"@id\":\"https:\/\/radio.fcejs.unsl.edu.ar\/index.php\/la-provincia-de-buenos-aires-financiara-dos-proyectos-de-investigacion-de-la-fcejs\/\",\"url\":\"https:\/\/radio.fcejs.unsl.edu.ar\/index.php\/la-provincia-de-buenos-aires-financiara-dos-proyectos-de-investigacion-de-la-fcejs\/\",\"name\":\"La Provincia de Buenos Aires financiar\u00e1 dos proyectos de investigaci\u00f3n de la FCEJS - Radio Universidad Villa Mercedes 97.5 | UNSL\",\"isPartOf\":{\"@id\":\"https:\/\/radio.fcejs.unsl.edu.ar\/#website\"},\"primaryImageOfPage\":{\"@id\":\"https:\/\/radio.fcejs.unsl.edu.ar\/index.php\/la-provincia-de-buenos-aires-financiara-dos-proyectos-de-investigacion-de-la-fcejs\/#primaryimage\"},\"image\":{\"@id\":\"https:\/\/radio.fcejs.unsl.edu.ar\/index.php\/la-provincia-de-buenos-aires-financiara-dos-proyectos-de-investigacion-de-la-fcejs\/#primaryimage\"},\"thumbnailUrl\":\"https:\/\/radio.fcejs.unsl.edu.ar\/wp-content\/uploads\/2025\/12\/proyectos-bonaerenses-front.jpg\",\"datePublished\":\"2025-12-05T14:01:33+00:00\",\"breadcrumb\":{\"@id\":\"https:\/\/radio.fcejs.unsl.edu.ar\/index.php\/la-provincia-de-buenos-aires-financiara-dos-proyectos-de-investigacion-de-la-fcejs\/#breadcrumb\"},\"inLanguage\":\"es-AR\",\"potentialAction\":[{\"@type\":\"ReadAction\",\"target\":[\"https:\/\/radio.fcejs.unsl.edu.ar\/index.php\/la-provincia-de-buenos-aires-financiara-dos-proyectos-de-investigacion-de-la-fcejs\/\"]}]},{\"@type\":\"ImageObject\",\"inLanguage\":\"es-AR\",\"@id\":\"https:\/\/radio.fcejs.unsl.edu.ar\/index.php\/la-provincia-de-buenos-aires-financiara-dos-proyectos-de-investigacion-de-la-fcejs\/#primaryimage\",\"url\":\"https:\/\/radio.fcejs.unsl.edu.ar\/wp-content\/uploads\/2025\/12\/proyectos-bonaerenses-front.jpg\",\"contentUrl\":\"https:\/\/radio.fcejs.unsl.edu.ar\/wp-content\/uploads\/2025\/12\/proyectos-bonaerenses-front.jpg\",\"width\":1152,\"height\":647},{\"@type\":\"BreadcrumbList\",\"@id\":\"https:\/\/radio.fcejs.unsl.edu.ar\/index.php\/la-provincia-de-buenos-aires-financiara-dos-proyectos-de-investigacion-de-la-fcejs\/#breadcrumb\",\"itemListElement\":[{\"@type\":\"ListItem\",\"position\":1,\"name\":\"Inicio\",\"item\":\"https:\/\/radio.fcejs.unsl.edu.ar\/\"},{\"@type\":\"ListItem\",\"position\":2,\"name\":\"La Provincia de Buenos Aires financiar\u00e1 dos proyectos de investigaci\u00f3n de la FCEJS\"}]},{\"@type\":\"WebSite\",\"@id\":\"https:\/\/radio.fcejs.unsl.edu.ar\/#website\",\"url\":\"https:\/\/radio.fcejs.unsl.edu.ar\/\",\"name\":\"Radio Universidad Villa Mercedes 97.5 | UNSL\",\"description\":\"UNSL\",\"publisher\":{\"@id\":\"https:\/\/radio.fcejs.unsl.edu.ar\/#organization\"},\"potentialAction\":[{\"@type\":\"SearchAction\",\"target\":{\"@type\":\"EntryPoint\",\"urlTemplate\":\"https:\/\/radio.fcejs.unsl.edu.ar\/?s={search_term_string}\"},\"query-input\":{\"@type\":\"PropertyValueSpecification\",\"valueRequired\":true,\"valueName\":\"search_term_string\"}}],\"inLanguage\":\"es-AR\"},{\"@type\":\"Organization\",\"@id\":\"https:\/\/radio.fcejs.unsl.edu.ar\/#organization\",\"name\":\"Radio Universidad Villa Mercedes 97.5 | UNSL\",\"url\":\"https:\/\/radio.fcejs.unsl.edu.ar\/\",\"logo\":{\"@type\":\"ImageObject\",\"inLanguage\":\"es-AR\",\"@id\":\"https:\/\/radio.fcejs.unsl.edu.ar\/#\/schema\/logo\/image\/\",\"url\":\"https:\/\/radio.fcejs.unsl.edu.ar\/wp-content\/uploads\/2023\/12\/cropped-radio-villa-mercedes-97-5.png\",\"contentUrl\":\"https:\/\/radio.fcejs.unsl.edu.ar\/wp-content\/uploads\/2023\/12\/cropped-radio-villa-mercedes-97-5.png\",\"width\":908,\"height\":289,\"caption\":\"Radio Universidad Villa Mercedes 97.5 | UNSL\"},\"image\":{\"@id\":\"https:\/\/radio.fcejs.unsl.edu.ar\/#\/schema\/logo\/image\/\"}},{\"@type\":\"Person\",\"@id\":\"https:\/\/radio.fcejs.unsl.edu.ar\/#\/schema\/person\/acc8fccb15174977a9a97c2c6c9a046e\",\"name\":\"Matias Videla\",\"url\":\"https:\/\/radio.fcejs.unsl.edu.ar\/index.php\/author\/mvidela\/\"}]}<\/script>\n<!-- \/ Yoast SEO plugin. -->","yoast_head_json":{"title":"La Provincia de Buenos Aires financiar\u00e1 dos proyectos de investigaci\u00f3n de la FCEJS - Radio Universidad Villa Mercedes 97.5 | UNSL","robots":{"index":"index","follow":"follow","max-snippet":"max-snippet:-1","max-image-preview":"max-image-preview:large","max-video-preview":"max-video-preview:-1"},"canonical":"https:\/\/radio.fcejs.unsl.edu.ar\/index.php\/la-provincia-de-buenos-aires-financiara-dos-proyectos-de-investigacion-de-la-fcejs\/","og_locale":"es_ES","og_type":"article","og_title":"La Provincia de Buenos Aires financiar\u00e1 dos proyectos de investigaci\u00f3n de la FCEJS - Radio Universidad Villa Mercedes 97.5 | UNSL","og_description":"Desde Radio UNSL Villa Mercedes dialogamos con la Prof. Diana Caviedes Garraza, coordinadora de la UGPE, sobre la aprobaci\u00f3n de dos proyectos en el marco de los Proyectos Bonaerenses de Federalizaci\u00f3n de la Ciencia y la Tecnolog\u00eda. Entrevista completa: https:\/\/radioupload.fica.unsl.edu.ar\/files\/mv\/DIANA%20CAVIEDES%2027-11.mp3 &nbsp; El Gobierno de la provincia de Buenos Aires anunci\u00f3 los resultados del tramo preparatorio...","og_url":"https:\/\/radio.fcejs.unsl.edu.ar\/index.php\/la-provincia-de-buenos-aires-financiara-dos-proyectos-de-investigacion-de-la-fcejs\/","og_site_name":"Radio Universidad Villa Mercedes 97.5 | UNSL","article_published_time":"2025-12-05T14:01:33+00:00","og_image":[{"width":1152,"height":647,"url":"http:\/\/radio.fcejs.unsl.edu.ar\/wp-content\/uploads\/2025\/12\/proyectos-bonaerenses-front.jpg","type":"image\/jpeg"}],"author":"Matias Videla","twitter_card":"summary_large_image","twitter_misc":{"Escrito por":"Matias Videla","Tiempo de lectura":"2 minutos"},"schema":{"@context":"https:\/\/schema.org","@graph":[{"@type":"Article","@id":"https:\/\/radio.fcejs.unsl.edu.ar\/index.php\/la-provincia-de-buenos-aires-financiara-dos-proyectos-de-investigacion-de-la-fcejs\/#article","isPartOf":{"@id":"https:\/\/radio.fcejs.unsl.edu.ar\/index.php\/la-provincia-de-buenos-aires-financiara-dos-proyectos-de-investigacion-de-la-fcejs\/"},"author":{"name":"Matias Videla","@id":"https:\/\/radio.fcejs.unsl.edu.ar\/#\/schema\/person\/acc8fccb15174977a9a97c2c6c9a046e"},"headline":"La Provincia de Buenos Aires financiar\u00e1 dos proyectos de investigaci\u00f3n de la FCEJS","datePublished":"2025-12-05T14:01:33+00:00","mainEntityOfPage":{"@id":"https:\/\/radio.fcejs.unsl.edu.ar\/index.php\/la-provincia-de-buenos-aires-financiara-dos-proyectos-de-investigacion-de-la-fcejs\/"},"wordCount":451,"publisher":{"@id":"https:\/\/radio.fcejs.unsl.edu.ar\/#organization"},"image":{"@id":"https:\/\/radio.fcejs.unsl.edu.ar\/index.php\/la-provincia-de-buenos-aires-financiara-dos-proyectos-de-investigacion-de-la-fcejs\/#primaryimage"},"thumbnailUrl":"https:\/\/radio.fcejs.unsl.edu.ar\/wp-content\/uploads\/2025\/12\/proyectos-bonaerenses-front.jpg","articleSection":["Entrevistas"],"inLanguage":"es-AR"},{"@type":"WebPage","@id":"https:\/\/radio.fcejs.unsl.edu.ar\/index.php\/la-provincia-de-buenos-aires-financiara-dos-proyectos-de-investigacion-de-la-fcejs\/","url":"https:\/\/radio.fcejs.unsl.edu.ar\/index.php\/la-provincia-de-buenos-aires-financiara-dos-proyectos-de-investigacion-de-la-fcejs\/","name":"La Provincia de Buenos Aires financiar\u00e1 dos proyectos de investigaci\u00f3n de la FCEJS - Radio Universidad Villa Mercedes 97.5 | UNSL","isPartOf":{"@id":"https:\/\/radio.fcejs.unsl.edu.ar\/#website"},"primaryImageOfPage":{"@id":"https:\/\/radio.fcejs.unsl.edu.ar\/index.php\/la-provincia-de-buenos-aires-financiara-dos-proyectos-de-investigacion-de-la-fcejs\/#primaryimage"},"image":{"@id":"https:\/\/radio.fcejs.unsl.edu.ar\/index.php\/la-provincia-de-buenos-aires-financiara-dos-proyectos-de-investigacion-de-la-fcejs\/#primaryimage"},"thumbnailUrl":"https:\/\/radio.fcejs.unsl.edu.ar\/wp-content\/uploads\/2025\/12\/proyectos-bonaerenses-front.jpg","datePublished":"2025-12-05T14:01:33+00:00","breadcrumb":{"@id":"https:\/\/radio.fcejs.unsl.edu.ar\/index.php\/la-provincia-de-buenos-aires-financiara-dos-proyectos-de-investigacion-de-la-fcejs\/#breadcrumb"},"inLanguage":"es-AR","potentialAction":[{"@type":"ReadAction","target":["https:\/\/radio.fcejs.unsl.edu.ar\/index.php\/la-provincia-de-buenos-aires-financiara-dos-proyectos-de-investigacion-de-la-fcejs\/"]}]},{"@type":"ImageObject","inLanguage":"es-AR","@id":"https:\/\/radio.fcejs.unsl.edu.ar\/index.php\/la-provincia-de-buenos-aires-financiara-dos-proyectos-de-investigacion-de-la-fcejs\/#primaryimage","url":"https:\/\/radio.fcejs.unsl.edu.ar\/wp-content\/uploads\/2025\/12\/proyectos-bonaerenses-front.jpg","contentUrl":"https:\/\/radio.fcejs.unsl.edu.ar\/wp-content\/uploads\/2025\/12\/proyectos-bonaerenses-front.jpg","width":1152,"height":647},{"@type":"BreadcrumbList","@id":"https:\/\/radio.fcejs.unsl.edu.ar\/index.php\/la-provincia-de-buenos-aires-financiara-dos-proyectos-de-investigacion-de-la-fcejs\/#breadcrumb","itemListElement":[{"@type":"ListItem","position":1,"name":"Inicio","item":"https:\/\/radio.fcejs.unsl.edu.ar\/"},{"@type":"ListItem","position":2,"name":"La Provincia de Buenos Aires financiar\u00e1 dos proyectos de investigaci\u00f3n de la FCEJS"}]},{"@type":"WebSite","@id":"https:\/\/radio.fcejs.unsl.edu.ar\/#website","url":"https:\/\/radio.fcejs.unsl.edu.ar\/","name":"Radio Universidad Villa Mercedes 97.5 | UNSL","description":"UNSL","publisher":{"@id":"https:\/\/radio.fcejs.unsl.edu.ar\/#organization"},"potentialAction":[{"@type":"SearchAction","target":{"@type":"EntryPoint","urlTemplate":"https:\/\/radio.fcejs.unsl.edu.ar\/?s={search_term_string}"},"query-input":{"@type":"PropertyValueSpecification","valueRequired":true,"valueName":"search_term_string"}}],"inLanguage":"es-AR"},{"@type":"Organization","@id":"https:\/\/radio.fcejs.unsl.edu.ar\/#organization","name":"Radio Universidad Villa Mercedes 97.5 | UNSL","url":"https:\/\/radio.fcejs.unsl.edu.ar\/","logo":{"@type":"ImageObject","inLanguage":"es-AR","@id":"https:\/\/radio.fcejs.unsl.edu.ar\/#\/schema\/logo\/image\/","url":"https:\/\/radio.fcejs.unsl.edu.ar\/wp-content\/uploads\/2023\/12\/cropped-radio-villa-mercedes-97-5.png","contentUrl":"https:\/\/radio.fcejs.unsl.edu.ar\/wp-content\/uploads\/2023\/12\/cropped-radio-villa-mercedes-97-5.png","width":908,"height":289,"caption":"Radio Universidad Villa Mercedes 97.5 | UNSL"},"image":{"@id":"https:\/\/radio.fcejs.unsl.edu.ar\/#\/schema\/logo\/image\/"}},{"@type":"Person","@id":"https:\/\/radio.fcejs.unsl.edu.ar\/#\/schema\/person\/acc8fccb15174977a9a97c2c6c9a046e","name":"Matias Videla","url":"https:\/\/radio.fcejs.unsl.edu.ar\/index.php\/author\/mvidela\/"}]}},"_links":{"self":[{"href":"https:\/\/radio.fcejs.unsl.edu.ar\/index.php\/wp-json\/wp\/v2\/posts\/3676","targetHints":{"allow":["GET"]}}],"collection":[{"href":"https:\/\/radio.fcejs.unsl.edu.ar\/index.php\/wp-json\/wp\/v2\/posts"}],"about":[{"href":"https:\/\/radio.fcejs.unsl.edu.ar\/index.php\/wp-json\/wp\/v2\/types\/post"}],"author":[{"embeddable":true,"href":"https:\/\/radio.fcejs.unsl.edu.ar\/index.php\/wp-json\/wp\/v2\/users\/7"}],"replies":[{"embeddable":true,"href":"https:\/\/radio.fcejs.unsl.edu.ar\/index.php\/wp-json\/wp\/v2\/comments?post=3676"}],"version-history":[{"count":1,"href":"https:\/\/radio.fcejs.unsl.edu.ar\/index.php\/wp-json\/wp\/v2\/posts\/3676\/revisions"}],"predecessor-version":[{"id":3678,"href":"https:\/\/radio.fcejs.unsl.edu.ar\/index.php\/wp-json\/wp\/v2\/posts\/3676\/revisions\/3678"}],"wp:featuredmedia":[{"embeddable":true,"href":"https:\/\/radio.fcejs.unsl.edu.ar\/index.php\/wp-json\/wp\/v2\/media\/3677"}],"wp:attachment":[{"href":"https:\/\/radio.fcejs.unsl.edu.ar\/index.php\/wp-json\/wp\/v2\/media?parent=3676"}],"wp:term":[{"taxonomy":"category","embeddable":true,"href":"https:\/\/radio.fcejs.unsl.edu.ar\/index.php\/wp-json\/wp\/v2\/categories?post=3676"},{"taxonomy":"post_tag","embeddable":true,"href":"https:\/\/radio.fcejs.unsl.edu.ar\/index.php\/wp-json\/wp\/v2\/tags?post=3676"}],"curies":[{"name":"wp","href":"https:\/\/api.w.org\/{rel}","templated":true}]}}