{"id":3658,"date":"2025-12-02T14:02:26","date_gmt":"2025-12-02T17:02:26","guid":{"rendered":"https:\/\/radio.fcejs.unsl.edu.ar\/?p=3658"},"modified":"2025-12-05T11:12:51","modified_gmt":"2025-12-05T14:12:51","slug":"la-fica-presente-en-la-iii-reunion-anual-de-la-red-ribierse-cyted-2025-en-colombia","status":"publish","type":"post","link":"https:\/\/radio.fcejs.unsl.edu.ar\/index.php\/la-fica-presente-en-la-iii-reunion-anual-de-la-red-ribierse-cyted-2025-en-colombia\/","title":{"rendered":"La FICA presente en la III Reuni\u00f3n Anual de la Red RIBIERSE\u2013CYTED 2025 en Colombia"},"content":{"rendered":"<p data-start=\"307\" data-end=\"511\">Desde <strong data-start=\"531\" data-end=\"568\">Radio UNSL Villa Mercedes 97.5 FM<\/strong> dialogamos con el <strong data-start=\"587\" data-end=\"658\">decano de la Facultad de Ingenier\u00eda y Ciencias Agropecuarias (FICA)<\/strong>, <strong data-start=\"660\" data-end=\"682\">Dr. Federico Serra<\/strong>, quien comparti\u00f3 detalles sobre la participaci\u00f3n de la UNSL en la <strong data-start=\"749\" data-end=\"800\">III Reuni\u00f3n Anual de la Red RIBIERSE\u2013CYTED 2025<\/strong>, realizada del 10 al 12 de noviembre en la Universidad Distrital Francisco Jos\u00e9 de Caldas (Colombia), junto con la Universidad de Ja\u00e9n (Espa\u00f1a).<\/p>\n<audio class=\"wp-audio-shortcode\" id=\"audio-3658-1\" preload=\"none\" style=\"width: 100%;\" controls=\"controls\"><source type=\"audio\/mpeg\" src=\"https:\/\/radioupload.fica.unsl.edu.ar\/files\/mv\/Decano%20Serra%2026-11-25%20OK.mp3?_=1\" \/><a href=\"https:\/\/radioupload.fica.unsl.edu.ar\/files\/mv\/Decano%20Serra%2026-11-25%20OK.mp3\">https:\/\/radioupload.fica.unsl.edu.ar\/files\/mv\/Decano%20Serra%2026-11-25%20OK.mp3<\/a><\/audio>\n<p data-start=\"947\" data-end=\"1318\">La <strong data-start=\"950\" data-end=\"986\">Universidad Nacional de San Luis<\/strong> es la <strong data-start=\"993\" data-end=\"1038\">\u00fanica instituci\u00f3n argentina miembro pleno<\/strong> de la Red Iberoamericana RIBIERSE, un espacio de cooperaci\u00f3n cient\u00edfica formado por universidades y centros de investigaci\u00f3n de m\u00e1s de 20 pa\u00edses. A la UNSL se suman como colaboradores la Universidad Nacional de R\u00edo Cuarto (UNRC) y el Instituto Tecnol\u00f3gico de Buenos Aires (ITBA).<\/p>\n<p data-start=\"1320\" data-end=\"1709\">El Dr. Serra explic\u00f3 que la FICA participa desde hace cinco a\u00f1os en esta red, enfocada en la <strong data-start=\"1413\" data-end=\"1473\">integraci\u00f3n de energ\u00edas renovables y movilidad el\u00e9ctrica<\/strong> en los sistemas el\u00e9ctricos iberoamericanos.<br data-start=\"1517\" data-end=\"1520\" \/>\u201cTrabajamos en problem\u00e1ticas vinculadas a la incorporaci\u00f3n de energ\u00edas renovables, veh\u00edculos el\u00e9ctricos y la interacci\u00f3n con las redes el\u00e9ctricas en diferentes pa\u00edses de la regi\u00f3n\u201d, se\u00f1al\u00f3.<\/p>\n<p data-start=\"1711\" data-end=\"2013\">Durante el encuentro anual, se desarrollaron jornadas de trabajo tem\u00e1tico. Serra lider\u00f3 el eje sobre <strong data-start=\"1812\" data-end=\"1854\">infraestructura para ensayos y pruebas<\/strong>, donde los representantes analizaron las posibilidades de cada instituci\u00f3n para el desarrollo de microredes, convertidores y equipamientos para investigaci\u00f3n.<\/p>\n<p data-start=\"2015\" data-end=\"2349\">La red tambi\u00e9n avanza en la <strong data-start=\"2043\" data-end=\"2080\">publicaci\u00f3n de libros cient\u00edficos<\/strong> que documentan la evoluci\u00f3n de los sistemas el\u00e9ctricos en cada pa\u00eds miembro.<br data-start=\"2157\" data-end=\"2160\" \/>\u201cYa publicamos un primer libro y estamos trabajando en el segundo y tercer volumen. A m\u00ed me toc\u00f3 escribir el cap\u00edtulo sobre la evoluci\u00f3n del sistema el\u00e9ctrico argentino\u201d, detall\u00f3 el decano.<\/p>\n<p data-start=\"2351\" data-end=\"2817\">La iniciativa tiene como objetivo final contribuir a la <strong data-start=\"2407\" data-end=\"2427\">descarbonizaci\u00f3n<\/strong>, mejorar el <strong data-start=\"2440\" data-end=\"2463\">acceso a la energ\u00eda<\/strong> y optimizar el <strong data-start=\"2479\" data-end=\"2532\">flujo energ\u00e9tico entre los pa\u00edses iberoamericanos<\/strong>, teniendo en cuenta necesidades que van desde el \u00e1mbito domiciliario hasta la escala industrial.<br data-start=\"2629\" data-end=\"2632\" \/>\u201cLas problem\u00e1ticas energ\u00e9ticas actuales requieren soluciones globales. La red permite pensar m\u00e1s all\u00e1 de lo local y evaluar c\u00f3mo optimizar la interconexi\u00f3n entre pa\u00edses\u201d, expres\u00f3 Serra.<\/p>\n<p data-start=\"2819\" data-end=\"3000\">La red RIBIERSE concluir\u00e1 su ciclo de trabajo en 2026, con la publicaci\u00f3n de documentos finales que recopilar\u00e1n los avances y propuestas desarrolladas por los equipos participantes.<\/p>\n<pre data-start=\"2165\" data-end=\"2236\"><strong>Conducci\u00f3n: Mat\u00edas E. Videla | Radio UNSL Villa Mercedes 97.5 FM\r\nOperaci\u00f3n T\u00e9cnica: Mart\u00edn Pagliero<\/strong><\/pre>\n","protected":false},"excerpt":{"rendered":"<p>Desde Radio UNSL Villa Mercedes 97.5 FM dialogamos con el decano de la Facultad de Ingenier\u00eda y Ciencias Agropecuarias (FICA), Dr. Federico Serra, quien comparti\u00f3 detalles sobre la participaci\u00f3n de la UNSL en la III Reuni\u00f3n Anual de la Red RIBIERSE\u2013CYTED 2025, realizada del 10 al 12 de noviembre en la Universidad Distrital Francisco Jos\u00e9&#8230;<\/p>\n","protected":false},"author":7,"featured_media":3659,"comment_status":"closed","ping_status":"closed","sticky":false,"template":"","format":"standard","meta":{"_kad_post_transparent":"default","_kad_post_title":"default","_kad_post_layout":"default","_kad_post_sidebar_id":"","_kad_post_content_style":"default","_kad_post_vertical_padding":"default","_kad_post_feature":"","_kad_post_feature_position":"","_kad_post_header":false,"_kad_post_footer":false,"_kad_post_classname":"","footnotes":""},"categories":[14],"tags":[],"class_list":["post-3658","post","type-post","status-publish","format-standard","has-post-thumbnail","hentry","category-entrevistas"],"yoast_head":"<!-- This site is optimized with the Yoast SEO plugin v27.2 - https:\/\/yoast.com\/product\/yoast-seo-wordpress\/ -->\n<title>La FICA presente en la III Reuni\u00f3n Anual de la Red RIBIERSE\u2013CYTED 2025 en Colombia - Radio Universidad Villa Mercedes 97.5 | UNSL<\/title>\n<meta name=\"robots\" content=\"index, follow, max-snippet:-1, max-image-preview:large, max-video-preview:-1\" \/>\n<link rel=\"canonical\" href=\"https:\/\/radio.fcejs.unsl.edu.ar\/index.php\/la-fica-presente-en-la-iii-reunion-anual-de-la-red-ribierse-cyted-2025-en-colombia\/\" \/>\n<meta property=\"og:locale\" content=\"es_ES\" \/>\n<meta property=\"og:type\" content=\"article\" \/>\n<meta property=\"og:title\" content=\"La FICA presente en la III Reuni\u00f3n Anual de la Red RIBIERSE\u2013CYTED 2025 en Colombia - Radio Universidad Villa Mercedes 97.5 | UNSL\" \/>\n<meta property=\"og:description\" content=\"Desde Radio UNSL Villa Mercedes 97.5 FM dialogamos con el decano de la Facultad de Ingenier\u00eda y Ciencias Agropecuarias (FICA), Dr. Federico Serra, quien comparti\u00f3 detalles sobre la participaci\u00f3n de la UNSL en la III Reuni\u00f3n Anual de la Red RIBIERSE\u2013CYTED 2025, realizada del 10 al 12 de noviembre en la Universidad Distrital Francisco Jos\u00e9...\" \/>\n<meta property=\"og:url\" content=\"https:\/\/radio.fcejs.unsl.edu.ar\/index.php\/la-fica-presente-en-la-iii-reunion-anual-de-la-red-ribierse-cyted-2025-en-colombia\/\" \/>\n<meta property=\"og:site_name\" content=\"Radio Universidad Villa Mercedes 97.5 | UNSL\" \/>\n<meta property=\"article:published_time\" content=\"2025-12-02T17:02:26+00:00\" \/>\n<meta property=\"article:modified_time\" content=\"2025-12-05T14:12:51+00:00\" \/>\n<meta property=\"og:image\" content=\"http:\/\/radio.fcejs.unsl.edu.ar\/wp-content\/uploads\/2025\/12\/Serra-.jpeg\" \/>\n\t<meta property=\"og:image:width\" content=\"1280\" \/>\n\t<meta property=\"og:image:height\" content=\"960\" \/>\n\t<meta property=\"og:image:type\" content=\"image\/jpeg\" \/>\n<meta name=\"author\" content=\"Matias Videla\" \/>\n<meta name=\"twitter:card\" content=\"summary_large_image\" \/>\n<meta name=\"twitter:label1\" content=\"Escrito por\" \/>\n\t<meta name=\"twitter:data1\" content=\"Matias Videla\" \/>\n\t<meta name=\"twitter:label2\" content=\"Tiempo de lectura\" \/>\n\t<meta name=\"twitter:data2\" content=\"2 minutos\" \/>\n<script type=\"application\/ld+json\" class=\"yoast-schema-graph\">{\"@context\":\"https:\/\/schema.org\",\"@graph\":[{\"@type\":\"Article\",\"@id\":\"https:\/\/radio.fcejs.unsl.edu.ar\/index.php\/la-fica-presente-en-la-iii-reunion-anual-de-la-red-ribierse-cyted-2025-en-colombia\/#article\",\"isPartOf\":{\"@id\":\"https:\/\/radio.fcejs.unsl.edu.ar\/index.php\/la-fica-presente-en-la-iii-reunion-anual-de-la-red-ribierse-cyted-2025-en-colombia\/\"},\"author\":{\"name\":\"Matias Videla\",\"@id\":\"https:\/\/radio.fcejs.unsl.edu.ar\/#\/schema\/person\/acc8fccb15174977a9a97c2c6c9a046e\"},\"headline\":\"La FICA presente en la III Reuni\u00f3n Anual de la Red RIBIERSE\u2013CYTED 2025 en Colombia\",\"datePublished\":\"2025-12-02T17:02:26+00:00\",\"dateModified\":\"2025-12-05T14:12:51+00:00\",\"mainEntityOfPage\":{\"@id\":\"https:\/\/radio.fcejs.unsl.edu.ar\/index.php\/la-fica-presente-en-la-iii-reunion-anual-de-la-red-ribierse-cyted-2025-en-colombia\/\"},\"wordCount\":439,\"publisher\":{\"@id\":\"https:\/\/radio.fcejs.unsl.edu.ar\/#organization\"},\"image\":{\"@id\":\"https:\/\/radio.fcejs.unsl.edu.ar\/index.php\/la-fica-presente-en-la-iii-reunion-anual-de-la-red-ribierse-cyted-2025-en-colombia\/#primaryimage\"},\"thumbnailUrl\":\"https:\/\/radio.fcejs.unsl.edu.ar\/wp-content\/uploads\/2025\/12\/Serra-.jpeg\",\"articleSection\":[\"Entrevistas\"],\"inLanguage\":\"es-AR\"},{\"@type\":\"WebPage\",\"@id\":\"https:\/\/radio.fcejs.unsl.edu.ar\/index.php\/la-fica-presente-en-la-iii-reunion-anual-de-la-red-ribierse-cyted-2025-en-colombia\/\",\"url\":\"https:\/\/radio.fcejs.unsl.edu.ar\/index.php\/la-fica-presente-en-la-iii-reunion-anual-de-la-red-ribierse-cyted-2025-en-colombia\/\",\"name\":\"La FICA presente en la III Reuni\u00f3n Anual de la Red RIBIERSE\u2013CYTED 2025 en Colombia - Radio Universidad Villa Mercedes 97.5 | UNSL\",\"isPartOf\":{\"@id\":\"https:\/\/radio.fcejs.unsl.edu.ar\/#website\"},\"primaryImageOfPage\":{\"@id\":\"https:\/\/radio.fcejs.unsl.edu.ar\/index.php\/la-fica-presente-en-la-iii-reunion-anual-de-la-red-ribierse-cyted-2025-en-colombia\/#primaryimage\"},\"image\":{\"@id\":\"https:\/\/radio.fcejs.unsl.edu.ar\/index.php\/la-fica-presente-en-la-iii-reunion-anual-de-la-red-ribierse-cyted-2025-en-colombia\/#primaryimage\"},\"thumbnailUrl\":\"https:\/\/radio.fcejs.unsl.edu.ar\/wp-content\/uploads\/2025\/12\/Serra-.jpeg\",\"datePublished\":\"2025-12-02T17:02:26+00:00\",\"dateModified\":\"2025-12-05T14:12:51+00:00\",\"breadcrumb\":{\"@id\":\"https:\/\/radio.fcejs.unsl.edu.ar\/index.php\/la-fica-presente-en-la-iii-reunion-anual-de-la-red-ribierse-cyted-2025-en-colombia\/#breadcrumb\"},\"inLanguage\":\"es-AR\",\"potentialAction\":[{\"@type\":\"ReadAction\",\"target\":[\"https:\/\/radio.fcejs.unsl.edu.ar\/index.php\/la-fica-presente-en-la-iii-reunion-anual-de-la-red-ribierse-cyted-2025-en-colombia\/\"]}]},{\"@type\":\"ImageObject\",\"inLanguage\":\"es-AR\",\"@id\":\"https:\/\/radio.fcejs.unsl.edu.ar\/index.php\/la-fica-presente-en-la-iii-reunion-anual-de-la-red-ribierse-cyted-2025-en-colombia\/#primaryimage\",\"url\":\"https:\/\/radio.fcejs.unsl.edu.ar\/wp-content\/uploads\/2025\/12\/Serra-.jpeg\",\"contentUrl\":\"https:\/\/radio.fcejs.unsl.edu.ar\/wp-content\/uploads\/2025\/12\/Serra-.jpeg\",\"width\":1280,\"height\":960},{\"@type\":\"BreadcrumbList\",\"@id\":\"https:\/\/radio.fcejs.unsl.edu.ar\/index.php\/la-fica-presente-en-la-iii-reunion-anual-de-la-red-ribierse-cyted-2025-en-colombia\/#breadcrumb\",\"itemListElement\":[{\"@type\":\"ListItem\",\"position\":1,\"name\":\"Inicio\",\"item\":\"https:\/\/radio.fcejs.unsl.edu.ar\/\"},{\"@type\":\"ListItem\",\"position\":2,\"name\":\"La FICA presente en la III Reuni\u00f3n Anual de la Red RIBIERSE\u2013CYTED 2025 en Colombia\"}]},{\"@type\":\"WebSite\",\"@id\":\"https:\/\/radio.fcejs.unsl.edu.ar\/#website\",\"url\":\"https:\/\/radio.fcejs.unsl.edu.ar\/\",\"name\":\"Radio Universidad Villa Mercedes 97.5 | UNSL\",\"description\":\"UNSL\",\"publisher\":{\"@id\":\"https:\/\/radio.fcejs.unsl.edu.ar\/#organization\"},\"potentialAction\":[{\"@type\":\"SearchAction\",\"target\":{\"@type\":\"EntryPoint\",\"urlTemplate\":\"https:\/\/radio.fcejs.unsl.edu.ar\/?s={search_term_string}\"},\"query-input\":{\"@type\":\"PropertyValueSpecification\",\"valueRequired\":true,\"valueName\":\"search_term_string\"}}],\"inLanguage\":\"es-AR\"},{\"@type\":\"Organization\",\"@id\":\"https:\/\/radio.fcejs.unsl.edu.ar\/#organization\",\"name\":\"Radio Universidad Villa Mercedes 97.5 | UNSL\",\"url\":\"https:\/\/radio.fcejs.unsl.edu.ar\/\",\"logo\":{\"@type\":\"ImageObject\",\"inLanguage\":\"es-AR\",\"@id\":\"https:\/\/radio.fcejs.unsl.edu.ar\/#\/schema\/logo\/image\/\",\"url\":\"https:\/\/radio.fcejs.unsl.edu.ar\/wp-content\/uploads\/2023\/12\/cropped-radio-villa-mercedes-97-5.png\",\"contentUrl\":\"https:\/\/radio.fcejs.unsl.edu.ar\/wp-content\/uploads\/2023\/12\/cropped-radio-villa-mercedes-97-5.png\",\"width\":908,\"height\":289,\"caption\":\"Radio Universidad Villa Mercedes 97.5 | UNSL\"},\"image\":{\"@id\":\"https:\/\/radio.fcejs.unsl.edu.ar\/#\/schema\/logo\/image\/\"}},{\"@type\":\"Person\",\"@id\":\"https:\/\/radio.fcejs.unsl.edu.ar\/#\/schema\/person\/acc8fccb15174977a9a97c2c6c9a046e\",\"name\":\"Matias Videla\",\"url\":\"https:\/\/radio.fcejs.unsl.edu.ar\/index.php\/author\/mvidela\/\"}]}<\/script>\n<!-- \/ Yoast SEO plugin. -->","yoast_head_json":{"title":"La FICA presente en la III Reuni\u00f3n Anual de la Red RIBIERSE\u2013CYTED 2025 en Colombia - Radio Universidad Villa Mercedes 97.5 | UNSL","robots":{"index":"index","follow":"follow","max-snippet":"max-snippet:-1","max-image-preview":"max-image-preview:large","max-video-preview":"max-video-preview:-1"},"canonical":"https:\/\/radio.fcejs.unsl.edu.ar\/index.php\/la-fica-presente-en-la-iii-reunion-anual-de-la-red-ribierse-cyted-2025-en-colombia\/","og_locale":"es_ES","og_type":"article","og_title":"La FICA presente en la III Reuni\u00f3n Anual de la Red RIBIERSE\u2013CYTED 2025 en Colombia - Radio Universidad Villa Mercedes 97.5 | UNSL","og_description":"Desde Radio UNSL Villa Mercedes 97.5 FM dialogamos con el decano de la Facultad de Ingenier\u00eda y Ciencias Agropecuarias (FICA), Dr. Federico Serra, quien comparti\u00f3 detalles sobre la participaci\u00f3n de la UNSL en la III Reuni\u00f3n Anual de la Red RIBIERSE\u2013CYTED 2025, realizada del 10 al 12 de noviembre en la Universidad Distrital Francisco Jos\u00e9...","og_url":"https:\/\/radio.fcejs.unsl.edu.ar\/index.php\/la-fica-presente-en-la-iii-reunion-anual-de-la-red-ribierse-cyted-2025-en-colombia\/","og_site_name":"Radio Universidad Villa Mercedes 97.5 | UNSL","article_published_time":"2025-12-02T17:02:26+00:00","article_modified_time":"2025-12-05T14:12:51+00:00","og_image":[{"width":1280,"height":960,"url":"http:\/\/radio.fcejs.unsl.edu.ar\/wp-content\/uploads\/2025\/12\/Serra-.jpeg","type":"image\/jpeg"}],"author":"Matias Videla","twitter_card":"summary_large_image","twitter_misc":{"Escrito por":"Matias Videla","Tiempo de lectura":"2 minutos"},"schema":{"@context":"https:\/\/schema.org","@graph":[{"@type":"Article","@id":"https:\/\/radio.fcejs.unsl.edu.ar\/index.php\/la-fica-presente-en-la-iii-reunion-anual-de-la-red-ribierse-cyted-2025-en-colombia\/#article","isPartOf":{"@id":"https:\/\/radio.fcejs.unsl.edu.ar\/index.php\/la-fica-presente-en-la-iii-reunion-anual-de-la-red-ribierse-cyted-2025-en-colombia\/"},"author":{"name":"Matias Videla","@id":"https:\/\/radio.fcejs.unsl.edu.ar\/#\/schema\/person\/acc8fccb15174977a9a97c2c6c9a046e"},"headline":"La FICA presente en la III Reuni\u00f3n Anual de la Red RIBIERSE\u2013CYTED 2025 en Colombia","datePublished":"2025-12-02T17:02:26+00:00","dateModified":"2025-12-05T14:12:51+00:00","mainEntityOfPage":{"@id":"https:\/\/radio.fcejs.unsl.edu.ar\/index.php\/la-fica-presente-en-la-iii-reunion-anual-de-la-red-ribierse-cyted-2025-en-colombia\/"},"wordCount":439,"publisher":{"@id":"https:\/\/radio.fcejs.unsl.edu.ar\/#organization"},"image":{"@id":"https:\/\/radio.fcejs.unsl.edu.ar\/index.php\/la-fica-presente-en-la-iii-reunion-anual-de-la-red-ribierse-cyted-2025-en-colombia\/#primaryimage"},"thumbnailUrl":"https:\/\/radio.fcejs.unsl.edu.ar\/wp-content\/uploads\/2025\/12\/Serra-.jpeg","articleSection":["Entrevistas"],"inLanguage":"es-AR"},{"@type":"WebPage","@id":"https:\/\/radio.fcejs.unsl.edu.ar\/index.php\/la-fica-presente-en-la-iii-reunion-anual-de-la-red-ribierse-cyted-2025-en-colombia\/","url":"https:\/\/radio.fcejs.unsl.edu.ar\/index.php\/la-fica-presente-en-la-iii-reunion-anual-de-la-red-ribierse-cyted-2025-en-colombia\/","name":"La FICA presente en la III Reuni\u00f3n Anual de la Red RIBIERSE\u2013CYTED 2025 en Colombia - Radio Universidad Villa Mercedes 97.5 | UNSL","isPartOf":{"@id":"https:\/\/radio.fcejs.unsl.edu.ar\/#website"},"primaryImageOfPage":{"@id":"https:\/\/radio.fcejs.unsl.edu.ar\/index.php\/la-fica-presente-en-la-iii-reunion-anual-de-la-red-ribierse-cyted-2025-en-colombia\/#primaryimage"},"image":{"@id":"https:\/\/radio.fcejs.unsl.edu.ar\/index.php\/la-fica-presente-en-la-iii-reunion-anual-de-la-red-ribierse-cyted-2025-en-colombia\/#primaryimage"},"thumbnailUrl":"https:\/\/radio.fcejs.unsl.edu.ar\/wp-content\/uploads\/2025\/12\/Serra-.jpeg","datePublished":"2025-12-02T17:02:26+00:00","dateModified":"2025-12-05T14:12:51+00:00","breadcrumb":{"@id":"https:\/\/radio.fcejs.unsl.edu.ar\/index.php\/la-fica-presente-en-la-iii-reunion-anual-de-la-red-ribierse-cyted-2025-en-colombia\/#breadcrumb"},"inLanguage":"es-AR","potentialAction":[{"@type":"ReadAction","target":["https:\/\/radio.fcejs.unsl.edu.ar\/index.php\/la-fica-presente-en-la-iii-reunion-anual-de-la-red-ribierse-cyted-2025-en-colombia\/"]}]},{"@type":"ImageObject","inLanguage":"es-AR","@id":"https:\/\/radio.fcejs.unsl.edu.ar\/index.php\/la-fica-presente-en-la-iii-reunion-anual-de-la-red-ribierse-cyted-2025-en-colombia\/#primaryimage","url":"https:\/\/radio.fcejs.unsl.edu.ar\/wp-content\/uploads\/2025\/12\/Serra-.jpeg","contentUrl":"https:\/\/radio.fcejs.unsl.edu.ar\/wp-content\/uploads\/2025\/12\/Serra-.jpeg","width":1280,"height":960},{"@type":"BreadcrumbList","@id":"https:\/\/radio.fcejs.unsl.edu.ar\/index.php\/la-fica-presente-en-la-iii-reunion-anual-de-la-red-ribierse-cyted-2025-en-colombia\/#breadcrumb","itemListElement":[{"@type":"ListItem","position":1,"name":"Inicio","item":"https:\/\/radio.fcejs.unsl.edu.ar\/"},{"@type":"ListItem","position":2,"name":"La FICA presente en la III Reuni\u00f3n Anual de la Red RIBIERSE\u2013CYTED 2025 en Colombia"}]},{"@type":"WebSite","@id":"https:\/\/radio.fcejs.unsl.edu.ar\/#website","url":"https:\/\/radio.fcejs.unsl.edu.ar\/","name":"Radio Universidad Villa Mercedes 97.5 | UNSL","description":"UNSL","publisher":{"@id":"https:\/\/radio.fcejs.unsl.edu.ar\/#organization"},"potentialAction":[{"@type":"SearchAction","target":{"@type":"EntryPoint","urlTemplate":"https:\/\/radio.fcejs.unsl.edu.ar\/?s={search_term_string}"},"query-input":{"@type":"PropertyValueSpecification","valueRequired":true,"valueName":"search_term_string"}}],"inLanguage":"es-AR"},{"@type":"Organization","@id":"https:\/\/radio.fcejs.unsl.edu.ar\/#organization","name":"Radio Universidad Villa Mercedes 97.5 | UNSL","url":"https:\/\/radio.fcejs.unsl.edu.ar\/","logo":{"@type":"ImageObject","inLanguage":"es-AR","@id":"https:\/\/radio.fcejs.unsl.edu.ar\/#\/schema\/logo\/image\/","url":"https:\/\/radio.fcejs.unsl.edu.ar\/wp-content\/uploads\/2023\/12\/cropped-radio-villa-mercedes-97-5.png","contentUrl":"https:\/\/radio.fcejs.unsl.edu.ar\/wp-content\/uploads\/2023\/12\/cropped-radio-villa-mercedes-97-5.png","width":908,"height":289,"caption":"Radio Universidad Villa Mercedes 97.5 | UNSL"},"image":{"@id":"https:\/\/radio.fcejs.unsl.edu.ar\/#\/schema\/logo\/image\/"}},{"@type":"Person","@id":"https:\/\/radio.fcejs.unsl.edu.ar\/#\/schema\/person\/acc8fccb15174977a9a97c2c6c9a046e","name":"Matias Videla","url":"https:\/\/radio.fcejs.unsl.edu.ar\/index.php\/author\/mvidela\/"}]}},"_links":{"self":[{"href":"https:\/\/radio.fcejs.unsl.edu.ar\/index.php\/wp-json\/wp\/v2\/posts\/3658","targetHints":{"allow":["GET"]}}],"collection":[{"href":"https:\/\/radio.fcejs.unsl.edu.ar\/index.php\/wp-json\/wp\/v2\/posts"}],"about":[{"href":"https:\/\/radio.fcejs.unsl.edu.ar\/index.php\/wp-json\/wp\/v2\/types\/post"}],"author":[{"embeddable":true,"href":"https:\/\/radio.fcejs.unsl.edu.ar\/index.php\/wp-json\/wp\/v2\/users\/7"}],"replies":[{"embeddable":true,"href":"https:\/\/radio.fcejs.unsl.edu.ar\/index.php\/wp-json\/wp\/v2\/comments?post=3658"}],"version-history":[{"count":3,"href":"https:\/\/radio.fcejs.unsl.edu.ar\/index.php\/wp-json\/wp\/v2\/posts\/3658\/revisions"}],"predecessor-version":[{"id":3679,"href":"https:\/\/radio.fcejs.unsl.edu.ar\/index.php\/wp-json\/wp\/v2\/posts\/3658\/revisions\/3679"}],"wp:featuredmedia":[{"embeddable":true,"href":"https:\/\/radio.fcejs.unsl.edu.ar\/index.php\/wp-json\/wp\/v2\/media\/3659"}],"wp:attachment":[{"href":"https:\/\/radio.fcejs.unsl.edu.ar\/index.php\/wp-json\/wp\/v2\/media?parent=3658"}],"wp:term":[{"taxonomy":"category","embeddable":true,"href":"https:\/\/radio.fcejs.unsl.edu.ar\/index.php\/wp-json\/wp\/v2\/categories?post=3658"},{"taxonomy":"post_tag","embeddable":true,"href":"https:\/\/radio.fcejs.unsl.edu.ar\/index.php\/wp-json\/wp\/v2\/tags?post=3658"}],"curies":[{"name":"wp","href":"https:\/\/api.w.org\/{rel}","templated":true}]}}