{"id":3654,"date":"2025-11-20T08:52:07","date_gmt":"2025-11-20T11:52:07","guid":{"rendered":"https:\/\/radio.fcejs.unsl.edu.ar\/?p=3654"},"modified":"2025-11-20T08:52:07","modified_gmt":"2025-11-20T11:52:07","slug":"entre-la-ciencia-y-la-justicia-llega-a-la-unsl-una-charla-imperdible-sobre-antropologia-forense","status":"publish","type":"post","link":"https:\/\/radio.fcejs.unsl.edu.ar\/index.php\/entre-la-ciencia-y-la-justicia-llega-a-la-unsl-una-charla-imperdible-sobre-antropologia-forense\/","title":{"rendered":"Entre la ciencia y la justicia: llega a la UNSL una charla imperdible sobre Antropolog\u00eda Forense"},"content":{"rendered":"<p>El <strong><u>Lic. Esteban Arias<\/u><\/strong>, docente de la FCEJS, nos brinda detalles sobre\u00a0 la <strong>conferencia \u201cAntropolog\u00eda y Ciencias Forenses\u201d<\/strong>, que se realizar\u00e1 este <strong>jueves 20 de noviembre, con acreditaciones a partir de las 9:30 horas,<\/strong> en el Instituto Escuela de Econom\u00eda, Negocios y Transferencia Tecnol\u00f3gica (Pescadores 314, Villa Mercedes).<\/p>\n<p>Dicha actividad contar\u00e1 con la <u>disertaci\u00f3n del Dr. Dar\u00edo Mariano Olmo<\/u>, socio fundador e investigador del Equipo Argentino de Antropolog\u00eda Forense (EAAF) entre 1985 y 2010, organizaci\u00f3n en la que adem\u00e1s ejerci\u00f3 la Presidencia entre 1997 y 2003.<\/p>\n<p>En la entrevista el Lic. Arias nos cuenta un poco acerca de la historia y trabajo que realiza el Equipo Argentino de Antropolog\u00eda Forense, y destaca la valiosa participaci\u00f3n que tuvo y\u00a0 c\u00f3mo contribuy\u00f3 su trabajo de investigaci\u00f3n para la identificaci\u00f3n de cientos de cuerpos de desaparecidos en la \u00faltima dictadura c\u00edvico militar argentina, entre ellos el cuerpo de la nieta de Estela de Carlotto presidenta de la asociaci\u00f3n\u00a0Abuelas de Plaza de Mayo.<\/p>\n<p>La conferencia\u00a0<strong>ser\u00e1 de modalidad h\u00edbrida<\/strong>, permitiendo la participaci\u00f3n\u00a0<strong>presencial y virtual<\/strong>\u00a0de interesados de otras provincias.<\/p>\n<p><strong>Escucha la entrevista realizada a\u00a0<\/strong><strong><u>Esteban Arias<\/u><\/strong>, para<strong> el programa radial \u201cLa Quilla, \u00a0en el siguiente audio:<\/strong><\/p>\n<audio class=\"wp-audio-shortcode\" id=\"audio-3654-1\" preload=\"none\" style=\"width: 100%;\" controls=\"controls\"><source type=\"audio\/mpeg\" src=\"https:\/\/radioupload.fica.unsl.edu.ar\/files\/jb\/Lic-%20Esteban%20Arias%20S%20Conferencia%20Antropolg%20y%20Cs%20Forenses%2013-11-25.mp3?_=1\" \/><a href=\"https:\/\/radioupload.fica.unsl.edu.ar\/files\/jb\/Lic-%20Esteban%20Arias%20S%20Conferencia%20Antropolg%20y%20Cs%20Forenses%2013-11-25.mp3\">https:\/\/radioupload.fica.unsl.edu.ar\/files\/jb\/Lic-%20Esteban%20Arias%20S%20Conferencia%20Antropolg%20y%20Cs%20Forenses%2013-11-25.mp3<\/a><\/audio>\n<p>El encuentro\u00a0<strong>busca compartir una mirada integral sobre la diversidad de campos que conforman hoy las ciencias forenses en el pa\u00eds<\/strong>, analizar el avance de las investigaciones cient\u00edficas vinculadas a la Justicia Transicional, y promover una visi\u00f3n interdisciplinaria entre la pr\u00e1ctica cient\u00edfica y la administraci\u00f3n de justicia.<\/p>\n<p><img fetchpriority=\"high\" decoding=\"async\" class=\"aligncenter wp-image-3656 size-large\" src=\"http:\/\/radio.fcejs.unsl.edu.ar\/wp-content\/uploads\/2025\/11\/PLACA-WEB-ANTROPOLOGIA-FORENSE-1536x864-1-1024x576.png\" alt=\"\" width=\"1024\" height=\"576\" srcset=\"https:\/\/radio.fcejs.unsl.edu.ar\/wp-content\/uploads\/2025\/11\/PLACA-WEB-ANTROPOLOGIA-FORENSE-1536x864-1-1024x576.png 1024w, https:\/\/radio.fcejs.unsl.edu.ar\/wp-content\/uploads\/2025\/11\/PLACA-WEB-ANTROPOLOGIA-FORENSE-1536x864-1-300x169.png 300w, https:\/\/radio.fcejs.unsl.edu.ar\/wp-content\/uploads\/2025\/11\/PLACA-WEB-ANTROPOLOGIA-FORENSE-1536x864-1-768x432.png 768w, https:\/\/radio.fcejs.unsl.edu.ar\/wp-content\/uploads\/2025\/11\/PLACA-WEB-ANTROPOLOGIA-FORENSE-1536x864-1.png 1536w\" sizes=\"(max-width: 1024px) 100vw, 1024px\" \/><\/p>\n<p>-El Dr.\u00a0<strong>Dar\u00edo Mariano Olmo<\/strong>\u00a0es Licenciado en Antropolog\u00eda por la Facultad de Ciencias Naturales de la Universidad Nacional de La Plata, instituci\u00f3n que en 2015 tambi\u00e9n le otorg\u00f3 el t\u00edtulo de\u00a0<strong>Doctor Honoris Causa<\/strong>\u00a0en reconocimiento a su trayectoria. Fue\u00a0<strong>socio fundador<\/strong>\u00a0e\u00a0<strong>investigador<\/strong>\u00a0del Equipo Argentino de Antropolog\u00eda Forense (EAAF) entre 1985 y 2010, organizaci\u00f3n en la que adem\u00e1s ejerci\u00f3 la\u00a0<strong>Presidencia<\/strong>\u00a0entre 1997 y 2003. En el marco de su labor con el EAAF, particip\u00f3 en investigaciones y misiones humanitarias en pa\u00edses como Argentina, Uruguay, Bolivia, Chile, Per\u00fa, Colombia, Venezuela, Brasil, Paraguay, Panam\u00e1, Honduras, Guatemala, Kosovo y la Rep\u00fablica Democr\u00e1tica del Congo.<\/p>\n<p>Actualmente, es\u00a0<strong data-start=\"1155\" data-end=\"1185\">Profesor Titular Ordinario<\/strong>\u00a0de la Universidad Nacional de C\u00f3rdoba y\u00a0<strong data-start=\"1226\" data-end=\"1284\">Director del Centro Universitario de Estudios Sociales<\/strong>\u00a0de la Universidad Provincial de C\u00f3rdoba. Adem\u00e1s de su actividad docente e institucional, ha editado libros y publicado art\u00edculos en revistas con referato internacional.<\/p>\n<p data-start=\"1455\" data-end=\"1638\" data-is-last-node=\"\" data-is-only-node=\"\">En 2016 recibi\u00f3 el\u00a0<strong data-start=\"1474\" data-end=\"1490\">Premio Konex<\/strong>\u00a0en la categor\u00eda Antropolog\u00eda, distinci\u00f3n que reconoce su extensa y valiosa contribuci\u00f3n al campo cient\u00edfico y a la defensa de los derechos humanos.<\/p>\n<p data-start=\"1455\" data-end=\"1638\" data-is-last-node=\"\" data-is-only-node=\"\">\n<p data-start=\"1455\" data-end=\"1638\" data-is-last-node=\"\" data-is-only-node=\"\"><strong>Nota y cobertura: Virginia Aguilera- Radio UNSL Villa Mercedes 97.5 FM.-<\/strong><\/p>\n","protected":false},"excerpt":{"rendered":"<p>El Lic. Esteban Arias, docente de la FCEJS, nos brinda detalles sobre\u00a0 la conferencia \u201cAntropolog\u00eda y Ciencias Forenses\u201d, que se realizar\u00e1 este jueves 20 de noviembre, con acreditaciones a partir de las 9:30 horas, en el Instituto Escuela de Econom\u00eda, Negocios y Transferencia Tecnol\u00f3gica (Pescadores 314, Villa Mercedes). Dicha actividad contar\u00e1 con la disertaci\u00f3n del&#8230;<\/p>\n","protected":false},"author":5,"featured_media":3655,"comment_status":"closed","ping_status":"closed","sticky":false,"template":"","format":"standard","meta":{"_kad_post_transparent":"default","_kad_post_title":"default","_kad_post_layout":"default","_kad_post_sidebar_id":"","_kad_post_content_style":"default","_kad_post_vertical_padding":"default","_kad_post_feature":"","_kad_post_feature_position":"","_kad_post_header":false,"_kad_post_footer":false,"_kad_post_classname":"","footnotes":""},"categories":[14],"tags":[],"class_list":["post-3654","post","type-post","status-publish","format-standard","has-post-thumbnail","hentry","category-entrevistas"],"yoast_head":"<!-- This site is optimized with the Yoast SEO plugin v27.2 - https:\/\/yoast.com\/product\/yoast-seo-wordpress\/ -->\n<title>Entre la ciencia y la justicia: llega a la UNSL una charla imperdible sobre Antropolog\u00eda Forense - Radio Universidad Villa Mercedes 97.5 | UNSL<\/title>\n<meta name=\"robots\" content=\"index, follow, max-snippet:-1, max-image-preview:large, max-video-preview:-1\" \/>\n<link rel=\"canonical\" href=\"https:\/\/radio.fcejs.unsl.edu.ar\/index.php\/entre-la-ciencia-y-la-justicia-llega-a-la-unsl-una-charla-imperdible-sobre-antropologia-forense\/\" \/>\n<meta property=\"og:locale\" content=\"es_ES\" \/>\n<meta property=\"og:type\" content=\"article\" \/>\n<meta property=\"og:title\" content=\"Entre la ciencia y la justicia: llega a la UNSL una charla imperdible sobre Antropolog\u00eda Forense - Radio Universidad Villa Mercedes 97.5 | UNSL\" \/>\n<meta property=\"og:description\" content=\"El Lic. Esteban Arias, docente de la FCEJS, nos brinda detalles sobre\u00a0 la conferencia \u201cAntropolog\u00eda y Ciencias Forenses\u201d, que se realizar\u00e1 este jueves 20 de noviembre, con acreditaciones a partir de las 9:30 horas, en el Instituto Escuela de Econom\u00eda, Negocios y Transferencia Tecnol\u00f3gica (Pescadores 314, Villa Mercedes). Dicha actividad contar\u00e1 con la disertaci\u00f3n del...\" \/>\n<meta property=\"og:url\" content=\"https:\/\/radio.fcejs.unsl.edu.ar\/index.php\/entre-la-ciencia-y-la-justicia-llega-a-la-unsl-una-charla-imperdible-sobre-antropologia-forense\/\" \/>\n<meta property=\"og:site_name\" content=\"Radio Universidad Villa Mercedes 97.5 | UNSL\" \/>\n<meta property=\"article:published_time\" content=\"2025-11-20T11:52:07+00:00\" \/>\n<meta property=\"og:image\" content=\"http:\/\/radio.fcejs.unsl.edu.ar\/wp-content\/uploads\/2025\/11\/Esteban-Arias-foto.jpeg\" \/>\n\t<meta property=\"og:image:width\" content=\"1280\" \/>\n\t<meta property=\"og:image:height\" content=\"591\" \/>\n\t<meta property=\"og:image:type\" content=\"image\/jpeg\" \/>\n<meta name=\"author\" content=\"Virginia Aguilera\" \/>\n<meta name=\"twitter:card\" content=\"summary_large_image\" \/>\n<meta name=\"twitter:label1\" content=\"Escrito por\" \/>\n\t<meta name=\"twitter:data1\" content=\"Virginia Aguilera\" \/>\n\t<meta name=\"twitter:label2\" content=\"Tiempo de lectura\" \/>\n\t<meta name=\"twitter:data2\" content=\"3 minutos\" \/>\n<script type=\"application\/ld+json\" class=\"yoast-schema-graph\">{\"@context\":\"https:\/\/schema.org\",\"@graph\":[{\"@type\":\"Article\",\"@id\":\"https:\/\/radio.fcejs.unsl.edu.ar\/index.php\/entre-la-ciencia-y-la-justicia-llega-a-la-unsl-una-charla-imperdible-sobre-antropologia-forense\/#article\",\"isPartOf\":{\"@id\":\"https:\/\/radio.fcejs.unsl.edu.ar\/index.php\/entre-la-ciencia-y-la-justicia-llega-a-la-unsl-una-charla-imperdible-sobre-antropologia-forense\/\"},\"author\":{\"name\":\"Virginia Aguilera\",\"@id\":\"https:\/\/radio.fcejs.unsl.edu.ar\/#\/schema\/person\/71179a56ee499ac8cd4e46f865c627c7\"},\"headline\":\"Entre la ciencia y la justicia: llega a la UNSL una charla imperdible sobre Antropolog\u00eda Forense\",\"datePublished\":\"2025-11-20T11:52:07+00:00\",\"mainEntityOfPage\":{\"@id\":\"https:\/\/radio.fcejs.unsl.edu.ar\/index.php\/entre-la-ciencia-y-la-justicia-llega-a-la-unsl-una-charla-imperdible-sobre-antropologia-forense\/\"},\"wordCount\":497,\"publisher\":{\"@id\":\"https:\/\/radio.fcejs.unsl.edu.ar\/#organization\"},\"image\":{\"@id\":\"https:\/\/radio.fcejs.unsl.edu.ar\/index.php\/entre-la-ciencia-y-la-justicia-llega-a-la-unsl-una-charla-imperdible-sobre-antropologia-forense\/#primaryimage\"},\"thumbnailUrl\":\"https:\/\/radio.fcejs.unsl.edu.ar\/wp-content\/uploads\/2025\/11\/Esteban-Arias-foto.jpeg\",\"articleSection\":[\"Entrevistas\"],\"inLanguage\":\"es-AR\"},{\"@type\":\"WebPage\",\"@id\":\"https:\/\/radio.fcejs.unsl.edu.ar\/index.php\/entre-la-ciencia-y-la-justicia-llega-a-la-unsl-una-charla-imperdible-sobre-antropologia-forense\/\",\"url\":\"https:\/\/radio.fcejs.unsl.edu.ar\/index.php\/entre-la-ciencia-y-la-justicia-llega-a-la-unsl-una-charla-imperdible-sobre-antropologia-forense\/\",\"name\":\"Entre la ciencia y la justicia: llega a la UNSL una charla imperdible sobre Antropolog\u00eda Forense - Radio Universidad Villa Mercedes 97.5 | UNSL\",\"isPartOf\":{\"@id\":\"https:\/\/radio.fcejs.unsl.edu.ar\/#website\"},\"primaryImageOfPage\":{\"@id\":\"https:\/\/radio.fcejs.unsl.edu.ar\/index.php\/entre-la-ciencia-y-la-justicia-llega-a-la-unsl-una-charla-imperdible-sobre-antropologia-forense\/#primaryimage\"},\"image\":{\"@id\":\"https:\/\/radio.fcejs.unsl.edu.ar\/index.php\/entre-la-ciencia-y-la-justicia-llega-a-la-unsl-una-charla-imperdible-sobre-antropologia-forense\/#primaryimage\"},\"thumbnailUrl\":\"https:\/\/radio.fcejs.unsl.edu.ar\/wp-content\/uploads\/2025\/11\/Esteban-Arias-foto.jpeg\",\"datePublished\":\"2025-11-20T11:52:07+00:00\",\"breadcrumb\":{\"@id\":\"https:\/\/radio.fcejs.unsl.edu.ar\/index.php\/entre-la-ciencia-y-la-justicia-llega-a-la-unsl-una-charla-imperdible-sobre-antropologia-forense\/#breadcrumb\"},\"inLanguage\":\"es-AR\",\"potentialAction\":[{\"@type\":\"ReadAction\",\"target\":[\"https:\/\/radio.fcejs.unsl.edu.ar\/index.php\/entre-la-ciencia-y-la-justicia-llega-a-la-unsl-una-charla-imperdible-sobre-antropologia-forense\/\"]}]},{\"@type\":\"ImageObject\",\"inLanguage\":\"es-AR\",\"@id\":\"https:\/\/radio.fcejs.unsl.edu.ar\/index.php\/entre-la-ciencia-y-la-justicia-llega-a-la-unsl-una-charla-imperdible-sobre-antropologia-forense\/#primaryimage\",\"url\":\"https:\/\/radio.fcejs.unsl.edu.ar\/wp-content\/uploads\/2025\/11\/Esteban-Arias-foto.jpeg\",\"contentUrl\":\"https:\/\/radio.fcejs.unsl.edu.ar\/wp-content\/uploads\/2025\/11\/Esteban-Arias-foto.jpeg\",\"width\":1280,\"height\":591},{\"@type\":\"BreadcrumbList\",\"@id\":\"https:\/\/radio.fcejs.unsl.edu.ar\/index.php\/entre-la-ciencia-y-la-justicia-llega-a-la-unsl-una-charla-imperdible-sobre-antropologia-forense\/#breadcrumb\",\"itemListElement\":[{\"@type\":\"ListItem\",\"position\":1,\"name\":\"Inicio\",\"item\":\"https:\/\/radio.fcejs.unsl.edu.ar\/\"},{\"@type\":\"ListItem\",\"position\":2,\"name\":\"Entre la ciencia y la justicia: llega a la UNSL una charla imperdible sobre Antropolog\u00eda Forense\"}]},{\"@type\":\"WebSite\",\"@id\":\"https:\/\/radio.fcejs.unsl.edu.ar\/#website\",\"url\":\"https:\/\/radio.fcejs.unsl.edu.ar\/\",\"name\":\"Radio Universidad Villa Mercedes 97.5 | UNSL\",\"description\":\"UNSL\",\"publisher\":{\"@id\":\"https:\/\/radio.fcejs.unsl.edu.ar\/#organization\"},\"potentialAction\":[{\"@type\":\"SearchAction\",\"target\":{\"@type\":\"EntryPoint\",\"urlTemplate\":\"https:\/\/radio.fcejs.unsl.edu.ar\/?s={search_term_string}\"},\"query-input\":{\"@type\":\"PropertyValueSpecification\",\"valueRequired\":true,\"valueName\":\"search_term_string\"}}],\"inLanguage\":\"es-AR\"},{\"@type\":\"Organization\",\"@id\":\"https:\/\/radio.fcejs.unsl.edu.ar\/#organization\",\"name\":\"Radio Universidad Villa Mercedes 97.5 | UNSL\",\"url\":\"https:\/\/radio.fcejs.unsl.edu.ar\/\",\"logo\":{\"@type\":\"ImageObject\",\"inLanguage\":\"es-AR\",\"@id\":\"https:\/\/radio.fcejs.unsl.edu.ar\/#\/schema\/logo\/image\/\",\"url\":\"https:\/\/radio.fcejs.unsl.edu.ar\/wp-content\/uploads\/2023\/12\/cropped-radio-villa-mercedes-97-5.png\",\"contentUrl\":\"https:\/\/radio.fcejs.unsl.edu.ar\/wp-content\/uploads\/2023\/12\/cropped-radio-villa-mercedes-97-5.png\",\"width\":908,\"height\":289,\"caption\":\"Radio Universidad Villa Mercedes 97.5 | UNSL\"},\"image\":{\"@id\":\"https:\/\/radio.fcejs.unsl.edu.ar\/#\/schema\/logo\/image\/\"}},{\"@type\":\"Person\",\"@id\":\"https:\/\/radio.fcejs.unsl.edu.ar\/#\/schema\/person\/71179a56ee499ac8cd4e46f865c627c7\",\"name\":\"Virginia Aguilera\",\"url\":\"https:\/\/radio.fcejs.unsl.edu.ar\/index.php\/author\/viraguilera\/\"}]}<\/script>\n<!-- \/ Yoast SEO plugin. -->","yoast_head_json":{"title":"Entre la ciencia y la justicia: llega a la UNSL una charla imperdible sobre Antropolog\u00eda Forense - Radio Universidad Villa Mercedes 97.5 | UNSL","robots":{"index":"index","follow":"follow","max-snippet":"max-snippet:-1","max-image-preview":"max-image-preview:large","max-video-preview":"max-video-preview:-1"},"canonical":"https:\/\/radio.fcejs.unsl.edu.ar\/index.php\/entre-la-ciencia-y-la-justicia-llega-a-la-unsl-una-charla-imperdible-sobre-antropologia-forense\/","og_locale":"es_ES","og_type":"article","og_title":"Entre la ciencia y la justicia: llega a la UNSL una charla imperdible sobre Antropolog\u00eda Forense - Radio Universidad Villa Mercedes 97.5 | UNSL","og_description":"El Lic. Esteban Arias, docente de la FCEJS, nos brinda detalles sobre\u00a0 la conferencia \u201cAntropolog\u00eda y Ciencias Forenses\u201d, que se realizar\u00e1 este jueves 20 de noviembre, con acreditaciones a partir de las 9:30 horas, en el Instituto Escuela de Econom\u00eda, Negocios y Transferencia Tecnol\u00f3gica (Pescadores 314, Villa Mercedes). Dicha actividad contar\u00e1 con la disertaci\u00f3n del...","og_url":"https:\/\/radio.fcejs.unsl.edu.ar\/index.php\/entre-la-ciencia-y-la-justicia-llega-a-la-unsl-una-charla-imperdible-sobre-antropologia-forense\/","og_site_name":"Radio Universidad Villa Mercedes 97.5 | UNSL","article_published_time":"2025-11-20T11:52:07+00:00","og_image":[{"width":1280,"height":591,"url":"http:\/\/radio.fcejs.unsl.edu.ar\/wp-content\/uploads\/2025\/11\/Esteban-Arias-foto.jpeg","type":"image\/jpeg"}],"author":"Virginia Aguilera","twitter_card":"summary_large_image","twitter_misc":{"Escrito por":"Virginia Aguilera","Tiempo de lectura":"3 minutos"},"schema":{"@context":"https:\/\/schema.org","@graph":[{"@type":"Article","@id":"https:\/\/radio.fcejs.unsl.edu.ar\/index.php\/entre-la-ciencia-y-la-justicia-llega-a-la-unsl-una-charla-imperdible-sobre-antropologia-forense\/#article","isPartOf":{"@id":"https:\/\/radio.fcejs.unsl.edu.ar\/index.php\/entre-la-ciencia-y-la-justicia-llega-a-la-unsl-una-charla-imperdible-sobre-antropologia-forense\/"},"author":{"name":"Virginia Aguilera","@id":"https:\/\/radio.fcejs.unsl.edu.ar\/#\/schema\/person\/71179a56ee499ac8cd4e46f865c627c7"},"headline":"Entre la ciencia y la justicia: llega a la UNSL una charla imperdible sobre Antropolog\u00eda Forense","datePublished":"2025-11-20T11:52:07+00:00","mainEntityOfPage":{"@id":"https:\/\/radio.fcejs.unsl.edu.ar\/index.php\/entre-la-ciencia-y-la-justicia-llega-a-la-unsl-una-charla-imperdible-sobre-antropologia-forense\/"},"wordCount":497,"publisher":{"@id":"https:\/\/radio.fcejs.unsl.edu.ar\/#organization"},"image":{"@id":"https:\/\/radio.fcejs.unsl.edu.ar\/index.php\/entre-la-ciencia-y-la-justicia-llega-a-la-unsl-una-charla-imperdible-sobre-antropologia-forense\/#primaryimage"},"thumbnailUrl":"https:\/\/radio.fcejs.unsl.edu.ar\/wp-content\/uploads\/2025\/11\/Esteban-Arias-foto.jpeg","articleSection":["Entrevistas"],"inLanguage":"es-AR"},{"@type":"WebPage","@id":"https:\/\/radio.fcejs.unsl.edu.ar\/index.php\/entre-la-ciencia-y-la-justicia-llega-a-la-unsl-una-charla-imperdible-sobre-antropologia-forense\/","url":"https:\/\/radio.fcejs.unsl.edu.ar\/index.php\/entre-la-ciencia-y-la-justicia-llega-a-la-unsl-una-charla-imperdible-sobre-antropologia-forense\/","name":"Entre la ciencia y la justicia: llega a la UNSL una charla imperdible sobre Antropolog\u00eda Forense - Radio Universidad Villa Mercedes 97.5 | UNSL","isPartOf":{"@id":"https:\/\/radio.fcejs.unsl.edu.ar\/#website"},"primaryImageOfPage":{"@id":"https:\/\/radio.fcejs.unsl.edu.ar\/index.php\/entre-la-ciencia-y-la-justicia-llega-a-la-unsl-una-charla-imperdible-sobre-antropologia-forense\/#primaryimage"},"image":{"@id":"https:\/\/radio.fcejs.unsl.edu.ar\/index.php\/entre-la-ciencia-y-la-justicia-llega-a-la-unsl-una-charla-imperdible-sobre-antropologia-forense\/#primaryimage"},"thumbnailUrl":"https:\/\/radio.fcejs.unsl.edu.ar\/wp-content\/uploads\/2025\/11\/Esteban-Arias-foto.jpeg","datePublished":"2025-11-20T11:52:07+00:00","breadcrumb":{"@id":"https:\/\/radio.fcejs.unsl.edu.ar\/index.php\/entre-la-ciencia-y-la-justicia-llega-a-la-unsl-una-charla-imperdible-sobre-antropologia-forense\/#breadcrumb"},"inLanguage":"es-AR","potentialAction":[{"@type":"ReadAction","target":["https:\/\/radio.fcejs.unsl.edu.ar\/index.php\/entre-la-ciencia-y-la-justicia-llega-a-la-unsl-una-charla-imperdible-sobre-antropologia-forense\/"]}]},{"@type":"ImageObject","inLanguage":"es-AR","@id":"https:\/\/radio.fcejs.unsl.edu.ar\/index.php\/entre-la-ciencia-y-la-justicia-llega-a-la-unsl-una-charla-imperdible-sobre-antropologia-forense\/#primaryimage","url":"https:\/\/radio.fcejs.unsl.edu.ar\/wp-content\/uploads\/2025\/11\/Esteban-Arias-foto.jpeg","contentUrl":"https:\/\/radio.fcejs.unsl.edu.ar\/wp-content\/uploads\/2025\/11\/Esteban-Arias-foto.jpeg","width":1280,"height":591},{"@type":"BreadcrumbList","@id":"https:\/\/radio.fcejs.unsl.edu.ar\/index.php\/entre-la-ciencia-y-la-justicia-llega-a-la-unsl-una-charla-imperdible-sobre-antropologia-forense\/#breadcrumb","itemListElement":[{"@type":"ListItem","position":1,"name":"Inicio","item":"https:\/\/radio.fcejs.unsl.edu.ar\/"},{"@type":"ListItem","position":2,"name":"Entre la ciencia y la justicia: llega a la UNSL una charla imperdible sobre Antropolog\u00eda Forense"}]},{"@type":"WebSite","@id":"https:\/\/radio.fcejs.unsl.edu.ar\/#website","url":"https:\/\/radio.fcejs.unsl.edu.ar\/","name":"Radio Universidad Villa Mercedes 97.5 | UNSL","description":"UNSL","publisher":{"@id":"https:\/\/radio.fcejs.unsl.edu.ar\/#organization"},"potentialAction":[{"@type":"SearchAction","target":{"@type":"EntryPoint","urlTemplate":"https:\/\/radio.fcejs.unsl.edu.ar\/?s={search_term_string}"},"query-input":{"@type":"PropertyValueSpecification","valueRequired":true,"valueName":"search_term_string"}}],"inLanguage":"es-AR"},{"@type":"Organization","@id":"https:\/\/radio.fcejs.unsl.edu.ar\/#organization","name":"Radio Universidad Villa Mercedes 97.5 | UNSL","url":"https:\/\/radio.fcejs.unsl.edu.ar\/","logo":{"@type":"ImageObject","inLanguage":"es-AR","@id":"https:\/\/radio.fcejs.unsl.edu.ar\/#\/schema\/logo\/image\/","url":"https:\/\/radio.fcejs.unsl.edu.ar\/wp-content\/uploads\/2023\/12\/cropped-radio-villa-mercedes-97-5.png","contentUrl":"https:\/\/radio.fcejs.unsl.edu.ar\/wp-content\/uploads\/2023\/12\/cropped-radio-villa-mercedes-97-5.png","width":908,"height":289,"caption":"Radio Universidad Villa Mercedes 97.5 | UNSL"},"image":{"@id":"https:\/\/radio.fcejs.unsl.edu.ar\/#\/schema\/logo\/image\/"}},{"@type":"Person","@id":"https:\/\/radio.fcejs.unsl.edu.ar\/#\/schema\/person\/71179a56ee499ac8cd4e46f865c627c7","name":"Virginia Aguilera","url":"https:\/\/radio.fcejs.unsl.edu.ar\/index.php\/author\/viraguilera\/"}]}},"_links":{"self":[{"href":"https:\/\/radio.fcejs.unsl.edu.ar\/index.php\/wp-json\/wp\/v2\/posts\/3654","targetHints":{"allow":["GET"]}}],"collection":[{"href":"https:\/\/radio.fcejs.unsl.edu.ar\/index.php\/wp-json\/wp\/v2\/posts"}],"about":[{"href":"https:\/\/radio.fcejs.unsl.edu.ar\/index.php\/wp-json\/wp\/v2\/types\/post"}],"author":[{"embeddable":true,"href":"https:\/\/radio.fcejs.unsl.edu.ar\/index.php\/wp-json\/wp\/v2\/users\/5"}],"replies":[{"embeddable":true,"href":"https:\/\/radio.fcejs.unsl.edu.ar\/index.php\/wp-json\/wp\/v2\/comments?post=3654"}],"version-history":[{"count":1,"href":"https:\/\/radio.fcejs.unsl.edu.ar\/index.php\/wp-json\/wp\/v2\/posts\/3654\/revisions"}],"predecessor-version":[{"id":3657,"href":"https:\/\/radio.fcejs.unsl.edu.ar\/index.php\/wp-json\/wp\/v2\/posts\/3654\/revisions\/3657"}],"wp:featuredmedia":[{"embeddable":true,"href":"https:\/\/radio.fcejs.unsl.edu.ar\/index.php\/wp-json\/wp\/v2\/media\/3655"}],"wp:attachment":[{"href":"https:\/\/radio.fcejs.unsl.edu.ar\/index.php\/wp-json\/wp\/v2\/media?parent=3654"}],"wp:term":[{"taxonomy":"category","embeddable":true,"href":"https:\/\/radio.fcejs.unsl.edu.ar\/index.php\/wp-json\/wp\/v2\/categories?post=3654"},{"taxonomy":"post_tag","embeddable":true,"href":"https:\/\/radio.fcejs.unsl.edu.ar\/index.php\/wp-json\/wp\/v2\/tags?post=3654"}],"curies":[{"name":"wp","href":"https:\/\/api.w.org\/{rel}","templated":true}]}}