{"id":3650,"date":"2025-11-18T21:04:00","date_gmt":"2025-11-19T00:04:00","guid":{"rendered":"https:\/\/radio.fcejs.unsl.edu.ar\/?p=3650"},"modified":"2025-11-18T21:04:00","modified_gmt":"2025-11-19T00:04:00","slug":"cuando-la-gestion-publica-mira-al-medio-ambiente-un-foro-para-transformar-realidades","status":"publish","type":"post","link":"https:\/\/radio.fcejs.unsl.edu.ar\/index.php\/cuando-la-gestion-publica-mira-al-medio-ambiente-un-foro-para-transformar-realidades\/","title":{"rendered":"Cuando la gesti\u00f3n p\u00fablica mira al medio ambiente: un Foro para transformar realidades"},"content":{"rendered":"<p>La FCEJS lanza el <strong>\u201c1er Foro Federal de Gesti\u00f3n de Pol\u00edticas Ambientales\u201d, <\/strong>y en radio UNSL-VM dialogamos al respecto con la <strong><u>Esp. Mariana Beatriz Zavala<\/u><\/strong>, y con la <strong><u>Mg. Mar\u00eda Sol Caracciolo<\/u><\/strong>. Ambas son docentes en la FCEJS en distintas carreras, avocadas a temas que tienen que ver con la gesti\u00f3n p\u00fablica y desde esa mirada abordan temas como las pol\u00edticas ambientales.<\/p>\n<p>Ambas nos brindaron detalles del evento federal que se llevar\u00e1 acabo el pr\u00f3ximo <strong>22 y 29 de noviembre en la Escuela de Econom\u00eda y Negocios de la FCEJS,<\/strong> sito en Pescadores N\u00b0314 de Villa Mercedes.<\/p>\n<p><strong>\u201cCada vez que hablamos de gesti\u00f3n p\u00fablica tambi\u00e9n implica no solamente desde cuando el sector p\u00fablico realiza o formula, implementa o eval\u00faa pol\u00edticas, sino tambi\u00e9n c\u00f3mo articula con los otros sectores sociales para lograr impactos\u201d<\/strong> <strong><u>dijo la Esp. Mariana Beatriz Zavala<\/u><\/strong> al referirse a la importancia de gestionar pol\u00edticas p\u00fablicas con la participaci\u00f3n necesaria de todos los sectores involucrados, resaltando en este sentido la importancia de que todas las personas que est\u00e9n comprometidas con el medio ambiente asistan al Foro.<\/p>\n<p>La actividad tiene prevista, para el 22 de noviembre, la disertaci\u00f3n del Mg. Edgardo H\u00e9ctor Ferr\u00e9 Olive, quien disertar\u00e1 sobre \u201cPol\u00edtica tributaria y ambiente\u201d, abordando conceptos como el principio \u201cquien contamina paga\u201d, los incentivos \u201cquien descontamina cobra\u201d y la noci\u00f3n del \u201cdoble dividendo\u201d en materia fiscal ambiental. \u00a0Y el 29 de noviembre expondr\u00e1n la Dra. Cristina Mariana Debat y el Mg. Rom\u00e1n Caracciolo Vera sobre \u201cPlanificaci\u00f3n Urbana y Territorial como motor del desarrollo sostenible\u201d, analizando modelos de gesti\u00f3n implementados en municipios argentinos y su vinculaci\u00f3n con la ense\u00f1anza universitaria.<\/p>\n<p>Sobre las disertaciones la <strong><u>Mg. Mar\u00eda Sol Caracciolo dijo:<\/u><\/strong> <strong>\u201cAmbos expositores, de ambos d\u00edas, ambos son acad\u00e9micos, pero a la vez tienen su aporte desde la pr\u00e1ctica y la experiencia, entonces creemos que va a ser muy rico, ellos imparten clases sobre estas cuestiones, pero a su vez tienen la experiencia en el territorio donde trabajan. Entonces esto nos va a servir de disparador tambi\u00e9n\u201d. <\/strong><\/p>\n<p><strong>Escucha la entrevista realizada a <\/strong><strong><u>Mariana Beatriz Zavala<\/u><\/strong>, y a<strong><u> Mar\u00eda Sol Caracciolo<\/u><\/strong><strong>, en el programa radial \u201cLa Quilla, \u00a0en el siguiente audio:<\/strong><\/p>\n<audio class=\"wp-audio-shortcode\" id=\"audio-3650-1\" preload=\"none\" style=\"width: 100%;\" controls=\"controls\"><source type=\"audio\/mpeg\" src=\"https:\/\/radioupload.fica.unsl.edu.ar\/files\/jb\/DOCENTES%20hablan%20sobre%201er%20Foro%20Federal%20de%20Gestion%20de%20pol%C3%ADticas%20ambientales%20en%20la%20FCEJS%20para%20el%2022%20y%2024%20de%20noviembre.mp3?_=1\" \/><a href=\"https:\/\/radioupload.fica.unsl.edu.ar\/files\/jb\/DOCENTES%20hablan%20sobre%201er%20Foro%20Federal%20de%20Gestion%20de%20pol%C3%ADticas%20ambientales%20en%20la%20FCEJS%20para%20el%2022%20y%2024%20de%20noviembre.mp3\">https:\/\/radioupload.fica.unsl.edu.ar\/files\/jb\/DOCENTES%20hablan%20sobre%201er%20Foro%20Federal%20de%20Gestion%20de%20pol%C3%ADticas%20ambientales%20en%20la%20FCEJS%20para%20el%2022%20y%2024%20de%20noviembre.mp3<\/a><\/audio>\n<p><strong>\u00a0<\/strong><img fetchpriority=\"high\" decoding=\"async\" class=\"aligncenter wp-image-3651 size-large\" src=\"http:\/\/radio.fcejs.unsl.edu.ar\/wp-content\/uploads\/2025\/11\/PLACA-WEBPRIMER-FORO-POLITICA-AMBIENTAL-1024x576.png\" alt=\"\" width=\"1024\" height=\"576\" srcset=\"https:\/\/radio.fcejs.unsl.edu.ar\/wp-content\/uploads\/2025\/11\/PLACA-WEBPRIMER-FORO-POLITICA-AMBIENTAL-1024x576.png 1024w, https:\/\/radio.fcejs.unsl.edu.ar\/wp-content\/uploads\/2025\/11\/PLACA-WEBPRIMER-FORO-POLITICA-AMBIENTAL-300x169.png 300w, https:\/\/radio.fcejs.unsl.edu.ar\/wp-content\/uploads\/2025\/11\/PLACA-WEBPRIMER-FORO-POLITICA-AMBIENTAL-768x432.png 768w, https:\/\/radio.fcejs.unsl.edu.ar\/wp-content\/uploads\/2025\/11\/PLACA-WEBPRIMER-FORO-POLITICA-AMBIENTAL-1536x864.png 1536w, https:\/\/radio.fcejs.unsl.edu.ar\/wp-content\/uploads\/2025\/11\/PLACA-WEBPRIMER-FORO-POLITICA-AMBIENTAL-2048x1152.png 2048w\" sizes=\"(max-width: 1024px) 100vw, 1024px\" \/><\/p>\n<p>**Entrevista realizada en el programa radial <strong>\u201cLa Quilla\u201d<\/strong>, con Virginia Aguilera y Federico Amodey, por Radio UNSL en Villa Mercedes- 97.5 FM.<\/p>\n","protected":false},"excerpt":{"rendered":"<p>La FCEJS lanza el \u201c1er Foro Federal de Gesti\u00f3n de Pol\u00edticas Ambientales\u201d, y en radio UNSL-VM dialogamos al respecto con la Esp. Mariana Beatriz Zavala, y con la Mg. Mar\u00eda Sol Caracciolo. Ambas son docentes en la FCEJS en distintas carreras, avocadas a temas que tienen que ver con la gesti\u00f3n p\u00fablica y desde esa&#8230;<\/p>\n","protected":false},"author":5,"featured_media":3652,"comment_status":"closed","ping_status":"closed","sticky":false,"template":"","format":"standard","meta":{"_kad_post_transparent":"default","_kad_post_title":"default","_kad_post_layout":"default","_kad_post_sidebar_id":"","_kad_post_content_style":"default","_kad_post_vertical_padding":"default","_kad_post_feature":"","_kad_post_feature_position":"","_kad_post_header":false,"_kad_post_footer":false,"_kad_post_classname":"","footnotes":""},"categories":[14],"tags":[],"class_list":["post-3650","post","type-post","status-publish","format-standard","has-post-thumbnail","hentry","category-entrevistas"],"yoast_head":"<!-- This site is optimized with the Yoast SEO plugin v27.2 - https:\/\/yoast.com\/product\/yoast-seo-wordpress\/ -->\n<title>Cuando la gesti\u00f3n p\u00fablica mira al medio ambiente: un Foro para transformar realidades - Radio Universidad Villa Mercedes 97.5 | UNSL<\/title>\n<meta name=\"robots\" content=\"index, follow, max-snippet:-1, max-image-preview:large, max-video-preview:-1\" \/>\n<link rel=\"canonical\" href=\"https:\/\/radio.fcejs.unsl.edu.ar\/index.php\/cuando-la-gestion-publica-mira-al-medio-ambiente-un-foro-para-transformar-realidades\/\" \/>\n<meta property=\"og:locale\" content=\"es_ES\" \/>\n<meta property=\"og:type\" content=\"article\" \/>\n<meta property=\"og:title\" content=\"Cuando la gesti\u00f3n p\u00fablica mira al medio ambiente: un Foro para transformar realidades - Radio Universidad Villa Mercedes 97.5 | UNSL\" \/>\n<meta property=\"og:description\" content=\"La FCEJS lanza el \u201c1er Foro Federal de Gesti\u00f3n de Pol\u00edticas Ambientales\u201d, y en radio UNSL-VM dialogamos al respecto con la Esp. Mariana Beatriz Zavala, y con la Mg. Mar\u00eda Sol Caracciolo. Ambas son docentes en la FCEJS en distintas carreras, avocadas a temas que tienen que ver con la gesti\u00f3n p\u00fablica y desde esa...\" \/>\n<meta property=\"og:url\" content=\"https:\/\/radio.fcejs.unsl.edu.ar\/index.php\/cuando-la-gestion-publica-mira-al-medio-ambiente-un-foro-para-transformar-realidades\/\" \/>\n<meta property=\"og:site_name\" content=\"Radio Universidad Villa Mercedes 97.5 | UNSL\" \/>\n<meta property=\"article:published_time\" content=\"2025-11-19T00:04:00+00:00\" \/>\n<meta property=\"og:image\" content=\"http:\/\/radio.fcejs.unsl.edu.ar\/wp-content\/uploads\/2025\/11\/Docentes-Foro-federal-politicas-ambientales-scaled.jpg\" \/>\n\t<meta property=\"og:image:width\" content=\"2560\" \/>\n\t<meta property=\"og:image:height\" content=\"1182\" \/>\n\t<meta property=\"og:image:type\" content=\"image\/jpeg\" \/>\n<meta name=\"author\" content=\"Virginia Aguilera\" \/>\n<meta name=\"twitter:card\" content=\"summary_large_image\" \/>\n<meta name=\"twitter:label1\" content=\"Escrito por\" \/>\n\t<meta name=\"twitter:data1\" content=\"Virginia Aguilera\" \/>\n\t<meta name=\"twitter:label2\" content=\"Tiempo de lectura\" \/>\n\t<meta name=\"twitter:data2\" content=\"3 minutos\" \/>\n<script type=\"application\/ld+json\" class=\"yoast-schema-graph\">{\"@context\":\"https:\/\/schema.org\",\"@graph\":[{\"@type\":\"Article\",\"@id\":\"https:\/\/radio.fcejs.unsl.edu.ar\/index.php\/cuando-la-gestion-publica-mira-al-medio-ambiente-un-foro-para-transformar-realidades\/#article\",\"isPartOf\":{\"@id\":\"https:\/\/radio.fcejs.unsl.edu.ar\/index.php\/cuando-la-gestion-publica-mira-al-medio-ambiente-un-foro-para-transformar-realidades\/\"},\"author\":{\"name\":\"Virginia Aguilera\",\"@id\":\"https:\/\/radio.fcejs.unsl.edu.ar\/#\/schema\/person\/71179a56ee499ac8cd4e46f865c627c7\"},\"headline\":\"Cuando la gesti\u00f3n p\u00fablica mira al medio ambiente: un Foro para transformar realidades\",\"datePublished\":\"2025-11-19T00:04:00+00:00\",\"mainEntityOfPage\":{\"@id\":\"https:\/\/radio.fcejs.unsl.edu.ar\/index.php\/cuando-la-gestion-publica-mira-al-medio-ambiente-un-foro-para-transformar-realidades\/\"},\"wordCount\":454,\"publisher\":{\"@id\":\"https:\/\/radio.fcejs.unsl.edu.ar\/#organization\"},\"image\":{\"@id\":\"https:\/\/radio.fcejs.unsl.edu.ar\/index.php\/cuando-la-gestion-publica-mira-al-medio-ambiente-un-foro-para-transformar-realidades\/#primaryimage\"},\"thumbnailUrl\":\"https:\/\/radio.fcejs.unsl.edu.ar\/wp-content\/uploads\/2025\/11\/Docentes-Foro-federal-politicas-ambientales-scaled.jpg\",\"articleSection\":[\"Entrevistas\"],\"inLanguage\":\"es-AR\"},{\"@type\":\"WebPage\",\"@id\":\"https:\/\/radio.fcejs.unsl.edu.ar\/index.php\/cuando-la-gestion-publica-mira-al-medio-ambiente-un-foro-para-transformar-realidades\/\",\"url\":\"https:\/\/radio.fcejs.unsl.edu.ar\/index.php\/cuando-la-gestion-publica-mira-al-medio-ambiente-un-foro-para-transformar-realidades\/\",\"name\":\"Cuando la gesti\u00f3n p\u00fablica mira al medio ambiente: un Foro para transformar realidades - Radio Universidad Villa Mercedes 97.5 | UNSL\",\"isPartOf\":{\"@id\":\"https:\/\/radio.fcejs.unsl.edu.ar\/#website\"},\"primaryImageOfPage\":{\"@id\":\"https:\/\/radio.fcejs.unsl.edu.ar\/index.php\/cuando-la-gestion-publica-mira-al-medio-ambiente-un-foro-para-transformar-realidades\/#primaryimage\"},\"image\":{\"@id\":\"https:\/\/radio.fcejs.unsl.edu.ar\/index.php\/cuando-la-gestion-publica-mira-al-medio-ambiente-un-foro-para-transformar-realidades\/#primaryimage\"},\"thumbnailUrl\":\"https:\/\/radio.fcejs.unsl.edu.ar\/wp-content\/uploads\/2025\/11\/Docentes-Foro-federal-politicas-ambientales-scaled.jpg\",\"datePublished\":\"2025-11-19T00:04:00+00:00\",\"breadcrumb\":{\"@id\":\"https:\/\/radio.fcejs.unsl.edu.ar\/index.php\/cuando-la-gestion-publica-mira-al-medio-ambiente-un-foro-para-transformar-realidades\/#breadcrumb\"},\"inLanguage\":\"es-AR\",\"potentialAction\":[{\"@type\":\"ReadAction\",\"target\":[\"https:\/\/radio.fcejs.unsl.edu.ar\/index.php\/cuando-la-gestion-publica-mira-al-medio-ambiente-un-foro-para-transformar-realidades\/\"]}]},{\"@type\":\"ImageObject\",\"inLanguage\":\"es-AR\",\"@id\":\"https:\/\/radio.fcejs.unsl.edu.ar\/index.php\/cuando-la-gestion-publica-mira-al-medio-ambiente-un-foro-para-transformar-realidades\/#primaryimage\",\"url\":\"https:\/\/radio.fcejs.unsl.edu.ar\/wp-content\/uploads\/2025\/11\/Docentes-Foro-federal-politicas-ambientales-scaled.jpg\",\"contentUrl\":\"https:\/\/radio.fcejs.unsl.edu.ar\/wp-content\/uploads\/2025\/11\/Docentes-Foro-federal-politicas-ambientales-scaled.jpg\",\"width\":2560,\"height\":1182},{\"@type\":\"BreadcrumbList\",\"@id\":\"https:\/\/radio.fcejs.unsl.edu.ar\/index.php\/cuando-la-gestion-publica-mira-al-medio-ambiente-un-foro-para-transformar-realidades\/#breadcrumb\",\"itemListElement\":[{\"@type\":\"ListItem\",\"position\":1,\"name\":\"Inicio\",\"item\":\"https:\/\/radio.fcejs.unsl.edu.ar\/\"},{\"@type\":\"ListItem\",\"position\":2,\"name\":\"Cuando la gesti\u00f3n p\u00fablica mira al medio ambiente: un Foro para transformar realidades\"}]},{\"@type\":\"WebSite\",\"@id\":\"https:\/\/radio.fcejs.unsl.edu.ar\/#website\",\"url\":\"https:\/\/radio.fcejs.unsl.edu.ar\/\",\"name\":\"Radio Universidad Villa Mercedes 97.5 | UNSL\",\"description\":\"UNSL\",\"publisher\":{\"@id\":\"https:\/\/radio.fcejs.unsl.edu.ar\/#organization\"},\"potentialAction\":[{\"@type\":\"SearchAction\",\"target\":{\"@type\":\"EntryPoint\",\"urlTemplate\":\"https:\/\/radio.fcejs.unsl.edu.ar\/?s={search_term_string}\"},\"query-input\":{\"@type\":\"PropertyValueSpecification\",\"valueRequired\":true,\"valueName\":\"search_term_string\"}}],\"inLanguage\":\"es-AR\"},{\"@type\":\"Organization\",\"@id\":\"https:\/\/radio.fcejs.unsl.edu.ar\/#organization\",\"name\":\"Radio Universidad Villa Mercedes 97.5 | UNSL\",\"url\":\"https:\/\/radio.fcejs.unsl.edu.ar\/\",\"logo\":{\"@type\":\"ImageObject\",\"inLanguage\":\"es-AR\",\"@id\":\"https:\/\/radio.fcejs.unsl.edu.ar\/#\/schema\/logo\/image\/\",\"url\":\"https:\/\/radio.fcejs.unsl.edu.ar\/wp-content\/uploads\/2023\/12\/cropped-radio-villa-mercedes-97-5.png\",\"contentUrl\":\"https:\/\/radio.fcejs.unsl.edu.ar\/wp-content\/uploads\/2023\/12\/cropped-radio-villa-mercedes-97-5.png\",\"width\":908,\"height\":289,\"caption\":\"Radio Universidad Villa Mercedes 97.5 | UNSL\"},\"image\":{\"@id\":\"https:\/\/radio.fcejs.unsl.edu.ar\/#\/schema\/logo\/image\/\"}},{\"@type\":\"Person\",\"@id\":\"https:\/\/radio.fcejs.unsl.edu.ar\/#\/schema\/person\/71179a56ee499ac8cd4e46f865c627c7\",\"name\":\"Virginia Aguilera\",\"url\":\"https:\/\/radio.fcejs.unsl.edu.ar\/index.php\/author\/viraguilera\/\"}]}<\/script>\n<!-- \/ Yoast SEO plugin. -->","yoast_head_json":{"title":"Cuando la gesti\u00f3n p\u00fablica mira al medio ambiente: un Foro para transformar realidades - Radio Universidad Villa Mercedes 97.5 | UNSL","robots":{"index":"index","follow":"follow","max-snippet":"max-snippet:-1","max-image-preview":"max-image-preview:large","max-video-preview":"max-video-preview:-1"},"canonical":"https:\/\/radio.fcejs.unsl.edu.ar\/index.php\/cuando-la-gestion-publica-mira-al-medio-ambiente-un-foro-para-transformar-realidades\/","og_locale":"es_ES","og_type":"article","og_title":"Cuando la gesti\u00f3n p\u00fablica mira al medio ambiente: un Foro para transformar realidades - Radio Universidad Villa Mercedes 97.5 | UNSL","og_description":"La FCEJS lanza el \u201c1er Foro Federal de Gesti\u00f3n de Pol\u00edticas Ambientales\u201d, y en radio UNSL-VM dialogamos al respecto con la Esp. Mariana Beatriz Zavala, y con la Mg. Mar\u00eda Sol Caracciolo. Ambas son docentes en la FCEJS en distintas carreras, avocadas a temas que tienen que ver con la gesti\u00f3n p\u00fablica y desde esa...","og_url":"https:\/\/radio.fcejs.unsl.edu.ar\/index.php\/cuando-la-gestion-publica-mira-al-medio-ambiente-un-foro-para-transformar-realidades\/","og_site_name":"Radio Universidad Villa Mercedes 97.5 | UNSL","article_published_time":"2025-11-19T00:04:00+00:00","og_image":[{"width":2560,"height":1182,"url":"http:\/\/radio.fcejs.unsl.edu.ar\/wp-content\/uploads\/2025\/11\/Docentes-Foro-federal-politicas-ambientales-scaled.jpg","type":"image\/jpeg"}],"author":"Virginia Aguilera","twitter_card":"summary_large_image","twitter_misc":{"Escrito por":"Virginia Aguilera","Tiempo de lectura":"3 minutos"},"schema":{"@context":"https:\/\/schema.org","@graph":[{"@type":"Article","@id":"https:\/\/radio.fcejs.unsl.edu.ar\/index.php\/cuando-la-gestion-publica-mira-al-medio-ambiente-un-foro-para-transformar-realidades\/#article","isPartOf":{"@id":"https:\/\/radio.fcejs.unsl.edu.ar\/index.php\/cuando-la-gestion-publica-mira-al-medio-ambiente-un-foro-para-transformar-realidades\/"},"author":{"name":"Virginia Aguilera","@id":"https:\/\/radio.fcejs.unsl.edu.ar\/#\/schema\/person\/71179a56ee499ac8cd4e46f865c627c7"},"headline":"Cuando la gesti\u00f3n p\u00fablica mira al medio ambiente: un Foro para transformar realidades","datePublished":"2025-11-19T00:04:00+00:00","mainEntityOfPage":{"@id":"https:\/\/radio.fcejs.unsl.edu.ar\/index.php\/cuando-la-gestion-publica-mira-al-medio-ambiente-un-foro-para-transformar-realidades\/"},"wordCount":454,"publisher":{"@id":"https:\/\/radio.fcejs.unsl.edu.ar\/#organization"},"image":{"@id":"https:\/\/radio.fcejs.unsl.edu.ar\/index.php\/cuando-la-gestion-publica-mira-al-medio-ambiente-un-foro-para-transformar-realidades\/#primaryimage"},"thumbnailUrl":"https:\/\/radio.fcejs.unsl.edu.ar\/wp-content\/uploads\/2025\/11\/Docentes-Foro-federal-politicas-ambientales-scaled.jpg","articleSection":["Entrevistas"],"inLanguage":"es-AR"},{"@type":"WebPage","@id":"https:\/\/radio.fcejs.unsl.edu.ar\/index.php\/cuando-la-gestion-publica-mira-al-medio-ambiente-un-foro-para-transformar-realidades\/","url":"https:\/\/radio.fcejs.unsl.edu.ar\/index.php\/cuando-la-gestion-publica-mira-al-medio-ambiente-un-foro-para-transformar-realidades\/","name":"Cuando la gesti\u00f3n p\u00fablica mira al medio ambiente: un Foro para transformar realidades - Radio Universidad Villa Mercedes 97.5 | UNSL","isPartOf":{"@id":"https:\/\/radio.fcejs.unsl.edu.ar\/#website"},"primaryImageOfPage":{"@id":"https:\/\/radio.fcejs.unsl.edu.ar\/index.php\/cuando-la-gestion-publica-mira-al-medio-ambiente-un-foro-para-transformar-realidades\/#primaryimage"},"image":{"@id":"https:\/\/radio.fcejs.unsl.edu.ar\/index.php\/cuando-la-gestion-publica-mira-al-medio-ambiente-un-foro-para-transformar-realidades\/#primaryimage"},"thumbnailUrl":"https:\/\/radio.fcejs.unsl.edu.ar\/wp-content\/uploads\/2025\/11\/Docentes-Foro-federal-politicas-ambientales-scaled.jpg","datePublished":"2025-11-19T00:04:00+00:00","breadcrumb":{"@id":"https:\/\/radio.fcejs.unsl.edu.ar\/index.php\/cuando-la-gestion-publica-mira-al-medio-ambiente-un-foro-para-transformar-realidades\/#breadcrumb"},"inLanguage":"es-AR","potentialAction":[{"@type":"ReadAction","target":["https:\/\/radio.fcejs.unsl.edu.ar\/index.php\/cuando-la-gestion-publica-mira-al-medio-ambiente-un-foro-para-transformar-realidades\/"]}]},{"@type":"ImageObject","inLanguage":"es-AR","@id":"https:\/\/radio.fcejs.unsl.edu.ar\/index.php\/cuando-la-gestion-publica-mira-al-medio-ambiente-un-foro-para-transformar-realidades\/#primaryimage","url":"https:\/\/radio.fcejs.unsl.edu.ar\/wp-content\/uploads\/2025\/11\/Docentes-Foro-federal-politicas-ambientales-scaled.jpg","contentUrl":"https:\/\/radio.fcejs.unsl.edu.ar\/wp-content\/uploads\/2025\/11\/Docentes-Foro-federal-politicas-ambientales-scaled.jpg","width":2560,"height":1182},{"@type":"BreadcrumbList","@id":"https:\/\/radio.fcejs.unsl.edu.ar\/index.php\/cuando-la-gestion-publica-mira-al-medio-ambiente-un-foro-para-transformar-realidades\/#breadcrumb","itemListElement":[{"@type":"ListItem","position":1,"name":"Inicio","item":"https:\/\/radio.fcejs.unsl.edu.ar\/"},{"@type":"ListItem","position":2,"name":"Cuando la gesti\u00f3n p\u00fablica mira al medio ambiente: un Foro para transformar realidades"}]},{"@type":"WebSite","@id":"https:\/\/radio.fcejs.unsl.edu.ar\/#website","url":"https:\/\/radio.fcejs.unsl.edu.ar\/","name":"Radio Universidad Villa Mercedes 97.5 | UNSL","description":"UNSL","publisher":{"@id":"https:\/\/radio.fcejs.unsl.edu.ar\/#organization"},"potentialAction":[{"@type":"SearchAction","target":{"@type":"EntryPoint","urlTemplate":"https:\/\/radio.fcejs.unsl.edu.ar\/?s={search_term_string}"},"query-input":{"@type":"PropertyValueSpecification","valueRequired":true,"valueName":"search_term_string"}}],"inLanguage":"es-AR"},{"@type":"Organization","@id":"https:\/\/radio.fcejs.unsl.edu.ar\/#organization","name":"Radio Universidad Villa Mercedes 97.5 | UNSL","url":"https:\/\/radio.fcejs.unsl.edu.ar\/","logo":{"@type":"ImageObject","inLanguage":"es-AR","@id":"https:\/\/radio.fcejs.unsl.edu.ar\/#\/schema\/logo\/image\/","url":"https:\/\/radio.fcejs.unsl.edu.ar\/wp-content\/uploads\/2023\/12\/cropped-radio-villa-mercedes-97-5.png","contentUrl":"https:\/\/radio.fcejs.unsl.edu.ar\/wp-content\/uploads\/2023\/12\/cropped-radio-villa-mercedes-97-5.png","width":908,"height":289,"caption":"Radio Universidad Villa Mercedes 97.5 | UNSL"},"image":{"@id":"https:\/\/radio.fcejs.unsl.edu.ar\/#\/schema\/logo\/image\/"}},{"@type":"Person","@id":"https:\/\/radio.fcejs.unsl.edu.ar\/#\/schema\/person\/71179a56ee499ac8cd4e46f865c627c7","name":"Virginia Aguilera","url":"https:\/\/radio.fcejs.unsl.edu.ar\/index.php\/author\/viraguilera\/"}]}},"_links":{"self":[{"href":"https:\/\/radio.fcejs.unsl.edu.ar\/index.php\/wp-json\/wp\/v2\/posts\/3650","targetHints":{"allow":["GET"]}}],"collection":[{"href":"https:\/\/radio.fcejs.unsl.edu.ar\/index.php\/wp-json\/wp\/v2\/posts"}],"about":[{"href":"https:\/\/radio.fcejs.unsl.edu.ar\/index.php\/wp-json\/wp\/v2\/types\/post"}],"author":[{"embeddable":true,"href":"https:\/\/radio.fcejs.unsl.edu.ar\/index.php\/wp-json\/wp\/v2\/users\/5"}],"replies":[{"embeddable":true,"href":"https:\/\/radio.fcejs.unsl.edu.ar\/index.php\/wp-json\/wp\/v2\/comments?post=3650"}],"version-history":[{"count":1,"href":"https:\/\/radio.fcejs.unsl.edu.ar\/index.php\/wp-json\/wp\/v2\/posts\/3650\/revisions"}],"predecessor-version":[{"id":3653,"href":"https:\/\/radio.fcejs.unsl.edu.ar\/index.php\/wp-json\/wp\/v2\/posts\/3650\/revisions\/3653"}],"wp:featuredmedia":[{"embeddable":true,"href":"https:\/\/radio.fcejs.unsl.edu.ar\/index.php\/wp-json\/wp\/v2\/media\/3652"}],"wp:attachment":[{"href":"https:\/\/radio.fcejs.unsl.edu.ar\/index.php\/wp-json\/wp\/v2\/media?parent=3650"}],"wp:term":[{"taxonomy":"category","embeddable":true,"href":"https:\/\/radio.fcejs.unsl.edu.ar\/index.php\/wp-json\/wp\/v2\/categories?post=3650"},{"taxonomy":"post_tag","embeddable":true,"href":"https:\/\/radio.fcejs.unsl.edu.ar\/index.php\/wp-json\/wp\/v2\/tags?post=3650"}],"curies":[{"name":"wp","href":"https:\/\/api.w.org\/{rel}","templated":true}]}}