{"id":3641,"date":"2025-11-13T18:08:25","date_gmt":"2025-11-13T21:08:25","guid":{"rendered":"https:\/\/radio.fcejs.unsl.edu.ar\/?p=3641"},"modified":"2025-11-13T18:08:25","modified_gmt":"2025-11-13T21:08:25","slug":"silvina-marrau-si-el-trabajador-y-su-dignidad-se-basa-en-una-oferta-de-demanda-mercantil-estamos-en-problemas","status":"publish","type":"post","link":"https:\/\/radio.fcejs.unsl.edu.ar\/index.php\/silvina-marrau-si-el-trabajador-y-su-dignidad-se-basa-en-una-oferta-de-demanda-mercantil-estamos-en-problemas\/","title":{"rendered":"Silvina Marrau: \u201cSi el trabajador y su dignidad se basa en una oferta de demanda mercantil, estamos en problemas\u201d"},"content":{"rendered":"<p>La FCEJS y la CGT de Villa Mercedes presentan el ciclo de charlas \u201cEl mundo laboral en disputa\u201d, actividad que inicia este viernes 14 de noviembre a las 18hs en la EENyTT, sito en Pescadores N\u00b0314 de Villa Mercedes.<\/p>\n<p>El tema a tratar en esta ocasi\u00f3n ser\u00e1 \u201cEl mundo del trabajo y la Ley Bases\u201d, y los disertantes que abordar\u00e1n el tema son los abogados Alberto Mariani, Vanesa Sosa y Silvina Marrau, todos docentes de la FCEJS, especialista en temas del Derecho Laboral.<\/p>\n<p><strong><u>Silvina Marrau,<\/u><\/strong> Abogada y Especialista en Derecho del Trabajo, nos brind\u00f3 detalles de la actividad, y adem\u00e1s nos invita a reflexionar sobre el tema que convoca a todos los trabajadores de Argentina.<\/p>\n<p><strong>A la pregunta de por qu\u00e9 es importante seguir analizando la Ley Bases, la Especialista dijo:<\/strong> \u201cEs importante analizarla porque tanto el trabajador como la mediana empresa son la base de la Sociedad. Si el trabajador no tiene plata para vivir no va a ir a comprar una empresa. Y si a la empresa no le compran, la empresa no va a ganar, es todo una cadena esto. Que le d\u00e9 prioridad esta reforma a los grandes capitales, para m\u00ed, es mi opini\u00f3n muy subjetiva, va a hacer tambalear a la clase media y al trabajador lo va a hacer caer pobre\u2026\u201d<\/p>\n<p><strong>Escucha la entrevista realizada a <u>Silvina Marrau<\/u>, en el programa radial \u201cLa Quilla, \u00a0en el siguiente audio:<\/strong><\/p>\n<audio class=\"wp-audio-shortcode\" id=\"audio-3641-1\" preload=\"none\" style=\"width: 100%;\" controls=\"controls\"><source type=\"audio\/mpeg\" src=\"https:\/\/radioupload.fica.unsl.edu.ar\/files\/jb\/SILVINA%20MARRAU%2013_11_25.mp3?_=1\" \/><a href=\"https:\/\/radioupload.fica.unsl.edu.ar\/files\/jb\/SILVINA%20MARRAU%2013_11_25.mp3\">https:\/\/radioupload.fica.unsl.edu.ar\/files\/jb\/SILVINA%20MARRAU%2013_11_25.mp3<\/a><\/audio>\n<p>Este ciclo busca consolidar una Universidad comprometida con la realidad social, fortaleciendo el v\u00ednculo con el movimiento sindical y contribuyendo al desarrollo de ideas y proyectos que mejoren la calidad de vida de la comunidad.<\/p>\n<p><img fetchpriority=\"high\" decoding=\"async\" class=\"aligncenter wp-image-3643 size-large\" src=\"http:\/\/radio.fcejs.unsl.edu.ar\/wp-content\/uploads\/2025\/11\/placa-web-charlas-cgt-1536x863-1-1024x575.png\" alt=\"\" width=\"1024\" height=\"575\" srcset=\"https:\/\/radio.fcejs.unsl.edu.ar\/wp-content\/uploads\/2025\/11\/placa-web-charlas-cgt-1536x863-1-1024x575.png 1024w, https:\/\/radio.fcejs.unsl.edu.ar\/wp-content\/uploads\/2025\/11\/placa-web-charlas-cgt-1536x863-1-300x169.png 300w, https:\/\/radio.fcejs.unsl.edu.ar\/wp-content\/uploads\/2025\/11\/placa-web-charlas-cgt-1536x863-1-768x432.png 768w, https:\/\/radio.fcejs.unsl.edu.ar\/wp-content\/uploads\/2025\/11\/placa-web-charlas-cgt-1536x863-1.png 1536w\" sizes=\"(max-width: 1024px) 100vw, 1024px\" \/><\/p>\n<p><strong><u>Cronograma del Ciclo de Charlas:<\/u><\/strong><\/p>\n<p>*Viernes 14 de noviembre, 18:00 hs.<\/p>\n<p>Tema: El mundo del trabajo y la Ley Bases<\/p>\n<p>Disertantes: Alberto Mariani, Vanesa Sosa y Silvina Marrau<\/p>\n<p>*Jueves 20 de noviembre, 18:00 hs.<\/p>\n<p>Tema: Movimiento Sindical y Derechos Colectivos<\/p>\n<p>Disertantes: Manuel Castillo y Marcelino Insua<\/p>\n<p>&nbsp;<\/p>\n<p>Te dejamos el Link de Inscripci\u00f3n a continuaci\u00f3n:<\/p>\n<p><a href=\"https:\/\/docs.google.com\/forms\/d\/e\/1FAIpQLSdmSiJiUWHKNz1vBewllGvAT5qpsWla5BguMGwHV0y8kARFMg\/viewform\">https:\/\/docs.google.com\/forms\/d\/e\/1FAIpQLSdmSiJiUWHKNz1vBewllGvAT5qpsWla5BguMGwHV0y8kARFMg\/viewform<\/a><\/p>\n<p>&nbsp;<\/p>\n<p>Entrevista realizada en el programa radial\u00a0<strong>\u201cLa Quilla\u201d<\/strong>, con Virginia Aguilera y Federico Amodey, por Radio UNSL en Villa Mercedes- 97.5 FM.<\/p>\n<p>&nbsp;<\/p>\n","protected":false},"excerpt":{"rendered":"<p>La FCEJS y la CGT de Villa Mercedes presentan el ciclo de charlas \u201cEl mundo laboral en disputa\u201d, actividad que inicia este viernes 14 de noviembre a las 18hs en la EENyTT, sito en Pescadores N\u00b0314 de Villa Mercedes. El tema a tratar en esta ocasi\u00f3n ser\u00e1 \u201cEl mundo del trabajo y la Ley Bases\u201d,&#8230;<\/p>\n","protected":false},"author":5,"featured_media":3642,"comment_status":"closed","ping_status":"closed","sticky":false,"template":"","format":"standard","meta":{"_kad_post_transparent":"default","_kad_post_title":"default","_kad_post_layout":"default","_kad_post_sidebar_id":"","_kad_post_content_style":"default","_kad_post_vertical_padding":"default","_kad_post_feature":"","_kad_post_feature_position":"","_kad_post_header":false,"_kad_post_footer":false,"_kad_post_classname":"","footnotes":""},"categories":[14],"tags":[],"class_list":["post-3641","post","type-post","status-publish","format-standard","has-post-thumbnail","hentry","category-entrevistas"],"yoast_head":"<!-- This site is optimized with the Yoast SEO plugin v27.2 - https:\/\/yoast.com\/product\/yoast-seo-wordpress\/ -->\n<title>Silvina Marrau: \u201cSi el trabajador y su dignidad se basa en una oferta de demanda mercantil, estamos en problemas\u201d - Radio Universidad Villa Mercedes 97.5 | UNSL<\/title>\n<meta name=\"robots\" content=\"index, follow, max-snippet:-1, max-image-preview:large, max-video-preview:-1\" \/>\n<link rel=\"canonical\" href=\"https:\/\/radio.fcejs.unsl.edu.ar\/index.php\/silvina-marrau-si-el-trabajador-y-su-dignidad-se-basa-en-una-oferta-de-demanda-mercantil-estamos-en-problemas\/\" \/>\n<meta property=\"og:locale\" content=\"es_ES\" \/>\n<meta property=\"og:type\" content=\"article\" \/>\n<meta property=\"og:title\" content=\"Silvina Marrau: \u201cSi el trabajador y su dignidad se basa en una oferta de demanda mercantil, estamos en problemas\u201d - Radio Universidad Villa Mercedes 97.5 | UNSL\" \/>\n<meta property=\"og:description\" content=\"La FCEJS y la CGT de Villa Mercedes presentan el ciclo de charlas \u201cEl mundo laboral en disputa\u201d, actividad que inicia este viernes 14 de noviembre a las 18hs en la EENyTT, sito en Pescadores N\u00b0314 de Villa Mercedes. El tema a tratar en esta ocasi\u00f3n ser\u00e1 \u201cEl mundo del trabajo y la Ley Bases\u201d,...\" \/>\n<meta property=\"og:url\" content=\"https:\/\/radio.fcejs.unsl.edu.ar\/index.php\/silvina-marrau-si-el-trabajador-y-su-dignidad-se-basa-en-una-oferta-de-demanda-mercantil-estamos-en-problemas\/\" \/>\n<meta property=\"og:site_name\" content=\"Radio Universidad Villa Mercedes 97.5 | UNSL\" \/>\n<meta property=\"article:published_time\" content=\"2025-11-13T21:08:25+00:00\" \/>\n<meta property=\"og:image\" content=\"http:\/\/radio.fcejs.unsl.edu.ar\/wp-content\/uploads\/2025\/11\/Silvina-Marrau-abogada-docente-de-la-FCESJ-Derecho-Laboral.jpeg\" \/>\n\t<meta property=\"og:image:width\" content=\"960\" \/>\n\t<meta property=\"og:image:height\" content=\"1280\" \/>\n\t<meta property=\"og:image:type\" content=\"image\/jpeg\" \/>\n<meta name=\"author\" content=\"Virginia Aguilera\" \/>\n<meta name=\"twitter:card\" content=\"summary_large_image\" \/>\n<meta name=\"twitter:label1\" content=\"Escrito por\" \/>\n\t<meta name=\"twitter:data1\" content=\"Virginia Aguilera\" \/>\n\t<meta name=\"twitter:label2\" content=\"Tiempo de lectura\" \/>\n\t<meta name=\"twitter:data2\" content=\"2 minutos\" \/>\n<script type=\"application\/ld+json\" class=\"yoast-schema-graph\">{\"@context\":\"https:\/\/schema.org\",\"@graph\":[{\"@type\":\"Article\",\"@id\":\"https:\/\/radio.fcejs.unsl.edu.ar\/index.php\/silvina-marrau-si-el-trabajador-y-su-dignidad-se-basa-en-una-oferta-de-demanda-mercantil-estamos-en-problemas\/#article\",\"isPartOf\":{\"@id\":\"https:\/\/radio.fcejs.unsl.edu.ar\/index.php\/silvina-marrau-si-el-trabajador-y-su-dignidad-se-basa-en-una-oferta-de-demanda-mercantil-estamos-en-problemas\/\"},\"author\":{\"name\":\"Virginia Aguilera\",\"@id\":\"https:\/\/radio.fcejs.unsl.edu.ar\/#\/schema\/person\/71179a56ee499ac8cd4e46f865c627c7\"},\"headline\":\"Silvina Marrau: \u201cSi el trabajador y su dignidad se basa en una oferta de demanda mercantil, estamos en problemas\u201d\",\"datePublished\":\"2025-11-13T21:08:25+00:00\",\"mainEntityOfPage\":{\"@id\":\"https:\/\/radio.fcejs.unsl.edu.ar\/index.php\/silvina-marrau-si-el-trabajador-y-su-dignidad-se-basa-en-una-oferta-de-demanda-mercantil-estamos-en-problemas\/\"},\"wordCount\":395,\"publisher\":{\"@id\":\"https:\/\/radio.fcejs.unsl.edu.ar\/#organization\"},\"image\":{\"@id\":\"https:\/\/radio.fcejs.unsl.edu.ar\/index.php\/silvina-marrau-si-el-trabajador-y-su-dignidad-se-basa-en-una-oferta-de-demanda-mercantil-estamos-en-problemas\/#primaryimage\"},\"thumbnailUrl\":\"https:\/\/radio.fcejs.unsl.edu.ar\/wp-content\/uploads\/2025\/11\/Silvina-Marrau-abogada-docente-de-la-FCESJ-Derecho-Laboral.jpeg\",\"articleSection\":[\"Entrevistas\"],\"inLanguage\":\"es-AR\"},{\"@type\":\"WebPage\",\"@id\":\"https:\/\/radio.fcejs.unsl.edu.ar\/index.php\/silvina-marrau-si-el-trabajador-y-su-dignidad-se-basa-en-una-oferta-de-demanda-mercantil-estamos-en-problemas\/\",\"url\":\"https:\/\/radio.fcejs.unsl.edu.ar\/index.php\/silvina-marrau-si-el-trabajador-y-su-dignidad-se-basa-en-una-oferta-de-demanda-mercantil-estamos-en-problemas\/\",\"name\":\"Silvina Marrau: \u201cSi el trabajador y su dignidad se basa en una oferta de demanda mercantil, estamos en problemas\u201d - Radio Universidad Villa Mercedes 97.5 | UNSL\",\"isPartOf\":{\"@id\":\"https:\/\/radio.fcejs.unsl.edu.ar\/#website\"},\"primaryImageOfPage\":{\"@id\":\"https:\/\/radio.fcejs.unsl.edu.ar\/index.php\/silvina-marrau-si-el-trabajador-y-su-dignidad-se-basa-en-una-oferta-de-demanda-mercantil-estamos-en-problemas\/#primaryimage\"},\"image\":{\"@id\":\"https:\/\/radio.fcejs.unsl.edu.ar\/index.php\/silvina-marrau-si-el-trabajador-y-su-dignidad-se-basa-en-una-oferta-de-demanda-mercantil-estamos-en-problemas\/#primaryimage\"},\"thumbnailUrl\":\"https:\/\/radio.fcejs.unsl.edu.ar\/wp-content\/uploads\/2025\/11\/Silvina-Marrau-abogada-docente-de-la-FCESJ-Derecho-Laboral.jpeg\",\"datePublished\":\"2025-11-13T21:08:25+00:00\",\"breadcrumb\":{\"@id\":\"https:\/\/radio.fcejs.unsl.edu.ar\/index.php\/silvina-marrau-si-el-trabajador-y-su-dignidad-se-basa-en-una-oferta-de-demanda-mercantil-estamos-en-problemas\/#breadcrumb\"},\"inLanguage\":\"es-AR\",\"potentialAction\":[{\"@type\":\"ReadAction\",\"target\":[\"https:\/\/radio.fcejs.unsl.edu.ar\/index.php\/silvina-marrau-si-el-trabajador-y-su-dignidad-se-basa-en-una-oferta-de-demanda-mercantil-estamos-en-problemas\/\"]}]},{\"@type\":\"ImageObject\",\"inLanguage\":\"es-AR\",\"@id\":\"https:\/\/radio.fcejs.unsl.edu.ar\/index.php\/silvina-marrau-si-el-trabajador-y-su-dignidad-se-basa-en-una-oferta-de-demanda-mercantil-estamos-en-problemas\/#primaryimage\",\"url\":\"https:\/\/radio.fcejs.unsl.edu.ar\/wp-content\/uploads\/2025\/11\/Silvina-Marrau-abogada-docente-de-la-FCESJ-Derecho-Laboral.jpeg\",\"contentUrl\":\"https:\/\/radio.fcejs.unsl.edu.ar\/wp-content\/uploads\/2025\/11\/Silvina-Marrau-abogada-docente-de-la-FCESJ-Derecho-Laboral.jpeg\",\"width\":960,\"height\":1280},{\"@type\":\"BreadcrumbList\",\"@id\":\"https:\/\/radio.fcejs.unsl.edu.ar\/index.php\/silvina-marrau-si-el-trabajador-y-su-dignidad-se-basa-en-una-oferta-de-demanda-mercantil-estamos-en-problemas\/#breadcrumb\",\"itemListElement\":[{\"@type\":\"ListItem\",\"position\":1,\"name\":\"Inicio\",\"item\":\"https:\/\/radio.fcejs.unsl.edu.ar\/\"},{\"@type\":\"ListItem\",\"position\":2,\"name\":\"Silvina Marrau: \u201cSi el trabajador y su dignidad se basa en una oferta de demanda mercantil, estamos en problemas\u201d\"}]},{\"@type\":\"WebSite\",\"@id\":\"https:\/\/radio.fcejs.unsl.edu.ar\/#website\",\"url\":\"https:\/\/radio.fcejs.unsl.edu.ar\/\",\"name\":\"Radio Universidad Villa Mercedes 97.5 | UNSL\",\"description\":\"UNSL\",\"publisher\":{\"@id\":\"https:\/\/radio.fcejs.unsl.edu.ar\/#organization\"},\"potentialAction\":[{\"@type\":\"SearchAction\",\"target\":{\"@type\":\"EntryPoint\",\"urlTemplate\":\"https:\/\/radio.fcejs.unsl.edu.ar\/?s={search_term_string}\"},\"query-input\":{\"@type\":\"PropertyValueSpecification\",\"valueRequired\":true,\"valueName\":\"search_term_string\"}}],\"inLanguage\":\"es-AR\"},{\"@type\":\"Organization\",\"@id\":\"https:\/\/radio.fcejs.unsl.edu.ar\/#organization\",\"name\":\"Radio Universidad Villa Mercedes 97.5 | UNSL\",\"url\":\"https:\/\/radio.fcejs.unsl.edu.ar\/\",\"logo\":{\"@type\":\"ImageObject\",\"inLanguage\":\"es-AR\",\"@id\":\"https:\/\/radio.fcejs.unsl.edu.ar\/#\/schema\/logo\/image\/\",\"url\":\"https:\/\/radio.fcejs.unsl.edu.ar\/wp-content\/uploads\/2023\/12\/cropped-radio-villa-mercedes-97-5.png\",\"contentUrl\":\"https:\/\/radio.fcejs.unsl.edu.ar\/wp-content\/uploads\/2023\/12\/cropped-radio-villa-mercedes-97-5.png\",\"width\":908,\"height\":289,\"caption\":\"Radio Universidad Villa Mercedes 97.5 | UNSL\"},\"image\":{\"@id\":\"https:\/\/radio.fcejs.unsl.edu.ar\/#\/schema\/logo\/image\/\"}},{\"@type\":\"Person\",\"@id\":\"https:\/\/radio.fcejs.unsl.edu.ar\/#\/schema\/person\/71179a56ee499ac8cd4e46f865c627c7\",\"name\":\"Virginia Aguilera\",\"url\":\"https:\/\/radio.fcejs.unsl.edu.ar\/index.php\/author\/viraguilera\/\"}]}<\/script>\n<!-- \/ Yoast SEO plugin. -->","yoast_head_json":{"title":"Silvina Marrau: \u201cSi el trabajador y su dignidad se basa en una oferta de demanda mercantil, estamos en problemas\u201d - Radio Universidad Villa Mercedes 97.5 | UNSL","robots":{"index":"index","follow":"follow","max-snippet":"max-snippet:-1","max-image-preview":"max-image-preview:large","max-video-preview":"max-video-preview:-1"},"canonical":"https:\/\/radio.fcejs.unsl.edu.ar\/index.php\/silvina-marrau-si-el-trabajador-y-su-dignidad-se-basa-en-una-oferta-de-demanda-mercantil-estamos-en-problemas\/","og_locale":"es_ES","og_type":"article","og_title":"Silvina Marrau: \u201cSi el trabajador y su dignidad se basa en una oferta de demanda mercantil, estamos en problemas\u201d - Radio Universidad Villa Mercedes 97.5 | UNSL","og_description":"La FCEJS y la CGT de Villa Mercedes presentan el ciclo de charlas \u201cEl mundo laboral en disputa\u201d, actividad que inicia este viernes 14 de noviembre a las 18hs en la EENyTT, sito en Pescadores N\u00b0314 de Villa Mercedes. El tema a tratar en esta ocasi\u00f3n ser\u00e1 \u201cEl mundo del trabajo y la Ley Bases\u201d,...","og_url":"https:\/\/radio.fcejs.unsl.edu.ar\/index.php\/silvina-marrau-si-el-trabajador-y-su-dignidad-se-basa-en-una-oferta-de-demanda-mercantil-estamos-en-problemas\/","og_site_name":"Radio Universidad Villa Mercedes 97.5 | UNSL","article_published_time":"2025-11-13T21:08:25+00:00","og_image":[{"width":960,"height":1280,"url":"http:\/\/radio.fcejs.unsl.edu.ar\/wp-content\/uploads\/2025\/11\/Silvina-Marrau-abogada-docente-de-la-FCESJ-Derecho-Laboral.jpeg","type":"image\/jpeg"}],"author":"Virginia Aguilera","twitter_card":"summary_large_image","twitter_misc":{"Escrito por":"Virginia Aguilera","Tiempo de lectura":"2 minutos"},"schema":{"@context":"https:\/\/schema.org","@graph":[{"@type":"Article","@id":"https:\/\/radio.fcejs.unsl.edu.ar\/index.php\/silvina-marrau-si-el-trabajador-y-su-dignidad-se-basa-en-una-oferta-de-demanda-mercantil-estamos-en-problemas\/#article","isPartOf":{"@id":"https:\/\/radio.fcejs.unsl.edu.ar\/index.php\/silvina-marrau-si-el-trabajador-y-su-dignidad-se-basa-en-una-oferta-de-demanda-mercantil-estamos-en-problemas\/"},"author":{"name":"Virginia Aguilera","@id":"https:\/\/radio.fcejs.unsl.edu.ar\/#\/schema\/person\/71179a56ee499ac8cd4e46f865c627c7"},"headline":"Silvina Marrau: \u201cSi el trabajador y su dignidad se basa en una oferta de demanda mercantil, estamos en problemas\u201d","datePublished":"2025-11-13T21:08:25+00:00","mainEntityOfPage":{"@id":"https:\/\/radio.fcejs.unsl.edu.ar\/index.php\/silvina-marrau-si-el-trabajador-y-su-dignidad-se-basa-en-una-oferta-de-demanda-mercantil-estamos-en-problemas\/"},"wordCount":395,"publisher":{"@id":"https:\/\/radio.fcejs.unsl.edu.ar\/#organization"},"image":{"@id":"https:\/\/radio.fcejs.unsl.edu.ar\/index.php\/silvina-marrau-si-el-trabajador-y-su-dignidad-se-basa-en-una-oferta-de-demanda-mercantil-estamos-en-problemas\/#primaryimage"},"thumbnailUrl":"https:\/\/radio.fcejs.unsl.edu.ar\/wp-content\/uploads\/2025\/11\/Silvina-Marrau-abogada-docente-de-la-FCESJ-Derecho-Laboral.jpeg","articleSection":["Entrevistas"],"inLanguage":"es-AR"},{"@type":"WebPage","@id":"https:\/\/radio.fcejs.unsl.edu.ar\/index.php\/silvina-marrau-si-el-trabajador-y-su-dignidad-se-basa-en-una-oferta-de-demanda-mercantil-estamos-en-problemas\/","url":"https:\/\/radio.fcejs.unsl.edu.ar\/index.php\/silvina-marrau-si-el-trabajador-y-su-dignidad-se-basa-en-una-oferta-de-demanda-mercantil-estamos-en-problemas\/","name":"Silvina Marrau: \u201cSi el trabajador y su dignidad se basa en una oferta de demanda mercantil, estamos en problemas\u201d - Radio Universidad Villa Mercedes 97.5 | UNSL","isPartOf":{"@id":"https:\/\/radio.fcejs.unsl.edu.ar\/#website"},"primaryImageOfPage":{"@id":"https:\/\/radio.fcejs.unsl.edu.ar\/index.php\/silvina-marrau-si-el-trabajador-y-su-dignidad-se-basa-en-una-oferta-de-demanda-mercantil-estamos-en-problemas\/#primaryimage"},"image":{"@id":"https:\/\/radio.fcejs.unsl.edu.ar\/index.php\/silvina-marrau-si-el-trabajador-y-su-dignidad-se-basa-en-una-oferta-de-demanda-mercantil-estamos-en-problemas\/#primaryimage"},"thumbnailUrl":"https:\/\/radio.fcejs.unsl.edu.ar\/wp-content\/uploads\/2025\/11\/Silvina-Marrau-abogada-docente-de-la-FCESJ-Derecho-Laboral.jpeg","datePublished":"2025-11-13T21:08:25+00:00","breadcrumb":{"@id":"https:\/\/radio.fcejs.unsl.edu.ar\/index.php\/silvina-marrau-si-el-trabajador-y-su-dignidad-se-basa-en-una-oferta-de-demanda-mercantil-estamos-en-problemas\/#breadcrumb"},"inLanguage":"es-AR","potentialAction":[{"@type":"ReadAction","target":["https:\/\/radio.fcejs.unsl.edu.ar\/index.php\/silvina-marrau-si-el-trabajador-y-su-dignidad-se-basa-en-una-oferta-de-demanda-mercantil-estamos-en-problemas\/"]}]},{"@type":"ImageObject","inLanguage":"es-AR","@id":"https:\/\/radio.fcejs.unsl.edu.ar\/index.php\/silvina-marrau-si-el-trabajador-y-su-dignidad-se-basa-en-una-oferta-de-demanda-mercantil-estamos-en-problemas\/#primaryimage","url":"https:\/\/radio.fcejs.unsl.edu.ar\/wp-content\/uploads\/2025\/11\/Silvina-Marrau-abogada-docente-de-la-FCESJ-Derecho-Laboral.jpeg","contentUrl":"https:\/\/radio.fcejs.unsl.edu.ar\/wp-content\/uploads\/2025\/11\/Silvina-Marrau-abogada-docente-de-la-FCESJ-Derecho-Laboral.jpeg","width":960,"height":1280},{"@type":"BreadcrumbList","@id":"https:\/\/radio.fcejs.unsl.edu.ar\/index.php\/silvina-marrau-si-el-trabajador-y-su-dignidad-se-basa-en-una-oferta-de-demanda-mercantil-estamos-en-problemas\/#breadcrumb","itemListElement":[{"@type":"ListItem","position":1,"name":"Inicio","item":"https:\/\/radio.fcejs.unsl.edu.ar\/"},{"@type":"ListItem","position":2,"name":"Silvina Marrau: \u201cSi el trabajador y su dignidad se basa en una oferta de demanda mercantil, estamos en problemas\u201d"}]},{"@type":"WebSite","@id":"https:\/\/radio.fcejs.unsl.edu.ar\/#website","url":"https:\/\/radio.fcejs.unsl.edu.ar\/","name":"Radio Universidad Villa Mercedes 97.5 | UNSL","description":"UNSL","publisher":{"@id":"https:\/\/radio.fcejs.unsl.edu.ar\/#organization"},"potentialAction":[{"@type":"SearchAction","target":{"@type":"EntryPoint","urlTemplate":"https:\/\/radio.fcejs.unsl.edu.ar\/?s={search_term_string}"},"query-input":{"@type":"PropertyValueSpecification","valueRequired":true,"valueName":"search_term_string"}}],"inLanguage":"es-AR"},{"@type":"Organization","@id":"https:\/\/radio.fcejs.unsl.edu.ar\/#organization","name":"Radio Universidad Villa Mercedes 97.5 | UNSL","url":"https:\/\/radio.fcejs.unsl.edu.ar\/","logo":{"@type":"ImageObject","inLanguage":"es-AR","@id":"https:\/\/radio.fcejs.unsl.edu.ar\/#\/schema\/logo\/image\/","url":"https:\/\/radio.fcejs.unsl.edu.ar\/wp-content\/uploads\/2023\/12\/cropped-radio-villa-mercedes-97-5.png","contentUrl":"https:\/\/radio.fcejs.unsl.edu.ar\/wp-content\/uploads\/2023\/12\/cropped-radio-villa-mercedes-97-5.png","width":908,"height":289,"caption":"Radio Universidad Villa Mercedes 97.5 | UNSL"},"image":{"@id":"https:\/\/radio.fcejs.unsl.edu.ar\/#\/schema\/logo\/image\/"}},{"@type":"Person","@id":"https:\/\/radio.fcejs.unsl.edu.ar\/#\/schema\/person\/71179a56ee499ac8cd4e46f865c627c7","name":"Virginia Aguilera","url":"https:\/\/radio.fcejs.unsl.edu.ar\/index.php\/author\/viraguilera\/"}]}},"_links":{"self":[{"href":"https:\/\/radio.fcejs.unsl.edu.ar\/index.php\/wp-json\/wp\/v2\/posts\/3641","targetHints":{"allow":["GET"]}}],"collection":[{"href":"https:\/\/radio.fcejs.unsl.edu.ar\/index.php\/wp-json\/wp\/v2\/posts"}],"about":[{"href":"https:\/\/radio.fcejs.unsl.edu.ar\/index.php\/wp-json\/wp\/v2\/types\/post"}],"author":[{"embeddable":true,"href":"https:\/\/radio.fcejs.unsl.edu.ar\/index.php\/wp-json\/wp\/v2\/users\/5"}],"replies":[{"embeddable":true,"href":"https:\/\/radio.fcejs.unsl.edu.ar\/index.php\/wp-json\/wp\/v2\/comments?post=3641"}],"version-history":[{"count":1,"href":"https:\/\/radio.fcejs.unsl.edu.ar\/index.php\/wp-json\/wp\/v2\/posts\/3641\/revisions"}],"predecessor-version":[{"id":3644,"href":"https:\/\/radio.fcejs.unsl.edu.ar\/index.php\/wp-json\/wp\/v2\/posts\/3641\/revisions\/3644"}],"wp:featuredmedia":[{"embeddable":true,"href":"https:\/\/radio.fcejs.unsl.edu.ar\/index.php\/wp-json\/wp\/v2\/media\/3642"}],"wp:attachment":[{"href":"https:\/\/radio.fcejs.unsl.edu.ar\/index.php\/wp-json\/wp\/v2\/media?parent=3641"}],"wp:term":[{"taxonomy":"category","embeddable":true,"href":"https:\/\/radio.fcejs.unsl.edu.ar\/index.php\/wp-json\/wp\/v2\/categories?post=3641"},{"taxonomy":"post_tag","embeddable":true,"href":"https:\/\/radio.fcejs.unsl.edu.ar\/index.php\/wp-json\/wp\/v2\/tags?post=3641"}],"curies":[{"name":"wp","href":"https:\/\/api.w.org\/{rel}","templated":true}]}}