{"id":3630,"date":"2025-11-11T12:54:59","date_gmt":"2025-11-11T15:54:59","guid":{"rendered":"https:\/\/radio.fcejs.unsl.edu.ar\/?p=3630"},"modified":"2025-11-11T12:54:59","modified_gmt":"2025-11-11T15:54:59","slug":"caminemos-juntas-al-25n-segundo-encuentro-en-el-campus-de-la-unsl-villa-mercedes","status":"publish","type":"post","link":"https:\/\/radio.fcejs.unsl.edu.ar\/index.php\/caminemos-juntas-al-25n-segundo-encuentro-en-el-campus-de-la-unsl-villa-mercedes\/","title":{"rendered":"\u201cCaminemos juntas al 25N\u201d: segundo encuentro en el campus de la UNSL Villa Mercedes"},"content":{"rendered":"<p data-start=\"284\" data-end=\"578\">Este jueves 13 de noviembre a las 17:00 se realizar\u00e1 en el campus de la <strong data-start=\"356\" data-end=\"379\">UNSL Villa Mercedes<\/strong> un nuevo encuentro en el marco de la actividad <strong data-start=\"427\" data-end=\"456\">\u201cCaminemos juntas al 25N\u201d<\/strong>, que busca construir una agenda com\u00fan en torno a las problem\u00e1ticas de g\u00e9nero y visibilizar los derechos de las mujeres.<\/p>\n<p data-start=\"580\" data-end=\"762\">La convocatoria est\u00e1 dirigida a todas las mujeres de la comunidad universitaria y de Villa Mercedes. La jornada ser\u00e1 <strong data-start=\"697\" data-end=\"708\">h\u00edbrida<\/strong>, permitiendo la participaci\u00f3n presencial y virtual.<\/p>\n<p data-start=\"764\" data-end=\"1036\">Durante una entrevista en <strong data-start=\"790\" data-end=\"812\">Radio UNSL 97.5 FM<\/strong>, <strong data-start=\"814\" data-end=\"834\">Estela Dom\u00ednguez<\/strong> explic\u00f3 que este encuentro es la segunda instancia organizativa hacia una acci\u00f3n concreta prevista para el <strong data-start=\"942\" data-end=\"961\">25 de noviembre<\/strong>, D\u00eda Internacional de la Eliminaci\u00f3n de la Violencia contra las Mujeres.<\/p>\n<audio class=\"wp-audio-shortcode\" id=\"audio-3630-1\" preload=\"none\" style=\"width: 100%;\" controls=\"controls\"><source type=\"audio\/mpeg\" src=\"https:\/\/radioupload.fica.unsl.edu.ar\/files\/jb\/Estela%20Dominguez%20-%20Caminenos%20Juntas%2025N%2011-11-25.mp3?_=1\" \/><a href=\"https:\/\/radioupload.fica.unsl.edu.ar\/files\/jb\/Estela%20Dominguez%20-%20Caminenos%20Juntas%2025N%2011-11-25.mp3\">https:\/\/radioupload.fica.unsl.edu.ar\/files\/jb\/Estela%20Dominguez%20-%20Caminenos%20Juntas%2025N%2011-11-25.mp3<\/a><\/audio>\n<p data-start=\"1040\" data-end=\"1264\">\u201cQueremos visibilizar e informar a la comunidad, mostrar que existen leyes que nos otorgan derechos, pero tambi\u00e9n alertar sobre la reducci\u00f3n de presupuestos que ha generado retrocesos en estas pol\u00edticas\u201d, se\u00f1al\u00f3 Dom\u00ednguez.<\/p>\n<p data-start=\"1266\" data-end=\"1457\">La propuesta incluye una jornada p\u00fablica en la <strong data-start=\"1313\" data-end=\"1333\">Plaza San Mart\u00edn<\/strong>, con la participaci\u00f3n de artistas, feriantes y stands informativos de distintas organizaciones sociales y universitarias.<\/p>\n<p data-start=\"1459\" data-end=\"1875\">El primer encuentro, realizado el 31 de octubre, cont\u00f3 con la presencia de mujeres referentas de diversas instituciones y organizaciones. En esa instancia se acord\u00f3 trabajar conjuntamente entre la <strong data-start=\"1656\" data-end=\"1665\">FCEJS<\/strong>, la <strong data-start=\"1670\" data-end=\"1711\">Secretar\u00eda de Extensi\u00f3n Universitaria<\/strong> y el <strong data-start=\"1717\" data-end=\"1763\">Programa de G\u00e9nero, Universidad y Sociedad<\/strong>, con el objetivo de fortalecer las pol\u00edticas de g\u00e9nero y definir una agenda de trabajo compartida hacia 2026.<\/p>\n<pre data-start=\"2165\" data-end=\"2236\"><strong>Conducci\u00f3n: Mat\u00edas E. Videla | Radio UNSL Villa Mercedes 97.5 FM\r\nOperaci\u00f3n T\u00e9cnica: Mart\u00edn Pagliero<\/strong><\/pre>\n<p>&nbsp;<\/p>\n","protected":false},"excerpt":{"rendered":"<p>Este jueves 13 de noviembre a las 17:00 se realizar\u00e1 en el campus de la UNSL Villa Mercedes un nuevo encuentro en el marco de la actividad \u201cCaminemos juntas al 25N\u201d, que busca construir una agenda com\u00fan en torno a las problem\u00e1ticas de g\u00e9nero y visibilizar los derechos de las mujeres. La convocatoria est\u00e1 dirigida&#8230;<\/p>\n","protected":false},"author":7,"featured_media":3631,"comment_status":"closed","ping_status":"closed","sticky":false,"template":"","format":"standard","meta":{"_kad_post_transparent":"default","_kad_post_title":"default","_kad_post_layout":"default","_kad_post_sidebar_id":"","_kad_post_content_style":"default","_kad_post_vertical_padding":"default","_kad_post_feature":"","_kad_post_feature_position":"","_kad_post_header":false,"_kad_post_footer":false,"_kad_post_classname":"","footnotes":""},"categories":[14],"tags":[],"class_list":["post-3630","post","type-post","status-publish","format-standard","has-post-thumbnail","hentry","category-entrevistas"],"yoast_head":"<!-- This site is optimized with the Yoast SEO plugin v27.2 - https:\/\/yoast.com\/product\/yoast-seo-wordpress\/ -->\n<title>\u201cCaminemos juntas al 25N\u201d: segundo encuentro en el campus de la UNSL Villa Mercedes - Radio Universidad Villa Mercedes 97.5 | UNSL<\/title>\n<meta name=\"robots\" content=\"index, follow, max-snippet:-1, max-image-preview:large, max-video-preview:-1\" \/>\n<link rel=\"canonical\" href=\"https:\/\/radio.fcejs.unsl.edu.ar\/index.php\/caminemos-juntas-al-25n-segundo-encuentro-en-el-campus-de-la-unsl-villa-mercedes\/\" \/>\n<meta property=\"og:locale\" content=\"es_ES\" \/>\n<meta property=\"og:type\" content=\"article\" \/>\n<meta property=\"og:title\" content=\"\u201cCaminemos juntas al 25N\u201d: segundo encuentro en el campus de la UNSL Villa Mercedes - Radio Universidad Villa Mercedes 97.5 | UNSL\" \/>\n<meta property=\"og:description\" content=\"Este jueves 13 de noviembre a las 17:00 se realizar\u00e1 en el campus de la UNSL Villa Mercedes un nuevo encuentro en el marco de la actividad \u201cCaminemos juntas al 25N\u201d, que busca construir una agenda com\u00fan en torno a las problem\u00e1ticas de g\u00e9nero y visibilizar los derechos de las mujeres. La convocatoria est\u00e1 dirigida...\" \/>\n<meta property=\"og:url\" content=\"https:\/\/radio.fcejs.unsl.edu.ar\/index.php\/caminemos-juntas-al-25n-segundo-encuentro-en-el-campus-de-la-unsl-villa-mercedes\/\" \/>\n<meta property=\"og:site_name\" content=\"Radio Universidad Villa Mercedes 97.5 | UNSL\" \/>\n<meta property=\"article:published_time\" content=\"2025-11-11T15:54:59+00:00\" \/>\n<meta property=\"og:image\" content=\"http:\/\/radio.fcejs.unsl.edu.ar\/wp-content\/uploads\/2025\/11\/IMG-20251031-WA0136-1536x815-1.jpg\" \/>\n\t<meta property=\"og:image:width\" content=\"1536\" \/>\n\t<meta property=\"og:image:height\" content=\"815\" \/>\n\t<meta property=\"og:image:type\" content=\"image\/jpeg\" \/>\n<meta name=\"author\" content=\"Matias Videla\" \/>\n<meta name=\"twitter:card\" content=\"summary_large_image\" \/>\n<meta name=\"twitter:label1\" content=\"Escrito por\" \/>\n\t<meta name=\"twitter:data1\" content=\"Matias Videla\" \/>\n\t<meta name=\"twitter:label2\" content=\"Tiempo de lectura\" \/>\n\t<meta name=\"twitter:data2\" content=\"2 minutos\" \/>\n<script type=\"application\/ld+json\" class=\"yoast-schema-graph\">{\"@context\":\"https:\/\/schema.org\",\"@graph\":[{\"@type\":\"Article\",\"@id\":\"https:\/\/radio.fcejs.unsl.edu.ar\/index.php\/caminemos-juntas-al-25n-segundo-encuentro-en-el-campus-de-la-unsl-villa-mercedes\/#article\",\"isPartOf\":{\"@id\":\"https:\/\/radio.fcejs.unsl.edu.ar\/index.php\/caminemos-juntas-al-25n-segundo-encuentro-en-el-campus-de-la-unsl-villa-mercedes\/\"},\"author\":{\"name\":\"Matias Videla\",\"@id\":\"https:\/\/radio.fcejs.unsl.edu.ar\/#\/schema\/person\/acc8fccb15174977a9a97c2c6c9a046e\"},\"headline\":\"\u201cCaminemos juntas al 25N\u201d: segundo encuentro en el campus de la UNSL Villa Mercedes\",\"datePublished\":\"2025-11-11T15:54:59+00:00\",\"mainEntityOfPage\":{\"@id\":\"https:\/\/radio.fcejs.unsl.edu.ar\/index.php\/caminemos-juntas-al-25n-segundo-encuentro-en-el-campus-de-la-unsl-villa-mercedes\/\"},\"wordCount\":284,\"publisher\":{\"@id\":\"https:\/\/radio.fcejs.unsl.edu.ar\/#organization\"},\"image\":{\"@id\":\"https:\/\/radio.fcejs.unsl.edu.ar\/index.php\/caminemos-juntas-al-25n-segundo-encuentro-en-el-campus-de-la-unsl-villa-mercedes\/#primaryimage\"},\"thumbnailUrl\":\"https:\/\/radio.fcejs.unsl.edu.ar\/wp-content\/uploads\/2025\/11\/IMG-20251031-WA0136-1536x815-1.jpg\",\"articleSection\":[\"Entrevistas\"],\"inLanguage\":\"es-AR\"},{\"@type\":\"WebPage\",\"@id\":\"https:\/\/radio.fcejs.unsl.edu.ar\/index.php\/caminemos-juntas-al-25n-segundo-encuentro-en-el-campus-de-la-unsl-villa-mercedes\/\",\"url\":\"https:\/\/radio.fcejs.unsl.edu.ar\/index.php\/caminemos-juntas-al-25n-segundo-encuentro-en-el-campus-de-la-unsl-villa-mercedes\/\",\"name\":\"\u201cCaminemos juntas al 25N\u201d: segundo encuentro en el campus de la UNSL Villa Mercedes - Radio Universidad Villa Mercedes 97.5 | UNSL\",\"isPartOf\":{\"@id\":\"https:\/\/radio.fcejs.unsl.edu.ar\/#website\"},\"primaryImageOfPage\":{\"@id\":\"https:\/\/radio.fcejs.unsl.edu.ar\/index.php\/caminemos-juntas-al-25n-segundo-encuentro-en-el-campus-de-la-unsl-villa-mercedes\/#primaryimage\"},\"image\":{\"@id\":\"https:\/\/radio.fcejs.unsl.edu.ar\/index.php\/caminemos-juntas-al-25n-segundo-encuentro-en-el-campus-de-la-unsl-villa-mercedes\/#primaryimage\"},\"thumbnailUrl\":\"https:\/\/radio.fcejs.unsl.edu.ar\/wp-content\/uploads\/2025\/11\/IMG-20251031-WA0136-1536x815-1.jpg\",\"datePublished\":\"2025-11-11T15:54:59+00:00\",\"breadcrumb\":{\"@id\":\"https:\/\/radio.fcejs.unsl.edu.ar\/index.php\/caminemos-juntas-al-25n-segundo-encuentro-en-el-campus-de-la-unsl-villa-mercedes\/#breadcrumb\"},\"inLanguage\":\"es-AR\",\"potentialAction\":[{\"@type\":\"ReadAction\",\"target\":[\"https:\/\/radio.fcejs.unsl.edu.ar\/index.php\/caminemos-juntas-al-25n-segundo-encuentro-en-el-campus-de-la-unsl-villa-mercedes\/\"]}]},{\"@type\":\"ImageObject\",\"inLanguage\":\"es-AR\",\"@id\":\"https:\/\/radio.fcejs.unsl.edu.ar\/index.php\/caminemos-juntas-al-25n-segundo-encuentro-en-el-campus-de-la-unsl-villa-mercedes\/#primaryimage\",\"url\":\"https:\/\/radio.fcejs.unsl.edu.ar\/wp-content\/uploads\/2025\/11\/IMG-20251031-WA0136-1536x815-1.jpg\",\"contentUrl\":\"https:\/\/radio.fcejs.unsl.edu.ar\/wp-content\/uploads\/2025\/11\/IMG-20251031-WA0136-1536x815-1.jpg\",\"width\":1536,\"height\":815},{\"@type\":\"BreadcrumbList\",\"@id\":\"https:\/\/radio.fcejs.unsl.edu.ar\/index.php\/caminemos-juntas-al-25n-segundo-encuentro-en-el-campus-de-la-unsl-villa-mercedes\/#breadcrumb\",\"itemListElement\":[{\"@type\":\"ListItem\",\"position\":1,\"name\":\"Inicio\",\"item\":\"https:\/\/radio.fcejs.unsl.edu.ar\/\"},{\"@type\":\"ListItem\",\"position\":2,\"name\":\"\u201cCaminemos juntas al 25N\u201d: segundo encuentro en el campus de la UNSL Villa Mercedes\"}]},{\"@type\":\"WebSite\",\"@id\":\"https:\/\/radio.fcejs.unsl.edu.ar\/#website\",\"url\":\"https:\/\/radio.fcejs.unsl.edu.ar\/\",\"name\":\"Radio Universidad Villa Mercedes 97.5 | UNSL\",\"description\":\"UNSL\",\"publisher\":{\"@id\":\"https:\/\/radio.fcejs.unsl.edu.ar\/#organization\"},\"potentialAction\":[{\"@type\":\"SearchAction\",\"target\":{\"@type\":\"EntryPoint\",\"urlTemplate\":\"https:\/\/radio.fcejs.unsl.edu.ar\/?s={search_term_string}\"},\"query-input\":{\"@type\":\"PropertyValueSpecification\",\"valueRequired\":true,\"valueName\":\"search_term_string\"}}],\"inLanguage\":\"es-AR\"},{\"@type\":\"Organization\",\"@id\":\"https:\/\/radio.fcejs.unsl.edu.ar\/#organization\",\"name\":\"Radio Universidad Villa Mercedes 97.5 | UNSL\",\"url\":\"https:\/\/radio.fcejs.unsl.edu.ar\/\",\"logo\":{\"@type\":\"ImageObject\",\"inLanguage\":\"es-AR\",\"@id\":\"https:\/\/radio.fcejs.unsl.edu.ar\/#\/schema\/logo\/image\/\",\"url\":\"https:\/\/radio.fcejs.unsl.edu.ar\/wp-content\/uploads\/2023\/12\/cropped-radio-villa-mercedes-97-5.png\",\"contentUrl\":\"https:\/\/radio.fcejs.unsl.edu.ar\/wp-content\/uploads\/2023\/12\/cropped-radio-villa-mercedes-97-5.png\",\"width\":908,\"height\":289,\"caption\":\"Radio Universidad Villa Mercedes 97.5 | UNSL\"},\"image\":{\"@id\":\"https:\/\/radio.fcejs.unsl.edu.ar\/#\/schema\/logo\/image\/\"}},{\"@type\":\"Person\",\"@id\":\"https:\/\/radio.fcejs.unsl.edu.ar\/#\/schema\/person\/acc8fccb15174977a9a97c2c6c9a046e\",\"name\":\"Matias Videla\",\"url\":\"https:\/\/radio.fcejs.unsl.edu.ar\/index.php\/author\/mvidela\/\"}]}<\/script>\n<!-- \/ Yoast SEO plugin. -->","yoast_head_json":{"title":"\u201cCaminemos juntas al 25N\u201d: segundo encuentro en el campus de la UNSL Villa Mercedes - Radio Universidad Villa Mercedes 97.5 | UNSL","robots":{"index":"index","follow":"follow","max-snippet":"max-snippet:-1","max-image-preview":"max-image-preview:large","max-video-preview":"max-video-preview:-1"},"canonical":"https:\/\/radio.fcejs.unsl.edu.ar\/index.php\/caminemos-juntas-al-25n-segundo-encuentro-en-el-campus-de-la-unsl-villa-mercedes\/","og_locale":"es_ES","og_type":"article","og_title":"\u201cCaminemos juntas al 25N\u201d: segundo encuentro en el campus de la UNSL Villa Mercedes - Radio Universidad Villa Mercedes 97.5 | UNSL","og_description":"Este jueves 13 de noviembre a las 17:00 se realizar\u00e1 en el campus de la UNSL Villa Mercedes un nuevo encuentro en el marco de la actividad \u201cCaminemos juntas al 25N\u201d, que busca construir una agenda com\u00fan en torno a las problem\u00e1ticas de g\u00e9nero y visibilizar los derechos de las mujeres. La convocatoria est\u00e1 dirigida...","og_url":"https:\/\/radio.fcejs.unsl.edu.ar\/index.php\/caminemos-juntas-al-25n-segundo-encuentro-en-el-campus-de-la-unsl-villa-mercedes\/","og_site_name":"Radio Universidad Villa Mercedes 97.5 | UNSL","article_published_time":"2025-11-11T15:54:59+00:00","og_image":[{"width":1536,"height":815,"url":"http:\/\/radio.fcejs.unsl.edu.ar\/wp-content\/uploads\/2025\/11\/IMG-20251031-WA0136-1536x815-1.jpg","type":"image\/jpeg"}],"author":"Matias Videla","twitter_card":"summary_large_image","twitter_misc":{"Escrito por":"Matias Videla","Tiempo de lectura":"2 minutos"},"schema":{"@context":"https:\/\/schema.org","@graph":[{"@type":"Article","@id":"https:\/\/radio.fcejs.unsl.edu.ar\/index.php\/caminemos-juntas-al-25n-segundo-encuentro-en-el-campus-de-la-unsl-villa-mercedes\/#article","isPartOf":{"@id":"https:\/\/radio.fcejs.unsl.edu.ar\/index.php\/caminemos-juntas-al-25n-segundo-encuentro-en-el-campus-de-la-unsl-villa-mercedes\/"},"author":{"name":"Matias Videla","@id":"https:\/\/radio.fcejs.unsl.edu.ar\/#\/schema\/person\/acc8fccb15174977a9a97c2c6c9a046e"},"headline":"\u201cCaminemos juntas al 25N\u201d: segundo encuentro en el campus de la UNSL Villa Mercedes","datePublished":"2025-11-11T15:54:59+00:00","mainEntityOfPage":{"@id":"https:\/\/radio.fcejs.unsl.edu.ar\/index.php\/caminemos-juntas-al-25n-segundo-encuentro-en-el-campus-de-la-unsl-villa-mercedes\/"},"wordCount":284,"publisher":{"@id":"https:\/\/radio.fcejs.unsl.edu.ar\/#organization"},"image":{"@id":"https:\/\/radio.fcejs.unsl.edu.ar\/index.php\/caminemos-juntas-al-25n-segundo-encuentro-en-el-campus-de-la-unsl-villa-mercedes\/#primaryimage"},"thumbnailUrl":"https:\/\/radio.fcejs.unsl.edu.ar\/wp-content\/uploads\/2025\/11\/IMG-20251031-WA0136-1536x815-1.jpg","articleSection":["Entrevistas"],"inLanguage":"es-AR"},{"@type":"WebPage","@id":"https:\/\/radio.fcejs.unsl.edu.ar\/index.php\/caminemos-juntas-al-25n-segundo-encuentro-en-el-campus-de-la-unsl-villa-mercedes\/","url":"https:\/\/radio.fcejs.unsl.edu.ar\/index.php\/caminemos-juntas-al-25n-segundo-encuentro-en-el-campus-de-la-unsl-villa-mercedes\/","name":"\u201cCaminemos juntas al 25N\u201d: segundo encuentro en el campus de la UNSL Villa Mercedes - Radio Universidad Villa Mercedes 97.5 | UNSL","isPartOf":{"@id":"https:\/\/radio.fcejs.unsl.edu.ar\/#website"},"primaryImageOfPage":{"@id":"https:\/\/radio.fcejs.unsl.edu.ar\/index.php\/caminemos-juntas-al-25n-segundo-encuentro-en-el-campus-de-la-unsl-villa-mercedes\/#primaryimage"},"image":{"@id":"https:\/\/radio.fcejs.unsl.edu.ar\/index.php\/caminemos-juntas-al-25n-segundo-encuentro-en-el-campus-de-la-unsl-villa-mercedes\/#primaryimage"},"thumbnailUrl":"https:\/\/radio.fcejs.unsl.edu.ar\/wp-content\/uploads\/2025\/11\/IMG-20251031-WA0136-1536x815-1.jpg","datePublished":"2025-11-11T15:54:59+00:00","breadcrumb":{"@id":"https:\/\/radio.fcejs.unsl.edu.ar\/index.php\/caminemos-juntas-al-25n-segundo-encuentro-en-el-campus-de-la-unsl-villa-mercedes\/#breadcrumb"},"inLanguage":"es-AR","potentialAction":[{"@type":"ReadAction","target":["https:\/\/radio.fcejs.unsl.edu.ar\/index.php\/caminemos-juntas-al-25n-segundo-encuentro-en-el-campus-de-la-unsl-villa-mercedes\/"]}]},{"@type":"ImageObject","inLanguage":"es-AR","@id":"https:\/\/radio.fcejs.unsl.edu.ar\/index.php\/caminemos-juntas-al-25n-segundo-encuentro-en-el-campus-de-la-unsl-villa-mercedes\/#primaryimage","url":"https:\/\/radio.fcejs.unsl.edu.ar\/wp-content\/uploads\/2025\/11\/IMG-20251031-WA0136-1536x815-1.jpg","contentUrl":"https:\/\/radio.fcejs.unsl.edu.ar\/wp-content\/uploads\/2025\/11\/IMG-20251031-WA0136-1536x815-1.jpg","width":1536,"height":815},{"@type":"BreadcrumbList","@id":"https:\/\/radio.fcejs.unsl.edu.ar\/index.php\/caminemos-juntas-al-25n-segundo-encuentro-en-el-campus-de-la-unsl-villa-mercedes\/#breadcrumb","itemListElement":[{"@type":"ListItem","position":1,"name":"Inicio","item":"https:\/\/radio.fcejs.unsl.edu.ar\/"},{"@type":"ListItem","position":2,"name":"\u201cCaminemos juntas al 25N\u201d: segundo encuentro en el campus de la UNSL Villa Mercedes"}]},{"@type":"WebSite","@id":"https:\/\/radio.fcejs.unsl.edu.ar\/#website","url":"https:\/\/radio.fcejs.unsl.edu.ar\/","name":"Radio Universidad Villa Mercedes 97.5 | UNSL","description":"UNSL","publisher":{"@id":"https:\/\/radio.fcejs.unsl.edu.ar\/#organization"},"potentialAction":[{"@type":"SearchAction","target":{"@type":"EntryPoint","urlTemplate":"https:\/\/radio.fcejs.unsl.edu.ar\/?s={search_term_string}"},"query-input":{"@type":"PropertyValueSpecification","valueRequired":true,"valueName":"search_term_string"}}],"inLanguage":"es-AR"},{"@type":"Organization","@id":"https:\/\/radio.fcejs.unsl.edu.ar\/#organization","name":"Radio Universidad Villa Mercedes 97.5 | UNSL","url":"https:\/\/radio.fcejs.unsl.edu.ar\/","logo":{"@type":"ImageObject","inLanguage":"es-AR","@id":"https:\/\/radio.fcejs.unsl.edu.ar\/#\/schema\/logo\/image\/","url":"https:\/\/radio.fcejs.unsl.edu.ar\/wp-content\/uploads\/2023\/12\/cropped-radio-villa-mercedes-97-5.png","contentUrl":"https:\/\/radio.fcejs.unsl.edu.ar\/wp-content\/uploads\/2023\/12\/cropped-radio-villa-mercedes-97-5.png","width":908,"height":289,"caption":"Radio Universidad Villa Mercedes 97.5 | UNSL"},"image":{"@id":"https:\/\/radio.fcejs.unsl.edu.ar\/#\/schema\/logo\/image\/"}},{"@type":"Person","@id":"https:\/\/radio.fcejs.unsl.edu.ar\/#\/schema\/person\/acc8fccb15174977a9a97c2c6c9a046e","name":"Matias Videla","url":"https:\/\/radio.fcejs.unsl.edu.ar\/index.php\/author\/mvidela\/"}]}},"_links":{"self":[{"href":"https:\/\/radio.fcejs.unsl.edu.ar\/index.php\/wp-json\/wp\/v2\/posts\/3630","targetHints":{"allow":["GET"]}}],"collection":[{"href":"https:\/\/radio.fcejs.unsl.edu.ar\/index.php\/wp-json\/wp\/v2\/posts"}],"about":[{"href":"https:\/\/radio.fcejs.unsl.edu.ar\/index.php\/wp-json\/wp\/v2\/types\/post"}],"author":[{"embeddable":true,"href":"https:\/\/radio.fcejs.unsl.edu.ar\/index.php\/wp-json\/wp\/v2\/users\/7"}],"replies":[{"embeddable":true,"href":"https:\/\/radio.fcejs.unsl.edu.ar\/index.php\/wp-json\/wp\/v2\/comments?post=3630"}],"version-history":[{"count":1,"href":"https:\/\/radio.fcejs.unsl.edu.ar\/index.php\/wp-json\/wp\/v2\/posts\/3630\/revisions"}],"predecessor-version":[{"id":3632,"href":"https:\/\/radio.fcejs.unsl.edu.ar\/index.php\/wp-json\/wp\/v2\/posts\/3630\/revisions\/3632"}],"wp:featuredmedia":[{"embeddable":true,"href":"https:\/\/radio.fcejs.unsl.edu.ar\/index.php\/wp-json\/wp\/v2\/media\/3631"}],"wp:attachment":[{"href":"https:\/\/radio.fcejs.unsl.edu.ar\/index.php\/wp-json\/wp\/v2\/media?parent=3630"}],"wp:term":[{"taxonomy":"category","embeddable":true,"href":"https:\/\/radio.fcejs.unsl.edu.ar\/index.php\/wp-json\/wp\/v2\/categories?post=3630"},{"taxonomy":"post_tag","embeddable":true,"href":"https:\/\/radio.fcejs.unsl.edu.ar\/index.php\/wp-json\/wp\/v2\/tags?post=3630"}],"curies":[{"name":"wp","href":"https:\/\/api.w.org\/{rel}","templated":true}]}}