{"id":3625,"date":"2025-11-07T14:01:30","date_gmt":"2025-11-07T17:01:30","guid":{"rendered":"https:\/\/radio.fcejs.unsl.edu.ar\/?p=3625"},"modified":"2025-11-07T14:01:57","modified_gmt":"2025-11-07T17:01:57","slug":"el-rector-de-la-unsl-visito-la-fica-y-conocio-la-produccion-de-hidromiel-elaborada-en-la-planta-piloto","status":"publish","type":"post","link":"https:\/\/radio.fcejs.unsl.edu.ar\/index.php\/el-rector-de-la-unsl-visito-la-fica-y-conocio-la-produccion-de-hidromiel-elaborada-en-la-planta-piloto\/","title":{"rendered":"El rector de la UNSL visit\u00f3 la FICA y conoci\u00f3 la producci\u00f3n de hidromiel elaborada en la planta piloto"},"content":{"rendered":"<p data-start=\"268\" data-end=\"545\">El <strong data-start=\"271\" data-end=\"327\">rector de la Universidad Nacional de San Luis (UNSL)<\/strong>, <strong data-start=\"329\" data-end=\"345\">Dr. Ra\u00fal Gil<\/strong>, visit\u00f3 este viernes el <strong data-start=\"370\" data-end=\"409\">Centro Universitario Villa Mercedes<\/strong>, donde mantuvo una reuni\u00f3n de trabajo con el <strong data-start=\"455\" data-end=\"496\">decano de la FICA, Dr. Federico Serra<\/strong>, y el <strong data-start=\"503\" data-end=\"542\">vicedecano, Ing. Guillermo Mart\u00ednez<\/strong>.<\/p>\n<p data-start=\"763\" data-end=\"972\">En di\u00e1logo con <strong data-start=\"778\" data-end=\"815\">Radio UNSL Villa Mercedes 97.5 FM<\/strong>, el Dr. Gil destac\u00f3 la importancia de mantener un <strong data-start=\"866\" data-end=\"910\">contacto directo con las distintas sedes<\/strong> y conocer de primera mano los proyectos que se desarrollan:<\/p>\n<h6 data-start=\"763\" data-end=\"972\"><span style=\"font-size: 15px\">Entrevista Completa:<\/span><\/h6>\n<audio class=\"wp-audio-shortcode\" id=\"audio-3625-1\" preload=\"none\" style=\"width: 100%;\" controls=\"controls\"><source type=\"audio\/mpeg\" src=\"https:\/\/radioupload.fica.unsl.edu.ar\/files\/jb\/Visita%20RECTOR%20FICA%207-11-25.mp3?_=1\" \/><a href=\"https:\/\/radioupload.fica.unsl.edu.ar\/files\/jb\/Visita%20RECTOR%20FICA%207-11-25.mp3\">https:\/\/radioupload.fica.unsl.edu.ar\/files\/jb\/Visita%20RECTOR%20FICA%207-11-25.mp3<\/a><\/audio>\n<p data-start=\"547\" data-end=\"761\">Durante el recorrido, el rector visit\u00f3 el <strong data-start=\"589\" data-end=\"626\">laboratorio de Ingenier\u00eda Qu\u00edmica<\/strong>, donde pudo <strong data-start=\"639\" data-end=\"704\">conocer y degustar la hidromiel producida en la planta piloto<\/strong> de la Facultad de Ingenier\u00eda y Ciencias Agropecuarias.<\/p>\n<blockquote data-start=\"973\" data-end=\"1146\">\n<p data-start=\"975\" data-end=\"1146\">\u201cQueremos estar cerca de todas las facultades. Estas visitas permiten ver c\u00f3mo se trabaja y acompa\u00f1ar los proyectos que fortalecen la formaci\u00f3n de nuestros estudiantes\u201d expres\u00f3.<\/p>\n<\/blockquote>\n<pre data-start=\"2165\" data-end=\"2236\"><strong>Conducci\u00f3n: Mat\u00edas E. Videla | Radio UNSL Villa Mercedes 97.5 FM\r\nOperaci\u00f3n T\u00e9cnica: Mart\u00edn Pagliero<\/strong><\/pre>\n<p>&nbsp;<\/p>\n","protected":false},"excerpt":{"rendered":"<p>El rector de la Universidad Nacional de San Luis (UNSL), Dr. Ra\u00fal Gil, visit\u00f3 este viernes el Centro Universitario Villa Mercedes, donde mantuvo una reuni\u00f3n de trabajo con el decano de la FICA, Dr. Federico Serra, y el vicedecano, Ing. Guillermo Mart\u00ednez. En di\u00e1logo con Radio UNSL Villa Mercedes 97.5 FM, el Dr. Gil destac\u00f3&#8230;<\/p>\n","protected":false},"author":7,"featured_media":3627,"comment_status":"closed","ping_status":"closed","sticky":false,"template":"","format":"standard","meta":{"_kad_post_transparent":"default","_kad_post_title":"default","_kad_post_layout":"default","_kad_post_sidebar_id":"","_kad_post_content_style":"default","_kad_post_vertical_padding":"default","_kad_post_feature":"","_kad_post_feature_position":"","_kad_post_header":false,"_kad_post_footer":false,"_kad_post_classname":"","footnotes":""},"categories":[14],"tags":[],"class_list":["post-3625","post","type-post","status-publish","format-standard","has-post-thumbnail","hentry","category-entrevistas"],"yoast_head":"<!-- This site is optimized with the Yoast SEO plugin v27.2 - https:\/\/yoast.com\/product\/yoast-seo-wordpress\/ -->\n<title>El rector de la UNSL visit\u00f3 la FICA y conoci\u00f3 la producci\u00f3n de hidromiel elaborada en la planta piloto - Radio Universidad Villa Mercedes 97.5 | UNSL<\/title>\n<meta name=\"robots\" content=\"index, follow, max-snippet:-1, max-image-preview:large, max-video-preview:-1\" \/>\n<link rel=\"canonical\" href=\"https:\/\/radio.fcejs.unsl.edu.ar\/index.php\/el-rector-de-la-unsl-visito-la-fica-y-conocio-la-produccion-de-hidromiel-elaborada-en-la-planta-piloto\/\" \/>\n<meta property=\"og:locale\" content=\"es_ES\" \/>\n<meta property=\"og:type\" content=\"article\" \/>\n<meta property=\"og:title\" content=\"El rector de la UNSL visit\u00f3 la FICA y conoci\u00f3 la producci\u00f3n de hidromiel elaborada en la planta piloto - Radio Universidad Villa Mercedes 97.5 | UNSL\" \/>\n<meta property=\"og:description\" content=\"El rector de la Universidad Nacional de San Luis (UNSL), Dr. Ra\u00fal Gil, visit\u00f3 este viernes el Centro Universitario Villa Mercedes, donde mantuvo una reuni\u00f3n de trabajo con el decano de la FICA, Dr. Federico Serra, y el vicedecano, Ing. Guillermo Mart\u00ednez. En di\u00e1logo con Radio UNSL Villa Mercedes 97.5 FM, el Dr. Gil destac\u00f3...\" \/>\n<meta property=\"og:url\" content=\"https:\/\/radio.fcejs.unsl.edu.ar\/index.php\/el-rector-de-la-unsl-visito-la-fica-y-conocio-la-produccion-de-hidromiel-elaborada-en-la-planta-piloto\/\" \/>\n<meta property=\"og:site_name\" content=\"Radio Universidad Villa Mercedes 97.5 | UNSL\" \/>\n<meta property=\"article:published_time\" content=\"2025-11-07T17:01:30+00:00\" \/>\n<meta property=\"article:modified_time\" content=\"2025-11-07T17:01:57+00:00\" \/>\n<meta property=\"og:image\" content=\"http:\/\/radio.fcejs.unsl.edu.ar\/wp-content\/uploads\/2025\/11\/visita-rector-25.jpg\" \/>\n\t<meta property=\"og:image:width\" content=\"1100\" \/>\n\t<meta property=\"og:image:height\" content=\"733\" \/>\n\t<meta property=\"og:image:type\" content=\"image\/jpeg\" \/>\n<meta name=\"author\" content=\"Matias Videla\" \/>\n<meta name=\"twitter:card\" content=\"summary_large_image\" \/>\n<meta name=\"twitter:label1\" content=\"Escrito por\" \/>\n\t<meta name=\"twitter:data1\" content=\"Matias Videla\" \/>\n\t<meta name=\"twitter:label2\" content=\"Tiempo de lectura\" \/>\n\t<meta name=\"twitter:data2\" content=\"1 minuto\" \/>\n<script type=\"application\/ld+json\" class=\"yoast-schema-graph\">{\"@context\":\"https:\/\/schema.org\",\"@graph\":[{\"@type\":\"Article\",\"@id\":\"https:\/\/radio.fcejs.unsl.edu.ar\/index.php\/el-rector-de-la-unsl-visito-la-fica-y-conocio-la-produccion-de-hidromiel-elaborada-en-la-planta-piloto\/#article\",\"isPartOf\":{\"@id\":\"https:\/\/radio.fcejs.unsl.edu.ar\/index.php\/el-rector-de-la-unsl-visito-la-fica-y-conocio-la-produccion-de-hidromiel-elaborada-en-la-planta-piloto\/\"},\"author\":{\"name\":\"Matias Videla\",\"@id\":\"https:\/\/radio.fcejs.unsl.edu.ar\/#\/schema\/person\/acc8fccb15174977a9a97c2c6c9a046e\"},\"headline\":\"El rector de la UNSL visit\u00f3 la FICA y conoci\u00f3 la producci\u00f3n de hidromiel elaborada en la planta piloto\",\"datePublished\":\"2025-11-07T17:01:30+00:00\",\"dateModified\":\"2025-11-07T17:01:57+00:00\",\"mainEntityOfPage\":{\"@id\":\"https:\/\/radio.fcejs.unsl.edu.ar\/index.php\/el-rector-de-la-unsl-visito-la-fica-y-conocio-la-produccion-de-hidromiel-elaborada-en-la-planta-piloto\/\"},\"wordCount\":179,\"publisher\":{\"@id\":\"https:\/\/radio.fcejs.unsl.edu.ar\/#organization\"},\"image\":{\"@id\":\"https:\/\/radio.fcejs.unsl.edu.ar\/index.php\/el-rector-de-la-unsl-visito-la-fica-y-conocio-la-produccion-de-hidromiel-elaborada-en-la-planta-piloto\/#primaryimage\"},\"thumbnailUrl\":\"https:\/\/radio.fcejs.unsl.edu.ar\/wp-content\/uploads\/2025\/11\/visita-rector-25.jpg\",\"articleSection\":[\"Entrevistas\"],\"inLanguage\":\"es-AR\"},{\"@type\":\"WebPage\",\"@id\":\"https:\/\/radio.fcejs.unsl.edu.ar\/index.php\/el-rector-de-la-unsl-visito-la-fica-y-conocio-la-produccion-de-hidromiel-elaborada-en-la-planta-piloto\/\",\"url\":\"https:\/\/radio.fcejs.unsl.edu.ar\/index.php\/el-rector-de-la-unsl-visito-la-fica-y-conocio-la-produccion-de-hidromiel-elaborada-en-la-planta-piloto\/\",\"name\":\"El rector de la UNSL visit\u00f3 la FICA y conoci\u00f3 la producci\u00f3n de hidromiel elaborada en la planta piloto - Radio Universidad Villa Mercedes 97.5 | UNSL\",\"isPartOf\":{\"@id\":\"https:\/\/radio.fcejs.unsl.edu.ar\/#website\"},\"primaryImageOfPage\":{\"@id\":\"https:\/\/radio.fcejs.unsl.edu.ar\/index.php\/el-rector-de-la-unsl-visito-la-fica-y-conocio-la-produccion-de-hidromiel-elaborada-en-la-planta-piloto\/#primaryimage\"},\"image\":{\"@id\":\"https:\/\/radio.fcejs.unsl.edu.ar\/index.php\/el-rector-de-la-unsl-visito-la-fica-y-conocio-la-produccion-de-hidromiel-elaborada-en-la-planta-piloto\/#primaryimage\"},\"thumbnailUrl\":\"https:\/\/radio.fcejs.unsl.edu.ar\/wp-content\/uploads\/2025\/11\/visita-rector-25.jpg\",\"datePublished\":\"2025-11-07T17:01:30+00:00\",\"dateModified\":\"2025-11-07T17:01:57+00:00\",\"breadcrumb\":{\"@id\":\"https:\/\/radio.fcejs.unsl.edu.ar\/index.php\/el-rector-de-la-unsl-visito-la-fica-y-conocio-la-produccion-de-hidromiel-elaborada-en-la-planta-piloto\/#breadcrumb\"},\"inLanguage\":\"es-AR\",\"potentialAction\":[{\"@type\":\"ReadAction\",\"target\":[\"https:\/\/radio.fcejs.unsl.edu.ar\/index.php\/el-rector-de-la-unsl-visito-la-fica-y-conocio-la-produccion-de-hidromiel-elaborada-en-la-planta-piloto\/\"]}]},{\"@type\":\"ImageObject\",\"inLanguage\":\"es-AR\",\"@id\":\"https:\/\/radio.fcejs.unsl.edu.ar\/index.php\/el-rector-de-la-unsl-visito-la-fica-y-conocio-la-produccion-de-hidromiel-elaborada-en-la-planta-piloto\/#primaryimage\",\"url\":\"https:\/\/radio.fcejs.unsl.edu.ar\/wp-content\/uploads\/2025\/11\/visita-rector-25.jpg\",\"contentUrl\":\"https:\/\/radio.fcejs.unsl.edu.ar\/wp-content\/uploads\/2025\/11\/visita-rector-25.jpg\",\"width\":1100,\"height\":733},{\"@type\":\"BreadcrumbList\",\"@id\":\"https:\/\/radio.fcejs.unsl.edu.ar\/index.php\/el-rector-de-la-unsl-visito-la-fica-y-conocio-la-produccion-de-hidromiel-elaborada-en-la-planta-piloto\/#breadcrumb\",\"itemListElement\":[{\"@type\":\"ListItem\",\"position\":1,\"name\":\"Inicio\",\"item\":\"https:\/\/radio.fcejs.unsl.edu.ar\/\"},{\"@type\":\"ListItem\",\"position\":2,\"name\":\"El rector de la UNSL visit\u00f3 la FICA y conoci\u00f3 la producci\u00f3n de hidromiel elaborada en la planta piloto\"}]},{\"@type\":\"WebSite\",\"@id\":\"https:\/\/radio.fcejs.unsl.edu.ar\/#website\",\"url\":\"https:\/\/radio.fcejs.unsl.edu.ar\/\",\"name\":\"Radio Universidad Villa Mercedes 97.5 | UNSL\",\"description\":\"UNSL\",\"publisher\":{\"@id\":\"https:\/\/radio.fcejs.unsl.edu.ar\/#organization\"},\"potentialAction\":[{\"@type\":\"SearchAction\",\"target\":{\"@type\":\"EntryPoint\",\"urlTemplate\":\"https:\/\/radio.fcejs.unsl.edu.ar\/?s={search_term_string}\"},\"query-input\":{\"@type\":\"PropertyValueSpecification\",\"valueRequired\":true,\"valueName\":\"search_term_string\"}}],\"inLanguage\":\"es-AR\"},{\"@type\":\"Organization\",\"@id\":\"https:\/\/radio.fcejs.unsl.edu.ar\/#organization\",\"name\":\"Radio Universidad Villa Mercedes 97.5 | UNSL\",\"url\":\"https:\/\/radio.fcejs.unsl.edu.ar\/\",\"logo\":{\"@type\":\"ImageObject\",\"inLanguage\":\"es-AR\",\"@id\":\"https:\/\/radio.fcejs.unsl.edu.ar\/#\/schema\/logo\/image\/\",\"url\":\"https:\/\/radio.fcejs.unsl.edu.ar\/wp-content\/uploads\/2023\/12\/cropped-radio-villa-mercedes-97-5.png\",\"contentUrl\":\"https:\/\/radio.fcejs.unsl.edu.ar\/wp-content\/uploads\/2023\/12\/cropped-radio-villa-mercedes-97-5.png\",\"width\":908,\"height\":289,\"caption\":\"Radio Universidad Villa Mercedes 97.5 | UNSL\"},\"image\":{\"@id\":\"https:\/\/radio.fcejs.unsl.edu.ar\/#\/schema\/logo\/image\/\"}},{\"@type\":\"Person\",\"@id\":\"https:\/\/radio.fcejs.unsl.edu.ar\/#\/schema\/person\/acc8fccb15174977a9a97c2c6c9a046e\",\"name\":\"Matias Videla\",\"url\":\"https:\/\/radio.fcejs.unsl.edu.ar\/index.php\/author\/mvidela\/\"}]}<\/script>\n<!-- \/ Yoast SEO plugin. -->","yoast_head_json":{"title":"El rector de la UNSL visit\u00f3 la FICA y conoci\u00f3 la producci\u00f3n de hidromiel elaborada en la planta piloto - Radio Universidad Villa Mercedes 97.5 | UNSL","robots":{"index":"index","follow":"follow","max-snippet":"max-snippet:-1","max-image-preview":"max-image-preview:large","max-video-preview":"max-video-preview:-1"},"canonical":"https:\/\/radio.fcejs.unsl.edu.ar\/index.php\/el-rector-de-la-unsl-visito-la-fica-y-conocio-la-produccion-de-hidromiel-elaborada-en-la-planta-piloto\/","og_locale":"es_ES","og_type":"article","og_title":"El rector de la UNSL visit\u00f3 la FICA y conoci\u00f3 la producci\u00f3n de hidromiel elaborada en la planta piloto - Radio Universidad Villa Mercedes 97.5 | UNSL","og_description":"El rector de la Universidad Nacional de San Luis (UNSL), Dr. Ra\u00fal Gil, visit\u00f3 este viernes el Centro Universitario Villa Mercedes, donde mantuvo una reuni\u00f3n de trabajo con el decano de la FICA, Dr. Federico Serra, y el vicedecano, Ing. Guillermo Mart\u00ednez. En di\u00e1logo con Radio UNSL Villa Mercedes 97.5 FM, el Dr. Gil destac\u00f3...","og_url":"https:\/\/radio.fcejs.unsl.edu.ar\/index.php\/el-rector-de-la-unsl-visito-la-fica-y-conocio-la-produccion-de-hidromiel-elaborada-en-la-planta-piloto\/","og_site_name":"Radio Universidad Villa Mercedes 97.5 | UNSL","article_published_time":"2025-11-07T17:01:30+00:00","article_modified_time":"2025-11-07T17:01:57+00:00","og_image":[{"width":1100,"height":733,"url":"http:\/\/radio.fcejs.unsl.edu.ar\/wp-content\/uploads\/2025\/11\/visita-rector-25.jpg","type":"image\/jpeg"}],"author":"Matias Videla","twitter_card":"summary_large_image","twitter_misc":{"Escrito por":"Matias Videla","Tiempo de lectura":"1 minuto"},"schema":{"@context":"https:\/\/schema.org","@graph":[{"@type":"Article","@id":"https:\/\/radio.fcejs.unsl.edu.ar\/index.php\/el-rector-de-la-unsl-visito-la-fica-y-conocio-la-produccion-de-hidromiel-elaborada-en-la-planta-piloto\/#article","isPartOf":{"@id":"https:\/\/radio.fcejs.unsl.edu.ar\/index.php\/el-rector-de-la-unsl-visito-la-fica-y-conocio-la-produccion-de-hidromiel-elaborada-en-la-planta-piloto\/"},"author":{"name":"Matias Videla","@id":"https:\/\/radio.fcejs.unsl.edu.ar\/#\/schema\/person\/acc8fccb15174977a9a97c2c6c9a046e"},"headline":"El rector de la UNSL visit\u00f3 la FICA y conoci\u00f3 la producci\u00f3n de hidromiel elaborada en la planta piloto","datePublished":"2025-11-07T17:01:30+00:00","dateModified":"2025-11-07T17:01:57+00:00","mainEntityOfPage":{"@id":"https:\/\/radio.fcejs.unsl.edu.ar\/index.php\/el-rector-de-la-unsl-visito-la-fica-y-conocio-la-produccion-de-hidromiel-elaborada-en-la-planta-piloto\/"},"wordCount":179,"publisher":{"@id":"https:\/\/radio.fcejs.unsl.edu.ar\/#organization"},"image":{"@id":"https:\/\/radio.fcejs.unsl.edu.ar\/index.php\/el-rector-de-la-unsl-visito-la-fica-y-conocio-la-produccion-de-hidromiel-elaborada-en-la-planta-piloto\/#primaryimage"},"thumbnailUrl":"https:\/\/radio.fcejs.unsl.edu.ar\/wp-content\/uploads\/2025\/11\/visita-rector-25.jpg","articleSection":["Entrevistas"],"inLanguage":"es-AR"},{"@type":"WebPage","@id":"https:\/\/radio.fcejs.unsl.edu.ar\/index.php\/el-rector-de-la-unsl-visito-la-fica-y-conocio-la-produccion-de-hidromiel-elaborada-en-la-planta-piloto\/","url":"https:\/\/radio.fcejs.unsl.edu.ar\/index.php\/el-rector-de-la-unsl-visito-la-fica-y-conocio-la-produccion-de-hidromiel-elaborada-en-la-planta-piloto\/","name":"El rector de la UNSL visit\u00f3 la FICA y conoci\u00f3 la producci\u00f3n de hidromiel elaborada en la planta piloto - Radio Universidad Villa Mercedes 97.5 | UNSL","isPartOf":{"@id":"https:\/\/radio.fcejs.unsl.edu.ar\/#website"},"primaryImageOfPage":{"@id":"https:\/\/radio.fcejs.unsl.edu.ar\/index.php\/el-rector-de-la-unsl-visito-la-fica-y-conocio-la-produccion-de-hidromiel-elaborada-en-la-planta-piloto\/#primaryimage"},"image":{"@id":"https:\/\/radio.fcejs.unsl.edu.ar\/index.php\/el-rector-de-la-unsl-visito-la-fica-y-conocio-la-produccion-de-hidromiel-elaborada-en-la-planta-piloto\/#primaryimage"},"thumbnailUrl":"https:\/\/radio.fcejs.unsl.edu.ar\/wp-content\/uploads\/2025\/11\/visita-rector-25.jpg","datePublished":"2025-11-07T17:01:30+00:00","dateModified":"2025-11-07T17:01:57+00:00","breadcrumb":{"@id":"https:\/\/radio.fcejs.unsl.edu.ar\/index.php\/el-rector-de-la-unsl-visito-la-fica-y-conocio-la-produccion-de-hidromiel-elaborada-en-la-planta-piloto\/#breadcrumb"},"inLanguage":"es-AR","potentialAction":[{"@type":"ReadAction","target":["https:\/\/radio.fcejs.unsl.edu.ar\/index.php\/el-rector-de-la-unsl-visito-la-fica-y-conocio-la-produccion-de-hidromiel-elaborada-en-la-planta-piloto\/"]}]},{"@type":"ImageObject","inLanguage":"es-AR","@id":"https:\/\/radio.fcejs.unsl.edu.ar\/index.php\/el-rector-de-la-unsl-visito-la-fica-y-conocio-la-produccion-de-hidromiel-elaborada-en-la-planta-piloto\/#primaryimage","url":"https:\/\/radio.fcejs.unsl.edu.ar\/wp-content\/uploads\/2025\/11\/visita-rector-25.jpg","contentUrl":"https:\/\/radio.fcejs.unsl.edu.ar\/wp-content\/uploads\/2025\/11\/visita-rector-25.jpg","width":1100,"height":733},{"@type":"BreadcrumbList","@id":"https:\/\/radio.fcejs.unsl.edu.ar\/index.php\/el-rector-de-la-unsl-visito-la-fica-y-conocio-la-produccion-de-hidromiel-elaborada-en-la-planta-piloto\/#breadcrumb","itemListElement":[{"@type":"ListItem","position":1,"name":"Inicio","item":"https:\/\/radio.fcejs.unsl.edu.ar\/"},{"@type":"ListItem","position":2,"name":"El rector de la UNSL visit\u00f3 la FICA y conoci\u00f3 la producci\u00f3n de hidromiel elaborada en la planta piloto"}]},{"@type":"WebSite","@id":"https:\/\/radio.fcejs.unsl.edu.ar\/#website","url":"https:\/\/radio.fcejs.unsl.edu.ar\/","name":"Radio Universidad Villa Mercedes 97.5 | UNSL","description":"UNSL","publisher":{"@id":"https:\/\/radio.fcejs.unsl.edu.ar\/#organization"},"potentialAction":[{"@type":"SearchAction","target":{"@type":"EntryPoint","urlTemplate":"https:\/\/radio.fcejs.unsl.edu.ar\/?s={search_term_string}"},"query-input":{"@type":"PropertyValueSpecification","valueRequired":true,"valueName":"search_term_string"}}],"inLanguage":"es-AR"},{"@type":"Organization","@id":"https:\/\/radio.fcejs.unsl.edu.ar\/#organization","name":"Radio Universidad Villa Mercedes 97.5 | UNSL","url":"https:\/\/radio.fcejs.unsl.edu.ar\/","logo":{"@type":"ImageObject","inLanguage":"es-AR","@id":"https:\/\/radio.fcejs.unsl.edu.ar\/#\/schema\/logo\/image\/","url":"https:\/\/radio.fcejs.unsl.edu.ar\/wp-content\/uploads\/2023\/12\/cropped-radio-villa-mercedes-97-5.png","contentUrl":"https:\/\/radio.fcejs.unsl.edu.ar\/wp-content\/uploads\/2023\/12\/cropped-radio-villa-mercedes-97-5.png","width":908,"height":289,"caption":"Radio Universidad Villa Mercedes 97.5 | UNSL"},"image":{"@id":"https:\/\/radio.fcejs.unsl.edu.ar\/#\/schema\/logo\/image\/"}},{"@type":"Person","@id":"https:\/\/radio.fcejs.unsl.edu.ar\/#\/schema\/person\/acc8fccb15174977a9a97c2c6c9a046e","name":"Matias Videla","url":"https:\/\/radio.fcejs.unsl.edu.ar\/index.php\/author\/mvidela\/"}]}},"_links":{"self":[{"href":"https:\/\/radio.fcejs.unsl.edu.ar\/index.php\/wp-json\/wp\/v2\/posts\/3625","targetHints":{"allow":["GET"]}}],"collection":[{"href":"https:\/\/radio.fcejs.unsl.edu.ar\/index.php\/wp-json\/wp\/v2\/posts"}],"about":[{"href":"https:\/\/radio.fcejs.unsl.edu.ar\/index.php\/wp-json\/wp\/v2\/types\/post"}],"author":[{"embeddable":true,"href":"https:\/\/radio.fcejs.unsl.edu.ar\/index.php\/wp-json\/wp\/v2\/users\/7"}],"replies":[{"embeddable":true,"href":"https:\/\/radio.fcejs.unsl.edu.ar\/index.php\/wp-json\/wp\/v2\/comments?post=3625"}],"version-history":[{"count":2,"href":"https:\/\/radio.fcejs.unsl.edu.ar\/index.php\/wp-json\/wp\/v2\/posts\/3625\/revisions"}],"predecessor-version":[{"id":3629,"href":"https:\/\/radio.fcejs.unsl.edu.ar\/index.php\/wp-json\/wp\/v2\/posts\/3625\/revisions\/3629"}],"wp:featuredmedia":[{"embeddable":true,"href":"https:\/\/radio.fcejs.unsl.edu.ar\/index.php\/wp-json\/wp\/v2\/media\/3627"}],"wp:attachment":[{"href":"https:\/\/radio.fcejs.unsl.edu.ar\/index.php\/wp-json\/wp\/v2\/media?parent=3625"}],"wp:term":[{"taxonomy":"category","embeddable":true,"href":"https:\/\/radio.fcejs.unsl.edu.ar\/index.php\/wp-json\/wp\/v2\/categories?post=3625"},{"taxonomy":"post_tag","embeddable":true,"href":"https:\/\/radio.fcejs.unsl.edu.ar\/index.php\/wp-json\/wp\/v2\/tags?post=3625"}],"curies":[{"name":"wp","href":"https:\/\/api.w.org\/{rel}","templated":true}]}}