{"id":3617,"date":"2025-11-05T19:42:46","date_gmt":"2025-11-05T22:42:46","guid":{"rendered":"https:\/\/radio.fcejs.unsl.edu.ar\/?p=3617"},"modified":"2025-11-05T19:55:15","modified_gmt":"2025-11-05T22:55:15","slug":"trabajan-en-la-reestructuracion-de-la-eenytt-y-en-la-reconformacion-de-su-concejo-asesor","status":"publish","type":"post","link":"https:\/\/radio.fcejs.unsl.edu.ar\/index.php\/trabajan-en-la-reestructuracion-de-la-eenytt-y-en-la-reconformacion-de-su-concejo-asesor\/","title":{"rendered":"Trabajan en la reestructuraci\u00f3n de la EENYTT, y en la reconformaci\u00f3n de su Concejo Asesor"},"content":{"rendered":"<p>El <strong>Director Ejecutivo de la EENyTT, Mgtr. Jorge Sosa, <\/strong>habl\u00f3 en radio UNSL sobre el proceso de reestructuraci\u00f3n que atraviesa la Escuela de Econom\u00eda Negocios y Transferencia Tecnol\u00f3gica de la FCEJS.<\/p>\n<p>El director nos cont\u00f3 que est\u00e1n trabajando sobre una agenda programada con muchas actividades a desarrollar para lo que queda del 2025, y con muchas expectativas para el a\u00f1o 2026, con una nueva Estructura de la EENYTT, la cual fue previamente aprobada por el Concejo Directivo de la Facultad.<\/p>\n<p>\u201cEstamos pronto a ver si podemos volver a conformar el Concejo Asesor, que es una parte fundamental del funcionamiento de la estructura de la Escuela de Econom\u00eda y Negocios, que est\u00e1 compuesta por representantes del Gobierno en instancia provincial y municipal, por las C\u00e1maras ya sea de Comercio o Industrias, el Concejo de Profesionales que tengan sede ac\u00e1 en la ciudad de Villa Mercedes\u2026 como n\u00facleo y coraz\u00f3n del inicio de cualquier tipo de actividades en las cuales la Escuela de Econom\u00eda pueda generar sus propios proyectos\u2026 con una perspectiva de generar que los distintos proyectos de investigaci\u00f3n, los proyectos de extensi\u00f3n, los proyectos acad\u00e9micos de nuestra Facultad permitan articular sus actividades a trav\u00e9s de estas demandas que van surgiendo de la comunidad general, en la cual obviamente nuestra Facultad es parte esencial de la misma\u201d, <strong>dijo Sosa<\/strong> al referirse a la reconformaci\u00f3n del <u>Consejo Asesor. <\/u><\/p>\n<p>El referido Consejo Asesor estar\u00e1 integrado por diez representantes del Gobierno provincial y municipal, c\u00e1maras empresarias, organizaciones del comercio, organizaciones no gubernamentales, y tres docentes o investigadores de la UNSL. Tendr\u00e1 como objetivo colaborar en la elaboraci\u00f3n del proyecto institucional y en los planes peri\u00f3dicos del Instituto, orientados a fortalecer el v\u00ednculo entre la Universidad Nacional de San Luis, el sector p\u00fablico, el sector empresarial y las instituciones sociales.<\/p>\n<p><strong>Escucha la entrevista realizada a Jorge Sosa, en el programa radial \u201cLa Quilla, \u00a0en el siguiente audio:<\/strong><\/p>\n<audio class=\"wp-audio-shortcode\" id=\"audio-3617-1\" preload=\"none\" style=\"width: 100%;\" controls=\"controls\"><source type=\"audio\/mpeg\" src=\"https:\/\/radioupload.fica.unsl.edu.ar\/files\/jb\/Jorge%20Sosa%20sobre%20la%20reestructuracion%20de%20la%20EENYTT%20%281%29.mp3?_=1\" \/><a href=\"https:\/\/radioupload.fica.unsl.edu.ar\/files\/jb\/Jorge%20Sosa%20sobre%20la%20reestructuracion%20de%20la%20EENYTT%20%281%29.mp3\">https:\/\/radioupload.fica.unsl.edu.ar\/files\/jb\/Jorge%20Sosa%20sobre%20la%20reestructuracion%20de%20la%20EENYTT%20%281%29.mp3<\/a><\/audio>\n<p>&nbsp;<\/p>\n<p>Actualmente la EENYTT tiene como Director Ejecutivo al Mgtr. Jorge Sosa; Subdirector de Proyectos, Mgtr. Jorge Nicol\u00e1s D\u00edaz; Subdirector Financiero y Legal, CPN Marcos Garro Cavallaro; y el Subdirector de Planificaci\u00f3n y Vinculaci\u00f3n Institucional, CPN Ignacio P\u00e9rez Cometto.<\/p>\n<p>&nbsp;<\/p>\n<p>Entrevista realizada en el programa radial\u00a0<strong>\u201cLa Quilla\u201d<\/strong>, con Virginia Aguilera y Federico Amodey, por Radio UNSL en Villa Mercedes- 97.5 FM.<\/p>\n","protected":false},"excerpt":{"rendered":"<p>El Director Ejecutivo de la EENyTT, Mgtr. Jorge Sosa, habl\u00f3 en radio UNSL sobre el proceso de reestructuraci\u00f3n que atraviesa la Escuela de Econom\u00eda Negocios y Transferencia Tecnol\u00f3gica de la FCEJS. El director nos cont\u00f3 que est\u00e1n trabajando sobre una agenda programada con muchas actividades a desarrollar para lo que queda del 2025, y con&#8230;<\/p>\n","protected":false},"author":5,"featured_media":3620,"comment_status":"closed","ping_status":"closed","sticky":false,"template":"","format":"standard","meta":{"_kad_post_transparent":"default","_kad_post_title":"default","_kad_post_layout":"default","_kad_post_sidebar_id":"","_kad_post_content_style":"default","_kad_post_vertical_padding":"default","_kad_post_feature":"","_kad_post_feature_position":"","_kad_post_header":false,"_kad_post_footer":false,"_kad_post_classname":"","footnotes":""},"categories":[14],"tags":[],"class_list":["post-3617","post","type-post","status-publish","format-standard","has-post-thumbnail","hentry","category-entrevistas"],"yoast_head":"<!-- This site is optimized with the Yoast SEO plugin v27.2 - https:\/\/yoast.com\/product\/yoast-seo-wordpress\/ -->\n<title>Trabajan en la reestructuraci\u00f3n de la EENYTT, y en la reconformaci\u00f3n de su Concejo Asesor - Radio Universidad Villa Mercedes 97.5 | UNSL<\/title>\n<meta name=\"robots\" content=\"index, follow, max-snippet:-1, max-image-preview:large, max-video-preview:-1\" \/>\n<link rel=\"canonical\" href=\"https:\/\/radio.fcejs.unsl.edu.ar\/index.php\/trabajan-en-la-reestructuracion-de-la-eenytt-y-en-la-reconformacion-de-su-concejo-asesor\/\" \/>\n<meta property=\"og:locale\" content=\"es_ES\" \/>\n<meta property=\"og:type\" content=\"article\" \/>\n<meta property=\"og:title\" content=\"Trabajan en la reestructuraci\u00f3n de la EENYTT, y en la reconformaci\u00f3n de su Concejo Asesor - Radio Universidad Villa Mercedes 97.5 | UNSL\" \/>\n<meta property=\"og:description\" content=\"El Director Ejecutivo de la EENyTT, Mgtr. Jorge Sosa, habl\u00f3 en radio UNSL sobre el proceso de reestructuraci\u00f3n que atraviesa la Escuela de Econom\u00eda Negocios y Transferencia Tecnol\u00f3gica de la FCEJS. El director nos cont\u00f3 que est\u00e1n trabajando sobre una agenda programada con muchas actividades a desarrollar para lo que queda del 2025, y con...\" \/>\n<meta property=\"og:url\" content=\"https:\/\/radio.fcejs.unsl.edu.ar\/index.php\/trabajan-en-la-reestructuracion-de-la-eenytt-y-en-la-reconformacion-de-su-concejo-asesor\/\" \/>\n<meta property=\"og:site_name\" content=\"Radio Universidad Villa Mercedes 97.5 | UNSL\" \/>\n<meta property=\"article:published_time\" content=\"2025-11-05T22:42:46+00:00\" \/>\n<meta property=\"article:modified_time\" content=\"2025-11-05T22:55:15+00:00\" \/>\n<meta property=\"og:image\" content=\"http:\/\/radio.fcejs.unsl.edu.ar\/wp-content\/uploads\/2025\/11\/reunion-escuela-14.jpg\" \/>\n\t<meta property=\"og:image:width\" content=\"1100\" \/>\n\t<meta property=\"og:image:height\" content=\"733\" \/>\n\t<meta property=\"og:image:type\" content=\"image\/jpeg\" \/>\n<meta name=\"author\" content=\"Virginia Aguilera\" \/>\n<meta name=\"twitter:card\" content=\"summary_large_image\" \/>\n<meta name=\"twitter:label1\" content=\"Escrito por\" \/>\n\t<meta name=\"twitter:data1\" content=\"Virginia Aguilera\" \/>\n\t<meta name=\"twitter:label2\" content=\"Tiempo de lectura\" \/>\n\t<meta name=\"twitter:data2\" content=\"2 minutos\" \/>\n<script type=\"application\/ld+json\" class=\"yoast-schema-graph\">{\"@context\":\"https:\/\/schema.org\",\"@graph\":[{\"@type\":\"Article\",\"@id\":\"https:\/\/radio.fcejs.unsl.edu.ar\/index.php\/trabajan-en-la-reestructuracion-de-la-eenytt-y-en-la-reconformacion-de-su-concejo-asesor\/#article\",\"isPartOf\":{\"@id\":\"https:\/\/radio.fcejs.unsl.edu.ar\/index.php\/trabajan-en-la-reestructuracion-de-la-eenytt-y-en-la-reconformacion-de-su-concejo-asesor\/\"},\"author\":{\"name\":\"Virginia Aguilera\",\"@id\":\"https:\/\/radio.fcejs.unsl.edu.ar\/#\/schema\/person\/71179a56ee499ac8cd4e46f865c627c7\"},\"headline\":\"Trabajan en la reestructuraci\u00f3n de la EENYTT, y en la reconformaci\u00f3n de su Concejo Asesor\",\"datePublished\":\"2025-11-05T22:42:46+00:00\",\"dateModified\":\"2025-11-05T22:55:15+00:00\",\"mainEntityOfPage\":{\"@id\":\"https:\/\/radio.fcejs.unsl.edu.ar\/index.php\/trabajan-en-la-reestructuracion-de-la-eenytt-y-en-la-reconformacion-de-su-concejo-asesor\/\"},\"wordCount\":432,\"publisher\":{\"@id\":\"https:\/\/radio.fcejs.unsl.edu.ar\/#organization\"},\"image\":{\"@id\":\"https:\/\/radio.fcejs.unsl.edu.ar\/index.php\/trabajan-en-la-reestructuracion-de-la-eenytt-y-en-la-reconformacion-de-su-concejo-asesor\/#primaryimage\"},\"thumbnailUrl\":\"https:\/\/radio.fcejs.unsl.edu.ar\/wp-content\/uploads\/2025\/11\/reunion-escuela-14.jpg\",\"articleSection\":[\"Entrevistas\"],\"inLanguage\":\"es-AR\"},{\"@type\":\"WebPage\",\"@id\":\"https:\/\/radio.fcejs.unsl.edu.ar\/index.php\/trabajan-en-la-reestructuracion-de-la-eenytt-y-en-la-reconformacion-de-su-concejo-asesor\/\",\"url\":\"https:\/\/radio.fcejs.unsl.edu.ar\/index.php\/trabajan-en-la-reestructuracion-de-la-eenytt-y-en-la-reconformacion-de-su-concejo-asesor\/\",\"name\":\"Trabajan en la reestructuraci\u00f3n de la EENYTT, y en la reconformaci\u00f3n de su Concejo Asesor - Radio Universidad Villa Mercedes 97.5 | UNSL\",\"isPartOf\":{\"@id\":\"https:\/\/radio.fcejs.unsl.edu.ar\/#website\"},\"primaryImageOfPage\":{\"@id\":\"https:\/\/radio.fcejs.unsl.edu.ar\/index.php\/trabajan-en-la-reestructuracion-de-la-eenytt-y-en-la-reconformacion-de-su-concejo-asesor\/#primaryimage\"},\"image\":{\"@id\":\"https:\/\/radio.fcejs.unsl.edu.ar\/index.php\/trabajan-en-la-reestructuracion-de-la-eenytt-y-en-la-reconformacion-de-su-concejo-asesor\/#primaryimage\"},\"thumbnailUrl\":\"https:\/\/radio.fcejs.unsl.edu.ar\/wp-content\/uploads\/2025\/11\/reunion-escuela-14.jpg\",\"datePublished\":\"2025-11-05T22:42:46+00:00\",\"dateModified\":\"2025-11-05T22:55:15+00:00\",\"breadcrumb\":{\"@id\":\"https:\/\/radio.fcejs.unsl.edu.ar\/index.php\/trabajan-en-la-reestructuracion-de-la-eenytt-y-en-la-reconformacion-de-su-concejo-asesor\/#breadcrumb\"},\"inLanguage\":\"es-AR\",\"potentialAction\":[{\"@type\":\"ReadAction\",\"target\":[\"https:\/\/radio.fcejs.unsl.edu.ar\/index.php\/trabajan-en-la-reestructuracion-de-la-eenytt-y-en-la-reconformacion-de-su-concejo-asesor\/\"]}]},{\"@type\":\"ImageObject\",\"inLanguage\":\"es-AR\",\"@id\":\"https:\/\/radio.fcejs.unsl.edu.ar\/index.php\/trabajan-en-la-reestructuracion-de-la-eenytt-y-en-la-reconformacion-de-su-concejo-asesor\/#primaryimage\",\"url\":\"https:\/\/radio.fcejs.unsl.edu.ar\/wp-content\/uploads\/2025\/11\/reunion-escuela-14.jpg\",\"contentUrl\":\"https:\/\/radio.fcejs.unsl.edu.ar\/wp-content\/uploads\/2025\/11\/reunion-escuela-14.jpg\",\"width\":1100,\"height\":733},{\"@type\":\"BreadcrumbList\",\"@id\":\"https:\/\/radio.fcejs.unsl.edu.ar\/index.php\/trabajan-en-la-reestructuracion-de-la-eenytt-y-en-la-reconformacion-de-su-concejo-asesor\/#breadcrumb\",\"itemListElement\":[{\"@type\":\"ListItem\",\"position\":1,\"name\":\"Inicio\",\"item\":\"https:\/\/radio.fcejs.unsl.edu.ar\/\"},{\"@type\":\"ListItem\",\"position\":2,\"name\":\"Trabajan en la reestructuraci\u00f3n de la EENYTT, y en la reconformaci\u00f3n de su Concejo Asesor\"}]},{\"@type\":\"WebSite\",\"@id\":\"https:\/\/radio.fcejs.unsl.edu.ar\/#website\",\"url\":\"https:\/\/radio.fcejs.unsl.edu.ar\/\",\"name\":\"Radio Universidad Villa Mercedes 97.5 | UNSL\",\"description\":\"UNSL\",\"publisher\":{\"@id\":\"https:\/\/radio.fcejs.unsl.edu.ar\/#organization\"},\"potentialAction\":[{\"@type\":\"SearchAction\",\"target\":{\"@type\":\"EntryPoint\",\"urlTemplate\":\"https:\/\/radio.fcejs.unsl.edu.ar\/?s={search_term_string}\"},\"query-input\":{\"@type\":\"PropertyValueSpecification\",\"valueRequired\":true,\"valueName\":\"search_term_string\"}}],\"inLanguage\":\"es-AR\"},{\"@type\":\"Organization\",\"@id\":\"https:\/\/radio.fcejs.unsl.edu.ar\/#organization\",\"name\":\"Radio Universidad Villa Mercedes 97.5 | UNSL\",\"url\":\"https:\/\/radio.fcejs.unsl.edu.ar\/\",\"logo\":{\"@type\":\"ImageObject\",\"inLanguage\":\"es-AR\",\"@id\":\"https:\/\/radio.fcejs.unsl.edu.ar\/#\/schema\/logo\/image\/\",\"url\":\"https:\/\/radio.fcejs.unsl.edu.ar\/wp-content\/uploads\/2023\/12\/cropped-radio-villa-mercedes-97-5.png\",\"contentUrl\":\"https:\/\/radio.fcejs.unsl.edu.ar\/wp-content\/uploads\/2023\/12\/cropped-radio-villa-mercedes-97-5.png\",\"width\":908,\"height\":289,\"caption\":\"Radio Universidad Villa Mercedes 97.5 | UNSL\"},\"image\":{\"@id\":\"https:\/\/radio.fcejs.unsl.edu.ar\/#\/schema\/logo\/image\/\"}},{\"@type\":\"Person\",\"@id\":\"https:\/\/radio.fcejs.unsl.edu.ar\/#\/schema\/person\/71179a56ee499ac8cd4e46f865c627c7\",\"name\":\"Virginia Aguilera\",\"url\":\"https:\/\/radio.fcejs.unsl.edu.ar\/index.php\/author\/viraguilera\/\"}]}<\/script>\n<!-- \/ Yoast SEO plugin. -->","yoast_head_json":{"title":"Trabajan en la reestructuraci\u00f3n de la EENYTT, y en la reconformaci\u00f3n de su Concejo Asesor - Radio Universidad Villa Mercedes 97.5 | UNSL","robots":{"index":"index","follow":"follow","max-snippet":"max-snippet:-1","max-image-preview":"max-image-preview:large","max-video-preview":"max-video-preview:-1"},"canonical":"https:\/\/radio.fcejs.unsl.edu.ar\/index.php\/trabajan-en-la-reestructuracion-de-la-eenytt-y-en-la-reconformacion-de-su-concejo-asesor\/","og_locale":"es_ES","og_type":"article","og_title":"Trabajan en la reestructuraci\u00f3n de la EENYTT, y en la reconformaci\u00f3n de su Concejo Asesor - Radio Universidad Villa Mercedes 97.5 | UNSL","og_description":"El Director Ejecutivo de la EENyTT, Mgtr. Jorge Sosa, habl\u00f3 en radio UNSL sobre el proceso de reestructuraci\u00f3n que atraviesa la Escuela de Econom\u00eda Negocios y Transferencia Tecnol\u00f3gica de la FCEJS. El director nos cont\u00f3 que est\u00e1n trabajando sobre una agenda programada con muchas actividades a desarrollar para lo que queda del 2025, y con...","og_url":"https:\/\/radio.fcejs.unsl.edu.ar\/index.php\/trabajan-en-la-reestructuracion-de-la-eenytt-y-en-la-reconformacion-de-su-concejo-asesor\/","og_site_name":"Radio Universidad Villa Mercedes 97.5 | UNSL","article_published_time":"2025-11-05T22:42:46+00:00","article_modified_time":"2025-11-05T22:55:15+00:00","og_image":[{"width":1100,"height":733,"url":"http:\/\/radio.fcejs.unsl.edu.ar\/wp-content\/uploads\/2025\/11\/reunion-escuela-14.jpg","type":"image\/jpeg"}],"author":"Virginia Aguilera","twitter_card":"summary_large_image","twitter_misc":{"Escrito por":"Virginia Aguilera","Tiempo de lectura":"2 minutos"},"schema":{"@context":"https:\/\/schema.org","@graph":[{"@type":"Article","@id":"https:\/\/radio.fcejs.unsl.edu.ar\/index.php\/trabajan-en-la-reestructuracion-de-la-eenytt-y-en-la-reconformacion-de-su-concejo-asesor\/#article","isPartOf":{"@id":"https:\/\/radio.fcejs.unsl.edu.ar\/index.php\/trabajan-en-la-reestructuracion-de-la-eenytt-y-en-la-reconformacion-de-su-concejo-asesor\/"},"author":{"name":"Virginia Aguilera","@id":"https:\/\/radio.fcejs.unsl.edu.ar\/#\/schema\/person\/71179a56ee499ac8cd4e46f865c627c7"},"headline":"Trabajan en la reestructuraci\u00f3n de la EENYTT, y en la reconformaci\u00f3n de su Concejo Asesor","datePublished":"2025-11-05T22:42:46+00:00","dateModified":"2025-11-05T22:55:15+00:00","mainEntityOfPage":{"@id":"https:\/\/radio.fcejs.unsl.edu.ar\/index.php\/trabajan-en-la-reestructuracion-de-la-eenytt-y-en-la-reconformacion-de-su-concejo-asesor\/"},"wordCount":432,"publisher":{"@id":"https:\/\/radio.fcejs.unsl.edu.ar\/#organization"},"image":{"@id":"https:\/\/radio.fcejs.unsl.edu.ar\/index.php\/trabajan-en-la-reestructuracion-de-la-eenytt-y-en-la-reconformacion-de-su-concejo-asesor\/#primaryimage"},"thumbnailUrl":"https:\/\/radio.fcejs.unsl.edu.ar\/wp-content\/uploads\/2025\/11\/reunion-escuela-14.jpg","articleSection":["Entrevistas"],"inLanguage":"es-AR"},{"@type":"WebPage","@id":"https:\/\/radio.fcejs.unsl.edu.ar\/index.php\/trabajan-en-la-reestructuracion-de-la-eenytt-y-en-la-reconformacion-de-su-concejo-asesor\/","url":"https:\/\/radio.fcejs.unsl.edu.ar\/index.php\/trabajan-en-la-reestructuracion-de-la-eenytt-y-en-la-reconformacion-de-su-concejo-asesor\/","name":"Trabajan en la reestructuraci\u00f3n de la EENYTT, y en la reconformaci\u00f3n de su Concejo Asesor - Radio Universidad Villa Mercedes 97.5 | UNSL","isPartOf":{"@id":"https:\/\/radio.fcejs.unsl.edu.ar\/#website"},"primaryImageOfPage":{"@id":"https:\/\/radio.fcejs.unsl.edu.ar\/index.php\/trabajan-en-la-reestructuracion-de-la-eenytt-y-en-la-reconformacion-de-su-concejo-asesor\/#primaryimage"},"image":{"@id":"https:\/\/radio.fcejs.unsl.edu.ar\/index.php\/trabajan-en-la-reestructuracion-de-la-eenytt-y-en-la-reconformacion-de-su-concejo-asesor\/#primaryimage"},"thumbnailUrl":"https:\/\/radio.fcejs.unsl.edu.ar\/wp-content\/uploads\/2025\/11\/reunion-escuela-14.jpg","datePublished":"2025-11-05T22:42:46+00:00","dateModified":"2025-11-05T22:55:15+00:00","breadcrumb":{"@id":"https:\/\/radio.fcejs.unsl.edu.ar\/index.php\/trabajan-en-la-reestructuracion-de-la-eenytt-y-en-la-reconformacion-de-su-concejo-asesor\/#breadcrumb"},"inLanguage":"es-AR","potentialAction":[{"@type":"ReadAction","target":["https:\/\/radio.fcejs.unsl.edu.ar\/index.php\/trabajan-en-la-reestructuracion-de-la-eenytt-y-en-la-reconformacion-de-su-concejo-asesor\/"]}]},{"@type":"ImageObject","inLanguage":"es-AR","@id":"https:\/\/radio.fcejs.unsl.edu.ar\/index.php\/trabajan-en-la-reestructuracion-de-la-eenytt-y-en-la-reconformacion-de-su-concejo-asesor\/#primaryimage","url":"https:\/\/radio.fcejs.unsl.edu.ar\/wp-content\/uploads\/2025\/11\/reunion-escuela-14.jpg","contentUrl":"https:\/\/radio.fcejs.unsl.edu.ar\/wp-content\/uploads\/2025\/11\/reunion-escuela-14.jpg","width":1100,"height":733},{"@type":"BreadcrumbList","@id":"https:\/\/radio.fcejs.unsl.edu.ar\/index.php\/trabajan-en-la-reestructuracion-de-la-eenytt-y-en-la-reconformacion-de-su-concejo-asesor\/#breadcrumb","itemListElement":[{"@type":"ListItem","position":1,"name":"Inicio","item":"https:\/\/radio.fcejs.unsl.edu.ar\/"},{"@type":"ListItem","position":2,"name":"Trabajan en la reestructuraci\u00f3n de la EENYTT, y en la reconformaci\u00f3n de su Concejo Asesor"}]},{"@type":"WebSite","@id":"https:\/\/radio.fcejs.unsl.edu.ar\/#website","url":"https:\/\/radio.fcejs.unsl.edu.ar\/","name":"Radio Universidad Villa Mercedes 97.5 | UNSL","description":"UNSL","publisher":{"@id":"https:\/\/radio.fcejs.unsl.edu.ar\/#organization"},"potentialAction":[{"@type":"SearchAction","target":{"@type":"EntryPoint","urlTemplate":"https:\/\/radio.fcejs.unsl.edu.ar\/?s={search_term_string}"},"query-input":{"@type":"PropertyValueSpecification","valueRequired":true,"valueName":"search_term_string"}}],"inLanguage":"es-AR"},{"@type":"Organization","@id":"https:\/\/radio.fcejs.unsl.edu.ar\/#organization","name":"Radio Universidad Villa Mercedes 97.5 | UNSL","url":"https:\/\/radio.fcejs.unsl.edu.ar\/","logo":{"@type":"ImageObject","inLanguage":"es-AR","@id":"https:\/\/radio.fcejs.unsl.edu.ar\/#\/schema\/logo\/image\/","url":"https:\/\/radio.fcejs.unsl.edu.ar\/wp-content\/uploads\/2023\/12\/cropped-radio-villa-mercedes-97-5.png","contentUrl":"https:\/\/radio.fcejs.unsl.edu.ar\/wp-content\/uploads\/2023\/12\/cropped-radio-villa-mercedes-97-5.png","width":908,"height":289,"caption":"Radio Universidad Villa Mercedes 97.5 | UNSL"},"image":{"@id":"https:\/\/radio.fcejs.unsl.edu.ar\/#\/schema\/logo\/image\/"}},{"@type":"Person","@id":"https:\/\/radio.fcejs.unsl.edu.ar\/#\/schema\/person\/71179a56ee499ac8cd4e46f865c627c7","name":"Virginia Aguilera","url":"https:\/\/radio.fcejs.unsl.edu.ar\/index.php\/author\/viraguilera\/"}]}},"_links":{"self":[{"href":"https:\/\/radio.fcejs.unsl.edu.ar\/index.php\/wp-json\/wp\/v2\/posts\/3617","targetHints":{"allow":["GET"]}}],"collection":[{"href":"https:\/\/radio.fcejs.unsl.edu.ar\/index.php\/wp-json\/wp\/v2\/posts"}],"about":[{"href":"https:\/\/radio.fcejs.unsl.edu.ar\/index.php\/wp-json\/wp\/v2\/types\/post"}],"author":[{"embeddable":true,"href":"https:\/\/radio.fcejs.unsl.edu.ar\/index.php\/wp-json\/wp\/v2\/users\/5"}],"replies":[{"embeddable":true,"href":"https:\/\/radio.fcejs.unsl.edu.ar\/index.php\/wp-json\/wp\/v2\/comments?post=3617"}],"version-history":[{"count":2,"href":"https:\/\/radio.fcejs.unsl.edu.ar\/index.php\/wp-json\/wp\/v2\/posts\/3617\/revisions"}],"predecessor-version":[{"id":3619,"href":"https:\/\/radio.fcejs.unsl.edu.ar\/index.php\/wp-json\/wp\/v2\/posts\/3617\/revisions\/3619"}],"wp:featuredmedia":[{"embeddable":true,"href":"https:\/\/radio.fcejs.unsl.edu.ar\/index.php\/wp-json\/wp\/v2\/media\/3620"}],"wp:attachment":[{"href":"https:\/\/radio.fcejs.unsl.edu.ar\/index.php\/wp-json\/wp\/v2\/media?parent=3617"}],"wp:term":[{"taxonomy":"category","embeddable":true,"href":"https:\/\/radio.fcejs.unsl.edu.ar\/index.php\/wp-json\/wp\/v2\/categories?post=3617"},{"taxonomy":"post_tag","embeddable":true,"href":"https:\/\/radio.fcejs.unsl.edu.ar\/index.php\/wp-json\/wp\/v2\/tags?post=3617"}],"curies":[{"name":"wp","href":"https:\/\/api.w.org\/{rel}","templated":true}]}}