{"id":3606,"date":"2025-11-03T19:40:15","date_gmt":"2025-11-03T22:40:15","guid":{"rendered":"https:\/\/radio.fcejs.unsl.edu.ar\/?p=3606"},"modified":"2025-11-03T19:40:15","modified_gmt":"2025-11-03T22:40:15","slug":"conversatorio-consumos-problematicos-genero-y-cuidados-en-la-eenytt","status":"publish","type":"post","link":"https:\/\/radio.fcejs.unsl.edu.ar\/index.php\/conversatorio-consumos-problematicos-genero-y-cuidados-en-la-eenytt\/","title":{"rendered":"Conversatorio \u201cConsumos problem\u00e1ticos, g\u00e9nero y cuidados\u201d en la EENYTT"},"content":{"rendered":"<p>Este<strong> martes\u00a04 de noviembre a las 11 horas<\/strong>, en el\u00a0<strong data-start=\"523\" data-end=\"594\">Instituto Escuela de Econom\u00eda, Negocios y Transferencia Tecnol\u00f3gica<\/strong>\u00a0(Pescadores 314) se llevar\u00e1 a cabo el conversatorio\u00a0<strong data-start=\"277\" data-end=\"383\">\u201cHablemos del tratamiento de consumos problem\u00e1ticos con relaci\u00f3n al g\u00e9nero y las pr\u00e1cticas de cuidado\u201d<\/strong>, que estar\u00e1 a cargo de los doctores\u00a0<strong data-start=\"420\" data-end=\"442\">Ana Laura Azparren<\/strong>\u00a0y\u00a0<strong data-start=\"445\" data-end=\"463\">Mart\u00edn G\u00fcelman<\/strong>, el pr\u00f3ximo<\/p>\n<p data-start=\"621\" data-end=\"946\"><strong><u>La Dra. Adriana Mor\u00e1n<\/u><\/strong>, docente de la FCEJS y coordinadora de la actividad, nos brind\u00f3 detalles sobre el encuentro, destinado a\u00a0<strong data-start=\"649\" data-end=\"710\">profesionales, docentes, estudiantes y p\u00fablico en general<\/strong> interesados en la tem\u00e1tica, que tiene como finalidad <strong data-start=\"760\" data-end=\"829\">brindar a las y los asistentes herramientas te\u00f3rico-metodol\u00f3gicas<\/strong>\u00a0sobre los consumos problem\u00e1ticos, su tratamiento, las drogas, la perspectiva de g\u00e9nero y las pr\u00e1cticas de cuidado.<\/p>\n<p><strong><u>Sobre la organizaci\u00f3n de la actividad propuesta, la Dra. Mor\u00e1n dijo<\/u><\/strong> \u201chace tiempo que venimos laburando con el programa de Prevenci\u00f3n de Consumos Problem\u00e1ticos, desde el 2017, y siempre a finales del a\u00f1o promovemos alguna actividad que est\u00e9 dirigida no solamente a la comunidad que representa a nuestra Universidad, nuestra Facultad, sino tambi\u00e9n a la comunidad de Villa Mercedes. Y sabemos que los consumos problem\u00e1ticos es un tema que tensiona la vida cotidiana de nuestros ciudadanos\/as. Hay muchas mam\u00e1s, sobre todo, preocupadas por el consumo problem\u00e1tico. Muchos profesionales que est\u00e1n buscando una respuesta m\u00e1s cercana, adecuada y propicia para los tiempos que corren, para el tipo de drogas que se est\u00e1n consumiendo, para las cuestiones que subyacen abajo de ese consumo, y que tiene que ver con el contexto social actual que sabemos que es grave, muy tensionado, dif\u00edcil de transitar tanto para los adultos como para las juventudes y las ni\u00f1eces\u201d. \u00a0\u00a0\u00a0Y m\u00e1s adelante agreg\u00f3: \u201clo que podemos advertir con profesionales del medio que atienden la problem\u00e1tica es que las mujeres que est\u00e1n padeciendo consumos problem\u00e1ticos no adhieren a los tratamientos a causa de que tienen que darle prioridad a las pr\u00e1cticas de cuidado de su familia, hijas, hijos, esposos, o compa\u00f1era de vida no?.. \u00f3sea que esta es tambi\u00e9n una cuesti\u00f3n que se puede interpelar, se puede tensionar y podemos encontrar conjuntamente algunas respuestas\u201d.<\/p>\n<p><strong>Escucha la entrevista realizada a Adriana Mor\u00e1n, en el programa radial \u201cLa Quilla, \u00a0en el siguiente audio:<\/strong><\/p>\n<p><img fetchpriority=\"high\" decoding=\"async\" class=\"aligncenter wp-image-3608\" src=\"http:\/\/radio.fcejs.unsl.edu.ar\/wp-content\/uploads\/2025\/11\/Adriana-Moran-foto-139x300.jpeg\" alt=\"\" width=\"197\" height=\"426\" srcset=\"https:\/\/radio.fcejs.unsl.edu.ar\/wp-content\/uploads\/2025\/11\/Adriana-Moran-foto-139x300.jpeg 139w, https:\/\/radio.fcejs.unsl.edu.ar\/wp-content\/uploads\/2025\/11\/Adriana-Moran-foto-473x1024.jpeg 473w, https:\/\/radio.fcejs.unsl.edu.ar\/wp-content\/uploads\/2025\/11\/Adriana-Moran-foto.jpeg 591w\" sizes=\"(max-width: 197px) 100vw, 197px\" \/><\/p>\n<audio class=\"wp-audio-shortcode\" id=\"audio-3606-1\" preload=\"none\" style=\"width: 100%;\" controls=\"controls\"><source type=\"audio\/mpeg\" src=\"https:\/\/radioupload.fica.unsl.edu.ar\/files\/jb\/ADRIANA%20MORAN%2029_10-25.mp3?_=1\" \/><a href=\"https:\/\/radioupload.fica.unsl.edu.ar\/files\/jb\/ADRIANA%20MORAN%2029_10-25.mp3\">https:\/\/radioupload.fica.unsl.edu.ar\/files\/jb\/ADRIANA%20MORAN%2029_10-25.mp3<\/a><\/audio>\n<p>&nbsp;<\/p>\n<p>Entrevista realizada en el programa radial\u00a0<strong>\u201cLa Quilla\u201d<\/strong>, con Virginia Aguilera y Federico Amodey, por Radio UNSL en Villa Mercedes- 97.5 FM.<\/p>\n","protected":false},"excerpt":{"rendered":"<p>Este martes\u00a04 de noviembre a las 11 horas, en el\u00a0Instituto Escuela de Econom\u00eda, Negocios y Transferencia Tecnol\u00f3gica\u00a0(Pescadores 314) se llevar\u00e1 a cabo el conversatorio\u00a0\u201cHablemos del tratamiento de consumos problem\u00e1ticos con relaci\u00f3n al g\u00e9nero y las pr\u00e1cticas de cuidado\u201d, que estar\u00e1 a cargo de los doctores\u00a0Ana Laura Azparren\u00a0y\u00a0Mart\u00edn G\u00fcelman, el pr\u00f3ximo La Dra. Adriana Mor\u00e1n, docente&#8230;<\/p>\n","protected":false},"author":5,"featured_media":3607,"comment_status":"closed","ping_status":"closed","sticky":false,"template":"","format":"standard","meta":{"_kad_post_transparent":"default","_kad_post_title":"default","_kad_post_layout":"default","_kad_post_sidebar_id":"","_kad_post_content_style":"default","_kad_post_vertical_padding":"default","_kad_post_feature":"","_kad_post_feature_position":"","_kad_post_header":false,"_kad_post_footer":false,"_kad_post_classname":"","footnotes":""},"categories":[14],"tags":[],"class_list":["post-3606","post","type-post","status-publish","format-standard","has-post-thumbnail","hentry","category-entrevistas"],"yoast_head":"<!-- This site is optimized with the Yoast SEO plugin v27.2 - https:\/\/yoast.com\/product\/yoast-seo-wordpress\/ -->\n<title>Conversatorio \u201cConsumos problem\u00e1ticos, g\u00e9nero y cuidados\u201d en la EENYTT - Radio Universidad Villa Mercedes 97.5 | UNSL<\/title>\n<meta name=\"robots\" content=\"index, follow, max-snippet:-1, max-image-preview:large, max-video-preview:-1\" \/>\n<link rel=\"canonical\" href=\"https:\/\/radio.fcejs.unsl.edu.ar\/index.php\/conversatorio-consumos-problematicos-genero-y-cuidados-en-la-eenytt\/\" \/>\n<meta property=\"og:locale\" content=\"es_ES\" \/>\n<meta property=\"og:type\" content=\"article\" \/>\n<meta property=\"og:title\" content=\"Conversatorio \u201cConsumos problem\u00e1ticos, g\u00e9nero y cuidados\u201d en la EENYTT - Radio Universidad Villa Mercedes 97.5 | UNSL\" \/>\n<meta property=\"og:description\" content=\"Este martes\u00a04 de noviembre a las 11 horas, en el\u00a0Instituto Escuela de Econom\u00eda, Negocios y Transferencia Tecnol\u00f3gica\u00a0(Pescadores 314) se llevar\u00e1 a cabo el conversatorio\u00a0\u201cHablemos del tratamiento de consumos problem\u00e1ticos con relaci\u00f3n al g\u00e9nero y las pr\u00e1cticas de cuidado\u201d, que estar\u00e1 a cargo de los doctores\u00a0Ana Laura Azparren\u00a0y\u00a0Mart\u00edn G\u00fcelman, el pr\u00f3ximo La Dra. Adriana Mor\u00e1n, docente...\" \/>\n<meta property=\"og:url\" content=\"https:\/\/radio.fcejs.unsl.edu.ar\/index.php\/conversatorio-consumos-problematicos-genero-y-cuidados-en-la-eenytt\/\" \/>\n<meta property=\"og:site_name\" content=\"Radio Universidad Villa Mercedes 97.5 | UNSL\" \/>\n<meta property=\"article:published_time\" content=\"2025-11-03T22:40:15+00:00\" \/>\n<meta property=\"og:image\" content=\"http:\/\/radio.fcejs.unsl.edu.ar\/wp-content\/uploads\/2025\/11\/PLACA-WEBconsumos-problematicos-genero-1536x864-1.png\" \/>\n\t<meta property=\"og:image:width\" content=\"1536\" \/>\n\t<meta property=\"og:image:height\" content=\"864\" \/>\n\t<meta property=\"og:image:type\" content=\"image\/png\" \/>\n<meta name=\"author\" content=\"Virginia Aguilera\" \/>\n<meta name=\"twitter:card\" content=\"summary_large_image\" \/>\n<meta name=\"twitter:label1\" content=\"Escrito por\" \/>\n\t<meta name=\"twitter:data1\" content=\"Virginia Aguilera\" \/>\n\t<meta name=\"twitter:label2\" content=\"Tiempo de lectura\" \/>\n\t<meta name=\"twitter:data2\" content=\"3 minutos\" \/>\n<script type=\"application\/ld+json\" class=\"yoast-schema-graph\">{\"@context\":\"https:\/\/schema.org\",\"@graph\":[{\"@type\":\"Article\",\"@id\":\"https:\/\/radio.fcejs.unsl.edu.ar\/index.php\/conversatorio-consumos-problematicos-genero-y-cuidados-en-la-eenytt\/#article\",\"isPartOf\":{\"@id\":\"https:\/\/radio.fcejs.unsl.edu.ar\/index.php\/conversatorio-consumos-problematicos-genero-y-cuidados-en-la-eenytt\/\"},\"author\":{\"name\":\"Virginia Aguilera\",\"@id\":\"https:\/\/radio.fcejs.unsl.edu.ar\/#\/schema\/person\/71179a56ee499ac8cd4e46f865c627c7\"},\"headline\":\"Conversatorio \u201cConsumos problem\u00e1ticos, g\u00e9nero y cuidados\u201d en la EENYTT\",\"datePublished\":\"2025-11-03T22:40:15+00:00\",\"mainEntityOfPage\":{\"@id\":\"https:\/\/radio.fcejs.unsl.edu.ar\/index.php\/conversatorio-consumos-problematicos-genero-y-cuidados-en-la-eenytt\/\"},\"wordCount\":445,\"publisher\":{\"@id\":\"https:\/\/radio.fcejs.unsl.edu.ar\/#organization\"},\"image\":{\"@id\":\"https:\/\/radio.fcejs.unsl.edu.ar\/index.php\/conversatorio-consumos-problematicos-genero-y-cuidados-en-la-eenytt\/#primaryimage\"},\"thumbnailUrl\":\"https:\/\/radio.fcejs.unsl.edu.ar\/wp-content\/uploads\/2025\/11\/PLACA-WEBconsumos-problematicos-genero-1536x864-1.png\",\"articleSection\":[\"Entrevistas\"],\"inLanguage\":\"es-AR\"},{\"@type\":\"WebPage\",\"@id\":\"https:\/\/radio.fcejs.unsl.edu.ar\/index.php\/conversatorio-consumos-problematicos-genero-y-cuidados-en-la-eenytt\/\",\"url\":\"https:\/\/radio.fcejs.unsl.edu.ar\/index.php\/conversatorio-consumos-problematicos-genero-y-cuidados-en-la-eenytt\/\",\"name\":\"Conversatorio \u201cConsumos problem\u00e1ticos, g\u00e9nero y cuidados\u201d en la EENYTT - Radio Universidad Villa Mercedes 97.5 | UNSL\",\"isPartOf\":{\"@id\":\"https:\/\/radio.fcejs.unsl.edu.ar\/#website\"},\"primaryImageOfPage\":{\"@id\":\"https:\/\/radio.fcejs.unsl.edu.ar\/index.php\/conversatorio-consumos-problematicos-genero-y-cuidados-en-la-eenytt\/#primaryimage\"},\"image\":{\"@id\":\"https:\/\/radio.fcejs.unsl.edu.ar\/index.php\/conversatorio-consumos-problematicos-genero-y-cuidados-en-la-eenytt\/#primaryimage\"},\"thumbnailUrl\":\"https:\/\/radio.fcejs.unsl.edu.ar\/wp-content\/uploads\/2025\/11\/PLACA-WEBconsumos-problematicos-genero-1536x864-1.png\",\"datePublished\":\"2025-11-03T22:40:15+00:00\",\"breadcrumb\":{\"@id\":\"https:\/\/radio.fcejs.unsl.edu.ar\/index.php\/conversatorio-consumos-problematicos-genero-y-cuidados-en-la-eenytt\/#breadcrumb\"},\"inLanguage\":\"es-AR\",\"potentialAction\":[{\"@type\":\"ReadAction\",\"target\":[\"https:\/\/radio.fcejs.unsl.edu.ar\/index.php\/conversatorio-consumos-problematicos-genero-y-cuidados-en-la-eenytt\/\"]}]},{\"@type\":\"ImageObject\",\"inLanguage\":\"es-AR\",\"@id\":\"https:\/\/radio.fcejs.unsl.edu.ar\/index.php\/conversatorio-consumos-problematicos-genero-y-cuidados-en-la-eenytt\/#primaryimage\",\"url\":\"https:\/\/radio.fcejs.unsl.edu.ar\/wp-content\/uploads\/2025\/11\/PLACA-WEBconsumos-problematicos-genero-1536x864-1.png\",\"contentUrl\":\"https:\/\/radio.fcejs.unsl.edu.ar\/wp-content\/uploads\/2025\/11\/PLACA-WEBconsumos-problematicos-genero-1536x864-1.png\",\"width\":1536,\"height\":864},{\"@type\":\"BreadcrumbList\",\"@id\":\"https:\/\/radio.fcejs.unsl.edu.ar\/index.php\/conversatorio-consumos-problematicos-genero-y-cuidados-en-la-eenytt\/#breadcrumb\",\"itemListElement\":[{\"@type\":\"ListItem\",\"position\":1,\"name\":\"Inicio\",\"item\":\"https:\/\/radio.fcejs.unsl.edu.ar\/\"},{\"@type\":\"ListItem\",\"position\":2,\"name\":\"Conversatorio \u201cConsumos problem\u00e1ticos, g\u00e9nero y cuidados\u201d en la EENYTT\"}]},{\"@type\":\"WebSite\",\"@id\":\"https:\/\/radio.fcejs.unsl.edu.ar\/#website\",\"url\":\"https:\/\/radio.fcejs.unsl.edu.ar\/\",\"name\":\"Radio Universidad Villa Mercedes 97.5 | UNSL\",\"description\":\"UNSL\",\"publisher\":{\"@id\":\"https:\/\/radio.fcejs.unsl.edu.ar\/#organization\"},\"potentialAction\":[{\"@type\":\"SearchAction\",\"target\":{\"@type\":\"EntryPoint\",\"urlTemplate\":\"https:\/\/radio.fcejs.unsl.edu.ar\/?s={search_term_string}\"},\"query-input\":{\"@type\":\"PropertyValueSpecification\",\"valueRequired\":true,\"valueName\":\"search_term_string\"}}],\"inLanguage\":\"es-AR\"},{\"@type\":\"Organization\",\"@id\":\"https:\/\/radio.fcejs.unsl.edu.ar\/#organization\",\"name\":\"Radio Universidad Villa Mercedes 97.5 | UNSL\",\"url\":\"https:\/\/radio.fcejs.unsl.edu.ar\/\",\"logo\":{\"@type\":\"ImageObject\",\"inLanguage\":\"es-AR\",\"@id\":\"https:\/\/radio.fcejs.unsl.edu.ar\/#\/schema\/logo\/image\/\",\"url\":\"https:\/\/radio.fcejs.unsl.edu.ar\/wp-content\/uploads\/2023\/12\/cropped-radio-villa-mercedes-97-5.png\",\"contentUrl\":\"https:\/\/radio.fcejs.unsl.edu.ar\/wp-content\/uploads\/2023\/12\/cropped-radio-villa-mercedes-97-5.png\",\"width\":908,\"height\":289,\"caption\":\"Radio Universidad Villa Mercedes 97.5 | UNSL\"},\"image\":{\"@id\":\"https:\/\/radio.fcejs.unsl.edu.ar\/#\/schema\/logo\/image\/\"}},{\"@type\":\"Person\",\"@id\":\"https:\/\/radio.fcejs.unsl.edu.ar\/#\/schema\/person\/71179a56ee499ac8cd4e46f865c627c7\",\"name\":\"Virginia Aguilera\",\"url\":\"https:\/\/radio.fcejs.unsl.edu.ar\/index.php\/author\/viraguilera\/\"}]}<\/script>\n<!-- \/ Yoast SEO plugin. -->","yoast_head_json":{"title":"Conversatorio \u201cConsumos problem\u00e1ticos, g\u00e9nero y cuidados\u201d en la EENYTT - Radio Universidad Villa Mercedes 97.5 | UNSL","robots":{"index":"index","follow":"follow","max-snippet":"max-snippet:-1","max-image-preview":"max-image-preview:large","max-video-preview":"max-video-preview:-1"},"canonical":"https:\/\/radio.fcejs.unsl.edu.ar\/index.php\/conversatorio-consumos-problematicos-genero-y-cuidados-en-la-eenytt\/","og_locale":"es_ES","og_type":"article","og_title":"Conversatorio \u201cConsumos problem\u00e1ticos, g\u00e9nero y cuidados\u201d en la EENYTT - Radio Universidad Villa Mercedes 97.5 | UNSL","og_description":"Este martes\u00a04 de noviembre a las 11 horas, en el\u00a0Instituto Escuela de Econom\u00eda, Negocios y Transferencia Tecnol\u00f3gica\u00a0(Pescadores 314) se llevar\u00e1 a cabo el conversatorio\u00a0\u201cHablemos del tratamiento de consumos problem\u00e1ticos con relaci\u00f3n al g\u00e9nero y las pr\u00e1cticas de cuidado\u201d, que estar\u00e1 a cargo de los doctores\u00a0Ana Laura Azparren\u00a0y\u00a0Mart\u00edn G\u00fcelman, el pr\u00f3ximo La Dra. Adriana Mor\u00e1n, docente...","og_url":"https:\/\/radio.fcejs.unsl.edu.ar\/index.php\/conversatorio-consumos-problematicos-genero-y-cuidados-en-la-eenytt\/","og_site_name":"Radio Universidad Villa Mercedes 97.5 | UNSL","article_published_time":"2025-11-03T22:40:15+00:00","og_image":[{"width":1536,"height":864,"url":"http:\/\/radio.fcejs.unsl.edu.ar\/wp-content\/uploads\/2025\/11\/PLACA-WEBconsumos-problematicos-genero-1536x864-1.png","type":"image\/png"}],"author":"Virginia Aguilera","twitter_card":"summary_large_image","twitter_misc":{"Escrito por":"Virginia Aguilera","Tiempo de lectura":"3 minutos"},"schema":{"@context":"https:\/\/schema.org","@graph":[{"@type":"Article","@id":"https:\/\/radio.fcejs.unsl.edu.ar\/index.php\/conversatorio-consumos-problematicos-genero-y-cuidados-en-la-eenytt\/#article","isPartOf":{"@id":"https:\/\/radio.fcejs.unsl.edu.ar\/index.php\/conversatorio-consumos-problematicos-genero-y-cuidados-en-la-eenytt\/"},"author":{"name":"Virginia Aguilera","@id":"https:\/\/radio.fcejs.unsl.edu.ar\/#\/schema\/person\/71179a56ee499ac8cd4e46f865c627c7"},"headline":"Conversatorio \u201cConsumos problem\u00e1ticos, g\u00e9nero y cuidados\u201d en la EENYTT","datePublished":"2025-11-03T22:40:15+00:00","mainEntityOfPage":{"@id":"https:\/\/radio.fcejs.unsl.edu.ar\/index.php\/conversatorio-consumos-problematicos-genero-y-cuidados-en-la-eenytt\/"},"wordCount":445,"publisher":{"@id":"https:\/\/radio.fcejs.unsl.edu.ar\/#organization"},"image":{"@id":"https:\/\/radio.fcejs.unsl.edu.ar\/index.php\/conversatorio-consumos-problematicos-genero-y-cuidados-en-la-eenytt\/#primaryimage"},"thumbnailUrl":"https:\/\/radio.fcejs.unsl.edu.ar\/wp-content\/uploads\/2025\/11\/PLACA-WEBconsumos-problematicos-genero-1536x864-1.png","articleSection":["Entrevistas"],"inLanguage":"es-AR"},{"@type":"WebPage","@id":"https:\/\/radio.fcejs.unsl.edu.ar\/index.php\/conversatorio-consumos-problematicos-genero-y-cuidados-en-la-eenytt\/","url":"https:\/\/radio.fcejs.unsl.edu.ar\/index.php\/conversatorio-consumos-problematicos-genero-y-cuidados-en-la-eenytt\/","name":"Conversatorio \u201cConsumos problem\u00e1ticos, g\u00e9nero y cuidados\u201d en la EENYTT - Radio Universidad Villa Mercedes 97.5 | UNSL","isPartOf":{"@id":"https:\/\/radio.fcejs.unsl.edu.ar\/#website"},"primaryImageOfPage":{"@id":"https:\/\/radio.fcejs.unsl.edu.ar\/index.php\/conversatorio-consumos-problematicos-genero-y-cuidados-en-la-eenytt\/#primaryimage"},"image":{"@id":"https:\/\/radio.fcejs.unsl.edu.ar\/index.php\/conversatorio-consumos-problematicos-genero-y-cuidados-en-la-eenytt\/#primaryimage"},"thumbnailUrl":"https:\/\/radio.fcejs.unsl.edu.ar\/wp-content\/uploads\/2025\/11\/PLACA-WEBconsumos-problematicos-genero-1536x864-1.png","datePublished":"2025-11-03T22:40:15+00:00","breadcrumb":{"@id":"https:\/\/radio.fcejs.unsl.edu.ar\/index.php\/conversatorio-consumos-problematicos-genero-y-cuidados-en-la-eenytt\/#breadcrumb"},"inLanguage":"es-AR","potentialAction":[{"@type":"ReadAction","target":["https:\/\/radio.fcejs.unsl.edu.ar\/index.php\/conversatorio-consumos-problematicos-genero-y-cuidados-en-la-eenytt\/"]}]},{"@type":"ImageObject","inLanguage":"es-AR","@id":"https:\/\/radio.fcejs.unsl.edu.ar\/index.php\/conversatorio-consumos-problematicos-genero-y-cuidados-en-la-eenytt\/#primaryimage","url":"https:\/\/radio.fcejs.unsl.edu.ar\/wp-content\/uploads\/2025\/11\/PLACA-WEBconsumos-problematicos-genero-1536x864-1.png","contentUrl":"https:\/\/radio.fcejs.unsl.edu.ar\/wp-content\/uploads\/2025\/11\/PLACA-WEBconsumos-problematicos-genero-1536x864-1.png","width":1536,"height":864},{"@type":"BreadcrumbList","@id":"https:\/\/radio.fcejs.unsl.edu.ar\/index.php\/conversatorio-consumos-problematicos-genero-y-cuidados-en-la-eenytt\/#breadcrumb","itemListElement":[{"@type":"ListItem","position":1,"name":"Inicio","item":"https:\/\/radio.fcejs.unsl.edu.ar\/"},{"@type":"ListItem","position":2,"name":"Conversatorio \u201cConsumos problem\u00e1ticos, g\u00e9nero y cuidados\u201d en la EENYTT"}]},{"@type":"WebSite","@id":"https:\/\/radio.fcejs.unsl.edu.ar\/#website","url":"https:\/\/radio.fcejs.unsl.edu.ar\/","name":"Radio Universidad Villa Mercedes 97.5 | UNSL","description":"UNSL","publisher":{"@id":"https:\/\/radio.fcejs.unsl.edu.ar\/#organization"},"potentialAction":[{"@type":"SearchAction","target":{"@type":"EntryPoint","urlTemplate":"https:\/\/radio.fcejs.unsl.edu.ar\/?s={search_term_string}"},"query-input":{"@type":"PropertyValueSpecification","valueRequired":true,"valueName":"search_term_string"}}],"inLanguage":"es-AR"},{"@type":"Organization","@id":"https:\/\/radio.fcejs.unsl.edu.ar\/#organization","name":"Radio Universidad Villa Mercedes 97.5 | UNSL","url":"https:\/\/radio.fcejs.unsl.edu.ar\/","logo":{"@type":"ImageObject","inLanguage":"es-AR","@id":"https:\/\/radio.fcejs.unsl.edu.ar\/#\/schema\/logo\/image\/","url":"https:\/\/radio.fcejs.unsl.edu.ar\/wp-content\/uploads\/2023\/12\/cropped-radio-villa-mercedes-97-5.png","contentUrl":"https:\/\/radio.fcejs.unsl.edu.ar\/wp-content\/uploads\/2023\/12\/cropped-radio-villa-mercedes-97-5.png","width":908,"height":289,"caption":"Radio Universidad Villa Mercedes 97.5 | UNSL"},"image":{"@id":"https:\/\/radio.fcejs.unsl.edu.ar\/#\/schema\/logo\/image\/"}},{"@type":"Person","@id":"https:\/\/radio.fcejs.unsl.edu.ar\/#\/schema\/person\/71179a56ee499ac8cd4e46f865c627c7","name":"Virginia Aguilera","url":"https:\/\/radio.fcejs.unsl.edu.ar\/index.php\/author\/viraguilera\/"}]}},"_links":{"self":[{"href":"https:\/\/radio.fcejs.unsl.edu.ar\/index.php\/wp-json\/wp\/v2\/posts\/3606","targetHints":{"allow":["GET"]}}],"collection":[{"href":"https:\/\/radio.fcejs.unsl.edu.ar\/index.php\/wp-json\/wp\/v2\/posts"}],"about":[{"href":"https:\/\/radio.fcejs.unsl.edu.ar\/index.php\/wp-json\/wp\/v2\/types\/post"}],"author":[{"embeddable":true,"href":"https:\/\/radio.fcejs.unsl.edu.ar\/index.php\/wp-json\/wp\/v2\/users\/5"}],"replies":[{"embeddable":true,"href":"https:\/\/radio.fcejs.unsl.edu.ar\/index.php\/wp-json\/wp\/v2\/comments?post=3606"}],"version-history":[{"count":1,"href":"https:\/\/radio.fcejs.unsl.edu.ar\/index.php\/wp-json\/wp\/v2\/posts\/3606\/revisions"}],"predecessor-version":[{"id":3609,"href":"https:\/\/radio.fcejs.unsl.edu.ar\/index.php\/wp-json\/wp\/v2\/posts\/3606\/revisions\/3609"}],"wp:featuredmedia":[{"embeddable":true,"href":"https:\/\/radio.fcejs.unsl.edu.ar\/index.php\/wp-json\/wp\/v2\/media\/3607"}],"wp:attachment":[{"href":"https:\/\/radio.fcejs.unsl.edu.ar\/index.php\/wp-json\/wp\/v2\/media?parent=3606"}],"wp:term":[{"taxonomy":"category","embeddable":true,"href":"https:\/\/radio.fcejs.unsl.edu.ar\/index.php\/wp-json\/wp\/v2\/categories?post=3606"},{"taxonomy":"post_tag","embeddable":true,"href":"https:\/\/radio.fcejs.unsl.edu.ar\/index.php\/wp-json\/wp\/v2\/tags?post=3606"}],"curies":[{"name":"wp","href":"https:\/\/api.w.org\/{rel}","templated":true}]}}