{"id":3588,"date":"2025-10-28T17:48:49","date_gmt":"2025-10-28T20:48:49","guid":{"rendered":"https:\/\/radio.fcejs.unsl.edu.ar\/?p=3588"},"modified":"2025-10-28T17:55:55","modified_gmt":"2025-10-28T20:55:55","slug":"eliana-pradel-el-tema-seguridad-es-un-tema-que-nos-deberia-convocar-a-todos-y-por-eso-hacemos-extensiva-la-invitacion-a-quien-quiera-participar","status":"publish","type":"post","link":"https:\/\/radio.fcejs.unsl.edu.ar\/index.php\/eliana-pradel-el-tema-seguridad-es-un-tema-que-nos-deberia-convocar-a-todos-y-por-eso-hacemos-extensiva-la-invitacion-a-quien-quiera-participar\/","title":{"rendered":"Eliana Pradel:  \u201cEl tema seguridad, es un tema que nos deber\u00eda convocar a todos&#8221;"},"content":{"rendered":"<p><strong>Este mi\u00e9rcoles 29 de octubre<\/strong>, de\u00a0<strong data-start=\"463\" data-end=\"480\">17 a 19 horas<\/strong>, en el\u00a0<strong data-start=\"488\" data-end=\"524\">Aula 13 del Campus UNSL en Villa Mercedes<\/strong> se llevar\u00e1 a cabo el <strong>Conversatorio \u201cDistintos y uniformes: miradas etnogr\u00e1ficas sobre el sistema penal\u201d<\/strong>.<\/p>\n<p><strong>La Mgtr. Eliana Pradel, <\/strong><strong>abogada, docente de la UNSL<\/strong>, y adem\u00e1s coordinadora de la actividad, nos brind\u00f3 detalles del conversatorio el cual ser\u00e1 desarrollado bajo modalidad h\u00edbrida (virtual). Este espacio contar\u00e1 con la valiosa disertaci\u00f3n del\u00a0<strong data-start=\"608\" data-end=\"627\">Dr. Tom\u00e1s Bover<\/strong>, <strong>quien presentar\u00e1 su libro\u00a0<em data-start=\"655\" data-end=\"728\">\u201cDistintos y uniformes: una etnograf\u00eda en la Polic\u00eda Federal Argentina\u201d<\/em>. <\/strong><\/p>\n<p>En este sentido la docente resalt\u00f3 que el Dr. Tom\u00e1s Bover es Licenciado en Antropolog\u00eda, Doctor en Antropolog\u00eda social, y trabaja en el \u00e1rea de Seguridad de la Municipalidad de La Plata. \u00a0Tambi\u00e9n es docente de grado y posgrado en la Universidad Nacional de Quilmes; y como investigador ha realizado trabajos para el Banco Interamericano de Desarrollo en el Ministerio de Seguridad de la Naci\u00f3n, y su campo de estudio e investigaci\u00f3n tiene que ver con el \u00e1mbito de la Seguridad. Parte de su trabajo se refleja en el libro que estar\u00e1 presentando en la FCEJS, en el conversatorio que est\u00e1 destinado principalmente a\u00a0<strong data-start=\"1071\" data-end=\"1137\">estudiantes y docentes de la Licenciatura en Seguridad P\u00fablica<\/strong>, aunque tambi\u00e9n se extiende la invitaci\u00f3n a toda la comunidad universitaria: <strong>\u201cEl tema seguridad, es un tema que nos deber\u00eda convocar a todos, y por eso hacemos extensiva la invitaci\u00f3n a quien quiera participar\u201d, dijo Pradel.<\/strong><\/p>\n<p>La propuesta brindar\u00e1 una oportunidad para acercar a estudiantes, docentes y p\u00fablico interesado a las miradas etnogr\u00e1ficas que recorren las instituciones policiales, explorando las tensiones entre identidad, jerarqu\u00eda y poder en el sistema penal.<\/p>\n<p><strong><u>Escucha la entrevista realizada a \u00a0Eliana Pradel, abogada y docente de la UNSL, en el programa radial \u201cLa Quilla&#8221;:<\/u><\/strong><\/p>\n<figure id=\"attachment_3590\" aria-describedby=\"caption-attachment-3590\" style=\"width: 251px\" class=\"wp-caption aligncenter\"><img fetchpriority=\"high\" decoding=\"async\" class=\"wp-image-3590\" src=\"http:\/\/radio.fcejs.unsl.edu.ar\/wp-content\/uploads\/2025\/10\/Eliana-Pradel-229x300.jpeg\" alt=\"\" width=\"251\" height=\"329\" srcset=\"https:\/\/radio.fcejs.unsl.edu.ar\/wp-content\/uploads\/2025\/10\/Eliana-Pradel-229x300.jpeg 229w, https:\/\/radio.fcejs.unsl.edu.ar\/wp-content\/uploads\/2025\/10\/Eliana-Pradel-783x1024.jpeg 783w, https:\/\/radio.fcejs.unsl.edu.ar\/wp-content\/uploads\/2025\/10\/Eliana-Pradel-768x1004.jpeg 768w, https:\/\/radio.fcejs.unsl.edu.ar\/wp-content\/uploads\/2025\/10\/Eliana-Pradel.jpeg 1160w\" sizes=\"(max-width: 251px) 100vw, 251px\" \/><figcaption id=\"caption-attachment-3590\" class=\"wp-caption-text\"><span style=\"font-size: 17px\">\u00a0<\/span><\/figcaption><\/figure>\n<audio class=\"wp-audio-shortcode\" id=\"audio-3588-1\" preload=\"none\" style=\"width: 100%;\" controls=\"controls\"><source type=\"audio\/mpeg\" src=\"https:\/\/radioupload.fica.unsl.edu.ar\/files\/jb\/ELIANA%20PRADER%2028_10_25%20editada%20para%20subir.mp3?_=1\" \/><a href=\"https:\/\/radioupload.fica.unsl.edu.ar\/files\/jb\/ELIANA%20PRADER%2028_10_25%20editada%20para%20subir.mp3\">https:\/\/radioupload.fica.unsl.edu.ar\/files\/jb\/ELIANA%20PRADER%2028_10_25%20editada%20para%20subir.mp3<\/a><\/audio>\n<p>&nbsp;<\/p>\n<p>*Accede al formulario de inscripci\u00f3n para participar del conversatorio, en el siguiente enlace:<\/p>\n<p><a href=\"https:\/\/forms.gle\/QizQxD8BdwQLf3rV9\">https:\/\/forms.gle\/QizQxD8BdwQLf3rV9<\/a><\/p>\n<p>&nbsp;<\/p>\n<p>Entrevista realizada en el programa radial\u00a0<strong>\u201cLa Quilla\u201d<\/strong>, con Virginia Aguilera y Federico Amodey, por Radio UNSL en Villa Mercedes- 97.5 FM.<\/p>\n","protected":false},"excerpt":{"rendered":"<p>Este mi\u00e9rcoles 29 de octubre, de\u00a017 a 19 horas, en el\u00a0Aula 13 del Campus UNSL en Villa Mercedes se llevar\u00e1 a cabo el Conversatorio \u201cDistintos y uniformes: miradas etnogr\u00e1ficas sobre el sistema penal\u201d. La Mgtr. Eliana Pradel, abogada, docente de la UNSL, y adem\u00e1s coordinadora de la actividad, nos brind\u00f3 detalles del conversatorio el cual&#8230;<\/p>\n","protected":false},"author":5,"featured_media":3589,"comment_status":"closed","ping_status":"closed","sticky":false,"template":"","format":"standard","meta":{"_kad_post_transparent":"default","_kad_post_title":"default","_kad_post_layout":"default","_kad_post_sidebar_id":"","_kad_post_content_style":"default","_kad_post_vertical_padding":"default","_kad_post_feature":"","_kad_post_feature_position":"","_kad_post_header":false,"_kad_post_footer":false,"_kad_post_classname":"","footnotes":""},"categories":[14],"tags":[],"class_list":["post-3588","post","type-post","status-publish","format-standard","has-post-thumbnail","hentry","category-entrevistas"],"yoast_head":"<!-- This site is optimized with the Yoast SEO plugin v27.2 - https:\/\/yoast.com\/product\/yoast-seo-wordpress\/ -->\n<title>Eliana Pradel: \u201cEl tema seguridad, es un tema que nos deber\u00eda convocar a todos&quot; - Radio Universidad Villa Mercedes 97.5 | UNSL<\/title>\n<meta name=\"robots\" content=\"index, follow, max-snippet:-1, max-image-preview:large, max-video-preview:-1\" \/>\n<link rel=\"canonical\" href=\"https:\/\/radio.fcejs.unsl.edu.ar\/index.php\/eliana-pradel-el-tema-seguridad-es-un-tema-que-nos-deberia-convocar-a-todos-y-por-eso-hacemos-extensiva-la-invitacion-a-quien-quiera-participar\/\" \/>\n<meta property=\"og:locale\" content=\"es_ES\" \/>\n<meta property=\"og:type\" content=\"article\" \/>\n<meta property=\"og:title\" content=\"Eliana Pradel: \u201cEl tema seguridad, es un tema que nos deber\u00eda convocar a todos&quot; - Radio Universidad Villa Mercedes 97.5 | UNSL\" \/>\n<meta property=\"og:description\" content=\"Este mi\u00e9rcoles 29 de octubre, de\u00a017 a 19 horas, en el\u00a0Aula 13 del Campus UNSL en Villa Mercedes se llevar\u00e1 a cabo el Conversatorio \u201cDistintos y uniformes: miradas etnogr\u00e1ficas sobre el sistema penal\u201d. La Mgtr. Eliana Pradel, abogada, docente de la UNSL, y adem\u00e1s coordinadora de la actividad, nos brind\u00f3 detalles del conversatorio el cual...\" \/>\n<meta property=\"og:url\" content=\"https:\/\/radio.fcejs.unsl.edu.ar\/index.php\/eliana-pradel-el-tema-seguridad-es-un-tema-que-nos-deberia-convocar-a-todos-y-por-eso-hacemos-extensiva-la-invitacion-a-quien-quiera-participar\/\" \/>\n<meta property=\"og:site_name\" content=\"Radio Universidad Villa Mercedes 97.5 | UNSL\" \/>\n<meta property=\"article:published_time\" content=\"2025-10-28T20:48:49+00:00\" \/>\n<meta property=\"article:modified_time\" content=\"2025-10-28T20:55:55+00:00\" \/>\n<meta property=\"og:image\" content=\"http:\/\/radio.fcejs.unsl.edu.ar\/wp-content\/uploads\/2025\/10\/PLACA-WEB-distintos-y-uniformes-1536x864-1.png\" \/>\n\t<meta property=\"og:image:width\" content=\"1536\" \/>\n\t<meta property=\"og:image:height\" content=\"864\" \/>\n\t<meta property=\"og:image:type\" content=\"image\/png\" \/>\n<meta name=\"author\" content=\"Virginia Aguilera\" \/>\n<meta name=\"twitter:card\" content=\"summary_large_image\" \/>\n<meta name=\"twitter:label1\" content=\"Escrito por\" \/>\n\t<meta name=\"twitter:data1\" content=\"Virginia Aguilera\" \/>\n\t<meta name=\"twitter:label2\" content=\"Tiempo de lectura\" \/>\n\t<meta name=\"twitter:data2\" content=\"2 minutos\" \/>\n<script type=\"application\/ld+json\" class=\"yoast-schema-graph\">{\"@context\":\"https:\/\/schema.org\",\"@graph\":[{\"@type\":\"Article\",\"@id\":\"https:\/\/radio.fcejs.unsl.edu.ar\/index.php\/eliana-pradel-el-tema-seguridad-es-un-tema-que-nos-deberia-convocar-a-todos-y-por-eso-hacemos-extensiva-la-invitacion-a-quien-quiera-participar\/#article\",\"isPartOf\":{\"@id\":\"https:\/\/radio.fcejs.unsl.edu.ar\/index.php\/eliana-pradel-el-tema-seguridad-es-un-tema-que-nos-deberia-convocar-a-todos-y-por-eso-hacemos-extensiva-la-invitacion-a-quien-quiera-participar\/\"},\"author\":{\"name\":\"Virginia Aguilera\",\"@id\":\"https:\/\/radio.fcejs.unsl.edu.ar\/#\/schema\/person\/71179a56ee499ac8cd4e46f865c627c7\"},\"headline\":\"Eliana Pradel: \u201cEl tema seguridad, es un tema que nos deber\u00eda convocar a todos&#8221;\",\"datePublished\":\"2025-10-28T20:48:49+00:00\",\"dateModified\":\"2025-10-28T20:55:55+00:00\",\"mainEntityOfPage\":{\"@id\":\"https:\/\/radio.fcejs.unsl.edu.ar\/index.php\/eliana-pradel-el-tema-seguridad-es-un-tema-que-nos-deberia-convocar-a-todos-y-por-eso-hacemos-extensiva-la-invitacion-a-quien-quiera-participar\/\"},\"wordCount\":389,\"publisher\":{\"@id\":\"https:\/\/radio.fcejs.unsl.edu.ar\/#organization\"},\"image\":{\"@id\":\"https:\/\/radio.fcejs.unsl.edu.ar\/index.php\/eliana-pradel-el-tema-seguridad-es-un-tema-que-nos-deberia-convocar-a-todos-y-por-eso-hacemos-extensiva-la-invitacion-a-quien-quiera-participar\/#primaryimage\"},\"thumbnailUrl\":\"https:\/\/radio.fcejs.unsl.edu.ar\/wp-content\/uploads\/2025\/10\/PLACA-WEB-distintos-y-uniformes-1536x864-1.png\",\"articleSection\":[\"Entrevistas\"],\"inLanguage\":\"es-AR\"},{\"@type\":\"WebPage\",\"@id\":\"https:\/\/radio.fcejs.unsl.edu.ar\/index.php\/eliana-pradel-el-tema-seguridad-es-un-tema-que-nos-deberia-convocar-a-todos-y-por-eso-hacemos-extensiva-la-invitacion-a-quien-quiera-participar\/\",\"url\":\"https:\/\/radio.fcejs.unsl.edu.ar\/index.php\/eliana-pradel-el-tema-seguridad-es-un-tema-que-nos-deberia-convocar-a-todos-y-por-eso-hacemos-extensiva-la-invitacion-a-quien-quiera-participar\/\",\"name\":\"Eliana Pradel: \u201cEl tema seguridad, es un tema que nos deber\u00eda convocar a todos\\\" - Radio Universidad Villa Mercedes 97.5 | UNSL\",\"isPartOf\":{\"@id\":\"https:\/\/radio.fcejs.unsl.edu.ar\/#website\"},\"primaryImageOfPage\":{\"@id\":\"https:\/\/radio.fcejs.unsl.edu.ar\/index.php\/eliana-pradel-el-tema-seguridad-es-un-tema-que-nos-deberia-convocar-a-todos-y-por-eso-hacemos-extensiva-la-invitacion-a-quien-quiera-participar\/#primaryimage\"},\"image\":{\"@id\":\"https:\/\/radio.fcejs.unsl.edu.ar\/index.php\/eliana-pradel-el-tema-seguridad-es-un-tema-que-nos-deberia-convocar-a-todos-y-por-eso-hacemos-extensiva-la-invitacion-a-quien-quiera-participar\/#primaryimage\"},\"thumbnailUrl\":\"https:\/\/radio.fcejs.unsl.edu.ar\/wp-content\/uploads\/2025\/10\/PLACA-WEB-distintos-y-uniformes-1536x864-1.png\",\"datePublished\":\"2025-10-28T20:48:49+00:00\",\"dateModified\":\"2025-10-28T20:55:55+00:00\",\"breadcrumb\":{\"@id\":\"https:\/\/radio.fcejs.unsl.edu.ar\/index.php\/eliana-pradel-el-tema-seguridad-es-un-tema-que-nos-deberia-convocar-a-todos-y-por-eso-hacemos-extensiva-la-invitacion-a-quien-quiera-participar\/#breadcrumb\"},\"inLanguage\":\"es-AR\",\"potentialAction\":[{\"@type\":\"ReadAction\",\"target\":[\"https:\/\/radio.fcejs.unsl.edu.ar\/index.php\/eliana-pradel-el-tema-seguridad-es-un-tema-que-nos-deberia-convocar-a-todos-y-por-eso-hacemos-extensiva-la-invitacion-a-quien-quiera-participar\/\"]}]},{\"@type\":\"ImageObject\",\"inLanguage\":\"es-AR\",\"@id\":\"https:\/\/radio.fcejs.unsl.edu.ar\/index.php\/eliana-pradel-el-tema-seguridad-es-un-tema-que-nos-deberia-convocar-a-todos-y-por-eso-hacemos-extensiva-la-invitacion-a-quien-quiera-participar\/#primaryimage\",\"url\":\"https:\/\/radio.fcejs.unsl.edu.ar\/wp-content\/uploads\/2025\/10\/PLACA-WEB-distintos-y-uniformes-1536x864-1.png\",\"contentUrl\":\"https:\/\/radio.fcejs.unsl.edu.ar\/wp-content\/uploads\/2025\/10\/PLACA-WEB-distintos-y-uniformes-1536x864-1.png\",\"width\":1536,\"height\":864},{\"@type\":\"BreadcrumbList\",\"@id\":\"https:\/\/radio.fcejs.unsl.edu.ar\/index.php\/eliana-pradel-el-tema-seguridad-es-un-tema-que-nos-deberia-convocar-a-todos-y-por-eso-hacemos-extensiva-la-invitacion-a-quien-quiera-participar\/#breadcrumb\",\"itemListElement\":[{\"@type\":\"ListItem\",\"position\":1,\"name\":\"Inicio\",\"item\":\"https:\/\/radio.fcejs.unsl.edu.ar\/\"},{\"@type\":\"ListItem\",\"position\":2,\"name\":\"Eliana Pradel: \u201cEl tema seguridad, es un tema que nos deber\u00eda convocar a todos&#8221;\"}]},{\"@type\":\"WebSite\",\"@id\":\"https:\/\/radio.fcejs.unsl.edu.ar\/#website\",\"url\":\"https:\/\/radio.fcejs.unsl.edu.ar\/\",\"name\":\"Radio Universidad Villa Mercedes 97.5 | UNSL\",\"description\":\"UNSL\",\"publisher\":{\"@id\":\"https:\/\/radio.fcejs.unsl.edu.ar\/#organization\"},\"potentialAction\":[{\"@type\":\"SearchAction\",\"target\":{\"@type\":\"EntryPoint\",\"urlTemplate\":\"https:\/\/radio.fcejs.unsl.edu.ar\/?s={search_term_string}\"},\"query-input\":{\"@type\":\"PropertyValueSpecification\",\"valueRequired\":true,\"valueName\":\"search_term_string\"}}],\"inLanguage\":\"es-AR\"},{\"@type\":\"Organization\",\"@id\":\"https:\/\/radio.fcejs.unsl.edu.ar\/#organization\",\"name\":\"Radio Universidad Villa Mercedes 97.5 | UNSL\",\"url\":\"https:\/\/radio.fcejs.unsl.edu.ar\/\",\"logo\":{\"@type\":\"ImageObject\",\"inLanguage\":\"es-AR\",\"@id\":\"https:\/\/radio.fcejs.unsl.edu.ar\/#\/schema\/logo\/image\/\",\"url\":\"https:\/\/radio.fcejs.unsl.edu.ar\/wp-content\/uploads\/2023\/12\/cropped-radio-villa-mercedes-97-5.png\",\"contentUrl\":\"https:\/\/radio.fcejs.unsl.edu.ar\/wp-content\/uploads\/2023\/12\/cropped-radio-villa-mercedes-97-5.png\",\"width\":908,\"height\":289,\"caption\":\"Radio Universidad Villa Mercedes 97.5 | UNSL\"},\"image\":{\"@id\":\"https:\/\/radio.fcejs.unsl.edu.ar\/#\/schema\/logo\/image\/\"}},{\"@type\":\"Person\",\"@id\":\"https:\/\/radio.fcejs.unsl.edu.ar\/#\/schema\/person\/71179a56ee499ac8cd4e46f865c627c7\",\"name\":\"Virginia Aguilera\",\"url\":\"https:\/\/radio.fcejs.unsl.edu.ar\/index.php\/author\/viraguilera\/\"}]}<\/script>\n<!-- \/ Yoast SEO plugin. -->","yoast_head_json":{"title":"Eliana Pradel: \u201cEl tema seguridad, es un tema que nos deber\u00eda convocar a todos\" - Radio Universidad Villa Mercedes 97.5 | UNSL","robots":{"index":"index","follow":"follow","max-snippet":"max-snippet:-1","max-image-preview":"max-image-preview:large","max-video-preview":"max-video-preview:-1"},"canonical":"https:\/\/radio.fcejs.unsl.edu.ar\/index.php\/eliana-pradel-el-tema-seguridad-es-un-tema-que-nos-deberia-convocar-a-todos-y-por-eso-hacemos-extensiva-la-invitacion-a-quien-quiera-participar\/","og_locale":"es_ES","og_type":"article","og_title":"Eliana Pradel: \u201cEl tema seguridad, es un tema que nos deber\u00eda convocar a todos\" - Radio Universidad Villa Mercedes 97.5 | UNSL","og_description":"Este mi\u00e9rcoles 29 de octubre, de\u00a017 a 19 horas, en el\u00a0Aula 13 del Campus UNSL en Villa Mercedes se llevar\u00e1 a cabo el Conversatorio \u201cDistintos y uniformes: miradas etnogr\u00e1ficas sobre el sistema penal\u201d. La Mgtr. Eliana Pradel, abogada, docente de la UNSL, y adem\u00e1s coordinadora de la actividad, nos brind\u00f3 detalles del conversatorio el cual...","og_url":"https:\/\/radio.fcejs.unsl.edu.ar\/index.php\/eliana-pradel-el-tema-seguridad-es-un-tema-que-nos-deberia-convocar-a-todos-y-por-eso-hacemos-extensiva-la-invitacion-a-quien-quiera-participar\/","og_site_name":"Radio Universidad Villa Mercedes 97.5 | UNSL","article_published_time":"2025-10-28T20:48:49+00:00","article_modified_time":"2025-10-28T20:55:55+00:00","og_image":[{"width":1536,"height":864,"url":"http:\/\/radio.fcejs.unsl.edu.ar\/wp-content\/uploads\/2025\/10\/PLACA-WEB-distintos-y-uniformes-1536x864-1.png","type":"image\/png"}],"author":"Virginia Aguilera","twitter_card":"summary_large_image","twitter_misc":{"Escrito por":"Virginia Aguilera","Tiempo de lectura":"2 minutos"},"schema":{"@context":"https:\/\/schema.org","@graph":[{"@type":"Article","@id":"https:\/\/radio.fcejs.unsl.edu.ar\/index.php\/eliana-pradel-el-tema-seguridad-es-un-tema-que-nos-deberia-convocar-a-todos-y-por-eso-hacemos-extensiva-la-invitacion-a-quien-quiera-participar\/#article","isPartOf":{"@id":"https:\/\/radio.fcejs.unsl.edu.ar\/index.php\/eliana-pradel-el-tema-seguridad-es-un-tema-que-nos-deberia-convocar-a-todos-y-por-eso-hacemos-extensiva-la-invitacion-a-quien-quiera-participar\/"},"author":{"name":"Virginia Aguilera","@id":"https:\/\/radio.fcejs.unsl.edu.ar\/#\/schema\/person\/71179a56ee499ac8cd4e46f865c627c7"},"headline":"Eliana Pradel: \u201cEl tema seguridad, es un tema que nos deber\u00eda convocar a todos&#8221;","datePublished":"2025-10-28T20:48:49+00:00","dateModified":"2025-10-28T20:55:55+00:00","mainEntityOfPage":{"@id":"https:\/\/radio.fcejs.unsl.edu.ar\/index.php\/eliana-pradel-el-tema-seguridad-es-un-tema-que-nos-deberia-convocar-a-todos-y-por-eso-hacemos-extensiva-la-invitacion-a-quien-quiera-participar\/"},"wordCount":389,"publisher":{"@id":"https:\/\/radio.fcejs.unsl.edu.ar\/#organization"},"image":{"@id":"https:\/\/radio.fcejs.unsl.edu.ar\/index.php\/eliana-pradel-el-tema-seguridad-es-un-tema-que-nos-deberia-convocar-a-todos-y-por-eso-hacemos-extensiva-la-invitacion-a-quien-quiera-participar\/#primaryimage"},"thumbnailUrl":"https:\/\/radio.fcejs.unsl.edu.ar\/wp-content\/uploads\/2025\/10\/PLACA-WEB-distintos-y-uniformes-1536x864-1.png","articleSection":["Entrevistas"],"inLanguage":"es-AR"},{"@type":"WebPage","@id":"https:\/\/radio.fcejs.unsl.edu.ar\/index.php\/eliana-pradel-el-tema-seguridad-es-un-tema-que-nos-deberia-convocar-a-todos-y-por-eso-hacemos-extensiva-la-invitacion-a-quien-quiera-participar\/","url":"https:\/\/radio.fcejs.unsl.edu.ar\/index.php\/eliana-pradel-el-tema-seguridad-es-un-tema-que-nos-deberia-convocar-a-todos-y-por-eso-hacemos-extensiva-la-invitacion-a-quien-quiera-participar\/","name":"Eliana Pradel: \u201cEl tema seguridad, es un tema que nos deber\u00eda convocar a todos\" - Radio Universidad Villa Mercedes 97.5 | UNSL","isPartOf":{"@id":"https:\/\/radio.fcejs.unsl.edu.ar\/#website"},"primaryImageOfPage":{"@id":"https:\/\/radio.fcejs.unsl.edu.ar\/index.php\/eliana-pradel-el-tema-seguridad-es-un-tema-que-nos-deberia-convocar-a-todos-y-por-eso-hacemos-extensiva-la-invitacion-a-quien-quiera-participar\/#primaryimage"},"image":{"@id":"https:\/\/radio.fcejs.unsl.edu.ar\/index.php\/eliana-pradel-el-tema-seguridad-es-un-tema-que-nos-deberia-convocar-a-todos-y-por-eso-hacemos-extensiva-la-invitacion-a-quien-quiera-participar\/#primaryimage"},"thumbnailUrl":"https:\/\/radio.fcejs.unsl.edu.ar\/wp-content\/uploads\/2025\/10\/PLACA-WEB-distintos-y-uniformes-1536x864-1.png","datePublished":"2025-10-28T20:48:49+00:00","dateModified":"2025-10-28T20:55:55+00:00","breadcrumb":{"@id":"https:\/\/radio.fcejs.unsl.edu.ar\/index.php\/eliana-pradel-el-tema-seguridad-es-un-tema-que-nos-deberia-convocar-a-todos-y-por-eso-hacemos-extensiva-la-invitacion-a-quien-quiera-participar\/#breadcrumb"},"inLanguage":"es-AR","potentialAction":[{"@type":"ReadAction","target":["https:\/\/radio.fcejs.unsl.edu.ar\/index.php\/eliana-pradel-el-tema-seguridad-es-un-tema-que-nos-deberia-convocar-a-todos-y-por-eso-hacemos-extensiva-la-invitacion-a-quien-quiera-participar\/"]}]},{"@type":"ImageObject","inLanguage":"es-AR","@id":"https:\/\/radio.fcejs.unsl.edu.ar\/index.php\/eliana-pradel-el-tema-seguridad-es-un-tema-que-nos-deberia-convocar-a-todos-y-por-eso-hacemos-extensiva-la-invitacion-a-quien-quiera-participar\/#primaryimage","url":"https:\/\/radio.fcejs.unsl.edu.ar\/wp-content\/uploads\/2025\/10\/PLACA-WEB-distintos-y-uniformes-1536x864-1.png","contentUrl":"https:\/\/radio.fcejs.unsl.edu.ar\/wp-content\/uploads\/2025\/10\/PLACA-WEB-distintos-y-uniformes-1536x864-1.png","width":1536,"height":864},{"@type":"BreadcrumbList","@id":"https:\/\/radio.fcejs.unsl.edu.ar\/index.php\/eliana-pradel-el-tema-seguridad-es-un-tema-que-nos-deberia-convocar-a-todos-y-por-eso-hacemos-extensiva-la-invitacion-a-quien-quiera-participar\/#breadcrumb","itemListElement":[{"@type":"ListItem","position":1,"name":"Inicio","item":"https:\/\/radio.fcejs.unsl.edu.ar\/"},{"@type":"ListItem","position":2,"name":"Eliana Pradel: \u201cEl tema seguridad, es un tema que nos deber\u00eda convocar a todos&#8221;"}]},{"@type":"WebSite","@id":"https:\/\/radio.fcejs.unsl.edu.ar\/#website","url":"https:\/\/radio.fcejs.unsl.edu.ar\/","name":"Radio Universidad Villa Mercedes 97.5 | UNSL","description":"UNSL","publisher":{"@id":"https:\/\/radio.fcejs.unsl.edu.ar\/#organization"},"potentialAction":[{"@type":"SearchAction","target":{"@type":"EntryPoint","urlTemplate":"https:\/\/radio.fcejs.unsl.edu.ar\/?s={search_term_string}"},"query-input":{"@type":"PropertyValueSpecification","valueRequired":true,"valueName":"search_term_string"}}],"inLanguage":"es-AR"},{"@type":"Organization","@id":"https:\/\/radio.fcejs.unsl.edu.ar\/#organization","name":"Radio Universidad Villa Mercedes 97.5 | UNSL","url":"https:\/\/radio.fcejs.unsl.edu.ar\/","logo":{"@type":"ImageObject","inLanguage":"es-AR","@id":"https:\/\/radio.fcejs.unsl.edu.ar\/#\/schema\/logo\/image\/","url":"https:\/\/radio.fcejs.unsl.edu.ar\/wp-content\/uploads\/2023\/12\/cropped-radio-villa-mercedes-97-5.png","contentUrl":"https:\/\/radio.fcejs.unsl.edu.ar\/wp-content\/uploads\/2023\/12\/cropped-radio-villa-mercedes-97-5.png","width":908,"height":289,"caption":"Radio Universidad Villa Mercedes 97.5 | UNSL"},"image":{"@id":"https:\/\/radio.fcejs.unsl.edu.ar\/#\/schema\/logo\/image\/"}},{"@type":"Person","@id":"https:\/\/radio.fcejs.unsl.edu.ar\/#\/schema\/person\/71179a56ee499ac8cd4e46f865c627c7","name":"Virginia Aguilera","url":"https:\/\/radio.fcejs.unsl.edu.ar\/index.php\/author\/viraguilera\/"}]}},"_links":{"self":[{"href":"https:\/\/radio.fcejs.unsl.edu.ar\/index.php\/wp-json\/wp\/v2\/posts\/3588","targetHints":{"allow":["GET"]}}],"collection":[{"href":"https:\/\/radio.fcejs.unsl.edu.ar\/index.php\/wp-json\/wp\/v2\/posts"}],"about":[{"href":"https:\/\/radio.fcejs.unsl.edu.ar\/index.php\/wp-json\/wp\/v2\/types\/post"}],"author":[{"embeddable":true,"href":"https:\/\/radio.fcejs.unsl.edu.ar\/index.php\/wp-json\/wp\/v2\/users\/5"}],"replies":[{"embeddable":true,"href":"https:\/\/radio.fcejs.unsl.edu.ar\/index.php\/wp-json\/wp\/v2\/comments?post=3588"}],"version-history":[{"count":4,"href":"https:\/\/radio.fcejs.unsl.edu.ar\/index.php\/wp-json\/wp\/v2\/posts\/3588\/revisions"}],"predecessor-version":[{"id":3595,"href":"https:\/\/radio.fcejs.unsl.edu.ar\/index.php\/wp-json\/wp\/v2\/posts\/3588\/revisions\/3595"}],"wp:featuredmedia":[{"embeddable":true,"href":"https:\/\/radio.fcejs.unsl.edu.ar\/index.php\/wp-json\/wp\/v2\/media\/3589"}],"wp:attachment":[{"href":"https:\/\/radio.fcejs.unsl.edu.ar\/index.php\/wp-json\/wp\/v2\/media?parent=3588"}],"wp:term":[{"taxonomy":"category","embeddable":true,"href":"https:\/\/radio.fcejs.unsl.edu.ar\/index.php\/wp-json\/wp\/v2\/categories?post=3588"},{"taxonomy":"post_tag","embeddable":true,"href":"https:\/\/radio.fcejs.unsl.edu.ar\/index.php\/wp-json\/wp\/v2\/tags?post=3588"}],"curies":[{"name":"wp","href":"https:\/\/api.w.org\/{rel}","templated":true}]}}