{"id":3575,"date":"2025-10-27T18:54:09","date_gmt":"2025-10-27T21:54:09","guid":{"rendered":"https:\/\/radio.fcejs.unsl.edu.ar\/?p=3575"},"modified":"2025-10-27T18:54:09","modified_gmt":"2025-10-27T21:54:09","slug":"jovenes-investigadores-de-fcejs-se-preparan-para-representar-a-la-unsl-a-nivel-internacional-en-el-mes-de-noviembre","status":"publish","type":"post","link":"https:\/\/radio.fcejs.unsl.edu.ar\/index.php\/jovenes-investigadores-de-fcejs-se-preparan-para-representar-a-la-unsl-a-nivel-internacional-en-el-mes-de-noviembre\/","title":{"rendered":"J\u00f3venes investigadores de FCEJS se preparan para representar a la UNSL a nivel internacional, en el mes de noviembre"},"content":{"rendered":"<p><strong><u>Rodrigo Iglesias <\/u><\/strong>y <strong><u>Mar\u00eda Agustina Puebla <\/u>representar\u00e1n a la UNSL a nivel Internacional en la <u>XXXII Jornadas de J\u00f3venes Investigadores (JJI<\/u>) de la Asociaci\u00f3n de Universidades Grupo Montevideo (AUGM), a realizarse los d\u00edas 5, 6 y 7 de noviembre en la Universidad Nacional de Tucum\u00e1n (UNT), bajo la consigna: La educaci\u00f3n y la ciencia transforman realidades. <\/strong><\/p>\n<p>Los j\u00f3venes son abogados graduados en la Facultad de Ciencias Econ\u00f3micas Jur\u00eddicas y Sociales, y actualmente estudian en la Especializaci\u00f3n en DDHH y Acceso a la Justicia de la FCEJS. Ambos son investigadores y realizan un trabajo dentro del proyecto de Investigaci\u00f3n denominado \u201cDerecho y Lenguaje: alcance y delimitaci\u00f3n de criterios judiciales\u201d, el cual es dirigido por el Dr. Daniel Gorra, docente de la Facultad.<\/p>\n<p>Vale destacar que los j\u00f3venes investigadores de la FCEJS ya pasaron por una instancia previa de evaluaci\u00f3n de proyectos de investigaci\u00f3n que se realiz\u00f3 en el Microcine de la UNSL, en San Luis capital, el pasado 20 de agosto.<\/p>\n<p>Sus propuestas, categorizadas en los ejes tem\u00e1ticos de \u201cDerechos Humanos en Latinoam\u00e9rica\u201d, y en \u201cCiencias Pol\u00edticas y Sociales\u201d, fueron seleccionadas para representar a la Universidad Nacional de San Luis a nivel internacional, en la provincia de Tucum\u00e1n, en donde participar\u00e1n otras Universidades de Argentina y de otros pa\u00edses tales como Bolivia, Brasil, Chile, Paraguay, y Uruguay. All\u00ed los j\u00f3venes expondr\u00e1n sus trabajos y podr\u00e1n compartir sus experiencias con otros grupos relacionados a sus tem\u00e1ticas.<\/p>\n<p><strong><u>Escucha la entrevista realizada a los j\u00f3venes, en el programa radial \u201cLa Quilla, \u00a0en el siguiente audio:<\/u><\/strong><\/p>\n<audio class=\"wp-audio-shortcode\" id=\"audio-3575-1\" preload=\"none\" style=\"width: 100%;\" controls=\"controls\"><source type=\"audio\/mpeg\" src=\"https:\/\/radioupload.fica.unsl.edu.ar\/files\/jb\/JOVENES%20INVESTIGADORES%20FCEJS%20en%20la%20AUGM.mp3?_=1\" \/><a href=\"https:\/\/radioupload.fica.unsl.edu.ar\/files\/jb\/JOVENES%20INVESTIGADORES%20FCEJS%20en%20la%20AUGM.mp3\">https:\/\/radioupload.fica.unsl.edu.ar\/files\/jb\/JOVENES%20INVESTIGADORES%20FCEJS%20en%20la%20AUGM.mp3<\/a><\/audio>\n<p>&nbsp;<\/p>\n<p><img fetchpriority=\"high\" decoding=\"async\" class=\"aligncenter wp-image-3576 size-large\" src=\"http:\/\/radio.fcejs.unsl.edu.ar\/wp-content\/uploads\/2025\/10\/jovenes-investigadores-e1761602015285-1024x511.jpeg\" alt=\"\" width=\"1024\" height=\"511\" srcset=\"https:\/\/radio.fcejs.unsl.edu.ar\/wp-content\/uploads\/2025\/10\/jovenes-investigadores-e1761602015285-1024x511.jpeg 1024w, https:\/\/radio.fcejs.unsl.edu.ar\/wp-content\/uploads\/2025\/10\/jovenes-investigadores-e1761602015285-300x150.jpeg 300w, https:\/\/radio.fcejs.unsl.edu.ar\/wp-content\/uploads\/2025\/10\/jovenes-investigadores-e1761602015285-768x383.jpeg 768w, https:\/\/radio.fcejs.unsl.edu.ar\/wp-content\/uploads\/2025\/10\/jovenes-investigadores-e1761602015285.jpeg 1133w\" sizes=\"(max-width: 1024px) 100vw, 1024px\" \/><\/p>\n<p>Entrevista realizada en el programa radial <strong>\u201cLa Quilla\u201d<\/strong>, con Virginia Aguilera y Federico Amodey, por Radio UNSL en Villa Mercedes- 97.5 FM.<\/p>\n<p>&nbsp;<\/p>\n","protected":false},"excerpt":{"rendered":"<p>Rodrigo Iglesias y Mar\u00eda Agustina Puebla representar\u00e1n a la UNSL a nivel Internacional en la XXXII Jornadas de J\u00f3venes Investigadores (JJI) de la Asociaci\u00f3n de Universidades Grupo Montevideo (AUGM), a realizarse los d\u00edas 5, 6 y 7 de noviembre en la Universidad Nacional de Tucum\u00e1n (UNT), bajo la consigna: La educaci\u00f3n y la ciencia transforman&#8230;<\/p>\n","protected":false},"author":5,"featured_media":3576,"comment_status":"closed","ping_status":"closed","sticky":false,"template":"","format":"standard","meta":{"_kad_post_transparent":"default","_kad_post_title":"default","_kad_post_layout":"default","_kad_post_sidebar_id":"","_kad_post_content_style":"default","_kad_post_vertical_padding":"default","_kad_post_feature":"","_kad_post_feature_position":"","_kad_post_header":false,"_kad_post_footer":false,"_kad_post_classname":"","footnotes":""},"categories":[14],"tags":[],"class_list":["post-3575","post","type-post","status-publish","format-standard","has-post-thumbnail","hentry","category-entrevistas"],"yoast_head":"<!-- This site is optimized with the Yoast SEO plugin v27.2 - https:\/\/yoast.com\/product\/yoast-seo-wordpress\/ -->\n<title>J\u00f3venes investigadores de FCEJS se preparan para representar a la UNSL a nivel internacional, en el mes de noviembre - Radio Universidad Villa Mercedes 97.5 | UNSL<\/title>\n<meta name=\"robots\" content=\"index, follow, max-snippet:-1, max-image-preview:large, max-video-preview:-1\" \/>\n<link rel=\"canonical\" href=\"https:\/\/radio.fcejs.unsl.edu.ar\/index.php\/jovenes-investigadores-de-fcejs-se-preparan-para-representar-a-la-unsl-a-nivel-internacional-en-el-mes-de-noviembre\/\" \/>\n<meta property=\"og:locale\" content=\"es_ES\" \/>\n<meta property=\"og:type\" content=\"article\" \/>\n<meta property=\"og:title\" content=\"J\u00f3venes investigadores de FCEJS se preparan para representar a la UNSL a nivel internacional, en el mes de noviembre - Radio Universidad Villa Mercedes 97.5 | UNSL\" \/>\n<meta property=\"og:description\" content=\"Rodrigo Iglesias y Mar\u00eda Agustina Puebla representar\u00e1n a la UNSL a nivel Internacional en la XXXII Jornadas de J\u00f3venes Investigadores (JJI) de la Asociaci\u00f3n de Universidades Grupo Montevideo (AUGM), a realizarse los d\u00edas 5, 6 y 7 de noviembre en la Universidad Nacional de Tucum\u00e1n (UNT), bajo la consigna: La educaci\u00f3n y la ciencia transforman...\" \/>\n<meta property=\"og:url\" content=\"https:\/\/radio.fcejs.unsl.edu.ar\/index.php\/jovenes-investigadores-de-fcejs-se-preparan-para-representar-a-la-unsl-a-nivel-internacional-en-el-mes-de-noviembre\/\" \/>\n<meta property=\"og:site_name\" content=\"Radio Universidad Villa Mercedes 97.5 | UNSL\" \/>\n<meta property=\"article:published_time\" content=\"2025-10-27T21:54:09+00:00\" \/>\n<meta property=\"og:image\" content=\"http:\/\/radio.fcejs.unsl.edu.ar\/wp-content\/uploads\/2025\/10\/jovenes-investigadores-e1761602015285.jpeg\" \/>\n\t<meta property=\"og:image:width\" content=\"1133\" \/>\n\t<meta property=\"og:image:height\" content=\"565\" \/>\n\t<meta property=\"og:image:type\" content=\"image\/jpeg\" \/>\n<meta name=\"author\" content=\"Virginia Aguilera\" \/>\n<meta name=\"twitter:card\" content=\"summary_large_image\" \/>\n<meta name=\"twitter:label1\" content=\"Escrito por\" \/>\n\t<meta name=\"twitter:data1\" content=\"Virginia Aguilera\" \/>\n\t<meta name=\"twitter:label2\" content=\"Tiempo de lectura\" \/>\n\t<meta name=\"twitter:data2\" content=\"2 minutos\" \/>\n<script type=\"application\/ld+json\" class=\"yoast-schema-graph\">{\"@context\":\"https:\/\/schema.org\",\"@graph\":[{\"@type\":\"Article\",\"@id\":\"https:\/\/radio.fcejs.unsl.edu.ar\/index.php\/jovenes-investigadores-de-fcejs-se-preparan-para-representar-a-la-unsl-a-nivel-internacional-en-el-mes-de-noviembre\/#article\",\"isPartOf\":{\"@id\":\"https:\/\/radio.fcejs.unsl.edu.ar\/index.php\/jovenes-investigadores-de-fcejs-se-preparan-para-representar-a-la-unsl-a-nivel-internacional-en-el-mes-de-noviembre\/\"},\"author\":{\"name\":\"Virginia Aguilera\",\"@id\":\"https:\/\/radio.fcejs.unsl.edu.ar\/#\/schema\/person\/71179a56ee499ac8cd4e46f865c627c7\"},\"headline\":\"J\u00f3venes investigadores de FCEJS se preparan para representar a la UNSL a nivel internacional, en el mes de noviembre\",\"datePublished\":\"2025-10-27T21:54:09+00:00\",\"mainEntityOfPage\":{\"@id\":\"https:\/\/radio.fcejs.unsl.edu.ar\/index.php\/jovenes-investigadores-de-fcejs-se-preparan-para-representar-a-la-unsl-a-nivel-internacional-en-el-mes-de-noviembre\/\"},\"wordCount\":334,\"publisher\":{\"@id\":\"https:\/\/radio.fcejs.unsl.edu.ar\/#organization\"},\"image\":{\"@id\":\"https:\/\/radio.fcejs.unsl.edu.ar\/index.php\/jovenes-investigadores-de-fcejs-se-preparan-para-representar-a-la-unsl-a-nivel-internacional-en-el-mes-de-noviembre\/#primaryimage\"},\"thumbnailUrl\":\"https:\/\/radio.fcejs.unsl.edu.ar\/wp-content\/uploads\/2025\/10\/jovenes-investigadores-e1761602015285.jpeg\",\"articleSection\":[\"Entrevistas\"],\"inLanguage\":\"es-AR\"},{\"@type\":\"WebPage\",\"@id\":\"https:\/\/radio.fcejs.unsl.edu.ar\/index.php\/jovenes-investigadores-de-fcejs-se-preparan-para-representar-a-la-unsl-a-nivel-internacional-en-el-mes-de-noviembre\/\",\"url\":\"https:\/\/radio.fcejs.unsl.edu.ar\/index.php\/jovenes-investigadores-de-fcejs-se-preparan-para-representar-a-la-unsl-a-nivel-internacional-en-el-mes-de-noviembre\/\",\"name\":\"J\u00f3venes investigadores de FCEJS se preparan para representar a la UNSL a nivel internacional, en el mes de noviembre - Radio Universidad Villa Mercedes 97.5 | UNSL\",\"isPartOf\":{\"@id\":\"https:\/\/radio.fcejs.unsl.edu.ar\/#website\"},\"primaryImageOfPage\":{\"@id\":\"https:\/\/radio.fcejs.unsl.edu.ar\/index.php\/jovenes-investigadores-de-fcejs-se-preparan-para-representar-a-la-unsl-a-nivel-internacional-en-el-mes-de-noviembre\/#primaryimage\"},\"image\":{\"@id\":\"https:\/\/radio.fcejs.unsl.edu.ar\/index.php\/jovenes-investigadores-de-fcejs-se-preparan-para-representar-a-la-unsl-a-nivel-internacional-en-el-mes-de-noviembre\/#primaryimage\"},\"thumbnailUrl\":\"https:\/\/radio.fcejs.unsl.edu.ar\/wp-content\/uploads\/2025\/10\/jovenes-investigadores-e1761602015285.jpeg\",\"datePublished\":\"2025-10-27T21:54:09+00:00\",\"breadcrumb\":{\"@id\":\"https:\/\/radio.fcejs.unsl.edu.ar\/index.php\/jovenes-investigadores-de-fcejs-se-preparan-para-representar-a-la-unsl-a-nivel-internacional-en-el-mes-de-noviembre\/#breadcrumb\"},\"inLanguage\":\"es-AR\",\"potentialAction\":[{\"@type\":\"ReadAction\",\"target\":[\"https:\/\/radio.fcejs.unsl.edu.ar\/index.php\/jovenes-investigadores-de-fcejs-se-preparan-para-representar-a-la-unsl-a-nivel-internacional-en-el-mes-de-noviembre\/\"]}]},{\"@type\":\"ImageObject\",\"inLanguage\":\"es-AR\",\"@id\":\"https:\/\/radio.fcejs.unsl.edu.ar\/index.php\/jovenes-investigadores-de-fcejs-se-preparan-para-representar-a-la-unsl-a-nivel-internacional-en-el-mes-de-noviembre\/#primaryimage\",\"url\":\"https:\/\/radio.fcejs.unsl.edu.ar\/wp-content\/uploads\/2025\/10\/jovenes-investigadores-e1761602015285.jpeg\",\"contentUrl\":\"https:\/\/radio.fcejs.unsl.edu.ar\/wp-content\/uploads\/2025\/10\/jovenes-investigadores-e1761602015285.jpeg\",\"width\":1133,\"height\":565},{\"@type\":\"BreadcrumbList\",\"@id\":\"https:\/\/radio.fcejs.unsl.edu.ar\/index.php\/jovenes-investigadores-de-fcejs-se-preparan-para-representar-a-la-unsl-a-nivel-internacional-en-el-mes-de-noviembre\/#breadcrumb\",\"itemListElement\":[{\"@type\":\"ListItem\",\"position\":1,\"name\":\"Inicio\",\"item\":\"https:\/\/radio.fcejs.unsl.edu.ar\/\"},{\"@type\":\"ListItem\",\"position\":2,\"name\":\"J\u00f3venes investigadores de FCEJS se preparan para representar a la UNSL a nivel internacional, en el mes de noviembre\"}]},{\"@type\":\"WebSite\",\"@id\":\"https:\/\/radio.fcejs.unsl.edu.ar\/#website\",\"url\":\"https:\/\/radio.fcejs.unsl.edu.ar\/\",\"name\":\"Radio Universidad Villa Mercedes 97.5 | UNSL\",\"description\":\"UNSL\",\"publisher\":{\"@id\":\"https:\/\/radio.fcejs.unsl.edu.ar\/#organization\"},\"potentialAction\":[{\"@type\":\"SearchAction\",\"target\":{\"@type\":\"EntryPoint\",\"urlTemplate\":\"https:\/\/radio.fcejs.unsl.edu.ar\/?s={search_term_string}\"},\"query-input\":{\"@type\":\"PropertyValueSpecification\",\"valueRequired\":true,\"valueName\":\"search_term_string\"}}],\"inLanguage\":\"es-AR\"},{\"@type\":\"Organization\",\"@id\":\"https:\/\/radio.fcejs.unsl.edu.ar\/#organization\",\"name\":\"Radio Universidad Villa Mercedes 97.5 | UNSL\",\"url\":\"https:\/\/radio.fcejs.unsl.edu.ar\/\",\"logo\":{\"@type\":\"ImageObject\",\"inLanguage\":\"es-AR\",\"@id\":\"https:\/\/radio.fcejs.unsl.edu.ar\/#\/schema\/logo\/image\/\",\"url\":\"https:\/\/radio.fcejs.unsl.edu.ar\/wp-content\/uploads\/2023\/12\/cropped-radio-villa-mercedes-97-5.png\",\"contentUrl\":\"https:\/\/radio.fcejs.unsl.edu.ar\/wp-content\/uploads\/2023\/12\/cropped-radio-villa-mercedes-97-5.png\",\"width\":908,\"height\":289,\"caption\":\"Radio Universidad Villa Mercedes 97.5 | UNSL\"},\"image\":{\"@id\":\"https:\/\/radio.fcejs.unsl.edu.ar\/#\/schema\/logo\/image\/\"}},{\"@type\":\"Person\",\"@id\":\"https:\/\/radio.fcejs.unsl.edu.ar\/#\/schema\/person\/71179a56ee499ac8cd4e46f865c627c7\",\"name\":\"Virginia Aguilera\",\"url\":\"https:\/\/radio.fcejs.unsl.edu.ar\/index.php\/author\/viraguilera\/\"}]}<\/script>\n<!-- \/ Yoast SEO plugin. -->","yoast_head_json":{"title":"J\u00f3venes investigadores de FCEJS se preparan para representar a la UNSL a nivel internacional, en el mes de noviembre - Radio Universidad Villa Mercedes 97.5 | UNSL","robots":{"index":"index","follow":"follow","max-snippet":"max-snippet:-1","max-image-preview":"max-image-preview:large","max-video-preview":"max-video-preview:-1"},"canonical":"https:\/\/radio.fcejs.unsl.edu.ar\/index.php\/jovenes-investigadores-de-fcejs-se-preparan-para-representar-a-la-unsl-a-nivel-internacional-en-el-mes-de-noviembre\/","og_locale":"es_ES","og_type":"article","og_title":"J\u00f3venes investigadores de FCEJS se preparan para representar a la UNSL a nivel internacional, en el mes de noviembre - Radio Universidad Villa Mercedes 97.5 | UNSL","og_description":"Rodrigo Iglesias y Mar\u00eda Agustina Puebla representar\u00e1n a la UNSL a nivel Internacional en la XXXII Jornadas de J\u00f3venes Investigadores (JJI) de la Asociaci\u00f3n de Universidades Grupo Montevideo (AUGM), a realizarse los d\u00edas 5, 6 y 7 de noviembre en la Universidad Nacional de Tucum\u00e1n (UNT), bajo la consigna: La educaci\u00f3n y la ciencia transforman...","og_url":"https:\/\/radio.fcejs.unsl.edu.ar\/index.php\/jovenes-investigadores-de-fcejs-se-preparan-para-representar-a-la-unsl-a-nivel-internacional-en-el-mes-de-noviembre\/","og_site_name":"Radio Universidad Villa Mercedes 97.5 | UNSL","article_published_time":"2025-10-27T21:54:09+00:00","og_image":[{"width":1133,"height":565,"url":"http:\/\/radio.fcejs.unsl.edu.ar\/wp-content\/uploads\/2025\/10\/jovenes-investigadores-e1761602015285.jpeg","type":"image\/jpeg"}],"author":"Virginia Aguilera","twitter_card":"summary_large_image","twitter_misc":{"Escrito por":"Virginia Aguilera","Tiempo de lectura":"2 minutos"},"schema":{"@context":"https:\/\/schema.org","@graph":[{"@type":"Article","@id":"https:\/\/radio.fcejs.unsl.edu.ar\/index.php\/jovenes-investigadores-de-fcejs-se-preparan-para-representar-a-la-unsl-a-nivel-internacional-en-el-mes-de-noviembre\/#article","isPartOf":{"@id":"https:\/\/radio.fcejs.unsl.edu.ar\/index.php\/jovenes-investigadores-de-fcejs-se-preparan-para-representar-a-la-unsl-a-nivel-internacional-en-el-mes-de-noviembre\/"},"author":{"name":"Virginia Aguilera","@id":"https:\/\/radio.fcejs.unsl.edu.ar\/#\/schema\/person\/71179a56ee499ac8cd4e46f865c627c7"},"headline":"J\u00f3venes investigadores de FCEJS se preparan para representar a la UNSL a nivel internacional, en el mes de noviembre","datePublished":"2025-10-27T21:54:09+00:00","mainEntityOfPage":{"@id":"https:\/\/radio.fcejs.unsl.edu.ar\/index.php\/jovenes-investigadores-de-fcejs-se-preparan-para-representar-a-la-unsl-a-nivel-internacional-en-el-mes-de-noviembre\/"},"wordCount":334,"publisher":{"@id":"https:\/\/radio.fcejs.unsl.edu.ar\/#organization"},"image":{"@id":"https:\/\/radio.fcejs.unsl.edu.ar\/index.php\/jovenes-investigadores-de-fcejs-se-preparan-para-representar-a-la-unsl-a-nivel-internacional-en-el-mes-de-noviembre\/#primaryimage"},"thumbnailUrl":"https:\/\/radio.fcejs.unsl.edu.ar\/wp-content\/uploads\/2025\/10\/jovenes-investigadores-e1761602015285.jpeg","articleSection":["Entrevistas"],"inLanguage":"es-AR"},{"@type":"WebPage","@id":"https:\/\/radio.fcejs.unsl.edu.ar\/index.php\/jovenes-investigadores-de-fcejs-se-preparan-para-representar-a-la-unsl-a-nivel-internacional-en-el-mes-de-noviembre\/","url":"https:\/\/radio.fcejs.unsl.edu.ar\/index.php\/jovenes-investigadores-de-fcejs-se-preparan-para-representar-a-la-unsl-a-nivel-internacional-en-el-mes-de-noviembre\/","name":"J\u00f3venes investigadores de FCEJS se preparan para representar a la UNSL a nivel internacional, en el mes de noviembre - Radio Universidad Villa Mercedes 97.5 | UNSL","isPartOf":{"@id":"https:\/\/radio.fcejs.unsl.edu.ar\/#website"},"primaryImageOfPage":{"@id":"https:\/\/radio.fcejs.unsl.edu.ar\/index.php\/jovenes-investigadores-de-fcejs-se-preparan-para-representar-a-la-unsl-a-nivel-internacional-en-el-mes-de-noviembre\/#primaryimage"},"image":{"@id":"https:\/\/radio.fcejs.unsl.edu.ar\/index.php\/jovenes-investigadores-de-fcejs-se-preparan-para-representar-a-la-unsl-a-nivel-internacional-en-el-mes-de-noviembre\/#primaryimage"},"thumbnailUrl":"https:\/\/radio.fcejs.unsl.edu.ar\/wp-content\/uploads\/2025\/10\/jovenes-investigadores-e1761602015285.jpeg","datePublished":"2025-10-27T21:54:09+00:00","breadcrumb":{"@id":"https:\/\/radio.fcejs.unsl.edu.ar\/index.php\/jovenes-investigadores-de-fcejs-se-preparan-para-representar-a-la-unsl-a-nivel-internacional-en-el-mes-de-noviembre\/#breadcrumb"},"inLanguage":"es-AR","potentialAction":[{"@type":"ReadAction","target":["https:\/\/radio.fcejs.unsl.edu.ar\/index.php\/jovenes-investigadores-de-fcejs-se-preparan-para-representar-a-la-unsl-a-nivel-internacional-en-el-mes-de-noviembre\/"]}]},{"@type":"ImageObject","inLanguage":"es-AR","@id":"https:\/\/radio.fcejs.unsl.edu.ar\/index.php\/jovenes-investigadores-de-fcejs-se-preparan-para-representar-a-la-unsl-a-nivel-internacional-en-el-mes-de-noviembre\/#primaryimage","url":"https:\/\/radio.fcejs.unsl.edu.ar\/wp-content\/uploads\/2025\/10\/jovenes-investigadores-e1761602015285.jpeg","contentUrl":"https:\/\/radio.fcejs.unsl.edu.ar\/wp-content\/uploads\/2025\/10\/jovenes-investigadores-e1761602015285.jpeg","width":1133,"height":565},{"@type":"BreadcrumbList","@id":"https:\/\/radio.fcejs.unsl.edu.ar\/index.php\/jovenes-investigadores-de-fcejs-se-preparan-para-representar-a-la-unsl-a-nivel-internacional-en-el-mes-de-noviembre\/#breadcrumb","itemListElement":[{"@type":"ListItem","position":1,"name":"Inicio","item":"https:\/\/radio.fcejs.unsl.edu.ar\/"},{"@type":"ListItem","position":2,"name":"J\u00f3venes investigadores de FCEJS se preparan para representar a la UNSL a nivel internacional, en el mes de noviembre"}]},{"@type":"WebSite","@id":"https:\/\/radio.fcejs.unsl.edu.ar\/#website","url":"https:\/\/radio.fcejs.unsl.edu.ar\/","name":"Radio Universidad Villa Mercedes 97.5 | UNSL","description":"UNSL","publisher":{"@id":"https:\/\/radio.fcejs.unsl.edu.ar\/#organization"},"potentialAction":[{"@type":"SearchAction","target":{"@type":"EntryPoint","urlTemplate":"https:\/\/radio.fcejs.unsl.edu.ar\/?s={search_term_string}"},"query-input":{"@type":"PropertyValueSpecification","valueRequired":true,"valueName":"search_term_string"}}],"inLanguage":"es-AR"},{"@type":"Organization","@id":"https:\/\/radio.fcejs.unsl.edu.ar\/#organization","name":"Radio Universidad Villa Mercedes 97.5 | UNSL","url":"https:\/\/radio.fcejs.unsl.edu.ar\/","logo":{"@type":"ImageObject","inLanguage":"es-AR","@id":"https:\/\/radio.fcejs.unsl.edu.ar\/#\/schema\/logo\/image\/","url":"https:\/\/radio.fcejs.unsl.edu.ar\/wp-content\/uploads\/2023\/12\/cropped-radio-villa-mercedes-97-5.png","contentUrl":"https:\/\/radio.fcejs.unsl.edu.ar\/wp-content\/uploads\/2023\/12\/cropped-radio-villa-mercedes-97-5.png","width":908,"height":289,"caption":"Radio Universidad Villa Mercedes 97.5 | UNSL"},"image":{"@id":"https:\/\/radio.fcejs.unsl.edu.ar\/#\/schema\/logo\/image\/"}},{"@type":"Person","@id":"https:\/\/radio.fcejs.unsl.edu.ar\/#\/schema\/person\/71179a56ee499ac8cd4e46f865c627c7","name":"Virginia Aguilera","url":"https:\/\/radio.fcejs.unsl.edu.ar\/index.php\/author\/viraguilera\/"}]}},"_links":{"self":[{"href":"https:\/\/radio.fcejs.unsl.edu.ar\/index.php\/wp-json\/wp\/v2\/posts\/3575","targetHints":{"allow":["GET"]}}],"collection":[{"href":"https:\/\/radio.fcejs.unsl.edu.ar\/index.php\/wp-json\/wp\/v2\/posts"}],"about":[{"href":"https:\/\/radio.fcejs.unsl.edu.ar\/index.php\/wp-json\/wp\/v2\/types\/post"}],"author":[{"embeddable":true,"href":"https:\/\/radio.fcejs.unsl.edu.ar\/index.php\/wp-json\/wp\/v2\/users\/5"}],"replies":[{"embeddable":true,"href":"https:\/\/radio.fcejs.unsl.edu.ar\/index.php\/wp-json\/wp\/v2\/comments?post=3575"}],"version-history":[{"count":2,"href":"https:\/\/radio.fcejs.unsl.edu.ar\/index.php\/wp-json\/wp\/v2\/posts\/3575\/revisions"}],"predecessor-version":[{"id":3578,"href":"https:\/\/radio.fcejs.unsl.edu.ar\/index.php\/wp-json\/wp\/v2\/posts\/3575\/revisions\/3578"}],"wp:featuredmedia":[{"embeddable":true,"href":"https:\/\/radio.fcejs.unsl.edu.ar\/index.php\/wp-json\/wp\/v2\/media\/3576"}],"wp:attachment":[{"href":"https:\/\/radio.fcejs.unsl.edu.ar\/index.php\/wp-json\/wp\/v2\/media?parent=3575"}],"wp:term":[{"taxonomy":"category","embeddable":true,"href":"https:\/\/radio.fcejs.unsl.edu.ar\/index.php\/wp-json\/wp\/v2\/categories?post=3575"},{"taxonomy":"post_tag","embeddable":true,"href":"https:\/\/radio.fcejs.unsl.edu.ar\/index.php\/wp-json\/wp\/v2\/tags?post=3575"}],"curies":[{"name":"wp","href":"https:\/\/api.w.org\/{rel}","templated":true}]}}