{"id":3540,"date":"2025-10-16T13:39:55","date_gmt":"2025-10-16T16:39:55","guid":{"rendered":"https:\/\/radio.fcejs.unsl.edu.ar\/?p=3540"},"modified":"2025-10-16T13:39:55","modified_gmt":"2025-10-16T16:39:55","slug":"estudiantes-de-la-escuela-normal-visitaron-la-fcejs-en-una-jornada-de-integracion-educativa","status":"publish","type":"post","link":"https:\/\/radio.fcejs.unsl.edu.ar\/index.php\/estudiantes-de-la-escuela-normal-visitaron-la-fcejs-en-una-jornada-de-integracion-educativa\/","title":{"rendered":"Estudiantes de la Escuela Normal visitaron la FCEJS en una jornada de integraci\u00f3n educativa"},"content":{"rendered":"<p data-start=\"297\" data-end=\"676\"><strong>En di\u00e1logo con <em data-start=\"312\" data-end=\"330\">Radio UNSL Villa Mercedes 97.5 FM<\/em>, Diana Caviedes, coordinadora de la Unidad de Gesti\u00f3n de Programas Especiales (UGPE), coment\u00f3 sobre la visita de estudiantes de quinto y sexto a\u00f1o del Bachiller Administrativo de la Escuela Normal \u201cJuan Pascual Pringles\u201d a la Facultad de Ciencias Econ\u00f3micas, Jur\u00eddicas y Sociales (FCEJS) de la Universidad Nacional de San Luis.<\/strong><\/p>\n<h6 data-start=\"297\" data-end=\"676\">Entrevista completa:<\/h6>\n<audio class=\"wp-audio-shortcode\" id=\"audio-3540-1\" preload=\"none\" style=\"width: 100%;\" controls=\"controls\"><source type=\"audio\/mpeg\" src=\"https:\/\/radioupload.fica.unsl.edu.ar\/files\/jb\/AQNeDFILa_f55U8wUApMIbiCNOZ-AleIbES3dJGIVY9CyacMxjsgo40-uqFuk5AUI6R0zxHrWdU6vrtLqO3ScaHplzIG7Kn5VERLVJ4.mp3?_=1\" \/><a href=\"https:\/\/radioupload.fica.unsl.edu.ar\/files\/jb\/AQNeDFILa_f55U8wUApMIbiCNOZ-AleIbES3dJGIVY9CyacMxjsgo40-uqFuk5AUI6R0zxHrWdU6vrtLqO3ScaHplzIG7Kn5VERLVJ4.mp3\">https:\/\/radioupload.fica.unsl.edu.ar\/files\/jb\/AQNeDFILa_f55U8wUApMIbiCNOZ-AleIbES3dJGIVY9CyacMxjsgo40-uqFuk5AUI6R0zxHrWdU6vrtLqO3ScaHplzIG7Kn5VERLVJ4.mp3<\/a><\/audio>\n<p data-start=\"678\" data-end=\"1025\">La jornada incluy\u00f3 <strong data-start=\"697\" data-end=\"748\">talleres sobre econom\u00eda social y cooperativismo<\/strong>, <strong data-start=\"750\" data-end=\"775\">actividades pr\u00e1cticas<\/strong> en el <strong data-start=\"782\" data-end=\"862\">Instituto Escuela de Econom\u00eda, Negocios y Transferencia Tecnol\u00f3gica (EENyTT)<\/strong> y un <strong data-start=\"868\" data-end=\"928\">recorrido por las instalaciones del campus universitario<\/strong>, donde los j\u00f3venes pudieron conocer de cerca la din\u00e1mica acad\u00e9mica y el entorno institucional.<\/p>\n<p data-start=\"1291\" data-end=\"1543\">La iniciativa forma parte de las acciones de extensi\u00f3n y vinculaci\u00f3n de la FCEJS, orientadas a promover la continuidad educativa y generar experiencias significativas para las y los estudiantes que est\u00e1n pr\u00f3ximos a iniciar su formaci\u00f3n universitaria.<\/p>\n<pre data-start=\"2165\" data-end=\"2236\"><strong>Conducci\u00f3n: Mat\u00edas E. Videla | Radio UNSL Villa Mercedes 97.5 FM\r\nOperaci\u00f3n T\u00e9cnica: Mart\u00edn Pagliero<\/strong><\/pre>\n<p data-start=\"1545\" data-end=\"1666\">\n","protected":false},"excerpt":{"rendered":"<p>En di\u00e1logo con Radio UNSL Villa Mercedes 97.5 FM, Diana Caviedes, coordinadora de la Unidad de Gesti\u00f3n de Programas Especiales (UGPE), coment\u00f3 sobre la visita de estudiantes de quinto y sexto a\u00f1o del Bachiller Administrativo de la Escuela Normal \u201cJuan Pascual Pringles\u201d a la Facultad de Ciencias Econ\u00f3micas, Jur\u00eddicas y Sociales (FCEJS) de la Universidad&#8230;<\/p>\n","protected":false},"author":7,"featured_media":3541,"comment_status":"closed","ping_status":"closed","sticky":false,"template":"","format":"standard","meta":{"_kad_post_transparent":"default","_kad_post_title":"default","_kad_post_layout":"default","_kad_post_sidebar_id":"","_kad_post_content_style":"default","_kad_post_vertical_padding":"default","_kad_post_feature":"","_kad_post_feature_position":"","_kad_post_header":false,"_kad_post_footer":false,"_kad_post_classname":"","footnotes":""},"categories":[14,1],"tags":[],"class_list":["post-3540","post","type-post","status-publish","format-standard","has-post-thumbnail","hentry","category-entrevistas","category-noticias"],"yoast_head":"<!-- This site is optimized with the Yoast SEO plugin v27.2 - https:\/\/yoast.com\/product\/yoast-seo-wordpress\/ -->\n<title>Estudiantes de la Escuela Normal visitaron la FCEJS en una jornada de integraci\u00f3n educativa - Radio Universidad Villa Mercedes 97.5 | UNSL<\/title>\n<meta name=\"robots\" content=\"index, follow, max-snippet:-1, max-image-preview:large, max-video-preview:-1\" \/>\n<link rel=\"canonical\" href=\"https:\/\/radio.fcejs.unsl.edu.ar\/index.php\/estudiantes-de-la-escuela-normal-visitaron-la-fcejs-en-una-jornada-de-integracion-educativa\/\" \/>\n<meta property=\"og:locale\" content=\"es_ES\" \/>\n<meta property=\"og:type\" content=\"article\" \/>\n<meta property=\"og:title\" content=\"Estudiantes de la Escuela Normal visitaron la FCEJS en una jornada de integraci\u00f3n educativa - Radio Universidad Villa Mercedes 97.5 | UNSL\" \/>\n<meta property=\"og:description\" content=\"En di\u00e1logo con Radio UNSL Villa Mercedes 97.5 FM, Diana Caviedes, coordinadora de la Unidad de Gesti\u00f3n de Programas Especiales (UGPE), coment\u00f3 sobre la visita de estudiantes de quinto y sexto a\u00f1o del Bachiller Administrativo de la Escuela Normal \u201cJuan Pascual Pringles\u201d a la Facultad de Ciencias Econ\u00f3micas, Jur\u00eddicas y Sociales (FCEJS) de la Universidad...\" \/>\n<meta property=\"og:url\" content=\"https:\/\/radio.fcejs.unsl.edu.ar\/index.php\/estudiantes-de-la-escuela-normal-visitaron-la-fcejs-en-una-jornada-de-integracion-educativa\/\" \/>\n<meta property=\"og:site_name\" content=\"Radio Universidad Villa Mercedes 97.5 | UNSL\" \/>\n<meta property=\"article:published_time\" content=\"2025-10-16T16:39:55+00:00\" \/>\n<meta property=\"og:image\" content=\"http:\/\/radio.fcejs.unsl.edu.ar\/wp-content\/uploads\/2025\/10\/visita-mista-fcejs-front.jpg\" \/>\n\t<meta property=\"og:image:width\" content=\"1152\" \/>\n\t<meta property=\"og:image:height\" content=\"647\" \/>\n\t<meta property=\"og:image:type\" content=\"image\/jpeg\" \/>\n<meta name=\"author\" content=\"Matias Videla\" \/>\n<meta name=\"twitter:card\" content=\"summary_large_image\" \/>\n<meta name=\"twitter:label1\" content=\"Escrito por\" \/>\n\t<meta name=\"twitter:data1\" content=\"Matias Videla\" \/>\n\t<meta name=\"twitter:label2\" content=\"Tiempo de lectura\" \/>\n\t<meta name=\"twitter:data2\" content=\"1 minuto\" \/>\n<script type=\"application\/ld+json\" class=\"yoast-schema-graph\">{\"@context\":\"https:\/\/schema.org\",\"@graph\":[{\"@type\":\"Article\",\"@id\":\"https:\/\/radio.fcejs.unsl.edu.ar\/index.php\/estudiantes-de-la-escuela-normal-visitaron-la-fcejs-en-una-jornada-de-integracion-educativa\/#article\",\"isPartOf\":{\"@id\":\"https:\/\/radio.fcejs.unsl.edu.ar\/index.php\/estudiantes-de-la-escuela-normal-visitaron-la-fcejs-en-una-jornada-de-integracion-educativa\/\"},\"author\":{\"name\":\"Matias Videla\",\"@id\":\"https:\/\/radio.fcejs.unsl.edu.ar\/#\/schema\/person\/acc8fccb15174977a9a97c2c6c9a046e\"},\"headline\":\"Estudiantes de la Escuela Normal visitaron la FCEJS en una jornada de integraci\u00f3n educativa\",\"datePublished\":\"2025-10-16T16:39:55+00:00\",\"mainEntityOfPage\":{\"@id\":\"https:\/\/radio.fcejs.unsl.edu.ar\/index.php\/estudiantes-de-la-escuela-normal-visitaron-la-fcejs-en-una-jornada-de-integracion-educativa\/\"},\"wordCount\":197,\"publisher\":{\"@id\":\"https:\/\/radio.fcejs.unsl.edu.ar\/#organization\"},\"image\":{\"@id\":\"https:\/\/radio.fcejs.unsl.edu.ar\/index.php\/estudiantes-de-la-escuela-normal-visitaron-la-fcejs-en-una-jornada-de-integracion-educativa\/#primaryimage\"},\"thumbnailUrl\":\"https:\/\/radio.fcejs.unsl.edu.ar\/wp-content\/uploads\/2025\/10\/visita-mista-fcejs-front.jpg\",\"articleSection\":[\"Entrevistas\",\"Noticias\"],\"inLanguage\":\"es-AR\"},{\"@type\":\"WebPage\",\"@id\":\"https:\/\/radio.fcejs.unsl.edu.ar\/index.php\/estudiantes-de-la-escuela-normal-visitaron-la-fcejs-en-una-jornada-de-integracion-educativa\/\",\"url\":\"https:\/\/radio.fcejs.unsl.edu.ar\/index.php\/estudiantes-de-la-escuela-normal-visitaron-la-fcejs-en-una-jornada-de-integracion-educativa\/\",\"name\":\"Estudiantes de la Escuela Normal visitaron la FCEJS en una jornada de integraci\u00f3n educativa - Radio Universidad Villa Mercedes 97.5 | UNSL\",\"isPartOf\":{\"@id\":\"https:\/\/radio.fcejs.unsl.edu.ar\/#website\"},\"primaryImageOfPage\":{\"@id\":\"https:\/\/radio.fcejs.unsl.edu.ar\/index.php\/estudiantes-de-la-escuela-normal-visitaron-la-fcejs-en-una-jornada-de-integracion-educativa\/#primaryimage\"},\"image\":{\"@id\":\"https:\/\/radio.fcejs.unsl.edu.ar\/index.php\/estudiantes-de-la-escuela-normal-visitaron-la-fcejs-en-una-jornada-de-integracion-educativa\/#primaryimage\"},\"thumbnailUrl\":\"https:\/\/radio.fcejs.unsl.edu.ar\/wp-content\/uploads\/2025\/10\/visita-mista-fcejs-front.jpg\",\"datePublished\":\"2025-10-16T16:39:55+00:00\",\"breadcrumb\":{\"@id\":\"https:\/\/radio.fcejs.unsl.edu.ar\/index.php\/estudiantes-de-la-escuela-normal-visitaron-la-fcejs-en-una-jornada-de-integracion-educativa\/#breadcrumb\"},\"inLanguage\":\"es-AR\",\"potentialAction\":[{\"@type\":\"ReadAction\",\"target\":[\"https:\/\/radio.fcejs.unsl.edu.ar\/index.php\/estudiantes-de-la-escuela-normal-visitaron-la-fcejs-en-una-jornada-de-integracion-educativa\/\"]}]},{\"@type\":\"ImageObject\",\"inLanguage\":\"es-AR\",\"@id\":\"https:\/\/radio.fcejs.unsl.edu.ar\/index.php\/estudiantes-de-la-escuela-normal-visitaron-la-fcejs-en-una-jornada-de-integracion-educativa\/#primaryimage\",\"url\":\"https:\/\/radio.fcejs.unsl.edu.ar\/wp-content\/uploads\/2025\/10\/visita-mista-fcejs-front.jpg\",\"contentUrl\":\"https:\/\/radio.fcejs.unsl.edu.ar\/wp-content\/uploads\/2025\/10\/visita-mista-fcejs-front.jpg\",\"width\":1152,\"height\":647},{\"@type\":\"BreadcrumbList\",\"@id\":\"https:\/\/radio.fcejs.unsl.edu.ar\/index.php\/estudiantes-de-la-escuela-normal-visitaron-la-fcejs-en-una-jornada-de-integracion-educativa\/#breadcrumb\",\"itemListElement\":[{\"@type\":\"ListItem\",\"position\":1,\"name\":\"Inicio\",\"item\":\"https:\/\/radio.fcejs.unsl.edu.ar\/\"},{\"@type\":\"ListItem\",\"position\":2,\"name\":\"Estudiantes de la Escuela Normal visitaron la FCEJS en una jornada de integraci\u00f3n educativa\"}]},{\"@type\":\"WebSite\",\"@id\":\"https:\/\/radio.fcejs.unsl.edu.ar\/#website\",\"url\":\"https:\/\/radio.fcejs.unsl.edu.ar\/\",\"name\":\"Radio Universidad Villa Mercedes 97.5 | UNSL\",\"description\":\"UNSL\",\"publisher\":{\"@id\":\"https:\/\/radio.fcejs.unsl.edu.ar\/#organization\"},\"potentialAction\":[{\"@type\":\"SearchAction\",\"target\":{\"@type\":\"EntryPoint\",\"urlTemplate\":\"https:\/\/radio.fcejs.unsl.edu.ar\/?s={search_term_string}\"},\"query-input\":{\"@type\":\"PropertyValueSpecification\",\"valueRequired\":true,\"valueName\":\"search_term_string\"}}],\"inLanguage\":\"es-AR\"},{\"@type\":\"Organization\",\"@id\":\"https:\/\/radio.fcejs.unsl.edu.ar\/#organization\",\"name\":\"Radio Universidad Villa Mercedes 97.5 | UNSL\",\"url\":\"https:\/\/radio.fcejs.unsl.edu.ar\/\",\"logo\":{\"@type\":\"ImageObject\",\"inLanguage\":\"es-AR\",\"@id\":\"https:\/\/radio.fcejs.unsl.edu.ar\/#\/schema\/logo\/image\/\",\"url\":\"https:\/\/radio.fcejs.unsl.edu.ar\/wp-content\/uploads\/2023\/12\/cropped-radio-villa-mercedes-97-5.png\",\"contentUrl\":\"https:\/\/radio.fcejs.unsl.edu.ar\/wp-content\/uploads\/2023\/12\/cropped-radio-villa-mercedes-97-5.png\",\"width\":908,\"height\":289,\"caption\":\"Radio Universidad Villa Mercedes 97.5 | UNSL\"},\"image\":{\"@id\":\"https:\/\/radio.fcejs.unsl.edu.ar\/#\/schema\/logo\/image\/\"}},{\"@type\":\"Person\",\"@id\":\"https:\/\/radio.fcejs.unsl.edu.ar\/#\/schema\/person\/acc8fccb15174977a9a97c2c6c9a046e\",\"name\":\"Matias Videla\",\"url\":\"https:\/\/radio.fcejs.unsl.edu.ar\/index.php\/author\/mvidela\/\"}]}<\/script>\n<!-- \/ Yoast SEO plugin. -->","yoast_head_json":{"title":"Estudiantes de la Escuela Normal visitaron la FCEJS en una jornada de integraci\u00f3n educativa - Radio Universidad Villa Mercedes 97.5 | UNSL","robots":{"index":"index","follow":"follow","max-snippet":"max-snippet:-1","max-image-preview":"max-image-preview:large","max-video-preview":"max-video-preview:-1"},"canonical":"https:\/\/radio.fcejs.unsl.edu.ar\/index.php\/estudiantes-de-la-escuela-normal-visitaron-la-fcejs-en-una-jornada-de-integracion-educativa\/","og_locale":"es_ES","og_type":"article","og_title":"Estudiantes de la Escuela Normal visitaron la FCEJS en una jornada de integraci\u00f3n educativa - Radio Universidad Villa Mercedes 97.5 | UNSL","og_description":"En di\u00e1logo con Radio UNSL Villa Mercedes 97.5 FM, Diana Caviedes, coordinadora de la Unidad de Gesti\u00f3n de Programas Especiales (UGPE), coment\u00f3 sobre la visita de estudiantes de quinto y sexto a\u00f1o del Bachiller Administrativo de la Escuela Normal \u201cJuan Pascual Pringles\u201d a la Facultad de Ciencias Econ\u00f3micas, Jur\u00eddicas y Sociales (FCEJS) de la Universidad...","og_url":"https:\/\/radio.fcejs.unsl.edu.ar\/index.php\/estudiantes-de-la-escuela-normal-visitaron-la-fcejs-en-una-jornada-de-integracion-educativa\/","og_site_name":"Radio Universidad Villa Mercedes 97.5 | UNSL","article_published_time":"2025-10-16T16:39:55+00:00","og_image":[{"width":1152,"height":647,"url":"http:\/\/radio.fcejs.unsl.edu.ar\/wp-content\/uploads\/2025\/10\/visita-mista-fcejs-front.jpg","type":"image\/jpeg"}],"author":"Matias Videla","twitter_card":"summary_large_image","twitter_misc":{"Escrito por":"Matias Videla","Tiempo de lectura":"1 minuto"},"schema":{"@context":"https:\/\/schema.org","@graph":[{"@type":"Article","@id":"https:\/\/radio.fcejs.unsl.edu.ar\/index.php\/estudiantes-de-la-escuela-normal-visitaron-la-fcejs-en-una-jornada-de-integracion-educativa\/#article","isPartOf":{"@id":"https:\/\/radio.fcejs.unsl.edu.ar\/index.php\/estudiantes-de-la-escuela-normal-visitaron-la-fcejs-en-una-jornada-de-integracion-educativa\/"},"author":{"name":"Matias Videla","@id":"https:\/\/radio.fcejs.unsl.edu.ar\/#\/schema\/person\/acc8fccb15174977a9a97c2c6c9a046e"},"headline":"Estudiantes de la Escuela Normal visitaron la FCEJS en una jornada de integraci\u00f3n educativa","datePublished":"2025-10-16T16:39:55+00:00","mainEntityOfPage":{"@id":"https:\/\/radio.fcejs.unsl.edu.ar\/index.php\/estudiantes-de-la-escuela-normal-visitaron-la-fcejs-en-una-jornada-de-integracion-educativa\/"},"wordCount":197,"publisher":{"@id":"https:\/\/radio.fcejs.unsl.edu.ar\/#organization"},"image":{"@id":"https:\/\/radio.fcejs.unsl.edu.ar\/index.php\/estudiantes-de-la-escuela-normal-visitaron-la-fcejs-en-una-jornada-de-integracion-educativa\/#primaryimage"},"thumbnailUrl":"https:\/\/radio.fcejs.unsl.edu.ar\/wp-content\/uploads\/2025\/10\/visita-mista-fcejs-front.jpg","articleSection":["Entrevistas","Noticias"],"inLanguage":"es-AR"},{"@type":"WebPage","@id":"https:\/\/radio.fcejs.unsl.edu.ar\/index.php\/estudiantes-de-la-escuela-normal-visitaron-la-fcejs-en-una-jornada-de-integracion-educativa\/","url":"https:\/\/radio.fcejs.unsl.edu.ar\/index.php\/estudiantes-de-la-escuela-normal-visitaron-la-fcejs-en-una-jornada-de-integracion-educativa\/","name":"Estudiantes de la Escuela Normal visitaron la FCEJS en una jornada de integraci\u00f3n educativa - Radio Universidad Villa Mercedes 97.5 | UNSL","isPartOf":{"@id":"https:\/\/radio.fcejs.unsl.edu.ar\/#website"},"primaryImageOfPage":{"@id":"https:\/\/radio.fcejs.unsl.edu.ar\/index.php\/estudiantes-de-la-escuela-normal-visitaron-la-fcejs-en-una-jornada-de-integracion-educativa\/#primaryimage"},"image":{"@id":"https:\/\/radio.fcejs.unsl.edu.ar\/index.php\/estudiantes-de-la-escuela-normal-visitaron-la-fcejs-en-una-jornada-de-integracion-educativa\/#primaryimage"},"thumbnailUrl":"https:\/\/radio.fcejs.unsl.edu.ar\/wp-content\/uploads\/2025\/10\/visita-mista-fcejs-front.jpg","datePublished":"2025-10-16T16:39:55+00:00","breadcrumb":{"@id":"https:\/\/radio.fcejs.unsl.edu.ar\/index.php\/estudiantes-de-la-escuela-normal-visitaron-la-fcejs-en-una-jornada-de-integracion-educativa\/#breadcrumb"},"inLanguage":"es-AR","potentialAction":[{"@type":"ReadAction","target":["https:\/\/radio.fcejs.unsl.edu.ar\/index.php\/estudiantes-de-la-escuela-normal-visitaron-la-fcejs-en-una-jornada-de-integracion-educativa\/"]}]},{"@type":"ImageObject","inLanguage":"es-AR","@id":"https:\/\/radio.fcejs.unsl.edu.ar\/index.php\/estudiantes-de-la-escuela-normal-visitaron-la-fcejs-en-una-jornada-de-integracion-educativa\/#primaryimage","url":"https:\/\/radio.fcejs.unsl.edu.ar\/wp-content\/uploads\/2025\/10\/visita-mista-fcejs-front.jpg","contentUrl":"https:\/\/radio.fcejs.unsl.edu.ar\/wp-content\/uploads\/2025\/10\/visita-mista-fcejs-front.jpg","width":1152,"height":647},{"@type":"BreadcrumbList","@id":"https:\/\/radio.fcejs.unsl.edu.ar\/index.php\/estudiantes-de-la-escuela-normal-visitaron-la-fcejs-en-una-jornada-de-integracion-educativa\/#breadcrumb","itemListElement":[{"@type":"ListItem","position":1,"name":"Inicio","item":"https:\/\/radio.fcejs.unsl.edu.ar\/"},{"@type":"ListItem","position":2,"name":"Estudiantes de la Escuela Normal visitaron la FCEJS en una jornada de integraci\u00f3n educativa"}]},{"@type":"WebSite","@id":"https:\/\/radio.fcejs.unsl.edu.ar\/#website","url":"https:\/\/radio.fcejs.unsl.edu.ar\/","name":"Radio Universidad Villa Mercedes 97.5 | UNSL","description":"UNSL","publisher":{"@id":"https:\/\/radio.fcejs.unsl.edu.ar\/#organization"},"potentialAction":[{"@type":"SearchAction","target":{"@type":"EntryPoint","urlTemplate":"https:\/\/radio.fcejs.unsl.edu.ar\/?s={search_term_string}"},"query-input":{"@type":"PropertyValueSpecification","valueRequired":true,"valueName":"search_term_string"}}],"inLanguage":"es-AR"},{"@type":"Organization","@id":"https:\/\/radio.fcejs.unsl.edu.ar\/#organization","name":"Radio Universidad Villa Mercedes 97.5 | UNSL","url":"https:\/\/radio.fcejs.unsl.edu.ar\/","logo":{"@type":"ImageObject","inLanguage":"es-AR","@id":"https:\/\/radio.fcejs.unsl.edu.ar\/#\/schema\/logo\/image\/","url":"https:\/\/radio.fcejs.unsl.edu.ar\/wp-content\/uploads\/2023\/12\/cropped-radio-villa-mercedes-97-5.png","contentUrl":"https:\/\/radio.fcejs.unsl.edu.ar\/wp-content\/uploads\/2023\/12\/cropped-radio-villa-mercedes-97-5.png","width":908,"height":289,"caption":"Radio Universidad Villa Mercedes 97.5 | UNSL"},"image":{"@id":"https:\/\/radio.fcejs.unsl.edu.ar\/#\/schema\/logo\/image\/"}},{"@type":"Person","@id":"https:\/\/radio.fcejs.unsl.edu.ar\/#\/schema\/person\/acc8fccb15174977a9a97c2c6c9a046e","name":"Matias Videla","url":"https:\/\/radio.fcejs.unsl.edu.ar\/index.php\/author\/mvidela\/"}]}},"_links":{"self":[{"href":"https:\/\/radio.fcejs.unsl.edu.ar\/index.php\/wp-json\/wp\/v2\/posts\/3540","targetHints":{"allow":["GET"]}}],"collection":[{"href":"https:\/\/radio.fcejs.unsl.edu.ar\/index.php\/wp-json\/wp\/v2\/posts"}],"about":[{"href":"https:\/\/radio.fcejs.unsl.edu.ar\/index.php\/wp-json\/wp\/v2\/types\/post"}],"author":[{"embeddable":true,"href":"https:\/\/radio.fcejs.unsl.edu.ar\/index.php\/wp-json\/wp\/v2\/users\/7"}],"replies":[{"embeddable":true,"href":"https:\/\/radio.fcejs.unsl.edu.ar\/index.php\/wp-json\/wp\/v2\/comments?post=3540"}],"version-history":[{"count":1,"href":"https:\/\/radio.fcejs.unsl.edu.ar\/index.php\/wp-json\/wp\/v2\/posts\/3540\/revisions"}],"predecessor-version":[{"id":3542,"href":"https:\/\/radio.fcejs.unsl.edu.ar\/index.php\/wp-json\/wp\/v2\/posts\/3540\/revisions\/3542"}],"wp:featuredmedia":[{"embeddable":true,"href":"https:\/\/radio.fcejs.unsl.edu.ar\/index.php\/wp-json\/wp\/v2\/media\/3541"}],"wp:attachment":[{"href":"https:\/\/radio.fcejs.unsl.edu.ar\/index.php\/wp-json\/wp\/v2\/media?parent=3540"}],"wp:term":[{"taxonomy":"category","embeddable":true,"href":"https:\/\/radio.fcejs.unsl.edu.ar\/index.php\/wp-json\/wp\/v2\/categories?post=3540"},{"taxonomy":"post_tag","embeddable":true,"href":"https:\/\/radio.fcejs.unsl.edu.ar\/index.php\/wp-json\/wp\/v2\/tags?post=3540"}],"curies":[{"name":"wp","href":"https:\/\/api.w.org\/{rel}","templated":true}]}}