{"id":3523,"date":"2025-10-14T21:00:14","date_gmt":"2025-10-15T00:00:14","guid":{"rendered":"https:\/\/radio.fcejs.unsl.edu.ar\/?p=3523"},"modified":"2025-10-14T21:01:13","modified_gmt":"2025-10-15T00:01:13","slug":"mariela-quiroga-es-fundamental-que-la-universidad-abra-sus-puertas-permanentemente-y-la-sociedad-sepa-y-sienta-que-esta-tambien-es-su-casa","status":"publish","type":"post","link":"https:\/\/radio.fcejs.unsl.edu.ar\/index.php\/mariela-quiroga-es-fundamental-que-la-universidad-abra-sus-puertas-permanentemente-y-la-sociedad-sepa-y-sienta-que-esta-tambien-es-su-casa\/","title":{"rendered":"Mariela Quiroga: \u201cEs fundamental que la Universidad abra sus puertas y la sociedad sepa y sienta que esta tambi\u00e9n es su casa\u201d"},"content":{"rendered":"<p>Dialogamos con la<strong><u> Dra. Mariela Quiroga, docente e investigadora de la UNSL<\/u><\/strong>, quien nos brind\u00f3 detalles sobre el Curso de Capacitaci\u00f3n denominado <strong><u>\u201cOratoria y Coaching de Equipos\u201d,<\/u><\/strong> que se llevar\u00e1 a cabo el pr\u00f3ximo mi\u00e9rcoles 15 de octubre, a las 17 horas, en el Aula de Posgrado del Campus Universitario, y en doned la docente es coordinadora.<\/p>\n<p>Este curso estar\u00e1 a cargo del Tec. Federico Lucero, y est\u00e1 dirigido a estudiantes, docentes, nodocentes, personal de apoyo acad\u00e9mico de la FICA y FCEJS, autoridades de la ACA, UNVIME, UPRO, ULP, UNLC, Universidad del Aconcagua, Universidad Siglo 21, IFDC Villa Mercedes, integrantes de las C\u00e1maras de Comercio e Industria de la ciudad de Villa Mercedes, Asociaci\u00f3n de Gastron\u00f3micos y Hoteleros de Villa Mercedes, y p\u00fablico en general interesado.<\/p>\n<p><u>Sobre el desaf\u00edo que representa poner en pr\u00e1ctica la oratoria, Mariela dijo:<\/u> \u201cMuchas veces nos cuesta encontrar las palabras correctas para dirigirnos a otra persona. Pens\u00e1ndolo concretamente hacia quienes est\u00e1 destinado este curso, hacia los alumnos. Desde el alumno hacia el docente, o los docentes hacia los alumnos, esa comunicaci\u00f3n, ese ida y vuelta\u2026 a veces hay que encontrar los modos, las formas, y los t\u00e9rminos adecuados para poder llegar al auditorio. No siempre el auditorio es el mismo, y no siempre el oyente tiene la misma predisposici\u00f3n\u201d.-<\/p>\n<p>La Dra. quien es docente en la FICA de Villa Mercedes, y en la FTU de la Villa de Merlo, analiz\u00f3 c\u00f3mo la falta de di\u00e1logo o de una buena oratoria obstaculiza el avance de los estudiantes en sus carreras, y en este sentido dijo: \u201cesta es una de las posibilidades, generar estas instancias donde ellos puedan encontrar una diferencia, venzan sus miedos, venzan esas propias limitaciones que tienen a poder consultar a un profesor\u2026\u201d.-<\/p>\n<p><u>Por otro lado, la docente aclar\u00f3 que tambi\u00e9n se van a brindar herramientas para fortalecer el trabajo en equipo, algo que es muy \u00fatil no s\u00f3lo para estudiantes y docentes, sino para toda persona que se encuentre inserto en el mundo laboral<\/u>. En este sentido, la Dra. explic\u00f3 la importancia que tiene que estos espacios sean compartidos de manera interdisciplinaria e interinstitucional, y que puedan todas las personas que participen enriquecerse de los saberes compartidos.<\/p>\n<p>Por el momento se han inscriptos a la capacitaci\u00f3n alrededor de 80 personas a esta capacitaci\u00f3n. El requisito es tener inter\u00e9s en la tem\u00e1tica, y pueden inscribirse incluso antes de ingresar al aula del curso.<\/p>\n<p><strong><u>Escucha la entrevista realizada, en el programa radial \u201cLa Quilla, \u00a0en el siguiente audio:<\/u><\/strong><\/p>\n<audio class=\"wp-audio-shortcode\" id=\"audio-3523-1\" preload=\"none\" style=\"width: 100%;\" controls=\"controls\"><source type=\"audio\/mpeg\" src=\"https:\/\/radioupload.fica.unsl.edu.ar\/files\/jb\/~%24MARIELA%20QUIROGA%2013_10_25.mp3?_=1\" \/><a href=\"https:\/\/radioupload.fica.unsl.edu.ar\/files\/jb\/~%24MARIELA%20QUIROGA%2013_10_25.mp3\">https:\/\/radioupload.fica.unsl.edu.ar\/files\/jb\/~%24MARIELA%20QUIROGA%2013_10_25.mp3<\/a><\/audio>\n<p>&nbsp;<\/p>\n<p><strong>*Escanea el QR para inscribirte al Curso. \u00a1Hay tiempos hasta el mi\u00e9rcoles 15 de octubre!<\/strong><\/p>\n<p><img fetchpriority=\"high\" decoding=\"async\" class=\"aligncenter wp-image-3524 size-large\" src=\"http:\/\/radio.fcejs.unsl.edu.ar\/wp-content\/uploads\/2025\/10\/qr-1024x565.png\" alt=\"\" width=\"1024\" height=\"565\" srcset=\"https:\/\/radio.fcejs.unsl.edu.ar\/wp-content\/uploads\/2025\/10\/qr-1024x565.png 1024w, https:\/\/radio.fcejs.unsl.edu.ar\/wp-content\/uploads\/2025\/10\/qr-300x165.png 300w, https:\/\/radio.fcejs.unsl.edu.ar\/wp-content\/uploads\/2025\/10\/qr-768x423.png 768w, https:\/\/radio.fcejs.unsl.edu.ar\/wp-content\/uploads\/2025\/10\/qr.png 1061w\" sizes=\"(max-width: 1024px) 100vw, 1024px\" \/><\/p>\n<p>&nbsp;<\/p>\n<p>Entrevista realizada en el programa radial\u00a0<strong>\u201cLa Quilla\u201d<\/strong>, con Virginia Aguilera y Federico Amodey, por Radio UNSL en Villa Mercedes- 97.5 FM.<\/p>\n","protected":false},"excerpt":{"rendered":"<p>Dialogamos con la Dra. Mariela Quiroga, docente e investigadora de la UNSL, quien nos brind\u00f3 detalles sobre el Curso de Capacitaci\u00f3n denominado \u201cOratoria y Coaching de Equipos\u201d, que se llevar\u00e1 a cabo el pr\u00f3ximo mi\u00e9rcoles 15 de octubre, a las 17 horas, en el Aula de Posgrado del Campus Universitario, y en doned la docente&#8230;<\/p>\n","protected":false},"author":5,"featured_media":3525,"comment_status":"closed","ping_status":"closed","sticky":false,"template":"","format":"standard","meta":{"_kad_post_transparent":"default","_kad_post_title":"default","_kad_post_layout":"default","_kad_post_sidebar_id":"","_kad_post_content_style":"default","_kad_post_vertical_padding":"default","_kad_post_feature":"","_kad_post_feature_position":"","_kad_post_header":false,"_kad_post_footer":false,"_kad_post_classname":"","footnotes":""},"categories":[14],"tags":[],"class_list":["post-3523","post","type-post","status-publish","format-standard","has-post-thumbnail","hentry","category-entrevistas"],"yoast_head":"<!-- This site is optimized with the Yoast SEO plugin v27.2 - https:\/\/yoast.com\/product\/yoast-seo-wordpress\/ -->\n<title>Mariela Quiroga: \u201cEs fundamental que la Universidad abra sus puertas y la sociedad sepa y sienta que esta tambi\u00e9n es su casa\u201d - Radio Universidad Villa Mercedes 97.5 | UNSL<\/title>\n<meta name=\"robots\" content=\"index, follow, max-snippet:-1, max-image-preview:large, max-video-preview:-1\" \/>\n<link rel=\"canonical\" href=\"https:\/\/radio.fcejs.unsl.edu.ar\/index.php\/mariela-quiroga-es-fundamental-que-la-universidad-abra-sus-puertas-permanentemente-y-la-sociedad-sepa-y-sienta-que-esta-tambien-es-su-casa\/\" \/>\n<meta property=\"og:locale\" content=\"es_ES\" \/>\n<meta property=\"og:type\" content=\"article\" \/>\n<meta property=\"og:title\" content=\"Mariela Quiroga: \u201cEs fundamental que la Universidad abra sus puertas y la sociedad sepa y sienta que esta tambi\u00e9n es su casa\u201d - Radio Universidad Villa Mercedes 97.5 | UNSL\" \/>\n<meta property=\"og:description\" content=\"Dialogamos con la Dra. Mariela Quiroga, docente e investigadora de la UNSL, quien nos brind\u00f3 detalles sobre el Curso de Capacitaci\u00f3n denominado \u201cOratoria y Coaching de Equipos\u201d, que se llevar\u00e1 a cabo el pr\u00f3ximo mi\u00e9rcoles 15 de octubre, a las 17 horas, en el Aula de Posgrado del Campus Universitario, y en doned la docente...\" \/>\n<meta property=\"og:url\" content=\"https:\/\/radio.fcejs.unsl.edu.ar\/index.php\/mariela-quiroga-es-fundamental-que-la-universidad-abra-sus-puertas-permanentemente-y-la-sociedad-sepa-y-sienta-que-esta-tambien-es-su-casa\/\" \/>\n<meta property=\"og:site_name\" content=\"Radio Universidad Villa Mercedes 97.5 | UNSL\" \/>\n<meta property=\"article:published_time\" content=\"2025-10-15T00:00:14+00:00\" \/>\n<meta property=\"article:modified_time\" content=\"2025-10-15T00:01:13+00:00\" \/>\n<meta property=\"og:image\" content=\"http:\/\/radio.fcejs.unsl.edu.ar\/wp-content\/uploads\/2025\/10\/Mariela-Quiroga.jpeg\" \/>\n\t<meta property=\"og:image:width\" content=\"1280\" \/>\n\t<meta property=\"og:image:height\" content=\"591\" \/>\n\t<meta property=\"og:image:type\" content=\"image\/jpeg\" \/>\n<meta name=\"author\" content=\"Virginia Aguilera\" \/>\n<meta name=\"twitter:card\" content=\"summary_large_image\" \/>\n<meta name=\"twitter:label1\" content=\"Escrito por\" \/>\n\t<meta name=\"twitter:data1\" content=\"Virginia Aguilera\" \/>\n\t<meta name=\"twitter:label2\" content=\"Tiempo de lectura\" \/>\n\t<meta name=\"twitter:data2\" content=\"3 minutos\" \/>\n<script type=\"application\/ld+json\" class=\"yoast-schema-graph\">{\"@context\":\"https:\/\/schema.org\",\"@graph\":[{\"@type\":\"Article\",\"@id\":\"https:\/\/radio.fcejs.unsl.edu.ar\/index.php\/mariela-quiroga-es-fundamental-que-la-universidad-abra-sus-puertas-permanentemente-y-la-sociedad-sepa-y-sienta-que-esta-tambien-es-su-casa\/#article\",\"isPartOf\":{\"@id\":\"https:\/\/radio.fcejs.unsl.edu.ar\/index.php\/mariela-quiroga-es-fundamental-que-la-universidad-abra-sus-puertas-permanentemente-y-la-sociedad-sepa-y-sienta-que-esta-tambien-es-su-casa\/\"},\"author\":{\"name\":\"Virginia Aguilera\",\"@id\":\"https:\/\/radio.fcejs.unsl.edu.ar\/#\/schema\/person\/71179a56ee499ac8cd4e46f865c627c7\"},\"headline\":\"Mariela Quiroga: \u201cEs fundamental que la Universidad abra sus puertas y la sociedad sepa y sienta que esta tambi\u00e9n es su casa\u201d\",\"datePublished\":\"2025-10-15T00:00:14+00:00\",\"dateModified\":\"2025-10-15T00:01:13+00:00\",\"mainEntityOfPage\":{\"@id\":\"https:\/\/radio.fcejs.unsl.edu.ar\/index.php\/mariela-quiroga-es-fundamental-que-la-universidad-abra-sus-puertas-permanentemente-y-la-sociedad-sepa-y-sienta-que-esta-tambien-es-su-casa\/\"},\"wordCount\":507,\"publisher\":{\"@id\":\"https:\/\/radio.fcejs.unsl.edu.ar\/#organization\"},\"image\":{\"@id\":\"https:\/\/radio.fcejs.unsl.edu.ar\/index.php\/mariela-quiroga-es-fundamental-que-la-universidad-abra-sus-puertas-permanentemente-y-la-sociedad-sepa-y-sienta-que-esta-tambien-es-su-casa\/#primaryimage\"},\"thumbnailUrl\":\"https:\/\/radio.fcejs.unsl.edu.ar\/wp-content\/uploads\/2025\/10\/Mariela-Quiroga.jpeg\",\"articleSection\":[\"Entrevistas\"],\"inLanguage\":\"es-AR\"},{\"@type\":\"WebPage\",\"@id\":\"https:\/\/radio.fcejs.unsl.edu.ar\/index.php\/mariela-quiroga-es-fundamental-que-la-universidad-abra-sus-puertas-permanentemente-y-la-sociedad-sepa-y-sienta-que-esta-tambien-es-su-casa\/\",\"url\":\"https:\/\/radio.fcejs.unsl.edu.ar\/index.php\/mariela-quiroga-es-fundamental-que-la-universidad-abra-sus-puertas-permanentemente-y-la-sociedad-sepa-y-sienta-que-esta-tambien-es-su-casa\/\",\"name\":\"Mariela Quiroga: \u201cEs fundamental que la Universidad abra sus puertas y la sociedad sepa y sienta que esta tambi\u00e9n es su casa\u201d - Radio Universidad Villa Mercedes 97.5 | UNSL\",\"isPartOf\":{\"@id\":\"https:\/\/radio.fcejs.unsl.edu.ar\/#website\"},\"primaryImageOfPage\":{\"@id\":\"https:\/\/radio.fcejs.unsl.edu.ar\/index.php\/mariela-quiroga-es-fundamental-que-la-universidad-abra-sus-puertas-permanentemente-y-la-sociedad-sepa-y-sienta-que-esta-tambien-es-su-casa\/#primaryimage\"},\"image\":{\"@id\":\"https:\/\/radio.fcejs.unsl.edu.ar\/index.php\/mariela-quiroga-es-fundamental-que-la-universidad-abra-sus-puertas-permanentemente-y-la-sociedad-sepa-y-sienta-que-esta-tambien-es-su-casa\/#primaryimage\"},\"thumbnailUrl\":\"https:\/\/radio.fcejs.unsl.edu.ar\/wp-content\/uploads\/2025\/10\/Mariela-Quiroga.jpeg\",\"datePublished\":\"2025-10-15T00:00:14+00:00\",\"dateModified\":\"2025-10-15T00:01:13+00:00\",\"breadcrumb\":{\"@id\":\"https:\/\/radio.fcejs.unsl.edu.ar\/index.php\/mariela-quiroga-es-fundamental-que-la-universidad-abra-sus-puertas-permanentemente-y-la-sociedad-sepa-y-sienta-que-esta-tambien-es-su-casa\/#breadcrumb\"},\"inLanguage\":\"es-AR\",\"potentialAction\":[{\"@type\":\"ReadAction\",\"target\":[\"https:\/\/radio.fcejs.unsl.edu.ar\/index.php\/mariela-quiroga-es-fundamental-que-la-universidad-abra-sus-puertas-permanentemente-y-la-sociedad-sepa-y-sienta-que-esta-tambien-es-su-casa\/\"]}]},{\"@type\":\"ImageObject\",\"inLanguage\":\"es-AR\",\"@id\":\"https:\/\/radio.fcejs.unsl.edu.ar\/index.php\/mariela-quiroga-es-fundamental-que-la-universidad-abra-sus-puertas-permanentemente-y-la-sociedad-sepa-y-sienta-que-esta-tambien-es-su-casa\/#primaryimage\",\"url\":\"https:\/\/radio.fcejs.unsl.edu.ar\/wp-content\/uploads\/2025\/10\/Mariela-Quiroga.jpeg\",\"contentUrl\":\"https:\/\/radio.fcejs.unsl.edu.ar\/wp-content\/uploads\/2025\/10\/Mariela-Quiroga.jpeg\",\"width\":1280,\"height\":591},{\"@type\":\"BreadcrumbList\",\"@id\":\"https:\/\/radio.fcejs.unsl.edu.ar\/index.php\/mariela-quiroga-es-fundamental-que-la-universidad-abra-sus-puertas-permanentemente-y-la-sociedad-sepa-y-sienta-que-esta-tambien-es-su-casa\/#breadcrumb\",\"itemListElement\":[{\"@type\":\"ListItem\",\"position\":1,\"name\":\"Inicio\",\"item\":\"https:\/\/radio.fcejs.unsl.edu.ar\/\"},{\"@type\":\"ListItem\",\"position\":2,\"name\":\"Mariela Quiroga: \u201cEs fundamental que la Universidad abra sus puertas y la sociedad sepa y sienta que esta tambi\u00e9n es su casa\u201d\"}]},{\"@type\":\"WebSite\",\"@id\":\"https:\/\/radio.fcejs.unsl.edu.ar\/#website\",\"url\":\"https:\/\/radio.fcejs.unsl.edu.ar\/\",\"name\":\"Radio Universidad Villa Mercedes 97.5 | UNSL\",\"description\":\"UNSL\",\"publisher\":{\"@id\":\"https:\/\/radio.fcejs.unsl.edu.ar\/#organization\"},\"potentialAction\":[{\"@type\":\"SearchAction\",\"target\":{\"@type\":\"EntryPoint\",\"urlTemplate\":\"https:\/\/radio.fcejs.unsl.edu.ar\/?s={search_term_string}\"},\"query-input\":{\"@type\":\"PropertyValueSpecification\",\"valueRequired\":true,\"valueName\":\"search_term_string\"}}],\"inLanguage\":\"es-AR\"},{\"@type\":\"Organization\",\"@id\":\"https:\/\/radio.fcejs.unsl.edu.ar\/#organization\",\"name\":\"Radio Universidad Villa Mercedes 97.5 | UNSL\",\"url\":\"https:\/\/radio.fcejs.unsl.edu.ar\/\",\"logo\":{\"@type\":\"ImageObject\",\"inLanguage\":\"es-AR\",\"@id\":\"https:\/\/radio.fcejs.unsl.edu.ar\/#\/schema\/logo\/image\/\",\"url\":\"https:\/\/radio.fcejs.unsl.edu.ar\/wp-content\/uploads\/2023\/12\/cropped-radio-villa-mercedes-97-5.png\",\"contentUrl\":\"https:\/\/radio.fcejs.unsl.edu.ar\/wp-content\/uploads\/2023\/12\/cropped-radio-villa-mercedes-97-5.png\",\"width\":908,\"height\":289,\"caption\":\"Radio Universidad Villa Mercedes 97.5 | UNSL\"},\"image\":{\"@id\":\"https:\/\/radio.fcejs.unsl.edu.ar\/#\/schema\/logo\/image\/\"}},{\"@type\":\"Person\",\"@id\":\"https:\/\/radio.fcejs.unsl.edu.ar\/#\/schema\/person\/71179a56ee499ac8cd4e46f865c627c7\",\"name\":\"Virginia Aguilera\",\"url\":\"https:\/\/radio.fcejs.unsl.edu.ar\/index.php\/author\/viraguilera\/\"}]}<\/script>\n<!-- \/ Yoast SEO plugin. -->","yoast_head_json":{"title":"Mariela Quiroga: \u201cEs fundamental que la Universidad abra sus puertas y la sociedad sepa y sienta que esta tambi\u00e9n es su casa\u201d - Radio Universidad Villa Mercedes 97.5 | UNSL","robots":{"index":"index","follow":"follow","max-snippet":"max-snippet:-1","max-image-preview":"max-image-preview:large","max-video-preview":"max-video-preview:-1"},"canonical":"https:\/\/radio.fcejs.unsl.edu.ar\/index.php\/mariela-quiroga-es-fundamental-que-la-universidad-abra-sus-puertas-permanentemente-y-la-sociedad-sepa-y-sienta-que-esta-tambien-es-su-casa\/","og_locale":"es_ES","og_type":"article","og_title":"Mariela Quiroga: \u201cEs fundamental que la Universidad abra sus puertas y la sociedad sepa y sienta que esta tambi\u00e9n es su casa\u201d - Radio Universidad Villa Mercedes 97.5 | UNSL","og_description":"Dialogamos con la Dra. Mariela Quiroga, docente e investigadora de la UNSL, quien nos brind\u00f3 detalles sobre el Curso de Capacitaci\u00f3n denominado \u201cOratoria y Coaching de Equipos\u201d, que se llevar\u00e1 a cabo el pr\u00f3ximo mi\u00e9rcoles 15 de octubre, a las 17 horas, en el Aula de Posgrado del Campus Universitario, y en doned la docente...","og_url":"https:\/\/radio.fcejs.unsl.edu.ar\/index.php\/mariela-quiroga-es-fundamental-que-la-universidad-abra-sus-puertas-permanentemente-y-la-sociedad-sepa-y-sienta-que-esta-tambien-es-su-casa\/","og_site_name":"Radio Universidad Villa Mercedes 97.5 | UNSL","article_published_time":"2025-10-15T00:00:14+00:00","article_modified_time":"2025-10-15T00:01:13+00:00","og_image":[{"width":1280,"height":591,"url":"http:\/\/radio.fcejs.unsl.edu.ar\/wp-content\/uploads\/2025\/10\/Mariela-Quiroga.jpeg","type":"image\/jpeg"}],"author":"Virginia Aguilera","twitter_card":"summary_large_image","twitter_misc":{"Escrito por":"Virginia Aguilera","Tiempo de lectura":"3 minutos"},"schema":{"@context":"https:\/\/schema.org","@graph":[{"@type":"Article","@id":"https:\/\/radio.fcejs.unsl.edu.ar\/index.php\/mariela-quiroga-es-fundamental-que-la-universidad-abra-sus-puertas-permanentemente-y-la-sociedad-sepa-y-sienta-que-esta-tambien-es-su-casa\/#article","isPartOf":{"@id":"https:\/\/radio.fcejs.unsl.edu.ar\/index.php\/mariela-quiroga-es-fundamental-que-la-universidad-abra-sus-puertas-permanentemente-y-la-sociedad-sepa-y-sienta-que-esta-tambien-es-su-casa\/"},"author":{"name":"Virginia Aguilera","@id":"https:\/\/radio.fcejs.unsl.edu.ar\/#\/schema\/person\/71179a56ee499ac8cd4e46f865c627c7"},"headline":"Mariela Quiroga: \u201cEs fundamental que la Universidad abra sus puertas y la sociedad sepa y sienta que esta tambi\u00e9n es su casa\u201d","datePublished":"2025-10-15T00:00:14+00:00","dateModified":"2025-10-15T00:01:13+00:00","mainEntityOfPage":{"@id":"https:\/\/radio.fcejs.unsl.edu.ar\/index.php\/mariela-quiroga-es-fundamental-que-la-universidad-abra-sus-puertas-permanentemente-y-la-sociedad-sepa-y-sienta-que-esta-tambien-es-su-casa\/"},"wordCount":507,"publisher":{"@id":"https:\/\/radio.fcejs.unsl.edu.ar\/#organization"},"image":{"@id":"https:\/\/radio.fcejs.unsl.edu.ar\/index.php\/mariela-quiroga-es-fundamental-que-la-universidad-abra-sus-puertas-permanentemente-y-la-sociedad-sepa-y-sienta-que-esta-tambien-es-su-casa\/#primaryimage"},"thumbnailUrl":"https:\/\/radio.fcejs.unsl.edu.ar\/wp-content\/uploads\/2025\/10\/Mariela-Quiroga.jpeg","articleSection":["Entrevistas"],"inLanguage":"es-AR"},{"@type":"WebPage","@id":"https:\/\/radio.fcejs.unsl.edu.ar\/index.php\/mariela-quiroga-es-fundamental-que-la-universidad-abra-sus-puertas-permanentemente-y-la-sociedad-sepa-y-sienta-que-esta-tambien-es-su-casa\/","url":"https:\/\/radio.fcejs.unsl.edu.ar\/index.php\/mariela-quiroga-es-fundamental-que-la-universidad-abra-sus-puertas-permanentemente-y-la-sociedad-sepa-y-sienta-que-esta-tambien-es-su-casa\/","name":"Mariela Quiroga: \u201cEs fundamental que la Universidad abra sus puertas y la sociedad sepa y sienta que esta tambi\u00e9n es su casa\u201d - Radio Universidad Villa Mercedes 97.5 | UNSL","isPartOf":{"@id":"https:\/\/radio.fcejs.unsl.edu.ar\/#website"},"primaryImageOfPage":{"@id":"https:\/\/radio.fcejs.unsl.edu.ar\/index.php\/mariela-quiroga-es-fundamental-que-la-universidad-abra-sus-puertas-permanentemente-y-la-sociedad-sepa-y-sienta-que-esta-tambien-es-su-casa\/#primaryimage"},"image":{"@id":"https:\/\/radio.fcejs.unsl.edu.ar\/index.php\/mariela-quiroga-es-fundamental-que-la-universidad-abra-sus-puertas-permanentemente-y-la-sociedad-sepa-y-sienta-que-esta-tambien-es-su-casa\/#primaryimage"},"thumbnailUrl":"https:\/\/radio.fcejs.unsl.edu.ar\/wp-content\/uploads\/2025\/10\/Mariela-Quiroga.jpeg","datePublished":"2025-10-15T00:00:14+00:00","dateModified":"2025-10-15T00:01:13+00:00","breadcrumb":{"@id":"https:\/\/radio.fcejs.unsl.edu.ar\/index.php\/mariela-quiroga-es-fundamental-que-la-universidad-abra-sus-puertas-permanentemente-y-la-sociedad-sepa-y-sienta-que-esta-tambien-es-su-casa\/#breadcrumb"},"inLanguage":"es-AR","potentialAction":[{"@type":"ReadAction","target":["https:\/\/radio.fcejs.unsl.edu.ar\/index.php\/mariela-quiroga-es-fundamental-que-la-universidad-abra-sus-puertas-permanentemente-y-la-sociedad-sepa-y-sienta-que-esta-tambien-es-su-casa\/"]}]},{"@type":"ImageObject","inLanguage":"es-AR","@id":"https:\/\/radio.fcejs.unsl.edu.ar\/index.php\/mariela-quiroga-es-fundamental-que-la-universidad-abra-sus-puertas-permanentemente-y-la-sociedad-sepa-y-sienta-que-esta-tambien-es-su-casa\/#primaryimage","url":"https:\/\/radio.fcejs.unsl.edu.ar\/wp-content\/uploads\/2025\/10\/Mariela-Quiroga.jpeg","contentUrl":"https:\/\/radio.fcejs.unsl.edu.ar\/wp-content\/uploads\/2025\/10\/Mariela-Quiroga.jpeg","width":1280,"height":591},{"@type":"BreadcrumbList","@id":"https:\/\/radio.fcejs.unsl.edu.ar\/index.php\/mariela-quiroga-es-fundamental-que-la-universidad-abra-sus-puertas-permanentemente-y-la-sociedad-sepa-y-sienta-que-esta-tambien-es-su-casa\/#breadcrumb","itemListElement":[{"@type":"ListItem","position":1,"name":"Inicio","item":"https:\/\/radio.fcejs.unsl.edu.ar\/"},{"@type":"ListItem","position":2,"name":"Mariela Quiroga: \u201cEs fundamental que la Universidad abra sus puertas y la sociedad sepa y sienta que esta tambi\u00e9n es su casa\u201d"}]},{"@type":"WebSite","@id":"https:\/\/radio.fcejs.unsl.edu.ar\/#website","url":"https:\/\/radio.fcejs.unsl.edu.ar\/","name":"Radio Universidad Villa Mercedes 97.5 | UNSL","description":"UNSL","publisher":{"@id":"https:\/\/radio.fcejs.unsl.edu.ar\/#organization"},"potentialAction":[{"@type":"SearchAction","target":{"@type":"EntryPoint","urlTemplate":"https:\/\/radio.fcejs.unsl.edu.ar\/?s={search_term_string}"},"query-input":{"@type":"PropertyValueSpecification","valueRequired":true,"valueName":"search_term_string"}}],"inLanguage":"es-AR"},{"@type":"Organization","@id":"https:\/\/radio.fcejs.unsl.edu.ar\/#organization","name":"Radio Universidad Villa Mercedes 97.5 | UNSL","url":"https:\/\/radio.fcejs.unsl.edu.ar\/","logo":{"@type":"ImageObject","inLanguage":"es-AR","@id":"https:\/\/radio.fcejs.unsl.edu.ar\/#\/schema\/logo\/image\/","url":"https:\/\/radio.fcejs.unsl.edu.ar\/wp-content\/uploads\/2023\/12\/cropped-radio-villa-mercedes-97-5.png","contentUrl":"https:\/\/radio.fcejs.unsl.edu.ar\/wp-content\/uploads\/2023\/12\/cropped-radio-villa-mercedes-97-5.png","width":908,"height":289,"caption":"Radio Universidad Villa Mercedes 97.5 | UNSL"},"image":{"@id":"https:\/\/radio.fcejs.unsl.edu.ar\/#\/schema\/logo\/image\/"}},{"@type":"Person","@id":"https:\/\/radio.fcejs.unsl.edu.ar\/#\/schema\/person\/71179a56ee499ac8cd4e46f865c627c7","name":"Virginia Aguilera","url":"https:\/\/radio.fcejs.unsl.edu.ar\/index.php\/author\/viraguilera\/"}]}},"_links":{"self":[{"href":"https:\/\/radio.fcejs.unsl.edu.ar\/index.php\/wp-json\/wp\/v2\/posts\/3523","targetHints":{"allow":["GET"]}}],"collection":[{"href":"https:\/\/radio.fcejs.unsl.edu.ar\/index.php\/wp-json\/wp\/v2\/posts"}],"about":[{"href":"https:\/\/radio.fcejs.unsl.edu.ar\/index.php\/wp-json\/wp\/v2\/types\/post"}],"author":[{"embeddable":true,"href":"https:\/\/radio.fcejs.unsl.edu.ar\/index.php\/wp-json\/wp\/v2\/users\/5"}],"replies":[{"embeddable":true,"href":"https:\/\/radio.fcejs.unsl.edu.ar\/index.php\/wp-json\/wp\/v2\/comments?post=3523"}],"version-history":[{"count":3,"href":"https:\/\/radio.fcejs.unsl.edu.ar\/index.php\/wp-json\/wp\/v2\/posts\/3523\/revisions"}],"predecessor-version":[{"id":3528,"href":"https:\/\/radio.fcejs.unsl.edu.ar\/index.php\/wp-json\/wp\/v2\/posts\/3523\/revisions\/3528"}],"wp:featuredmedia":[{"embeddable":true,"href":"https:\/\/radio.fcejs.unsl.edu.ar\/index.php\/wp-json\/wp\/v2\/media\/3525"}],"wp:attachment":[{"href":"https:\/\/radio.fcejs.unsl.edu.ar\/index.php\/wp-json\/wp\/v2\/media?parent=3523"}],"wp:term":[{"taxonomy":"category","embeddable":true,"href":"https:\/\/radio.fcejs.unsl.edu.ar\/index.php\/wp-json\/wp\/v2\/categories?post=3523"},{"taxonomy":"post_tag","embeddable":true,"href":"https:\/\/radio.fcejs.unsl.edu.ar\/index.php\/wp-json\/wp\/v2\/tags?post=3523"}],"curies":[{"name":"wp","href":"https:\/\/api.w.org\/{rel}","templated":true}]}}