{"id":3509,"date":"2025-10-13T16:42:58","date_gmt":"2025-10-13T19:42:58","guid":{"rendered":"https:\/\/radio.fcejs.unsl.edu.ar\/?p=3509"},"modified":"2025-10-13T19:04:54","modified_gmt":"2025-10-13T22:04:54","slug":"hector-flores-solo-tuvimos-que-escuchar-para-entender-un-monton-de-cosas","status":"publish","type":"post","link":"https:\/\/radio.fcejs.unsl.edu.ar\/index.php\/hector-flores-solo-tuvimos-que-escuchar-para-entender-un-monton-de-cosas\/","title":{"rendered":"H\u00e9ctor Flores: \u201cSolo tuvimos que escuchar para entender un mont\u00f3n de cosas\u201d"},"content":{"rendered":"<p>La primer semana de Octubre la FCEJS-UNSL, mantuvo distintas reuniones con representantes de diversas Instituciones del medio, con el fin de impulsar espacios de di\u00e1logo y articulaci\u00f3n institucional.<\/p>\n<p>En Radio UNSL-VM, dialogamos con el decano de la Facultad, <strong><u>Mg. H\u00e9ctor Flores<\/u><\/strong>, quien nos brind\u00f3 detalles en particular de las reuniones que mantuvieron con representantes de la CGT Villa Mercedes, y con representantes de Colegios Profesionales.<\/p>\n<p><strong><u>* Sobre la reuni\u00f3n que mantuvo la FCEJS con Colegios Profesionales, H\u00e9ctor Flores dijo: \u00a0\u00a0\u00a0<\/u><\/strong><\/p>\n<p>\u201cEn \u00e9pocas como \u00e9sta, donde todo cambia, donde todo se reinicia, donde permanentemente tomamos decisiones como si todo hubiese cambiado ayer, estar con nuestros graduados y con los colegios que los representan, es la \u00fanica manera que tenemos de alguna manera de estar actualizados y de tener en claro a qu\u00e9 mundo se van a enfrentar hoy y a futuro\u201d.<\/p>\n<p>El decano resalt\u00f3 la importancia que tiene generar este tipo de espacios de di\u00e1logos con los graduados, a los que defini\u00f3 como un pilar muy importante dentro de la Universidad. Y adem\u00e1s habl\u00f3 sobre el trabajo que est\u00e1n realizando para la creaci\u00f3n de un centro de graduados, un pendiente que tiene la Faculta de la UNSL con los Colegios y que estar\u00eda pr\u00f3ximo a concretarse.<\/p>\n<p>En la reuni\u00f3n estuvieron presentes representantes del Colegio de Abogados y Procuradores de Villa Mercedes, el Colegio de Ciencias Econ\u00f3micas de San Luis, el Colegio de Profesionales de Trabajo Social de San Luis, y representantes de Acompa\u00f1antes Terap\u00e9uticos de San Luis.<\/p>\n<p><strong><u>*Por su parte, sobre la reuni\u00f3n que mantuvo la FCEJS con la CGT Villa Mercedes, el decano resalt\u00f3: <\/u><\/strong><\/p>\n<p>\u201cSon momentos complejos, son momentos dif\u00edciles, y en momentos como estos lo que se requiere fundamentalmente es el trabajo articulado, mancomunado, y el esfuerzo conjunto con todas las instituciones del medio\u201d.<\/p>\n<p>Flores explic\u00f3 la importancia que tiene el trabajo para el desarrollo de cualquier comunidad, \u00a0ya sea como medio y\/o como fin. \u00a0En este sentido explic\u00f3 que la reuni\u00f3n se hizo para analizar las cosas que se pueden hacer en conjunto, desde donde la Universidad \u00a0pueda aportar y tambi\u00e9n desde donde los representantes sindicales tambi\u00e9n puedan insertarse y acompa\u00f1ar a la Universidad para enriquecerse mutuamente.<\/p>\n<p><strong><u>Escucha la entrevista realizada, en el programa radial \u201cLa Quilla, \u00a0en el siguiente audio: <\/u><\/strong><\/p>\n<audio class=\"wp-audio-shortcode\" id=\"audio-3509-1\" preload=\"none\" style=\"width: 100%;\" controls=\"controls\"><source type=\"audio\/mpeg\" src=\"https:\/\/radioupload.fica.unsl.edu.ar\/files\/jb\/HECTOR%20FLORES%2007_10_25.mp3?_=1\" \/><a href=\"https:\/\/radioupload.fica.unsl.edu.ar\/files\/jb\/HECTOR%20FLORES%2007_10_25.mp3\">https:\/\/radioupload.fica.unsl.edu.ar\/files\/jb\/HECTOR%20FLORES%2007_10_25.mp3<\/a><\/audio>\n<p>&nbsp;<\/p>\n<p>&nbsp;<\/p>\n<p>Entrevista realizada en el programa radial\u00a0<strong>\u201cLa Quilla\u201d<\/strong>, con Virginia Aguilera y Federico Amodey, por Radio UNSL en Villa Mercedes- 97.5 FM.<\/p>\n","protected":false},"excerpt":{"rendered":"<p>La primer semana de Octubre la FCEJS-UNSL, mantuvo distintas reuniones con representantes de diversas Instituciones del medio, con el fin de impulsar espacios de di\u00e1logo y articulaci\u00f3n institucional. En Radio UNSL-VM, dialogamos con el decano de la Facultad, Mg. H\u00e9ctor Flores, quien nos brind\u00f3 detalles en particular de las reuniones que mantuvieron con representantes de&#8230;<\/p>\n","protected":false},"author":5,"featured_media":3510,"comment_status":"closed","ping_status":"closed","sticky":false,"template":"","format":"standard","meta":{"_kad_post_transparent":"default","_kad_post_title":"default","_kad_post_layout":"default","_kad_post_sidebar_id":"","_kad_post_content_style":"default","_kad_post_vertical_padding":"default","_kad_post_feature":"","_kad_post_feature_position":"","_kad_post_header":false,"_kad_post_footer":false,"_kad_post_classname":"","footnotes":""},"categories":[14],"tags":[],"class_list":["post-3509","post","type-post","status-publish","format-standard","has-post-thumbnail","hentry","category-entrevistas"],"yoast_head":"<!-- This site is optimized with the Yoast SEO plugin v27.2 - https:\/\/yoast.com\/product\/yoast-seo-wordpress\/ -->\n<title>H\u00e9ctor Flores: \u201cSolo tuvimos que escuchar para entender un mont\u00f3n de cosas\u201d - Radio Universidad Villa Mercedes 97.5 | UNSL<\/title>\n<meta name=\"robots\" content=\"index, follow, max-snippet:-1, max-image-preview:large, max-video-preview:-1\" \/>\n<link rel=\"canonical\" href=\"https:\/\/radio.fcejs.unsl.edu.ar\/index.php\/hector-flores-solo-tuvimos-que-escuchar-para-entender-un-monton-de-cosas\/\" \/>\n<meta property=\"og:locale\" content=\"es_ES\" \/>\n<meta property=\"og:type\" content=\"article\" \/>\n<meta property=\"og:title\" content=\"H\u00e9ctor Flores: \u201cSolo tuvimos que escuchar para entender un mont\u00f3n de cosas\u201d - Radio Universidad Villa Mercedes 97.5 | UNSL\" \/>\n<meta property=\"og:description\" content=\"La primer semana de Octubre la FCEJS-UNSL, mantuvo distintas reuniones con representantes de diversas Instituciones del medio, con el fin de impulsar espacios de di\u00e1logo y articulaci\u00f3n institucional. En Radio UNSL-VM, dialogamos con el decano de la Facultad, Mg. H\u00e9ctor Flores, quien nos brind\u00f3 detalles en particular de las reuniones que mantuvieron con representantes de...\" \/>\n<meta property=\"og:url\" content=\"https:\/\/radio.fcejs.unsl.edu.ar\/index.php\/hector-flores-solo-tuvimos-que-escuchar-para-entender-un-monton-de-cosas\/\" \/>\n<meta property=\"og:site_name\" content=\"Radio Universidad Villa Mercedes 97.5 | UNSL\" \/>\n<meta property=\"article:published_time\" content=\"2025-10-13T19:42:58+00:00\" \/>\n<meta property=\"article:modified_time\" content=\"2025-10-13T22:04:54+00:00\" \/>\n<meta property=\"og:image\" content=\"http:\/\/radio.fcejs.unsl.edu.ar\/wp-content\/uploads\/2025\/10\/Hector-Flores-2.jpg\" \/>\n\t<meta property=\"og:image:width\" content=\"1000\" \/>\n\t<meta property=\"og:image:height\" content=\"667\" \/>\n\t<meta property=\"og:image:type\" content=\"image\/jpeg\" \/>\n<meta name=\"author\" content=\"Virginia Aguilera\" \/>\n<meta name=\"twitter:card\" content=\"summary_large_image\" \/>\n<meta name=\"twitter:label1\" content=\"Escrito por\" \/>\n\t<meta name=\"twitter:data1\" content=\"Virginia Aguilera\" \/>\n\t<meta name=\"twitter:label2\" content=\"Tiempo de lectura\" \/>\n\t<meta name=\"twitter:data2\" content=\"3 minutos\" \/>\n<script type=\"application\/ld+json\" class=\"yoast-schema-graph\">{\"@context\":\"https:\/\/schema.org\",\"@graph\":[{\"@type\":\"Article\",\"@id\":\"https:\/\/radio.fcejs.unsl.edu.ar\/index.php\/hector-flores-solo-tuvimos-que-escuchar-para-entender-un-monton-de-cosas\/#article\",\"isPartOf\":{\"@id\":\"https:\/\/radio.fcejs.unsl.edu.ar\/index.php\/hector-flores-solo-tuvimos-que-escuchar-para-entender-un-monton-de-cosas\/\"},\"author\":{\"name\":\"Virginia Aguilera\",\"@id\":\"https:\/\/radio.fcejs.unsl.edu.ar\/#\/schema\/person\/71179a56ee499ac8cd4e46f865c627c7\"},\"headline\":\"H\u00e9ctor Flores: \u201cSolo tuvimos que escuchar para entender un mont\u00f3n de cosas\u201d\",\"datePublished\":\"2025-10-13T19:42:58+00:00\",\"dateModified\":\"2025-10-13T22:04:54+00:00\",\"mainEntityOfPage\":{\"@id\":\"https:\/\/radio.fcejs.unsl.edu.ar\/index.php\/hector-flores-solo-tuvimos-que-escuchar-para-entender-un-monton-de-cosas\/\"},\"wordCount\":443,\"publisher\":{\"@id\":\"https:\/\/radio.fcejs.unsl.edu.ar\/#organization\"},\"image\":{\"@id\":\"https:\/\/radio.fcejs.unsl.edu.ar\/index.php\/hector-flores-solo-tuvimos-que-escuchar-para-entender-un-monton-de-cosas\/#primaryimage\"},\"thumbnailUrl\":\"https:\/\/radio.fcejs.unsl.edu.ar\/wp-content\/uploads\/2025\/10\/Hector-Flores-2.jpg\",\"articleSection\":[\"Entrevistas\"],\"inLanguage\":\"es-AR\"},{\"@type\":\"WebPage\",\"@id\":\"https:\/\/radio.fcejs.unsl.edu.ar\/index.php\/hector-flores-solo-tuvimos-que-escuchar-para-entender-un-monton-de-cosas\/\",\"url\":\"https:\/\/radio.fcejs.unsl.edu.ar\/index.php\/hector-flores-solo-tuvimos-que-escuchar-para-entender-un-monton-de-cosas\/\",\"name\":\"H\u00e9ctor Flores: \u201cSolo tuvimos que escuchar para entender un mont\u00f3n de cosas\u201d - Radio Universidad Villa Mercedes 97.5 | UNSL\",\"isPartOf\":{\"@id\":\"https:\/\/radio.fcejs.unsl.edu.ar\/#website\"},\"primaryImageOfPage\":{\"@id\":\"https:\/\/radio.fcejs.unsl.edu.ar\/index.php\/hector-flores-solo-tuvimos-que-escuchar-para-entender-un-monton-de-cosas\/#primaryimage\"},\"image\":{\"@id\":\"https:\/\/radio.fcejs.unsl.edu.ar\/index.php\/hector-flores-solo-tuvimos-que-escuchar-para-entender-un-monton-de-cosas\/#primaryimage\"},\"thumbnailUrl\":\"https:\/\/radio.fcejs.unsl.edu.ar\/wp-content\/uploads\/2025\/10\/Hector-Flores-2.jpg\",\"datePublished\":\"2025-10-13T19:42:58+00:00\",\"dateModified\":\"2025-10-13T22:04:54+00:00\",\"breadcrumb\":{\"@id\":\"https:\/\/radio.fcejs.unsl.edu.ar\/index.php\/hector-flores-solo-tuvimos-que-escuchar-para-entender-un-monton-de-cosas\/#breadcrumb\"},\"inLanguage\":\"es-AR\",\"potentialAction\":[{\"@type\":\"ReadAction\",\"target\":[\"https:\/\/radio.fcejs.unsl.edu.ar\/index.php\/hector-flores-solo-tuvimos-que-escuchar-para-entender-un-monton-de-cosas\/\"]}]},{\"@type\":\"ImageObject\",\"inLanguage\":\"es-AR\",\"@id\":\"https:\/\/radio.fcejs.unsl.edu.ar\/index.php\/hector-flores-solo-tuvimos-que-escuchar-para-entender-un-monton-de-cosas\/#primaryimage\",\"url\":\"https:\/\/radio.fcejs.unsl.edu.ar\/wp-content\/uploads\/2025\/10\/Hector-Flores-2.jpg\",\"contentUrl\":\"https:\/\/radio.fcejs.unsl.edu.ar\/wp-content\/uploads\/2025\/10\/Hector-Flores-2.jpg\",\"width\":1000,\"height\":667},{\"@type\":\"BreadcrumbList\",\"@id\":\"https:\/\/radio.fcejs.unsl.edu.ar\/index.php\/hector-flores-solo-tuvimos-que-escuchar-para-entender-un-monton-de-cosas\/#breadcrumb\",\"itemListElement\":[{\"@type\":\"ListItem\",\"position\":1,\"name\":\"Inicio\",\"item\":\"https:\/\/radio.fcejs.unsl.edu.ar\/\"},{\"@type\":\"ListItem\",\"position\":2,\"name\":\"H\u00e9ctor Flores: \u201cSolo tuvimos que escuchar para entender un mont\u00f3n de cosas\u201d\"}]},{\"@type\":\"WebSite\",\"@id\":\"https:\/\/radio.fcejs.unsl.edu.ar\/#website\",\"url\":\"https:\/\/radio.fcejs.unsl.edu.ar\/\",\"name\":\"Radio Universidad Villa Mercedes 97.5 | UNSL\",\"description\":\"UNSL\",\"publisher\":{\"@id\":\"https:\/\/radio.fcejs.unsl.edu.ar\/#organization\"},\"potentialAction\":[{\"@type\":\"SearchAction\",\"target\":{\"@type\":\"EntryPoint\",\"urlTemplate\":\"https:\/\/radio.fcejs.unsl.edu.ar\/?s={search_term_string}\"},\"query-input\":{\"@type\":\"PropertyValueSpecification\",\"valueRequired\":true,\"valueName\":\"search_term_string\"}}],\"inLanguage\":\"es-AR\"},{\"@type\":\"Organization\",\"@id\":\"https:\/\/radio.fcejs.unsl.edu.ar\/#organization\",\"name\":\"Radio Universidad Villa Mercedes 97.5 | UNSL\",\"url\":\"https:\/\/radio.fcejs.unsl.edu.ar\/\",\"logo\":{\"@type\":\"ImageObject\",\"inLanguage\":\"es-AR\",\"@id\":\"https:\/\/radio.fcejs.unsl.edu.ar\/#\/schema\/logo\/image\/\",\"url\":\"https:\/\/radio.fcejs.unsl.edu.ar\/wp-content\/uploads\/2023\/12\/cropped-radio-villa-mercedes-97-5.png\",\"contentUrl\":\"https:\/\/radio.fcejs.unsl.edu.ar\/wp-content\/uploads\/2023\/12\/cropped-radio-villa-mercedes-97-5.png\",\"width\":908,\"height\":289,\"caption\":\"Radio Universidad Villa Mercedes 97.5 | UNSL\"},\"image\":{\"@id\":\"https:\/\/radio.fcejs.unsl.edu.ar\/#\/schema\/logo\/image\/\"}},{\"@type\":\"Person\",\"@id\":\"https:\/\/radio.fcejs.unsl.edu.ar\/#\/schema\/person\/71179a56ee499ac8cd4e46f865c627c7\",\"name\":\"Virginia Aguilera\",\"url\":\"https:\/\/radio.fcejs.unsl.edu.ar\/index.php\/author\/viraguilera\/\"}]}<\/script>\n<!-- \/ Yoast SEO plugin. -->","yoast_head_json":{"title":"H\u00e9ctor Flores: \u201cSolo tuvimos que escuchar para entender un mont\u00f3n de cosas\u201d - Radio Universidad Villa Mercedes 97.5 | UNSL","robots":{"index":"index","follow":"follow","max-snippet":"max-snippet:-1","max-image-preview":"max-image-preview:large","max-video-preview":"max-video-preview:-1"},"canonical":"https:\/\/radio.fcejs.unsl.edu.ar\/index.php\/hector-flores-solo-tuvimos-que-escuchar-para-entender-un-monton-de-cosas\/","og_locale":"es_ES","og_type":"article","og_title":"H\u00e9ctor Flores: \u201cSolo tuvimos que escuchar para entender un mont\u00f3n de cosas\u201d - Radio Universidad Villa Mercedes 97.5 | UNSL","og_description":"La primer semana de Octubre la FCEJS-UNSL, mantuvo distintas reuniones con representantes de diversas Instituciones del medio, con el fin de impulsar espacios de di\u00e1logo y articulaci\u00f3n institucional. En Radio UNSL-VM, dialogamos con el decano de la Facultad, Mg. H\u00e9ctor Flores, quien nos brind\u00f3 detalles en particular de las reuniones que mantuvieron con representantes de...","og_url":"https:\/\/radio.fcejs.unsl.edu.ar\/index.php\/hector-flores-solo-tuvimos-que-escuchar-para-entender-un-monton-de-cosas\/","og_site_name":"Radio Universidad Villa Mercedes 97.5 | UNSL","article_published_time":"2025-10-13T19:42:58+00:00","article_modified_time":"2025-10-13T22:04:54+00:00","og_image":[{"width":1000,"height":667,"url":"http:\/\/radio.fcejs.unsl.edu.ar\/wp-content\/uploads\/2025\/10\/Hector-Flores-2.jpg","type":"image\/jpeg"}],"author":"Virginia Aguilera","twitter_card":"summary_large_image","twitter_misc":{"Escrito por":"Virginia Aguilera","Tiempo de lectura":"3 minutos"},"schema":{"@context":"https:\/\/schema.org","@graph":[{"@type":"Article","@id":"https:\/\/radio.fcejs.unsl.edu.ar\/index.php\/hector-flores-solo-tuvimos-que-escuchar-para-entender-un-monton-de-cosas\/#article","isPartOf":{"@id":"https:\/\/radio.fcejs.unsl.edu.ar\/index.php\/hector-flores-solo-tuvimos-que-escuchar-para-entender-un-monton-de-cosas\/"},"author":{"name":"Virginia Aguilera","@id":"https:\/\/radio.fcejs.unsl.edu.ar\/#\/schema\/person\/71179a56ee499ac8cd4e46f865c627c7"},"headline":"H\u00e9ctor Flores: \u201cSolo tuvimos que escuchar para entender un mont\u00f3n de cosas\u201d","datePublished":"2025-10-13T19:42:58+00:00","dateModified":"2025-10-13T22:04:54+00:00","mainEntityOfPage":{"@id":"https:\/\/radio.fcejs.unsl.edu.ar\/index.php\/hector-flores-solo-tuvimos-que-escuchar-para-entender-un-monton-de-cosas\/"},"wordCount":443,"publisher":{"@id":"https:\/\/radio.fcejs.unsl.edu.ar\/#organization"},"image":{"@id":"https:\/\/radio.fcejs.unsl.edu.ar\/index.php\/hector-flores-solo-tuvimos-que-escuchar-para-entender-un-monton-de-cosas\/#primaryimage"},"thumbnailUrl":"https:\/\/radio.fcejs.unsl.edu.ar\/wp-content\/uploads\/2025\/10\/Hector-Flores-2.jpg","articleSection":["Entrevistas"],"inLanguage":"es-AR"},{"@type":"WebPage","@id":"https:\/\/radio.fcejs.unsl.edu.ar\/index.php\/hector-flores-solo-tuvimos-que-escuchar-para-entender-un-monton-de-cosas\/","url":"https:\/\/radio.fcejs.unsl.edu.ar\/index.php\/hector-flores-solo-tuvimos-que-escuchar-para-entender-un-monton-de-cosas\/","name":"H\u00e9ctor Flores: \u201cSolo tuvimos que escuchar para entender un mont\u00f3n de cosas\u201d - Radio Universidad Villa Mercedes 97.5 | UNSL","isPartOf":{"@id":"https:\/\/radio.fcejs.unsl.edu.ar\/#website"},"primaryImageOfPage":{"@id":"https:\/\/radio.fcejs.unsl.edu.ar\/index.php\/hector-flores-solo-tuvimos-que-escuchar-para-entender-un-monton-de-cosas\/#primaryimage"},"image":{"@id":"https:\/\/radio.fcejs.unsl.edu.ar\/index.php\/hector-flores-solo-tuvimos-que-escuchar-para-entender-un-monton-de-cosas\/#primaryimage"},"thumbnailUrl":"https:\/\/radio.fcejs.unsl.edu.ar\/wp-content\/uploads\/2025\/10\/Hector-Flores-2.jpg","datePublished":"2025-10-13T19:42:58+00:00","dateModified":"2025-10-13T22:04:54+00:00","breadcrumb":{"@id":"https:\/\/radio.fcejs.unsl.edu.ar\/index.php\/hector-flores-solo-tuvimos-que-escuchar-para-entender-un-monton-de-cosas\/#breadcrumb"},"inLanguage":"es-AR","potentialAction":[{"@type":"ReadAction","target":["https:\/\/radio.fcejs.unsl.edu.ar\/index.php\/hector-flores-solo-tuvimos-que-escuchar-para-entender-un-monton-de-cosas\/"]}]},{"@type":"ImageObject","inLanguage":"es-AR","@id":"https:\/\/radio.fcejs.unsl.edu.ar\/index.php\/hector-flores-solo-tuvimos-que-escuchar-para-entender-un-monton-de-cosas\/#primaryimage","url":"https:\/\/radio.fcejs.unsl.edu.ar\/wp-content\/uploads\/2025\/10\/Hector-Flores-2.jpg","contentUrl":"https:\/\/radio.fcejs.unsl.edu.ar\/wp-content\/uploads\/2025\/10\/Hector-Flores-2.jpg","width":1000,"height":667},{"@type":"BreadcrumbList","@id":"https:\/\/radio.fcejs.unsl.edu.ar\/index.php\/hector-flores-solo-tuvimos-que-escuchar-para-entender-un-monton-de-cosas\/#breadcrumb","itemListElement":[{"@type":"ListItem","position":1,"name":"Inicio","item":"https:\/\/radio.fcejs.unsl.edu.ar\/"},{"@type":"ListItem","position":2,"name":"H\u00e9ctor Flores: \u201cSolo tuvimos que escuchar para entender un mont\u00f3n de cosas\u201d"}]},{"@type":"WebSite","@id":"https:\/\/radio.fcejs.unsl.edu.ar\/#website","url":"https:\/\/radio.fcejs.unsl.edu.ar\/","name":"Radio Universidad Villa Mercedes 97.5 | UNSL","description":"UNSL","publisher":{"@id":"https:\/\/radio.fcejs.unsl.edu.ar\/#organization"},"potentialAction":[{"@type":"SearchAction","target":{"@type":"EntryPoint","urlTemplate":"https:\/\/radio.fcejs.unsl.edu.ar\/?s={search_term_string}"},"query-input":{"@type":"PropertyValueSpecification","valueRequired":true,"valueName":"search_term_string"}}],"inLanguage":"es-AR"},{"@type":"Organization","@id":"https:\/\/radio.fcejs.unsl.edu.ar\/#organization","name":"Radio Universidad Villa Mercedes 97.5 | UNSL","url":"https:\/\/radio.fcejs.unsl.edu.ar\/","logo":{"@type":"ImageObject","inLanguage":"es-AR","@id":"https:\/\/radio.fcejs.unsl.edu.ar\/#\/schema\/logo\/image\/","url":"https:\/\/radio.fcejs.unsl.edu.ar\/wp-content\/uploads\/2023\/12\/cropped-radio-villa-mercedes-97-5.png","contentUrl":"https:\/\/radio.fcejs.unsl.edu.ar\/wp-content\/uploads\/2023\/12\/cropped-radio-villa-mercedes-97-5.png","width":908,"height":289,"caption":"Radio Universidad Villa Mercedes 97.5 | UNSL"},"image":{"@id":"https:\/\/radio.fcejs.unsl.edu.ar\/#\/schema\/logo\/image\/"}},{"@type":"Person","@id":"https:\/\/radio.fcejs.unsl.edu.ar\/#\/schema\/person\/71179a56ee499ac8cd4e46f865c627c7","name":"Virginia Aguilera","url":"https:\/\/radio.fcejs.unsl.edu.ar\/index.php\/author\/viraguilera\/"}]}},"_links":{"self":[{"href":"https:\/\/radio.fcejs.unsl.edu.ar\/index.php\/wp-json\/wp\/v2\/posts\/3509","targetHints":{"allow":["GET"]}}],"collection":[{"href":"https:\/\/radio.fcejs.unsl.edu.ar\/index.php\/wp-json\/wp\/v2\/posts"}],"about":[{"href":"https:\/\/radio.fcejs.unsl.edu.ar\/index.php\/wp-json\/wp\/v2\/types\/post"}],"author":[{"embeddable":true,"href":"https:\/\/radio.fcejs.unsl.edu.ar\/index.php\/wp-json\/wp\/v2\/users\/5"}],"replies":[{"embeddable":true,"href":"https:\/\/radio.fcejs.unsl.edu.ar\/index.php\/wp-json\/wp\/v2\/comments?post=3509"}],"version-history":[{"count":5,"href":"https:\/\/radio.fcejs.unsl.edu.ar\/index.php\/wp-json\/wp\/v2\/posts\/3509\/revisions"}],"predecessor-version":[{"id":3515,"href":"https:\/\/radio.fcejs.unsl.edu.ar\/index.php\/wp-json\/wp\/v2\/posts\/3509\/revisions\/3515"}],"wp:featuredmedia":[{"embeddable":true,"href":"https:\/\/radio.fcejs.unsl.edu.ar\/index.php\/wp-json\/wp\/v2\/media\/3510"}],"wp:attachment":[{"href":"https:\/\/radio.fcejs.unsl.edu.ar\/index.php\/wp-json\/wp\/v2\/media?parent=3509"}],"wp:term":[{"taxonomy":"category","embeddable":true,"href":"https:\/\/radio.fcejs.unsl.edu.ar\/index.php\/wp-json\/wp\/v2\/categories?post=3509"},{"taxonomy":"post_tag","embeddable":true,"href":"https:\/\/radio.fcejs.unsl.edu.ar\/index.php\/wp-json\/wp\/v2\/tags?post=3509"}],"curies":[{"name":"wp","href":"https:\/\/api.w.org\/{rel}","templated":true}]}}