{"id":3500,"date":"2025-10-09T16:08:15","date_gmt":"2025-10-09T19:08:15","guid":{"rendered":"https:\/\/radio.fcejs.unsl.edu.ar\/?p=3500"},"modified":"2025-10-09T16:08:15","modified_gmt":"2025-10-09T19:08:15","slug":"el-ciem-de-fica-brindo-una-clase-practica-a-estudiantes-del-ifdc-de-villa-mercedes","status":"publish","type":"post","link":"https:\/\/radio.fcejs.unsl.edu.ar\/index.php\/el-ciem-de-fica-brindo-una-clase-practica-a-estudiantes-del-ifdc-de-villa-mercedes\/","title":{"rendered":"El CIEM de FICA brind\u00f3 una clase pr\u00e1ctica a estudiantes del IFDC de Villa Mercedes"},"content":{"rendered":"<p>El mi\u00e9rcoles 8 de octubre, el Centro de Ensayos e Investigaci\u00f3n de los Materiales de la Facultad de Ingenier\u00eda y Ciencias Agropecuarias brind\u00f3 una clase pr\u00e1ctica a estudiantes de la Tecnicatura Superior en Tecnolog\u00edas Industriales del IFDC Villa Mercedes.<\/p>\n<p>En el laboratorio los estudiantes tuvieron una capacitaci\u00f3n en tem\u00e1tica de \u201cTracci\u00f3n\u201d y pudieron\u00a0 ver el ensayo, con el acompa\u00f1amiento del T\u00e9cnico Pablo Costa, el Ing. Roger Ponce, y la Ing. Johana Sanoguera directora del laboratorio.<\/p>\n<p><strong>Al finalizar la clase pudimos dialogar con dos estudiantes, quienes constaron su experiencia en el laboratorio:<\/strong><\/p>\n<ul>\n<li>\u201cHoy hicimos un recorrido por una planta de investigaci\u00f3n cient\u00edfica, en base a la resistencia de los materiales, y fue una experiencia\u00a0 muy bonita para m\u00ed y para todos mis compa\u00f1eros. Ver las m\u00e1quinas, y c\u00f3mo se estaba explicando b\u00e1sicamente la resistencia y todo lo dem\u00e1s\u2026 fue un muy buen d\u00eda, espero ojal\u00e1 que se repita\u201d, dijo el estudiante <strong><u>Alejo Benjam\u00edn Escudero.<\/u><\/strong><\/li>\n<li>\u201cLa charla que tuvimos en el laboratorio nos sirvi\u00f3 bastante para ver la parte pr\u00e1ctica de lo que ven\u00edamos viendo en la materia Resistencia de los materiales, en la que ven\u00edamos calculando el momento, momento de flector momento de corte, es lo que ven\u00edamos viendo en la materia\u2026 lo que vi hoy me ayuda bastante a entender la teor\u00eda que me ense\u00f1aron en el Instituto\u201d \u00a0dijo por su parte el estudiante <strong><u>Nazareno Villalba.<\/u><\/strong><\/li>\n<\/ul>\n<p>Adem\u00e1s dialogamos con el <strong><u>Ing. Roger Ponce<\/u><\/strong>, docente a cargo de los estudiantes del IFDC, y tambi\u00e9n docente de la FICA, quien sobre la actividad dijo: \u201cla experiencia para estos alumnos, de poder venir a un laboratorio, de ver las m\u00e1quinas reales, de ver a los profesionales c\u00f3mo se hace, y todo lo dem\u00e1s, es de un contacto muy importante\u2026 para la gente de la FICA es parte, digamos est\u00e1 naturalizado que est\u00e1 ah\u00ed, pero para el que est\u00e1 afuera, para el que no tiene acceso a un lugar como este, es muy importante\u201d.<\/p>\n<p style=\"text-align: center\"><strong><u>***Escucha las entrevistas realizadas en los audios que compartimos a continuaci\u00f3n: <\/u><\/strong><\/p>\n<p><strong>Estudiantes:<\/strong><\/p>\n<p><img fetchpriority=\"high\" decoding=\"async\" class=\"aligncenter wp-image-3501 size-large\" src=\"http:\/\/radio.fcejs.unsl.edu.ar\/wp-content\/uploads\/2025\/10\/estudiantes-IFDC-1024x473.jpeg\" alt=\"\" width=\"1024\" height=\"473\" srcset=\"https:\/\/radio.fcejs.unsl.edu.ar\/wp-content\/uploads\/2025\/10\/estudiantes-IFDC-1024x473.jpeg 1024w, https:\/\/radio.fcejs.unsl.edu.ar\/wp-content\/uploads\/2025\/10\/estudiantes-IFDC-300x139.jpeg 300w, https:\/\/radio.fcejs.unsl.edu.ar\/wp-content\/uploads\/2025\/10\/estudiantes-IFDC-768x355.jpeg 768w, https:\/\/radio.fcejs.unsl.edu.ar\/wp-content\/uploads\/2025\/10\/estudiantes-IFDC.jpeg 1280w\" sizes=\"(max-width: 1024px) 100vw, 1024px\" \/><\/p>\n<audio class=\"wp-audio-shortcode\" id=\"audio-3500-1\" preload=\"none\" style=\"width: 100%;\" controls=\"controls\"><source type=\"audio\/mpeg\" src=\"https:\/\/radioupload.fica.unsl.edu.ar\/files\/jb\/Estudiantes%20IFDC%20en%20el%20CIEM.mp3?_=1\" \/><a href=\"https:\/\/radioupload.fica.unsl.edu.ar\/files\/jb\/Estudiantes%20IFDC%20en%20el%20CIEM.mp3\">https:\/\/radioupload.fica.unsl.edu.ar\/files\/jb\/Estudiantes%20IFDC%20en%20el%20CIEM.mp3<\/a><\/audio>\n<p>&nbsp;<\/p>\n<p><strong>Ing. Roger Ponce, docente del IFDC, y de FICA.:<\/strong><\/p>\n<p><img decoding=\"async\" class=\"aligncenter wp-image-3502 size-large\" src=\"http:\/\/radio.fcejs.unsl.edu.ar\/wp-content\/uploads\/2025\/10\/Roger-Ponce-Foto-1024x473.jpeg\" alt=\"\" width=\"1024\" height=\"473\" srcset=\"https:\/\/radio.fcejs.unsl.edu.ar\/wp-content\/uploads\/2025\/10\/Roger-Ponce-Foto-1024x473.jpeg 1024w, https:\/\/radio.fcejs.unsl.edu.ar\/wp-content\/uploads\/2025\/10\/Roger-Ponce-Foto-300x139.jpeg 300w, https:\/\/radio.fcejs.unsl.edu.ar\/wp-content\/uploads\/2025\/10\/Roger-Ponce-Foto-768x355.jpeg 768w, https:\/\/radio.fcejs.unsl.edu.ar\/wp-content\/uploads\/2025\/10\/Roger-Ponce-Foto.jpeg 1280w\" sizes=\"(max-width: 1024px) 100vw, 1024px\" \/><\/p>\n<audio class=\"wp-audio-shortcode\" id=\"audio-3500-2\" preload=\"none\" style=\"width: 100%;\" controls=\"controls\"><source type=\"audio\/mpeg\" src=\"https:\/\/radioupload.fica.unsl.edu.ar\/files\/jb\/Roger%20Ponce%20docente%20IFDC%20y%20FICA%20en%20el%20CIEM.mp3?_=2\" \/><a href=\"https:\/\/radioupload.fica.unsl.edu.ar\/files\/jb\/Roger%20Ponce%20docente%20IFDC%20y%20FICA%20en%20el%20CIEM.mp3\">https:\/\/radioupload.fica.unsl.edu.ar\/files\/jb\/Roger%20Ponce%20docente%20IFDC%20y%20FICA%20en%20el%20CIEM.mp3<\/a><\/audio>\n<p>&nbsp;<\/p>\n<p>Fotos tomadas durante la clase pr\u00e1ctica:<\/p>\n<p><img decoding=\"async\" class=\"aligncenter wp-image-3503 size-large\" src=\"http:\/\/radio.fcejs.unsl.edu.ar\/wp-content\/uploads\/2025\/10\/Clase-Ciem-8-1024x576.jpeg\" alt=\"\" width=\"1024\" height=\"576\" srcset=\"https:\/\/radio.fcejs.unsl.edu.ar\/wp-content\/uploads\/2025\/10\/Clase-Ciem-8-1024x576.jpeg 1024w, https:\/\/radio.fcejs.unsl.edu.ar\/wp-content\/uploads\/2025\/10\/Clase-Ciem-8-300x169.jpeg 300w, https:\/\/radio.fcejs.unsl.edu.ar\/wp-content\/uploads\/2025\/10\/Clase-Ciem-8-768x432.jpeg 768w, https:\/\/radio.fcejs.unsl.edu.ar\/wp-content\/uploads\/2025\/10\/Clase-Ciem-8-1536x864.jpeg 1536w, https:\/\/radio.fcejs.unsl.edu.ar\/wp-content\/uploads\/2025\/10\/Clase-Ciem-8.jpeg 1599w\" sizes=\"(max-width: 1024px) 100vw, 1024px\" \/><\/p>\n<p><img loading=\"lazy\" decoding=\"async\" class=\"aligncenter wp-image-3504 size-large\" src=\"http:\/\/radio.fcejs.unsl.edu.ar\/wp-content\/uploads\/2025\/10\/ciem-clase-2-1024x473.jpeg\" alt=\"\" width=\"1024\" height=\"473\" srcset=\"https:\/\/radio.fcejs.unsl.edu.ar\/wp-content\/uploads\/2025\/10\/ciem-clase-2-1024x473.jpeg 1024w, https:\/\/radio.fcejs.unsl.edu.ar\/wp-content\/uploads\/2025\/10\/ciem-clase-2-300x139.jpeg 300w, https:\/\/radio.fcejs.unsl.edu.ar\/wp-content\/uploads\/2025\/10\/ciem-clase-2-768x355.jpeg 768w, https:\/\/radio.fcejs.unsl.edu.ar\/wp-content\/uploads\/2025\/10\/ciem-clase-2.jpeg 1280w\" sizes=\"(max-width: 1024px) 100vw, 1024px\" \/><\/p>\n<p><img loading=\"lazy\" decoding=\"async\" class=\"aligncenter wp-image-3505 size-large\" src=\"http:\/\/radio.fcejs.unsl.edu.ar\/wp-content\/uploads\/2025\/10\/ciem-clase-3-1024x576.jpeg\" alt=\"\" width=\"1024\" height=\"576\" srcset=\"https:\/\/radio.fcejs.unsl.edu.ar\/wp-content\/uploads\/2025\/10\/ciem-clase-3-1024x576.jpeg 1024w, https:\/\/radio.fcejs.unsl.edu.ar\/wp-content\/uploads\/2025\/10\/ciem-clase-3-300x169.jpeg 300w, https:\/\/radio.fcejs.unsl.edu.ar\/wp-content\/uploads\/2025\/10\/ciem-clase-3-768x432.jpeg 768w, https:\/\/radio.fcejs.unsl.edu.ar\/wp-content\/uploads\/2025\/10\/ciem-clase-3-1536x864.jpeg 1536w, https:\/\/radio.fcejs.unsl.edu.ar\/wp-content\/uploads\/2025\/10\/ciem-clase-3.jpeg 1599w\" sizes=\"(max-width: 1024px) 100vw, 1024px\" \/><\/p>\n<p><img loading=\"lazy\" decoding=\"async\" class=\"aligncenter wp-image-3507 size-large\" src=\"http:\/\/radio.fcejs.unsl.edu.ar\/wp-content\/uploads\/2025\/10\/ciem-clase-1-1024x473.jpeg\" alt=\"\" width=\"1024\" height=\"473\" srcset=\"https:\/\/radio.fcejs.unsl.edu.ar\/wp-content\/uploads\/2025\/10\/ciem-clase-1-1024x473.jpeg 1024w, https:\/\/radio.fcejs.unsl.edu.ar\/wp-content\/uploads\/2025\/10\/ciem-clase-1-300x139.jpeg 300w, https:\/\/radio.fcejs.unsl.edu.ar\/wp-content\/uploads\/2025\/10\/ciem-clase-1-768x355.jpeg 768w, https:\/\/radio.fcejs.unsl.edu.ar\/wp-content\/uploads\/2025\/10\/ciem-clase-1.jpeg 1280w\" sizes=\"(max-width: 1024px) 100vw, 1024px\" \/><\/p>\n<p><img loading=\"lazy\" decoding=\"async\" class=\"aligncenter wp-image-3506 size-large\" src=\"http:\/\/radio.fcejs.unsl.edu.ar\/wp-content\/uploads\/2025\/10\/ciem-clase-4-1024x576.jpeg\" alt=\"\" width=\"1024\" height=\"576\" srcset=\"https:\/\/radio.fcejs.unsl.edu.ar\/wp-content\/uploads\/2025\/10\/ciem-clase-4-1024x576.jpeg 1024w, https:\/\/radio.fcejs.unsl.edu.ar\/wp-content\/uploads\/2025\/10\/ciem-clase-4-300x169.jpeg 300w, https:\/\/radio.fcejs.unsl.edu.ar\/wp-content\/uploads\/2025\/10\/ciem-clase-4-768x432.jpeg 768w, https:\/\/radio.fcejs.unsl.edu.ar\/wp-content\/uploads\/2025\/10\/ciem-clase-4-1536x864.jpeg 1536w, https:\/\/radio.fcejs.unsl.edu.ar\/wp-content\/uploads\/2025\/10\/ciem-clase-4.jpeg 1599w\" sizes=\"(max-width: 1024px) 100vw, 1024px\" \/><\/p>\n<p>&nbsp;<\/p>\n<p><strong>*Entrevista realizada por Virginia Aguilera &#8211; Radio UNSL en Villa Mercedes- 97.5 FM<\/strong><\/p>\n","protected":false},"excerpt":{"rendered":"<p>El mi\u00e9rcoles 8 de octubre, el Centro de Ensayos e Investigaci\u00f3n de los Materiales de la Facultad de Ingenier\u00eda y Ciencias Agropecuarias brind\u00f3 una clase pr\u00e1ctica a estudiantes de la Tecnicatura Superior en Tecnolog\u00edas Industriales del IFDC Villa Mercedes. En el laboratorio los estudiantes tuvieron una capacitaci\u00f3n en tem\u00e1tica de \u201cTracci\u00f3n\u201d y pudieron\u00a0 ver el&#8230;<\/p>\n","protected":false},"author":5,"featured_media":3506,"comment_status":"closed","ping_status":"closed","sticky":false,"template":"","format":"standard","meta":{"_kad_post_transparent":"default","_kad_post_title":"default","_kad_post_layout":"default","_kad_post_sidebar_id":"","_kad_post_content_style":"default","_kad_post_vertical_padding":"default","_kad_post_feature":"","_kad_post_feature_position":"","_kad_post_header":false,"_kad_post_footer":false,"_kad_post_classname":"","footnotes":""},"categories":[14],"tags":[],"class_list":["post-3500","post","type-post","status-publish","format-standard","has-post-thumbnail","hentry","category-entrevistas"],"yoast_head":"<!-- This site is optimized with the Yoast SEO plugin v27.2 - https:\/\/yoast.com\/product\/yoast-seo-wordpress\/ -->\n<title>El CIEM de FICA brind\u00f3 una clase pr\u00e1ctica a estudiantes del IFDC de Villa Mercedes - Radio Universidad Villa Mercedes 97.5 | UNSL<\/title>\n<meta name=\"robots\" content=\"index, follow, max-snippet:-1, max-image-preview:large, max-video-preview:-1\" \/>\n<link rel=\"canonical\" href=\"https:\/\/radio.fcejs.unsl.edu.ar\/index.php\/el-ciem-de-fica-brindo-una-clase-practica-a-estudiantes-del-ifdc-de-villa-mercedes\/\" \/>\n<meta property=\"og:locale\" content=\"es_ES\" \/>\n<meta property=\"og:type\" content=\"article\" \/>\n<meta property=\"og:title\" content=\"El CIEM de FICA brind\u00f3 una clase pr\u00e1ctica a estudiantes del IFDC de Villa Mercedes - Radio Universidad Villa Mercedes 97.5 | UNSL\" \/>\n<meta property=\"og:description\" content=\"El mi\u00e9rcoles 8 de octubre, el Centro de Ensayos e Investigaci\u00f3n de los Materiales de la Facultad de Ingenier\u00eda y Ciencias Agropecuarias brind\u00f3 una clase pr\u00e1ctica a estudiantes de la Tecnicatura Superior en Tecnolog\u00edas Industriales del IFDC Villa Mercedes. En el laboratorio los estudiantes tuvieron una capacitaci\u00f3n en tem\u00e1tica de \u201cTracci\u00f3n\u201d y pudieron\u00a0 ver el...\" \/>\n<meta property=\"og:url\" content=\"https:\/\/radio.fcejs.unsl.edu.ar\/index.php\/el-ciem-de-fica-brindo-una-clase-practica-a-estudiantes-del-ifdc-de-villa-mercedes\/\" \/>\n<meta property=\"og:site_name\" content=\"Radio Universidad Villa Mercedes 97.5 | UNSL\" \/>\n<meta property=\"article:published_time\" content=\"2025-10-09T19:08:15+00:00\" \/>\n<meta property=\"og:image\" content=\"http:\/\/radio.fcejs.unsl.edu.ar\/wp-content\/uploads\/2025\/10\/ciem-clase-4.jpeg\" \/>\n\t<meta property=\"og:image:width\" content=\"1599\" \/>\n\t<meta property=\"og:image:height\" content=\"899\" \/>\n\t<meta property=\"og:image:type\" content=\"image\/jpeg\" \/>\n<meta name=\"author\" content=\"Virginia Aguilera\" \/>\n<meta name=\"twitter:card\" content=\"summary_large_image\" \/>\n<meta name=\"twitter:label1\" content=\"Escrito por\" \/>\n\t<meta name=\"twitter:data1\" content=\"Virginia Aguilera\" \/>\n\t<meta name=\"twitter:label2\" content=\"Tiempo de lectura\" \/>\n\t<meta name=\"twitter:data2\" content=\"4 minutos\" \/>\n<script type=\"application\/ld+json\" class=\"yoast-schema-graph\">{\"@context\":\"https:\/\/schema.org\",\"@graph\":[{\"@type\":\"Article\",\"@id\":\"https:\/\/radio.fcejs.unsl.edu.ar\/index.php\/el-ciem-de-fica-brindo-una-clase-practica-a-estudiantes-del-ifdc-de-villa-mercedes\/#article\",\"isPartOf\":{\"@id\":\"https:\/\/radio.fcejs.unsl.edu.ar\/index.php\/el-ciem-de-fica-brindo-una-clase-practica-a-estudiantes-del-ifdc-de-villa-mercedes\/\"},\"author\":{\"name\":\"Virginia Aguilera\",\"@id\":\"https:\/\/radio.fcejs.unsl.edu.ar\/#\/schema\/person\/71179a56ee499ac8cd4e46f865c627c7\"},\"headline\":\"El CIEM de FICA brind\u00f3 una clase pr\u00e1ctica a estudiantes del IFDC de Villa Mercedes\",\"datePublished\":\"2025-10-09T19:08:15+00:00\",\"mainEntityOfPage\":{\"@id\":\"https:\/\/radio.fcejs.unsl.edu.ar\/index.php\/el-ciem-de-fica-brindo-una-clase-practica-a-estudiantes-del-ifdc-de-villa-mercedes\/\"},\"wordCount\":445,\"publisher\":{\"@id\":\"https:\/\/radio.fcejs.unsl.edu.ar\/#organization\"},\"image\":{\"@id\":\"https:\/\/radio.fcejs.unsl.edu.ar\/index.php\/el-ciem-de-fica-brindo-una-clase-practica-a-estudiantes-del-ifdc-de-villa-mercedes\/#primaryimage\"},\"thumbnailUrl\":\"https:\/\/radio.fcejs.unsl.edu.ar\/wp-content\/uploads\/2025\/10\/ciem-clase-4.jpeg\",\"articleSection\":[\"Entrevistas\"],\"inLanguage\":\"es-AR\"},{\"@type\":\"WebPage\",\"@id\":\"https:\/\/radio.fcejs.unsl.edu.ar\/index.php\/el-ciem-de-fica-brindo-una-clase-practica-a-estudiantes-del-ifdc-de-villa-mercedes\/\",\"url\":\"https:\/\/radio.fcejs.unsl.edu.ar\/index.php\/el-ciem-de-fica-brindo-una-clase-practica-a-estudiantes-del-ifdc-de-villa-mercedes\/\",\"name\":\"El CIEM de FICA brind\u00f3 una clase pr\u00e1ctica a estudiantes del IFDC de Villa Mercedes - Radio Universidad Villa Mercedes 97.5 | UNSL\",\"isPartOf\":{\"@id\":\"https:\/\/radio.fcejs.unsl.edu.ar\/#website\"},\"primaryImageOfPage\":{\"@id\":\"https:\/\/radio.fcejs.unsl.edu.ar\/index.php\/el-ciem-de-fica-brindo-una-clase-practica-a-estudiantes-del-ifdc-de-villa-mercedes\/#primaryimage\"},\"image\":{\"@id\":\"https:\/\/radio.fcejs.unsl.edu.ar\/index.php\/el-ciem-de-fica-brindo-una-clase-practica-a-estudiantes-del-ifdc-de-villa-mercedes\/#primaryimage\"},\"thumbnailUrl\":\"https:\/\/radio.fcejs.unsl.edu.ar\/wp-content\/uploads\/2025\/10\/ciem-clase-4.jpeg\",\"datePublished\":\"2025-10-09T19:08:15+00:00\",\"breadcrumb\":{\"@id\":\"https:\/\/radio.fcejs.unsl.edu.ar\/index.php\/el-ciem-de-fica-brindo-una-clase-practica-a-estudiantes-del-ifdc-de-villa-mercedes\/#breadcrumb\"},\"inLanguage\":\"es-AR\",\"potentialAction\":[{\"@type\":\"ReadAction\",\"target\":[\"https:\/\/radio.fcejs.unsl.edu.ar\/index.php\/el-ciem-de-fica-brindo-una-clase-practica-a-estudiantes-del-ifdc-de-villa-mercedes\/\"]}]},{\"@type\":\"ImageObject\",\"inLanguage\":\"es-AR\",\"@id\":\"https:\/\/radio.fcejs.unsl.edu.ar\/index.php\/el-ciem-de-fica-brindo-una-clase-practica-a-estudiantes-del-ifdc-de-villa-mercedes\/#primaryimage\",\"url\":\"https:\/\/radio.fcejs.unsl.edu.ar\/wp-content\/uploads\/2025\/10\/ciem-clase-4.jpeg\",\"contentUrl\":\"https:\/\/radio.fcejs.unsl.edu.ar\/wp-content\/uploads\/2025\/10\/ciem-clase-4.jpeg\",\"width\":1599,\"height\":899},{\"@type\":\"BreadcrumbList\",\"@id\":\"https:\/\/radio.fcejs.unsl.edu.ar\/index.php\/el-ciem-de-fica-brindo-una-clase-practica-a-estudiantes-del-ifdc-de-villa-mercedes\/#breadcrumb\",\"itemListElement\":[{\"@type\":\"ListItem\",\"position\":1,\"name\":\"Inicio\",\"item\":\"https:\/\/radio.fcejs.unsl.edu.ar\/\"},{\"@type\":\"ListItem\",\"position\":2,\"name\":\"El CIEM de FICA brind\u00f3 una clase pr\u00e1ctica a estudiantes del IFDC de Villa Mercedes\"}]},{\"@type\":\"WebSite\",\"@id\":\"https:\/\/radio.fcejs.unsl.edu.ar\/#website\",\"url\":\"https:\/\/radio.fcejs.unsl.edu.ar\/\",\"name\":\"Radio Universidad Villa Mercedes 97.5 | UNSL\",\"description\":\"UNSL\",\"publisher\":{\"@id\":\"https:\/\/radio.fcejs.unsl.edu.ar\/#organization\"},\"potentialAction\":[{\"@type\":\"SearchAction\",\"target\":{\"@type\":\"EntryPoint\",\"urlTemplate\":\"https:\/\/radio.fcejs.unsl.edu.ar\/?s={search_term_string}\"},\"query-input\":{\"@type\":\"PropertyValueSpecification\",\"valueRequired\":true,\"valueName\":\"search_term_string\"}}],\"inLanguage\":\"es-AR\"},{\"@type\":\"Organization\",\"@id\":\"https:\/\/radio.fcejs.unsl.edu.ar\/#organization\",\"name\":\"Radio Universidad Villa Mercedes 97.5 | UNSL\",\"url\":\"https:\/\/radio.fcejs.unsl.edu.ar\/\",\"logo\":{\"@type\":\"ImageObject\",\"inLanguage\":\"es-AR\",\"@id\":\"https:\/\/radio.fcejs.unsl.edu.ar\/#\/schema\/logo\/image\/\",\"url\":\"https:\/\/radio.fcejs.unsl.edu.ar\/wp-content\/uploads\/2023\/12\/cropped-radio-villa-mercedes-97-5.png\",\"contentUrl\":\"https:\/\/radio.fcejs.unsl.edu.ar\/wp-content\/uploads\/2023\/12\/cropped-radio-villa-mercedes-97-5.png\",\"width\":908,\"height\":289,\"caption\":\"Radio Universidad Villa Mercedes 97.5 | UNSL\"},\"image\":{\"@id\":\"https:\/\/radio.fcejs.unsl.edu.ar\/#\/schema\/logo\/image\/\"}},{\"@type\":\"Person\",\"@id\":\"https:\/\/radio.fcejs.unsl.edu.ar\/#\/schema\/person\/71179a56ee499ac8cd4e46f865c627c7\",\"name\":\"Virginia Aguilera\",\"url\":\"https:\/\/radio.fcejs.unsl.edu.ar\/index.php\/author\/viraguilera\/\"}]}<\/script>\n<!-- \/ Yoast SEO plugin. -->","yoast_head_json":{"title":"El CIEM de FICA brind\u00f3 una clase pr\u00e1ctica a estudiantes del IFDC de Villa Mercedes - Radio Universidad Villa Mercedes 97.5 | UNSL","robots":{"index":"index","follow":"follow","max-snippet":"max-snippet:-1","max-image-preview":"max-image-preview:large","max-video-preview":"max-video-preview:-1"},"canonical":"https:\/\/radio.fcejs.unsl.edu.ar\/index.php\/el-ciem-de-fica-brindo-una-clase-practica-a-estudiantes-del-ifdc-de-villa-mercedes\/","og_locale":"es_ES","og_type":"article","og_title":"El CIEM de FICA brind\u00f3 una clase pr\u00e1ctica a estudiantes del IFDC de Villa Mercedes - Radio Universidad Villa Mercedes 97.5 | UNSL","og_description":"El mi\u00e9rcoles 8 de octubre, el Centro de Ensayos e Investigaci\u00f3n de los Materiales de la Facultad de Ingenier\u00eda y Ciencias Agropecuarias brind\u00f3 una clase pr\u00e1ctica a estudiantes de la Tecnicatura Superior en Tecnolog\u00edas Industriales del IFDC Villa Mercedes. En el laboratorio los estudiantes tuvieron una capacitaci\u00f3n en tem\u00e1tica de \u201cTracci\u00f3n\u201d y pudieron\u00a0 ver el...","og_url":"https:\/\/radio.fcejs.unsl.edu.ar\/index.php\/el-ciem-de-fica-brindo-una-clase-practica-a-estudiantes-del-ifdc-de-villa-mercedes\/","og_site_name":"Radio Universidad Villa Mercedes 97.5 | UNSL","article_published_time":"2025-10-09T19:08:15+00:00","og_image":[{"width":1599,"height":899,"url":"http:\/\/radio.fcejs.unsl.edu.ar\/wp-content\/uploads\/2025\/10\/ciem-clase-4.jpeg","type":"image\/jpeg"}],"author":"Virginia Aguilera","twitter_card":"summary_large_image","twitter_misc":{"Escrito por":"Virginia Aguilera","Tiempo de lectura":"4 minutos"},"schema":{"@context":"https:\/\/schema.org","@graph":[{"@type":"Article","@id":"https:\/\/radio.fcejs.unsl.edu.ar\/index.php\/el-ciem-de-fica-brindo-una-clase-practica-a-estudiantes-del-ifdc-de-villa-mercedes\/#article","isPartOf":{"@id":"https:\/\/radio.fcejs.unsl.edu.ar\/index.php\/el-ciem-de-fica-brindo-una-clase-practica-a-estudiantes-del-ifdc-de-villa-mercedes\/"},"author":{"name":"Virginia Aguilera","@id":"https:\/\/radio.fcejs.unsl.edu.ar\/#\/schema\/person\/71179a56ee499ac8cd4e46f865c627c7"},"headline":"El CIEM de FICA brind\u00f3 una clase pr\u00e1ctica a estudiantes del IFDC de Villa Mercedes","datePublished":"2025-10-09T19:08:15+00:00","mainEntityOfPage":{"@id":"https:\/\/radio.fcejs.unsl.edu.ar\/index.php\/el-ciem-de-fica-brindo-una-clase-practica-a-estudiantes-del-ifdc-de-villa-mercedes\/"},"wordCount":445,"publisher":{"@id":"https:\/\/radio.fcejs.unsl.edu.ar\/#organization"},"image":{"@id":"https:\/\/radio.fcejs.unsl.edu.ar\/index.php\/el-ciem-de-fica-brindo-una-clase-practica-a-estudiantes-del-ifdc-de-villa-mercedes\/#primaryimage"},"thumbnailUrl":"https:\/\/radio.fcejs.unsl.edu.ar\/wp-content\/uploads\/2025\/10\/ciem-clase-4.jpeg","articleSection":["Entrevistas"],"inLanguage":"es-AR"},{"@type":"WebPage","@id":"https:\/\/radio.fcejs.unsl.edu.ar\/index.php\/el-ciem-de-fica-brindo-una-clase-practica-a-estudiantes-del-ifdc-de-villa-mercedes\/","url":"https:\/\/radio.fcejs.unsl.edu.ar\/index.php\/el-ciem-de-fica-brindo-una-clase-practica-a-estudiantes-del-ifdc-de-villa-mercedes\/","name":"El CIEM de FICA brind\u00f3 una clase pr\u00e1ctica a estudiantes del IFDC de Villa Mercedes - Radio Universidad Villa Mercedes 97.5 | UNSL","isPartOf":{"@id":"https:\/\/radio.fcejs.unsl.edu.ar\/#website"},"primaryImageOfPage":{"@id":"https:\/\/radio.fcejs.unsl.edu.ar\/index.php\/el-ciem-de-fica-brindo-una-clase-practica-a-estudiantes-del-ifdc-de-villa-mercedes\/#primaryimage"},"image":{"@id":"https:\/\/radio.fcejs.unsl.edu.ar\/index.php\/el-ciem-de-fica-brindo-una-clase-practica-a-estudiantes-del-ifdc-de-villa-mercedes\/#primaryimage"},"thumbnailUrl":"https:\/\/radio.fcejs.unsl.edu.ar\/wp-content\/uploads\/2025\/10\/ciem-clase-4.jpeg","datePublished":"2025-10-09T19:08:15+00:00","breadcrumb":{"@id":"https:\/\/radio.fcejs.unsl.edu.ar\/index.php\/el-ciem-de-fica-brindo-una-clase-practica-a-estudiantes-del-ifdc-de-villa-mercedes\/#breadcrumb"},"inLanguage":"es-AR","potentialAction":[{"@type":"ReadAction","target":["https:\/\/radio.fcejs.unsl.edu.ar\/index.php\/el-ciem-de-fica-brindo-una-clase-practica-a-estudiantes-del-ifdc-de-villa-mercedes\/"]}]},{"@type":"ImageObject","inLanguage":"es-AR","@id":"https:\/\/radio.fcejs.unsl.edu.ar\/index.php\/el-ciem-de-fica-brindo-una-clase-practica-a-estudiantes-del-ifdc-de-villa-mercedes\/#primaryimage","url":"https:\/\/radio.fcejs.unsl.edu.ar\/wp-content\/uploads\/2025\/10\/ciem-clase-4.jpeg","contentUrl":"https:\/\/radio.fcejs.unsl.edu.ar\/wp-content\/uploads\/2025\/10\/ciem-clase-4.jpeg","width":1599,"height":899},{"@type":"BreadcrumbList","@id":"https:\/\/radio.fcejs.unsl.edu.ar\/index.php\/el-ciem-de-fica-brindo-una-clase-practica-a-estudiantes-del-ifdc-de-villa-mercedes\/#breadcrumb","itemListElement":[{"@type":"ListItem","position":1,"name":"Inicio","item":"https:\/\/radio.fcejs.unsl.edu.ar\/"},{"@type":"ListItem","position":2,"name":"El CIEM de FICA brind\u00f3 una clase pr\u00e1ctica a estudiantes del IFDC de Villa Mercedes"}]},{"@type":"WebSite","@id":"https:\/\/radio.fcejs.unsl.edu.ar\/#website","url":"https:\/\/radio.fcejs.unsl.edu.ar\/","name":"Radio Universidad Villa Mercedes 97.5 | UNSL","description":"UNSL","publisher":{"@id":"https:\/\/radio.fcejs.unsl.edu.ar\/#organization"},"potentialAction":[{"@type":"SearchAction","target":{"@type":"EntryPoint","urlTemplate":"https:\/\/radio.fcejs.unsl.edu.ar\/?s={search_term_string}"},"query-input":{"@type":"PropertyValueSpecification","valueRequired":true,"valueName":"search_term_string"}}],"inLanguage":"es-AR"},{"@type":"Organization","@id":"https:\/\/radio.fcejs.unsl.edu.ar\/#organization","name":"Radio Universidad Villa Mercedes 97.5 | UNSL","url":"https:\/\/radio.fcejs.unsl.edu.ar\/","logo":{"@type":"ImageObject","inLanguage":"es-AR","@id":"https:\/\/radio.fcejs.unsl.edu.ar\/#\/schema\/logo\/image\/","url":"https:\/\/radio.fcejs.unsl.edu.ar\/wp-content\/uploads\/2023\/12\/cropped-radio-villa-mercedes-97-5.png","contentUrl":"https:\/\/radio.fcejs.unsl.edu.ar\/wp-content\/uploads\/2023\/12\/cropped-radio-villa-mercedes-97-5.png","width":908,"height":289,"caption":"Radio Universidad Villa Mercedes 97.5 | UNSL"},"image":{"@id":"https:\/\/radio.fcejs.unsl.edu.ar\/#\/schema\/logo\/image\/"}},{"@type":"Person","@id":"https:\/\/radio.fcejs.unsl.edu.ar\/#\/schema\/person\/71179a56ee499ac8cd4e46f865c627c7","name":"Virginia Aguilera","url":"https:\/\/radio.fcejs.unsl.edu.ar\/index.php\/author\/viraguilera\/"}]}},"_links":{"self":[{"href":"https:\/\/radio.fcejs.unsl.edu.ar\/index.php\/wp-json\/wp\/v2\/posts\/3500","targetHints":{"allow":["GET"]}}],"collection":[{"href":"https:\/\/radio.fcejs.unsl.edu.ar\/index.php\/wp-json\/wp\/v2\/posts"}],"about":[{"href":"https:\/\/radio.fcejs.unsl.edu.ar\/index.php\/wp-json\/wp\/v2\/types\/post"}],"author":[{"embeddable":true,"href":"https:\/\/radio.fcejs.unsl.edu.ar\/index.php\/wp-json\/wp\/v2\/users\/5"}],"replies":[{"embeddable":true,"href":"https:\/\/radio.fcejs.unsl.edu.ar\/index.php\/wp-json\/wp\/v2\/comments?post=3500"}],"version-history":[{"count":1,"href":"https:\/\/radio.fcejs.unsl.edu.ar\/index.php\/wp-json\/wp\/v2\/posts\/3500\/revisions"}],"predecessor-version":[{"id":3508,"href":"https:\/\/radio.fcejs.unsl.edu.ar\/index.php\/wp-json\/wp\/v2\/posts\/3500\/revisions\/3508"}],"wp:featuredmedia":[{"embeddable":true,"href":"https:\/\/radio.fcejs.unsl.edu.ar\/index.php\/wp-json\/wp\/v2\/media\/3506"}],"wp:attachment":[{"href":"https:\/\/radio.fcejs.unsl.edu.ar\/index.php\/wp-json\/wp\/v2\/media?parent=3500"}],"wp:term":[{"taxonomy":"category","embeddable":true,"href":"https:\/\/radio.fcejs.unsl.edu.ar\/index.php\/wp-json\/wp\/v2\/categories?post=3500"},{"taxonomy":"post_tag","embeddable":true,"href":"https:\/\/radio.fcejs.unsl.edu.ar\/index.php\/wp-json\/wp\/v2\/tags?post=3500"}],"curies":[{"name":"wp","href":"https:\/\/api.w.org\/{rel}","templated":true}]}}