{"id":3487,"date":"2025-10-08T20:28:46","date_gmt":"2025-10-08T23:28:46","guid":{"rendered":"https:\/\/radio.fcejs.unsl.edu.ar\/?p=3487"},"modified":"2025-10-08T20:34:39","modified_gmt":"2025-10-08T23:34:39","slug":"se-realizara-una-nueva-actividad-en-el-centro-de-pensamiento-critico-pedro-paz-el-proximo-13-de-octubre","status":"publish","type":"post","link":"https:\/\/radio.fcejs.unsl.edu.ar\/index.php\/se-realizara-una-nueva-actividad-en-el-centro-de-pensamiento-critico-pedro-paz-el-proximo-13-de-octubre\/","title":{"rendered":"Se realizar\u00e1 una nueva actividad en el Centro de Pensamiento Cr\u00edtico Pedro Paz, el pr\u00f3ximo 13 de octubre"},"content":{"rendered":"<p>El encuentro est\u00e1 previsto para el pr\u00f3ximo lunes a las 20hs (hora de Argentina), y se denomina \u201cHabitar el Territorio: alternativas, tensiones y reproducciones en el capitalismo\u201d.<\/p>\n<p><strong>Dialogamos con el Dr. Enrique ELORZA<\/strong>, director de la Especializaci\u00f3n en Estudios Socioecon\u00f3micos Latinoamericanos e integrante del Centro de Pensamiento Cr\u00edtico Pedro Paz de la FCEJS.\u00a0 \u00a0<strong>Sobre el encuentro dijo:<\/strong> \u201cNosotros iniciamos este a\u00f1o un ciclo denominado \u201cNuestra Am\u00e9rica y la Crisis Civilizatoria\u201d, y que consiste en la realizaci\u00f3n de varios encuentros. Vamos por el encuentro s\u00e9ptimo. Y son todos encuentros con la tem\u00e1tica que est\u00e1 vinculada a cada uno de los temas centrales, m\u00e1s importantes, de los cursos de la Especializaci\u00f3n en Estudios Socioecon\u00f3micos Latinoamericanos\u201d.\u00a0 Y m\u00e1s adelante agreg\u00f3: \u201cse busca discutir sobre los problemas, las necesidades, y para eso van a participar colegas de Argentina y Chile, que nos acompa\u00f1an con sus reflexiones\u201d.<\/p>\n<p>La actividad, se encuentra protocolizada, y se llevar\u00e1 a cabo de manera virtual. Quienes quieran asistir podr\u00e1n acceder en el siguiente link de acceso (reuni\u00f3n de Zoom):<\/p>\n<p><a href=\"https:\/\/us06web.zoom.us\/j\/84034013745?pwd=a1y5wjNq6fI5Tp8P8O0TNwH0arD1AH.1\">https:\/\/us06web.zoom.us\/j\/84034013745?pwd=a1y5wjNq6fI5Tp8P8O0TNwH0arD1AH.1<\/a><\/p>\n<p><strong>***Escucha todos los detalles brindados por el Dr. Enrique Elorza en el siguiente audio de entrevista:<\/strong><\/p>\n<audio class=\"wp-audio-shortcode\" id=\"audio-3487-1\" preload=\"none\" style=\"width: 100%;\" controls=\"controls\"><source type=\"audio\/mpeg\" src=\"https:\/\/radioupload.fica.unsl.edu.ar\/files\/jb\/Actividades%2013-10%20en%20el%20Centro%20de%20Pensamiento%20Critico.mp3?_=1\" \/><a href=\"https:\/\/radioupload.fica.unsl.edu.ar\/files\/jb\/Actividades%2013-10%20en%20el%20Centro%20de%20Pensamiento%20Critico.mp3\">https:\/\/radioupload.fica.unsl.edu.ar\/files\/jb\/Actividades%2013-10%20en%20el%20Centro%20de%20Pensamiento%20Critico.mp3<\/a><\/audio>\n<p>&nbsp;<\/p>\n<p>Para m\u00e1s informaci\u00f3n pueden escribir a la direcci\u00f3n de correo <a href=\"http:\/\/enriqueelorza@gmail.com\">enriqueelorza@gmail.com<\/a><\/p>\n<p>&nbsp;<\/p>\n<p><img fetchpriority=\"high\" decoding=\"async\" class=\"aligncenter wp-image-3488 size-full\" src=\"http:\/\/radio.fcejs.unsl.edu.ar\/wp-content\/uploads\/2025\/10\/WhatsApp-Image-2025-10-07-at-21.54.45.jpeg\" alt=\"\" width=\"650\" height=\"977\" srcset=\"https:\/\/radio.fcejs.unsl.edu.ar\/wp-content\/uploads\/2025\/10\/WhatsApp-Image-2025-10-07-at-21.54.45.jpeg 650w, https:\/\/radio.fcejs.unsl.edu.ar\/wp-content\/uploads\/2025\/10\/WhatsApp-Image-2025-10-07-at-21.54.45-200x300.jpeg 200w\" sizes=\"(max-width: 650px) 100vw, 650px\" \/><\/p>\n<p>&nbsp;<\/p>\n<p>&nbsp;<\/p>\n<p>Entrevista realizada en el programa radial <strong>\u201cLa Quilla\u201d<\/strong>, con Virginia Aguilera y Federico Amodey, por Radio UNSL en Villa Mercedes- 97.5 FM.<\/p>\n","protected":false},"excerpt":{"rendered":"<p>El encuentro est\u00e1 previsto para el pr\u00f3ximo lunes a las 20hs (hora de Argentina), y se denomina \u201cHabitar el Territorio: alternativas, tensiones y reproducciones en el capitalismo\u201d. Dialogamos con el Dr. Enrique ELORZA, director de la Especializaci\u00f3n en Estudios Socioecon\u00f3micos Latinoamericanos e integrante del Centro de Pensamiento Cr\u00edtico Pedro Paz de la FCEJS.\u00a0 \u00a0Sobre el&#8230;<\/p>\n","protected":false},"author":5,"featured_media":3488,"comment_status":"closed","ping_status":"closed","sticky":false,"template":"","format":"standard","meta":{"_kad_post_transparent":"default","_kad_post_title":"default","_kad_post_layout":"default","_kad_post_sidebar_id":"","_kad_post_content_style":"default","_kad_post_vertical_padding":"default","_kad_post_feature":"","_kad_post_feature_position":"","_kad_post_header":false,"_kad_post_footer":false,"_kad_post_classname":"","footnotes":""},"categories":[14],"tags":[],"class_list":["post-3487","post","type-post","status-publish","format-standard","has-post-thumbnail","hentry","category-entrevistas"],"yoast_head":"<!-- This site is optimized with the Yoast SEO plugin v27.2 - https:\/\/yoast.com\/product\/yoast-seo-wordpress\/ -->\n<title>Se realizar\u00e1 una nueva actividad en el Centro de Pensamiento Cr\u00edtico Pedro Paz, el pr\u00f3ximo 13 de octubre - Radio Universidad Villa Mercedes 97.5 | UNSL<\/title>\n<meta name=\"robots\" content=\"index, follow, max-snippet:-1, max-image-preview:large, max-video-preview:-1\" \/>\n<link rel=\"canonical\" href=\"https:\/\/radio.fcejs.unsl.edu.ar\/index.php\/se-realizara-una-nueva-actividad-en-el-centro-de-pensamiento-critico-pedro-paz-el-proximo-13-de-octubre\/\" \/>\n<meta property=\"og:locale\" content=\"es_ES\" \/>\n<meta property=\"og:type\" content=\"article\" \/>\n<meta property=\"og:title\" content=\"Se realizar\u00e1 una nueva actividad en el Centro de Pensamiento Cr\u00edtico Pedro Paz, el pr\u00f3ximo 13 de octubre - Radio Universidad Villa Mercedes 97.5 | UNSL\" \/>\n<meta property=\"og:description\" content=\"El encuentro est\u00e1 previsto para el pr\u00f3ximo lunes a las 20hs (hora de Argentina), y se denomina \u201cHabitar el Territorio: alternativas, tensiones y reproducciones en el capitalismo\u201d. Dialogamos con el Dr. Enrique ELORZA, director de la Especializaci\u00f3n en Estudios Socioecon\u00f3micos Latinoamericanos e integrante del Centro de Pensamiento Cr\u00edtico Pedro Paz de la FCEJS.\u00a0 \u00a0Sobre el...\" \/>\n<meta property=\"og:url\" content=\"https:\/\/radio.fcejs.unsl.edu.ar\/index.php\/se-realizara-una-nueva-actividad-en-el-centro-de-pensamiento-critico-pedro-paz-el-proximo-13-de-octubre\/\" \/>\n<meta property=\"og:site_name\" content=\"Radio Universidad Villa Mercedes 97.5 | UNSL\" \/>\n<meta property=\"article:published_time\" content=\"2025-10-08T23:28:46+00:00\" \/>\n<meta property=\"article:modified_time\" content=\"2025-10-08T23:34:39+00:00\" \/>\n<meta property=\"og:image\" content=\"http:\/\/radio.fcejs.unsl.edu.ar\/wp-content\/uploads\/2025\/10\/WhatsApp-Image-2025-10-07-at-21.54.45.jpeg\" \/>\n\t<meta property=\"og:image:width\" content=\"650\" \/>\n\t<meta property=\"og:image:height\" content=\"977\" \/>\n\t<meta property=\"og:image:type\" content=\"image\/jpeg\" \/>\n<meta name=\"author\" content=\"Virginia Aguilera\" \/>\n<meta name=\"twitter:card\" content=\"summary_large_image\" \/>\n<meta name=\"twitter:label1\" content=\"Escrito por\" \/>\n\t<meta name=\"twitter:data1\" content=\"Virginia Aguilera\" \/>\n\t<meta name=\"twitter:label2\" content=\"Tiempo de lectura\" \/>\n\t<meta name=\"twitter:data2\" content=\"2 minutos\" \/>\n<script type=\"application\/ld+json\" class=\"yoast-schema-graph\">{\"@context\":\"https:\/\/schema.org\",\"@graph\":[{\"@type\":\"Article\",\"@id\":\"https:\/\/radio.fcejs.unsl.edu.ar\/index.php\/se-realizara-una-nueva-actividad-en-el-centro-de-pensamiento-critico-pedro-paz-el-proximo-13-de-octubre\/#article\",\"isPartOf\":{\"@id\":\"https:\/\/radio.fcejs.unsl.edu.ar\/index.php\/se-realizara-una-nueva-actividad-en-el-centro-de-pensamiento-critico-pedro-paz-el-proximo-13-de-octubre\/\"},\"author\":{\"name\":\"Virginia Aguilera\",\"@id\":\"https:\/\/radio.fcejs.unsl.edu.ar\/#\/schema\/person\/71179a56ee499ac8cd4e46f865c627c7\"},\"headline\":\"Se realizar\u00e1 una nueva actividad en el Centro de Pensamiento Cr\u00edtico Pedro Paz, el pr\u00f3ximo 13 de octubre\",\"datePublished\":\"2025-10-08T23:28:46+00:00\",\"dateModified\":\"2025-10-08T23:34:39+00:00\",\"mainEntityOfPage\":{\"@id\":\"https:\/\/radio.fcejs.unsl.edu.ar\/index.php\/se-realizara-una-nueva-actividad-en-el-centro-de-pensamiento-critico-pedro-paz-el-proximo-13-de-octubre\/\"},\"wordCount\":297,\"publisher\":{\"@id\":\"https:\/\/radio.fcejs.unsl.edu.ar\/#organization\"},\"image\":{\"@id\":\"https:\/\/radio.fcejs.unsl.edu.ar\/index.php\/se-realizara-una-nueva-actividad-en-el-centro-de-pensamiento-critico-pedro-paz-el-proximo-13-de-octubre\/#primaryimage\"},\"thumbnailUrl\":\"https:\/\/radio.fcejs.unsl.edu.ar\/wp-content\/uploads\/2025\/10\/WhatsApp-Image-2025-10-07-at-21.54.45.jpeg\",\"articleSection\":[\"Entrevistas\"],\"inLanguage\":\"es-AR\"},{\"@type\":\"WebPage\",\"@id\":\"https:\/\/radio.fcejs.unsl.edu.ar\/index.php\/se-realizara-una-nueva-actividad-en-el-centro-de-pensamiento-critico-pedro-paz-el-proximo-13-de-octubre\/\",\"url\":\"https:\/\/radio.fcejs.unsl.edu.ar\/index.php\/se-realizara-una-nueva-actividad-en-el-centro-de-pensamiento-critico-pedro-paz-el-proximo-13-de-octubre\/\",\"name\":\"Se realizar\u00e1 una nueva actividad en el Centro de Pensamiento Cr\u00edtico Pedro Paz, el pr\u00f3ximo 13 de octubre - Radio Universidad Villa Mercedes 97.5 | UNSL\",\"isPartOf\":{\"@id\":\"https:\/\/radio.fcejs.unsl.edu.ar\/#website\"},\"primaryImageOfPage\":{\"@id\":\"https:\/\/radio.fcejs.unsl.edu.ar\/index.php\/se-realizara-una-nueva-actividad-en-el-centro-de-pensamiento-critico-pedro-paz-el-proximo-13-de-octubre\/#primaryimage\"},\"image\":{\"@id\":\"https:\/\/radio.fcejs.unsl.edu.ar\/index.php\/se-realizara-una-nueva-actividad-en-el-centro-de-pensamiento-critico-pedro-paz-el-proximo-13-de-octubre\/#primaryimage\"},\"thumbnailUrl\":\"https:\/\/radio.fcejs.unsl.edu.ar\/wp-content\/uploads\/2025\/10\/WhatsApp-Image-2025-10-07-at-21.54.45.jpeg\",\"datePublished\":\"2025-10-08T23:28:46+00:00\",\"dateModified\":\"2025-10-08T23:34:39+00:00\",\"breadcrumb\":{\"@id\":\"https:\/\/radio.fcejs.unsl.edu.ar\/index.php\/se-realizara-una-nueva-actividad-en-el-centro-de-pensamiento-critico-pedro-paz-el-proximo-13-de-octubre\/#breadcrumb\"},\"inLanguage\":\"es-AR\",\"potentialAction\":[{\"@type\":\"ReadAction\",\"target\":[\"https:\/\/radio.fcejs.unsl.edu.ar\/index.php\/se-realizara-una-nueva-actividad-en-el-centro-de-pensamiento-critico-pedro-paz-el-proximo-13-de-octubre\/\"]}]},{\"@type\":\"ImageObject\",\"inLanguage\":\"es-AR\",\"@id\":\"https:\/\/radio.fcejs.unsl.edu.ar\/index.php\/se-realizara-una-nueva-actividad-en-el-centro-de-pensamiento-critico-pedro-paz-el-proximo-13-de-octubre\/#primaryimage\",\"url\":\"https:\/\/radio.fcejs.unsl.edu.ar\/wp-content\/uploads\/2025\/10\/WhatsApp-Image-2025-10-07-at-21.54.45.jpeg\",\"contentUrl\":\"https:\/\/radio.fcejs.unsl.edu.ar\/wp-content\/uploads\/2025\/10\/WhatsApp-Image-2025-10-07-at-21.54.45.jpeg\",\"width\":650,\"height\":977},{\"@type\":\"BreadcrumbList\",\"@id\":\"https:\/\/radio.fcejs.unsl.edu.ar\/index.php\/se-realizara-una-nueva-actividad-en-el-centro-de-pensamiento-critico-pedro-paz-el-proximo-13-de-octubre\/#breadcrumb\",\"itemListElement\":[{\"@type\":\"ListItem\",\"position\":1,\"name\":\"Inicio\",\"item\":\"https:\/\/radio.fcejs.unsl.edu.ar\/\"},{\"@type\":\"ListItem\",\"position\":2,\"name\":\"Se realizar\u00e1 una nueva actividad en el Centro de Pensamiento Cr\u00edtico Pedro Paz, el pr\u00f3ximo 13 de octubre\"}]},{\"@type\":\"WebSite\",\"@id\":\"https:\/\/radio.fcejs.unsl.edu.ar\/#website\",\"url\":\"https:\/\/radio.fcejs.unsl.edu.ar\/\",\"name\":\"Radio Universidad Villa Mercedes 97.5 | UNSL\",\"description\":\"UNSL\",\"publisher\":{\"@id\":\"https:\/\/radio.fcejs.unsl.edu.ar\/#organization\"},\"potentialAction\":[{\"@type\":\"SearchAction\",\"target\":{\"@type\":\"EntryPoint\",\"urlTemplate\":\"https:\/\/radio.fcejs.unsl.edu.ar\/?s={search_term_string}\"},\"query-input\":{\"@type\":\"PropertyValueSpecification\",\"valueRequired\":true,\"valueName\":\"search_term_string\"}}],\"inLanguage\":\"es-AR\"},{\"@type\":\"Organization\",\"@id\":\"https:\/\/radio.fcejs.unsl.edu.ar\/#organization\",\"name\":\"Radio Universidad Villa Mercedes 97.5 | UNSL\",\"url\":\"https:\/\/radio.fcejs.unsl.edu.ar\/\",\"logo\":{\"@type\":\"ImageObject\",\"inLanguage\":\"es-AR\",\"@id\":\"https:\/\/radio.fcejs.unsl.edu.ar\/#\/schema\/logo\/image\/\",\"url\":\"https:\/\/radio.fcejs.unsl.edu.ar\/wp-content\/uploads\/2023\/12\/cropped-radio-villa-mercedes-97-5.png\",\"contentUrl\":\"https:\/\/radio.fcejs.unsl.edu.ar\/wp-content\/uploads\/2023\/12\/cropped-radio-villa-mercedes-97-5.png\",\"width\":908,\"height\":289,\"caption\":\"Radio Universidad Villa Mercedes 97.5 | UNSL\"},\"image\":{\"@id\":\"https:\/\/radio.fcejs.unsl.edu.ar\/#\/schema\/logo\/image\/\"}},{\"@type\":\"Person\",\"@id\":\"https:\/\/radio.fcejs.unsl.edu.ar\/#\/schema\/person\/71179a56ee499ac8cd4e46f865c627c7\",\"name\":\"Virginia Aguilera\",\"url\":\"https:\/\/radio.fcejs.unsl.edu.ar\/index.php\/author\/viraguilera\/\"}]}<\/script>\n<!-- \/ Yoast SEO plugin. -->","yoast_head_json":{"title":"Se realizar\u00e1 una nueva actividad en el Centro de Pensamiento Cr\u00edtico Pedro Paz, el pr\u00f3ximo 13 de octubre - Radio Universidad Villa Mercedes 97.5 | UNSL","robots":{"index":"index","follow":"follow","max-snippet":"max-snippet:-1","max-image-preview":"max-image-preview:large","max-video-preview":"max-video-preview:-1"},"canonical":"https:\/\/radio.fcejs.unsl.edu.ar\/index.php\/se-realizara-una-nueva-actividad-en-el-centro-de-pensamiento-critico-pedro-paz-el-proximo-13-de-octubre\/","og_locale":"es_ES","og_type":"article","og_title":"Se realizar\u00e1 una nueva actividad en el Centro de Pensamiento Cr\u00edtico Pedro Paz, el pr\u00f3ximo 13 de octubre - Radio Universidad Villa Mercedes 97.5 | UNSL","og_description":"El encuentro est\u00e1 previsto para el pr\u00f3ximo lunes a las 20hs (hora de Argentina), y se denomina \u201cHabitar el Territorio: alternativas, tensiones y reproducciones en el capitalismo\u201d. Dialogamos con el Dr. Enrique ELORZA, director de la Especializaci\u00f3n en Estudios Socioecon\u00f3micos Latinoamericanos e integrante del Centro de Pensamiento Cr\u00edtico Pedro Paz de la FCEJS.\u00a0 \u00a0Sobre el...","og_url":"https:\/\/radio.fcejs.unsl.edu.ar\/index.php\/se-realizara-una-nueva-actividad-en-el-centro-de-pensamiento-critico-pedro-paz-el-proximo-13-de-octubre\/","og_site_name":"Radio Universidad Villa Mercedes 97.5 | UNSL","article_published_time":"2025-10-08T23:28:46+00:00","article_modified_time":"2025-10-08T23:34:39+00:00","og_image":[{"width":650,"height":977,"url":"http:\/\/radio.fcejs.unsl.edu.ar\/wp-content\/uploads\/2025\/10\/WhatsApp-Image-2025-10-07-at-21.54.45.jpeg","type":"image\/jpeg"}],"author":"Virginia Aguilera","twitter_card":"summary_large_image","twitter_misc":{"Escrito por":"Virginia Aguilera","Tiempo de lectura":"2 minutos"},"schema":{"@context":"https:\/\/schema.org","@graph":[{"@type":"Article","@id":"https:\/\/radio.fcejs.unsl.edu.ar\/index.php\/se-realizara-una-nueva-actividad-en-el-centro-de-pensamiento-critico-pedro-paz-el-proximo-13-de-octubre\/#article","isPartOf":{"@id":"https:\/\/radio.fcejs.unsl.edu.ar\/index.php\/se-realizara-una-nueva-actividad-en-el-centro-de-pensamiento-critico-pedro-paz-el-proximo-13-de-octubre\/"},"author":{"name":"Virginia Aguilera","@id":"https:\/\/radio.fcejs.unsl.edu.ar\/#\/schema\/person\/71179a56ee499ac8cd4e46f865c627c7"},"headline":"Se realizar\u00e1 una nueva actividad en el Centro de Pensamiento Cr\u00edtico Pedro Paz, el pr\u00f3ximo 13 de octubre","datePublished":"2025-10-08T23:28:46+00:00","dateModified":"2025-10-08T23:34:39+00:00","mainEntityOfPage":{"@id":"https:\/\/radio.fcejs.unsl.edu.ar\/index.php\/se-realizara-una-nueva-actividad-en-el-centro-de-pensamiento-critico-pedro-paz-el-proximo-13-de-octubre\/"},"wordCount":297,"publisher":{"@id":"https:\/\/radio.fcejs.unsl.edu.ar\/#organization"},"image":{"@id":"https:\/\/radio.fcejs.unsl.edu.ar\/index.php\/se-realizara-una-nueva-actividad-en-el-centro-de-pensamiento-critico-pedro-paz-el-proximo-13-de-octubre\/#primaryimage"},"thumbnailUrl":"https:\/\/radio.fcejs.unsl.edu.ar\/wp-content\/uploads\/2025\/10\/WhatsApp-Image-2025-10-07-at-21.54.45.jpeg","articleSection":["Entrevistas"],"inLanguage":"es-AR"},{"@type":"WebPage","@id":"https:\/\/radio.fcejs.unsl.edu.ar\/index.php\/se-realizara-una-nueva-actividad-en-el-centro-de-pensamiento-critico-pedro-paz-el-proximo-13-de-octubre\/","url":"https:\/\/radio.fcejs.unsl.edu.ar\/index.php\/se-realizara-una-nueva-actividad-en-el-centro-de-pensamiento-critico-pedro-paz-el-proximo-13-de-octubre\/","name":"Se realizar\u00e1 una nueva actividad en el Centro de Pensamiento Cr\u00edtico Pedro Paz, el pr\u00f3ximo 13 de octubre - Radio Universidad Villa Mercedes 97.5 | UNSL","isPartOf":{"@id":"https:\/\/radio.fcejs.unsl.edu.ar\/#website"},"primaryImageOfPage":{"@id":"https:\/\/radio.fcejs.unsl.edu.ar\/index.php\/se-realizara-una-nueva-actividad-en-el-centro-de-pensamiento-critico-pedro-paz-el-proximo-13-de-octubre\/#primaryimage"},"image":{"@id":"https:\/\/radio.fcejs.unsl.edu.ar\/index.php\/se-realizara-una-nueva-actividad-en-el-centro-de-pensamiento-critico-pedro-paz-el-proximo-13-de-octubre\/#primaryimage"},"thumbnailUrl":"https:\/\/radio.fcejs.unsl.edu.ar\/wp-content\/uploads\/2025\/10\/WhatsApp-Image-2025-10-07-at-21.54.45.jpeg","datePublished":"2025-10-08T23:28:46+00:00","dateModified":"2025-10-08T23:34:39+00:00","breadcrumb":{"@id":"https:\/\/radio.fcejs.unsl.edu.ar\/index.php\/se-realizara-una-nueva-actividad-en-el-centro-de-pensamiento-critico-pedro-paz-el-proximo-13-de-octubre\/#breadcrumb"},"inLanguage":"es-AR","potentialAction":[{"@type":"ReadAction","target":["https:\/\/radio.fcejs.unsl.edu.ar\/index.php\/se-realizara-una-nueva-actividad-en-el-centro-de-pensamiento-critico-pedro-paz-el-proximo-13-de-octubre\/"]}]},{"@type":"ImageObject","inLanguage":"es-AR","@id":"https:\/\/radio.fcejs.unsl.edu.ar\/index.php\/se-realizara-una-nueva-actividad-en-el-centro-de-pensamiento-critico-pedro-paz-el-proximo-13-de-octubre\/#primaryimage","url":"https:\/\/radio.fcejs.unsl.edu.ar\/wp-content\/uploads\/2025\/10\/WhatsApp-Image-2025-10-07-at-21.54.45.jpeg","contentUrl":"https:\/\/radio.fcejs.unsl.edu.ar\/wp-content\/uploads\/2025\/10\/WhatsApp-Image-2025-10-07-at-21.54.45.jpeg","width":650,"height":977},{"@type":"BreadcrumbList","@id":"https:\/\/radio.fcejs.unsl.edu.ar\/index.php\/se-realizara-una-nueva-actividad-en-el-centro-de-pensamiento-critico-pedro-paz-el-proximo-13-de-octubre\/#breadcrumb","itemListElement":[{"@type":"ListItem","position":1,"name":"Inicio","item":"https:\/\/radio.fcejs.unsl.edu.ar\/"},{"@type":"ListItem","position":2,"name":"Se realizar\u00e1 una nueva actividad en el Centro de Pensamiento Cr\u00edtico Pedro Paz, el pr\u00f3ximo 13 de octubre"}]},{"@type":"WebSite","@id":"https:\/\/radio.fcejs.unsl.edu.ar\/#website","url":"https:\/\/radio.fcejs.unsl.edu.ar\/","name":"Radio Universidad Villa Mercedes 97.5 | UNSL","description":"UNSL","publisher":{"@id":"https:\/\/radio.fcejs.unsl.edu.ar\/#organization"},"potentialAction":[{"@type":"SearchAction","target":{"@type":"EntryPoint","urlTemplate":"https:\/\/radio.fcejs.unsl.edu.ar\/?s={search_term_string}"},"query-input":{"@type":"PropertyValueSpecification","valueRequired":true,"valueName":"search_term_string"}}],"inLanguage":"es-AR"},{"@type":"Organization","@id":"https:\/\/radio.fcejs.unsl.edu.ar\/#organization","name":"Radio Universidad Villa Mercedes 97.5 | UNSL","url":"https:\/\/radio.fcejs.unsl.edu.ar\/","logo":{"@type":"ImageObject","inLanguage":"es-AR","@id":"https:\/\/radio.fcejs.unsl.edu.ar\/#\/schema\/logo\/image\/","url":"https:\/\/radio.fcejs.unsl.edu.ar\/wp-content\/uploads\/2023\/12\/cropped-radio-villa-mercedes-97-5.png","contentUrl":"https:\/\/radio.fcejs.unsl.edu.ar\/wp-content\/uploads\/2023\/12\/cropped-radio-villa-mercedes-97-5.png","width":908,"height":289,"caption":"Radio Universidad Villa Mercedes 97.5 | UNSL"},"image":{"@id":"https:\/\/radio.fcejs.unsl.edu.ar\/#\/schema\/logo\/image\/"}},{"@type":"Person","@id":"https:\/\/radio.fcejs.unsl.edu.ar\/#\/schema\/person\/71179a56ee499ac8cd4e46f865c627c7","name":"Virginia Aguilera","url":"https:\/\/radio.fcejs.unsl.edu.ar\/index.php\/author\/viraguilera\/"}]}},"_links":{"self":[{"href":"https:\/\/radio.fcejs.unsl.edu.ar\/index.php\/wp-json\/wp\/v2\/posts\/3487","targetHints":{"allow":["GET"]}}],"collection":[{"href":"https:\/\/radio.fcejs.unsl.edu.ar\/index.php\/wp-json\/wp\/v2\/posts"}],"about":[{"href":"https:\/\/radio.fcejs.unsl.edu.ar\/index.php\/wp-json\/wp\/v2\/types\/post"}],"author":[{"embeddable":true,"href":"https:\/\/radio.fcejs.unsl.edu.ar\/index.php\/wp-json\/wp\/v2\/users\/5"}],"replies":[{"embeddable":true,"href":"https:\/\/radio.fcejs.unsl.edu.ar\/index.php\/wp-json\/wp\/v2\/comments?post=3487"}],"version-history":[{"count":4,"href":"https:\/\/radio.fcejs.unsl.edu.ar\/index.php\/wp-json\/wp\/v2\/posts\/3487\/revisions"}],"predecessor-version":[{"id":3492,"href":"https:\/\/radio.fcejs.unsl.edu.ar\/index.php\/wp-json\/wp\/v2\/posts\/3487\/revisions\/3492"}],"wp:featuredmedia":[{"embeddable":true,"href":"https:\/\/radio.fcejs.unsl.edu.ar\/index.php\/wp-json\/wp\/v2\/media\/3488"}],"wp:attachment":[{"href":"https:\/\/radio.fcejs.unsl.edu.ar\/index.php\/wp-json\/wp\/v2\/media?parent=3487"}],"wp:term":[{"taxonomy":"category","embeddable":true,"href":"https:\/\/radio.fcejs.unsl.edu.ar\/index.php\/wp-json\/wp\/v2\/categories?post=3487"},{"taxonomy":"post_tag","embeddable":true,"href":"https:\/\/radio.fcejs.unsl.edu.ar\/index.php\/wp-json\/wp\/v2\/tags?post=3487"}],"curies":[{"name":"wp","href":"https:\/\/api.w.org\/{rel}","templated":true}]}}