{"id":3479,"date":"2025-10-07T20:41:58","date_gmt":"2025-10-07T23:41:58","guid":{"rendered":"https:\/\/radio.fcejs.unsl.edu.ar\/?p=3479"},"modified":"2025-10-07T20:47:02","modified_gmt":"2025-10-07T23:47:02","slug":"7-de-octubre-dia-municipal-de-la-neuralgia-del-trigemino","status":"publish","type":"post","link":"https:\/\/radio.fcejs.unsl.edu.ar\/index.php\/7-de-octubre-dia-municipal-de-la-neuralgia-del-trigemino\/","title":{"rendered":"7 de Octubre: D\u00eda Municipal de la Neuralgia del Trig\u00e9mino"},"content":{"rendered":"<p>Villa Mercedes se suma a las actividades que se realizan a nivel internacional en el d\u00eda de la Neuralgia del Trig\u00e9mino. Una fecha dedicada a la visibilizaci\u00f3n de una enfermedad que es considerara como rara y poco frecuente del Sistema Nervioso Perif\u00e9rico. Un d\u00eda para apoyar a quienes padecen esta dolorosa afecci\u00f3n.<\/p>\n<p>Dialogamos con la <strong>Lic. Marcela Vecino Zabala<\/strong>, quien nos brind\u00f3 m\u00e1s detalles acerca de esta afecci\u00f3n.<\/p>\n<p>Marcela adem\u00e1s comparti\u00f3 detalles de las actividades programadas para este 7 de octubre en la peatonal del centro de Villa Mercedes, a partir de las 18:30hs, en donde la visibilizaci\u00f3n y el acompa\u00f1amiento de quienes padecen esta patolog\u00eda viene acompa\u00f1a de m\u00fasica y esperanza. En este sentido, la licenciada y adem\u00e1s profesora de Tango expres\u00f3:<\/p>\n<p><em>\u201cSon much\u00edsimas las academias que han venido a darnos su apoyo. Y bueno, nosotros m\u00e1s que agradecidos, porque queremos trascender de esta forma, siempre desde la esperanza, de la alegr\u00eda, y de que se puede. Y que desde ese lado nosotros nos paramos cada d\u00eda de la vida, porque entendemos que somos super guerreros. Cada uno de nosotros, que padece esto, sabemos y entre nosotros nos abrazamos desde este lado\u2026 que somos guerreros y elegimos cada d\u00eda creer que podemos\u201d.-<\/em><\/p>\n<p>**Escucha la entrevista realizada a <strong>Marcela Vecino Zabala<\/strong> en el programa radial \u201cLa Quilla\u201d en el siguiente audio:<\/p>\n<audio class=\"wp-audio-shortcode\" id=\"audio-3479-1\" preload=\"none\" style=\"width: 100%;\" controls=\"controls\"><source type=\"audio\/mpeg\" src=\"https:\/\/radioupload.fica.unsl.edu.ar\/files\/jb\/Marce%20Vecino%20Trigemino%2007-10-25.mp3?_=1\" \/><a href=\"https:\/\/radioupload.fica.unsl.edu.ar\/files\/jb\/Marce%20Vecino%20Trigemino%2007-10-25.mp3\">https:\/\/radioupload.fica.unsl.edu.ar\/files\/jb\/Marce%20Vecino%20Trigemino%2007-10-25.mp3<\/a><\/audio>\n<p><u>Participan de las actividades las siguientes academias de la ciudad:<\/u><\/p>\n<p>-Academia Por La Huella Prof. Sebasti\u00e1n Quevedo y Johana Cabrera<\/p>\n<p>-Academia Boogaloo Prof. N\u00e9stor Rodr\u00edguez<\/p>\n<p>-Academia Real de la Danza Prof. Carolina Ferrer<\/p>\n<p>-Taller Municipal de Folklore Prof. Pablo Castro<\/p>\n<p>-Taller de Samba Prof. Anah\u00ed Heredia<\/p>\n<p>-Academia Libertango y Taller Municipal de Tango Prof. Marcela Vecino y Daniel Sosa<\/p>\n<p>&nbsp;<\/p>\n<p>*El 7 de octubre se\u00a0 ha instituido el D\u00eda del Trig\u00e9mino y en nuestra ciudad por ORDENANZA N\u00b0 1245-ASCE\/0\/2023. Este hecho significa un gran logro en el camino a la visibilizaci\u00f3n de la patolog\u00eda.<\/p>\n<p>*Desde el punto de vista m\u00e9dico una neuralgia es un dolor intenso localizado en un nervio sensitivo y sus ramificaciones, ocasionado por la irritaci\u00f3n o el da\u00f1o en el propio nervio.<\/p>\n<p>En el nervio trig\u00e9mino, (conformado por el nervio oft\u00e1lmico, nervio maxilar y nervio mandibular) el dolor se localiza de manera muy intensa en la cara, siendo afectados la frente, la boca, mand\u00edbula, orejas, labios, nariz, cuero cabelludo o mejillas.<\/p>\n<p>El dolor se presenta por un est\u00edmulo en el \u00e1rea afectada, por ejemplo, cepillarse los dientes, al masticar, afeitarse o lavarse la cara.<\/p>\n<p>Esta enfermedad puede generar ansiedad y depresi\u00f3n, as\u00ed como el deterioro de la calidad de vida del paciente, afectando las actividades rutinarias.<\/p>\n<p>&nbsp;<\/p>\n<p>&#8211;Entrevista realizada en el programa radial \u201cLa Quilla\u201d, con Virginia Aguilera y Federico Amodey, por Radio UNSL en Villa Mercedes- 97.5 FM.&#8211;<\/p>\n","protected":false},"excerpt":{"rendered":"<p>Villa Mercedes se suma a las actividades que se realizan a nivel internacional en el d\u00eda de la Neuralgia del Trig\u00e9mino. Una fecha dedicada a la visibilizaci\u00f3n de una enfermedad que es considerara como rara y poco frecuente del Sistema Nervioso Perif\u00e9rico. Un d\u00eda para apoyar a quienes padecen esta dolorosa afecci\u00f3n. Dialogamos con la&#8230;<\/p>\n","protected":false},"author":5,"featured_media":3480,"comment_status":"closed","ping_status":"closed","sticky":false,"template":"","format":"standard","meta":{"_kad_post_transparent":"default","_kad_post_title":"default","_kad_post_layout":"default","_kad_post_sidebar_id":"","_kad_post_content_style":"default","_kad_post_vertical_padding":"default","_kad_post_feature":"","_kad_post_feature_position":"","_kad_post_header":false,"_kad_post_footer":false,"_kad_post_classname":"","footnotes":""},"categories":[14],"tags":[],"class_list":["post-3479","post","type-post","status-publish","format-standard","has-post-thumbnail","hentry","category-entrevistas"],"yoast_head":"<!-- This site is optimized with the Yoast SEO plugin v27.2 - https:\/\/yoast.com\/product\/yoast-seo-wordpress\/ -->\n<title>7 de Octubre: D\u00eda Municipal de la Neuralgia del Trig\u00e9mino - Radio Universidad Villa Mercedes 97.5 | UNSL<\/title>\n<meta name=\"robots\" content=\"index, follow, max-snippet:-1, max-image-preview:large, max-video-preview:-1\" \/>\n<link rel=\"canonical\" href=\"https:\/\/radio.fcejs.unsl.edu.ar\/index.php\/7-de-octubre-dia-municipal-de-la-neuralgia-del-trigemino\/\" \/>\n<meta property=\"og:locale\" content=\"es_ES\" \/>\n<meta property=\"og:type\" content=\"article\" \/>\n<meta property=\"og:title\" content=\"7 de Octubre: D\u00eda Municipal de la Neuralgia del Trig\u00e9mino - Radio Universidad Villa Mercedes 97.5 | UNSL\" \/>\n<meta property=\"og:description\" content=\"Villa Mercedes se suma a las actividades que se realizan a nivel internacional en el d\u00eda de la Neuralgia del Trig\u00e9mino. Una fecha dedicada a la visibilizaci\u00f3n de una enfermedad que es considerara como rara y poco frecuente del Sistema Nervioso Perif\u00e9rico. Un d\u00eda para apoyar a quienes padecen esta dolorosa afecci\u00f3n. Dialogamos con la...\" \/>\n<meta property=\"og:url\" content=\"https:\/\/radio.fcejs.unsl.edu.ar\/index.php\/7-de-octubre-dia-municipal-de-la-neuralgia-del-trigemino\/\" \/>\n<meta property=\"og:site_name\" content=\"Radio Universidad Villa Mercedes 97.5 | UNSL\" \/>\n<meta property=\"article:published_time\" content=\"2025-10-07T23:41:58+00:00\" \/>\n<meta property=\"article:modified_time\" content=\"2025-10-07T23:47:02+00:00\" \/>\n<meta property=\"og:image\" content=\"http:\/\/radio.fcejs.unsl.edu.ar\/wp-content\/uploads\/2025\/10\/WhatsApp-Image-2025-10-02-at-18.35.09.jpeg\" \/>\n\t<meta property=\"og:image:width\" content=\"1080\" \/>\n\t<meta property=\"og:image:height\" content=\"1350\" \/>\n\t<meta property=\"og:image:type\" content=\"image\/jpeg\" \/>\n<meta name=\"author\" content=\"Virginia Aguilera\" \/>\n<meta name=\"twitter:card\" content=\"summary_large_image\" \/>\n<meta name=\"twitter:label1\" content=\"Escrito por\" \/>\n\t<meta name=\"twitter:data1\" content=\"Virginia Aguilera\" \/>\n\t<meta name=\"twitter:label2\" content=\"Tiempo de lectura\" \/>\n\t<meta name=\"twitter:data2\" content=\"3 minutos\" \/>\n<script type=\"application\/ld+json\" class=\"yoast-schema-graph\">{\"@context\":\"https:\/\/schema.org\",\"@graph\":[{\"@type\":\"Article\",\"@id\":\"https:\/\/radio.fcejs.unsl.edu.ar\/index.php\/7-de-octubre-dia-municipal-de-la-neuralgia-del-trigemino\/#article\",\"isPartOf\":{\"@id\":\"https:\/\/radio.fcejs.unsl.edu.ar\/index.php\/7-de-octubre-dia-municipal-de-la-neuralgia-del-trigemino\/\"},\"author\":{\"name\":\"Virginia Aguilera\",\"@id\":\"https:\/\/radio.fcejs.unsl.edu.ar\/#\/schema\/person\/71179a56ee499ac8cd4e46f865c627c7\"},\"headline\":\"7 de Octubre: D\u00eda Municipal de la Neuralgia del Trig\u00e9mino\",\"datePublished\":\"2025-10-07T23:41:58+00:00\",\"dateModified\":\"2025-10-07T23:47:02+00:00\",\"mainEntityOfPage\":{\"@id\":\"https:\/\/radio.fcejs.unsl.edu.ar\/index.php\/7-de-octubre-dia-municipal-de-la-neuralgia-del-trigemino\/\"},\"wordCount\":514,\"publisher\":{\"@id\":\"https:\/\/radio.fcejs.unsl.edu.ar\/#organization\"},\"image\":{\"@id\":\"https:\/\/radio.fcejs.unsl.edu.ar\/index.php\/7-de-octubre-dia-municipal-de-la-neuralgia-del-trigemino\/#primaryimage\"},\"thumbnailUrl\":\"https:\/\/radio.fcejs.unsl.edu.ar\/wp-content\/uploads\/2025\/10\/WhatsApp-Image-2025-10-02-at-18.35.09.jpeg\",\"articleSection\":[\"Entrevistas\"],\"inLanguage\":\"es-AR\"},{\"@type\":\"WebPage\",\"@id\":\"https:\/\/radio.fcejs.unsl.edu.ar\/index.php\/7-de-octubre-dia-municipal-de-la-neuralgia-del-trigemino\/\",\"url\":\"https:\/\/radio.fcejs.unsl.edu.ar\/index.php\/7-de-octubre-dia-municipal-de-la-neuralgia-del-trigemino\/\",\"name\":\"7 de Octubre: D\u00eda Municipal de la Neuralgia del Trig\u00e9mino - Radio Universidad Villa Mercedes 97.5 | UNSL\",\"isPartOf\":{\"@id\":\"https:\/\/radio.fcejs.unsl.edu.ar\/#website\"},\"primaryImageOfPage\":{\"@id\":\"https:\/\/radio.fcejs.unsl.edu.ar\/index.php\/7-de-octubre-dia-municipal-de-la-neuralgia-del-trigemino\/#primaryimage\"},\"image\":{\"@id\":\"https:\/\/radio.fcejs.unsl.edu.ar\/index.php\/7-de-octubre-dia-municipal-de-la-neuralgia-del-trigemino\/#primaryimage\"},\"thumbnailUrl\":\"https:\/\/radio.fcejs.unsl.edu.ar\/wp-content\/uploads\/2025\/10\/WhatsApp-Image-2025-10-02-at-18.35.09.jpeg\",\"datePublished\":\"2025-10-07T23:41:58+00:00\",\"dateModified\":\"2025-10-07T23:47:02+00:00\",\"breadcrumb\":{\"@id\":\"https:\/\/radio.fcejs.unsl.edu.ar\/index.php\/7-de-octubre-dia-municipal-de-la-neuralgia-del-trigemino\/#breadcrumb\"},\"inLanguage\":\"es-AR\",\"potentialAction\":[{\"@type\":\"ReadAction\",\"target\":[\"https:\/\/radio.fcejs.unsl.edu.ar\/index.php\/7-de-octubre-dia-municipal-de-la-neuralgia-del-trigemino\/\"]}]},{\"@type\":\"ImageObject\",\"inLanguage\":\"es-AR\",\"@id\":\"https:\/\/radio.fcejs.unsl.edu.ar\/index.php\/7-de-octubre-dia-municipal-de-la-neuralgia-del-trigemino\/#primaryimage\",\"url\":\"https:\/\/radio.fcejs.unsl.edu.ar\/wp-content\/uploads\/2025\/10\/WhatsApp-Image-2025-10-02-at-18.35.09.jpeg\",\"contentUrl\":\"https:\/\/radio.fcejs.unsl.edu.ar\/wp-content\/uploads\/2025\/10\/WhatsApp-Image-2025-10-02-at-18.35.09.jpeg\",\"width\":1080,\"height\":1350},{\"@type\":\"BreadcrumbList\",\"@id\":\"https:\/\/radio.fcejs.unsl.edu.ar\/index.php\/7-de-octubre-dia-municipal-de-la-neuralgia-del-trigemino\/#breadcrumb\",\"itemListElement\":[{\"@type\":\"ListItem\",\"position\":1,\"name\":\"Inicio\",\"item\":\"https:\/\/radio.fcejs.unsl.edu.ar\/\"},{\"@type\":\"ListItem\",\"position\":2,\"name\":\"7 de Octubre: D\u00eda Municipal de la Neuralgia del Trig\u00e9mino\"}]},{\"@type\":\"WebSite\",\"@id\":\"https:\/\/radio.fcejs.unsl.edu.ar\/#website\",\"url\":\"https:\/\/radio.fcejs.unsl.edu.ar\/\",\"name\":\"Radio Universidad Villa Mercedes 97.5 | UNSL\",\"description\":\"UNSL\",\"publisher\":{\"@id\":\"https:\/\/radio.fcejs.unsl.edu.ar\/#organization\"},\"potentialAction\":[{\"@type\":\"SearchAction\",\"target\":{\"@type\":\"EntryPoint\",\"urlTemplate\":\"https:\/\/radio.fcejs.unsl.edu.ar\/?s={search_term_string}\"},\"query-input\":{\"@type\":\"PropertyValueSpecification\",\"valueRequired\":true,\"valueName\":\"search_term_string\"}}],\"inLanguage\":\"es-AR\"},{\"@type\":\"Organization\",\"@id\":\"https:\/\/radio.fcejs.unsl.edu.ar\/#organization\",\"name\":\"Radio Universidad Villa Mercedes 97.5 | UNSL\",\"url\":\"https:\/\/radio.fcejs.unsl.edu.ar\/\",\"logo\":{\"@type\":\"ImageObject\",\"inLanguage\":\"es-AR\",\"@id\":\"https:\/\/radio.fcejs.unsl.edu.ar\/#\/schema\/logo\/image\/\",\"url\":\"https:\/\/radio.fcejs.unsl.edu.ar\/wp-content\/uploads\/2023\/12\/cropped-radio-villa-mercedes-97-5.png\",\"contentUrl\":\"https:\/\/radio.fcejs.unsl.edu.ar\/wp-content\/uploads\/2023\/12\/cropped-radio-villa-mercedes-97-5.png\",\"width\":908,\"height\":289,\"caption\":\"Radio Universidad Villa Mercedes 97.5 | UNSL\"},\"image\":{\"@id\":\"https:\/\/radio.fcejs.unsl.edu.ar\/#\/schema\/logo\/image\/\"}},{\"@type\":\"Person\",\"@id\":\"https:\/\/radio.fcejs.unsl.edu.ar\/#\/schema\/person\/71179a56ee499ac8cd4e46f865c627c7\",\"name\":\"Virginia Aguilera\",\"url\":\"https:\/\/radio.fcejs.unsl.edu.ar\/index.php\/author\/viraguilera\/\"}]}<\/script>\n<!-- \/ Yoast SEO plugin. -->","yoast_head_json":{"title":"7 de Octubre: D\u00eda Municipal de la Neuralgia del Trig\u00e9mino - Radio Universidad Villa Mercedes 97.5 | UNSL","robots":{"index":"index","follow":"follow","max-snippet":"max-snippet:-1","max-image-preview":"max-image-preview:large","max-video-preview":"max-video-preview:-1"},"canonical":"https:\/\/radio.fcejs.unsl.edu.ar\/index.php\/7-de-octubre-dia-municipal-de-la-neuralgia-del-trigemino\/","og_locale":"es_ES","og_type":"article","og_title":"7 de Octubre: D\u00eda Municipal de la Neuralgia del Trig\u00e9mino - Radio Universidad Villa Mercedes 97.5 | UNSL","og_description":"Villa Mercedes se suma a las actividades que se realizan a nivel internacional en el d\u00eda de la Neuralgia del Trig\u00e9mino. Una fecha dedicada a la visibilizaci\u00f3n de una enfermedad que es considerara como rara y poco frecuente del Sistema Nervioso Perif\u00e9rico. Un d\u00eda para apoyar a quienes padecen esta dolorosa afecci\u00f3n. Dialogamos con la...","og_url":"https:\/\/radio.fcejs.unsl.edu.ar\/index.php\/7-de-octubre-dia-municipal-de-la-neuralgia-del-trigemino\/","og_site_name":"Radio Universidad Villa Mercedes 97.5 | UNSL","article_published_time":"2025-10-07T23:41:58+00:00","article_modified_time":"2025-10-07T23:47:02+00:00","og_image":[{"width":1080,"height":1350,"url":"http:\/\/radio.fcejs.unsl.edu.ar\/wp-content\/uploads\/2025\/10\/WhatsApp-Image-2025-10-02-at-18.35.09.jpeg","type":"image\/jpeg"}],"author":"Virginia Aguilera","twitter_card":"summary_large_image","twitter_misc":{"Escrito por":"Virginia Aguilera","Tiempo de lectura":"3 minutos"},"schema":{"@context":"https:\/\/schema.org","@graph":[{"@type":"Article","@id":"https:\/\/radio.fcejs.unsl.edu.ar\/index.php\/7-de-octubre-dia-municipal-de-la-neuralgia-del-trigemino\/#article","isPartOf":{"@id":"https:\/\/radio.fcejs.unsl.edu.ar\/index.php\/7-de-octubre-dia-municipal-de-la-neuralgia-del-trigemino\/"},"author":{"name":"Virginia Aguilera","@id":"https:\/\/radio.fcejs.unsl.edu.ar\/#\/schema\/person\/71179a56ee499ac8cd4e46f865c627c7"},"headline":"7 de Octubre: D\u00eda Municipal de la Neuralgia del Trig\u00e9mino","datePublished":"2025-10-07T23:41:58+00:00","dateModified":"2025-10-07T23:47:02+00:00","mainEntityOfPage":{"@id":"https:\/\/radio.fcejs.unsl.edu.ar\/index.php\/7-de-octubre-dia-municipal-de-la-neuralgia-del-trigemino\/"},"wordCount":514,"publisher":{"@id":"https:\/\/radio.fcejs.unsl.edu.ar\/#organization"},"image":{"@id":"https:\/\/radio.fcejs.unsl.edu.ar\/index.php\/7-de-octubre-dia-municipal-de-la-neuralgia-del-trigemino\/#primaryimage"},"thumbnailUrl":"https:\/\/radio.fcejs.unsl.edu.ar\/wp-content\/uploads\/2025\/10\/WhatsApp-Image-2025-10-02-at-18.35.09.jpeg","articleSection":["Entrevistas"],"inLanguage":"es-AR"},{"@type":"WebPage","@id":"https:\/\/radio.fcejs.unsl.edu.ar\/index.php\/7-de-octubre-dia-municipal-de-la-neuralgia-del-trigemino\/","url":"https:\/\/radio.fcejs.unsl.edu.ar\/index.php\/7-de-octubre-dia-municipal-de-la-neuralgia-del-trigemino\/","name":"7 de Octubre: D\u00eda Municipal de la Neuralgia del Trig\u00e9mino - Radio Universidad Villa Mercedes 97.5 | UNSL","isPartOf":{"@id":"https:\/\/radio.fcejs.unsl.edu.ar\/#website"},"primaryImageOfPage":{"@id":"https:\/\/radio.fcejs.unsl.edu.ar\/index.php\/7-de-octubre-dia-municipal-de-la-neuralgia-del-trigemino\/#primaryimage"},"image":{"@id":"https:\/\/radio.fcejs.unsl.edu.ar\/index.php\/7-de-octubre-dia-municipal-de-la-neuralgia-del-trigemino\/#primaryimage"},"thumbnailUrl":"https:\/\/radio.fcejs.unsl.edu.ar\/wp-content\/uploads\/2025\/10\/WhatsApp-Image-2025-10-02-at-18.35.09.jpeg","datePublished":"2025-10-07T23:41:58+00:00","dateModified":"2025-10-07T23:47:02+00:00","breadcrumb":{"@id":"https:\/\/radio.fcejs.unsl.edu.ar\/index.php\/7-de-octubre-dia-municipal-de-la-neuralgia-del-trigemino\/#breadcrumb"},"inLanguage":"es-AR","potentialAction":[{"@type":"ReadAction","target":["https:\/\/radio.fcejs.unsl.edu.ar\/index.php\/7-de-octubre-dia-municipal-de-la-neuralgia-del-trigemino\/"]}]},{"@type":"ImageObject","inLanguage":"es-AR","@id":"https:\/\/radio.fcejs.unsl.edu.ar\/index.php\/7-de-octubre-dia-municipal-de-la-neuralgia-del-trigemino\/#primaryimage","url":"https:\/\/radio.fcejs.unsl.edu.ar\/wp-content\/uploads\/2025\/10\/WhatsApp-Image-2025-10-02-at-18.35.09.jpeg","contentUrl":"https:\/\/radio.fcejs.unsl.edu.ar\/wp-content\/uploads\/2025\/10\/WhatsApp-Image-2025-10-02-at-18.35.09.jpeg","width":1080,"height":1350},{"@type":"BreadcrumbList","@id":"https:\/\/radio.fcejs.unsl.edu.ar\/index.php\/7-de-octubre-dia-municipal-de-la-neuralgia-del-trigemino\/#breadcrumb","itemListElement":[{"@type":"ListItem","position":1,"name":"Inicio","item":"https:\/\/radio.fcejs.unsl.edu.ar\/"},{"@type":"ListItem","position":2,"name":"7 de Octubre: D\u00eda Municipal de la Neuralgia del Trig\u00e9mino"}]},{"@type":"WebSite","@id":"https:\/\/radio.fcejs.unsl.edu.ar\/#website","url":"https:\/\/radio.fcejs.unsl.edu.ar\/","name":"Radio Universidad Villa Mercedes 97.5 | UNSL","description":"UNSL","publisher":{"@id":"https:\/\/radio.fcejs.unsl.edu.ar\/#organization"},"potentialAction":[{"@type":"SearchAction","target":{"@type":"EntryPoint","urlTemplate":"https:\/\/radio.fcejs.unsl.edu.ar\/?s={search_term_string}"},"query-input":{"@type":"PropertyValueSpecification","valueRequired":true,"valueName":"search_term_string"}}],"inLanguage":"es-AR"},{"@type":"Organization","@id":"https:\/\/radio.fcejs.unsl.edu.ar\/#organization","name":"Radio Universidad Villa Mercedes 97.5 | UNSL","url":"https:\/\/radio.fcejs.unsl.edu.ar\/","logo":{"@type":"ImageObject","inLanguage":"es-AR","@id":"https:\/\/radio.fcejs.unsl.edu.ar\/#\/schema\/logo\/image\/","url":"https:\/\/radio.fcejs.unsl.edu.ar\/wp-content\/uploads\/2023\/12\/cropped-radio-villa-mercedes-97-5.png","contentUrl":"https:\/\/radio.fcejs.unsl.edu.ar\/wp-content\/uploads\/2023\/12\/cropped-radio-villa-mercedes-97-5.png","width":908,"height":289,"caption":"Radio Universidad Villa Mercedes 97.5 | UNSL"},"image":{"@id":"https:\/\/radio.fcejs.unsl.edu.ar\/#\/schema\/logo\/image\/"}},{"@type":"Person","@id":"https:\/\/radio.fcejs.unsl.edu.ar\/#\/schema\/person\/71179a56ee499ac8cd4e46f865c627c7","name":"Virginia Aguilera","url":"https:\/\/radio.fcejs.unsl.edu.ar\/index.php\/author\/viraguilera\/"}]}},"_links":{"self":[{"href":"https:\/\/radio.fcejs.unsl.edu.ar\/index.php\/wp-json\/wp\/v2\/posts\/3479","targetHints":{"allow":["GET"]}}],"collection":[{"href":"https:\/\/radio.fcejs.unsl.edu.ar\/index.php\/wp-json\/wp\/v2\/posts"}],"about":[{"href":"https:\/\/radio.fcejs.unsl.edu.ar\/index.php\/wp-json\/wp\/v2\/types\/post"}],"author":[{"embeddable":true,"href":"https:\/\/radio.fcejs.unsl.edu.ar\/index.php\/wp-json\/wp\/v2\/users\/5"}],"replies":[{"embeddable":true,"href":"https:\/\/radio.fcejs.unsl.edu.ar\/index.php\/wp-json\/wp\/v2\/comments?post=3479"}],"version-history":[{"count":4,"href":"https:\/\/radio.fcejs.unsl.edu.ar\/index.php\/wp-json\/wp\/v2\/posts\/3479\/revisions"}],"predecessor-version":[{"id":3484,"href":"https:\/\/radio.fcejs.unsl.edu.ar\/index.php\/wp-json\/wp\/v2\/posts\/3479\/revisions\/3484"}],"wp:featuredmedia":[{"embeddable":true,"href":"https:\/\/radio.fcejs.unsl.edu.ar\/index.php\/wp-json\/wp\/v2\/media\/3480"}],"wp:attachment":[{"href":"https:\/\/radio.fcejs.unsl.edu.ar\/index.php\/wp-json\/wp\/v2\/media?parent=3479"}],"wp:term":[{"taxonomy":"category","embeddable":true,"href":"https:\/\/radio.fcejs.unsl.edu.ar\/index.php\/wp-json\/wp\/v2\/categories?post=3479"},{"taxonomy":"post_tag","embeddable":true,"href":"https:\/\/radio.fcejs.unsl.edu.ar\/index.php\/wp-json\/wp\/v2\/tags?post=3479"}],"curies":[{"name":"wp","href":"https:\/\/api.w.org\/{rel}","templated":true}]}}