{"id":3469,"date":"2025-10-06T20:45:43","date_gmt":"2025-10-06T23:45:43","guid":{"rendered":"https:\/\/radio.fcejs.unsl.edu.ar\/?p=3469"},"modified":"2025-10-08T13:26:15","modified_gmt":"2025-10-08T16:26:15","slug":"estudiantes-de-la-industrial-visitaron-el-laboratorio-ciem-de-fica","status":"publish","type":"post","link":"https:\/\/radio.fcejs.unsl.edu.ar\/index.php\/estudiantes-de-la-industrial-visitaron-el-laboratorio-ciem-de-fica\/","title":{"rendered":"Estudiantes de la Industrial visitaron el laboratorio CIEM de FICA"},"content":{"rendered":"<p>Docentes y alrededor de 120 estudiantes del 5to a\u00f1o de la Escuela T\u00e9cnica N\u00b015 \u201cIng. Agust\u00edn Mercau\u201d, visitaron las instalaciones del Campus de la UNSL en Villa Mercedes.<\/p>\n<p>La actividad se desarroll\u00f3 el pasado jueves 2 de octubre, en el marco de una visita programada y organizada desde el laboratorio CIEM (Centro de Ensayo e Investigaci\u00f3n de los Materiales) con la Instituci\u00f3n Educativa. En donde los estudiantes convocados pudieron llevar a la pr\u00e1ctica los conocimientos te\u00f3ricos adquiridos en su escuela, sobre Resistencia de los materiales, y espec\u00edficamente sobre el ensayo de \u201cDureza\u201d. Ya que pudieron conocer y acceder al equipamiento tecnol\u00f3gico con el cual cuenta el laboratorio CIEM de la FICA, y en donde se practica el ensayo mencionado.<\/p>\n<p>En su recorrido por el CAMPUS, los estudiantes conocieron los estudios de la Radio de la UNSL en Villa Mercedes, en donde pudieron contar c\u00f3mo vivieron su experiencia.<\/p>\n<p><u>A continuaci\u00f3n, compartimos las entrevistas realizadas a tres grupos de estudiantes, <\/u>quienes hablaron de su visita a la Universidad, de c\u00f3mo pudieron complementar con la pr\u00e1ctica del laboratorio sus conocimientos te\u00f3ricos adquiridos, y tambi\u00e9n sobre sus expectativas y planes de futuro.<\/p>\n<p><u>\u00a0 Grupo 1- estudiantes \/voces en micr\u00f3fonos: <\/u><\/p>\n<p>*Luisiana Cometo &#8211;\u00a0 *Lucia Guarda &#8211; *Valentina Genta &#8211; *Emanuel Acosta<\/p>\n<p><img fetchpriority=\"high\" decoding=\"async\" class=\"aligncenter wp-image-3470 size-large\" src=\"http:\/\/radio.fcejs.unsl.edu.ar\/wp-content\/uploads\/2025\/10\/Grupo-3-1024x473.jpg\" alt=\"\" width=\"1024\" height=\"473\" srcset=\"https:\/\/radio.fcejs.unsl.edu.ar\/wp-content\/uploads\/2025\/10\/Grupo-3-1024x473.jpg 1024w, https:\/\/radio.fcejs.unsl.edu.ar\/wp-content\/uploads\/2025\/10\/Grupo-3-300x139.jpg 300w, https:\/\/radio.fcejs.unsl.edu.ar\/wp-content\/uploads\/2025\/10\/Grupo-3-768x355.jpg 768w, https:\/\/radio.fcejs.unsl.edu.ar\/wp-content\/uploads\/2025\/10\/Grupo-3-1536x709.jpg 1536w, https:\/\/radio.fcejs.unsl.edu.ar\/wp-content\/uploads\/2025\/10\/Grupo-3-2048x946.jpg 2048w\" sizes=\"(max-width: 1024px) 100vw, 1024px\" \/><\/p>\n<audio class=\"wp-audio-shortcode\" id=\"audio-3469-1\" preload=\"none\" style=\"width: 100%;\" controls=\"controls\"><source type=\"audio\/mpeg\" src=\"https:\/\/radioupload.fica.unsl.edu.ar\/files\/jb\/Estudiantes%20Industrial%20grupo%203%20-%20fecha%2002%20-10.mp3?_=1\" \/><a href=\"https:\/\/radioupload.fica.unsl.edu.ar\/files\/jb\/Estudiantes%20Industrial%20grupo%203%20-%20fecha%2002%20-10.mp3\">https:\/\/radioupload.fica.unsl.edu.ar\/files\/jb\/Estudiantes%20Industrial%20grupo%203%20-%20fecha%2002%20-10.mp3<\/a><\/audio>\n<p>&nbsp;<\/p>\n<p>&nbsp;<\/p>\n<p><u>\u00a0 Grupo 2- estudiantes \/voces en micr\u00f3fonos: <\/u><\/p>\n<p>*Thiago Gauna &#8211;\u00a0*Tob\u00edas Sosa &#8211;\u00a0*Priscila Valle &#8211;\u00a0*Le\u00f3n Gabuchi<\/p>\n<p><img decoding=\"async\" class=\"aligncenter wp-image-3471 size-large\" src=\"http:\/\/radio.fcejs.unsl.edu.ar\/wp-content\/uploads\/2025\/10\/Grupo-2-1024x473.jpg\" alt=\"\" width=\"1024\" height=\"473\" srcset=\"https:\/\/radio.fcejs.unsl.edu.ar\/wp-content\/uploads\/2025\/10\/Grupo-2-1024x473.jpg 1024w, https:\/\/radio.fcejs.unsl.edu.ar\/wp-content\/uploads\/2025\/10\/Grupo-2-300x139.jpg 300w, https:\/\/radio.fcejs.unsl.edu.ar\/wp-content\/uploads\/2025\/10\/Grupo-2-768x355.jpg 768w, https:\/\/radio.fcejs.unsl.edu.ar\/wp-content\/uploads\/2025\/10\/Grupo-2-1536x709.jpg 1536w, https:\/\/radio.fcejs.unsl.edu.ar\/wp-content\/uploads\/2025\/10\/Grupo-2-2048x946.jpg 2048w\" sizes=\"(max-width: 1024px) 100vw, 1024px\" \/><\/p>\n<audio class=\"wp-audio-shortcode\" id=\"audio-3469-2\" preload=\"none\" style=\"width: 100%;\" controls=\"controls\"><source type=\"audio\/mpeg\" src=\"https:\/\/radioupload.fica.unsl.edu.ar\/files\/jb\/Estudiantes%20Industrial%20grupo%201%20-%20fecha%2002%20-10.mp3?_=2\" \/><a href=\"https:\/\/radioupload.fica.unsl.edu.ar\/files\/jb\/Estudiantes%20Industrial%20grupo%201%20-%20fecha%2002%20-10.mp3\">https:\/\/radioupload.fica.unsl.edu.ar\/files\/jb\/Estudiantes%20Industrial%20grupo%201%20-%20fecha%2002%20-10.mp3<\/a><\/audio>\n<p>&nbsp;<\/p>\n<p>&nbsp;<\/p>\n<p><u>\u00a0 Grupo 3- estudiantes \/voces en micr\u00f3fonos: <\/u><\/p>\n<p>*Lautaro Mu\u00f1oz &#8211;\u00a0*Facundo Torres &#8211;\u00a0*Tomas Guardia &#8211;\u00a0*Juan Villegas<\/p>\n<p><img decoding=\"async\" class=\"aligncenter wp-image-3472 size-large\" src=\"http:\/\/radio.fcejs.unsl.edu.ar\/wp-content\/uploads\/2025\/10\/Grupo-1-1024x473.jpg\" alt=\"\" width=\"1024\" height=\"473\" srcset=\"https:\/\/radio.fcejs.unsl.edu.ar\/wp-content\/uploads\/2025\/10\/Grupo-1-1024x473.jpg 1024w, https:\/\/radio.fcejs.unsl.edu.ar\/wp-content\/uploads\/2025\/10\/Grupo-1-300x139.jpg 300w, https:\/\/radio.fcejs.unsl.edu.ar\/wp-content\/uploads\/2025\/10\/Grupo-1-768x355.jpg 768w, https:\/\/radio.fcejs.unsl.edu.ar\/wp-content\/uploads\/2025\/10\/Grupo-1-1536x709.jpg 1536w, https:\/\/radio.fcejs.unsl.edu.ar\/wp-content\/uploads\/2025\/10\/Grupo-1-2048x946.jpg 2048w\" sizes=\"(max-width: 1024px) 100vw, 1024px\" \/><\/p>\n<audio class=\"wp-audio-shortcode\" id=\"audio-3469-3\" preload=\"none\" style=\"width: 100%;\" controls=\"controls\"><source type=\"audio\/mpeg\" src=\"https:\/\/radioupload.fica.unsl.edu.ar\/files\/jb\/Estudiantes%20Industrial%20grupo%202%20-%20fecha%2002%20-10.mp3?_=3\" \/><a href=\"https:\/\/radioupload.fica.unsl.edu.ar\/files\/jb\/Estudiantes%20Industrial%20grupo%202%20-%20fecha%2002%20-10.mp3\">https:\/\/radioupload.fica.unsl.edu.ar\/files\/jb\/Estudiantes%20Industrial%20grupo%202%20-%20fecha%2002%20-10.mp3<\/a><\/audio>\n<p>&nbsp;<\/p>\n<p>Acompa\u00f1aron a los estudiantes en las actividades y en su recorrido por el Campus las docentes <strong>Romina Ramos, Natalia Del Negro, y Adriana Bravo<\/strong>, junto con la directora del laboratorio CIEM, Mag. <strong>Johana Sanoguera<\/strong> responsable del proyecto que organiz\u00f3 la actividad.<\/p>\n<p><img loading=\"lazy\" decoding=\"async\" class=\"aligncenter wp-image-3473 size-large\" src=\"http:\/\/radio.fcejs.unsl.edu.ar\/wp-content\/uploads\/2025\/10\/grupo-sin-voz-1024x473.jpg\" alt=\"\" width=\"1024\" height=\"473\" srcset=\"https:\/\/radio.fcejs.unsl.edu.ar\/wp-content\/uploads\/2025\/10\/grupo-sin-voz-1024x473.jpg 1024w, https:\/\/radio.fcejs.unsl.edu.ar\/wp-content\/uploads\/2025\/10\/grupo-sin-voz-300x139.jpg 300w, https:\/\/radio.fcejs.unsl.edu.ar\/wp-content\/uploads\/2025\/10\/grupo-sin-voz-768x355.jpg 768w, https:\/\/radio.fcejs.unsl.edu.ar\/wp-content\/uploads\/2025\/10\/grupo-sin-voz-1536x709.jpg 1536w, https:\/\/radio.fcejs.unsl.edu.ar\/wp-content\/uploads\/2025\/10\/grupo-sin-voz-2048x946.jpg 2048w\" sizes=\"(max-width: 1024px) 100vw, 1024px\" \/><\/p>\n<p>&nbsp;<\/p>\n<p><img loading=\"lazy\" decoding=\"async\" class=\"aligncenter wp-image-3474 size-large\" src=\"http:\/\/radio.fcejs.unsl.edu.ar\/wp-content\/uploads\/2025\/10\/foto-todos-1024x768.jpg\" alt=\"\" width=\"1024\" height=\"768\" srcset=\"https:\/\/radio.fcejs.unsl.edu.ar\/wp-content\/uploads\/2025\/10\/foto-todos-1024x768.jpg 1024w, https:\/\/radio.fcejs.unsl.edu.ar\/wp-content\/uploads\/2025\/10\/foto-todos-300x225.jpg 300w, https:\/\/radio.fcejs.unsl.edu.ar\/wp-content\/uploads\/2025\/10\/foto-todos-768x576.jpg 768w, https:\/\/radio.fcejs.unsl.edu.ar\/wp-content\/uploads\/2025\/10\/foto-todos-1536x1152.jpg 1536w, https:\/\/radio.fcejs.unsl.edu.ar\/wp-content\/uploads\/2025\/10\/foto-todos.jpg 1600w\" sizes=\"(max-width: 1024px) 100vw, 1024px\" \/><\/p>\n<p>&nbsp;<\/p>\n<p>Entrevistas realizadas en el programa radial <strong>\u201cLa Quilla\u201d<\/strong>, con Virginia Aguilera y Federico Amodey, por Radio UNSL en Villa Mercedes- 97.5 FM.<\/p>\n","protected":false},"excerpt":{"rendered":"<p>Docentes y alrededor de 120 estudiantes del 5to a\u00f1o de la Escuela T\u00e9cnica N\u00b015 \u201cIng. Agust\u00edn Mercau\u201d, visitaron las instalaciones del Campus de la UNSL en Villa Mercedes. La actividad se desarroll\u00f3 el pasado jueves 2 de octubre, en el marco de una visita programada y organizada desde el laboratorio CIEM (Centro de Ensayo e&#8230;<\/p>\n","protected":false},"author":5,"featured_media":3486,"comment_status":"closed","ping_status":"closed","sticky":false,"template":"","format":"standard","meta":{"_kad_post_transparent":"default","_kad_post_title":"default","_kad_post_layout":"default","_kad_post_sidebar_id":"","_kad_post_content_style":"default","_kad_post_vertical_padding":"default","_kad_post_feature":"","_kad_post_feature_position":"","_kad_post_header":false,"_kad_post_footer":false,"_kad_post_classname":"","footnotes":""},"categories":[14,1],"tags":[],"class_list":["post-3469","post","type-post","status-publish","format-standard","has-post-thumbnail","hentry","category-entrevistas","category-noticias"],"yoast_head":"<!-- This site is optimized with the Yoast SEO plugin v27.2 - https:\/\/yoast.com\/product\/yoast-seo-wordpress\/ -->\n<title>Estudiantes de la Industrial visitaron el laboratorio CIEM de FICA - Radio Universidad Villa Mercedes 97.5 | UNSL<\/title>\n<meta name=\"robots\" content=\"index, follow, max-snippet:-1, max-image-preview:large, max-video-preview:-1\" \/>\n<link rel=\"canonical\" href=\"https:\/\/radio.fcejs.unsl.edu.ar\/index.php\/estudiantes-de-la-industrial-visitaron-el-laboratorio-ciem-de-fica\/\" \/>\n<meta property=\"og:locale\" content=\"es_ES\" \/>\n<meta property=\"og:type\" content=\"article\" \/>\n<meta property=\"og:title\" content=\"Estudiantes de la Industrial visitaron el laboratorio CIEM de FICA - Radio Universidad Villa Mercedes 97.5 | UNSL\" \/>\n<meta property=\"og:description\" content=\"Docentes y alrededor de 120 estudiantes del 5to a\u00f1o de la Escuela T\u00e9cnica N\u00b015 \u201cIng. Agust\u00edn Mercau\u201d, visitaron las instalaciones del Campus de la UNSL en Villa Mercedes. La actividad se desarroll\u00f3 el pasado jueves 2 de octubre, en el marco de una visita programada y organizada desde el laboratorio CIEM (Centro de Ensayo e...\" \/>\n<meta property=\"og:url\" content=\"https:\/\/radio.fcejs.unsl.edu.ar\/index.php\/estudiantes-de-la-industrial-visitaron-el-laboratorio-ciem-de-fica\/\" \/>\n<meta property=\"og:site_name\" content=\"Radio Universidad Villa Mercedes 97.5 | UNSL\" \/>\n<meta property=\"article:published_time\" content=\"2025-10-06T23:45:43+00:00\" \/>\n<meta property=\"article:modified_time\" content=\"2025-10-08T16:26:15+00:00\" \/>\n<meta property=\"og:image\" content=\"http:\/\/radio.fcejs.unsl.edu.ar\/wp-content\/uploads\/2025\/10\/AGUSTIN-MERCAU-visita-ciem-2.jpg\" \/>\n\t<meta property=\"og:image:width\" content=\"1600\" \/>\n\t<meta property=\"og:image:height\" content=\"1200\" \/>\n\t<meta property=\"og:image:type\" content=\"image\/jpeg\" \/>\n<meta name=\"author\" content=\"Virginia Aguilera\" \/>\n<meta name=\"twitter:card\" content=\"summary_large_image\" \/>\n<meta name=\"twitter:label1\" content=\"Escrito por\" \/>\n\t<meta name=\"twitter:data1\" content=\"Virginia Aguilera\" \/>\n\t<meta name=\"twitter:label2\" content=\"Tiempo de lectura\" \/>\n\t<meta name=\"twitter:data2\" content=\"3 minutos\" \/>\n<script type=\"application\/ld+json\" class=\"yoast-schema-graph\">{\"@context\":\"https:\/\/schema.org\",\"@graph\":[{\"@type\":\"Article\",\"@id\":\"https:\/\/radio.fcejs.unsl.edu.ar\/index.php\/estudiantes-de-la-industrial-visitaron-el-laboratorio-ciem-de-fica\/#article\",\"isPartOf\":{\"@id\":\"https:\/\/radio.fcejs.unsl.edu.ar\/index.php\/estudiantes-de-la-industrial-visitaron-el-laboratorio-ciem-de-fica\/\"},\"author\":{\"name\":\"Virginia Aguilera\",\"@id\":\"https:\/\/radio.fcejs.unsl.edu.ar\/#\/schema\/person\/71179a56ee499ac8cd4e46f865c627c7\"},\"headline\":\"Estudiantes de la Industrial visitaron el laboratorio CIEM de FICA\",\"datePublished\":\"2025-10-06T23:45:43+00:00\",\"dateModified\":\"2025-10-08T16:26:15+00:00\",\"mainEntityOfPage\":{\"@id\":\"https:\/\/radio.fcejs.unsl.edu.ar\/index.php\/estudiantes-de-la-industrial-visitaron-el-laboratorio-ciem-de-fica\/\"},\"wordCount\":389,\"publisher\":{\"@id\":\"https:\/\/radio.fcejs.unsl.edu.ar\/#organization\"},\"image\":{\"@id\":\"https:\/\/radio.fcejs.unsl.edu.ar\/index.php\/estudiantes-de-la-industrial-visitaron-el-laboratorio-ciem-de-fica\/#primaryimage\"},\"thumbnailUrl\":\"https:\/\/radio.fcejs.unsl.edu.ar\/wp-content\/uploads\/2025\/10\/AGUSTIN-MERCAU-visita-ciem-2.jpg\",\"articleSection\":[\"Entrevistas\",\"Noticias\"],\"inLanguage\":\"es-AR\"},{\"@type\":\"WebPage\",\"@id\":\"https:\/\/radio.fcejs.unsl.edu.ar\/index.php\/estudiantes-de-la-industrial-visitaron-el-laboratorio-ciem-de-fica\/\",\"url\":\"https:\/\/radio.fcejs.unsl.edu.ar\/index.php\/estudiantes-de-la-industrial-visitaron-el-laboratorio-ciem-de-fica\/\",\"name\":\"Estudiantes de la Industrial visitaron el laboratorio CIEM de FICA - Radio Universidad Villa Mercedes 97.5 | UNSL\",\"isPartOf\":{\"@id\":\"https:\/\/radio.fcejs.unsl.edu.ar\/#website\"},\"primaryImageOfPage\":{\"@id\":\"https:\/\/radio.fcejs.unsl.edu.ar\/index.php\/estudiantes-de-la-industrial-visitaron-el-laboratorio-ciem-de-fica\/#primaryimage\"},\"image\":{\"@id\":\"https:\/\/radio.fcejs.unsl.edu.ar\/index.php\/estudiantes-de-la-industrial-visitaron-el-laboratorio-ciem-de-fica\/#primaryimage\"},\"thumbnailUrl\":\"https:\/\/radio.fcejs.unsl.edu.ar\/wp-content\/uploads\/2025\/10\/AGUSTIN-MERCAU-visita-ciem-2.jpg\",\"datePublished\":\"2025-10-06T23:45:43+00:00\",\"dateModified\":\"2025-10-08T16:26:15+00:00\",\"breadcrumb\":{\"@id\":\"https:\/\/radio.fcejs.unsl.edu.ar\/index.php\/estudiantes-de-la-industrial-visitaron-el-laboratorio-ciem-de-fica\/#breadcrumb\"},\"inLanguage\":\"es-AR\",\"potentialAction\":[{\"@type\":\"ReadAction\",\"target\":[\"https:\/\/radio.fcejs.unsl.edu.ar\/index.php\/estudiantes-de-la-industrial-visitaron-el-laboratorio-ciem-de-fica\/\"]}]},{\"@type\":\"ImageObject\",\"inLanguage\":\"es-AR\",\"@id\":\"https:\/\/radio.fcejs.unsl.edu.ar\/index.php\/estudiantes-de-la-industrial-visitaron-el-laboratorio-ciem-de-fica\/#primaryimage\",\"url\":\"https:\/\/radio.fcejs.unsl.edu.ar\/wp-content\/uploads\/2025\/10\/AGUSTIN-MERCAU-visita-ciem-2.jpg\",\"contentUrl\":\"https:\/\/radio.fcejs.unsl.edu.ar\/wp-content\/uploads\/2025\/10\/AGUSTIN-MERCAU-visita-ciem-2.jpg\",\"width\":1600,\"height\":1200},{\"@type\":\"BreadcrumbList\",\"@id\":\"https:\/\/radio.fcejs.unsl.edu.ar\/index.php\/estudiantes-de-la-industrial-visitaron-el-laboratorio-ciem-de-fica\/#breadcrumb\",\"itemListElement\":[{\"@type\":\"ListItem\",\"position\":1,\"name\":\"Inicio\",\"item\":\"https:\/\/radio.fcejs.unsl.edu.ar\/\"},{\"@type\":\"ListItem\",\"position\":2,\"name\":\"Estudiantes de la Industrial visitaron el laboratorio CIEM de FICA\"}]},{\"@type\":\"WebSite\",\"@id\":\"https:\/\/radio.fcejs.unsl.edu.ar\/#website\",\"url\":\"https:\/\/radio.fcejs.unsl.edu.ar\/\",\"name\":\"Radio Universidad Villa Mercedes 97.5 | UNSL\",\"description\":\"UNSL\",\"publisher\":{\"@id\":\"https:\/\/radio.fcejs.unsl.edu.ar\/#organization\"},\"potentialAction\":[{\"@type\":\"SearchAction\",\"target\":{\"@type\":\"EntryPoint\",\"urlTemplate\":\"https:\/\/radio.fcejs.unsl.edu.ar\/?s={search_term_string}\"},\"query-input\":{\"@type\":\"PropertyValueSpecification\",\"valueRequired\":true,\"valueName\":\"search_term_string\"}}],\"inLanguage\":\"es-AR\"},{\"@type\":\"Organization\",\"@id\":\"https:\/\/radio.fcejs.unsl.edu.ar\/#organization\",\"name\":\"Radio Universidad Villa Mercedes 97.5 | UNSL\",\"url\":\"https:\/\/radio.fcejs.unsl.edu.ar\/\",\"logo\":{\"@type\":\"ImageObject\",\"inLanguage\":\"es-AR\",\"@id\":\"https:\/\/radio.fcejs.unsl.edu.ar\/#\/schema\/logo\/image\/\",\"url\":\"https:\/\/radio.fcejs.unsl.edu.ar\/wp-content\/uploads\/2023\/12\/cropped-radio-villa-mercedes-97-5.png\",\"contentUrl\":\"https:\/\/radio.fcejs.unsl.edu.ar\/wp-content\/uploads\/2023\/12\/cropped-radio-villa-mercedes-97-5.png\",\"width\":908,\"height\":289,\"caption\":\"Radio Universidad Villa Mercedes 97.5 | UNSL\"},\"image\":{\"@id\":\"https:\/\/radio.fcejs.unsl.edu.ar\/#\/schema\/logo\/image\/\"}},{\"@type\":\"Person\",\"@id\":\"https:\/\/radio.fcejs.unsl.edu.ar\/#\/schema\/person\/71179a56ee499ac8cd4e46f865c627c7\",\"name\":\"Virginia Aguilera\",\"url\":\"https:\/\/radio.fcejs.unsl.edu.ar\/index.php\/author\/viraguilera\/\"}]}<\/script>\n<!-- \/ Yoast SEO plugin. -->","yoast_head_json":{"title":"Estudiantes de la Industrial visitaron el laboratorio CIEM de FICA - Radio Universidad Villa Mercedes 97.5 | UNSL","robots":{"index":"index","follow":"follow","max-snippet":"max-snippet:-1","max-image-preview":"max-image-preview:large","max-video-preview":"max-video-preview:-1"},"canonical":"https:\/\/radio.fcejs.unsl.edu.ar\/index.php\/estudiantes-de-la-industrial-visitaron-el-laboratorio-ciem-de-fica\/","og_locale":"es_ES","og_type":"article","og_title":"Estudiantes de la Industrial visitaron el laboratorio CIEM de FICA - Radio Universidad Villa Mercedes 97.5 | UNSL","og_description":"Docentes y alrededor de 120 estudiantes del 5to a\u00f1o de la Escuela T\u00e9cnica N\u00b015 \u201cIng. Agust\u00edn Mercau\u201d, visitaron las instalaciones del Campus de la UNSL en Villa Mercedes. La actividad se desarroll\u00f3 el pasado jueves 2 de octubre, en el marco de una visita programada y organizada desde el laboratorio CIEM (Centro de Ensayo e...","og_url":"https:\/\/radio.fcejs.unsl.edu.ar\/index.php\/estudiantes-de-la-industrial-visitaron-el-laboratorio-ciem-de-fica\/","og_site_name":"Radio Universidad Villa Mercedes 97.5 | UNSL","article_published_time":"2025-10-06T23:45:43+00:00","article_modified_time":"2025-10-08T16:26:15+00:00","og_image":[{"width":1600,"height":1200,"url":"http:\/\/radio.fcejs.unsl.edu.ar\/wp-content\/uploads\/2025\/10\/AGUSTIN-MERCAU-visita-ciem-2.jpg","type":"image\/jpeg"}],"author":"Virginia Aguilera","twitter_card":"summary_large_image","twitter_misc":{"Escrito por":"Virginia Aguilera","Tiempo de lectura":"3 minutos"},"schema":{"@context":"https:\/\/schema.org","@graph":[{"@type":"Article","@id":"https:\/\/radio.fcejs.unsl.edu.ar\/index.php\/estudiantes-de-la-industrial-visitaron-el-laboratorio-ciem-de-fica\/#article","isPartOf":{"@id":"https:\/\/radio.fcejs.unsl.edu.ar\/index.php\/estudiantes-de-la-industrial-visitaron-el-laboratorio-ciem-de-fica\/"},"author":{"name":"Virginia Aguilera","@id":"https:\/\/radio.fcejs.unsl.edu.ar\/#\/schema\/person\/71179a56ee499ac8cd4e46f865c627c7"},"headline":"Estudiantes de la Industrial visitaron el laboratorio CIEM de FICA","datePublished":"2025-10-06T23:45:43+00:00","dateModified":"2025-10-08T16:26:15+00:00","mainEntityOfPage":{"@id":"https:\/\/radio.fcejs.unsl.edu.ar\/index.php\/estudiantes-de-la-industrial-visitaron-el-laboratorio-ciem-de-fica\/"},"wordCount":389,"publisher":{"@id":"https:\/\/radio.fcejs.unsl.edu.ar\/#organization"},"image":{"@id":"https:\/\/radio.fcejs.unsl.edu.ar\/index.php\/estudiantes-de-la-industrial-visitaron-el-laboratorio-ciem-de-fica\/#primaryimage"},"thumbnailUrl":"https:\/\/radio.fcejs.unsl.edu.ar\/wp-content\/uploads\/2025\/10\/AGUSTIN-MERCAU-visita-ciem-2.jpg","articleSection":["Entrevistas","Noticias"],"inLanguage":"es-AR"},{"@type":"WebPage","@id":"https:\/\/radio.fcejs.unsl.edu.ar\/index.php\/estudiantes-de-la-industrial-visitaron-el-laboratorio-ciem-de-fica\/","url":"https:\/\/radio.fcejs.unsl.edu.ar\/index.php\/estudiantes-de-la-industrial-visitaron-el-laboratorio-ciem-de-fica\/","name":"Estudiantes de la Industrial visitaron el laboratorio CIEM de FICA - Radio Universidad Villa Mercedes 97.5 | UNSL","isPartOf":{"@id":"https:\/\/radio.fcejs.unsl.edu.ar\/#website"},"primaryImageOfPage":{"@id":"https:\/\/radio.fcejs.unsl.edu.ar\/index.php\/estudiantes-de-la-industrial-visitaron-el-laboratorio-ciem-de-fica\/#primaryimage"},"image":{"@id":"https:\/\/radio.fcejs.unsl.edu.ar\/index.php\/estudiantes-de-la-industrial-visitaron-el-laboratorio-ciem-de-fica\/#primaryimage"},"thumbnailUrl":"https:\/\/radio.fcejs.unsl.edu.ar\/wp-content\/uploads\/2025\/10\/AGUSTIN-MERCAU-visita-ciem-2.jpg","datePublished":"2025-10-06T23:45:43+00:00","dateModified":"2025-10-08T16:26:15+00:00","breadcrumb":{"@id":"https:\/\/radio.fcejs.unsl.edu.ar\/index.php\/estudiantes-de-la-industrial-visitaron-el-laboratorio-ciem-de-fica\/#breadcrumb"},"inLanguage":"es-AR","potentialAction":[{"@type":"ReadAction","target":["https:\/\/radio.fcejs.unsl.edu.ar\/index.php\/estudiantes-de-la-industrial-visitaron-el-laboratorio-ciem-de-fica\/"]}]},{"@type":"ImageObject","inLanguage":"es-AR","@id":"https:\/\/radio.fcejs.unsl.edu.ar\/index.php\/estudiantes-de-la-industrial-visitaron-el-laboratorio-ciem-de-fica\/#primaryimage","url":"https:\/\/radio.fcejs.unsl.edu.ar\/wp-content\/uploads\/2025\/10\/AGUSTIN-MERCAU-visita-ciem-2.jpg","contentUrl":"https:\/\/radio.fcejs.unsl.edu.ar\/wp-content\/uploads\/2025\/10\/AGUSTIN-MERCAU-visita-ciem-2.jpg","width":1600,"height":1200},{"@type":"BreadcrumbList","@id":"https:\/\/radio.fcejs.unsl.edu.ar\/index.php\/estudiantes-de-la-industrial-visitaron-el-laboratorio-ciem-de-fica\/#breadcrumb","itemListElement":[{"@type":"ListItem","position":1,"name":"Inicio","item":"https:\/\/radio.fcejs.unsl.edu.ar\/"},{"@type":"ListItem","position":2,"name":"Estudiantes de la Industrial visitaron el laboratorio CIEM de FICA"}]},{"@type":"WebSite","@id":"https:\/\/radio.fcejs.unsl.edu.ar\/#website","url":"https:\/\/radio.fcejs.unsl.edu.ar\/","name":"Radio Universidad Villa Mercedes 97.5 | UNSL","description":"UNSL","publisher":{"@id":"https:\/\/radio.fcejs.unsl.edu.ar\/#organization"},"potentialAction":[{"@type":"SearchAction","target":{"@type":"EntryPoint","urlTemplate":"https:\/\/radio.fcejs.unsl.edu.ar\/?s={search_term_string}"},"query-input":{"@type":"PropertyValueSpecification","valueRequired":true,"valueName":"search_term_string"}}],"inLanguage":"es-AR"},{"@type":"Organization","@id":"https:\/\/radio.fcejs.unsl.edu.ar\/#organization","name":"Radio Universidad Villa Mercedes 97.5 | UNSL","url":"https:\/\/radio.fcejs.unsl.edu.ar\/","logo":{"@type":"ImageObject","inLanguage":"es-AR","@id":"https:\/\/radio.fcejs.unsl.edu.ar\/#\/schema\/logo\/image\/","url":"https:\/\/radio.fcejs.unsl.edu.ar\/wp-content\/uploads\/2023\/12\/cropped-radio-villa-mercedes-97-5.png","contentUrl":"https:\/\/radio.fcejs.unsl.edu.ar\/wp-content\/uploads\/2023\/12\/cropped-radio-villa-mercedes-97-5.png","width":908,"height":289,"caption":"Radio Universidad Villa Mercedes 97.5 | UNSL"},"image":{"@id":"https:\/\/radio.fcejs.unsl.edu.ar\/#\/schema\/logo\/image\/"}},{"@type":"Person","@id":"https:\/\/radio.fcejs.unsl.edu.ar\/#\/schema\/person\/71179a56ee499ac8cd4e46f865c627c7","name":"Virginia Aguilera","url":"https:\/\/radio.fcejs.unsl.edu.ar\/index.php\/author\/viraguilera\/"}]}},"_links":{"self":[{"href":"https:\/\/radio.fcejs.unsl.edu.ar\/index.php\/wp-json\/wp\/v2\/posts\/3469","targetHints":{"allow":["GET"]}}],"collection":[{"href":"https:\/\/radio.fcejs.unsl.edu.ar\/index.php\/wp-json\/wp\/v2\/posts"}],"about":[{"href":"https:\/\/radio.fcejs.unsl.edu.ar\/index.php\/wp-json\/wp\/v2\/types\/post"}],"author":[{"embeddable":true,"href":"https:\/\/radio.fcejs.unsl.edu.ar\/index.php\/wp-json\/wp\/v2\/users\/5"}],"replies":[{"embeddable":true,"href":"https:\/\/radio.fcejs.unsl.edu.ar\/index.php\/wp-json\/wp\/v2\/comments?post=3469"}],"version-history":[{"count":4,"href":"https:\/\/radio.fcejs.unsl.edu.ar\/index.php\/wp-json\/wp\/v2\/posts\/3469\/revisions"}],"predecessor-version":[{"id":3478,"href":"https:\/\/radio.fcejs.unsl.edu.ar\/index.php\/wp-json\/wp\/v2\/posts\/3469\/revisions\/3478"}],"wp:featuredmedia":[{"embeddable":true,"href":"https:\/\/radio.fcejs.unsl.edu.ar\/index.php\/wp-json\/wp\/v2\/media\/3486"}],"wp:attachment":[{"href":"https:\/\/radio.fcejs.unsl.edu.ar\/index.php\/wp-json\/wp\/v2\/media?parent=3469"}],"wp:term":[{"taxonomy":"category","embeddable":true,"href":"https:\/\/radio.fcejs.unsl.edu.ar\/index.php\/wp-json\/wp\/v2\/categories?post=3469"},{"taxonomy":"post_tag","embeddable":true,"href":"https:\/\/radio.fcejs.unsl.edu.ar\/index.php\/wp-json\/wp\/v2\/tags?post=3469"}],"curies":[{"name":"wp","href":"https:\/\/api.w.org\/{rel}","templated":true}]}}