{"id":3454,"date":"2025-10-03T21:44:37","date_gmt":"2025-10-04T00:44:37","guid":{"rendered":"https:\/\/radio.fcejs.unsl.edu.ar\/?p=3454"},"modified":"2025-10-03T21:44:37","modified_gmt":"2025-10-04T00:44:37","slug":"este-finde-san-luis-sera-sede-del-nasa-space-apps-challenge-un-evento-destacado-a-nivel-internacional","status":"publish","type":"post","link":"https:\/\/radio.fcejs.unsl.edu.ar\/index.php\/este-finde-san-luis-sera-sede-del-nasa-space-apps-challenge-un-evento-destacado-a-nivel-internacional\/","title":{"rendered":"Este finde San Luis ser\u00e1 sede del &#8220;NASA Space Apps Challenge&#8221; un evento destacado a nivel internacional"},"content":{"rendered":"<p>Este 4 y 5 de octubre se llevar\u00e1 a cabo una competencia internacional que se desarrollar\u00e1 de forma simult\u00e1nea en m\u00e1s de 150 pa\u00edses y en m\u00e1s de 350 ciudades del mundo. En la misma se propondr\u00e1n distintos desaf\u00edos relacionados con problem\u00e1ticas reales de la Tierra y el espacio. Participar\u00e1n del evento docentes, profesionales, \u00a0egresados , entusiastas de la innovaci\u00f3n, y estudiantes universitarios, entre ellos de la FICA y de FCEJS.<\/p>\n<p>Dialogamos con <strong>Marcos Lucero, Secretario de extensi\u00f3n y vinculaci\u00f3n de la ULP, y docente de la UNSL, <\/strong>quien brind\u00f3 detalles del evento, previo a la inauguraci\u00f3n del mismo.<\/p>\n<p><strong><u>*Lucero destac\u00f3 la importante participaci\u00f3n y acompa\u00f1amiento de la Universidad Nacional de San Luis en el evento, y en este sentido dijo<\/u><\/strong>: \u201c\u2026el apoyo que nos han brindado, tanto del Gobierno de la provincia, las diferentes universidades, en particular la Universidad Nacional de San Luis cuyo rector, el Dr. Ra\u00fal Gil, va a ser uno de los miembros de este jurado destacado\u2026 la gente del CONICET, de INTA, de INTI, de la Facultad de Ciencias Econ\u00f3micas Jur\u00eddicas y Sociales, de la Facultad de Ingenier\u00eda y Ciencias Agropecuarias, de la Facultad de Qu\u00edmica Bioqu\u00edmica y Farmacia. De la Faculta de Ciencias F\u00edsico y Naturales, de la Facultad de Turismo y Urbanismo. Todos han mandado representantes, aqu\u00ed a la Universidad de La Punta, han promocionado este evento entre los estudiantes y la verdad que estamos muy contentos&#8221;.<\/p>\n<p>*La competencia por primera vez se realizar\u00e1 en San Luis, con la sede en la Universidad de La Punta (ULP) la cual se destaca como la sede m\u00e1s importante de nuestro pa\u00eds, y la segunda m\u00e1s importante de Latinoam\u00e9rica por la gran cantidad de participantes.<\/p>\n<p>La competencia se podr\u00e1 seguir en vivo en las redes de la ULP, as\u00ed como tambi\u00e9n en el canal de Youtube que tiene la Universidad.<\/p>\n<p>Escucha la entrevista realizada a Marcos Lucero en el programa radial \u201cLa Quilla\u201d en el siguiente audio:<\/p>\n<audio class=\"wp-audio-shortcode\" id=\"audio-3454-1\" preload=\"none\" style=\"width: 100%;\" controls=\"controls\"><source type=\"audio\/mpeg\" src=\"https:\/\/radioupload.fica.unsl.edu.ar\/files\/jb\/Marcos%20Lucero%20NASA%20editado%20para%20subir.mp3?_=1\" \/><a href=\"https:\/\/radioupload.fica.unsl.edu.ar\/files\/jb\/Marcos%20Lucero%20NASA%20editado%20para%20subir.mp3\">https:\/\/radioupload.fica.unsl.edu.ar\/files\/jb\/Marcos%20Lucero%20NASA%20editado%20para%20subir.mp3<\/a><\/audio>\n<p>&nbsp;<\/p>\n<p>Entrevista realizada en el programa radial &#8220;La Quilla&#8221;, con Virginia Aguilera y Federico Amodey, por Radio UNSL en Villa Mercedes- 97.5 FM.<\/p>\n","protected":false},"excerpt":{"rendered":"<p>Este 4 y 5 de octubre se llevar\u00e1 a cabo una competencia internacional que se desarrollar\u00e1 de forma simult\u00e1nea en m\u00e1s de 150 pa\u00edses y en m\u00e1s de 350 ciudades del mundo. En la misma se propondr\u00e1n distintos desaf\u00edos relacionados con problem\u00e1ticas reales de la Tierra y el espacio. Participar\u00e1n del evento docentes, profesionales, \u00a0egresados&#8230;<\/p>\n","protected":false},"author":5,"featured_media":3455,"comment_status":"closed","ping_status":"closed","sticky":false,"template":"","format":"standard","meta":{"_kad_post_transparent":"default","_kad_post_title":"default","_kad_post_layout":"default","_kad_post_sidebar_id":"","_kad_post_content_style":"default","_kad_post_vertical_padding":"default","_kad_post_feature":"","_kad_post_feature_position":"","_kad_post_header":false,"_kad_post_footer":false,"_kad_post_classname":"","footnotes":""},"categories":[14],"tags":[],"class_list":["post-3454","post","type-post","status-publish","format-standard","has-post-thumbnail","hentry","category-entrevistas"],"yoast_head":"<!-- This site is optimized with the Yoast SEO plugin v27.2 - https:\/\/yoast.com\/product\/yoast-seo-wordpress\/ -->\n<title>Este finde San Luis ser\u00e1 sede del &quot;NASA Space Apps Challenge&quot; un evento destacado a nivel internacional - Radio Universidad Villa Mercedes 97.5 | UNSL<\/title>\n<meta name=\"robots\" content=\"index, follow, max-snippet:-1, max-image-preview:large, max-video-preview:-1\" \/>\n<link rel=\"canonical\" href=\"https:\/\/radio.fcejs.unsl.edu.ar\/index.php\/este-finde-san-luis-sera-sede-del-nasa-space-apps-challenge-un-evento-destacado-a-nivel-internacional\/\" \/>\n<meta property=\"og:locale\" content=\"es_ES\" \/>\n<meta property=\"og:type\" content=\"article\" \/>\n<meta property=\"og:title\" content=\"Este finde San Luis ser\u00e1 sede del &quot;NASA Space Apps Challenge&quot; un evento destacado a nivel internacional - Radio Universidad Villa Mercedes 97.5 | UNSL\" \/>\n<meta property=\"og:description\" content=\"Este 4 y 5 de octubre se llevar\u00e1 a cabo una competencia internacional que se desarrollar\u00e1 de forma simult\u00e1nea en m\u00e1s de 150 pa\u00edses y en m\u00e1s de 350 ciudades del mundo. En la misma se propondr\u00e1n distintos desaf\u00edos relacionados con problem\u00e1ticas reales de la Tierra y el espacio. Participar\u00e1n del evento docentes, profesionales, \u00a0egresados...\" \/>\n<meta property=\"og:url\" content=\"https:\/\/radio.fcejs.unsl.edu.ar\/index.php\/este-finde-san-luis-sera-sede-del-nasa-space-apps-challenge-un-evento-destacado-a-nivel-internacional\/\" \/>\n<meta property=\"og:site_name\" content=\"Radio Universidad Villa Mercedes 97.5 | UNSL\" \/>\n<meta property=\"article:published_time\" content=\"2025-10-04T00:44:37+00:00\" \/>\n<meta property=\"og:image\" content=\"http:\/\/radio.fcejs.unsl.edu.ar\/wp-content\/uploads\/2025\/10\/NASA-SPACE-FRONT-1024x565-1.jpg\" \/>\n\t<meta property=\"og:image:width\" content=\"1024\" \/>\n\t<meta property=\"og:image:height\" content=\"565\" \/>\n\t<meta property=\"og:image:type\" content=\"image\/jpeg\" \/>\n<meta name=\"author\" content=\"Virginia Aguilera\" \/>\n<meta name=\"twitter:card\" content=\"summary_large_image\" \/>\n<meta name=\"twitter:label1\" content=\"Escrito por\" \/>\n\t<meta name=\"twitter:data1\" content=\"Virginia Aguilera\" \/>\n\t<meta name=\"twitter:label2\" content=\"Tiempo de lectura\" \/>\n\t<meta name=\"twitter:data2\" content=\"2 minutos\" \/>\n<script type=\"application\/ld+json\" class=\"yoast-schema-graph\">{\"@context\":\"https:\/\/schema.org\",\"@graph\":[{\"@type\":\"Article\",\"@id\":\"https:\/\/radio.fcejs.unsl.edu.ar\/index.php\/este-finde-san-luis-sera-sede-del-nasa-space-apps-challenge-un-evento-destacado-a-nivel-internacional\/#article\",\"isPartOf\":{\"@id\":\"https:\/\/radio.fcejs.unsl.edu.ar\/index.php\/este-finde-san-luis-sera-sede-del-nasa-space-apps-challenge-un-evento-destacado-a-nivel-internacional\/\"},\"author\":{\"name\":\"Virginia Aguilera\",\"@id\":\"https:\/\/radio.fcejs.unsl.edu.ar\/#\/schema\/person\/71179a56ee499ac8cd4e46f865c627c7\"},\"headline\":\"Este finde San Luis ser\u00e1 sede del &#8220;NASA Space Apps Challenge&#8221; un evento destacado a nivel internacional\",\"datePublished\":\"2025-10-04T00:44:37+00:00\",\"mainEntityOfPage\":{\"@id\":\"https:\/\/radio.fcejs.unsl.edu.ar\/index.php\/este-finde-san-luis-sera-sede-del-nasa-space-apps-challenge-un-evento-destacado-a-nivel-internacional\/\"},\"wordCount\":398,\"publisher\":{\"@id\":\"https:\/\/radio.fcejs.unsl.edu.ar\/#organization\"},\"image\":{\"@id\":\"https:\/\/radio.fcejs.unsl.edu.ar\/index.php\/este-finde-san-luis-sera-sede-del-nasa-space-apps-challenge-un-evento-destacado-a-nivel-internacional\/#primaryimage\"},\"thumbnailUrl\":\"https:\/\/radio.fcejs.unsl.edu.ar\/wp-content\/uploads\/2025\/10\/NASA-SPACE-FRONT-1024x565-1.jpg\",\"articleSection\":[\"Entrevistas\"],\"inLanguage\":\"es-AR\"},{\"@type\":\"WebPage\",\"@id\":\"https:\/\/radio.fcejs.unsl.edu.ar\/index.php\/este-finde-san-luis-sera-sede-del-nasa-space-apps-challenge-un-evento-destacado-a-nivel-internacional\/\",\"url\":\"https:\/\/radio.fcejs.unsl.edu.ar\/index.php\/este-finde-san-luis-sera-sede-del-nasa-space-apps-challenge-un-evento-destacado-a-nivel-internacional\/\",\"name\":\"Este finde San Luis ser\u00e1 sede del \\\"NASA Space Apps Challenge\\\" un evento destacado a nivel internacional - Radio Universidad Villa Mercedes 97.5 | UNSL\",\"isPartOf\":{\"@id\":\"https:\/\/radio.fcejs.unsl.edu.ar\/#website\"},\"primaryImageOfPage\":{\"@id\":\"https:\/\/radio.fcejs.unsl.edu.ar\/index.php\/este-finde-san-luis-sera-sede-del-nasa-space-apps-challenge-un-evento-destacado-a-nivel-internacional\/#primaryimage\"},\"image\":{\"@id\":\"https:\/\/radio.fcejs.unsl.edu.ar\/index.php\/este-finde-san-luis-sera-sede-del-nasa-space-apps-challenge-un-evento-destacado-a-nivel-internacional\/#primaryimage\"},\"thumbnailUrl\":\"https:\/\/radio.fcejs.unsl.edu.ar\/wp-content\/uploads\/2025\/10\/NASA-SPACE-FRONT-1024x565-1.jpg\",\"datePublished\":\"2025-10-04T00:44:37+00:00\",\"breadcrumb\":{\"@id\":\"https:\/\/radio.fcejs.unsl.edu.ar\/index.php\/este-finde-san-luis-sera-sede-del-nasa-space-apps-challenge-un-evento-destacado-a-nivel-internacional\/#breadcrumb\"},\"inLanguage\":\"es-AR\",\"potentialAction\":[{\"@type\":\"ReadAction\",\"target\":[\"https:\/\/radio.fcejs.unsl.edu.ar\/index.php\/este-finde-san-luis-sera-sede-del-nasa-space-apps-challenge-un-evento-destacado-a-nivel-internacional\/\"]}]},{\"@type\":\"ImageObject\",\"inLanguage\":\"es-AR\",\"@id\":\"https:\/\/radio.fcejs.unsl.edu.ar\/index.php\/este-finde-san-luis-sera-sede-del-nasa-space-apps-challenge-un-evento-destacado-a-nivel-internacional\/#primaryimage\",\"url\":\"https:\/\/radio.fcejs.unsl.edu.ar\/wp-content\/uploads\/2025\/10\/NASA-SPACE-FRONT-1024x565-1.jpg\",\"contentUrl\":\"https:\/\/radio.fcejs.unsl.edu.ar\/wp-content\/uploads\/2025\/10\/NASA-SPACE-FRONT-1024x565-1.jpg\",\"width\":1024,\"height\":565},{\"@type\":\"BreadcrumbList\",\"@id\":\"https:\/\/radio.fcejs.unsl.edu.ar\/index.php\/este-finde-san-luis-sera-sede-del-nasa-space-apps-challenge-un-evento-destacado-a-nivel-internacional\/#breadcrumb\",\"itemListElement\":[{\"@type\":\"ListItem\",\"position\":1,\"name\":\"Inicio\",\"item\":\"https:\/\/radio.fcejs.unsl.edu.ar\/\"},{\"@type\":\"ListItem\",\"position\":2,\"name\":\"Este finde San Luis ser\u00e1 sede del &#8220;NASA Space Apps Challenge&#8221; un evento destacado a nivel internacional\"}]},{\"@type\":\"WebSite\",\"@id\":\"https:\/\/radio.fcejs.unsl.edu.ar\/#website\",\"url\":\"https:\/\/radio.fcejs.unsl.edu.ar\/\",\"name\":\"Radio Universidad Villa Mercedes 97.5 | UNSL\",\"description\":\"UNSL\",\"publisher\":{\"@id\":\"https:\/\/radio.fcejs.unsl.edu.ar\/#organization\"},\"potentialAction\":[{\"@type\":\"SearchAction\",\"target\":{\"@type\":\"EntryPoint\",\"urlTemplate\":\"https:\/\/radio.fcejs.unsl.edu.ar\/?s={search_term_string}\"},\"query-input\":{\"@type\":\"PropertyValueSpecification\",\"valueRequired\":true,\"valueName\":\"search_term_string\"}}],\"inLanguage\":\"es-AR\"},{\"@type\":\"Organization\",\"@id\":\"https:\/\/radio.fcejs.unsl.edu.ar\/#organization\",\"name\":\"Radio Universidad Villa Mercedes 97.5 | UNSL\",\"url\":\"https:\/\/radio.fcejs.unsl.edu.ar\/\",\"logo\":{\"@type\":\"ImageObject\",\"inLanguage\":\"es-AR\",\"@id\":\"https:\/\/radio.fcejs.unsl.edu.ar\/#\/schema\/logo\/image\/\",\"url\":\"https:\/\/radio.fcejs.unsl.edu.ar\/wp-content\/uploads\/2023\/12\/cropped-radio-villa-mercedes-97-5.png\",\"contentUrl\":\"https:\/\/radio.fcejs.unsl.edu.ar\/wp-content\/uploads\/2023\/12\/cropped-radio-villa-mercedes-97-5.png\",\"width\":908,\"height\":289,\"caption\":\"Radio Universidad Villa Mercedes 97.5 | UNSL\"},\"image\":{\"@id\":\"https:\/\/radio.fcejs.unsl.edu.ar\/#\/schema\/logo\/image\/\"}},{\"@type\":\"Person\",\"@id\":\"https:\/\/radio.fcejs.unsl.edu.ar\/#\/schema\/person\/71179a56ee499ac8cd4e46f865c627c7\",\"name\":\"Virginia Aguilera\",\"url\":\"https:\/\/radio.fcejs.unsl.edu.ar\/index.php\/author\/viraguilera\/\"}]}<\/script>\n<!-- \/ Yoast SEO plugin. -->","yoast_head_json":{"title":"Este finde San Luis ser\u00e1 sede del \"NASA Space Apps Challenge\" un evento destacado a nivel internacional - Radio Universidad Villa Mercedes 97.5 | UNSL","robots":{"index":"index","follow":"follow","max-snippet":"max-snippet:-1","max-image-preview":"max-image-preview:large","max-video-preview":"max-video-preview:-1"},"canonical":"https:\/\/radio.fcejs.unsl.edu.ar\/index.php\/este-finde-san-luis-sera-sede-del-nasa-space-apps-challenge-un-evento-destacado-a-nivel-internacional\/","og_locale":"es_ES","og_type":"article","og_title":"Este finde San Luis ser\u00e1 sede del \"NASA Space Apps Challenge\" un evento destacado a nivel internacional - Radio Universidad Villa Mercedes 97.5 | UNSL","og_description":"Este 4 y 5 de octubre se llevar\u00e1 a cabo una competencia internacional que se desarrollar\u00e1 de forma simult\u00e1nea en m\u00e1s de 150 pa\u00edses y en m\u00e1s de 350 ciudades del mundo. En la misma se propondr\u00e1n distintos desaf\u00edos relacionados con problem\u00e1ticas reales de la Tierra y el espacio. Participar\u00e1n del evento docentes, profesionales, \u00a0egresados...","og_url":"https:\/\/radio.fcejs.unsl.edu.ar\/index.php\/este-finde-san-luis-sera-sede-del-nasa-space-apps-challenge-un-evento-destacado-a-nivel-internacional\/","og_site_name":"Radio Universidad Villa Mercedes 97.5 | UNSL","article_published_time":"2025-10-04T00:44:37+00:00","og_image":[{"width":1024,"height":565,"url":"http:\/\/radio.fcejs.unsl.edu.ar\/wp-content\/uploads\/2025\/10\/NASA-SPACE-FRONT-1024x565-1.jpg","type":"image\/jpeg"}],"author":"Virginia Aguilera","twitter_card":"summary_large_image","twitter_misc":{"Escrito por":"Virginia Aguilera","Tiempo de lectura":"2 minutos"},"schema":{"@context":"https:\/\/schema.org","@graph":[{"@type":"Article","@id":"https:\/\/radio.fcejs.unsl.edu.ar\/index.php\/este-finde-san-luis-sera-sede-del-nasa-space-apps-challenge-un-evento-destacado-a-nivel-internacional\/#article","isPartOf":{"@id":"https:\/\/radio.fcejs.unsl.edu.ar\/index.php\/este-finde-san-luis-sera-sede-del-nasa-space-apps-challenge-un-evento-destacado-a-nivel-internacional\/"},"author":{"name":"Virginia Aguilera","@id":"https:\/\/radio.fcejs.unsl.edu.ar\/#\/schema\/person\/71179a56ee499ac8cd4e46f865c627c7"},"headline":"Este finde San Luis ser\u00e1 sede del &#8220;NASA Space Apps Challenge&#8221; un evento destacado a nivel internacional","datePublished":"2025-10-04T00:44:37+00:00","mainEntityOfPage":{"@id":"https:\/\/radio.fcejs.unsl.edu.ar\/index.php\/este-finde-san-luis-sera-sede-del-nasa-space-apps-challenge-un-evento-destacado-a-nivel-internacional\/"},"wordCount":398,"publisher":{"@id":"https:\/\/radio.fcejs.unsl.edu.ar\/#organization"},"image":{"@id":"https:\/\/radio.fcejs.unsl.edu.ar\/index.php\/este-finde-san-luis-sera-sede-del-nasa-space-apps-challenge-un-evento-destacado-a-nivel-internacional\/#primaryimage"},"thumbnailUrl":"https:\/\/radio.fcejs.unsl.edu.ar\/wp-content\/uploads\/2025\/10\/NASA-SPACE-FRONT-1024x565-1.jpg","articleSection":["Entrevistas"],"inLanguage":"es-AR"},{"@type":"WebPage","@id":"https:\/\/radio.fcejs.unsl.edu.ar\/index.php\/este-finde-san-luis-sera-sede-del-nasa-space-apps-challenge-un-evento-destacado-a-nivel-internacional\/","url":"https:\/\/radio.fcejs.unsl.edu.ar\/index.php\/este-finde-san-luis-sera-sede-del-nasa-space-apps-challenge-un-evento-destacado-a-nivel-internacional\/","name":"Este finde San Luis ser\u00e1 sede del \"NASA Space Apps Challenge\" un evento destacado a nivel internacional - Radio Universidad Villa Mercedes 97.5 | UNSL","isPartOf":{"@id":"https:\/\/radio.fcejs.unsl.edu.ar\/#website"},"primaryImageOfPage":{"@id":"https:\/\/radio.fcejs.unsl.edu.ar\/index.php\/este-finde-san-luis-sera-sede-del-nasa-space-apps-challenge-un-evento-destacado-a-nivel-internacional\/#primaryimage"},"image":{"@id":"https:\/\/radio.fcejs.unsl.edu.ar\/index.php\/este-finde-san-luis-sera-sede-del-nasa-space-apps-challenge-un-evento-destacado-a-nivel-internacional\/#primaryimage"},"thumbnailUrl":"https:\/\/radio.fcejs.unsl.edu.ar\/wp-content\/uploads\/2025\/10\/NASA-SPACE-FRONT-1024x565-1.jpg","datePublished":"2025-10-04T00:44:37+00:00","breadcrumb":{"@id":"https:\/\/radio.fcejs.unsl.edu.ar\/index.php\/este-finde-san-luis-sera-sede-del-nasa-space-apps-challenge-un-evento-destacado-a-nivel-internacional\/#breadcrumb"},"inLanguage":"es-AR","potentialAction":[{"@type":"ReadAction","target":["https:\/\/radio.fcejs.unsl.edu.ar\/index.php\/este-finde-san-luis-sera-sede-del-nasa-space-apps-challenge-un-evento-destacado-a-nivel-internacional\/"]}]},{"@type":"ImageObject","inLanguage":"es-AR","@id":"https:\/\/radio.fcejs.unsl.edu.ar\/index.php\/este-finde-san-luis-sera-sede-del-nasa-space-apps-challenge-un-evento-destacado-a-nivel-internacional\/#primaryimage","url":"https:\/\/radio.fcejs.unsl.edu.ar\/wp-content\/uploads\/2025\/10\/NASA-SPACE-FRONT-1024x565-1.jpg","contentUrl":"https:\/\/radio.fcejs.unsl.edu.ar\/wp-content\/uploads\/2025\/10\/NASA-SPACE-FRONT-1024x565-1.jpg","width":1024,"height":565},{"@type":"BreadcrumbList","@id":"https:\/\/radio.fcejs.unsl.edu.ar\/index.php\/este-finde-san-luis-sera-sede-del-nasa-space-apps-challenge-un-evento-destacado-a-nivel-internacional\/#breadcrumb","itemListElement":[{"@type":"ListItem","position":1,"name":"Inicio","item":"https:\/\/radio.fcejs.unsl.edu.ar\/"},{"@type":"ListItem","position":2,"name":"Este finde San Luis ser\u00e1 sede del &#8220;NASA Space Apps Challenge&#8221; un evento destacado a nivel internacional"}]},{"@type":"WebSite","@id":"https:\/\/radio.fcejs.unsl.edu.ar\/#website","url":"https:\/\/radio.fcejs.unsl.edu.ar\/","name":"Radio Universidad Villa Mercedes 97.5 | UNSL","description":"UNSL","publisher":{"@id":"https:\/\/radio.fcejs.unsl.edu.ar\/#organization"},"potentialAction":[{"@type":"SearchAction","target":{"@type":"EntryPoint","urlTemplate":"https:\/\/radio.fcejs.unsl.edu.ar\/?s={search_term_string}"},"query-input":{"@type":"PropertyValueSpecification","valueRequired":true,"valueName":"search_term_string"}}],"inLanguage":"es-AR"},{"@type":"Organization","@id":"https:\/\/radio.fcejs.unsl.edu.ar\/#organization","name":"Radio Universidad Villa Mercedes 97.5 | UNSL","url":"https:\/\/radio.fcejs.unsl.edu.ar\/","logo":{"@type":"ImageObject","inLanguage":"es-AR","@id":"https:\/\/radio.fcejs.unsl.edu.ar\/#\/schema\/logo\/image\/","url":"https:\/\/radio.fcejs.unsl.edu.ar\/wp-content\/uploads\/2023\/12\/cropped-radio-villa-mercedes-97-5.png","contentUrl":"https:\/\/radio.fcejs.unsl.edu.ar\/wp-content\/uploads\/2023\/12\/cropped-radio-villa-mercedes-97-5.png","width":908,"height":289,"caption":"Radio Universidad Villa Mercedes 97.5 | UNSL"},"image":{"@id":"https:\/\/radio.fcejs.unsl.edu.ar\/#\/schema\/logo\/image\/"}},{"@type":"Person","@id":"https:\/\/radio.fcejs.unsl.edu.ar\/#\/schema\/person\/71179a56ee499ac8cd4e46f865c627c7","name":"Virginia Aguilera","url":"https:\/\/radio.fcejs.unsl.edu.ar\/index.php\/author\/viraguilera\/"}]}},"_links":{"self":[{"href":"https:\/\/radio.fcejs.unsl.edu.ar\/index.php\/wp-json\/wp\/v2\/posts\/3454","targetHints":{"allow":["GET"]}}],"collection":[{"href":"https:\/\/radio.fcejs.unsl.edu.ar\/index.php\/wp-json\/wp\/v2\/posts"}],"about":[{"href":"https:\/\/radio.fcejs.unsl.edu.ar\/index.php\/wp-json\/wp\/v2\/types\/post"}],"author":[{"embeddable":true,"href":"https:\/\/radio.fcejs.unsl.edu.ar\/index.php\/wp-json\/wp\/v2\/users\/5"}],"replies":[{"embeddable":true,"href":"https:\/\/radio.fcejs.unsl.edu.ar\/index.php\/wp-json\/wp\/v2\/comments?post=3454"}],"version-history":[{"count":1,"href":"https:\/\/radio.fcejs.unsl.edu.ar\/index.php\/wp-json\/wp\/v2\/posts\/3454\/revisions"}],"predecessor-version":[{"id":3456,"href":"https:\/\/radio.fcejs.unsl.edu.ar\/index.php\/wp-json\/wp\/v2\/posts\/3454\/revisions\/3456"}],"wp:featuredmedia":[{"embeddable":true,"href":"https:\/\/radio.fcejs.unsl.edu.ar\/index.php\/wp-json\/wp\/v2\/media\/3455"}],"wp:attachment":[{"href":"https:\/\/radio.fcejs.unsl.edu.ar\/index.php\/wp-json\/wp\/v2\/media?parent=3454"}],"wp:term":[{"taxonomy":"category","embeddable":true,"href":"https:\/\/radio.fcejs.unsl.edu.ar\/index.php\/wp-json\/wp\/v2\/categories?post=3454"},{"taxonomy":"post_tag","embeddable":true,"href":"https:\/\/radio.fcejs.unsl.edu.ar\/index.php\/wp-json\/wp\/v2\/tags?post=3454"}],"curies":[{"name":"wp","href":"https:\/\/api.w.org\/{rel}","templated":true}]}}