{"id":3445,"date":"2025-10-02T13:05:19","date_gmt":"2025-10-02T16:05:19","guid":{"rendered":"https:\/\/radio.fcejs.unsl.edu.ar\/?p=3445"},"modified":"2025-10-02T13:06:05","modified_gmt":"2025-10-02T16:06:05","slug":"federico-serra-decano-fica-es-un-gran-orgullo-conducir-la-facultad-que-me-vio-nacer-como-profesional","status":"publish","type":"post","link":"https:\/\/radio.fcejs.unsl.edu.ar\/index.php\/federico-serra-decano-fica-es-un-gran-orgullo-conducir-la-facultad-que-me-vio-nacer-como-profesional\/","title":{"rendered":"Federico Serra Decano FICA: \u201cEs un gran orgullo conducir la facultad que me vio nacer como profesional\u201d"},"content":{"rendered":"<p data-start=\"324\" data-end=\"614\"><strong>En una entrevista realizada en Radio UNSL Villa Mercedes 97.5 FM, el Dr. Federico Serra, recientemente asumido como Decano de la Facultad de Ingenier\u00eda y Ciencias Agropecuarias (FICA), comparti\u00f3 un repaso de su trayectoria y los desaf\u00edos que proyecta junto a su equipo de gesti\u00f3n.<\/strong><\/p>\n<h6 data-start=\"366\" data-end=\"791\">Entrevista completa:<\/h6>\n<audio class=\"wp-audio-shortcode\" id=\"audio-3445-1\" preload=\"none\" style=\"width: 100%;\" controls=\"controls\"><source type=\"audio\/mpeg\" src=\"https:\/\/radioupload.fica.unsl.edu.ar\/files\/jb\/Decano%20Serra%20Radio%202-10-25%20OK%20OK.mp3?_=1\" \/><a href=\"https:\/\/radioupload.fica.unsl.edu.ar\/files\/jb\/Decano%20Serra%20Radio%202-10-25%20OK%20OK.mp3\">https:\/\/radioupload.fica.unsl.edu.ar\/files\/jb\/Decano%20Serra%20Radio%202-10-25%20OK%20OK.mp3<\/a><\/audio>\n<p data-start=\"616\" data-end=\"979\">Serra es ingeniero electricista electr\u00f3nico egresado de la UNSL y record\u00f3 con emoci\u00f3n su paso por cada etapa universitaria: como estudiante, auxiliar, docente, investigador y ahora decano. \u201c<strong data-start=\"806\" data-end=\"966\">Es un gran orgullo poder estar hoy en la conducci\u00f3n de la Facultad de Ingenier\u00eda y Ciencias Agropecuarias, una facultad que me vio nacer como un profesional<\/strong>\u201d, expres\u00f3.<\/p>\n<p data-start=\"1432\" data-end=\"1517\">El decano reflexion\u00f3 sobre el rol de la universidad en contextos complejos:<\/p>\n<blockquote data-start=\"1518\" data-end=\"1727\">\n<p data-start=\"1520\" data-end=\"1727\">\u201cLa universidad est\u00e1 por encima de un mont\u00f3n de cosas. Nosotros estamos para formar profesionales de alta calidad, y eso lo seguimos logrando a pesar de los distintos escenarios en los que nos toca vivir\u201d.<\/p>\n<\/blockquote>\n<p data-start=\"1729\" data-end=\"1782\">Finalmente, destac\u00f3 el valor del trabajo colectivo:<\/p>\n<blockquote data-start=\"1783\" data-end=\"1937\">\n<p data-start=\"1785\" data-end=\"1937\">\u201cAc\u00e1 asumi\u00f3 un decano, pero somos todo un equipo. Confiar en el equipo y en el trabajo conjunto creo que nos va a permitir cumplir con los objetivos\u201d.<\/p>\n<\/blockquote>\n<p data-start=\"1939\" data-end=\"2103\"><strong>El Decano no olvid\u00f3 agradecer a su familia, colegas, docentes y no docentes que lo acompa\u00f1aron en cada etapa de su formaci\u00f3n y vida profesional dentro de la facultad.<\/strong><\/p>\n<pre data-start=\"2165\" data-end=\"2236\"><strong>Por: Mat\u00edas E. Videla | Radio UNSL Villa Mercedes 97.5 FM<\/strong><\/pre>\n","protected":false},"excerpt":{"rendered":"<p>En una entrevista realizada en Radio UNSL Villa Mercedes 97.5 FM, el Dr. Federico Serra, recientemente asumido como Decano de la Facultad de Ingenier\u00eda y Ciencias Agropecuarias (FICA), comparti\u00f3 un repaso de su trayectoria y los desaf\u00edos que proyecta junto a su equipo de gesti\u00f3n. Entrevista completa: https:\/\/radioupload.fica.unsl.edu.ar\/files\/jb\/Decano%20Serra%20Radio%202-10-25%20OK%20OK.mp3 Serra es ingeniero electricista electr\u00f3nico egresado de&#8230;<\/p>\n","protected":false},"author":7,"featured_media":3449,"comment_status":"closed","ping_status":"closed","sticky":false,"template":"","format":"standard","meta":{"_kad_post_transparent":"default","_kad_post_title":"default","_kad_post_layout":"default","_kad_post_sidebar_id":"","_kad_post_content_style":"default","_kad_post_vertical_padding":"default","_kad_post_feature":"","_kad_post_feature_position":"","_kad_post_header":false,"_kad_post_footer":false,"_kad_post_classname":"","footnotes":""},"categories":[14],"tags":[],"class_list":["post-3445","post","type-post","status-publish","format-standard","has-post-thumbnail","hentry","category-entrevistas"],"yoast_head":"<!-- This site is optimized with the Yoast SEO plugin v27.2 - https:\/\/yoast.com\/product\/yoast-seo-wordpress\/ -->\n<title>Federico Serra Decano FICA: \u201cEs un gran orgullo conducir la facultad que me vio nacer como profesional\u201d - Radio Universidad Villa Mercedes 97.5 | UNSL<\/title>\n<meta name=\"robots\" content=\"index, follow, max-snippet:-1, max-image-preview:large, max-video-preview:-1\" \/>\n<link rel=\"canonical\" href=\"https:\/\/radio.fcejs.unsl.edu.ar\/index.php\/federico-serra-decano-fica-es-un-gran-orgullo-conducir-la-facultad-que-me-vio-nacer-como-profesional\/\" \/>\n<meta property=\"og:locale\" content=\"es_ES\" \/>\n<meta property=\"og:type\" content=\"article\" \/>\n<meta property=\"og:title\" content=\"Federico Serra Decano FICA: \u201cEs un gran orgullo conducir la facultad que me vio nacer como profesional\u201d\" \/>\n<meta property=\"og:description\" content=\"En una entrevista realizada en Radio UNSL Villa Mercedes 97.5 FM, el Dr. Federico Serra, recientemente asumido como Decano de la Facultad de Ingenier\u00eda y Ciencias Agropecuarias (FICA), comparti\u00f3 un repaso de su trayectoria y los desaf\u00edos que proyecta junto a su equipo de gesti\u00f3n. Entrevista completa: https:\/\/radioupload.fica.unsl.edu.ar\/files\/jb\/Decano%20Serra%20Radio%202-10-25%20OK%20OK.mp3 Serra es ingeniero electricista electr\u00f3nico egresado de...\" \/>\n<meta property=\"og:url\" content=\"https:\/\/radio.fcejs.unsl.edu.ar\/index.php\/federico-serra-decano-fica-es-un-gran-orgullo-conducir-la-facultad-que-me-vio-nacer-como-profesional\/\" \/>\n<meta property=\"og:site_name\" content=\"Radio Universidad Villa Mercedes 97.5 | UNSL\" \/>\n<meta property=\"article:published_time\" content=\"2025-10-02T16:05:19+00:00\" \/>\n<meta property=\"article:modified_time\" content=\"2025-10-02T16:06:05+00:00\" \/>\n<meta property=\"og:image\" content=\"http:\/\/radio.fcejs.unsl.edu.ar\/wp-content\/uploads\/2025\/10\/FRONT-SERRA.jpg\" \/>\n\t<meta property=\"og:image:width\" content=\"1100\" \/>\n\t<meta property=\"og:image:height\" content=\"733\" \/>\n\t<meta property=\"og:image:type\" content=\"image\/jpeg\" \/>\n<meta name=\"author\" content=\"Matias Videla\" \/>\n<meta name=\"twitter:card\" content=\"summary_large_image\" \/>\n<meta name=\"twitter:label1\" content=\"Escrito por\" \/>\n\t<meta name=\"twitter:data1\" content=\"Matias Videla\" \/>\n\t<meta name=\"twitter:label2\" content=\"Tiempo de lectura\" \/>\n\t<meta name=\"twitter:data2\" content=\"1 minuto\" \/>\n<script type=\"application\/ld+json\" class=\"yoast-schema-graph\">{\"@context\":\"https:\/\/schema.org\",\"@graph\":[{\"@type\":\"Article\",\"@id\":\"https:\/\/radio.fcejs.unsl.edu.ar\/index.php\/federico-serra-decano-fica-es-un-gran-orgullo-conducir-la-facultad-que-me-vio-nacer-como-profesional\/#article\",\"isPartOf\":{\"@id\":\"https:\/\/radio.fcejs.unsl.edu.ar\/index.php\/federico-serra-decano-fica-es-un-gran-orgullo-conducir-la-facultad-que-me-vio-nacer-como-profesional\/\"},\"author\":{\"name\":\"Matias Videla\",\"@id\":\"https:\/\/radio.fcejs.unsl.edu.ar\/#\/schema\/person\/acc8fccb15174977a9a97c2c6c9a046e\"},\"headline\":\"Federico Serra Decano FICA: \u201cEs un gran orgullo conducir la facultad que me vio nacer como profesional\u201d\",\"datePublished\":\"2025-10-02T16:05:19+00:00\",\"dateModified\":\"2025-10-02T16:06:05+00:00\",\"mainEntityOfPage\":{\"@id\":\"https:\/\/radio.fcejs.unsl.edu.ar\/index.php\/federico-serra-decano-fica-es-un-gran-orgullo-conducir-la-facultad-que-me-vio-nacer-como-profesional\/\"},\"wordCount\":255,\"publisher\":{\"@id\":\"https:\/\/radio.fcejs.unsl.edu.ar\/#organization\"},\"image\":{\"@id\":\"https:\/\/radio.fcejs.unsl.edu.ar\/index.php\/federico-serra-decano-fica-es-un-gran-orgullo-conducir-la-facultad-que-me-vio-nacer-como-profesional\/#primaryimage\"},\"thumbnailUrl\":\"https:\/\/radio.fcejs.unsl.edu.ar\/wp-content\/uploads\/2025\/10\/FRONT-SERRA.jpg\",\"articleSection\":[\"Entrevistas\"],\"inLanguage\":\"es-AR\"},{\"@type\":\"WebPage\",\"@id\":\"https:\/\/radio.fcejs.unsl.edu.ar\/index.php\/federico-serra-decano-fica-es-un-gran-orgullo-conducir-la-facultad-que-me-vio-nacer-como-profesional\/\",\"url\":\"https:\/\/radio.fcejs.unsl.edu.ar\/index.php\/federico-serra-decano-fica-es-un-gran-orgullo-conducir-la-facultad-que-me-vio-nacer-como-profesional\/\",\"name\":\"Federico Serra Decano FICA: \u201cEs un gran orgullo conducir la facultad que me vio nacer como profesional\u201d - Radio Universidad Villa Mercedes 97.5 | UNSL\",\"isPartOf\":{\"@id\":\"https:\/\/radio.fcejs.unsl.edu.ar\/#website\"},\"primaryImageOfPage\":{\"@id\":\"https:\/\/radio.fcejs.unsl.edu.ar\/index.php\/federico-serra-decano-fica-es-un-gran-orgullo-conducir-la-facultad-que-me-vio-nacer-como-profesional\/#primaryimage\"},\"image\":{\"@id\":\"https:\/\/radio.fcejs.unsl.edu.ar\/index.php\/federico-serra-decano-fica-es-un-gran-orgullo-conducir-la-facultad-que-me-vio-nacer-como-profesional\/#primaryimage\"},\"thumbnailUrl\":\"https:\/\/radio.fcejs.unsl.edu.ar\/wp-content\/uploads\/2025\/10\/FRONT-SERRA.jpg\",\"datePublished\":\"2025-10-02T16:05:19+00:00\",\"dateModified\":\"2025-10-02T16:06:05+00:00\",\"breadcrumb\":{\"@id\":\"https:\/\/radio.fcejs.unsl.edu.ar\/index.php\/federico-serra-decano-fica-es-un-gran-orgullo-conducir-la-facultad-que-me-vio-nacer-como-profesional\/#breadcrumb\"},\"inLanguage\":\"es-AR\",\"potentialAction\":[{\"@type\":\"ReadAction\",\"target\":[\"https:\/\/radio.fcejs.unsl.edu.ar\/index.php\/federico-serra-decano-fica-es-un-gran-orgullo-conducir-la-facultad-que-me-vio-nacer-como-profesional\/\"]}]},{\"@type\":\"ImageObject\",\"inLanguage\":\"es-AR\",\"@id\":\"https:\/\/radio.fcejs.unsl.edu.ar\/index.php\/federico-serra-decano-fica-es-un-gran-orgullo-conducir-la-facultad-que-me-vio-nacer-como-profesional\/#primaryimage\",\"url\":\"https:\/\/radio.fcejs.unsl.edu.ar\/wp-content\/uploads\/2025\/10\/FRONT-SERRA.jpg\",\"contentUrl\":\"https:\/\/radio.fcejs.unsl.edu.ar\/wp-content\/uploads\/2025\/10\/FRONT-SERRA.jpg\",\"width\":1100,\"height\":733},{\"@type\":\"BreadcrumbList\",\"@id\":\"https:\/\/radio.fcejs.unsl.edu.ar\/index.php\/federico-serra-decano-fica-es-un-gran-orgullo-conducir-la-facultad-que-me-vio-nacer-como-profesional\/#breadcrumb\",\"itemListElement\":[{\"@type\":\"ListItem\",\"position\":1,\"name\":\"Inicio\",\"item\":\"https:\/\/radio.fcejs.unsl.edu.ar\/\"},{\"@type\":\"ListItem\",\"position\":2,\"name\":\"Federico Serra Decano FICA: \u201cEs un gran orgullo conducir la facultad que me vio nacer como profesional\u201d\"}]},{\"@type\":\"WebSite\",\"@id\":\"https:\/\/radio.fcejs.unsl.edu.ar\/#website\",\"url\":\"https:\/\/radio.fcejs.unsl.edu.ar\/\",\"name\":\"Radio Universidad Villa Mercedes 97.5 | UNSL\",\"description\":\"UNSL\",\"publisher\":{\"@id\":\"https:\/\/radio.fcejs.unsl.edu.ar\/#organization\"},\"potentialAction\":[{\"@type\":\"SearchAction\",\"target\":{\"@type\":\"EntryPoint\",\"urlTemplate\":\"https:\/\/radio.fcejs.unsl.edu.ar\/?s={search_term_string}\"},\"query-input\":{\"@type\":\"PropertyValueSpecification\",\"valueRequired\":true,\"valueName\":\"search_term_string\"}}],\"inLanguage\":\"es-AR\"},{\"@type\":\"Organization\",\"@id\":\"https:\/\/radio.fcejs.unsl.edu.ar\/#organization\",\"name\":\"Radio Universidad Villa Mercedes 97.5 | UNSL\",\"url\":\"https:\/\/radio.fcejs.unsl.edu.ar\/\",\"logo\":{\"@type\":\"ImageObject\",\"inLanguage\":\"es-AR\",\"@id\":\"https:\/\/radio.fcejs.unsl.edu.ar\/#\/schema\/logo\/image\/\",\"url\":\"https:\/\/radio.fcejs.unsl.edu.ar\/wp-content\/uploads\/2023\/12\/cropped-radio-villa-mercedes-97-5.png\",\"contentUrl\":\"https:\/\/radio.fcejs.unsl.edu.ar\/wp-content\/uploads\/2023\/12\/cropped-radio-villa-mercedes-97-5.png\",\"width\":908,\"height\":289,\"caption\":\"Radio Universidad Villa Mercedes 97.5 | UNSL\"},\"image\":{\"@id\":\"https:\/\/radio.fcejs.unsl.edu.ar\/#\/schema\/logo\/image\/\"}},{\"@type\":\"Person\",\"@id\":\"https:\/\/radio.fcejs.unsl.edu.ar\/#\/schema\/person\/acc8fccb15174977a9a97c2c6c9a046e\",\"name\":\"Matias Videla\",\"url\":\"https:\/\/radio.fcejs.unsl.edu.ar\/index.php\/author\/mvidela\/\"}]}<\/script>\n<!-- \/ Yoast SEO plugin. -->","yoast_head_json":{"title":"Federico Serra Decano FICA: \u201cEs un gran orgullo conducir la facultad que me vio nacer como profesional\u201d - Radio Universidad Villa Mercedes 97.5 | UNSL","robots":{"index":"index","follow":"follow","max-snippet":"max-snippet:-1","max-image-preview":"max-image-preview:large","max-video-preview":"max-video-preview:-1"},"canonical":"https:\/\/radio.fcejs.unsl.edu.ar\/index.php\/federico-serra-decano-fica-es-un-gran-orgullo-conducir-la-facultad-que-me-vio-nacer-como-profesional\/","og_locale":"es_ES","og_type":"article","og_title":"Federico Serra Decano FICA: \u201cEs un gran orgullo conducir la facultad que me vio nacer como profesional\u201d","og_description":"En una entrevista realizada en Radio UNSL Villa Mercedes 97.5 FM, el Dr. Federico Serra, recientemente asumido como Decano de la Facultad de Ingenier\u00eda y Ciencias Agropecuarias (FICA), comparti\u00f3 un repaso de su trayectoria y los desaf\u00edos que proyecta junto a su equipo de gesti\u00f3n. Entrevista completa: https:\/\/radioupload.fica.unsl.edu.ar\/files\/jb\/Decano%20Serra%20Radio%202-10-25%20OK%20OK.mp3 Serra es ingeniero electricista electr\u00f3nico egresado de...","og_url":"https:\/\/radio.fcejs.unsl.edu.ar\/index.php\/federico-serra-decano-fica-es-un-gran-orgullo-conducir-la-facultad-que-me-vio-nacer-como-profesional\/","og_site_name":"Radio Universidad Villa Mercedes 97.5 | UNSL","article_published_time":"2025-10-02T16:05:19+00:00","article_modified_time":"2025-10-02T16:06:05+00:00","og_image":[{"width":1100,"height":733,"url":"http:\/\/radio.fcejs.unsl.edu.ar\/wp-content\/uploads\/2025\/10\/FRONT-SERRA.jpg","type":"image\/jpeg"}],"author":"Matias Videla","twitter_card":"summary_large_image","twitter_misc":{"Escrito por":"Matias Videla","Tiempo de lectura":"1 minuto"},"schema":{"@context":"https:\/\/schema.org","@graph":[{"@type":"Article","@id":"https:\/\/radio.fcejs.unsl.edu.ar\/index.php\/federico-serra-decano-fica-es-un-gran-orgullo-conducir-la-facultad-que-me-vio-nacer-como-profesional\/#article","isPartOf":{"@id":"https:\/\/radio.fcejs.unsl.edu.ar\/index.php\/federico-serra-decano-fica-es-un-gran-orgullo-conducir-la-facultad-que-me-vio-nacer-como-profesional\/"},"author":{"name":"Matias Videla","@id":"https:\/\/radio.fcejs.unsl.edu.ar\/#\/schema\/person\/acc8fccb15174977a9a97c2c6c9a046e"},"headline":"Federico Serra Decano FICA: \u201cEs un gran orgullo conducir la facultad que me vio nacer como profesional\u201d","datePublished":"2025-10-02T16:05:19+00:00","dateModified":"2025-10-02T16:06:05+00:00","mainEntityOfPage":{"@id":"https:\/\/radio.fcejs.unsl.edu.ar\/index.php\/federico-serra-decano-fica-es-un-gran-orgullo-conducir-la-facultad-que-me-vio-nacer-como-profesional\/"},"wordCount":255,"publisher":{"@id":"https:\/\/radio.fcejs.unsl.edu.ar\/#organization"},"image":{"@id":"https:\/\/radio.fcejs.unsl.edu.ar\/index.php\/federico-serra-decano-fica-es-un-gran-orgullo-conducir-la-facultad-que-me-vio-nacer-como-profesional\/#primaryimage"},"thumbnailUrl":"https:\/\/radio.fcejs.unsl.edu.ar\/wp-content\/uploads\/2025\/10\/FRONT-SERRA.jpg","articleSection":["Entrevistas"],"inLanguage":"es-AR"},{"@type":"WebPage","@id":"https:\/\/radio.fcejs.unsl.edu.ar\/index.php\/federico-serra-decano-fica-es-un-gran-orgullo-conducir-la-facultad-que-me-vio-nacer-como-profesional\/","url":"https:\/\/radio.fcejs.unsl.edu.ar\/index.php\/federico-serra-decano-fica-es-un-gran-orgullo-conducir-la-facultad-que-me-vio-nacer-como-profesional\/","name":"Federico Serra Decano FICA: \u201cEs un gran orgullo conducir la facultad que me vio nacer como profesional\u201d - Radio Universidad Villa Mercedes 97.5 | UNSL","isPartOf":{"@id":"https:\/\/radio.fcejs.unsl.edu.ar\/#website"},"primaryImageOfPage":{"@id":"https:\/\/radio.fcejs.unsl.edu.ar\/index.php\/federico-serra-decano-fica-es-un-gran-orgullo-conducir-la-facultad-que-me-vio-nacer-como-profesional\/#primaryimage"},"image":{"@id":"https:\/\/radio.fcejs.unsl.edu.ar\/index.php\/federico-serra-decano-fica-es-un-gran-orgullo-conducir-la-facultad-que-me-vio-nacer-como-profesional\/#primaryimage"},"thumbnailUrl":"https:\/\/radio.fcejs.unsl.edu.ar\/wp-content\/uploads\/2025\/10\/FRONT-SERRA.jpg","datePublished":"2025-10-02T16:05:19+00:00","dateModified":"2025-10-02T16:06:05+00:00","breadcrumb":{"@id":"https:\/\/radio.fcejs.unsl.edu.ar\/index.php\/federico-serra-decano-fica-es-un-gran-orgullo-conducir-la-facultad-que-me-vio-nacer-como-profesional\/#breadcrumb"},"inLanguage":"es-AR","potentialAction":[{"@type":"ReadAction","target":["https:\/\/radio.fcejs.unsl.edu.ar\/index.php\/federico-serra-decano-fica-es-un-gran-orgullo-conducir-la-facultad-que-me-vio-nacer-como-profesional\/"]}]},{"@type":"ImageObject","inLanguage":"es-AR","@id":"https:\/\/radio.fcejs.unsl.edu.ar\/index.php\/federico-serra-decano-fica-es-un-gran-orgullo-conducir-la-facultad-que-me-vio-nacer-como-profesional\/#primaryimage","url":"https:\/\/radio.fcejs.unsl.edu.ar\/wp-content\/uploads\/2025\/10\/FRONT-SERRA.jpg","contentUrl":"https:\/\/radio.fcejs.unsl.edu.ar\/wp-content\/uploads\/2025\/10\/FRONT-SERRA.jpg","width":1100,"height":733},{"@type":"BreadcrumbList","@id":"https:\/\/radio.fcejs.unsl.edu.ar\/index.php\/federico-serra-decano-fica-es-un-gran-orgullo-conducir-la-facultad-que-me-vio-nacer-como-profesional\/#breadcrumb","itemListElement":[{"@type":"ListItem","position":1,"name":"Inicio","item":"https:\/\/radio.fcejs.unsl.edu.ar\/"},{"@type":"ListItem","position":2,"name":"Federico Serra Decano FICA: \u201cEs un gran orgullo conducir la facultad que me vio nacer como profesional\u201d"}]},{"@type":"WebSite","@id":"https:\/\/radio.fcejs.unsl.edu.ar\/#website","url":"https:\/\/radio.fcejs.unsl.edu.ar\/","name":"Radio Universidad Villa Mercedes 97.5 | UNSL","description":"UNSL","publisher":{"@id":"https:\/\/radio.fcejs.unsl.edu.ar\/#organization"},"potentialAction":[{"@type":"SearchAction","target":{"@type":"EntryPoint","urlTemplate":"https:\/\/radio.fcejs.unsl.edu.ar\/?s={search_term_string}"},"query-input":{"@type":"PropertyValueSpecification","valueRequired":true,"valueName":"search_term_string"}}],"inLanguage":"es-AR"},{"@type":"Organization","@id":"https:\/\/radio.fcejs.unsl.edu.ar\/#organization","name":"Radio Universidad Villa Mercedes 97.5 | UNSL","url":"https:\/\/radio.fcejs.unsl.edu.ar\/","logo":{"@type":"ImageObject","inLanguage":"es-AR","@id":"https:\/\/radio.fcejs.unsl.edu.ar\/#\/schema\/logo\/image\/","url":"https:\/\/radio.fcejs.unsl.edu.ar\/wp-content\/uploads\/2023\/12\/cropped-radio-villa-mercedes-97-5.png","contentUrl":"https:\/\/radio.fcejs.unsl.edu.ar\/wp-content\/uploads\/2023\/12\/cropped-radio-villa-mercedes-97-5.png","width":908,"height":289,"caption":"Radio Universidad Villa Mercedes 97.5 | UNSL"},"image":{"@id":"https:\/\/radio.fcejs.unsl.edu.ar\/#\/schema\/logo\/image\/"}},{"@type":"Person","@id":"https:\/\/radio.fcejs.unsl.edu.ar\/#\/schema\/person\/acc8fccb15174977a9a97c2c6c9a046e","name":"Matias Videla","url":"https:\/\/radio.fcejs.unsl.edu.ar\/index.php\/author\/mvidela\/"}]}},"_links":{"self":[{"href":"https:\/\/radio.fcejs.unsl.edu.ar\/index.php\/wp-json\/wp\/v2\/posts\/3445","targetHints":{"allow":["GET"]}}],"collection":[{"href":"https:\/\/radio.fcejs.unsl.edu.ar\/index.php\/wp-json\/wp\/v2\/posts"}],"about":[{"href":"https:\/\/radio.fcejs.unsl.edu.ar\/index.php\/wp-json\/wp\/v2\/types\/post"}],"author":[{"embeddable":true,"href":"https:\/\/radio.fcejs.unsl.edu.ar\/index.php\/wp-json\/wp\/v2\/users\/7"}],"replies":[{"embeddable":true,"href":"https:\/\/radio.fcejs.unsl.edu.ar\/index.php\/wp-json\/wp\/v2\/comments?post=3445"}],"version-history":[{"count":3,"href":"https:\/\/radio.fcejs.unsl.edu.ar\/index.php\/wp-json\/wp\/v2\/posts\/3445\/revisions"}],"predecessor-version":[{"id":3448,"href":"https:\/\/radio.fcejs.unsl.edu.ar\/index.php\/wp-json\/wp\/v2\/posts\/3445\/revisions\/3448"}],"wp:featuredmedia":[{"embeddable":true,"href":"https:\/\/radio.fcejs.unsl.edu.ar\/index.php\/wp-json\/wp\/v2\/media\/3449"}],"wp:attachment":[{"href":"https:\/\/radio.fcejs.unsl.edu.ar\/index.php\/wp-json\/wp\/v2\/media?parent=3445"}],"wp:term":[{"taxonomy":"category","embeddable":true,"href":"https:\/\/radio.fcejs.unsl.edu.ar\/index.php\/wp-json\/wp\/v2\/categories?post=3445"},{"taxonomy":"post_tag","embeddable":true,"href":"https:\/\/radio.fcejs.unsl.edu.ar\/index.php\/wp-json\/wp\/v2\/tags?post=3445"}],"curies":[{"name":"wp","href":"https:\/\/api.w.org\/{rel}","templated":true}]}}