{"id":3379,"date":"2025-09-17T09:02:19","date_gmt":"2025-09-17T12:02:19","guid":{"rendered":"https:\/\/radio.fcejs.unsl.edu.ar\/?p=3379"},"modified":"2025-09-22T17:13:41","modified_gmt":"2025-09-22T20:13:41","slug":"seguiremos-trabajando-para-defender-a-la-universidad-nacional-de-san-luis-raul-gil-y-su-mirada-sobre-la-situacion-actual-de-las-universidades-el-veto-y-la-marcha-federal","status":"publish","type":"post","link":"https:\/\/radio.fcejs.unsl.edu.ar\/index.php\/seguiremos-trabajando-para-defender-a-la-universidad-nacional-de-san-luis-raul-gil-y-su-mirada-sobre-la-situacion-actual-de-las-universidades-el-veto-y-la-marcha-federal\/","title":{"rendered":"Dr. Ra\u00fal Gil: \u201cSeguiremos trabajando para defender a la Universidad Nacional de San Luis&#8221;"},"content":{"rendered":"<p style=\"text-align: left\">Dialogamos con el <strong><u>Dr. Ra\u00fal Gil<\/u><\/strong>, nuevo rector de la UNSL, sobre la situaci\u00f3n actual que atraviesan las Universidades P\u00fablicas de Argentina, luego de que el Ejecutivo nacional vetara la Ley de Financiamiento Universitario, y en el marco de una convocatoria nacional a la \u201cMarcha Federal\u201d prevista para el d\u00eda de hoy.<\/p>\n<p><strong>Sobre la situaci\u00f3n actual de las Universidades Ra\u00fal Gil dijo<\/strong>: \u00a0\u201cLa verdad es que el panorama nos obliga a ser un poco pesimistas. Porque realmente no encontramos una respuesta en el Gobierno Nacional en torno al rol que las Universidades P\u00fablicas tienen en el pa\u00eds. M\u00e1s all\u00e1 de cualquier dicho pol\u00edtico, o discusi\u00f3n, o articulaci\u00f3n que se haya podido tener, en los actos de gesti\u00f3n del Gobierno Nacional se observa cu\u00e1l es la intenci\u00f3n con el sistema universitario nacional, y es reducir el\u00e1sticamente los recursos que el Estado invierte. Eso se ve en lo que viene pasando desde que est\u00e1n a cargo del Ejecutivo con las Universidades Nacionales, con los empleados, docentes y no docentes en cuanto a su salario, pero tambi\u00e9n con todo el dinero y recursos estatales para el funcionamiento de las Universidades, para el financiamiento de la investigaci\u00f3n y de la extensi\u00f3n. Lo que se ha visto es una pronunciad\u00edsima ca\u00edda, pr\u00e1cticamente in\u00e9dita que pone en jaque a las universidades en cuanto a su funcionamiento y a todas las acciones que deben llevarse a cabo para que los estudiantes tengan la educaci\u00f3n p\u00fablica y de calidad que est\u00e1 consagrada en la Constituci\u00f3n. Entonces el panorama, claramente no es el mejor\u201d. \u00a0\u00a0\u00a0Y m\u00e1s adelante agreg\u00f3: \u201cel panorama es ese\u2026 y justamente esta semana es muy simb\u00f3lica para nosotros, hoy en d\u00eda nos tocar\u00e1 en la Universidad Nacional de San Luis asumir las nuevas autoridades que hemos sido electas democr\u00e1ticamente. Asumo yo como rector, y quienes en la f\u00f3rmula han sido elegidos en las siete Facultades que han elegido autoridades, tambi\u00e9n hoy. Y a partir de hoy nos tocar\u00e1 una responsabilidad de continuar con las ejecuciones que ya nos dej\u00f3 V\u00edctor Mori\u00f1igo, el rector saliente, y los decanos que dejan su mandato y los que renuevan. Seguiremos trabajando para defender a la Universidad Nacional de San Luis. Para que la Universidad tenga una red de protecci\u00f3n, que nuestros estudiantes est\u00e9n tranquilos, que haya una conducci\u00f3n que piense en ellos d\u00eda a d\u00eda\u201d.<\/p>\n<p><strong>Sobre el veto, el funcionario opin\u00f3:<\/strong> \u201cCreo que, si uno lee los argumentos del veto, incluso son hasta contradictorios en algunos pasajes. Justamente eso est\u00e1 contemplado en la ley, las posibilidades de financiar. Y adem\u00e1s hay que recordarle a la gente esto termina siendo una cuesti\u00f3n medio dial\u00e9ctica porque la Universidad y el pa\u00eds no tienen ley de presupuesto y el a\u00f1o pasado tampoco lo tuvo. Entonces estamos en un contexto de discrecionalidad por parte del Ejecutivo. As\u00ed como el Ejecutivo, internamente, sin discusiones acord\u00f3 disminuir las retenciones a las exportaciones del campo, o alguna otra cuesti\u00f3n vinculada al financiamiento que ha podido decidir, podr\u00eda reasignar fondos para cubrir el financiamiento reclamado por la Universidades\u201d. \u00a0<strong>\u00a0\u00a0Y m\u00e1s adelante sobre la Marcha dijo:<\/strong> \u201cla marcha no es s\u00f3lo para las Universidades sino tambi\u00e9n para el sistema de salud. Lo que se trata hoy en el Congreso, y donde tenemos depositada toda nuestra atenci\u00f3n, es intentar revertir los vetos tanto para la emergencia pedi\u00e1trica como para el financiamiento de las Universidades. Esta anunciada marcha ha hecho que se seguramente accione el presidente para el resultado de las elecciones de la provincia de Buenos Aires, haciendo la cadena nacional y haciendo estos anuncios que para su an\u00e1lisis es lo mejor que puede hacer\u2026\u201d<\/p>\n<p><u>Escucha todos los detalles de la entrevista realizada, en el siguiente audio:<\/u><\/p>\n<audio class=\"wp-audio-shortcode\" id=\"audio-3379-1\" preload=\"none\" style=\"width: 100%;\" controls=\"controls\"><source type=\"audio\/mpeg\" src=\"https:\/\/radioupload.fica.unsl.edu.ar\/files\/jb\/Dr%20Raul%20Gil%20sobre%20las%20Universidades%20veto%20y%20Marcha%20Federal.mp3?_=1\" \/><a href=\"https:\/\/radioupload.fica.unsl.edu.ar\/files\/jb\/Dr%20Raul%20Gil%20sobre%20las%20Universidades%20veto%20y%20Marcha%20Federal.mp3\">https:\/\/radioupload.fica.unsl.edu.ar\/files\/jb\/Dr%20Raul%20Gil%20sobre%20las%20Universidades%20veto%20y%20Marcha%20Federal.mp3<\/a><\/audio>\n<p>&nbsp;<\/p>\n<p>*La ley de Financiamiento (vetada por el Ejecutivo nacional), fue aprobada por el Senado el pasado 22 de agosto con 58 votos a favor, establec\u00eda la actualizaci\u00f3n mensual por inflaci\u00f3n de los gastos salariales y de funcionamiento de las Universidades estatales nacionales. Adem\u00e1s, contemplaba una recomposici\u00f3n salarial para docentes y no docentes desde diciembre de 2023 hasta la fecha de sanci\u00f3n de la ley, y obligaba al Gobierno a convocar a paritarias.<\/p>\n<p>**Hoy, mi\u00e9rcoles 17 de septiembre, se llevar\u00e1 a cabo la <strong><u>Marcha Federal \u201cSi hay veto, hay marcha\u201d.<\/u><\/strong> Lo que coincide con el d\u00eda en que el Congreso tratar\u00e1 la anulaci\u00f3n del veto presidencial a la ley de financiamiento.<\/p>\n<p>&nbsp;<\/p>\n<p>-Entrevista realizada en el programa radial \u201cLa Quilla\u201d, con Virginia Aguilera y Federico Amodey, por Radio UNSL en Villa Mercedes- 97.5 FM.<\/p>\n","protected":false},"excerpt":{"rendered":"<p>Dialogamos con el Dr. Ra\u00fal Gil, nuevo rector de la UNSL, sobre la situaci\u00f3n actual que atraviesan las Universidades P\u00fablicas de Argentina, luego de que el Ejecutivo nacional vetara la Ley de Financiamiento Universitario, y en el marco de una convocatoria nacional a la \u201cMarcha Federal\u201d prevista para el d\u00eda de hoy. Sobre la situaci\u00f3n&#8230;<\/p>\n","protected":false},"author":5,"featured_media":3380,"comment_status":"closed","ping_status":"closed","sticky":false,"template":"","format":"standard","meta":{"_kad_post_transparent":"default","_kad_post_title":"default","_kad_post_layout":"default","_kad_post_sidebar_id":"","_kad_post_content_style":"default","_kad_post_vertical_padding":"default","_kad_post_feature":"","_kad_post_feature_position":"","_kad_post_header":false,"_kad_post_footer":false,"_kad_post_classname":"","footnotes":""},"categories":[14],"tags":[],"class_list":["post-3379","post","type-post","status-publish","format-standard","has-post-thumbnail","hentry","category-entrevistas"],"yoast_head":"<!-- This site is optimized with the Yoast SEO plugin v27.2 - https:\/\/yoast.com\/product\/yoast-seo-wordpress\/ -->\n<title>Dr. Ra\u00fal Gil: \u201cSeguiremos trabajando para defender a la Universidad Nacional de San Luis&quot; - Radio Universidad Villa Mercedes 97.5 | UNSL<\/title>\n<meta name=\"robots\" content=\"index, follow, max-snippet:-1, max-image-preview:large, max-video-preview:-1\" \/>\n<link rel=\"canonical\" href=\"https:\/\/radio.fcejs.unsl.edu.ar\/index.php\/seguiremos-trabajando-para-defender-a-la-universidad-nacional-de-san-luis-raul-gil-y-su-mirada-sobre-la-situacion-actual-de-las-universidades-el-veto-y-la-marcha-federal\/\" \/>\n<meta property=\"og:locale\" content=\"es_ES\" \/>\n<meta property=\"og:type\" content=\"article\" \/>\n<meta property=\"og:title\" content=\"Dr. Ra\u00fal Gil: \u201cSeguiremos trabajando para defender a la Universidad Nacional de San Luis&quot; - Radio Universidad Villa Mercedes 97.5 | UNSL\" \/>\n<meta property=\"og:description\" content=\"Dialogamos con el Dr. Ra\u00fal Gil, nuevo rector de la UNSL, sobre la situaci\u00f3n actual que atraviesan las Universidades P\u00fablicas de Argentina, luego de que el Ejecutivo nacional vetara la Ley de Financiamiento Universitario, y en el marco de una convocatoria nacional a la \u201cMarcha Federal\u201d prevista para el d\u00eda de hoy. Sobre la situaci\u00f3n...\" \/>\n<meta property=\"og:url\" content=\"https:\/\/radio.fcejs.unsl.edu.ar\/index.php\/seguiremos-trabajando-para-defender-a-la-universidad-nacional-de-san-luis-raul-gil-y-su-mirada-sobre-la-situacion-actual-de-las-universidades-el-veto-y-la-marcha-federal\/\" \/>\n<meta property=\"og:site_name\" content=\"Radio Universidad Villa Mercedes 97.5 | UNSL\" \/>\n<meta property=\"article:published_time\" content=\"2025-09-17T12:02:19+00:00\" \/>\n<meta property=\"article:modified_time\" content=\"2025-09-22T20:13:41+00:00\" \/>\n<meta property=\"og:image\" content=\"http:\/\/radio.fcejs.unsl.edu.ar\/wp-content\/uploads\/2025\/09\/200805-Retorno-post-receso-Raul-Gil-3-1.jpg\" \/>\n\t<meta property=\"og:image:width\" content=\"1000\" \/>\n\t<meta property=\"og:image:height\" content=\"667\" \/>\n\t<meta property=\"og:image:type\" content=\"image\/jpeg\" \/>\n<meta name=\"author\" content=\"Virginia Aguilera\" \/>\n<meta name=\"twitter:card\" content=\"summary_large_image\" \/>\n<meta name=\"twitter:label1\" content=\"Escrito por\" \/>\n\t<meta name=\"twitter:data1\" content=\"Virginia Aguilera\" \/>\n\t<meta name=\"twitter:label2\" content=\"Tiempo de lectura\" \/>\n\t<meta name=\"twitter:data2\" content=\"4 minutos\" \/>\n<script type=\"application\/ld+json\" class=\"yoast-schema-graph\">{\"@context\":\"https:\/\/schema.org\",\"@graph\":[{\"@type\":\"Article\",\"@id\":\"https:\/\/radio.fcejs.unsl.edu.ar\/index.php\/seguiremos-trabajando-para-defender-a-la-universidad-nacional-de-san-luis-raul-gil-y-su-mirada-sobre-la-situacion-actual-de-las-universidades-el-veto-y-la-marcha-federal\/#article\",\"isPartOf\":{\"@id\":\"https:\/\/radio.fcejs.unsl.edu.ar\/index.php\/seguiremos-trabajando-para-defender-a-la-universidad-nacional-de-san-luis-raul-gil-y-su-mirada-sobre-la-situacion-actual-de-las-universidades-el-veto-y-la-marcha-federal\/\"},\"author\":{\"name\":\"Virginia Aguilera\",\"@id\":\"https:\/\/radio.fcejs.unsl.edu.ar\/#\/schema\/person\/71179a56ee499ac8cd4e46f865c627c7\"},\"headline\":\"Dr. Ra\u00fal Gil: \u201cSeguiremos trabajando para defender a la Universidad Nacional de San Luis&#8221;\",\"datePublished\":\"2025-09-17T12:02:19+00:00\",\"dateModified\":\"2025-09-22T20:13:41+00:00\",\"mainEntityOfPage\":{\"@id\":\"https:\/\/radio.fcejs.unsl.edu.ar\/index.php\/seguiremos-trabajando-para-defender-a-la-universidad-nacional-de-san-luis-raul-gil-y-su-mirada-sobre-la-situacion-actual-de-las-universidades-el-veto-y-la-marcha-federal\/\"},\"wordCount\":834,\"publisher\":{\"@id\":\"https:\/\/radio.fcejs.unsl.edu.ar\/#organization\"},\"image\":{\"@id\":\"https:\/\/radio.fcejs.unsl.edu.ar\/index.php\/seguiremos-trabajando-para-defender-a-la-universidad-nacional-de-san-luis-raul-gil-y-su-mirada-sobre-la-situacion-actual-de-las-universidades-el-veto-y-la-marcha-federal\/#primaryimage\"},\"thumbnailUrl\":\"https:\/\/radio.fcejs.unsl.edu.ar\/wp-content\/uploads\/2025\/09\/200805-Retorno-post-receso-Raul-Gil-3-1.jpg\",\"articleSection\":[\"Entrevistas\"],\"inLanguage\":\"es-AR\"},{\"@type\":\"WebPage\",\"@id\":\"https:\/\/radio.fcejs.unsl.edu.ar\/index.php\/seguiremos-trabajando-para-defender-a-la-universidad-nacional-de-san-luis-raul-gil-y-su-mirada-sobre-la-situacion-actual-de-las-universidades-el-veto-y-la-marcha-federal\/\",\"url\":\"https:\/\/radio.fcejs.unsl.edu.ar\/index.php\/seguiremos-trabajando-para-defender-a-la-universidad-nacional-de-san-luis-raul-gil-y-su-mirada-sobre-la-situacion-actual-de-las-universidades-el-veto-y-la-marcha-federal\/\",\"name\":\"Dr. Ra\u00fal Gil: \u201cSeguiremos trabajando para defender a la Universidad Nacional de San Luis\\\" - Radio Universidad Villa Mercedes 97.5 | UNSL\",\"isPartOf\":{\"@id\":\"https:\/\/radio.fcejs.unsl.edu.ar\/#website\"},\"primaryImageOfPage\":{\"@id\":\"https:\/\/radio.fcejs.unsl.edu.ar\/index.php\/seguiremos-trabajando-para-defender-a-la-universidad-nacional-de-san-luis-raul-gil-y-su-mirada-sobre-la-situacion-actual-de-las-universidades-el-veto-y-la-marcha-federal\/#primaryimage\"},\"image\":{\"@id\":\"https:\/\/radio.fcejs.unsl.edu.ar\/index.php\/seguiremos-trabajando-para-defender-a-la-universidad-nacional-de-san-luis-raul-gil-y-su-mirada-sobre-la-situacion-actual-de-las-universidades-el-veto-y-la-marcha-federal\/#primaryimage\"},\"thumbnailUrl\":\"https:\/\/radio.fcejs.unsl.edu.ar\/wp-content\/uploads\/2025\/09\/200805-Retorno-post-receso-Raul-Gil-3-1.jpg\",\"datePublished\":\"2025-09-17T12:02:19+00:00\",\"dateModified\":\"2025-09-22T20:13:41+00:00\",\"breadcrumb\":{\"@id\":\"https:\/\/radio.fcejs.unsl.edu.ar\/index.php\/seguiremos-trabajando-para-defender-a-la-universidad-nacional-de-san-luis-raul-gil-y-su-mirada-sobre-la-situacion-actual-de-las-universidades-el-veto-y-la-marcha-federal\/#breadcrumb\"},\"inLanguage\":\"es-AR\",\"potentialAction\":[{\"@type\":\"ReadAction\",\"target\":[\"https:\/\/radio.fcejs.unsl.edu.ar\/index.php\/seguiremos-trabajando-para-defender-a-la-universidad-nacional-de-san-luis-raul-gil-y-su-mirada-sobre-la-situacion-actual-de-las-universidades-el-veto-y-la-marcha-federal\/\"]}]},{\"@type\":\"ImageObject\",\"inLanguage\":\"es-AR\",\"@id\":\"https:\/\/radio.fcejs.unsl.edu.ar\/index.php\/seguiremos-trabajando-para-defender-a-la-universidad-nacional-de-san-luis-raul-gil-y-su-mirada-sobre-la-situacion-actual-de-las-universidades-el-veto-y-la-marcha-federal\/#primaryimage\",\"url\":\"https:\/\/radio.fcejs.unsl.edu.ar\/wp-content\/uploads\/2025\/09\/200805-Retorno-post-receso-Raul-Gil-3-1.jpg\",\"contentUrl\":\"https:\/\/radio.fcejs.unsl.edu.ar\/wp-content\/uploads\/2025\/09\/200805-Retorno-post-receso-Raul-Gil-3-1.jpg\",\"width\":1000,\"height\":667},{\"@type\":\"BreadcrumbList\",\"@id\":\"https:\/\/radio.fcejs.unsl.edu.ar\/index.php\/seguiremos-trabajando-para-defender-a-la-universidad-nacional-de-san-luis-raul-gil-y-su-mirada-sobre-la-situacion-actual-de-las-universidades-el-veto-y-la-marcha-federal\/#breadcrumb\",\"itemListElement\":[{\"@type\":\"ListItem\",\"position\":1,\"name\":\"Inicio\",\"item\":\"https:\/\/radio.fcejs.unsl.edu.ar\/\"},{\"@type\":\"ListItem\",\"position\":2,\"name\":\"Dr. Ra\u00fal Gil: \u201cSeguiremos trabajando para defender a la Universidad Nacional de San Luis&#8221;\"}]},{\"@type\":\"WebSite\",\"@id\":\"https:\/\/radio.fcejs.unsl.edu.ar\/#website\",\"url\":\"https:\/\/radio.fcejs.unsl.edu.ar\/\",\"name\":\"Radio Universidad Villa Mercedes 97.5 | UNSL\",\"description\":\"UNSL\",\"publisher\":{\"@id\":\"https:\/\/radio.fcejs.unsl.edu.ar\/#organization\"},\"potentialAction\":[{\"@type\":\"SearchAction\",\"target\":{\"@type\":\"EntryPoint\",\"urlTemplate\":\"https:\/\/radio.fcejs.unsl.edu.ar\/?s={search_term_string}\"},\"query-input\":{\"@type\":\"PropertyValueSpecification\",\"valueRequired\":true,\"valueName\":\"search_term_string\"}}],\"inLanguage\":\"es-AR\"},{\"@type\":\"Organization\",\"@id\":\"https:\/\/radio.fcejs.unsl.edu.ar\/#organization\",\"name\":\"Radio Universidad Villa Mercedes 97.5 | UNSL\",\"url\":\"https:\/\/radio.fcejs.unsl.edu.ar\/\",\"logo\":{\"@type\":\"ImageObject\",\"inLanguage\":\"es-AR\",\"@id\":\"https:\/\/radio.fcejs.unsl.edu.ar\/#\/schema\/logo\/image\/\",\"url\":\"https:\/\/radio.fcejs.unsl.edu.ar\/wp-content\/uploads\/2023\/12\/cropped-radio-villa-mercedes-97-5.png\",\"contentUrl\":\"https:\/\/radio.fcejs.unsl.edu.ar\/wp-content\/uploads\/2023\/12\/cropped-radio-villa-mercedes-97-5.png\",\"width\":908,\"height\":289,\"caption\":\"Radio Universidad Villa Mercedes 97.5 | UNSL\"},\"image\":{\"@id\":\"https:\/\/radio.fcejs.unsl.edu.ar\/#\/schema\/logo\/image\/\"}},{\"@type\":\"Person\",\"@id\":\"https:\/\/radio.fcejs.unsl.edu.ar\/#\/schema\/person\/71179a56ee499ac8cd4e46f865c627c7\",\"name\":\"Virginia Aguilera\",\"url\":\"https:\/\/radio.fcejs.unsl.edu.ar\/index.php\/author\/viraguilera\/\"}]}<\/script>\n<!-- \/ Yoast SEO plugin. -->","yoast_head_json":{"title":"Dr. Ra\u00fal Gil: \u201cSeguiremos trabajando para defender a la Universidad Nacional de San Luis\" - Radio Universidad Villa Mercedes 97.5 | UNSL","robots":{"index":"index","follow":"follow","max-snippet":"max-snippet:-1","max-image-preview":"max-image-preview:large","max-video-preview":"max-video-preview:-1"},"canonical":"https:\/\/radio.fcejs.unsl.edu.ar\/index.php\/seguiremos-trabajando-para-defender-a-la-universidad-nacional-de-san-luis-raul-gil-y-su-mirada-sobre-la-situacion-actual-de-las-universidades-el-veto-y-la-marcha-federal\/","og_locale":"es_ES","og_type":"article","og_title":"Dr. Ra\u00fal Gil: \u201cSeguiremos trabajando para defender a la Universidad Nacional de San Luis\" - Radio Universidad Villa Mercedes 97.5 | UNSL","og_description":"Dialogamos con el Dr. Ra\u00fal Gil, nuevo rector de la UNSL, sobre la situaci\u00f3n actual que atraviesan las Universidades P\u00fablicas de Argentina, luego de que el Ejecutivo nacional vetara la Ley de Financiamiento Universitario, y en el marco de una convocatoria nacional a la \u201cMarcha Federal\u201d prevista para el d\u00eda de hoy. Sobre la situaci\u00f3n...","og_url":"https:\/\/radio.fcejs.unsl.edu.ar\/index.php\/seguiremos-trabajando-para-defender-a-la-universidad-nacional-de-san-luis-raul-gil-y-su-mirada-sobre-la-situacion-actual-de-las-universidades-el-veto-y-la-marcha-federal\/","og_site_name":"Radio Universidad Villa Mercedes 97.5 | UNSL","article_published_time":"2025-09-17T12:02:19+00:00","article_modified_time":"2025-09-22T20:13:41+00:00","og_image":[{"width":1000,"height":667,"url":"http:\/\/radio.fcejs.unsl.edu.ar\/wp-content\/uploads\/2025\/09\/200805-Retorno-post-receso-Raul-Gil-3-1.jpg","type":"image\/jpeg"}],"author":"Virginia Aguilera","twitter_card":"summary_large_image","twitter_misc":{"Escrito por":"Virginia Aguilera","Tiempo de lectura":"4 minutos"},"schema":{"@context":"https:\/\/schema.org","@graph":[{"@type":"Article","@id":"https:\/\/radio.fcejs.unsl.edu.ar\/index.php\/seguiremos-trabajando-para-defender-a-la-universidad-nacional-de-san-luis-raul-gil-y-su-mirada-sobre-la-situacion-actual-de-las-universidades-el-veto-y-la-marcha-federal\/#article","isPartOf":{"@id":"https:\/\/radio.fcejs.unsl.edu.ar\/index.php\/seguiremos-trabajando-para-defender-a-la-universidad-nacional-de-san-luis-raul-gil-y-su-mirada-sobre-la-situacion-actual-de-las-universidades-el-veto-y-la-marcha-federal\/"},"author":{"name":"Virginia Aguilera","@id":"https:\/\/radio.fcejs.unsl.edu.ar\/#\/schema\/person\/71179a56ee499ac8cd4e46f865c627c7"},"headline":"Dr. Ra\u00fal Gil: \u201cSeguiremos trabajando para defender a la Universidad Nacional de San Luis&#8221;","datePublished":"2025-09-17T12:02:19+00:00","dateModified":"2025-09-22T20:13:41+00:00","mainEntityOfPage":{"@id":"https:\/\/radio.fcejs.unsl.edu.ar\/index.php\/seguiremos-trabajando-para-defender-a-la-universidad-nacional-de-san-luis-raul-gil-y-su-mirada-sobre-la-situacion-actual-de-las-universidades-el-veto-y-la-marcha-federal\/"},"wordCount":834,"publisher":{"@id":"https:\/\/radio.fcejs.unsl.edu.ar\/#organization"},"image":{"@id":"https:\/\/radio.fcejs.unsl.edu.ar\/index.php\/seguiremos-trabajando-para-defender-a-la-universidad-nacional-de-san-luis-raul-gil-y-su-mirada-sobre-la-situacion-actual-de-las-universidades-el-veto-y-la-marcha-federal\/#primaryimage"},"thumbnailUrl":"https:\/\/radio.fcejs.unsl.edu.ar\/wp-content\/uploads\/2025\/09\/200805-Retorno-post-receso-Raul-Gil-3-1.jpg","articleSection":["Entrevistas"],"inLanguage":"es-AR"},{"@type":"WebPage","@id":"https:\/\/radio.fcejs.unsl.edu.ar\/index.php\/seguiremos-trabajando-para-defender-a-la-universidad-nacional-de-san-luis-raul-gil-y-su-mirada-sobre-la-situacion-actual-de-las-universidades-el-veto-y-la-marcha-federal\/","url":"https:\/\/radio.fcejs.unsl.edu.ar\/index.php\/seguiremos-trabajando-para-defender-a-la-universidad-nacional-de-san-luis-raul-gil-y-su-mirada-sobre-la-situacion-actual-de-las-universidades-el-veto-y-la-marcha-federal\/","name":"Dr. Ra\u00fal Gil: \u201cSeguiremos trabajando para defender a la Universidad Nacional de San Luis\" - Radio Universidad Villa Mercedes 97.5 | UNSL","isPartOf":{"@id":"https:\/\/radio.fcejs.unsl.edu.ar\/#website"},"primaryImageOfPage":{"@id":"https:\/\/radio.fcejs.unsl.edu.ar\/index.php\/seguiremos-trabajando-para-defender-a-la-universidad-nacional-de-san-luis-raul-gil-y-su-mirada-sobre-la-situacion-actual-de-las-universidades-el-veto-y-la-marcha-federal\/#primaryimage"},"image":{"@id":"https:\/\/radio.fcejs.unsl.edu.ar\/index.php\/seguiremos-trabajando-para-defender-a-la-universidad-nacional-de-san-luis-raul-gil-y-su-mirada-sobre-la-situacion-actual-de-las-universidades-el-veto-y-la-marcha-federal\/#primaryimage"},"thumbnailUrl":"https:\/\/radio.fcejs.unsl.edu.ar\/wp-content\/uploads\/2025\/09\/200805-Retorno-post-receso-Raul-Gil-3-1.jpg","datePublished":"2025-09-17T12:02:19+00:00","dateModified":"2025-09-22T20:13:41+00:00","breadcrumb":{"@id":"https:\/\/radio.fcejs.unsl.edu.ar\/index.php\/seguiremos-trabajando-para-defender-a-la-universidad-nacional-de-san-luis-raul-gil-y-su-mirada-sobre-la-situacion-actual-de-las-universidades-el-veto-y-la-marcha-federal\/#breadcrumb"},"inLanguage":"es-AR","potentialAction":[{"@type":"ReadAction","target":["https:\/\/radio.fcejs.unsl.edu.ar\/index.php\/seguiremos-trabajando-para-defender-a-la-universidad-nacional-de-san-luis-raul-gil-y-su-mirada-sobre-la-situacion-actual-de-las-universidades-el-veto-y-la-marcha-federal\/"]}]},{"@type":"ImageObject","inLanguage":"es-AR","@id":"https:\/\/radio.fcejs.unsl.edu.ar\/index.php\/seguiremos-trabajando-para-defender-a-la-universidad-nacional-de-san-luis-raul-gil-y-su-mirada-sobre-la-situacion-actual-de-las-universidades-el-veto-y-la-marcha-federal\/#primaryimage","url":"https:\/\/radio.fcejs.unsl.edu.ar\/wp-content\/uploads\/2025\/09\/200805-Retorno-post-receso-Raul-Gil-3-1.jpg","contentUrl":"https:\/\/radio.fcejs.unsl.edu.ar\/wp-content\/uploads\/2025\/09\/200805-Retorno-post-receso-Raul-Gil-3-1.jpg","width":1000,"height":667},{"@type":"BreadcrumbList","@id":"https:\/\/radio.fcejs.unsl.edu.ar\/index.php\/seguiremos-trabajando-para-defender-a-la-universidad-nacional-de-san-luis-raul-gil-y-su-mirada-sobre-la-situacion-actual-de-las-universidades-el-veto-y-la-marcha-federal\/#breadcrumb","itemListElement":[{"@type":"ListItem","position":1,"name":"Inicio","item":"https:\/\/radio.fcejs.unsl.edu.ar\/"},{"@type":"ListItem","position":2,"name":"Dr. Ra\u00fal Gil: \u201cSeguiremos trabajando para defender a la Universidad Nacional de San Luis&#8221;"}]},{"@type":"WebSite","@id":"https:\/\/radio.fcejs.unsl.edu.ar\/#website","url":"https:\/\/radio.fcejs.unsl.edu.ar\/","name":"Radio Universidad Villa Mercedes 97.5 | UNSL","description":"UNSL","publisher":{"@id":"https:\/\/radio.fcejs.unsl.edu.ar\/#organization"},"potentialAction":[{"@type":"SearchAction","target":{"@type":"EntryPoint","urlTemplate":"https:\/\/radio.fcejs.unsl.edu.ar\/?s={search_term_string}"},"query-input":{"@type":"PropertyValueSpecification","valueRequired":true,"valueName":"search_term_string"}}],"inLanguage":"es-AR"},{"@type":"Organization","@id":"https:\/\/radio.fcejs.unsl.edu.ar\/#organization","name":"Radio Universidad Villa Mercedes 97.5 | UNSL","url":"https:\/\/radio.fcejs.unsl.edu.ar\/","logo":{"@type":"ImageObject","inLanguage":"es-AR","@id":"https:\/\/radio.fcejs.unsl.edu.ar\/#\/schema\/logo\/image\/","url":"https:\/\/radio.fcejs.unsl.edu.ar\/wp-content\/uploads\/2023\/12\/cropped-radio-villa-mercedes-97-5.png","contentUrl":"https:\/\/radio.fcejs.unsl.edu.ar\/wp-content\/uploads\/2023\/12\/cropped-radio-villa-mercedes-97-5.png","width":908,"height":289,"caption":"Radio Universidad Villa Mercedes 97.5 | UNSL"},"image":{"@id":"https:\/\/radio.fcejs.unsl.edu.ar\/#\/schema\/logo\/image\/"}},{"@type":"Person","@id":"https:\/\/radio.fcejs.unsl.edu.ar\/#\/schema\/person\/71179a56ee499ac8cd4e46f865c627c7","name":"Virginia Aguilera","url":"https:\/\/radio.fcejs.unsl.edu.ar\/index.php\/author\/viraguilera\/"}]}},"_links":{"self":[{"href":"https:\/\/radio.fcejs.unsl.edu.ar\/index.php\/wp-json\/wp\/v2\/posts\/3379","targetHints":{"allow":["GET"]}}],"collection":[{"href":"https:\/\/radio.fcejs.unsl.edu.ar\/index.php\/wp-json\/wp\/v2\/posts"}],"about":[{"href":"https:\/\/radio.fcejs.unsl.edu.ar\/index.php\/wp-json\/wp\/v2\/types\/post"}],"author":[{"embeddable":true,"href":"https:\/\/radio.fcejs.unsl.edu.ar\/index.php\/wp-json\/wp\/v2\/users\/5"}],"replies":[{"embeddable":true,"href":"https:\/\/radio.fcejs.unsl.edu.ar\/index.php\/wp-json\/wp\/v2\/comments?post=3379"}],"version-history":[{"count":7,"href":"https:\/\/radio.fcejs.unsl.edu.ar\/index.php\/wp-json\/wp\/v2\/posts\/3379\/revisions"}],"predecessor-version":[{"id":3397,"href":"https:\/\/radio.fcejs.unsl.edu.ar\/index.php\/wp-json\/wp\/v2\/posts\/3379\/revisions\/3397"}],"wp:featuredmedia":[{"embeddable":true,"href":"https:\/\/radio.fcejs.unsl.edu.ar\/index.php\/wp-json\/wp\/v2\/media\/3380"}],"wp:attachment":[{"href":"https:\/\/radio.fcejs.unsl.edu.ar\/index.php\/wp-json\/wp\/v2\/media?parent=3379"}],"wp:term":[{"taxonomy":"category","embeddable":true,"href":"https:\/\/radio.fcejs.unsl.edu.ar\/index.php\/wp-json\/wp\/v2\/categories?post=3379"},{"taxonomy":"post_tag","embeddable":true,"href":"https:\/\/radio.fcejs.unsl.edu.ar\/index.php\/wp-json\/wp\/v2\/tags?post=3379"}],"curies":[{"name":"wp","href":"https:\/\/api.w.org\/{rel}","templated":true}]}}