{"id":3363,"date":"2025-09-09T18:58:13","date_gmt":"2025-09-09T21:58:13","guid":{"rendered":"https:\/\/radio.fcejs.unsl.edu.ar\/?p=3363"},"modified":"2025-09-09T18:58:13","modified_gmt":"2025-09-09T21:58:13","slug":"la-esc-tecnica-n17-visito-el-laboratorio-ciem-para-conocer-mas-sobre-el-ensayo-de-dureza","status":"publish","type":"post","link":"https:\/\/radio.fcejs.unsl.edu.ar\/index.php\/la-esc-tecnica-n17-visito-el-laboratorio-ciem-para-conocer-mas-sobre-el-ensayo-de-dureza\/","title":{"rendered":"La Esc. T\u00e9cnica N\u00b017 visit\u00f3 el laboratorio CIEM para conocer m\u00e1s sobre el ensayo de Dureza."},"content":{"rendered":"<p>Estudiantes del 6to a\u00f1o, del \u00e1rea de Aeron\u00e1utica, de la Escuela T\u00e9cnica N\u00b017 \u201cV Brigada A\u00e9rea\u201d de Villa Mercedes, hicieron un recorrido por las instalaciones del Campus Universitario de la UNSL en Villa Mercedes. Tambi\u00e9n hicieron su paso por la Radio UNSL de Villa Mercedes, en donde pudieron contar c\u00f3mo vivieron esta experiencia.<\/p>\n<p>La actividad se desarroll\u00f3 el pasado viernes 5 de septiembre, y en el marco de una visita programada y organizada desde el laboratorio CIEM (Centro de Ensayo e Investigaci\u00f3n de los Materiales) con la Instituci\u00f3n Educativa. En donde los estudiantes convocados pudieron llevar a la pr\u00e1ctica los conocimientos te\u00f3ricos adquiridos en su escuela, sobre Resistencia y ensayo de los materiales, y espec\u00edficamente sobre el ensayo de \u201cDureza\u201d. Ya que pudieron conocer y acceder al equipamiento tecnol\u00f3gico con el cual cuenta el laboratorio CIEM de la FICA, y en donde se practica el ensayo en cuesti\u00f3n.<\/p>\n<p><strong>Los estudiantes de secundario, durante la visita, fueron acompa\u00f1ados por los profesores Obreg\u00f3n Nicol\u00e1s y Paredes Natalia (egresada de la FICA).<\/strong><\/p>\n<p>Por su parte la directora del laboratorio CIEM, <strong>Mag. Johana Sanoguera, docente de FICA y responsable del proyecto que organiz\u00f3 la actividad dijo:<\/strong> \u201c\u2026este proyecto, en este caso, el ensayo de dureza est\u00e1 en el marco de la convocatoria de proyectos de la Fundaci\u00f3n Acindar. Es una convocatoria en la que participamos, se nos convoc\u00f3 y salimos beneficiados o premiados, y con esto hemos podido comprar alg\u00fan equipamiento para el ensayo de dureza que ahora el segundo grupo (de estudiantes) ver\u00e1n en la pr\u00e1ctica. En principio es agradecer siempre, justamente a las fundaciones que como en este caso Acindar, aportan a la Instituci\u00f3n. Y son esos granitos de arena que suman un mont\u00f3n para los laboratorios en este caso, y la Universidad\u201d.<\/p>\n<p>Por su parte la profesora de la Esc. N\u00b017,\u00a0 \u00a0Natalia Paredes dijo: &#8220;Todos los a\u00f1os, hace un par de a\u00f1os que venimos con Johana siempre comunic\u00e1ndonos, cuando llegamos en el segundo trimestre y que empezamos a ver bien todo el tema de Dureza, yo me pongo en contacto con Johana para que la teor\u00eda que se da en la escuela la podamos poner en pr\u00e1ctica\u00a0 ac\u00e1 en la Facu, porque nosotros no contamos con este tipo de laboratorios&#8230;&#8221;.<\/p>\n<p><strong>Te invitamos a escuchar a los estudiantes de la Esc. T\u00e9cnica N\u00b017, quienes compartieron en radio los detalles de su visita, la experiencia vivida, y hasta su mensaje para que m\u00e1s estudiantes de secundarios se sumen a este tipo de actividades en la Facultad.<\/strong><\/p>\n<p><strong>*Estudiantes Grupo 1.<\/strong><\/p>\n<audio class=\"wp-audio-shortcode\" id=\"audio-3363-1\" preload=\"none\" style=\"width: 100%;\" controls=\"controls\"><source type=\"audio\/mpeg\" src=\"https:\/\/radioupload.fica.unsl.edu.ar\/files\/jb\/Estudiantes%20de%20Escuela%20tecnica%2017%205ta%20Brigada%20grupo%201.mp3?_=1\" \/><a href=\"https:\/\/radioupload.fica.unsl.edu.ar\/files\/jb\/Estudiantes%20de%20Escuela%20tecnica%2017%205ta%20Brigada%20grupo%201.mp3\">https:\/\/radioupload.fica.unsl.edu.ar\/files\/jb\/Estudiantes%20de%20Escuela%20tecnica%2017%205ta%20Brigada%20grupo%201.mp3<\/a><\/audio>\n<p><img fetchpriority=\"high\" decoding=\"async\" class=\"aligncenter wp-image-3364 size-large\" src=\"http:\/\/radio.fcejs.unsl.edu.ar\/wp-content\/uploads\/2025\/09\/WhatsApp-Image-2025-09-09-at-18.14.55-1024x473.jpeg\" alt=\"\" width=\"1024\" height=\"473\" srcset=\"https:\/\/radio.fcejs.unsl.edu.ar\/wp-content\/uploads\/2025\/09\/WhatsApp-Image-2025-09-09-at-18.14.55-1024x473.jpeg 1024w, https:\/\/radio.fcejs.unsl.edu.ar\/wp-content\/uploads\/2025\/09\/WhatsApp-Image-2025-09-09-at-18.14.55-300x139.jpeg 300w, https:\/\/radio.fcejs.unsl.edu.ar\/wp-content\/uploads\/2025\/09\/WhatsApp-Image-2025-09-09-at-18.14.55-768x355.jpeg 768w, https:\/\/radio.fcejs.unsl.edu.ar\/wp-content\/uploads\/2025\/09\/WhatsApp-Image-2025-09-09-at-18.14.55.jpeg 1280w\" sizes=\"(max-width: 1024px) 100vw, 1024px\" \/><\/p>\n<p><strong>*Estudiantes Grupo 2.<\/strong><\/p>\n<audio class=\"wp-audio-shortcode\" id=\"audio-3363-2\" preload=\"none\" style=\"width: 100%;\" controls=\"controls\"><source type=\"audio\/mpeg\" src=\"https:\/\/radioupload.fica.unsl.edu.ar\/files\/jb\/Estudiantes%20de%20Escuela%20tecnica%2017%205ta%20Brigada%20grupo%202.mp3?_=2\" \/><a href=\"https:\/\/radioupload.fica.unsl.edu.ar\/files\/jb\/Estudiantes%20de%20Escuela%20tecnica%2017%205ta%20Brigada%20grupo%202.mp3\">https:\/\/radioupload.fica.unsl.edu.ar\/files\/jb\/Estudiantes%20de%20Escuela%20tecnica%2017%205ta%20Brigada%20grupo%202.mp3<\/a><\/audio>\n<p><img decoding=\"async\" class=\"aligncenter wp-image-3365 size-large\" src=\"http:\/\/radio.fcejs.unsl.edu.ar\/wp-content\/uploads\/2025\/09\/WhatsApp-Image-2025-09-09-at-18.14.56-1024x473.jpeg\" alt=\"\" width=\"1024\" height=\"473\" srcset=\"https:\/\/radio.fcejs.unsl.edu.ar\/wp-content\/uploads\/2025\/09\/WhatsApp-Image-2025-09-09-at-18.14.56-1024x473.jpeg 1024w, https:\/\/radio.fcejs.unsl.edu.ar\/wp-content\/uploads\/2025\/09\/WhatsApp-Image-2025-09-09-at-18.14.56-300x139.jpeg 300w, https:\/\/radio.fcejs.unsl.edu.ar\/wp-content\/uploads\/2025\/09\/WhatsApp-Image-2025-09-09-at-18.14.56-768x355.jpeg 768w, https:\/\/radio.fcejs.unsl.edu.ar\/wp-content\/uploads\/2025\/09\/WhatsApp-Image-2025-09-09-at-18.14.56.jpeg 1280w\" sizes=\"(max-width: 1024px) 100vw, 1024px\" \/><\/p>\n<p>&nbsp;<\/p>\n<p>Fotos tomadas durante la entrevista:<\/p>\n<p><img decoding=\"async\" class=\"aligncenter wp-image-3366 size-large\" src=\"http:\/\/radio.fcejs.unsl.edu.ar\/wp-content\/uploads\/2025\/09\/WhatsApp-Image-2025-09-09-at-18.20.41-1024x768.jpeg\" alt=\"\" width=\"1024\" height=\"768\" srcset=\"https:\/\/radio.fcejs.unsl.edu.ar\/wp-content\/uploads\/2025\/09\/WhatsApp-Image-2025-09-09-at-18.20.41-1024x768.jpeg 1024w, https:\/\/radio.fcejs.unsl.edu.ar\/wp-content\/uploads\/2025\/09\/WhatsApp-Image-2025-09-09-at-18.20.41-300x225.jpeg 300w, https:\/\/radio.fcejs.unsl.edu.ar\/wp-content\/uploads\/2025\/09\/WhatsApp-Image-2025-09-09-at-18.20.41-768x576.jpeg 768w, https:\/\/radio.fcejs.unsl.edu.ar\/wp-content\/uploads\/2025\/09\/WhatsApp-Image-2025-09-09-at-18.20.41-1536x1152.jpeg 1536w, https:\/\/radio.fcejs.unsl.edu.ar\/wp-content\/uploads\/2025\/09\/WhatsApp-Image-2025-09-09-at-18.20.41.jpeg 1600w\" sizes=\"(max-width: 1024px) 100vw, 1024px\" \/><\/p>\n<p><img loading=\"lazy\" decoding=\"async\" class=\"aligncenter wp-image-3367 size-large\" src=\"http:\/\/radio.fcejs.unsl.edu.ar\/wp-content\/uploads\/2025\/09\/WhatsApp-Image-2025-09-09-at-18.20.40-768x1024.jpeg\" alt=\"\" width=\"768\" height=\"1024\" srcset=\"https:\/\/radio.fcejs.unsl.edu.ar\/wp-content\/uploads\/2025\/09\/WhatsApp-Image-2025-09-09-at-18.20.40-768x1024.jpeg 768w, https:\/\/radio.fcejs.unsl.edu.ar\/wp-content\/uploads\/2025\/09\/WhatsApp-Image-2025-09-09-at-18.20.40-225x300.jpeg 225w, https:\/\/radio.fcejs.unsl.edu.ar\/wp-content\/uploads\/2025\/09\/WhatsApp-Image-2025-09-09-at-18.20.40-1152x1536.jpeg 1152w, https:\/\/radio.fcejs.unsl.edu.ar\/wp-content\/uploads\/2025\/09\/WhatsApp-Image-2025-09-09-at-18.20.40.jpeg 1200w\" sizes=\"(max-width: 768px) 100vw, 768px\" \/><\/p>\n<p><img loading=\"lazy\" decoding=\"async\" class=\"aligncenter wp-image-3368 size-large\" src=\"http:\/\/radio.fcejs.unsl.edu.ar\/wp-content\/uploads\/2025\/09\/WhatsApp-Image-2025-09-09-at-18.20.36-1024x768.jpeg\" alt=\"\" width=\"1024\" height=\"768\" srcset=\"https:\/\/radio.fcejs.unsl.edu.ar\/wp-content\/uploads\/2025\/09\/WhatsApp-Image-2025-09-09-at-18.20.36-1024x768.jpeg 1024w, https:\/\/radio.fcejs.unsl.edu.ar\/wp-content\/uploads\/2025\/09\/WhatsApp-Image-2025-09-09-at-18.20.36-300x225.jpeg 300w, https:\/\/radio.fcejs.unsl.edu.ar\/wp-content\/uploads\/2025\/09\/WhatsApp-Image-2025-09-09-at-18.20.36-768x576.jpeg 768w, https:\/\/radio.fcejs.unsl.edu.ar\/wp-content\/uploads\/2025\/09\/WhatsApp-Image-2025-09-09-at-18.20.36-1536x1152.jpeg 1536w, https:\/\/radio.fcejs.unsl.edu.ar\/wp-content\/uploads\/2025\/09\/WhatsApp-Image-2025-09-09-at-18.20.36.jpeg 1600w\" sizes=\"(max-width: 1024px) 100vw, 1024px\" \/><\/p>\n<p>Entrevista realizada en el programa radial \u201cLa Quilla\u201d, con Virginia Aguilera y Federico Amodey, por Radio UNSL en Villa Mercedes- 97.5 FM.<\/p>\n","protected":false},"excerpt":{"rendered":"<p>Estudiantes del 6to a\u00f1o, del \u00e1rea de Aeron\u00e1utica, de la Escuela T\u00e9cnica N\u00b017 \u201cV Brigada A\u00e9rea\u201d de Villa Mercedes, hicieron un recorrido por las instalaciones del Campus Universitario de la UNSL en Villa Mercedes. Tambi\u00e9n hicieron su paso por la Radio UNSL de Villa Mercedes, en donde pudieron contar c\u00f3mo vivieron esta experiencia. La actividad&#8230;<\/p>\n","protected":false},"author":5,"featured_media":3364,"comment_status":"closed","ping_status":"closed","sticky":false,"template":"","format":"standard","meta":{"_kad_post_transparent":"default","_kad_post_title":"default","_kad_post_layout":"default","_kad_post_sidebar_id":"","_kad_post_content_style":"default","_kad_post_vertical_padding":"default","_kad_post_feature":"","_kad_post_feature_position":"","_kad_post_header":false,"_kad_post_footer":false,"_kad_post_classname":"","footnotes":""},"categories":[14],"tags":[],"class_list":["post-3363","post","type-post","status-publish","format-standard","has-post-thumbnail","hentry","category-entrevistas"],"yoast_head":"<!-- This site is optimized with the Yoast SEO plugin v27.2 - https:\/\/yoast.com\/product\/yoast-seo-wordpress\/ -->\n<title>La Esc. T\u00e9cnica N\u00b017 visit\u00f3 el laboratorio CIEM para conocer m\u00e1s sobre el ensayo de Dureza. - Radio Universidad Villa Mercedes 97.5 | UNSL<\/title>\n<meta name=\"robots\" content=\"index, follow, max-snippet:-1, max-image-preview:large, max-video-preview:-1\" \/>\n<link rel=\"canonical\" href=\"https:\/\/radio.fcejs.unsl.edu.ar\/index.php\/la-esc-tecnica-n17-visito-el-laboratorio-ciem-para-conocer-mas-sobre-el-ensayo-de-dureza\/\" \/>\n<meta property=\"og:locale\" content=\"es_ES\" \/>\n<meta property=\"og:type\" content=\"article\" \/>\n<meta property=\"og:title\" content=\"La Esc. T\u00e9cnica N\u00b017 visit\u00f3 el laboratorio CIEM para conocer m\u00e1s sobre el ensayo de Dureza. - Radio Universidad Villa Mercedes 97.5 | UNSL\" \/>\n<meta property=\"og:description\" content=\"Estudiantes del 6to a\u00f1o, del \u00e1rea de Aeron\u00e1utica, de la Escuela T\u00e9cnica N\u00b017 \u201cV Brigada A\u00e9rea\u201d de Villa Mercedes, hicieron un recorrido por las instalaciones del Campus Universitario de la UNSL en Villa Mercedes. Tambi\u00e9n hicieron su paso por la Radio UNSL de Villa Mercedes, en donde pudieron contar c\u00f3mo vivieron esta experiencia. La actividad...\" \/>\n<meta property=\"og:url\" content=\"https:\/\/radio.fcejs.unsl.edu.ar\/index.php\/la-esc-tecnica-n17-visito-el-laboratorio-ciem-para-conocer-mas-sobre-el-ensayo-de-dureza\/\" \/>\n<meta property=\"og:site_name\" content=\"Radio Universidad Villa Mercedes 97.5 | UNSL\" \/>\n<meta property=\"article:published_time\" content=\"2025-09-09T21:58:13+00:00\" \/>\n<meta property=\"og:image\" content=\"http:\/\/radio.fcejs.unsl.edu.ar\/wp-content\/uploads\/2025\/09\/WhatsApp-Image-2025-09-09-at-18.14.55.jpeg\" \/>\n\t<meta property=\"og:image:width\" content=\"1280\" \/>\n\t<meta property=\"og:image:height\" content=\"591\" \/>\n\t<meta property=\"og:image:type\" content=\"image\/jpeg\" \/>\n<meta name=\"author\" content=\"Virginia Aguilera\" \/>\n<meta name=\"twitter:card\" content=\"summary_large_image\" \/>\n<meta name=\"twitter:label1\" content=\"Escrito por\" \/>\n\t<meta name=\"twitter:data1\" content=\"Virginia Aguilera\" \/>\n\t<meta name=\"twitter:label2\" content=\"Tiempo de lectura\" \/>\n\t<meta name=\"twitter:data2\" content=\"4 minutos\" \/>\n<script type=\"application\/ld+json\" class=\"yoast-schema-graph\">{\"@context\":\"https:\/\/schema.org\",\"@graph\":[{\"@type\":\"Article\",\"@id\":\"https:\/\/radio.fcejs.unsl.edu.ar\/index.php\/la-esc-tecnica-n17-visito-el-laboratorio-ciem-para-conocer-mas-sobre-el-ensayo-de-dureza\/#article\",\"isPartOf\":{\"@id\":\"https:\/\/radio.fcejs.unsl.edu.ar\/index.php\/la-esc-tecnica-n17-visito-el-laboratorio-ciem-para-conocer-mas-sobre-el-ensayo-de-dureza\/\"},\"author\":{\"name\":\"Virginia Aguilera\",\"@id\":\"https:\/\/radio.fcejs.unsl.edu.ar\/#\/schema\/person\/71179a56ee499ac8cd4e46f865c627c7\"},\"headline\":\"La Esc. T\u00e9cnica N\u00b017 visit\u00f3 el laboratorio CIEM para conocer m\u00e1s sobre el ensayo de Dureza.\",\"datePublished\":\"2025-09-09T21:58:13+00:00\",\"mainEntityOfPage\":{\"@id\":\"https:\/\/radio.fcejs.unsl.edu.ar\/index.php\/la-esc-tecnica-n17-visito-el-laboratorio-ciem-para-conocer-mas-sobre-el-ensayo-de-dureza\/\"},\"wordCount\":526,\"publisher\":{\"@id\":\"https:\/\/radio.fcejs.unsl.edu.ar\/#organization\"},\"image\":{\"@id\":\"https:\/\/radio.fcejs.unsl.edu.ar\/index.php\/la-esc-tecnica-n17-visito-el-laboratorio-ciem-para-conocer-mas-sobre-el-ensayo-de-dureza\/#primaryimage\"},\"thumbnailUrl\":\"https:\/\/radio.fcejs.unsl.edu.ar\/wp-content\/uploads\/2025\/09\/WhatsApp-Image-2025-09-09-at-18.14.55.jpeg\",\"articleSection\":[\"Entrevistas\"],\"inLanguage\":\"es-AR\"},{\"@type\":\"WebPage\",\"@id\":\"https:\/\/radio.fcejs.unsl.edu.ar\/index.php\/la-esc-tecnica-n17-visito-el-laboratorio-ciem-para-conocer-mas-sobre-el-ensayo-de-dureza\/\",\"url\":\"https:\/\/radio.fcejs.unsl.edu.ar\/index.php\/la-esc-tecnica-n17-visito-el-laboratorio-ciem-para-conocer-mas-sobre-el-ensayo-de-dureza\/\",\"name\":\"La Esc. T\u00e9cnica N\u00b017 visit\u00f3 el laboratorio CIEM para conocer m\u00e1s sobre el ensayo de Dureza. - Radio Universidad Villa Mercedes 97.5 | UNSL\",\"isPartOf\":{\"@id\":\"https:\/\/radio.fcejs.unsl.edu.ar\/#website\"},\"primaryImageOfPage\":{\"@id\":\"https:\/\/radio.fcejs.unsl.edu.ar\/index.php\/la-esc-tecnica-n17-visito-el-laboratorio-ciem-para-conocer-mas-sobre-el-ensayo-de-dureza\/#primaryimage\"},\"image\":{\"@id\":\"https:\/\/radio.fcejs.unsl.edu.ar\/index.php\/la-esc-tecnica-n17-visito-el-laboratorio-ciem-para-conocer-mas-sobre-el-ensayo-de-dureza\/#primaryimage\"},\"thumbnailUrl\":\"https:\/\/radio.fcejs.unsl.edu.ar\/wp-content\/uploads\/2025\/09\/WhatsApp-Image-2025-09-09-at-18.14.55.jpeg\",\"datePublished\":\"2025-09-09T21:58:13+00:00\",\"breadcrumb\":{\"@id\":\"https:\/\/radio.fcejs.unsl.edu.ar\/index.php\/la-esc-tecnica-n17-visito-el-laboratorio-ciem-para-conocer-mas-sobre-el-ensayo-de-dureza\/#breadcrumb\"},\"inLanguage\":\"es-AR\",\"potentialAction\":[{\"@type\":\"ReadAction\",\"target\":[\"https:\/\/radio.fcejs.unsl.edu.ar\/index.php\/la-esc-tecnica-n17-visito-el-laboratorio-ciem-para-conocer-mas-sobre-el-ensayo-de-dureza\/\"]}]},{\"@type\":\"ImageObject\",\"inLanguage\":\"es-AR\",\"@id\":\"https:\/\/radio.fcejs.unsl.edu.ar\/index.php\/la-esc-tecnica-n17-visito-el-laboratorio-ciem-para-conocer-mas-sobre-el-ensayo-de-dureza\/#primaryimage\",\"url\":\"https:\/\/radio.fcejs.unsl.edu.ar\/wp-content\/uploads\/2025\/09\/WhatsApp-Image-2025-09-09-at-18.14.55.jpeg\",\"contentUrl\":\"https:\/\/radio.fcejs.unsl.edu.ar\/wp-content\/uploads\/2025\/09\/WhatsApp-Image-2025-09-09-at-18.14.55.jpeg\",\"width\":1280,\"height\":591},{\"@type\":\"BreadcrumbList\",\"@id\":\"https:\/\/radio.fcejs.unsl.edu.ar\/index.php\/la-esc-tecnica-n17-visito-el-laboratorio-ciem-para-conocer-mas-sobre-el-ensayo-de-dureza\/#breadcrumb\",\"itemListElement\":[{\"@type\":\"ListItem\",\"position\":1,\"name\":\"Inicio\",\"item\":\"https:\/\/radio.fcejs.unsl.edu.ar\/\"},{\"@type\":\"ListItem\",\"position\":2,\"name\":\"La Esc. T\u00e9cnica N\u00b017 visit\u00f3 el laboratorio CIEM para conocer m\u00e1s sobre el ensayo de Dureza.\"}]},{\"@type\":\"WebSite\",\"@id\":\"https:\/\/radio.fcejs.unsl.edu.ar\/#website\",\"url\":\"https:\/\/radio.fcejs.unsl.edu.ar\/\",\"name\":\"Radio Universidad Villa Mercedes 97.5 | UNSL\",\"description\":\"UNSL\",\"publisher\":{\"@id\":\"https:\/\/radio.fcejs.unsl.edu.ar\/#organization\"},\"potentialAction\":[{\"@type\":\"SearchAction\",\"target\":{\"@type\":\"EntryPoint\",\"urlTemplate\":\"https:\/\/radio.fcejs.unsl.edu.ar\/?s={search_term_string}\"},\"query-input\":{\"@type\":\"PropertyValueSpecification\",\"valueRequired\":true,\"valueName\":\"search_term_string\"}}],\"inLanguage\":\"es-AR\"},{\"@type\":\"Organization\",\"@id\":\"https:\/\/radio.fcejs.unsl.edu.ar\/#organization\",\"name\":\"Radio Universidad Villa Mercedes 97.5 | UNSL\",\"url\":\"https:\/\/radio.fcejs.unsl.edu.ar\/\",\"logo\":{\"@type\":\"ImageObject\",\"inLanguage\":\"es-AR\",\"@id\":\"https:\/\/radio.fcejs.unsl.edu.ar\/#\/schema\/logo\/image\/\",\"url\":\"https:\/\/radio.fcejs.unsl.edu.ar\/wp-content\/uploads\/2023\/12\/cropped-radio-villa-mercedes-97-5.png\",\"contentUrl\":\"https:\/\/radio.fcejs.unsl.edu.ar\/wp-content\/uploads\/2023\/12\/cropped-radio-villa-mercedes-97-5.png\",\"width\":908,\"height\":289,\"caption\":\"Radio Universidad Villa Mercedes 97.5 | UNSL\"},\"image\":{\"@id\":\"https:\/\/radio.fcejs.unsl.edu.ar\/#\/schema\/logo\/image\/\"}},{\"@type\":\"Person\",\"@id\":\"https:\/\/radio.fcejs.unsl.edu.ar\/#\/schema\/person\/71179a56ee499ac8cd4e46f865c627c7\",\"name\":\"Virginia Aguilera\",\"url\":\"https:\/\/radio.fcejs.unsl.edu.ar\/index.php\/author\/viraguilera\/\"}]}<\/script>\n<!-- \/ Yoast SEO plugin. -->","yoast_head_json":{"title":"La Esc. T\u00e9cnica N\u00b017 visit\u00f3 el laboratorio CIEM para conocer m\u00e1s sobre el ensayo de Dureza. - Radio Universidad Villa Mercedes 97.5 | UNSL","robots":{"index":"index","follow":"follow","max-snippet":"max-snippet:-1","max-image-preview":"max-image-preview:large","max-video-preview":"max-video-preview:-1"},"canonical":"https:\/\/radio.fcejs.unsl.edu.ar\/index.php\/la-esc-tecnica-n17-visito-el-laboratorio-ciem-para-conocer-mas-sobre-el-ensayo-de-dureza\/","og_locale":"es_ES","og_type":"article","og_title":"La Esc. T\u00e9cnica N\u00b017 visit\u00f3 el laboratorio CIEM para conocer m\u00e1s sobre el ensayo de Dureza. - Radio Universidad Villa Mercedes 97.5 | UNSL","og_description":"Estudiantes del 6to a\u00f1o, del \u00e1rea de Aeron\u00e1utica, de la Escuela T\u00e9cnica N\u00b017 \u201cV Brigada A\u00e9rea\u201d de Villa Mercedes, hicieron un recorrido por las instalaciones del Campus Universitario de la UNSL en Villa Mercedes. Tambi\u00e9n hicieron su paso por la Radio UNSL de Villa Mercedes, en donde pudieron contar c\u00f3mo vivieron esta experiencia. La actividad...","og_url":"https:\/\/radio.fcejs.unsl.edu.ar\/index.php\/la-esc-tecnica-n17-visito-el-laboratorio-ciem-para-conocer-mas-sobre-el-ensayo-de-dureza\/","og_site_name":"Radio Universidad Villa Mercedes 97.5 | UNSL","article_published_time":"2025-09-09T21:58:13+00:00","og_image":[{"width":1280,"height":591,"url":"http:\/\/radio.fcejs.unsl.edu.ar\/wp-content\/uploads\/2025\/09\/WhatsApp-Image-2025-09-09-at-18.14.55.jpeg","type":"image\/jpeg"}],"author":"Virginia Aguilera","twitter_card":"summary_large_image","twitter_misc":{"Escrito por":"Virginia Aguilera","Tiempo de lectura":"4 minutos"},"schema":{"@context":"https:\/\/schema.org","@graph":[{"@type":"Article","@id":"https:\/\/radio.fcejs.unsl.edu.ar\/index.php\/la-esc-tecnica-n17-visito-el-laboratorio-ciem-para-conocer-mas-sobre-el-ensayo-de-dureza\/#article","isPartOf":{"@id":"https:\/\/radio.fcejs.unsl.edu.ar\/index.php\/la-esc-tecnica-n17-visito-el-laboratorio-ciem-para-conocer-mas-sobre-el-ensayo-de-dureza\/"},"author":{"name":"Virginia Aguilera","@id":"https:\/\/radio.fcejs.unsl.edu.ar\/#\/schema\/person\/71179a56ee499ac8cd4e46f865c627c7"},"headline":"La Esc. T\u00e9cnica N\u00b017 visit\u00f3 el laboratorio CIEM para conocer m\u00e1s sobre el ensayo de Dureza.","datePublished":"2025-09-09T21:58:13+00:00","mainEntityOfPage":{"@id":"https:\/\/radio.fcejs.unsl.edu.ar\/index.php\/la-esc-tecnica-n17-visito-el-laboratorio-ciem-para-conocer-mas-sobre-el-ensayo-de-dureza\/"},"wordCount":526,"publisher":{"@id":"https:\/\/radio.fcejs.unsl.edu.ar\/#organization"},"image":{"@id":"https:\/\/radio.fcejs.unsl.edu.ar\/index.php\/la-esc-tecnica-n17-visito-el-laboratorio-ciem-para-conocer-mas-sobre-el-ensayo-de-dureza\/#primaryimage"},"thumbnailUrl":"https:\/\/radio.fcejs.unsl.edu.ar\/wp-content\/uploads\/2025\/09\/WhatsApp-Image-2025-09-09-at-18.14.55.jpeg","articleSection":["Entrevistas"],"inLanguage":"es-AR"},{"@type":"WebPage","@id":"https:\/\/radio.fcejs.unsl.edu.ar\/index.php\/la-esc-tecnica-n17-visito-el-laboratorio-ciem-para-conocer-mas-sobre-el-ensayo-de-dureza\/","url":"https:\/\/radio.fcejs.unsl.edu.ar\/index.php\/la-esc-tecnica-n17-visito-el-laboratorio-ciem-para-conocer-mas-sobre-el-ensayo-de-dureza\/","name":"La Esc. T\u00e9cnica N\u00b017 visit\u00f3 el laboratorio CIEM para conocer m\u00e1s sobre el ensayo de Dureza. - Radio Universidad Villa Mercedes 97.5 | UNSL","isPartOf":{"@id":"https:\/\/radio.fcejs.unsl.edu.ar\/#website"},"primaryImageOfPage":{"@id":"https:\/\/radio.fcejs.unsl.edu.ar\/index.php\/la-esc-tecnica-n17-visito-el-laboratorio-ciem-para-conocer-mas-sobre-el-ensayo-de-dureza\/#primaryimage"},"image":{"@id":"https:\/\/radio.fcejs.unsl.edu.ar\/index.php\/la-esc-tecnica-n17-visito-el-laboratorio-ciem-para-conocer-mas-sobre-el-ensayo-de-dureza\/#primaryimage"},"thumbnailUrl":"https:\/\/radio.fcejs.unsl.edu.ar\/wp-content\/uploads\/2025\/09\/WhatsApp-Image-2025-09-09-at-18.14.55.jpeg","datePublished":"2025-09-09T21:58:13+00:00","breadcrumb":{"@id":"https:\/\/radio.fcejs.unsl.edu.ar\/index.php\/la-esc-tecnica-n17-visito-el-laboratorio-ciem-para-conocer-mas-sobre-el-ensayo-de-dureza\/#breadcrumb"},"inLanguage":"es-AR","potentialAction":[{"@type":"ReadAction","target":["https:\/\/radio.fcejs.unsl.edu.ar\/index.php\/la-esc-tecnica-n17-visito-el-laboratorio-ciem-para-conocer-mas-sobre-el-ensayo-de-dureza\/"]}]},{"@type":"ImageObject","inLanguage":"es-AR","@id":"https:\/\/radio.fcejs.unsl.edu.ar\/index.php\/la-esc-tecnica-n17-visito-el-laboratorio-ciem-para-conocer-mas-sobre-el-ensayo-de-dureza\/#primaryimage","url":"https:\/\/radio.fcejs.unsl.edu.ar\/wp-content\/uploads\/2025\/09\/WhatsApp-Image-2025-09-09-at-18.14.55.jpeg","contentUrl":"https:\/\/radio.fcejs.unsl.edu.ar\/wp-content\/uploads\/2025\/09\/WhatsApp-Image-2025-09-09-at-18.14.55.jpeg","width":1280,"height":591},{"@type":"BreadcrumbList","@id":"https:\/\/radio.fcejs.unsl.edu.ar\/index.php\/la-esc-tecnica-n17-visito-el-laboratorio-ciem-para-conocer-mas-sobre-el-ensayo-de-dureza\/#breadcrumb","itemListElement":[{"@type":"ListItem","position":1,"name":"Inicio","item":"https:\/\/radio.fcejs.unsl.edu.ar\/"},{"@type":"ListItem","position":2,"name":"La Esc. T\u00e9cnica N\u00b017 visit\u00f3 el laboratorio CIEM para conocer m\u00e1s sobre el ensayo de Dureza."}]},{"@type":"WebSite","@id":"https:\/\/radio.fcejs.unsl.edu.ar\/#website","url":"https:\/\/radio.fcejs.unsl.edu.ar\/","name":"Radio Universidad Villa Mercedes 97.5 | UNSL","description":"UNSL","publisher":{"@id":"https:\/\/radio.fcejs.unsl.edu.ar\/#organization"},"potentialAction":[{"@type":"SearchAction","target":{"@type":"EntryPoint","urlTemplate":"https:\/\/radio.fcejs.unsl.edu.ar\/?s={search_term_string}"},"query-input":{"@type":"PropertyValueSpecification","valueRequired":true,"valueName":"search_term_string"}}],"inLanguage":"es-AR"},{"@type":"Organization","@id":"https:\/\/radio.fcejs.unsl.edu.ar\/#organization","name":"Radio Universidad Villa Mercedes 97.5 | UNSL","url":"https:\/\/radio.fcejs.unsl.edu.ar\/","logo":{"@type":"ImageObject","inLanguage":"es-AR","@id":"https:\/\/radio.fcejs.unsl.edu.ar\/#\/schema\/logo\/image\/","url":"https:\/\/radio.fcejs.unsl.edu.ar\/wp-content\/uploads\/2023\/12\/cropped-radio-villa-mercedes-97-5.png","contentUrl":"https:\/\/radio.fcejs.unsl.edu.ar\/wp-content\/uploads\/2023\/12\/cropped-radio-villa-mercedes-97-5.png","width":908,"height":289,"caption":"Radio Universidad Villa Mercedes 97.5 | UNSL"},"image":{"@id":"https:\/\/radio.fcejs.unsl.edu.ar\/#\/schema\/logo\/image\/"}},{"@type":"Person","@id":"https:\/\/radio.fcejs.unsl.edu.ar\/#\/schema\/person\/71179a56ee499ac8cd4e46f865c627c7","name":"Virginia Aguilera","url":"https:\/\/radio.fcejs.unsl.edu.ar\/index.php\/author\/viraguilera\/"}]}},"_links":{"self":[{"href":"https:\/\/radio.fcejs.unsl.edu.ar\/index.php\/wp-json\/wp\/v2\/posts\/3363","targetHints":{"allow":["GET"]}}],"collection":[{"href":"https:\/\/radio.fcejs.unsl.edu.ar\/index.php\/wp-json\/wp\/v2\/posts"}],"about":[{"href":"https:\/\/radio.fcejs.unsl.edu.ar\/index.php\/wp-json\/wp\/v2\/types\/post"}],"author":[{"embeddable":true,"href":"https:\/\/radio.fcejs.unsl.edu.ar\/index.php\/wp-json\/wp\/v2\/users\/5"}],"replies":[{"embeddable":true,"href":"https:\/\/radio.fcejs.unsl.edu.ar\/index.php\/wp-json\/wp\/v2\/comments?post=3363"}],"version-history":[{"count":1,"href":"https:\/\/radio.fcejs.unsl.edu.ar\/index.php\/wp-json\/wp\/v2\/posts\/3363\/revisions"}],"predecessor-version":[{"id":3369,"href":"https:\/\/radio.fcejs.unsl.edu.ar\/index.php\/wp-json\/wp\/v2\/posts\/3363\/revisions\/3369"}],"wp:featuredmedia":[{"embeddable":true,"href":"https:\/\/radio.fcejs.unsl.edu.ar\/index.php\/wp-json\/wp\/v2\/media\/3364"}],"wp:attachment":[{"href":"https:\/\/radio.fcejs.unsl.edu.ar\/index.php\/wp-json\/wp\/v2\/media?parent=3363"}],"wp:term":[{"taxonomy":"category","embeddable":true,"href":"https:\/\/radio.fcejs.unsl.edu.ar\/index.php\/wp-json\/wp\/v2\/categories?post=3363"},{"taxonomy":"post_tag","embeddable":true,"href":"https:\/\/radio.fcejs.unsl.edu.ar\/index.php\/wp-json\/wp\/v2\/tags?post=3363"}],"curies":[{"name":"wp","href":"https:\/\/api.w.org\/{rel}","templated":true}]}}