{"id":3357,"date":"2025-08-29T20:59:35","date_gmt":"2025-08-29T23:59:35","guid":{"rendered":"https:\/\/radio.fcejs.unsl.edu.ar\/?p=3357"},"modified":"2025-08-29T20:59:35","modified_gmt":"2025-08-29T23:59:35","slug":"en-septiembre-curso-de-posgrado-electronica-de-potencia","status":"publish","type":"post","link":"https:\/\/radio.fcejs.unsl.edu.ar\/index.php\/en-septiembre-curso-de-posgrado-electronica-de-potencia\/","title":{"rendered":"En septiembre: curso de Posgrado \u201cElectr\u00f3nica de Potencia\u201d"},"content":{"rendered":"<p>Dialogamos con el <strong>Esp. Ing. Guillermo Magaldi <\/strong>sobre<strong> el curso de Posgrado \u201cElectr\u00f3nica de Potencia\u201d<\/strong>, que dar\u00e1 inicio en el mes de septiembre, en el Laboratorio de Electr\u00f3nica de la FICA, ubicado en el Campus de la UNSL en Villa Mercedes.<\/p>\n<p>El especialista es docente e investigador de la UNSL, y adem\u00e1s uno de los profesores responsables del curso que tiene por objetivo proveer herramientas y metodolog\u00edas necesarias para el an\u00e1lisis y dise\u00f1o de convertidores electr\u00f3nicos de potencia en general.<\/p>\n<p>\u201cEs un curso espec\u00edfico que hace varios a\u00f1os se viene dictando en esta casa de estudios. Un poco el que ha encabezado la tem\u00e1tica de esto es Federico Serra que es uno de los docentes del curso. Y en este caso a partir de este a\u00f1o yo lo he coordinado\u2026 me han invitado a m\u00ed, y a Francisco Esteban tambi\u00e9n, los tres somos docentes de la FICA. \u00a0Francisco del \u00e1rea de electricidad, y Federico y yo del \u00e1rea de electr\u00f3nica del Departamento de Ingenier\u00eda. Y bueno, tambi\u00e9n en esta oportunidad van a estar participando dos docentes de Chile, de nuestro pa\u00eds vecino, y otro docente de Brasil, desarrollando algunas aplicaciones en realidad de este mundo de la electr\u00f3nica de potencia que hoy tiene gran aplicaci\u00f3n en muchos \u00e1mbitos\u201d cont\u00f3<strong> Magaldi <\/strong>sobre el curso.<\/p>\n<p>Y agreg\u00f3: \u00a0\u201ces un curso que si bien tiene contenido te\u00f3rico, tiene una pr\u00e1ctica bastante aplicable en diversas aplicaciones que son el \u00e1mbito industrial, los veh\u00edculos el\u00e9ctricos, la parte de rob\u00f3tica\u2026 si bien es un curso espec\u00edfico para poner un poco en contexto este curso se viene dando de hace aproximadamente unos diez a\u00f1os\u2026 yo creo que fui uno de los primeros estudiantes de este curso y bueno, a\u00f1os despu\u00e9s este curso pas\u00f3 a ser uno de los cursos de la parte estructurada la Maestr\u00eda en Control de Convertidores de Potencia, que es una de las carreras de posgrado que tenemos aqu\u00ed, en FICA&#8221;.<\/p>\n<p>*El curso est\u00e1 orientado a ingenieros electr\u00f3nicos o ingenieros electricistas electr\u00f3nicos, ingenieros electromec\u00e1nicos o mecatr\u00f3nicos, personas interesadas en ahondar en la tem\u00e1tica propuesta, \u201celectr\u00f3nica de potencia\u201d, y que quieran formar mayores recursos para sus carreras profesionales de grado las cuales hayan tenido alguna materia relacionada, como \u00a0electr\u00f3nica anal\u00f3gica relacionada con la electr\u00f3nica de potencia.<\/p>\n<p>*Quienes est\u00e9n interesados pueden comunicarse a: <a href=\"mailto:festeban@unsl.edu.ar\">festeban@unsl.edu.ar<\/a><\/p>\n<p>Escucha la entrevista realizada al <u>Esp. Ing. Guillermo Magaldi<\/u> en el programa radial \u201cLa Quilla\u201d en el siguiente audio:<\/p>\n<audio class=\"wp-audio-shortcode\" id=\"audio-3357-1\" preload=\"none\" style=\"width: 100%;\" controls=\"controls\"><source type=\"audio\/mpeg\" src=\"https:\/\/radioupload.fica.unsl.edu.ar\/files\/jb\/LUCIANO%20MAGALDI.mp3?_=1\" \/><a href=\"https:\/\/radioupload.fica.unsl.edu.ar\/files\/jb\/LUCIANO%20MAGALDI.mp3\">https:\/\/radioupload.fica.unsl.edu.ar\/files\/jb\/LUCIANO%20MAGALDI.mp3<\/a><\/audio>\n<p>&nbsp;<\/p>\n<p>Entrevista realizada en el programa radial &#8220;La Quilla&#8221;, con Virginia Aguilera y Federico Amodey, por Radio UNSL en Villa Mercedes- 97.5 FM.<\/p>\n","protected":false},"excerpt":{"rendered":"<p>Dialogamos con el Esp. Ing. Guillermo Magaldi sobre el curso de Posgrado \u201cElectr\u00f3nica de Potencia\u201d, que dar\u00e1 inicio en el mes de septiembre, en el Laboratorio de Electr\u00f3nica de la FICA, ubicado en el Campus de la UNSL en Villa Mercedes. El especialista es docente e investigador de la UNSL, y adem\u00e1s uno de los&#8230;<\/p>\n","protected":false},"author":5,"featured_media":3358,"comment_status":"closed","ping_status":"closed","sticky":false,"template":"","format":"standard","meta":{"_kad_post_transparent":"default","_kad_post_title":"default","_kad_post_layout":"default","_kad_post_sidebar_id":"","_kad_post_content_style":"default","_kad_post_vertical_padding":"default","_kad_post_feature":"","_kad_post_feature_position":"","_kad_post_header":false,"_kad_post_footer":false,"_kad_post_classname":"","footnotes":""},"categories":[14],"tags":[],"class_list":["post-3357","post","type-post","status-publish","format-standard","has-post-thumbnail","hentry","category-entrevistas"],"yoast_head":"<!-- This site is optimized with the Yoast SEO plugin v27.2 - https:\/\/yoast.com\/product\/yoast-seo-wordpress\/ -->\n<title>En septiembre: curso de Posgrado \u201cElectr\u00f3nica de Potencia\u201d - Radio Universidad Villa Mercedes 97.5 | UNSL<\/title>\n<meta name=\"robots\" content=\"index, follow, max-snippet:-1, max-image-preview:large, max-video-preview:-1\" \/>\n<link rel=\"canonical\" href=\"https:\/\/radio.fcejs.unsl.edu.ar\/index.php\/en-septiembre-curso-de-posgrado-electronica-de-potencia\/\" \/>\n<meta property=\"og:locale\" content=\"es_ES\" \/>\n<meta property=\"og:type\" content=\"article\" \/>\n<meta property=\"og:title\" content=\"En septiembre: curso de Posgrado \u201cElectr\u00f3nica de Potencia\u201d - Radio Universidad Villa Mercedes 97.5 | UNSL\" \/>\n<meta property=\"og:description\" content=\"Dialogamos con el Esp. Ing. Guillermo Magaldi sobre el curso de Posgrado \u201cElectr\u00f3nica de Potencia\u201d, que dar\u00e1 inicio en el mes de septiembre, en el Laboratorio de Electr\u00f3nica de la FICA, ubicado en el Campus de la UNSL en Villa Mercedes. El especialista es docente e investigador de la UNSL, y adem\u00e1s uno de los...\" \/>\n<meta property=\"og:url\" content=\"https:\/\/radio.fcejs.unsl.edu.ar\/index.php\/en-septiembre-curso-de-posgrado-electronica-de-potencia\/\" \/>\n<meta property=\"og:site_name\" content=\"Radio Universidad Villa Mercedes 97.5 | UNSL\" \/>\n<meta property=\"article:published_time\" content=\"2025-08-29T23:59:35+00:00\" \/>\n<meta property=\"og:image\" content=\"http:\/\/radio.fcejs.unsl.edu.ar\/wp-content\/uploads\/2025\/08\/Magaldi-scaled.jpg\" \/>\n\t<meta property=\"og:image:width\" content=\"2560\" \/>\n\t<meta property=\"og:image:height\" content=\"1182\" \/>\n\t<meta property=\"og:image:type\" content=\"image\/jpeg\" \/>\n<meta name=\"author\" content=\"Virginia Aguilera\" \/>\n<meta name=\"twitter:card\" content=\"summary_large_image\" \/>\n<meta name=\"twitter:label1\" content=\"Escrito por\" \/>\n\t<meta name=\"twitter:data1\" content=\"Virginia Aguilera\" \/>\n\t<meta name=\"twitter:label2\" content=\"Tiempo de lectura\" \/>\n\t<meta name=\"twitter:data2\" content=\"3 minutos\" \/>\n<script type=\"application\/ld+json\" class=\"yoast-schema-graph\">{\"@context\":\"https:\/\/schema.org\",\"@graph\":[{\"@type\":\"Article\",\"@id\":\"https:\/\/radio.fcejs.unsl.edu.ar\/index.php\/en-septiembre-curso-de-posgrado-electronica-de-potencia\/#article\",\"isPartOf\":{\"@id\":\"https:\/\/radio.fcejs.unsl.edu.ar\/index.php\/en-septiembre-curso-de-posgrado-electronica-de-potencia\/\"},\"author\":{\"name\":\"Virginia Aguilera\",\"@id\":\"https:\/\/radio.fcejs.unsl.edu.ar\/#\/schema\/person\/71179a56ee499ac8cd4e46f865c627c7\"},\"headline\":\"En septiembre: curso de Posgrado \u201cElectr\u00f3nica de Potencia\u201d\",\"datePublished\":\"2025-08-29T23:59:35+00:00\",\"mainEntityOfPage\":{\"@id\":\"https:\/\/radio.fcejs.unsl.edu.ar\/index.php\/en-septiembre-curso-de-posgrado-electronica-de-potencia\/\"},\"wordCount\":482,\"publisher\":{\"@id\":\"https:\/\/radio.fcejs.unsl.edu.ar\/#organization\"},\"image\":{\"@id\":\"https:\/\/radio.fcejs.unsl.edu.ar\/index.php\/en-septiembre-curso-de-posgrado-electronica-de-potencia\/#primaryimage\"},\"thumbnailUrl\":\"https:\/\/radio.fcejs.unsl.edu.ar\/wp-content\/uploads\/2025\/08\/Magaldi-scaled.jpg\",\"articleSection\":[\"Entrevistas\"],\"inLanguage\":\"es-AR\"},{\"@type\":\"WebPage\",\"@id\":\"https:\/\/radio.fcejs.unsl.edu.ar\/index.php\/en-septiembre-curso-de-posgrado-electronica-de-potencia\/\",\"url\":\"https:\/\/radio.fcejs.unsl.edu.ar\/index.php\/en-septiembre-curso-de-posgrado-electronica-de-potencia\/\",\"name\":\"En septiembre: curso de Posgrado \u201cElectr\u00f3nica de Potencia\u201d - Radio Universidad Villa Mercedes 97.5 | UNSL\",\"isPartOf\":{\"@id\":\"https:\/\/radio.fcejs.unsl.edu.ar\/#website\"},\"primaryImageOfPage\":{\"@id\":\"https:\/\/radio.fcejs.unsl.edu.ar\/index.php\/en-septiembre-curso-de-posgrado-electronica-de-potencia\/#primaryimage\"},\"image\":{\"@id\":\"https:\/\/radio.fcejs.unsl.edu.ar\/index.php\/en-septiembre-curso-de-posgrado-electronica-de-potencia\/#primaryimage\"},\"thumbnailUrl\":\"https:\/\/radio.fcejs.unsl.edu.ar\/wp-content\/uploads\/2025\/08\/Magaldi-scaled.jpg\",\"datePublished\":\"2025-08-29T23:59:35+00:00\",\"breadcrumb\":{\"@id\":\"https:\/\/radio.fcejs.unsl.edu.ar\/index.php\/en-septiembre-curso-de-posgrado-electronica-de-potencia\/#breadcrumb\"},\"inLanguage\":\"es-AR\",\"potentialAction\":[{\"@type\":\"ReadAction\",\"target\":[\"https:\/\/radio.fcejs.unsl.edu.ar\/index.php\/en-septiembre-curso-de-posgrado-electronica-de-potencia\/\"]}]},{\"@type\":\"ImageObject\",\"inLanguage\":\"es-AR\",\"@id\":\"https:\/\/radio.fcejs.unsl.edu.ar\/index.php\/en-septiembre-curso-de-posgrado-electronica-de-potencia\/#primaryimage\",\"url\":\"https:\/\/radio.fcejs.unsl.edu.ar\/wp-content\/uploads\/2025\/08\/Magaldi-scaled.jpg\",\"contentUrl\":\"https:\/\/radio.fcejs.unsl.edu.ar\/wp-content\/uploads\/2025\/08\/Magaldi-scaled.jpg\",\"width\":2560,\"height\":1182},{\"@type\":\"BreadcrumbList\",\"@id\":\"https:\/\/radio.fcejs.unsl.edu.ar\/index.php\/en-septiembre-curso-de-posgrado-electronica-de-potencia\/#breadcrumb\",\"itemListElement\":[{\"@type\":\"ListItem\",\"position\":1,\"name\":\"Inicio\",\"item\":\"https:\/\/radio.fcejs.unsl.edu.ar\/\"},{\"@type\":\"ListItem\",\"position\":2,\"name\":\"En septiembre: curso de Posgrado \u201cElectr\u00f3nica de Potencia\u201d\"}]},{\"@type\":\"WebSite\",\"@id\":\"https:\/\/radio.fcejs.unsl.edu.ar\/#website\",\"url\":\"https:\/\/radio.fcejs.unsl.edu.ar\/\",\"name\":\"Radio Universidad Villa Mercedes 97.5 | UNSL\",\"description\":\"UNSL\",\"publisher\":{\"@id\":\"https:\/\/radio.fcejs.unsl.edu.ar\/#organization\"},\"potentialAction\":[{\"@type\":\"SearchAction\",\"target\":{\"@type\":\"EntryPoint\",\"urlTemplate\":\"https:\/\/radio.fcejs.unsl.edu.ar\/?s={search_term_string}\"},\"query-input\":{\"@type\":\"PropertyValueSpecification\",\"valueRequired\":true,\"valueName\":\"search_term_string\"}}],\"inLanguage\":\"es-AR\"},{\"@type\":\"Organization\",\"@id\":\"https:\/\/radio.fcejs.unsl.edu.ar\/#organization\",\"name\":\"Radio Universidad Villa Mercedes 97.5 | UNSL\",\"url\":\"https:\/\/radio.fcejs.unsl.edu.ar\/\",\"logo\":{\"@type\":\"ImageObject\",\"inLanguage\":\"es-AR\",\"@id\":\"https:\/\/radio.fcejs.unsl.edu.ar\/#\/schema\/logo\/image\/\",\"url\":\"https:\/\/radio.fcejs.unsl.edu.ar\/wp-content\/uploads\/2023\/12\/cropped-radio-villa-mercedes-97-5.png\",\"contentUrl\":\"https:\/\/radio.fcejs.unsl.edu.ar\/wp-content\/uploads\/2023\/12\/cropped-radio-villa-mercedes-97-5.png\",\"width\":908,\"height\":289,\"caption\":\"Radio Universidad Villa Mercedes 97.5 | UNSL\"},\"image\":{\"@id\":\"https:\/\/radio.fcejs.unsl.edu.ar\/#\/schema\/logo\/image\/\"}},{\"@type\":\"Person\",\"@id\":\"https:\/\/radio.fcejs.unsl.edu.ar\/#\/schema\/person\/71179a56ee499ac8cd4e46f865c627c7\",\"name\":\"Virginia Aguilera\",\"url\":\"https:\/\/radio.fcejs.unsl.edu.ar\/index.php\/author\/viraguilera\/\"}]}<\/script>\n<!-- \/ Yoast SEO plugin. -->","yoast_head_json":{"title":"En septiembre: curso de Posgrado \u201cElectr\u00f3nica de Potencia\u201d - Radio Universidad Villa Mercedes 97.5 | UNSL","robots":{"index":"index","follow":"follow","max-snippet":"max-snippet:-1","max-image-preview":"max-image-preview:large","max-video-preview":"max-video-preview:-1"},"canonical":"https:\/\/radio.fcejs.unsl.edu.ar\/index.php\/en-septiembre-curso-de-posgrado-electronica-de-potencia\/","og_locale":"es_ES","og_type":"article","og_title":"En septiembre: curso de Posgrado \u201cElectr\u00f3nica de Potencia\u201d - Radio Universidad Villa Mercedes 97.5 | UNSL","og_description":"Dialogamos con el Esp. Ing. Guillermo Magaldi sobre el curso de Posgrado \u201cElectr\u00f3nica de Potencia\u201d, que dar\u00e1 inicio en el mes de septiembre, en el Laboratorio de Electr\u00f3nica de la FICA, ubicado en el Campus de la UNSL en Villa Mercedes. El especialista es docente e investigador de la UNSL, y adem\u00e1s uno de los...","og_url":"https:\/\/radio.fcejs.unsl.edu.ar\/index.php\/en-septiembre-curso-de-posgrado-electronica-de-potencia\/","og_site_name":"Radio Universidad Villa Mercedes 97.5 | UNSL","article_published_time":"2025-08-29T23:59:35+00:00","og_image":[{"width":2560,"height":1182,"url":"http:\/\/radio.fcejs.unsl.edu.ar\/wp-content\/uploads\/2025\/08\/Magaldi-scaled.jpg","type":"image\/jpeg"}],"author":"Virginia Aguilera","twitter_card":"summary_large_image","twitter_misc":{"Escrito por":"Virginia Aguilera","Tiempo de lectura":"3 minutos"},"schema":{"@context":"https:\/\/schema.org","@graph":[{"@type":"Article","@id":"https:\/\/radio.fcejs.unsl.edu.ar\/index.php\/en-septiembre-curso-de-posgrado-electronica-de-potencia\/#article","isPartOf":{"@id":"https:\/\/radio.fcejs.unsl.edu.ar\/index.php\/en-septiembre-curso-de-posgrado-electronica-de-potencia\/"},"author":{"name":"Virginia Aguilera","@id":"https:\/\/radio.fcejs.unsl.edu.ar\/#\/schema\/person\/71179a56ee499ac8cd4e46f865c627c7"},"headline":"En septiembre: curso de Posgrado \u201cElectr\u00f3nica de Potencia\u201d","datePublished":"2025-08-29T23:59:35+00:00","mainEntityOfPage":{"@id":"https:\/\/radio.fcejs.unsl.edu.ar\/index.php\/en-septiembre-curso-de-posgrado-electronica-de-potencia\/"},"wordCount":482,"publisher":{"@id":"https:\/\/radio.fcejs.unsl.edu.ar\/#organization"},"image":{"@id":"https:\/\/radio.fcejs.unsl.edu.ar\/index.php\/en-septiembre-curso-de-posgrado-electronica-de-potencia\/#primaryimage"},"thumbnailUrl":"https:\/\/radio.fcejs.unsl.edu.ar\/wp-content\/uploads\/2025\/08\/Magaldi-scaled.jpg","articleSection":["Entrevistas"],"inLanguage":"es-AR"},{"@type":"WebPage","@id":"https:\/\/radio.fcejs.unsl.edu.ar\/index.php\/en-septiembre-curso-de-posgrado-electronica-de-potencia\/","url":"https:\/\/radio.fcejs.unsl.edu.ar\/index.php\/en-septiembre-curso-de-posgrado-electronica-de-potencia\/","name":"En septiembre: curso de Posgrado \u201cElectr\u00f3nica de Potencia\u201d - Radio Universidad Villa Mercedes 97.5 | UNSL","isPartOf":{"@id":"https:\/\/radio.fcejs.unsl.edu.ar\/#website"},"primaryImageOfPage":{"@id":"https:\/\/radio.fcejs.unsl.edu.ar\/index.php\/en-septiembre-curso-de-posgrado-electronica-de-potencia\/#primaryimage"},"image":{"@id":"https:\/\/radio.fcejs.unsl.edu.ar\/index.php\/en-septiembre-curso-de-posgrado-electronica-de-potencia\/#primaryimage"},"thumbnailUrl":"https:\/\/radio.fcejs.unsl.edu.ar\/wp-content\/uploads\/2025\/08\/Magaldi-scaled.jpg","datePublished":"2025-08-29T23:59:35+00:00","breadcrumb":{"@id":"https:\/\/radio.fcejs.unsl.edu.ar\/index.php\/en-septiembre-curso-de-posgrado-electronica-de-potencia\/#breadcrumb"},"inLanguage":"es-AR","potentialAction":[{"@type":"ReadAction","target":["https:\/\/radio.fcejs.unsl.edu.ar\/index.php\/en-septiembre-curso-de-posgrado-electronica-de-potencia\/"]}]},{"@type":"ImageObject","inLanguage":"es-AR","@id":"https:\/\/radio.fcejs.unsl.edu.ar\/index.php\/en-septiembre-curso-de-posgrado-electronica-de-potencia\/#primaryimage","url":"https:\/\/radio.fcejs.unsl.edu.ar\/wp-content\/uploads\/2025\/08\/Magaldi-scaled.jpg","contentUrl":"https:\/\/radio.fcejs.unsl.edu.ar\/wp-content\/uploads\/2025\/08\/Magaldi-scaled.jpg","width":2560,"height":1182},{"@type":"BreadcrumbList","@id":"https:\/\/radio.fcejs.unsl.edu.ar\/index.php\/en-septiembre-curso-de-posgrado-electronica-de-potencia\/#breadcrumb","itemListElement":[{"@type":"ListItem","position":1,"name":"Inicio","item":"https:\/\/radio.fcejs.unsl.edu.ar\/"},{"@type":"ListItem","position":2,"name":"En septiembre: curso de Posgrado \u201cElectr\u00f3nica de Potencia\u201d"}]},{"@type":"WebSite","@id":"https:\/\/radio.fcejs.unsl.edu.ar\/#website","url":"https:\/\/radio.fcejs.unsl.edu.ar\/","name":"Radio Universidad Villa Mercedes 97.5 | UNSL","description":"UNSL","publisher":{"@id":"https:\/\/radio.fcejs.unsl.edu.ar\/#organization"},"potentialAction":[{"@type":"SearchAction","target":{"@type":"EntryPoint","urlTemplate":"https:\/\/radio.fcejs.unsl.edu.ar\/?s={search_term_string}"},"query-input":{"@type":"PropertyValueSpecification","valueRequired":true,"valueName":"search_term_string"}}],"inLanguage":"es-AR"},{"@type":"Organization","@id":"https:\/\/radio.fcejs.unsl.edu.ar\/#organization","name":"Radio Universidad Villa Mercedes 97.5 | UNSL","url":"https:\/\/radio.fcejs.unsl.edu.ar\/","logo":{"@type":"ImageObject","inLanguage":"es-AR","@id":"https:\/\/radio.fcejs.unsl.edu.ar\/#\/schema\/logo\/image\/","url":"https:\/\/radio.fcejs.unsl.edu.ar\/wp-content\/uploads\/2023\/12\/cropped-radio-villa-mercedes-97-5.png","contentUrl":"https:\/\/radio.fcejs.unsl.edu.ar\/wp-content\/uploads\/2023\/12\/cropped-radio-villa-mercedes-97-5.png","width":908,"height":289,"caption":"Radio Universidad Villa Mercedes 97.5 | UNSL"},"image":{"@id":"https:\/\/radio.fcejs.unsl.edu.ar\/#\/schema\/logo\/image\/"}},{"@type":"Person","@id":"https:\/\/radio.fcejs.unsl.edu.ar\/#\/schema\/person\/71179a56ee499ac8cd4e46f865c627c7","name":"Virginia Aguilera","url":"https:\/\/radio.fcejs.unsl.edu.ar\/index.php\/author\/viraguilera\/"}]}},"_links":{"self":[{"href":"https:\/\/radio.fcejs.unsl.edu.ar\/index.php\/wp-json\/wp\/v2\/posts\/3357","targetHints":{"allow":["GET"]}}],"collection":[{"href":"https:\/\/radio.fcejs.unsl.edu.ar\/index.php\/wp-json\/wp\/v2\/posts"}],"about":[{"href":"https:\/\/radio.fcejs.unsl.edu.ar\/index.php\/wp-json\/wp\/v2\/types\/post"}],"author":[{"embeddable":true,"href":"https:\/\/radio.fcejs.unsl.edu.ar\/index.php\/wp-json\/wp\/v2\/users\/5"}],"replies":[{"embeddable":true,"href":"https:\/\/radio.fcejs.unsl.edu.ar\/index.php\/wp-json\/wp\/v2\/comments?post=3357"}],"version-history":[{"count":1,"href":"https:\/\/radio.fcejs.unsl.edu.ar\/index.php\/wp-json\/wp\/v2\/posts\/3357\/revisions"}],"predecessor-version":[{"id":3359,"href":"https:\/\/radio.fcejs.unsl.edu.ar\/index.php\/wp-json\/wp\/v2\/posts\/3357\/revisions\/3359"}],"wp:featuredmedia":[{"embeddable":true,"href":"https:\/\/radio.fcejs.unsl.edu.ar\/index.php\/wp-json\/wp\/v2\/media\/3358"}],"wp:attachment":[{"href":"https:\/\/radio.fcejs.unsl.edu.ar\/index.php\/wp-json\/wp\/v2\/media?parent=3357"}],"wp:term":[{"taxonomy":"category","embeddable":true,"href":"https:\/\/radio.fcejs.unsl.edu.ar\/index.php\/wp-json\/wp\/v2\/categories?post=3357"},{"taxonomy":"post_tag","embeddable":true,"href":"https:\/\/radio.fcejs.unsl.edu.ar\/index.php\/wp-json\/wp\/v2\/tags?post=3357"}],"curies":[{"name":"wp","href":"https:\/\/api.w.org\/{rel}","templated":true}]}}