{"id":3350,"date":"2025-08-29T19:42:41","date_gmt":"2025-08-29T22:42:41","guid":{"rendered":"https:\/\/radio.fcejs.unsl.edu.ar\/?p=3350"},"modified":"2025-08-29T19:49:46","modified_gmt":"2025-08-29T22:49:46","slug":"estudiantes-universitarios-festejan-el-dia-de-las-infancias-en-el-barrio","status":"publish","type":"post","link":"https:\/\/radio.fcejs.unsl.edu.ar\/index.php\/estudiantes-universitarios-festejan-el-dia-de-las-infancias-en-el-barrio\/","title":{"rendered":"Estudiantes universitarios festejan el d\u00eda de las infancias en el barrio"},"content":{"rendered":"<p><strong>Ester Contrera, Noem\u00ed Alcar\u00e1z, Carla Cacace, y Paula Quiroga<\/strong>, son j\u00f3venes con vocaci\u00f3n solidaria, y vinieron a los estudios de Radio UNSL para contarnos en detalle c\u00f3mo se preparan para llevar a cabo las distintas actividades que han programado para celebrar el d\u00eda de las infancias en el Barrio Eva Per\u00f3n 3 de Villa Mercedes.<\/p>\n<p>Las estudiantes en la Licenciatura En Trabajo Social, que se dicta en la FCEJS de la UNSL en Villa Mercedes, forman parte de <strong><u>\u201cEstudiantes en el barrio\u201d <\/u><\/strong>una organizaci\u00f3n formada por estudiantes de distintas Universidades, y que realizan actividades en distintos barrios de la ciudad (y en distintos puntos de San Luis, como de otras provincias) destinadas a ayudar a personas que lo necesitan.<\/p>\n<p>Las j\u00f3venes contaron que prev\u00e9n realizar una gran merienda con los ni\u00f1os y ni\u00f1as del barrio, adem\u00e1s habr\u00e1 momentos de juegos, m\u00fasica en vivo, shows de artistas invitados (entre ellos estudiantes universitarios), clow, pintura art\u00edstica de rostros, y muchas sorpresas. Adem\u00e1s, est\u00e1n convocando a los artistas de la ciudad, y a todo aqu\u00e9l que quiera sumarse a algunas de las actividades o que quiera compartir su arte en el evento.<\/p>\n<p>\u201cNosotros siempre en cada festejo empezamos con mucho tiempo de anticipaci\u00f3n a organizarlo en s\u00ed. Mas que nada porque tratamos de hacer una merienda, siempre en s\u00ed la hacemos, y por ah\u00ed acompa\u00f1arlo durante toda la siesta tarde de actividades para los ni\u00f1os. Y este a\u00f1o particularmente hemos sumado, que eso es tambi\u00e9n otra invitaci\u00f3n, compa\u00f1eras nuestras que son cantantes y van a sumarse a cantar ah\u00ed y dar un show. Y tambi\u00e9n est\u00e1 abierta la invitaci\u00f3n para que lo artistas de Mercedes se sumen si tienen ganas\u201d dijo <strong>Ester Contrera<\/strong>.<\/p>\n<p>Sobre las donaciones que est\u00e1n recolectando y que se destinar\u00e1n al comedor del barrio<strong>, Carla Cacace<\/strong> dijo: \u201cen este festejo estamos buscando donaciones tambi\u00e9n, que ser\u00edan harina, aceite, sal, az\u00facar, bizcochitos o panificados, galletitas, golosinas, pinturas para la cara, jugos, o descartables\u201d.\u00a0 Adem\u00e1s, para aquellos que quieran realizar alg\u00fan aporte en dinero pueden hacerlo v\u00eda transferencia en la cuenta\/alias de la agrupaci\u00f3n.<\/p>\n<p>Para conocer m\u00e1s sobre las actividades y de la agrupaci\u00f3n pueden ingresar a su p\u00e1gina de Instagram: \u00a0@estudiantesenelbarriovm<\/p>\n<p>Escucha la entrevista realizada a las estudiantes en el programa radial \u201cLa Quilla\u201d en el siguiente audio:<\/p>\n<audio class=\"wp-audio-shortcode\" id=\"audio-3350-1\" preload=\"none\" style=\"width: 100%;\" controls=\"controls\"><source type=\"audio\/mpeg\" src=\"https:\/\/radioupload.fica.unsl.edu.ar\/files\/jb\/Estudiantes%20Festejan%20la%20infancia%20en%20el%20barrio.mp3?_=1\" \/><a href=\"https:\/\/radioupload.fica.unsl.edu.ar\/files\/jb\/Estudiantes%20Festejan%20la%20infancia%20en%20el%20barrio.mp3\">https:\/\/radioupload.fica.unsl.edu.ar\/files\/jb\/Estudiantes%20Festejan%20la%20infancia%20en%20el%20barrio.mp3<\/a><\/audio>\n<p>&nbsp;<\/p>\n<p><strong><u>** REFLEXIONES SOBRE LO QUE REPRESENTA PARA LAS ESTUDIANTES IR AL BARRIO: <\/u><\/strong><\/p>\n<p>&nbsp;<\/p>\n<p>A la pregunta \u00bfc\u00f3mo relacionan a su carrera con las actividades que desarrollan en el barrio?, una de las estudiantes, <strong>Carla Cacace<\/strong>, respondi\u00f3: \u201cjustamente nuestra carrera, licenciada en trabajo social, est\u00e1 muy relacionada a lo comunitario, entonces tratamos siempre de que las herramientas que vamos adquiriendo en clase despu\u00e9s llevarlas a cabo en los barrios con estas actividades de alfabetizaci\u00f3n y tambi\u00e9n en querer entrelazar redes con los vecinos porque tambi\u00e9n eso es lo fundamental\u201d.<\/p>\n<p>Por su parte <strong>Noem\u00ed Alcar\u00e1z<\/strong> cont\u00f3: \u201cEste a\u00f1o me un\u00ed, y es hermoso. Generalmente yo cre\u00e9 un v\u00ednculo m\u00e1s con las ni\u00f1eces, y es muy enriquecedor porque te cuentan un mont\u00f3n de cosas y se prenden e invitan a muchos amiguitos tambi\u00e9n a que participen cada vez que hacemos alguna actividad. Ha sido muy lindo\u2026 ellos lo que me cuentan es sobre sus v\u00ednculos afectivos, es decir, sus amistades a qui\u00e9n van conociendo\u2026 hay algunos que ya van entrando en ciertas edades, 12 o 13 a\u00f1os, y ya hablan de la noviecita. En nuestra anterior olla popular a m\u00ed me toc\u00f3 pintar caritas y fue una tarde de hacer amistades, porque vos le preguntas el nombre o quienes son, y ellos te empiezan a contar su vida, y qui\u00e9n es su amigo, con qui\u00e9n se pelearon o con qui\u00e9n no se llevan bien\u2026 y nos empiezan a conocer a todas, y nos empiezan a decir Se\u00f1o. Es como que las maestras tienen una base muy fundamental para ellos, tienen mucho cari\u00f1o hacia la profesi\u00f3n de maestra&#8221;.<\/p>\n<p><img fetchpriority=\"high\" decoding=\"async\" class=\"aligncenter wp-image-3351 size-large\" src=\"http:\/\/radio.fcejs.unsl.edu.ar\/wp-content\/uploads\/2025\/08\/WhatsApp-Image-2025-08-26-at-18.11.20-576x1024.jpeg\" alt=\"\" width=\"576\" height=\"1024\" srcset=\"https:\/\/radio.fcejs.unsl.edu.ar\/wp-content\/uploads\/2025\/08\/WhatsApp-Image-2025-08-26-at-18.11.20-576x1024.jpeg 576w, https:\/\/radio.fcejs.unsl.edu.ar\/wp-content\/uploads\/2025\/08\/WhatsApp-Image-2025-08-26-at-18.11.20-169x300.jpeg 169w, https:\/\/radio.fcejs.unsl.edu.ar\/wp-content\/uploads\/2025\/08\/WhatsApp-Image-2025-08-26-at-18.11.20-768x1366.jpeg 768w, https:\/\/radio.fcejs.unsl.edu.ar\/wp-content\/uploads\/2025\/08\/WhatsApp-Image-2025-08-26-at-18.11.20-864x1536.jpeg 864w, https:\/\/radio.fcejs.unsl.edu.ar\/wp-content\/uploads\/2025\/08\/WhatsApp-Image-2025-08-26-at-18.11.20.jpeg 899w\" sizes=\"(max-width: 576px) 100vw, 576px\" \/><\/p>\n<p>&nbsp;<\/p>\n<p>Entrevista realizada en el programa radial &#8220;La Quilla&#8221;, con Virginia Aguilera y Federico Amodey, por Radio UNSL en Villa Mercedes- 97.5 FM.<\/p>\n","protected":false},"excerpt":{"rendered":"<p>Ester Contrera, Noem\u00ed Alcar\u00e1z, Carla Cacace, y Paula Quiroga, son j\u00f3venes con vocaci\u00f3n solidaria, y vinieron a los estudios de Radio UNSL para contarnos en detalle c\u00f3mo se preparan para llevar a cabo las distintas actividades que han programado para celebrar el d\u00eda de las infancias en el Barrio Eva Per\u00f3n 3 de Villa Mercedes&#8230;.<\/p>\n","protected":false},"author":5,"featured_media":3352,"comment_status":"closed","ping_status":"closed","sticky":false,"template":"","format":"standard","meta":{"_kad_post_transparent":"default","_kad_post_title":"default","_kad_post_layout":"default","_kad_post_sidebar_id":"","_kad_post_content_style":"default","_kad_post_vertical_padding":"default","_kad_post_feature":"","_kad_post_feature_position":"","_kad_post_header":false,"_kad_post_footer":false,"_kad_post_classname":"","footnotes":""},"categories":[14],"tags":[],"class_list":["post-3350","post","type-post","status-publish","format-standard","has-post-thumbnail","hentry","category-entrevistas"],"yoast_head":"<!-- This site is optimized with the Yoast SEO plugin v27.2 - https:\/\/yoast.com\/product\/yoast-seo-wordpress\/ -->\n<title>Estudiantes universitarios festejan el d\u00eda de las infancias en el barrio - Radio Universidad Villa Mercedes 97.5 | UNSL<\/title>\n<meta name=\"robots\" content=\"index, follow, max-snippet:-1, max-image-preview:large, max-video-preview:-1\" \/>\n<link rel=\"canonical\" href=\"https:\/\/radio.fcejs.unsl.edu.ar\/index.php\/estudiantes-universitarios-festejan-el-dia-de-las-infancias-en-el-barrio\/\" \/>\n<meta property=\"og:locale\" content=\"es_ES\" \/>\n<meta property=\"og:type\" content=\"article\" \/>\n<meta property=\"og:title\" content=\"Estudiantes universitarios festejan el d\u00eda de las infancias en el barrio - Radio Universidad Villa Mercedes 97.5 | UNSL\" \/>\n<meta property=\"og:description\" content=\"Ester Contrera, Noem\u00ed Alcar\u00e1z, Carla Cacace, y Paula Quiroga, son j\u00f3venes con vocaci\u00f3n solidaria, y vinieron a los estudios de Radio UNSL para contarnos en detalle c\u00f3mo se preparan para llevar a cabo las distintas actividades que han programado para celebrar el d\u00eda de las infancias en el Barrio Eva Per\u00f3n 3 de Villa Mercedes....\" \/>\n<meta property=\"og:url\" content=\"https:\/\/radio.fcejs.unsl.edu.ar\/index.php\/estudiantes-universitarios-festejan-el-dia-de-las-infancias-en-el-barrio\/\" \/>\n<meta property=\"og:site_name\" content=\"Radio Universidad Villa Mercedes 97.5 | UNSL\" \/>\n<meta property=\"article:published_time\" content=\"2025-08-29T22:42:41+00:00\" \/>\n<meta property=\"article:modified_time\" content=\"2025-08-29T22:49:46+00:00\" \/>\n<meta property=\"og:image\" content=\"http:\/\/radio.fcejs.unsl.edu.ar\/wp-content\/uploads\/2025\/08\/Estudiantes-en-el-barrio-scaled.jpg\" \/>\n\t<meta property=\"og:image:width\" content=\"2560\" \/>\n\t<meta property=\"og:image:height\" content=\"1182\" \/>\n\t<meta property=\"og:image:type\" content=\"image\/jpeg\" \/>\n<meta name=\"author\" content=\"Virginia Aguilera\" \/>\n<meta name=\"twitter:card\" content=\"summary_large_image\" \/>\n<meta name=\"twitter:label1\" content=\"Escrito por\" \/>\n\t<meta name=\"twitter:data1\" content=\"Virginia Aguilera\" \/>\n\t<meta name=\"twitter:label2\" content=\"Tiempo de lectura\" \/>\n\t<meta name=\"twitter:data2\" content=\"4 minutos\" \/>\n<script type=\"application\/ld+json\" class=\"yoast-schema-graph\">{\"@context\":\"https:\/\/schema.org\",\"@graph\":[{\"@type\":\"Article\",\"@id\":\"https:\/\/radio.fcejs.unsl.edu.ar\/index.php\/estudiantes-universitarios-festejan-el-dia-de-las-infancias-en-el-barrio\/#article\",\"isPartOf\":{\"@id\":\"https:\/\/radio.fcejs.unsl.edu.ar\/index.php\/estudiantes-universitarios-festejan-el-dia-de-las-infancias-en-el-barrio\/\"},\"author\":{\"name\":\"Virginia Aguilera\",\"@id\":\"https:\/\/radio.fcejs.unsl.edu.ar\/#\/schema\/person\/71179a56ee499ac8cd4e46f865c627c7\"},\"headline\":\"Estudiantes universitarios festejan el d\u00eda de las infancias en el barrio\",\"datePublished\":\"2025-08-29T22:42:41+00:00\",\"dateModified\":\"2025-08-29T22:49:46+00:00\",\"mainEntityOfPage\":{\"@id\":\"https:\/\/radio.fcejs.unsl.edu.ar\/index.php\/estudiantes-universitarios-festejan-el-dia-de-las-infancias-en-el-barrio\/\"},\"wordCount\":750,\"publisher\":{\"@id\":\"https:\/\/radio.fcejs.unsl.edu.ar\/#organization\"},\"image\":{\"@id\":\"https:\/\/radio.fcejs.unsl.edu.ar\/index.php\/estudiantes-universitarios-festejan-el-dia-de-las-infancias-en-el-barrio\/#primaryimage\"},\"thumbnailUrl\":\"https:\/\/radio.fcejs.unsl.edu.ar\/wp-content\/uploads\/2025\/08\/Estudiantes-en-el-barrio-scaled.jpg\",\"articleSection\":[\"Entrevistas\"],\"inLanguage\":\"es-AR\"},{\"@type\":\"WebPage\",\"@id\":\"https:\/\/radio.fcejs.unsl.edu.ar\/index.php\/estudiantes-universitarios-festejan-el-dia-de-las-infancias-en-el-barrio\/\",\"url\":\"https:\/\/radio.fcejs.unsl.edu.ar\/index.php\/estudiantes-universitarios-festejan-el-dia-de-las-infancias-en-el-barrio\/\",\"name\":\"Estudiantes universitarios festejan el d\u00eda de las infancias en el barrio - Radio Universidad Villa Mercedes 97.5 | UNSL\",\"isPartOf\":{\"@id\":\"https:\/\/radio.fcejs.unsl.edu.ar\/#website\"},\"primaryImageOfPage\":{\"@id\":\"https:\/\/radio.fcejs.unsl.edu.ar\/index.php\/estudiantes-universitarios-festejan-el-dia-de-las-infancias-en-el-barrio\/#primaryimage\"},\"image\":{\"@id\":\"https:\/\/radio.fcejs.unsl.edu.ar\/index.php\/estudiantes-universitarios-festejan-el-dia-de-las-infancias-en-el-barrio\/#primaryimage\"},\"thumbnailUrl\":\"https:\/\/radio.fcejs.unsl.edu.ar\/wp-content\/uploads\/2025\/08\/Estudiantes-en-el-barrio-scaled.jpg\",\"datePublished\":\"2025-08-29T22:42:41+00:00\",\"dateModified\":\"2025-08-29T22:49:46+00:00\",\"breadcrumb\":{\"@id\":\"https:\/\/radio.fcejs.unsl.edu.ar\/index.php\/estudiantes-universitarios-festejan-el-dia-de-las-infancias-en-el-barrio\/#breadcrumb\"},\"inLanguage\":\"es-AR\",\"potentialAction\":[{\"@type\":\"ReadAction\",\"target\":[\"https:\/\/radio.fcejs.unsl.edu.ar\/index.php\/estudiantes-universitarios-festejan-el-dia-de-las-infancias-en-el-barrio\/\"]}]},{\"@type\":\"ImageObject\",\"inLanguage\":\"es-AR\",\"@id\":\"https:\/\/radio.fcejs.unsl.edu.ar\/index.php\/estudiantes-universitarios-festejan-el-dia-de-las-infancias-en-el-barrio\/#primaryimage\",\"url\":\"https:\/\/radio.fcejs.unsl.edu.ar\/wp-content\/uploads\/2025\/08\/Estudiantes-en-el-barrio-scaled.jpg\",\"contentUrl\":\"https:\/\/radio.fcejs.unsl.edu.ar\/wp-content\/uploads\/2025\/08\/Estudiantes-en-el-barrio-scaled.jpg\",\"width\":2560,\"height\":1182},{\"@type\":\"BreadcrumbList\",\"@id\":\"https:\/\/radio.fcejs.unsl.edu.ar\/index.php\/estudiantes-universitarios-festejan-el-dia-de-las-infancias-en-el-barrio\/#breadcrumb\",\"itemListElement\":[{\"@type\":\"ListItem\",\"position\":1,\"name\":\"Inicio\",\"item\":\"https:\/\/radio.fcejs.unsl.edu.ar\/\"},{\"@type\":\"ListItem\",\"position\":2,\"name\":\"Estudiantes universitarios festejan el d\u00eda de las infancias en el barrio\"}]},{\"@type\":\"WebSite\",\"@id\":\"https:\/\/radio.fcejs.unsl.edu.ar\/#website\",\"url\":\"https:\/\/radio.fcejs.unsl.edu.ar\/\",\"name\":\"Radio Universidad Villa Mercedes 97.5 | UNSL\",\"description\":\"UNSL\",\"publisher\":{\"@id\":\"https:\/\/radio.fcejs.unsl.edu.ar\/#organization\"},\"potentialAction\":[{\"@type\":\"SearchAction\",\"target\":{\"@type\":\"EntryPoint\",\"urlTemplate\":\"https:\/\/radio.fcejs.unsl.edu.ar\/?s={search_term_string}\"},\"query-input\":{\"@type\":\"PropertyValueSpecification\",\"valueRequired\":true,\"valueName\":\"search_term_string\"}}],\"inLanguage\":\"es-AR\"},{\"@type\":\"Organization\",\"@id\":\"https:\/\/radio.fcejs.unsl.edu.ar\/#organization\",\"name\":\"Radio Universidad Villa Mercedes 97.5 | UNSL\",\"url\":\"https:\/\/radio.fcejs.unsl.edu.ar\/\",\"logo\":{\"@type\":\"ImageObject\",\"inLanguage\":\"es-AR\",\"@id\":\"https:\/\/radio.fcejs.unsl.edu.ar\/#\/schema\/logo\/image\/\",\"url\":\"https:\/\/radio.fcejs.unsl.edu.ar\/wp-content\/uploads\/2023\/12\/cropped-radio-villa-mercedes-97-5.png\",\"contentUrl\":\"https:\/\/radio.fcejs.unsl.edu.ar\/wp-content\/uploads\/2023\/12\/cropped-radio-villa-mercedes-97-5.png\",\"width\":908,\"height\":289,\"caption\":\"Radio Universidad Villa Mercedes 97.5 | UNSL\"},\"image\":{\"@id\":\"https:\/\/radio.fcejs.unsl.edu.ar\/#\/schema\/logo\/image\/\"}},{\"@type\":\"Person\",\"@id\":\"https:\/\/radio.fcejs.unsl.edu.ar\/#\/schema\/person\/71179a56ee499ac8cd4e46f865c627c7\",\"name\":\"Virginia Aguilera\",\"url\":\"https:\/\/radio.fcejs.unsl.edu.ar\/index.php\/author\/viraguilera\/\"}]}<\/script>\n<!-- \/ Yoast SEO plugin. -->","yoast_head_json":{"title":"Estudiantes universitarios festejan el d\u00eda de las infancias en el barrio - Radio Universidad Villa Mercedes 97.5 | UNSL","robots":{"index":"index","follow":"follow","max-snippet":"max-snippet:-1","max-image-preview":"max-image-preview:large","max-video-preview":"max-video-preview:-1"},"canonical":"https:\/\/radio.fcejs.unsl.edu.ar\/index.php\/estudiantes-universitarios-festejan-el-dia-de-las-infancias-en-el-barrio\/","og_locale":"es_ES","og_type":"article","og_title":"Estudiantes universitarios festejan el d\u00eda de las infancias en el barrio - Radio Universidad Villa Mercedes 97.5 | UNSL","og_description":"Ester Contrera, Noem\u00ed Alcar\u00e1z, Carla Cacace, y Paula Quiroga, son j\u00f3venes con vocaci\u00f3n solidaria, y vinieron a los estudios de Radio UNSL para contarnos en detalle c\u00f3mo se preparan para llevar a cabo las distintas actividades que han programado para celebrar el d\u00eda de las infancias en el Barrio Eva Per\u00f3n 3 de Villa Mercedes....","og_url":"https:\/\/radio.fcejs.unsl.edu.ar\/index.php\/estudiantes-universitarios-festejan-el-dia-de-las-infancias-en-el-barrio\/","og_site_name":"Radio Universidad Villa Mercedes 97.5 | UNSL","article_published_time":"2025-08-29T22:42:41+00:00","article_modified_time":"2025-08-29T22:49:46+00:00","og_image":[{"width":2560,"height":1182,"url":"http:\/\/radio.fcejs.unsl.edu.ar\/wp-content\/uploads\/2025\/08\/Estudiantes-en-el-barrio-scaled.jpg","type":"image\/jpeg"}],"author":"Virginia Aguilera","twitter_card":"summary_large_image","twitter_misc":{"Escrito por":"Virginia Aguilera","Tiempo de lectura":"4 minutos"},"schema":{"@context":"https:\/\/schema.org","@graph":[{"@type":"Article","@id":"https:\/\/radio.fcejs.unsl.edu.ar\/index.php\/estudiantes-universitarios-festejan-el-dia-de-las-infancias-en-el-barrio\/#article","isPartOf":{"@id":"https:\/\/radio.fcejs.unsl.edu.ar\/index.php\/estudiantes-universitarios-festejan-el-dia-de-las-infancias-en-el-barrio\/"},"author":{"name":"Virginia Aguilera","@id":"https:\/\/radio.fcejs.unsl.edu.ar\/#\/schema\/person\/71179a56ee499ac8cd4e46f865c627c7"},"headline":"Estudiantes universitarios festejan el d\u00eda de las infancias en el barrio","datePublished":"2025-08-29T22:42:41+00:00","dateModified":"2025-08-29T22:49:46+00:00","mainEntityOfPage":{"@id":"https:\/\/radio.fcejs.unsl.edu.ar\/index.php\/estudiantes-universitarios-festejan-el-dia-de-las-infancias-en-el-barrio\/"},"wordCount":750,"publisher":{"@id":"https:\/\/radio.fcejs.unsl.edu.ar\/#organization"},"image":{"@id":"https:\/\/radio.fcejs.unsl.edu.ar\/index.php\/estudiantes-universitarios-festejan-el-dia-de-las-infancias-en-el-barrio\/#primaryimage"},"thumbnailUrl":"https:\/\/radio.fcejs.unsl.edu.ar\/wp-content\/uploads\/2025\/08\/Estudiantes-en-el-barrio-scaled.jpg","articleSection":["Entrevistas"],"inLanguage":"es-AR"},{"@type":"WebPage","@id":"https:\/\/radio.fcejs.unsl.edu.ar\/index.php\/estudiantes-universitarios-festejan-el-dia-de-las-infancias-en-el-barrio\/","url":"https:\/\/radio.fcejs.unsl.edu.ar\/index.php\/estudiantes-universitarios-festejan-el-dia-de-las-infancias-en-el-barrio\/","name":"Estudiantes universitarios festejan el d\u00eda de las infancias en el barrio - Radio Universidad Villa Mercedes 97.5 | UNSL","isPartOf":{"@id":"https:\/\/radio.fcejs.unsl.edu.ar\/#website"},"primaryImageOfPage":{"@id":"https:\/\/radio.fcejs.unsl.edu.ar\/index.php\/estudiantes-universitarios-festejan-el-dia-de-las-infancias-en-el-barrio\/#primaryimage"},"image":{"@id":"https:\/\/radio.fcejs.unsl.edu.ar\/index.php\/estudiantes-universitarios-festejan-el-dia-de-las-infancias-en-el-barrio\/#primaryimage"},"thumbnailUrl":"https:\/\/radio.fcejs.unsl.edu.ar\/wp-content\/uploads\/2025\/08\/Estudiantes-en-el-barrio-scaled.jpg","datePublished":"2025-08-29T22:42:41+00:00","dateModified":"2025-08-29T22:49:46+00:00","breadcrumb":{"@id":"https:\/\/radio.fcejs.unsl.edu.ar\/index.php\/estudiantes-universitarios-festejan-el-dia-de-las-infancias-en-el-barrio\/#breadcrumb"},"inLanguage":"es-AR","potentialAction":[{"@type":"ReadAction","target":["https:\/\/radio.fcejs.unsl.edu.ar\/index.php\/estudiantes-universitarios-festejan-el-dia-de-las-infancias-en-el-barrio\/"]}]},{"@type":"ImageObject","inLanguage":"es-AR","@id":"https:\/\/radio.fcejs.unsl.edu.ar\/index.php\/estudiantes-universitarios-festejan-el-dia-de-las-infancias-en-el-barrio\/#primaryimage","url":"https:\/\/radio.fcejs.unsl.edu.ar\/wp-content\/uploads\/2025\/08\/Estudiantes-en-el-barrio-scaled.jpg","contentUrl":"https:\/\/radio.fcejs.unsl.edu.ar\/wp-content\/uploads\/2025\/08\/Estudiantes-en-el-barrio-scaled.jpg","width":2560,"height":1182},{"@type":"BreadcrumbList","@id":"https:\/\/radio.fcejs.unsl.edu.ar\/index.php\/estudiantes-universitarios-festejan-el-dia-de-las-infancias-en-el-barrio\/#breadcrumb","itemListElement":[{"@type":"ListItem","position":1,"name":"Inicio","item":"https:\/\/radio.fcejs.unsl.edu.ar\/"},{"@type":"ListItem","position":2,"name":"Estudiantes universitarios festejan el d\u00eda de las infancias en el barrio"}]},{"@type":"WebSite","@id":"https:\/\/radio.fcejs.unsl.edu.ar\/#website","url":"https:\/\/radio.fcejs.unsl.edu.ar\/","name":"Radio Universidad Villa Mercedes 97.5 | UNSL","description":"UNSL","publisher":{"@id":"https:\/\/radio.fcejs.unsl.edu.ar\/#organization"},"potentialAction":[{"@type":"SearchAction","target":{"@type":"EntryPoint","urlTemplate":"https:\/\/radio.fcejs.unsl.edu.ar\/?s={search_term_string}"},"query-input":{"@type":"PropertyValueSpecification","valueRequired":true,"valueName":"search_term_string"}}],"inLanguage":"es-AR"},{"@type":"Organization","@id":"https:\/\/radio.fcejs.unsl.edu.ar\/#organization","name":"Radio Universidad Villa Mercedes 97.5 | UNSL","url":"https:\/\/radio.fcejs.unsl.edu.ar\/","logo":{"@type":"ImageObject","inLanguage":"es-AR","@id":"https:\/\/radio.fcejs.unsl.edu.ar\/#\/schema\/logo\/image\/","url":"https:\/\/radio.fcejs.unsl.edu.ar\/wp-content\/uploads\/2023\/12\/cropped-radio-villa-mercedes-97-5.png","contentUrl":"https:\/\/radio.fcejs.unsl.edu.ar\/wp-content\/uploads\/2023\/12\/cropped-radio-villa-mercedes-97-5.png","width":908,"height":289,"caption":"Radio Universidad Villa Mercedes 97.5 | UNSL"},"image":{"@id":"https:\/\/radio.fcejs.unsl.edu.ar\/#\/schema\/logo\/image\/"}},{"@type":"Person","@id":"https:\/\/radio.fcejs.unsl.edu.ar\/#\/schema\/person\/71179a56ee499ac8cd4e46f865c627c7","name":"Virginia Aguilera","url":"https:\/\/radio.fcejs.unsl.edu.ar\/index.php\/author\/viraguilera\/"}]}},"_links":{"self":[{"href":"https:\/\/radio.fcejs.unsl.edu.ar\/index.php\/wp-json\/wp\/v2\/posts\/3350","targetHints":{"allow":["GET"]}}],"collection":[{"href":"https:\/\/radio.fcejs.unsl.edu.ar\/index.php\/wp-json\/wp\/v2\/posts"}],"about":[{"href":"https:\/\/radio.fcejs.unsl.edu.ar\/index.php\/wp-json\/wp\/v2\/types\/post"}],"author":[{"embeddable":true,"href":"https:\/\/radio.fcejs.unsl.edu.ar\/index.php\/wp-json\/wp\/v2\/users\/5"}],"replies":[{"embeddable":true,"href":"https:\/\/radio.fcejs.unsl.edu.ar\/index.php\/wp-json\/wp\/v2\/comments?post=3350"}],"version-history":[{"count":3,"href":"https:\/\/radio.fcejs.unsl.edu.ar\/index.php\/wp-json\/wp\/v2\/posts\/3350\/revisions"}],"predecessor-version":[{"id":3354,"href":"https:\/\/radio.fcejs.unsl.edu.ar\/index.php\/wp-json\/wp\/v2\/posts\/3350\/revisions\/3354"}],"wp:featuredmedia":[{"embeddable":true,"href":"https:\/\/radio.fcejs.unsl.edu.ar\/index.php\/wp-json\/wp\/v2\/media\/3352"}],"wp:attachment":[{"href":"https:\/\/radio.fcejs.unsl.edu.ar\/index.php\/wp-json\/wp\/v2\/media?parent=3350"}],"wp:term":[{"taxonomy":"category","embeddable":true,"href":"https:\/\/radio.fcejs.unsl.edu.ar\/index.php\/wp-json\/wp\/v2\/categories?post=3350"},{"taxonomy":"post_tag","embeddable":true,"href":"https:\/\/radio.fcejs.unsl.edu.ar\/index.php\/wp-json\/wp\/v2\/tags?post=3350"}],"curies":[{"name":"wp","href":"https:\/\/api.w.org\/{rel}","templated":true}]}}