{"id":3205,"date":"2025-08-07T18:27:42","date_gmt":"2025-08-07T21:27:42","guid":{"rendered":"https:\/\/radio.fcejs.unsl.edu.ar\/?p=3205"},"modified":"2025-08-07T18:29:01","modified_gmt":"2025-08-07T21:29:01","slug":"un-taller-que-nos-convoca-a-todos-el-proximo-14-de-agosto-se-llevara-a-cabo-el-taller-de-capacitacion-sobre-mapeo-colectivo-de-la-situacion-socioambiental-de-la-provincia-de-san-luis-y-zonas","status":"publish","type":"post","link":"https:\/\/radio.fcejs.unsl.edu.ar\/index.php\/un-taller-que-nos-convoca-a-todos-el-proximo-14-de-agosto-se-llevara-a-cabo-el-taller-de-capacitacion-sobre-mapeo-colectivo-de-la-situacion-socioambiental-de-la-provincia-de-san-luis-y-zonas\/","title":{"rendered":"Un taller que nos convoca a todos el pr\u00f3ximo 14 de agosto: \u201cCapacitaci\u00f3n sobre Mapeo colectivo de la situaci\u00f3n socioambiental de la Provincia de San Luis y zonas de Influencias\u201d."},"content":{"rendered":"<p>Dialogamos con la Dra. Mar\u00eda Bel\u00e9n Sender, docente e investigadora en la FTU de la UNSL. En una charla amena y distendida la Dra. nos brind\u00f3 detalles acerca del <strong><u>\u201cTaller de capacitaci\u00f3n sobre Mapeo colectivo de la situaci\u00f3n socioambiental de la Provincia de San Luis y zonas de Influencias\u201d que se llevar\u00e1 a cabo el pr\u00f3ximo 14 de agosto en el campus UNSL de Villa Mercedes.<\/u><\/strong>\u00a0La capacitaci\u00f3n tendr\u00e1 lugar en el aula 18 en el horario de 9 a 13hs.<\/p>\n<p><u>Sobre la actividad la docente dijo<\/u>: \u201cEs un taller que venimos desarrollando en el marco de un proyecto que se llama Cartograf\u00eda de conflictos y problem\u00e1ticas socioambientales que est\u00e1 enmarcado en el PITSA, que es Programa Institucional que aborda las cuestiones socioambientales en la Universidad Nacional de San Luis. El PITSA tiene varios ejes de trabajo dentro y fuera de la Instituci\u00f3n, y uno de ellos es este proyecto de Cartograf\u00eda Socioambiental\u201d.<\/p>\n<p><u>Sender explic\u00f3 a adem\u00e1s que actualmente han puesto a disposici\u00f3n una herramienta en su p\u00e1gina web de gran valor para conocer y poder visualizar de mejor manera los problemas socioambientales del territorio provincial:<\/u> \u201cLa Cartograf\u00eda es una herramienta que hemos desarrollado un equipo dentro del PITSA que est\u00e1 disponible hoy por hoy en la p\u00e1gina web de PITSA. Es una herramienta interactiva, abierta a todo p\u00fablico donde cualquier persona puede informar un caso del alg\u00fan conflicto o problem\u00e1tica socioambiental que reconozca en el lugar donde vive o frecuenta, y directamente a trav\u00e9s de un formulario lo carga describiendo ciertas caracter\u00edsticas que se solicitan, y luego de un proceso de jurado ese caso es visibilizado en un mapa que hoy por hoy cualquier persona puede ver tambi\u00e9n en la p\u00e1gina de PITSA, en el apartado de Cartograf\u00eda\u201d<\/p>\n<p><u>Sobre el prop\u00f3sito del taller, la investigadora dijo:<\/u> \u201cel objetivo del taller de este jueves, as\u00ed como ya lo hemos desarrollado en las otras sedes de la Universidad Nacional de San Luis, en Merlo y en San Luis capital, es poner a disposici\u00f3n esta herramienta, darla a conocer, ponerla a prueba, y tambi\u00e9n brindar el espacio para que sugieran, cualquier tipo de observaci\u00f3n a cerca del uso de esta herramienta. A toda la comunidad universitaria, pero tambi\u00e9n en particular a toda la comunidad, en este caso de Villa Mercedes, porque nos interesa que justamente esta herramienta est\u00e9 a la mano de cualquier persona que necesite informar un caso\u201d.<\/p>\n<p><u>Sobre la importancia de contar con la informaci\u00f3n que se pueda recabar con esta herramienta de Cartograf\u00eda, Sender agreg\u00f3<\/u>: \u201c\u2026con la informaci\u00f3n visible, de all\u00ed se pueden desprender muchas acciones que son muy importantes. Pueden desprenderse acciones de investigaci\u00f3n, proyectos de extensi\u00f3n, o puede tambi\u00e9n servirles a las personas involucradas en instituciones con poder de toma de decisi\u00f3n de incrementar acciones en relaci\u00f3n a estos casos y que puedan colaborar con la soluci\u00f3n o el abordaje de estas problem\u00e1ticas. Siempre uno debe empezar en estos procesos porque la informaci\u00f3n est\u00e9 disponible, que sea visibilizada, y de all\u00ed las acciones pueden ser m\u00faltiples\u201d<\/p>\n<p>Escucha todos los detalles de la entrevista realizada a la Dra. Mar\u00eda Bel\u00e9n Sender, en el programa \u201cLa Quilla\u201d, en el siguiente audio:<\/p>\n<audio class=\"wp-audio-shortcode\" id=\"audio-3205-1\" preload=\"none\" style=\"width: 100%;\" controls=\"controls\"><source type=\"audio\/mpeg\" src=\"https:\/\/radioupload.fica.unsl.edu.ar\/files\/jb\/MARIA%20BELEN%20SENDER.mp3?_=1\" \/><a href=\"https:\/\/radioupload.fica.unsl.edu.ar\/files\/jb\/MARIA%20BELEN%20SENDER.mp3\">https:\/\/radioupload.fica.unsl.edu.ar\/files\/jb\/MARIA%20BELEN%20SENDER.mp3<\/a><\/audio>\n<p>Para conocer m\u00e1s sobre el programa y sobras las actividades que se realizan desde el PITSA podes ingresar a su p\u00e1gina web en el siguiente link:<\/p>\n<p><a href=\"https:\/\/pitsa.unsl.edu.ar\/\">https:\/\/pitsa.unsl.edu.ar\/<\/a><\/p>\n<p><img fetchpriority=\"high\" decoding=\"async\" class=\"aligncenter wp-image-3207 size-large\" src=\"http:\/\/radio.fcejs.unsl.edu.ar\/wp-content\/uploads\/2025\/08\/WhatsApp-Image-2025-07-31-at-08.26.56-1-819x1024.jpeg\" alt=\"\" width=\"819\" height=\"1024\" srcset=\"https:\/\/radio.fcejs.unsl.edu.ar\/wp-content\/uploads\/2025\/08\/WhatsApp-Image-2025-07-31-at-08.26.56-1-819x1024.jpeg 819w, https:\/\/radio.fcejs.unsl.edu.ar\/wp-content\/uploads\/2025\/08\/WhatsApp-Image-2025-07-31-at-08.26.56-1-240x300.jpeg 240w, https:\/\/radio.fcejs.unsl.edu.ar\/wp-content\/uploads\/2025\/08\/WhatsApp-Image-2025-07-31-at-08.26.56-1-768x960.jpeg 768w, https:\/\/radio.fcejs.unsl.edu.ar\/wp-content\/uploads\/2025\/08\/WhatsApp-Image-2025-07-31-at-08.26.56-1.jpeg 1080w\" sizes=\"(max-width: 819px) 100vw, 819px\" \/><\/p>\n<p>&nbsp;<\/p>\n<p style=\"text-align: justify\"><strong><span style=\"font-size: 13.0pt;font-family: 'Segoe UI',sans-serif;color: #2d3748;background: white\">Entrevista realizada por Virginia Aguilera- Radio UNSL en Villa Mercedes 97.5 FM- radio.fcejs.unsl.edu.ar\u00a0 \u00a0.-.-.-.<\/span><\/strong><\/p>\n<p>&nbsp;<\/p>\n","protected":false},"excerpt":{"rendered":"<p>Dialogamos con la Dra. Mar\u00eda Bel\u00e9n Sender, docente e investigadora en la FTU de la UNSL. En una charla amena y distendida la Dra. nos brind\u00f3 detalles acerca del \u201cTaller de capacitaci\u00f3n sobre Mapeo colectivo de la situaci\u00f3n socioambiental de la Provincia de San Luis y zonas de Influencias\u201d que se llevar\u00e1 a cabo el&#8230;<\/p>\n","protected":false},"author":5,"featured_media":3207,"comment_status":"closed","ping_status":"closed","sticky":false,"template":"","format":"standard","meta":{"_kad_post_transparent":"default","_kad_post_title":"default","_kad_post_layout":"default","_kad_post_sidebar_id":"","_kad_post_content_style":"default","_kad_post_vertical_padding":"default","_kad_post_feature":"","_kad_post_feature_position":"","_kad_post_header":false,"_kad_post_footer":false,"_kad_post_classname":"","footnotes":""},"categories":[14],"tags":[],"class_list":["post-3205","post","type-post","status-publish","format-standard","has-post-thumbnail","hentry","category-entrevistas"],"yoast_head":"<!-- This site is optimized with the Yoast SEO plugin v27.2 - https:\/\/yoast.com\/product\/yoast-seo-wordpress\/ -->\n<title>Un taller que nos convoca a todos el pr\u00f3ximo 14 de agosto: \u201cCapacitaci\u00f3n sobre Mapeo colectivo de la situaci\u00f3n socioambiental de la Provincia de San Luis y zonas de Influencias\u201d. - Radio Universidad Villa Mercedes 97.5 | UNSL<\/title>\n<meta name=\"robots\" content=\"index, follow, max-snippet:-1, max-image-preview:large, max-video-preview:-1\" \/>\n<link rel=\"canonical\" href=\"https:\/\/radio.fcejs.unsl.edu.ar\/index.php\/un-taller-que-nos-convoca-a-todos-el-proximo-14-de-agosto-se-llevara-a-cabo-el-taller-de-capacitacion-sobre-mapeo-colectivo-de-la-situacion-socioambiental-de-la-provincia-de-san-luis-y-zonas\/\" \/>\n<meta property=\"og:locale\" content=\"es_ES\" \/>\n<meta property=\"og:type\" content=\"article\" \/>\n<meta property=\"og:title\" content=\"Un taller que nos convoca a todos el pr\u00f3ximo 14 de agosto: \u201cCapacitaci\u00f3n sobre Mapeo colectivo de la situaci\u00f3n socioambiental de la Provincia de San Luis y zonas de Influencias\u201d. - Radio Universidad Villa Mercedes 97.5 | UNSL\" \/>\n<meta property=\"og:description\" content=\"Dialogamos con la Dra. Mar\u00eda Bel\u00e9n Sender, docente e investigadora en la FTU de la UNSL. En una charla amena y distendida la Dra. nos brind\u00f3 detalles acerca del \u201cTaller de capacitaci\u00f3n sobre Mapeo colectivo de la situaci\u00f3n socioambiental de la Provincia de San Luis y zonas de Influencias\u201d que se llevar\u00e1 a cabo el...\" \/>\n<meta property=\"og:url\" content=\"https:\/\/radio.fcejs.unsl.edu.ar\/index.php\/un-taller-que-nos-convoca-a-todos-el-proximo-14-de-agosto-se-llevara-a-cabo-el-taller-de-capacitacion-sobre-mapeo-colectivo-de-la-situacion-socioambiental-de-la-provincia-de-san-luis-y-zonas\/\" \/>\n<meta property=\"og:site_name\" content=\"Radio Universidad Villa Mercedes 97.5 | UNSL\" \/>\n<meta property=\"article:published_time\" content=\"2025-08-07T21:27:42+00:00\" \/>\n<meta property=\"article:modified_time\" content=\"2025-08-07T21:29:01+00:00\" \/>\n<meta property=\"og:image\" content=\"http:\/\/radio.fcejs.unsl.edu.ar\/wp-content\/uploads\/2025\/08\/WhatsApp-Image-2025-07-31-at-08.26.56-1.jpeg\" \/>\n\t<meta property=\"og:image:width\" content=\"1080\" \/>\n\t<meta property=\"og:image:height\" content=\"1350\" \/>\n\t<meta property=\"og:image:type\" content=\"image\/jpeg\" \/>\n<meta name=\"author\" content=\"Virginia Aguilera\" \/>\n<meta name=\"twitter:card\" content=\"summary_large_image\" \/>\n<meta name=\"twitter:label1\" content=\"Escrito por\" \/>\n\t<meta name=\"twitter:data1\" content=\"Virginia Aguilera\" \/>\n\t<meta name=\"twitter:label2\" content=\"Tiempo de lectura\" \/>\n\t<meta name=\"twitter:data2\" content=\"3 minutos\" \/>\n<script type=\"application\/ld+json\" class=\"yoast-schema-graph\">{\"@context\":\"https:\/\/schema.org\",\"@graph\":[{\"@type\":\"Article\",\"@id\":\"https:\/\/radio.fcejs.unsl.edu.ar\/index.php\/un-taller-que-nos-convoca-a-todos-el-proximo-14-de-agosto-se-llevara-a-cabo-el-taller-de-capacitacion-sobre-mapeo-colectivo-de-la-situacion-socioambiental-de-la-provincia-de-san-luis-y-zonas\/#article\",\"isPartOf\":{\"@id\":\"https:\/\/radio.fcejs.unsl.edu.ar\/index.php\/un-taller-que-nos-convoca-a-todos-el-proximo-14-de-agosto-se-llevara-a-cabo-el-taller-de-capacitacion-sobre-mapeo-colectivo-de-la-situacion-socioambiental-de-la-provincia-de-san-luis-y-zonas\/\"},\"author\":{\"name\":\"Virginia Aguilera\",\"@id\":\"https:\/\/radio.fcejs.unsl.edu.ar\/#\/schema\/person\/71179a56ee499ac8cd4e46f865c627c7\"},\"headline\":\"Un taller que nos convoca a todos el pr\u00f3ximo 14 de agosto: \u201cCapacitaci\u00f3n sobre Mapeo colectivo de la situaci\u00f3n socioambiental de la Provincia de San Luis y zonas de Influencias\u201d.\",\"datePublished\":\"2025-08-07T21:27:42+00:00\",\"dateModified\":\"2025-08-07T21:29:01+00:00\",\"mainEntityOfPage\":{\"@id\":\"https:\/\/radio.fcejs.unsl.edu.ar\/index.php\/un-taller-que-nos-convoca-a-todos-el-proximo-14-de-agosto-se-llevara-a-cabo-el-taller-de-capacitacion-sobre-mapeo-colectivo-de-la-situacion-socioambiental-de-la-provincia-de-san-luis-y-zonas\/\"},\"wordCount\":661,\"publisher\":{\"@id\":\"https:\/\/radio.fcejs.unsl.edu.ar\/#organization\"},\"image\":{\"@id\":\"https:\/\/radio.fcejs.unsl.edu.ar\/index.php\/un-taller-que-nos-convoca-a-todos-el-proximo-14-de-agosto-se-llevara-a-cabo-el-taller-de-capacitacion-sobre-mapeo-colectivo-de-la-situacion-socioambiental-de-la-provincia-de-san-luis-y-zonas\/#primaryimage\"},\"thumbnailUrl\":\"https:\/\/radio.fcejs.unsl.edu.ar\/wp-content\/uploads\/2025\/08\/WhatsApp-Image-2025-07-31-at-08.26.56-1.jpeg\",\"articleSection\":[\"Entrevistas\"],\"inLanguage\":\"es-AR\"},{\"@type\":\"WebPage\",\"@id\":\"https:\/\/radio.fcejs.unsl.edu.ar\/index.php\/un-taller-que-nos-convoca-a-todos-el-proximo-14-de-agosto-se-llevara-a-cabo-el-taller-de-capacitacion-sobre-mapeo-colectivo-de-la-situacion-socioambiental-de-la-provincia-de-san-luis-y-zonas\/\",\"url\":\"https:\/\/radio.fcejs.unsl.edu.ar\/index.php\/un-taller-que-nos-convoca-a-todos-el-proximo-14-de-agosto-se-llevara-a-cabo-el-taller-de-capacitacion-sobre-mapeo-colectivo-de-la-situacion-socioambiental-de-la-provincia-de-san-luis-y-zonas\/\",\"name\":\"Un taller que nos convoca a todos el pr\u00f3ximo 14 de agosto: \u201cCapacitaci\u00f3n sobre Mapeo colectivo de la situaci\u00f3n socioambiental de la Provincia de San Luis y zonas de Influencias\u201d. - Radio Universidad Villa Mercedes 97.5 | UNSL\",\"isPartOf\":{\"@id\":\"https:\/\/radio.fcejs.unsl.edu.ar\/#website\"},\"primaryImageOfPage\":{\"@id\":\"https:\/\/radio.fcejs.unsl.edu.ar\/index.php\/un-taller-que-nos-convoca-a-todos-el-proximo-14-de-agosto-se-llevara-a-cabo-el-taller-de-capacitacion-sobre-mapeo-colectivo-de-la-situacion-socioambiental-de-la-provincia-de-san-luis-y-zonas\/#primaryimage\"},\"image\":{\"@id\":\"https:\/\/radio.fcejs.unsl.edu.ar\/index.php\/un-taller-que-nos-convoca-a-todos-el-proximo-14-de-agosto-se-llevara-a-cabo-el-taller-de-capacitacion-sobre-mapeo-colectivo-de-la-situacion-socioambiental-de-la-provincia-de-san-luis-y-zonas\/#primaryimage\"},\"thumbnailUrl\":\"https:\/\/radio.fcejs.unsl.edu.ar\/wp-content\/uploads\/2025\/08\/WhatsApp-Image-2025-07-31-at-08.26.56-1.jpeg\",\"datePublished\":\"2025-08-07T21:27:42+00:00\",\"dateModified\":\"2025-08-07T21:29:01+00:00\",\"breadcrumb\":{\"@id\":\"https:\/\/radio.fcejs.unsl.edu.ar\/index.php\/un-taller-que-nos-convoca-a-todos-el-proximo-14-de-agosto-se-llevara-a-cabo-el-taller-de-capacitacion-sobre-mapeo-colectivo-de-la-situacion-socioambiental-de-la-provincia-de-san-luis-y-zonas\/#breadcrumb\"},\"inLanguage\":\"es-AR\",\"potentialAction\":[{\"@type\":\"ReadAction\",\"target\":[\"https:\/\/radio.fcejs.unsl.edu.ar\/index.php\/un-taller-que-nos-convoca-a-todos-el-proximo-14-de-agosto-se-llevara-a-cabo-el-taller-de-capacitacion-sobre-mapeo-colectivo-de-la-situacion-socioambiental-de-la-provincia-de-san-luis-y-zonas\/\"]}]},{\"@type\":\"ImageObject\",\"inLanguage\":\"es-AR\",\"@id\":\"https:\/\/radio.fcejs.unsl.edu.ar\/index.php\/un-taller-que-nos-convoca-a-todos-el-proximo-14-de-agosto-se-llevara-a-cabo-el-taller-de-capacitacion-sobre-mapeo-colectivo-de-la-situacion-socioambiental-de-la-provincia-de-san-luis-y-zonas\/#primaryimage\",\"url\":\"https:\/\/radio.fcejs.unsl.edu.ar\/wp-content\/uploads\/2025\/08\/WhatsApp-Image-2025-07-31-at-08.26.56-1.jpeg\",\"contentUrl\":\"https:\/\/radio.fcejs.unsl.edu.ar\/wp-content\/uploads\/2025\/08\/WhatsApp-Image-2025-07-31-at-08.26.56-1.jpeg\",\"width\":1080,\"height\":1350},{\"@type\":\"BreadcrumbList\",\"@id\":\"https:\/\/radio.fcejs.unsl.edu.ar\/index.php\/un-taller-que-nos-convoca-a-todos-el-proximo-14-de-agosto-se-llevara-a-cabo-el-taller-de-capacitacion-sobre-mapeo-colectivo-de-la-situacion-socioambiental-de-la-provincia-de-san-luis-y-zonas\/#breadcrumb\",\"itemListElement\":[{\"@type\":\"ListItem\",\"position\":1,\"name\":\"Inicio\",\"item\":\"https:\/\/radio.fcejs.unsl.edu.ar\/\"},{\"@type\":\"ListItem\",\"position\":2,\"name\":\"Un taller que nos convoca a todos el pr\u00f3ximo 14 de agosto: \u201cCapacitaci\u00f3n sobre Mapeo colectivo de la situaci\u00f3n socioambiental de la Provincia de San Luis y zonas de Influencias\u201d.\"}]},{\"@type\":\"WebSite\",\"@id\":\"https:\/\/radio.fcejs.unsl.edu.ar\/#website\",\"url\":\"https:\/\/radio.fcejs.unsl.edu.ar\/\",\"name\":\"Radio Universidad Villa Mercedes 97.5 | UNSL\",\"description\":\"UNSL\",\"publisher\":{\"@id\":\"https:\/\/radio.fcejs.unsl.edu.ar\/#organization\"},\"potentialAction\":[{\"@type\":\"SearchAction\",\"target\":{\"@type\":\"EntryPoint\",\"urlTemplate\":\"https:\/\/radio.fcejs.unsl.edu.ar\/?s={search_term_string}\"},\"query-input\":{\"@type\":\"PropertyValueSpecification\",\"valueRequired\":true,\"valueName\":\"search_term_string\"}}],\"inLanguage\":\"es-AR\"},{\"@type\":\"Organization\",\"@id\":\"https:\/\/radio.fcejs.unsl.edu.ar\/#organization\",\"name\":\"Radio Universidad Villa Mercedes 97.5 | UNSL\",\"url\":\"https:\/\/radio.fcejs.unsl.edu.ar\/\",\"logo\":{\"@type\":\"ImageObject\",\"inLanguage\":\"es-AR\",\"@id\":\"https:\/\/radio.fcejs.unsl.edu.ar\/#\/schema\/logo\/image\/\",\"url\":\"https:\/\/radio.fcejs.unsl.edu.ar\/wp-content\/uploads\/2023\/12\/cropped-radio-villa-mercedes-97-5.png\",\"contentUrl\":\"https:\/\/radio.fcejs.unsl.edu.ar\/wp-content\/uploads\/2023\/12\/cropped-radio-villa-mercedes-97-5.png\",\"width\":908,\"height\":289,\"caption\":\"Radio Universidad Villa Mercedes 97.5 | UNSL\"},\"image\":{\"@id\":\"https:\/\/radio.fcejs.unsl.edu.ar\/#\/schema\/logo\/image\/\"}},{\"@type\":\"Person\",\"@id\":\"https:\/\/radio.fcejs.unsl.edu.ar\/#\/schema\/person\/71179a56ee499ac8cd4e46f865c627c7\",\"name\":\"Virginia Aguilera\",\"url\":\"https:\/\/radio.fcejs.unsl.edu.ar\/index.php\/author\/viraguilera\/\"}]}<\/script>\n<!-- \/ Yoast SEO plugin. -->","yoast_head_json":{"title":"Un taller que nos convoca a todos el pr\u00f3ximo 14 de agosto: \u201cCapacitaci\u00f3n sobre Mapeo colectivo de la situaci\u00f3n socioambiental de la Provincia de San Luis y zonas de Influencias\u201d. - Radio Universidad Villa Mercedes 97.5 | UNSL","robots":{"index":"index","follow":"follow","max-snippet":"max-snippet:-1","max-image-preview":"max-image-preview:large","max-video-preview":"max-video-preview:-1"},"canonical":"https:\/\/radio.fcejs.unsl.edu.ar\/index.php\/un-taller-que-nos-convoca-a-todos-el-proximo-14-de-agosto-se-llevara-a-cabo-el-taller-de-capacitacion-sobre-mapeo-colectivo-de-la-situacion-socioambiental-de-la-provincia-de-san-luis-y-zonas\/","og_locale":"es_ES","og_type":"article","og_title":"Un taller que nos convoca a todos el pr\u00f3ximo 14 de agosto: \u201cCapacitaci\u00f3n sobre Mapeo colectivo de la situaci\u00f3n socioambiental de la Provincia de San Luis y zonas de Influencias\u201d. - Radio Universidad Villa Mercedes 97.5 | UNSL","og_description":"Dialogamos con la Dra. Mar\u00eda Bel\u00e9n Sender, docente e investigadora en la FTU de la UNSL. En una charla amena y distendida la Dra. nos brind\u00f3 detalles acerca del \u201cTaller de capacitaci\u00f3n sobre Mapeo colectivo de la situaci\u00f3n socioambiental de la Provincia de San Luis y zonas de Influencias\u201d que se llevar\u00e1 a cabo el...","og_url":"https:\/\/radio.fcejs.unsl.edu.ar\/index.php\/un-taller-que-nos-convoca-a-todos-el-proximo-14-de-agosto-se-llevara-a-cabo-el-taller-de-capacitacion-sobre-mapeo-colectivo-de-la-situacion-socioambiental-de-la-provincia-de-san-luis-y-zonas\/","og_site_name":"Radio Universidad Villa Mercedes 97.5 | UNSL","article_published_time":"2025-08-07T21:27:42+00:00","article_modified_time":"2025-08-07T21:29:01+00:00","og_image":[{"width":1080,"height":1350,"url":"http:\/\/radio.fcejs.unsl.edu.ar\/wp-content\/uploads\/2025\/08\/WhatsApp-Image-2025-07-31-at-08.26.56-1.jpeg","type":"image\/jpeg"}],"author":"Virginia Aguilera","twitter_card":"summary_large_image","twitter_misc":{"Escrito por":"Virginia Aguilera","Tiempo de lectura":"3 minutos"},"schema":{"@context":"https:\/\/schema.org","@graph":[{"@type":"Article","@id":"https:\/\/radio.fcejs.unsl.edu.ar\/index.php\/un-taller-que-nos-convoca-a-todos-el-proximo-14-de-agosto-se-llevara-a-cabo-el-taller-de-capacitacion-sobre-mapeo-colectivo-de-la-situacion-socioambiental-de-la-provincia-de-san-luis-y-zonas\/#article","isPartOf":{"@id":"https:\/\/radio.fcejs.unsl.edu.ar\/index.php\/un-taller-que-nos-convoca-a-todos-el-proximo-14-de-agosto-se-llevara-a-cabo-el-taller-de-capacitacion-sobre-mapeo-colectivo-de-la-situacion-socioambiental-de-la-provincia-de-san-luis-y-zonas\/"},"author":{"name":"Virginia Aguilera","@id":"https:\/\/radio.fcejs.unsl.edu.ar\/#\/schema\/person\/71179a56ee499ac8cd4e46f865c627c7"},"headline":"Un taller que nos convoca a todos el pr\u00f3ximo 14 de agosto: \u201cCapacitaci\u00f3n sobre Mapeo colectivo de la situaci\u00f3n socioambiental de la Provincia de San Luis y zonas de Influencias\u201d.","datePublished":"2025-08-07T21:27:42+00:00","dateModified":"2025-08-07T21:29:01+00:00","mainEntityOfPage":{"@id":"https:\/\/radio.fcejs.unsl.edu.ar\/index.php\/un-taller-que-nos-convoca-a-todos-el-proximo-14-de-agosto-se-llevara-a-cabo-el-taller-de-capacitacion-sobre-mapeo-colectivo-de-la-situacion-socioambiental-de-la-provincia-de-san-luis-y-zonas\/"},"wordCount":661,"publisher":{"@id":"https:\/\/radio.fcejs.unsl.edu.ar\/#organization"},"image":{"@id":"https:\/\/radio.fcejs.unsl.edu.ar\/index.php\/un-taller-que-nos-convoca-a-todos-el-proximo-14-de-agosto-se-llevara-a-cabo-el-taller-de-capacitacion-sobre-mapeo-colectivo-de-la-situacion-socioambiental-de-la-provincia-de-san-luis-y-zonas\/#primaryimage"},"thumbnailUrl":"https:\/\/radio.fcejs.unsl.edu.ar\/wp-content\/uploads\/2025\/08\/WhatsApp-Image-2025-07-31-at-08.26.56-1.jpeg","articleSection":["Entrevistas"],"inLanguage":"es-AR"},{"@type":"WebPage","@id":"https:\/\/radio.fcejs.unsl.edu.ar\/index.php\/un-taller-que-nos-convoca-a-todos-el-proximo-14-de-agosto-se-llevara-a-cabo-el-taller-de-capacitacion-sobre-mapeo-colectivo-de-la-situacion-socioambiental-de-la-provincia-de-san-luis-y-zonas\/","url":"https:\/\/radio.fcejs.unsl.edu.ar\/index.php\/un-taller-que-nos-convoca-a-todos-el-proximo-14-de-agosto-se-llevara-a-cabo-el-taller-de-capacitacion-sobre-mapeo-colectivo-de-la-situacion-socioambiental-de-la-provincia-de-san-luis-y-zonas\/","name":"Un taller que nos convoca a todos el pr\u00f3ximo 14 de agosto: \u201cCapacitaci\u00f3n sobre Mapeo colectivo de la situaci\u00f3n socioambiental de la Provincia de San Luis y zonas de Influencias\u201d. - Radio Universidad Villa Mercedes 97.5 | UNSL","isPartOf":{"@id":"https:\/\/radio.fcejs.unsl.edu.ar\/#website"},"primaryImageOfPage":{"@id":"https:\/\/radio.fcejs.unsl.edu.ar\/index.php\/un-taller-que-nos-convoca-a-todos-el-proximo-14-de-agosto-se-llevara-a-cabo-el-taller-de-capacitacion-sobre-mapeo-colectivo-de-la-situacion-socioambiental-de-la-provincia-de-san-luis-y-zonas\/#primaryimage"},"image":{"@id":"https:\/\/radio.fcejs.unsl.edu.ar\/index.php\/un-taller-que-nos-convoca-a-todos-el-proximo-14-de-agosto-se-llevara-a-cabo-el-taller-de-capacitacion-sobre-mapeo-colectivo-de-la-situacion-socioambiental-de-la-provincia-de-san-luis-y-zonas\/#primaryimage"},"thumbnailUrl":"https:\/\/radio.fcejs.unsl.edu.ar\/wp-content\/uploads\/2025\/08\/WhatsApp-Image-2025-07-31-at-08.26.56-1.jpeg","datePublished":"2025-08-07T21:27:42+00:00","dateModified":"2025-08-07T21:29:01+00:00","breadcrumb":{"@id":"https:\/\/radio.fcejs.unsl.edu.ar\/index.php\/un-taller-que-nos-convoca-a-todos-el-proximo-14-de-agosto-se-llevara-a-cabo-el-taller-de-capacitacion-sobre-mapeo-colectivo-de-la-situacion-socioambiental-de-la-provincia-de-san-luis-y-zonas\/#breadcrumb"},"inLanguage":"es-AR","potentialAction":[{"@type":"ReadAction","target":["https:\/\/radio.fcejs.unsl.edu.ar\/index.php\/un-taller-que-nos-convoca-a-todos-el-proximo-14-de-agosto-se-llevara-a-cabo-el-taller-de-capacitacion-sobre-mapeo-colectivo-de-la-situacion-socioambiental-de-la-provincia-de-san-luis-y-zonas\/"]}]},{"@type":"ImageObject","inLanguage":"es-AR","@id":"https:\/\/radio.fcejs.unsl.edu.ar\/index.php\/un-taller-que-nos-convoca-a-todos-el-proximo-14-de-agosto-se-llevara-a-cabo-el-taller-de-capacitacion-sobre-mapeo-colectivo-de-la-situacion-socioambiental-de-la-provincia-de-san-luis-y-zonas\/#primaryimage","url":"https:\/\/radio.fcejs.unsl.edu.ar\/wp-content\/uploads\/2025\/08\/WhatsApp-Image-2025-07-31-at-08.26.56-1.jpeg","contentUrl":"https:\/\/radio.fcejs.unsl.edu.ar\/wp-content\/uploads\/2025\/08\/WhatsApp-Image-2025-07-31-at-08.26.56-1.jpeg","width":1080,"height":1350},{"@type":"BreadcrumbList","@id":"https:\/\/radio.fcejs.unsl.edu.ar\/index.php\/un-taller-que-nos-convoca-a-todos-el-proximo-14-de-agosto-se-llevara-a-cabo-el-taller-de-capacitacion-sobre-mapeo-colectivo-de-la-situacion-socioambiental-de-la-provincia-de-san-luis-y-zonas\/#breadcrumb","itemListElement":[{"@type":"ListItem","position":1,"name":"Inicio","item":"https:\/\/radio.fcejs.unsl.edu.ar\/"},{"@type":"ListItem","position":2,"name":"Un taller que nos convoca a todos el pr\u00f3ximo 14 de agosto: \u201cCapacitaci\u00f3n sobre Mapeo colectivo de la situaci\u00f3n socioambiental de la Provincia de San Luis y zonas de Influencias\u201d."}]},{"@type":"WebSite","@id":"https:\/\/radio.fcejs.unsl.edu.ar\/#website","url":"https:\/\/radio.fcejs.unsl.edu.ar\/","name":"Radio Universidad Villa Mercedes 97.5 | UNSL","description":"UNSL","publisher":{"@id":"https:\/\/radio.fcejs.unsl.edu.ar\/#organization"},"potentialAction":[{"@type":"SearchAction","target":{"@type":"EntryPoint","urlTemplate":"https:\/\/radio.fcejs.unsl.edu.ar\/?s={search_term_string}"},"query-input":{"@type":"PropertyValueSpecification","valueRequired":true,"valueName":"search_term_string"}}],"inLanguage":"es-AR"},{"@type":"Organization","@id":"https:\/\/radio.fcejs.unsl.edu.ar\/#organization","name":"Radio Universidad Villa Mercedes 97.5 | UNSL","url":"https:\/\/radio.fcejs.unsl.edu.ar\/","logo":{"@type":"ImageObject","inLanguage":"es-AR","@id":"https:\/\/radio.fcejs.unsl.edu.ar\/#\/schema\/logo\/image\/","url":"https:\/\/radio.fcejs.unsl.edu.ar\/wp-content\/uploads\/2023\/12\/cropped-radio-villa-mercedes-97-5.png","contentUrl":"https:\/\/radio.fcejs.unsl.edu.ar\/wp-content\/uploads\/2023\/12\/cropped-radio-villa-mercedes-97-5.png","width":908,"height":289,"caption":"Radio Universidad Villa Mercedes 97.5 | UNSL"},"image":{"@id":"https:\/\/radio.fcejs.unsl.edu.ar\/#\/schema\/logo\/image\/"}},{"@type":"Person","@id":"https:\/\/radio.fcejs.unsl.edu.ar\/#\/schema\/person\/71179a56ee499ac8cd4e46f865c627c7","name":"Virginia Aguilera","url":"https:\/\/radio.fcejs.unsl.edu.ar\/index.php\/author\/viraguilera\/"}]}},"_links":{"self":[{"href":"https:\/\/radio.fcejs.unsl.edu.ar\/index.php\/wp-json\/wp\/v2\/posts\/3205","targetHints":{"allow":["GET"]}}],"collection":[{"href":"https:\/\/radio.fcejs.unsl.edu.ar\/index.php\/wp-json\/wp\/v2\/posts"}],"about":[{"href":"https:\/\/radio.fcejs.unsl.edu.ar\/index.php\/wp-json\/wp\/v2\/types\/post"}],"author":[{"embeddable":true,"href":"https:\/\/radio.fcejs.unsl.edu.ar\/index.php\/wp-json\/wp\/v2\/users\/5"}],"replies":[{"embeddable":true,"href":"https:\/\/radio.fcejs.unsl.edu.ar\/index.php\/wp-json\/wp\/v2\/comments?post=3205"}],"version-history":[{"count":3,"href":"https:\/\/radio.fcejs.unsl.edu.ar\/index.php\/wp-json\/wp\/v2\/posts\/3205\/revisions"}],"predecessor-version":[{"id":3210,"href":"https:\/\/radio.fcejs.unsl.edu.ar\/index.php\/wp-json\/wp\/v2\/posts\/3205\/revisions\/3210"}],"wp:featuredmedia":[{"embeddable":true,"href":"https:\/\/radio.fcejs.unsl.edu.ar\/index.php\/wp-json\/wp\/v2\/media\/3207"}],"wp:attachment":[{"href":"https:\/\/radio.fcejs.unsl.edu.ar\/index.php\/wp-json\/wp\/v2\/media?parent=3205"}],"wp:term":[{"taxonomy":"category","embeddable":true,"href":"https:\/\/radio.fcejs.unsl.edu.ar\/index.php\/wp-json\/wp\/v2\/categories?post=3205"},{"taxonomy":"post_tag","embeddable":true,"href":"https:\/\/radio.fcejs.unsl.edu.ar\/index.php\/wp-json\/wp\/v2\/tags?post=3205"}],"curies":[{"name":"wp","href":"https:\/\/api.w.org\/{rel}","templated":true}]}}