{"id":3191,"date":"2025-08-06T17:31:37","date_gmt":"2025-08-06T20:31:37","guid":{"rendered":"https:\/\/radio.fcejs.unsl.edu.ar\/?p=3191"},"modified":"2025-08-06T17:34:11","modified_gmt":"2025-08-06T20:34:11","slug":"en-el-dia-de-la-ingenieria-agronomica-destacaron-la-trayectoria-de-la-carrera-en-la-unsl","status":"publish","type":"post","link":"https:\/\/radio.fcejs.unsl.edu.ar\/index.php\/en-el-dia-de-la-ingenieria-agronomica-destacaron-la-trayectoria-de-la-carrera-en-la-unsl\/","title":{"rendered":"En el D\u00eda de la Ingenier\u00eda Agron\u00f3mica, destacaron la trayectoria de la carrera en la UNSL"},"content":{"rendered":"<p data-start=\"343\" data-end=\"635\"><strong>Este mi\u00e9rcoles 6 de agosto, en el marco del D\u00eda de las y los Ingenieros Agr\u00f3nomos, en el programa &#8220;<em data-start=\"438\" data-end=\"456\">Acento Mercedino&#8221;<\/em> de Radio UNSL Villa Mercedes 97.5 FM entrevistamos a dos referentes de la carrera de Ingenier\u00eda Agron\u00f3mica que se dicta en la Facultad de Ingenier\u00eda y Ciencias Agropecuarias (FICA).<\/strong><\/p>\n<p data-start=\"637\" data-end=\"938\">Las invitadas fueron la <strong data-start=\"661\" data-end=\"689\">Ing. Agr. Patricia Baz\u00e1n<\/strong>, Directora de la carrera, y la <strong data-start=\"721\" data-end=\"750\">Ing. Agr. Virginia Scally<\/strong>, Jefa de Trabajos Pr\u00e1cticos. Ambas profesionales compartieron detalles sobre la historia, actualidad y proyecci\u00f3n de la carrera que lleva d\u00e9cadas formando profesionales en Villa Mercedes.<\/p>\n<p data-start=\"637\" data-end=\"938\"><span style=\"font-size: 13px\">Entrevista completa:<\/span><\/p>\n<audio class=\"wp-audio-shortcode\" id=\"audio-3191-1\" preload=\"none\" style=\"width: 100%;\" controls=\"controls\"><source type=\"audio\/mpeg\" src=\"https:\/\/radioupload.fica.unsl.edu.ar\/files\/jb\/INGENIERAS%20.mp3?_=1\" \/><a href=\"https:\/\/radioupload.fica.unsl.edu.ar\/files\/jb\/INGENIERAS%20.mp3\">https:\/\/radioupload.fica.unsl.edu.ar\/files\/jb\/INGENIERAS%20.mp3<\/a><\/audio>\n<p data-start=\"940\" data-end=\"1112\"><img decoding=\"async\" class=\"wp-image-3193 alignleft\" src=\"http:\/\/radio.fcejs.unsl.edu.ar\/wp-content\/uploads\/2025\/08\/Bazan-300x218.jpg\" alt=\"\" width=\"154\" height=\"112\" srcset=\"https:\/\/radio.fcejs.unsl.edu.ar\/wp-content\/uploads\/2025\/08\/Bazan-300x218.jpg 300w, https:\/\/radio.fcejs.unsl.edu.ar\/wp-content\/uploads\/2025\/08\/Bazan.jpg 470w\" sizes=\"(max-width: 154px) 100vw, 154px\" \/><strong>\u201cEs una fecha muy significativa para visibilizar el rol del ingeniero agr\u00f3nomo en la producci\u00f3n de alimentos, el cuidado del ambiente y el desarrollo dl pa\u00edsl\u201d, expres\u00f3 Baz\u00e1n.<\/strong><\/p>\n<p data-start=\"1114\" data-end=\"1355\"><img decoding=\"async\" class=\" wp-image-3194 alignleft\" src=\"http:\/\/radio.fcejs.unsl.edu.ar\/wp-content\/uploads\/2025\/08\/scully-300x226.jpg\" alt=\"\" width=\"152\" height=\"114\" srcset=\"https:\/\/radio.fcejs.unsl.edu.ar\/wp-content\/uploads\/2025\/08\/scully-300x226.jpg 300w, https:\/\/radio.fcejs.unsl.edu.ar\/wp-content\/uploads\/2025\/08\/scully.jpg 411w\" sizes=\"(max-width: 152px) 100vw, 152px\" \/><\/p>\n<p data-start=\"1114\" data-end=\"1355\"><strong>Scally, por su parte, destac\u00f3 la evoluci\u00f3n del perfil profesional: \u201cHoy nuestros egresados no solo se desempe\u00f1an en campos productivos, sino tambi\u00e9n en organismos p\u00fablicos, investigaci\u00f3n, educaci\u00f3n y en entorno privado\u201d.<\/strong><\/p>\n<p data-start=\"1357\" data-end=\"1480\">Ambas remarcaron el compromiso de la FICA con una formaci\u00f3n integral, actualizada y vinculada a las necesidades regionales.<\/p>\n<p data-start=\"1482\" data-end=\"1643\">El D\u00eda de las y los Ingenieros Agr\u00f3nomos se celebra cada 6 de agosto en conmemoraci\u00f3n del inicio de la ense\u00f1anza formal de esta disciplina en Argentina, en 1883.<\/p>\n<pre data-start=\"2165\" data-end=\"2236\"><strong>Por: Mat\u00edas E. Videla | Radio UNSL Villa Mercedes 97.5 FM<\/strong><\/pre>\n<p>&nbsp;<\/p>\n<p>&nbsp;<\/p>\n","protected":false},"excerpt":{"rendered":"<p>Este mi\u00e9rcoles 6 de agosto, en el marco del D\u00eda de las y los Ingenieros Agr\u00f3nomos, en el programa &#8220;Acento Mercedino&#8221; de Radio UNSL Villa Mercedes 97.5 FM entrevistamos a dos referentes de la carrera de Ingenier\u00eda Agron\u00f3mica que se dicta en la Facultad de Ingenier\u00eda y Ciencias Agropecuarias (FICA). Las invitadas fueron la Ing&#8230;.<\/p>\n","protected":false},"author":7,"featured_media":3192,"comment_status":"closed","ping_status":"closed","sticky":false,"template":"","format":"standard","meta":{"_kad_post_transparent":"default","_kad_post_title":"default","_kad_post_layout":"default","_kad_post_sidebar_id":"","_kad_post_content_style":"default","_kad_post_vertical_padding":"default","_kad_post_feature":"","_kad_post_feature_position":"","_kad_post_header":false,"_kad_post_footer":false,"_kad_post_classname":"","footnotes":""},"categories":[14],"tags":[],"class_list":["post-3191","post","type-post","status-publish","format-standard","has-post-thumbnail","hentry","category-entrevistas"],"yoast_head":"<!-- This site is optimized with the Yoast SEO plugin v27.2 - https:\/\/yoast.com\/product\/yoast-seo-wordpress\/ -->\n<title>En el D\u00eda de la Ingenier\u00eda Agron\u00f3mica, destacaron la trayectoria de la carrera en la UNSL - Radio Universidad Villa Mercedes 97.5 | UNSL<\/title>\n<meta name=\"robots\" content=\"index, follow, max-snippet:-1, max-image-preview:large, max-video-preview:-1\" \/>\n<link rel=\"canonical\" href=\"https:\/\/radio.fcejs.unsl.edu.ar\/index.php\/en-el-dia-de-la-ingenieria-agronomica-destacaron-la-trayectoria-de-la-carrera-en-la-unsl\/\" \/>\n<meta property=\"og:locale\" content=\"es_ES\" \/>\n<meta property=\"og:type\" content=\"article\" \/>\n<meta property=\"og:title\" content=\"En el D\u00eda de la Ingenier\u00eda Agron\u00f3mica, destacaron la trayectoria de la carrera en la UNSL\" \/>\n<meta property=\"og:description\" content=\"Las invitadas fueron la Ing. Agr. Patricia Baz\u00e1n, Directora de la carrera, y la Ing. Agr. Virginia Scally, Jefa de Trabajos Pr\u00e1cticos. Ambas profesionales compartieron detalles sobre la historia, actualidad y proyecci\u00f3n de la carrera que lleva d\u00e9cadas formando profesionales en Villa Mercedes.\" \/>\n<meta property=\"og:url\" content=\"https:\/\/radio.fcejs.unsl.edu.ar\/index.php\/en-el-dia-de-la-ingenieria-agronomica-destacaron-la-trayectoria-de-la-carrera-en-la-unsl\/\" \/>\n<meta property=\"og:site_name\" content=\"Radio Universidad Villa Mercedes 97.5 | UNSL\" \/>\n<meta property=\"article:published_time\" content=\"2025-08-06T20:31:37+00:00\" \/>\n<meta property=\"article:modified_time\" content=\"2025-08-06T20:34:11+00:00\" \/>\n<meta property=\"og:image\" content=\"http:\/\/radio.fcejs.unsl.edu.ar\/wp-content\/uploads\/2025\/08\/aa.jpg\" \/>\n\t<meta property=\"og:image:width\" content=\"512\" \/>\n\t<meta property=\"og:image:height\" content=\"354\" \/>\n\t<meta property=\"og:image:type\" content=\"image\/jpeg\" \/>\n<meta name=\"author\" content=\"Matias Videla\" \/>\n<meta name=\"twitter:card\" content=\"summary_large_image\" \/>\n<meta name=\"twitter:label1\" content=\"Escrito por\" \/>\n\t<meta name=\"twitter:data1\" content=\"Matias Videla\" \/>\n\t<meta name=\"twitter:label2\" content=\"Tiempo de lectura\" \/>\n\t<meta name=\"twitter:data2\" content=\"2 minutos\" \/>\n<script type=\"application\/ld+json\" class=\"yoast-schema-graph\">{\"@context\":\"https:\/\/schema.org\",\"@graph\":[{\"@type\":\"Article\",\"@id\":\"https:\/\/radio.fcejs.unsl.edu.ar\/index.php\/en-el-dia-de-la-ingenieria-agronomica-destacaron-la-trayectoria-de-la-carrera-en-la-unsl\/#article\",\"isPartOf\":{\"@id\":\"https:\/\/radio.fcejs.unsl.edu.ar\/index.php\/en-el-dia-de-la-ingenieria-agronomica-destacaron-la-trayectoria-de-la-carrera-en-la-unsl\/\"},\"author\":{\"name\":\"Matias Videla\",\"@id\":\"https:\/\/radio.fcejs.unsl.edu.ar\/#\/schema\/person\/acc8fccb15174977a9a97c2c6c9a046e\"},\"headline\":\"En el D\u00eda de la Ingenier\u00eda Agron\u00f3mica, destacaron la trayectoria de la carrera en la UNSL\",\"datePublished\":\"2025-08-06T20:31:37+00:00\",\"dateModified\":\"2025-08-06T20:34:11+00:00\",\"mainEntityOfPage\":{\"@id\":\"https:\/\/radio.fcejs.unsl.edu.ar\/index.php\/en-el-dia-de-la-ingenieria-agronomica-destacaron-la-trayectoria-de-la-carrera-en-la-unsl\/\"},\"wordCount\":253,\"publisher\":{\"@id\":\"https:\/\/radio.fcejs.unsl.edu.ar\/#organization\"},\"image\":{\"@id\":\"https:\/\/radio.fcejs.unsl.edu.ar\/index.php\/en-el-dia-de-la-ingenieria-agronomica-destacaron-la-trayectoria-de-la-carrera-en-la-unsl\/#primaryimage\"},\"thumbnailUrl\":\"https:\/\/radio.fcejs.unsl.edu.ar\/wp-content\/uploads\/2025\/08\/aa.jpg\",\"articleSection\":[\"Entrevistas\"],\"inLanguage\":\"es-AR\"},{\"@type\":\"WebPage\",\"@id\":\"https:\/\/radio.fcejs.unsl.edu.ar\/index.php\/en-el-dia-de-la-ingenieria-agronomica-destacaron-la-trayectoria-de-la-carrera-en-la-unsl\/\",\"url\":\"https:\/\/radio.fcejs.unsl.edu.ar\/index.php\/en-el-dia-de-la-ingenieria-agronomica-destacaron-la-trayectoria-de-la-carrera-en-la-unsl\/\",\"name\":\"En el D\u00eda de la Ingenier\u00eda Agron\u00f3mica, destacaron la trayectoria de la carrera en la UNSL - Radio Universidad Villa Mercedes 97.5 | UNSL\",\"isPartOf\":{\"@id\":\"https:\/\/radio.fcejs.unsl.edu.ar\/#website\"},\"primaryImageOfPage\":{\"@id\":\"https:\/\/radio.fcejs.unsl.edu.ar\/index.php\/en-el-dia-de-la-ingenieria-agronomica-destacaron-la-trayectoria-de-la-carrera-en-la-unsl\/#primaryimage\"},\"image\":{\"@id\":\"https:\/\/radio.fcejs.unsl.edu.ar\/index.php\/en-el-dia-de-la-ingenieria-agronomica-destacaron-la-trayectoria-de-la-carrera-en-la-unsl\/#primaryimage\"},\"thumbnailUrl\":\"https:\/\/radio.fcejs.unsl.edu.ar\/wp-content\/uploads\/2025\/08\/aa.jpg\",\"datePublished\":\"2025-08-06T20:31:37+00:00\",\"dateModified\":\"2025-08-06T20:34:11+00:00\",\"breadcrumb\":{\"@id\":\"https:\/\/radio.fcejs.unsl.edu.ar\/index.php\/en-el-dia-de-la-ingenieria-agronomica-destacaron-la-trayectoria-de-la-carrera-en-la-unsl\/#breadcrumb\"},\"inLanguage\":\"es-AR\",\"potentialAction\":[{\"@type\":\"ReadAction\",\"target\":[\"https:\/\/radio.fcejs.unsl.edu.ar\/index.php\/en-el-dia-de-la-ingenieria-agronomica-destacaron-la-trayectoria-de-la-carrera-en-la-unsl\/\"]}]},{\"@type\":\"ImageObject\",\"inLanguage\":\"es-AR\",\"@id\":\"https:\/\/radio.fcejs.unsl.edu.ar\/index.php\/en-el-dia-de-la-ingenieria-agronomica-destacaron-la-trayectoria-de-la-carrera-en-la-unsl\/#primaryimage\",\"url\":\"https:\/\/radio.fcejs.unsl.edu.ar\/wp-content\/uploads\/2025\/08\/aa.jpg\",\"contentUrl\":\"https:\/\/radio.fcejs.unsl.edu.ar\/wp-content\/uploads\/2025\/08\/aa.jpg\",\"width\":512,\"height\":354},{\"@type\":\"BreadcrumbList\",\"@id\":\"https:\/\/radio.fcejs.unsl.edu.ar\/index.php\/en-el-dia-de-la-ingenieria-agronomica-destacaron-la-trayectoria-de-la-carrera-en-la-unsl\/#breadcrumb\",\"itemListElement\":[{\"@type\":\"ListItem\",\"position\":1,\"name\":\"Inicio\",\"item\":\"https:\/\/radio.fcejs.unsl.edu.ar\/\"},{\"@type\":\"ListItem\",\"position\":2,\"name\":\"En el D\u00eda de la Ingenier\u00eda Agron\u00f3mica, destacaron la trayectoria de la carrera en la UNSL\"}]},{\"@type\":\"WebSite\",\"@id\":\"https:\/\/radio.fcejs.unsl.edu.ar\/#website\",\"url\":\"https:\/\/radio.fcejs.unsl.edu.ar\/\",\"name\":\"Radio Universidad Villa Mercedes 97.5 | UNSL\",\"description\":\"UNSL\",\"publisher\":{\"@id\":\"https:\/\/radio.fcejs.unsl.edu.ar\/#organization\"},\"potentialAction\":[{\"@type\":\"SearchAction\",\"target\":{\"@type\":\"EntryPoint\",\"urlTemplate\":\"https:\/\/radio.fcejs.unsl.edu.ar\/?s={search_term_string}\"},\"query-input\":{\"@type\":\"PropertyValueSpecification\",\"valueRequired\":true,\"valueName\":\"search_term_string\"}}],\"inLanguage\":\"es-AR\"},{\"@type\":\"Organization\",\"@id\":\"https:\/\/radio.fcejs.unsl.edu.ar\/#organization\",\"name\":\"Radio Universidad Villa Mercedes 97.5 | UNSL\",\"url\":\"https:\/\/radio.fcejs.unsl.edu.ar\/\",\"logo\":{\"@type\":\"ImageObject\",\"inLanguage\":\"es-AR\",\"@id\":\"https:\/\/radio.fcejs.unsl.edu.ar\/#\/schema\/logo\/image\/\",\"url\":\"https:\/\/radio.fcejs.unsl.edu.ar\/wp-content\/uploads\/2023\/12\/cropped-radio-villa-mercedes-97-5.png\",\"contentUrl\":\"https:\/\/radio.fcejs.unsl.edu.ar\/wp-content\/uploads\/2023\/12\/cropped-radio-villa-mercedes-97-5.png\",\"width\":908,\"height\":289,\"caption\":\"Radio Universidad Villa Mercedes 97.5 | UNSL\"},\"image\":{\"@id\":\"https:\/\/radio.fcejs.unsl.edu.ar\/#\/schema\/logo\/image\/\"}},{\"@type\":\"Person\",\"@id\":\"https:\/\/radio.fcejs.unsl.edu.ar\/#\/schema\/person\/acc8fccb15174977a9a97c2c6c9a046e\",\"name\":\"Matias Videla\",\"url\":\"https:\/\/radio.fcejs.unsl.edu.ar\/index.php\/author\/mvidela\/\"}]}<\/script>\n<!-- \/ Yoast SEO plugin. -->","yoast_head_json":{"title":"En el D\u00eda de la Ingenier\u00eda Agron\u00f3mica, destacaron la trayectoria de la carrera en la UNSL - Radio Universidad Villa Mercedes 97.5 | UNSL","robots":{"index":"index","follow":"follow","max-snippet":"max-snippet:-1","max-image-preview":"max-image-preview:large","max-video-preview":"max-video-preview:-1"},"canonical":"https:\/\/radio.fcejs.unsl.edu.ar\/index.php\/en-el-dia-de-la-ingenieria-agronomica-destacaron-la-trayectoria-de-la-carrera-en-la-unsl\/","og_locale":"es_ES","og_type":"article","og_title":"En el D\u00eda de la Ingenier\u00eda Agron\u00f3mica, destacaron la trayectoria de la carrera en la UNSL","og_description":"Las invitadas fueron la Ing. Agr. Patricia Baz\u00e1n, Directora de la carrera, y la Ing. Agr. Virginia Scally, Jefa de Trabajos Pr\u00e1cticos. Ambas profesionales compartieron detalles sobre la historia, actualidad y proyecci\u00f3n de la carrera que lleva d\u00e9cadas formando profesionales en Villa Mercedes.","og_url":"https:\/\/radio.fcejs.unsl.edu.ar\/index.php\/en-el-dia-de-la-ingenieria-agronomica-destacaron-la-trayectoria-de-la-carrera-en-la-unsl\/","og_site_name":"Radio Universidad Villa Mercedes 97.5 | UNSL","article_published_time":"2025-08-06T20:31:37+00:00","article_modified_time":"2025-08-06T20:34:11+00:00","og_image":[{"width":512,"height":354,"url":"http:\/\/radio.fcejs.unsl.edu.ar\/wp-content\/uploads\/2025\/08\/aa.jpg","type":"image\/jpeg"}],"author":"Matias Videla","twitter_card":"summary_large_image","twitter_misc":{"Escrito por":"Matias Videla","Tiempo de lectura":"2 minutos"},"schema":{"@context":"https:\/\/schema.org","@graph":[{"@type":"Article","@id":"https:\/\/radio.fcejs.unsl.edu.ar\/index.php\/en-el-dia-de-la-ingenieria-agronomica-destacaron-la-trayectoria-de-la-carrera-en-la-unsl\/#article","isPartOf":{"@id":"https:\/\/radio.fcejs.unsl.edu.ar\/index.php\/en-el-dia-de-la-ingenieria-agronomica-destacaron-la-trayectoria-de-la-carrera-en-la-unsl\/"},"author":{"name":"Matias Videla","@id":"https:\/\/radio.fcejs.unsl.edu.ar\/#\/schema\/person\/acc8fccb15174977a9a97c2c6c9a046e"},"headline":"En el D\u00eda de la Ingenier\u00eda Agron\u00f3mica, destacaron la trayectoria de la carrera en la UNSL","datePublished":"2025-08-06T20:31:37+00:00","dateModified":"2025-08-06T20:34:11+00:00","mainEntityOfPage":{"@id":"https:\/\/radio.fcejs.unsl.edu.ar\/index.php\/en-el-dia-de-la-ingenieria-agronomica-destacaron-la-trayectoria-de-la-carrera-en-la-unsl\/"},"wordCount":253,"publisher":{"@id":"https:\/\/radio.fcejs.unsl.edu.ar\/#organization"},"image":{"@id":"https:\/\/radio.fcejs.unsl.edu.ar\/index.php\/en-el-dia-de-la-ingenieria-agronomica-destacaron-la-trayectoria-de-la-carrera-en-la-unsl\/#primaryimage"},"thumbnailUrl":"https:\/\/radio.fcejs.unsl.edu.ar\/wp-content\/uploads\/2025\/08\/aa.jpg","articleSection":["Entrevistas"],"inLanguage":"es-AR"},{"@type":"WebPage","@id":"https:\/\/radio.fcejs.unsl.edu.ar\/index.php\/en-el-dia-de-la-ingenieria-agronomica-destacaron-la-trayectoria-de-la-carrera-en-la-unsl\/","url":"https:\/\/radio.fcejs.unsl.edu.ar\/index.php\/en-el-dia-de-la-ingenieria-agronomica-destacaron-la-trayectoria-de-la-carrera-en-la-unsl\/","name":"En el D\u00eda de la Ingenier\u00eda Agron\u00f3mica, destacaron la trayectoria de la carrera en la UNSL - Radio Universidad Villa Mercedes 97.5 | UNSL","isPartOf":{"@id":"https:\/\/radio.fcejs.unsl.edu.ar\/#website"},"primaryImageOfPage":{"@id":"https:\/\/radio.fcejs.unsl.edu.ar\/index.php\/en-el-dia-de-la-ingenieria-agronomica-destacaron-la-trayectoria-de-la-carrera-en-la-unsl\/#primaryimage"},"image":{"@id":"https:\/\/radio.fcejs.unsl.edu.ar\/index.php\/en-el-dia-de-la-ingenieria-agronomica-destacaron-la-trayectoria-de-la-carrera-en-la-unsl\/#primaryimage"},"thumbnailUrl":"https:\/\/radio.fcejs.unsl.edu.ar\/wp-content\/uploads\/2025\/08\/aa.jpg","datePublished":"2025-08-06T20:31:37+00:00","dateModified":"2025-08-06T20:34:11+00:00","breadcrumb":{"@id":"https:\/\/radio.fcejs.unsl.edu.ar\/index.php\/en-el-dia-de-la-ingenieria-agronomica-destacaron-la-trayectoria-de-la-carrera-en-la-unsl\/#breadcrumb"},"inLanguage":"es-AR","potentialAction":[{"@type":"ReadAction","target":["https:\/\/radio.fcejs.unsl.edu.ar\/index.php\/en-el-dia-de-la-ingenieria-agronomica-destacaron-la-trayectoria-de-la-carrera-en-la-unsl\/"]}]},{"@type":"ImageObject","inLanguage":"es-AR","@id":"https:\/\/radio.fcejs.unsl.edu.ar\/index.php\/en-el-dia-de-la-ingenieria-agronomica-destacaron-la-trayectoria-de-la-carrera-en-la-unsl\/#primaryimage","url":"https:\/\/radio.fcejs.unsl.edu.ar\/wp-content\/uploads\/2025\/08\/aa.jpg","contentUrl":"https:\/\/radio.fcejs.unsl.edu.ar\/wp-content\/uploads\/2025\/08\/aa.jpg","width":512,"height":354},{"@type":"BreadcrumbList","@id":"https:\/\/radio.fcejs.unsl.edu.ar\/index.php\/en-el-dia-de-la-ingenieria-agronomica-destacaron-la-trayectoria-de-la-carrera-en-la-unsl\/#breadcrumb","itemListElement":[{"@type":"ListItem","position":1,"name":"Inicio","item":"https:\/\/radio.fcejs.unsl.edu.ar\/"},{"@type":"ListItem","position":2,"name":"En el D\u00eda de la Ingenier\u00eda Agron\u00f3mica, destacaron la trayectoria de la carrera en la UNSL"}]},{"@type":"WebSite","@id":"https:\/\/radio.fcejs.unsl.edu.ar\/#website","url":"https:\/\/radio.fcejs.unsl.edu.ar\/","name":"Radio Universidad Villa Mercedes 97.5 | UNSL","description":"UNSL","publisher":{"@id":"https:\/\/radio.fcejs.unsl.edu.ar\/#organization"},"potentialAction":[{"@type":"SearchAction","target":{"@type":"EntryPoint","urlTemplate":"https:\/\/radio.fcejs.unsl.edu.ar\/?s={search_term_string}"},"query-input":{"@type":"PropertyValueSpecification","valueRequired":true,"valueName":"search_term_string"}}],"inLanguage":"es-AR"},{"@type":"Organization","@id":"https:\/\/radio.fcejs.unsl.edu.ar\/#organization","name":"Radio Universidad Villa Mercedes 97.5 | UNSL","url":"https:\/\/radio.fcejs.unsl.edu.ar\/","logo":{"@type":"ImageObject","inLanguage":"es-AR","@id":"https:\/\/radio.fcejs.unsl.edu.ar\/#\/schema\/logo\/image\/","url":"https:\/\/radio.fcejs.unsl.edu.ar\/wp-content\/uploads\/2023\/12\/cropped-radio-villa-mercedes-97-5.png","contentUrl":"https:\/\/radio.fcejs.unsl.edu.ar\/wp-content\/uploads\/2023\/12\/cropped-radio-villa-mercedes-97-5.png","width":908,"height":289,"caption":"Radio Universidad Villa Mercedes 97.5 | UNSL"},"image":{"@id":"https:\/\/radio.fcejs.unsl.edu.ar\/#\/schema\/logo\/image\/"}},{"@type":"Person","@id":"https:\/\/radio.fcejs.unsl.edu.ar\/#\/schema\/person\/acc8fccb15174977a9a97c2c6c9a046e","name":"Matias Videla","url":"https:\/\/radio.fcejs.unsl.edu.ar\/index.php\/author\/mvidela\/"}]}},"_links":{"self":[{"href":"https:\/\/radio.fcejs.unsl.edu.ar\/index.php\/wp-json\/wp\/v2\/posts\/3191","targetHints":{"allow":["GET"]}}],"collection":[{"href":"https:\/\/radio.fcejs.unsl.edu.ar\/index.php\/wp-json\/wp\/v2\/posts"}],"about":[{"href":"https:\/\/radio.fcejs.unsl.edu.ar\/index.php\/wp-json\/wp\/v2\/types\/post"}],"author":[{"embeddable":true,"href":"https:\/\/radio.fcejs.unsl.edu.ar\/index.php\/wp-json\/wp\/v2\/users\/7"}],"replies":[{"embeddable":true,"href":"https:\/\/radio.fcejs.unsl.edu.ar\/index.php\/wp-json\/wp\/v2\/comments?post=3191"}],"version-history":[{"count":2,"href":"https:\/\/radio.fcejs.unsl.edu.ar\/index.php\/wp-json\/wp\/v2\/posts\/3191\/revisions"}],"predecessor-version":[{"id":3198,"href":"https:\/\/radio.fcejs.unsl.edu.ar\/index.php\/wp-json\/wp\/v2\/posts\/3191\/revisions\/3198"}],"wp:featuredmedia":[{"embeddable":true,"href":"https:\/\/radio.fcejs.unsl.edu.ar\/index.php\/wp-json\/wp\/v2\/media\/3192"}],"wp:attachment":[{"href":"https:\/\/radio.fcejs.unsl.edu.ar\/index.php\/wp-json\/wp\/v2\/media?parent=3191"}],"wp:term":[{"taxonomy":"category","embeddable":true,"href":"https:\/\/radio.fcejs.unsl.edu.ar\/index.php\/wp-json\/wp\/v2\/categories?post=3191"},{"taxonomy":"post_tag","embeddable":true,"href":"https:\/\/radio.fcejs.unsl.edu.ar\/index.php\/wp-json\/wp\/v2\/tags?post=3191"}],"curies":[{"name":"wp","href":"https:\/\/api.w.org\/{rel}","templated":true}]}}