{"id":3152,"date":"2025-07-29T18:51:18","date_gmt":"2025-07-29T21:51:18","guid":{"rendered":"https:\/\/radio.fcejs.unsl.edu.ar\/?p=3152"},"modified":"2025-07-29T18:51:18","modified_gmt":"2025-07-29T21:51:18","slug":"cooperativa-20-de-julio-el-valor-del-acuerdo-la-union-y-la-perseverancia","status":"publish","type":"post","link":"https:\/\/radio.fcejs.unsl.edu.ar\/index.php\/cooperativa-20-de-julio-el-valor-del-acuerdo-la-union-y-la-perseverancia\/","title":{"rendered":"Cooperativa 20 de Julio: El valor del acuerdo, la uni\u00f3n y la perseverancia"},"content":{"rendered":"<p data-start=\"371\" data-end=\"555\"><strong>Este martes, visitaron los estudios de Radio UNSL Villa Mercedes 97.5 FM Gabriela Luque, presidenta de la Cooperativa 20 de Julio, y Cristina Tolaba, secretaria de la entidad.<\/strong><\/p>\n<p data-start=\"557\" data-end=\"803\">Durante la charla nos comentaron sobre el presente de la organizaci\u00f3n, el significado del <strong data-start=\"646\" data-end=\"686\">cooperativismo como modelo econ\u00f3mico y solidario<\/strong>, adem\u00e1s destacaron <strong data-start=\"701\" data-end=\"769\">la importancia de la unidad, el acuerdo y la defensa del trabajo<\/strong> en contextos econ\u00f3micos adversos.<\/p>\n<pre data-start=\"557\" data-end=\"803\">Escuch\u00e1 la entrevista completa:<\/pre>\n<audio class=\"wp-audio-shortcode\" id=\"audio-3152-1\" preload=\"none\" style=\"width: 100%;\" controls=\"controls\"><source type=\"audio\/mpeg\" src=\"https:\/\/radioupload.fica.unsl.edu.ar\/files\/jb\/COOPERATIVA%2020%20DE%20JULIO.mp3?_=1\" \/><a href=\"https:\/\/radioupload.fica.unsl.edu.ar\/files\/jb\/COOPERATIVA%2020%20DE%20JULIO.mp3\">https:\/\/radioupload.fica.unsl.edu.ar\/files\/jb\/COOPERATIVA%2020%20DE%20JULIO.mp3<\/a><\/audio>\n<p data-start=\"805\" data-end=\"1076\">Gabriela resalt\u00f3 que el motor del cooperativismo es la <strong data-start=\"866\" data-end=\"892\">organizaci\u00f3n colectiva<\/strong>, y que el trabajo autogestionado no solo dignifica, sino que tambi\u00e9n fortalece los lazos sociales y comunitarios. \u201cEl poder del cooperativismo est\u00e1 en no dejar a nadie afuera\u201d, afirm\u00f3.<\/p>\n<p data-start=\"1078\" data-end=\"1275\">Por su parte, Cristina se\u00f1al\u00f3 que el rol de las cooperativas es clave para generar empleo genuino y transformar realidades dignificando\u00a0 la persona.<\/p>\n<p data-start=\"1277\" data-end=\"1490\">La <strong data-start=\"1280\" data-end=\"1307\">Cooperativa 20 de Julio<\/strong> es un ejemplo local del compromiso con la econom\u00eda social y solidaria, y sus representantes enfatizaron que seguir\u00e1n defendiendo el modelo que construyeron con esfuerzo y convicci\u00f3n.<\/p>\n<p>&nbsp;<\/p>\n<div class=\"content-wrap\">\n<article id=\"post-3147\" class=\"entry content-bg single-entry post-3147 post type-post status-publish format-standard has-post-thumbnail hentry category-entrevistas\">\n<div class=\"entry-content-wrap\">\n<div class=\"entry-content single-content\">\n<div class=\"content-wrap\">\n<article id=\"post-3098\" class=\"entry content-bg single-entry post-3098 post type-post status-publish format-standard has-post-thumbnail hentry category-entrevistas\">\n<div class=\"entry-content-wrap\">\n<div class=\"entry-content single-content\">\n<div class=\"content-wrap\">\n<article id=\"post-3068\" class=\"entry content-bg single-entry post-3068 post type-post status-publish format-standard has-post-thumbnail hentry category-entrevistas\">\n<div class=\"entry-content-wrap\">\n<div class=\"entry-content single-content\">\n<p data-start=\"1998\" data-end=\"2142\"><strong>Por: Mat\u00edas E. Videla | Radio UNSL Villa Mercedes 97.5 FM<\/strong><\/p>\n<\/div>\n<\/div>\n<\/article>\n<\/div>\n<\/div>\n<\/div>\n<\/article>\n<\/div>\n<\/div>\n<\/div>\n<\/article>\n<\/div>\n<p>&nbsp;<\/p>\n<aside id=\"secondary\" class=\"primary-sidebar widget-area sidebar-slug-sidebar-primary sidebar-link-style-normal\" role=\"complementary\">\n<div class=\"sidebar-inner-wrap\"><\/div>\n<\/aside>\n","protected":false},"excerpt":{"rendered":"<p>Este martes, visitaron los estudios de Radio UNSL Villa Mercedes 97.5 FM Gabriela Luque, presidenta de la Cooperativa 20 de Julio, y Cristina Tolaba, secretaria de la entidad. Durante la charla nos comentaron sobre el presente de la organizaci\u00f3n, el significado del cooperativismo como modelo econ\u00f3mico y solidario, adem\u00e1s destacaron la importancia de la unidad,&#8230;<\/p>\n","protected":false},"author":7,"featured_media":3153,"comment_status":"closed","ping_status":"closed","sticky":false,"template":"","format":"standard","meta":{"_kad_post_transparent":"default","_kad_post_title":"default","_kad_post_layout":"default","_kad_post_sidebar_id":"","_kad_post_content_style":"default","_kad_post_vertical_padding":"default","_kad_post_feature":"","_kad_post_feature_position":"","_kad_post_header":false,"_kad_post_footer":false,"_kad_post_classname":"","footnotes":""},"categories":[14],"tags":[],"class_list":["post-3152","post","type-post","status-publish","format-standard","has-post-thumbnail","hentry","category-entrevistas"],"yoast_head":"<!-- This site is optimized with the Yoast SEO plugin v27.2 - https:\/\/yoast.com\/product\/yoast-seo-wordpress\/ -->\n<title>Cooperativa 20 de Julio: El valor del acuerdo, la uni\u00f3n y la perseverancia - Radio Universidad Villa Mercedes 97.5 | UNSL<\/title>\n<meta name=\"robots\" content=\"index, follow, max-snippet:-1, max-image-preview:large, max-video-preview:-1\" \/>\n<link rel=\"canonical\" href=\"https:\/\/radio.fcejs.unsl.edu.ar\/index.php\/cooperativa-20-de-julio-el-valor-del-acuerdo-la-union-y-la-perseverancia\/\" \/>\n<meta property=\"og:locale\" content=\"es_ES\" \/>\n<meta property=\"og:type\" content=\"article\" \/>\n<meta property=\"og:title\" content=\"Cooperativa 20 de Julio: El valor del acuerdo, la uni\u00f3n y la perseverancia\" \/>\n<meta property=\"og:description\" content=\"Este martes, visitaron los estudios de Radio UNSL Villa Mercedes 97.5 FM Gabriela Luque, presidenta de la Cooperativa 20 de Julio, y Cristina Tolaba, secretaria de la entidad.\" \/>\n<meta property=\"og:url\" content=\"https:\/\/radio.fcejs.unsl.edu.ar\/index.php\/cooperativa-20-de-julio-el-valor-del-acuerdo-la-union-y-la-perseverancia\/\" \/>\n<meta property=\"og:site_name\" content=\"Radio Universidad Villa Mercedes 97.5 | UNSL\" \/>\n<meta property=\"article:published_time\" content=\"2025-07-29T21:51:18+00:00\" \/>\n<meta property=\"og:image\" content=\"http:\/\/radio.fcejs.unsl.edu.ar\/wp-content\/uploads\/2025\/07\/af3ee583-6aa3-47e4-aa25-bd3c21783cd0-scaled.jpg\" \/>\n\t<meta property=\"og:image:width\" content=\"2560\" \/>\n\t<meta property=\"og:image:height\" content=\"1608\" \/>\n\t<meta property=\"og:image:type\" content=\"image\/jpeg\" \/>\n<meta name=\"author\" content=\"Matias Videla\" \/>\n<meta name=\"twitter:card\" content=\"summary_large_image\" \/>\n<meta name=\"twitter:label1\" content=\"Escrito por\" \/>\n\t<meta name=\"twitter:data1\" content=\"Matias Videla\" \/>\n\t<meta name=\"twitter:label2\" content=\"Tiempo de lectura\" \/>\n\t<meta name=\"twitter:data2\" content=\"1 minuto\" \/>\n<script type=\"application\/ld+json\" class=\"yoast-schema-graph\">{\"@context\":\"https:\/\/schema.org\",\"@graph\":[{\"@type\":\"Article\",\"@id\":\"https:\/\/radio.fcejs.unsl.edu.ar\/index.php\/cooperativa-20-de-julio-el-valor-del-acuerdo-la-union-y-la-perseverancia\/#article\",\"isPartOf\":{\"@id\":\"https:\/\/radio.fcejs.unsl.edu.ar\/index.php\/cooperativa-20-de-julio-el-valor-del-acuerdo-la-union-y-la-perseverancia\/\"},\"author\":{\"name\":\"Matias Videla\",\"@id\":\"https:\/\/radio.fcejs.unsl.edu.ar\/#\/schema\/person\/acc8fccb15174977a9a97c2c6c9a046e\"},\"headline\":\"Cooperativa 20 de Julio: El valor del acuerdo, la uni\u00f3n y la perseverancia\",\"datePublished\":\"2025-07-29T21:51:18+00:00\",\"mainEntityOfPage\":{\"@id\":\"https:\/\/radio.fcejs.unsl.edu.ar\/index.php\/cooperativa-20-de-julio-el-valor-del-acuerdo-la-union-y-la-perseverancia\/\"},\"wordCount\":205,\"publisher\":{\"@id\":\"https:\/\/radio.fcejs.unsl.edu.ar\/#organization\"},\"image\":{\"@id\":\"https:\/\/radio.fcejs.unsl.edu.ar\/index.php\/cooperativa-20-de-julio-el-valor-del-acuerdo-la-union-y-la-perseverancia\/#primaryimage\"},\"thumbnailUrl\":\"https:\/\/radio.fcejs.unsl.edu.ar\/wp-content\/uploads\/2025\/07\/af3ee583-6aa3-47e4-aa25-bd3c21783cd0-scaled.jpg\",\"articleSection\":[\"Entrevistas\"],\"inLanguage\":\"es-AR\"},{\"@type\":\"WebPage\",\"@id\":\"https:\/\/radio.fcejs.unsl.edu.ar\/index.php\/cooperativa-20-de-julio-el-valor-del-acuerdo-la-union-y-la-perseverancia\/\",\"url\":\"https:\/\/radio.fcejs.unsl.edu.ar\/index.php\/cooperativa-20-de-julio-el-valor-del-acuerdo-la-union-y-la-perseverancia\/\",\"name\":\"Cooperativa 20 de Julio: El valor del acuerdo, la uni\u00f3n y la perseverancia - Radio Universidad Villa Mercedes 97.5 | UNSL\",\"isPartOf\":{\"@id\":\"https:\/\/radio.fcejs.unsl.edu.ar\/#website\"},\"primaryImageOfPage\":{\"@id\":\"https:\/\/radio.fcejs.unsl.edu.ar\/index.php\/cooperativa-20-de-julio-el-valor-del-acuerdo-la-union-y-la-perseverancia\/#primaryimage\"},\"image\":{\"@id\":\"https:\/\/radio.fcejs.unsl.edu.ar\/index.php\/cooperativa-20-de-julio-el-valor-del-acuerdo-la-union-y-la-perseverancia\/#primaryimage\"},\"thumbnailUrl\":\"https:\/\/radio.fcejs.unsl.edu.ar\/wp-content\/uploads\/2025\/07\/af3ee583-6aa3-47e4-aa25-bd3c21783cd0-scaled.jpg\",\"datePublished\":\"2025-07-29T21:51:18+00:00\",\"breadcrumb\":{\"@id\":\"https:\/\/radio.fcejs.unsl.edu.ar\/index.php\/cooperativa-20-de-julio-el-valor-del-acuerdo-la-union-y-la-perseverancia\/#breadcrumb\"},\"inLanguage\":\"es-AR\",\"potentialAction\":[{\"@type\":\"ReadAction\",\"target\":[\"https:\/\/radio.fcejs.unsl.edu.ar\/index.php\/cooperativa-20-de-julio-el-valor-del-acuerdo-la-union-y-la-perseverancia\/\"]}]},{\"@type\":\"ImageObject\",\"inLanguage\":\"es-AR\",\"@id\":\"https:\/\/radio.fcejs.unsl.edu.ar\/index.php\/cooperativa-20-de-julio-el-valor-del-acuerdo-la-union-y-la-perseverancia\/#primaryimage\",\"url\":\"https:\/\/radio.fcejs.unsl.edu.ar\/wp-content\/uploads\/2025\/07\/af3ee583-6aa3-47e4-aa25-bd3c21783cd0-scaled.jpg\",\"contentUrl\":\"https:\/\/radio.fcejs.unsl.edu.ar\/wp-content\/uploads\/2025\/07\/af3ee583-6aa3-47e4-aa25-bd3c21783cd0-scaled.jpg\",\"width\":2560,\"height\":1608},{\"@type\":\"BreadcrumbList\",\"@id\":\"https:\/\/radio.fcejs.unsl.edu.ar\/index.php\/cooperativa-20-de-julio-el-valor-del-acuerdo-la-union-y-la-perseverancia\/#breadcrumb\",\"itemListElement\":[{\"@type\":\"ListItem\",\"position\":1,\"name\":\"Inicio\",\"item\":\"https:\/\/radio.fcejs.unsl.edu.ar\/\"},{\"@type\":\"ListItem\",\"position\":2,\"name\":\"Cooperativa 20 de Julio: El valor del acuerdo, la uni\u00f3n y la perseverancia\"}]},{\"@type\":\"WebSite\",\"@id\":\"https:\/\/radio.fcejs.unsl.edu.ar\/#website\",\"url\":\"https:\/\/radio.fcejs.unsl.edu.ar\/\",\"name\":\"Radio Universidad Villa Mercedes 97.5 | UNSL\",\"description\":\"UNSL\",\"publisher\":{\"@id\":\"https:\/\/radio.fcejs.unsl.edu.ar\/#organization\"},\"potentialAction\":[{\"@type\":\"SearchAction\",\"target\":{\"@type\":\"EntryPoint\",\"urlTemplate\":\"https:\/\/radio.fcejs.unsl.edu.ar\/?s={search_term_string}\"},\"query-input\":{\"@type\":\"PropertyValueSpecification\",\"valueRequired\":true,\"valueName\":\"search_term_string\"}}],\"inLanguage\":\"es-AR\"},{\"@type\":\"Organization\",\"@id\":\"https:\/\/radio.fcejs.unsl.edu.ar\/#organization\",\"name\":\"Radio Universidad Villa Mercedes 97.5 | UNSL\",\"url\":\"https:\/\/radio.fcejs.unsl.edu.ar\/\",\"logo\":{\"@type\":\"ImageObject\",\"inLanguage\":\"es-AR\",\"@id\":\"https:\/\/radio.fcejs.unsl.edu.ar\/#\/schema\/logo\/image\/\",\"url\":\"https:\/\/radio.fcejs.unsl.edu.ar\/wp-content\/uploads\/2023\/12\/cropped-radio-villa-mercedes-97-5.png\",\"contentUrl\":\"https:\/\/radio.fcejs.unsl.edu.ar\/wp-content\/uploads\/2023\/12\/cropped-radio-villa-mercedes-97-5.png\",\"width\":908,\"height\":289,\"caption\":\"Radio Universidad Villa Mercedes 97.5 | UNSL\"},\"image\":{\"@id\":\"https:\/\/radio.fcejs.unsl.edu.ar\/#\/schema\/logo\/image\/\"}},{\"@type\":\"Person\",\"@id\":\"https:\/\/radio.fcejs.unsl.edu.ar\/#\/schema\/person\/acc8fccb15174977a9a97c2c6c9a046e\",\"name\":\"Matias Videla\",\"url\":\"https:\/\/radio.fcejs.unsl.edu.ar\/index.php\/author\/mvidela\/\"}]}<\/script>\n<!-- \/ Yoast SEO plugin. -->","yoast_head_json":{"title":"Cooperativa 20 de Julio: El valor del acuerdo, la uni\u00f3n y la perseverancia - Radio Universidad Villa Mercedes 97.5 | UNSL","robots":{"index":"index","follow":"follow","max-snippet":"max-snippet:-1","max-image-preview":"max-image-preview:large","max-video-preview":"max-video-preview:-1"},"canonical":"https:\/\/radio.fcejs.unsl.edu.ar\/index.php\/cooperativa-20-de-julio-el-valor-del-acuerdo-la-union-y-la-perseverancia\/","og_locale":"es_ES","og_type":"article","og_title":"Cooperativa 20 de Julio: El valor del acuerdo, la uni\u00f3n y la perseverancia","og_description":"Este martes, visitaron los estudios de Radio UNSL Villa Mercedes 97.5 FM Gabriela Luque, presidenta de la Cooperativa 20 de Julio, y Cristina Tolaba, secretaria de la entidad.","og_url":"https:\/\/radio.fcejs.unsl.edu.ar\/index.php\/cooperativa-20-de-julio-el-valor-del-acuerdo-la-union-y-la-perseverancia\/","og_site_name":"Radio Universidad Villa Mercedes 97.5 | UNSL","article_published_time":"2025-07-29T21:51:18+00:00","og_image":[{"width":2560,"height":1608,"url":"http:\/\/radio.fcejs.unsl.edu.ar\/wp-content\/uploads\/2025\/07\/af3ee583-6aa3-47e4-aa25-bd3c21783cd0-scaled.jpg","type":"image\/jpeg"}],"author":"Matias Videla","twitter_card":"summary_large_image","twitter_misc":{"Escrito por":"Matias Videla","Tiempo de lectura":"1 minuto"},"schema":{"@context":"https:\/\/schema.org","@graph":[{"@type":"Article","@id":"https:\/\/radio.fcejs.unsl.edu.ar\/index.php\/cooperativa-20-de-julio-el-valor-del-acuerdo-la-union-y-la-perseverancia\/#article","isPartOf":{"@id":"https:\/\/radio.fcejs.unsl.edu.ar\/index.php\/cooperativa-20-de-julio-el-valor-del-acuerdo-la-union-y-la-perseverancia\/"},"author":{"name":"Matias Videla","@id":"https:\/\/radio.fcejs.unsl.edu.ar\/#\/schema\/person\/acc8fccb15174977a9a97c2c6c9a046e"},"headline":"Cooperativa 20 de Julio: El valor del acuerdo, la uni\u00f3n y la perseverancia","datePublished":"2025-07-29T21:51:18+00:00","mainEntityOfPage":{"@id":"https:\/\/radio.fcejs.unsl.edu.ar\/index.php\/cooperativa-20-de-julio-el-valor-del-acuerdo-la-union-y-la-perseverancia\/"},"wordCount":205,"publisher":{"@id":"https:\/\/radio.fcejs.unsl.edu.ar\/#organization"},"image":{"@id":"https:\/\/radio.fcejs.unsl.edu.ar\/index.php\/cooperativa-20-de-julio-el-valor-del-acuerdo-la-union-y-la-perseverancia\/#primaryimage"},"thumbnailUrl":"https:\/\/radio.fcejs.unsl.edu.ar\/wp-content\/uploads\/2025\/07\/af3ee583-6aa3-47e4-aa25-bd3c21783cd0-scaled.jpg","articleSection":["Entrevistas"],"inLanguage":"es-AR"},{"@type":"WebPage","@id":"https:\/\/radio.fcejs.unsl.edu.ar\/index.php\/cooperativa-20-de-julio-el-valor-del-acuerdo-la-union-y-la-perseverancia\/","url":"https:\/\/radio.fcejs.unsl.edu.ar\/index.php\/cooperativa-20-de-julio-el-valor-del-acuerdo-la-union-y-la-perseverancia\/","name":"Cooperativa 20 de Julio: El valor del acuerdo, la uni\u00f3n y la perseverancia - Radio Universidad Villa Mercedes 97.5 | UNSL","isPartOf":{"@id":"https:\/\/radio.fcejs.unsl.edu.ar\/#website"},"primaryImageOfPage":{"@id":"https:\/\/radio.fcejs.unsl.edu.ar\/index.php\/cooperativa-20-de-julio-el-valor-del-acuerdo-la-union-y-la-perseverancia\/#primaryimage"},"image":{"@id":"https:\/\/radio.fcejs.unsl.edu.ar\/index.php\/cooperativa-20-de-julio-el-valor-del-acuerdo-la-union-y-la-perseverancia\/#primaryimage"},"thumbnailUrl":"https:\/\/radio.fcejs.unsl.edu.ar\/wp-content\/uploads\/2025\/07\/af3ee583-6aa3-47e4-aa25-bd3c21783cd0-scaled.jpg","datePublished":"2025-07-29T21:51:18+00:00","breadcrumb":{"@id":"https:\/\/radio.fcejs.unsl.edu.ar\/index.php\/cooperativa-20-de-julio-el-valor-del-acuerdo-la-union-y-la-perseverancia\/#breadcrumb"},"inLanguage":"es-AR","potentialAction":[{"@type":"ReadAction","target":["https:\/\/radio.fcejs.unsl.edu.ar\/index.php\/cooperativa-20-de-julio-el-valor-del-acuerdo-la-union-y-la-perseverancia\/"]}]},{"@type":"ImageObject","inLanguage":"es-AR","@id":"https:\/\/radio.fcejs.unsl.edu.ar\/index.php\/cooperativa-20-de-julio-el-valor-del-acuerdo-la-union-y-la-perseverancia\/#primaryimage","url":"https:\/\/radio.fcejs.unsl.edu.ar\/wp-content\/uploads\/2025\/07\/af3ee583-6aa3-47e4-aa25-bd3c21783cd0-scaled.jpg","contentUrl":"https:\/\/radio.fcejs.unsl.edu.ar\/wp-content\/uploads\/2025\/07\/af3ee583-6aa3-47e4-aa25-bd3c21783cd0-scaled.jpg","width":2560,"height":1608},{"@type":"BreadcrumbList","@id":"https:\/\/radio.fcejs.unsl.edu.ar\/index.php\/cooperativa-20-de-julio-el-valor-del-acuerdo-la-union-y-la-perseverancia\/#breadcrumb","itemListElement":[{"@type":"ListItem","position":1,"name":"Inicio","item":"https:\/\/radio.fcejs.unsl.edu.ar\/"},{"@type":"ListItem","position":2,"name":"Cooperativa 20 de Julio: El valor del acuerdo, la uni\u00f3n y la perseverancia"}]},{"@type":"WebSite","@id":"https:\/\/radio.fcejs.unsl.edu.ar\/#website","url":"https:\/\/radio.fcejs.unsl.edu.ar\/","name":"Radio Universidad Villa Mercedes 97.5 | UNSL","description":"UNSL","publisher":{"@id":"https:\/\/radio.fcejs.unsl.edu.ar\/#organization"},"potentialAction":[{"@type":"SearchAction","target":{"@type":"EntryPoint","urlTemplate":"https:\/\/radio.fcejs.unsl.edu.ar\/?s={search_term_string}"},"query-input":{"@type":"PropertyValueSpecification","valueRequired":true,"valueName":"search_term_string"}}],"inLanguage":"es-AR"},{"@type":"Organization","@id":"https:\/\/radio.fcejs.unsl.edu.ar\/#organization","name":"Radio Universidad Villa Mercedes 97.5 | UNSL","url":"https:\/\/radio.fcejs.unsl.edu.ar\/","logo":{"@type":"ImageObject","inLanguage":"es-AR","@id":"https:\/\/radio.fcejs.unsl.edu.ar\/#\/schema\/logo\/image\/","url":"https:\/\/radio.fcejs.unsl.edu.ar\/wp-content\/uploads\/2023\/12\/cropped-radio-villa-mercedes-97-5.png","contentUrl":"https:\/\/radio.fcejs.unsl.edu.ar\/wp-content\/uploads\/2023\/12\/cropped-radio-villa-mercedes-97-5.png","width":908,"height":289,"caption":"Radio Universidad Villa Mercedes 97.5 | UNSL"},"image":{"@id":"https:\/\/radio.fcejs.unsl.edu.ar\/#\/schema\/logo\/image\/"}},{"@type":"Person","@id":"https:\/\/radio.fcejs.unsl.edu.ar\/#\/schema\/person\/acc8fccb15174977a9a97c2c6c9a046e","name":"Matias Videla","url":"https:\/\/radio.fcejs.unsl.edu.ar\/index.php\/author\/mvidela\/"}]}},"_links":{"self":[{"href":"https:\/\/radio.fcejs.unsl.edu.ar\/index.php\/wp-json\/wp\/v2\/posts\/3152","targetHints":{"allow":["GET"]}}],"collection":[{"href":"https:\/\/radio.fcejs.unsl.edu.ar\/index.php\/wp-json\/wp\/v2\/posts"}],"about":[{"href":"https:\/\/radio.fcejs.unsl.edu.ar\/index.php\/wp-json\/wp\/v2\/types\/post"}],"author":[{"embeddable":true,"href":"https:\/\/radio.fcejs.unsl.edu.ar\/index.php\/wp-json\/wp\/v2\/users\/7"}],"replies":[{"embeddable":true,"href":"https:\/\/radio.fcejs.unsl.edu.ar\/index.php\/wp-json\/wp\/v2\/comments?post=3152"}],"version-history":[{"count":3,"href":"https:\/\/radio.fcejs.unsl.edu.ar\/index.php\/wp-json\/wp\/v2\/posts\/3152\/revisions"}],"predecessor-version":[{"id":3156,"href":"https:\/\/radio.fcejs.unsl.edu.ar\/index.php\/wp-json\/wp\/v2\/posts\/3152\/revisions\/3156"}],"wp:featuredmedia":[{"embeddable":true,"href":"https:\/\/radio.fcejs.unsl.edu.ar\/index.php\/wp-json\/wp\/v2\/media\/3153"}],"wp:attachment":[{"href":"https:\/\/radio.fcejs.unsl.edu.ar\/index.php\/wp-json\/wp\/v2\/media?parent=3152"}],"wp:term":[{"taxonomy":"category","embeddable":true,"href":"https:\/\/radio.fcejs.unsl.edu.ar\/index.php\/wp-json\/wp\/v2\/categories?post=3152"},{"taxonomy":"post_tag","embeddable":true,"href":"https:\/\/radio.fcejs.unsl.edu.ar\/index.php\/wp-json\/wp\/v2\/tags?post=3152"}],"curies":[{"name":"wp","href":"https:\/\/api.w.org\/{rel}","templated":true}]}}