{"id":3147,"date":"2025-07-29T17:07:32","date_gmt":"2025-07-29T20:07:32","guid":{"rendered":"https:\/\/radio.fcejs.unsl.edu.ar\/?p=3147"},"modified":"2025-07-29T17:10:41","modified_gmt":"2025-07-29T20:10:41","slug":"preinscripciones-para-la-carrera-martillero-y-corredor-publico-2025-en-la-fcejs","status":"publish","type":"post","link":"https:\/\/radio.fcejs.unsl.edu.ar\/index.php\/preinscripciones-para-la-carrera-martillero-y-corredor-publico-2025-en-la-fcejs\/","title":{"rendered":"Preinscripciones para la carrera Martillero y Corredor P\u00fablico 2025 en la FCEJS"},"content":{"rendered":"<p data-start=\"381\" data-end=\"685\"><strong>En di\u00e1logo con Radio UNSL Villa Mercedes 97.5, la abogada y martillera Flavia Gottero, directora de la carrera, brind\u00f3 detalles sobre la preinscripci\u00f3n al ciclo lectivo 2025 de Martillero y Corredor P\u00fablico que se dicta en la Facultad de Ciencias Econ\u00f3micas, Jur\u00eddicas y Sociales (FCEJS).<\/strong><\/p>\n<p data-start=\"687\" data-end=\"947\">Nos coment\u00f3 que la preinscripci\u00f3n estar\u00e1 habilitada hasta el <strong data-start=\"772\" data-end=\"788\">31 de agosto<\/strong> y que el inicio de clases ser\u00e1 el <strong data-start=\"823\" data-end=\"852\">lunes 4 de agosto de 2025<\/strong>, a las <strong data-start=\"860\" data-end=\"869\">14:00<\/strong> en el <strong data-start=\"876\" data-end=\"946\">Aula Magna del Edificio del Departamento de Ciencias Agropecuarias<\/strong>.<\/p>\n<pre>Entrevista completa: Flavia Gottero<\/pre>\n<audio class=\"wp-audio-shortcode\" id=\"audio-3147-1\" preload=\"none\" style=\"width: 100%;\" controls=\"controls\"><source type=\"audio\/mpeg\" src=\"https:\/\/radioupload.fica.unsl.edu.ar\/files\/jb\/Gotero%20OK%2028-7-25.MP3?_=1\" \/><a href=\"https:\/\/radioupload.fica.unsl.edu.ar\/files\/jb\/Gotero%20OK%2028-7-25.MP3\">https:\/\/radioupload.fica.unsl.edu.ar\/files\/jb\/Gotero%20OK%2028-7-25.MP3<\/a><\/audio>\n<p data-start=\"949\" data-end=\"1006\">\n<p data-start=\"949\" data-end=\"1006\">Los y las interesadas deben completar un proceso de tres pasos:<\/p>\n<ol data-start=\"1008\" data-end=\"1131\">\n<li data-start=\"1008\" data-end=\"1030\">\n<p data-start=\"1011\" data-end=\"1030\">Elegir la carrera<\/p>\n<\/li>\n<li data-start=\"1031\" data-end=\"1069\">\n<p data-start=\"1034\" data-end=\"1069\">Realizar la preinscripci\u00f3n online<\/p>\n<\/li>\n<li data-start=\"1070\" data-end=\"1131\">\n<p data-start=\"1073\" data-end=\"1131\">Presentar la documentaci\u00f3n en el Departamento de Alumnos<\/p>\n<\/li>\n<\/ol>\n<p data-start=\"1133\" data-end=\"1238\">\ud83d\udccc Link para preinscribirse: <strong><span style=\"color: #3366ff\"><a class=\"\" style=\"color: #3366ff\" href=\"https:\/\/preins3vz.unsl.edu.ar\/fcejs\/\" target=\"_new\" rel=\"noopener\" data-start=\"1162\" data-end=\"1238\">https:\/\/preins3vz.unsl.edu.ar\/fcejs\/<\/a><\/span><\/strong><\/p>\n<h4 data-start=\"1240\" data-end=\"1288\">\u00bfQu\u00e9 hace un Martillero y Corredor P\u00fablico?<\/h4>\n<p data-start=\"1290\" data-end=\"1364\">El t\u00edtulo otorgado por la <strong data-start=\"1316\" data-end=\"1352\">Universidad Nacional de San Luis<\/strong> habilita a:<\/p>\n<ul data-start=\"1366\" data-end=\"1777\">\n<li data-start=\"1366\" data-end=\"1468\">\n<p data-start=\"1368\" data-end=\"1468\">Intermediar entre la oferta y la demanda en la compraventa o alquiler de bienes urbanos y rurales.<\/p>\n<\/li>\n<li data-start=\"1469\" data-end=\"1551\">\n<p data-start=\"1471\" data-end=\"1551\">Asesorar sobre el valor de mercado e intr\u00ednseco de bienes con valor econ\u00f3mico.<\/p>\n<\/li>\n<li data-start=\"1552\" data-end=\"1600\">\n<p data-start=\"1554\" data-end=\"1600\">Realizar tasaciones, valuaciones y subastas.<\/p>\n<\/li>\n<li data-start=\"1601\" data-end=\"1653\">\n<p data-start=\"1603\" data-end=\"1653\">Participar como perito judicial o extrajudicial.<\/p>\n<\/li>\n<li data-start=\"1654\" data-end=\"1722\">\n<p data-start=\"1656\" data-end=\"1722\">Colaborar en contratos econ\u00f3micos en entornos urbanos y rurales.<\/p>\n<\/li>\n<li data-start=\"1723\" data-end=\"1777\">\n<p data-start=\"1725\" data-end=\"1777\">Actuar como comisionista en operaciones comerciales.<\/p>\n<\/li>\n<\/ul>\n<p data-start=\"1779\" data-end=\"1961\"><strong>Esta tecnicatura universitaria combina aspectos del derecho, la econom\u00eda y el mercado inmobiliario, brindando una s\u00f3lida salida laboral tanto en el \u00e1mbito privado como en el p\u00fablico.<\/strong><\/p>\n<div class=\"content-wrap\">\n<article id=\"post-3098\" class=\"entry content-bg single-entry post-3098 post type-post status-publish format-standard has-post-thumbnail hentry category-entrevistas\">\n<div class=\"entry-content-wrap\">\n<div class=\"entry-content single-content\">\n<div class=\"content-wrap\">\n<article id=\"post-3068\" class=\"entry content-bg single-entry post-3068 post type-post status-publish format-standard has-post-thumbnail hentry category-entrevistas\">\n<div class=\"entry-content-wrap\">\n<div class=\"entry-content single-content\">\n<p data-start=\"1998\" data-end=\"2142\"><strong>Por: Mat\u00edas E. Videla | Radio UNSL Villa Mercedes 97.5 FM<\/strong><\/p>\n<\/div>\n<\/div>\n<\/article>\n<\/div>\n<\/div>\n<\/div>\n<\/article>\n<\/div>\n","protected":false},"excerpt":{"rendered":"<p>En di\u00e1logo con Radio UNSL Villa Mercedes 97.5, la abogada y martillera Flavia Gottero, directora de la carrera, brind\u00f3 detalles sobre la preinscripci\u00f3n al ciclo lectivo 2025 de Martillero y Corredor P\u00fablico que se dicta en la Facultad de Ciencias Econ\u00f3micas, Jur\u00eddicas y Sociales (FCEJS). Nos coment\u00f3 que la preinscripci\u00f3n estar\u00e1 habilitada hasta el 31&#8230;<\/p>\n","protected":false},"author":7,"featured_media":3148,"comment_status":"closed","ping_status":"closed","sticky":false,"template":"","format":"standard","meta":{"_kad_post_transparent":"default","_kad_post_title":"default","_kad_post_layout":"default","_kad_post_sidebar_id":"","_kad_post_content_style":"default","_kad_post_vertical_padding":"default","_kad_post_feature":"","_kad_post_feature_position":"","_kad_post_header":false,"_kad_post_footer":false,"_kad_post_classname":"","footnotes":""},"categories":[14],"tags":[],"class_list":["post-3147","post","type-post","status-publish","format-standard","has-post-thumbnail","hentry","category-entrevistas"],"yoast_head":"<!-- This site is optimized with the Yoast SEO plugin v27.2 - https:\/\/yoast.com\/product\/yoast-seo-wordpress\/ -->\n<title>Preinscripciones para la carrera Martillero y Corredor P\u00fablico 2025 en la FCEJS - Radio Universidad Villa Mercedes 97.5 | UNSL<\/title>\n<meta name=\"robots\" content=\"index, follow, max-snippet:-1, max-image-preview:large, max-video-preview:-1\" \/>\n<link rel=\"canonical\" href=\"https:\/\/radio.fcejs.unsl.edu.ar\/index.php\/preinscripciones-para-la-carrera-martillero-y-corredor-publico-2025-en-la-fcejs\/\" \/>\n<meta property=\"og:locale\" content=\"es_ES\" \/>\n<meta property=\"og:type\" content=\"article\" \/>\n<meta property=\"og:title\" content=\"Preinscripciones para la carrera Martillero y Corredor P\u00fablico 2025 en la FCEJS\" \/>\n<meta property=\"og:description\" content=\"En di\u00e1logo con Radio UNSL Villa Mercedes 97.5, la abogada y martillera Flavia Gottero, directora de la carrera, brind\u00f3 detalles sobre la preinscripci\u00f3n al ciclo lectivo 2025 de Martillero y Corredor P\u00fablico que se dicta en la Facultad de Ciencias Econ\u00f3micas, Jur\u00eddicas y Sociales (FCEJS).\" \/>\n<meta property=\"og:url\" content=\"https:\/\/radio.fcejs.unsl.edu.ar\/index.php\/preinscripciones-para-la-carrera-martillero-y-corredor-publico-2025-en-la-fcejs\/\" \/>\n<meta property=\"og:site_name\" content=\"Radio Universidad Villa Mercedes 97.5 | UNSL\" \/>\n<meta property=\"article:published_time\" content=\"2025-07-29T20:07:32+00:00\" \/>\n<meta property=\"article:modified_time\" content=\"2025-07-29T20:10:41+00:00\" \/>\n<meta property=\"og:image\" content=\"http:\/\/radio.fcejs.unsl.edu.ar\/wp-content\/uploads\/2025\/07\/d9fa3604-399a-44da-9126-2fa523e2a0d1-scaled.jpg\" \/>\n\t<meta property=\"og:image:width\" content=\"2560\" \/>\n\t<meta property=\"og:image:height\" content=\"1439\" \/>\n\t<meta property=\"og:image:type\" content=\"image\/jpeg\" \/>\n<meta name=\"author\" content=\"Matias Videla\" \/>\n<meta name=\"twitter:card\" content=\"summary_large_image\" \/>\n<meta name=\"twitter:label1\" content=\"Escrito por\" \/>\n\t<meta name=\"twitter:data1\" content=\"Matias Videla\" \/>\n\t<meta name=\"twitter:label2\" content=\"Tiempo de lectura\" \/>\n\t<meta name=\"twitter:data2\" content=\"2 minutos\" \/>\n<script type=\"application\/ld+json\" class=\"yoast-schema-graph\">{\"@context\":\"https:\/\/schema.org\",\"@graph\":[{\"@type\":\"Article\",\"@id\":\"https:\/\/radio.fcejs.unsl.edu.ar\/index.php\/preinscripciones-para-la-carrera-martillero-y-corredor-publico-2025-en-la-fcejs\/#article\",\"isPartOf\":{\"@id\":\"https:\/\/radio.fcejs.unsl.edu.ar\/index.php\/preinscripciones-para-la-carrera-martillero-y-corredor-publico-2025-en-la-fcejs\/\"},\"author\":{\"name\":\"Matias Videla\",\"@id\":\"https:\/\/radio.fcejs.unsl.edu.ar\/#\/schema\/person\/acc8fccb15174977a9a97c2c6c9a046e\"},\"headline\":\"Preinscripciones para la carrera Martillero y Corredor P\u00fablico 2025 en la FCEJS\",\"datePublished\":\"2025-07-29T20:07:32+00:00\",\"dateModified\":\"2025-07-29T20:10:41+00:00\",\"mainEntityOfPage\":{\"@id\":\"https:\/\/radio.fcejs.unsl.edu.ar\/index.php\/preinscripciones-para-la-carrera-martillero-y-corredor-publico-2025-en-la-fcejs\/\"},\"wordCount\":268,\"publisher\":{\"@id\":\"https:\/\/radio.fcejs.unsl.edu.ar\/#organization\"},\"image\":{\"@id\":\"https:\/\/radio.fcejs.unsl.edu.ar\/index.php\/preinscripciones-para-la-carrera-martillero-y-corredor-publico-2025-en-la-fcejs\/#primaryimage\"},\"thumbnailUrl\":\"https:\/\/radio.fcejs.unsl.edu.ar\/wp-content\/uploads\/2025\/07\/d9fa3604-399a-44da-9126-2fa523e2a0d1-scaled.jpg\",\"articleSection\":[\"Entrevistas\"],\"inLanguage\":\"es-AR\"},{\"@type\":\"WebPage\",\"@id\":\"https:\/\/radio.fcejs.unsl.edu.ar\/index.php\/preinscripciones-para-la-carrera-martillero-y-corredor-publico-2025-en-la-fcejs\/\",\"url\":\"https:\/\/radio.fcejs.unsl.edu.ar\/index.php\/preinscripciones-para-la-carrera-martillero-y-corredor-publico-2025-en-la-fcejs\/\",\"name\":\"Preinscripciones para la carrera Martillero y Corredor P\u00fablico 2025 en la FCEJS - Radio Universidad Villa Mercedes 97.5 | UNSL\",\"isPartOf\":{\"@id\":\"https:\/\/radio.fcejs.unsl.edu.ar\/#website\"},\"primaryImageOfPage\":{\"@id\":\"https:\/\/radio.fcejs.unsl.edu.ar\/index.php\/preinscripciones-para-la-carrera-martillero-y-corredor-publico-2025-en-la-fcejs\/#primaryimage\"},\"image\":{\"@id\":\"https:\/\/radio.fcejs.unsl.edu.ar\/index.php\/preinscripciones-para-la-carrera-martillero-y-corredor-publico-2025-en-la-fcejs\/#primaryimage\"},\"thumbnailUrl\":\"https:\/\/radio.fcejs.unsl.edu.ar\/wp-content\/uploads\/2025\/07\/d9fa3604-399a-44da-9126-2fa523e2a0d1-scaled.jpg\",\"datePublished\":\"2025-07-29T20:07:32+00:00\",\"dateModified\":\"2025-07-29T20:10:41+00:00\",\"breadcrumb\":{\"@id\":\"https:\/\/radio.fcejs.unsl.edu.ar\/index.php\/preinscripciones-para-la-carrera-martillero-y-corredor-publico-2025-en-la-fcejs\/#breadcrumb\"},\"inLanguage\":\"es-AR\",\"potentialAction\":[{\"@type\":\"ReadAction\",\"target\":[\"https:\/\/radio.fcejs.unsl.edu.ar\/index.php\/preinscripciones-para-la-carrera-martillero-y-corredor-publico-2025-en-la-fcejs\/\"]}]},{\"@type\":\"ImageObject\",\"inLanguage\":\"es-AR\",\"@id\":\"https:\/\/radio.fcejs.unsl.edu.ar\/index.php\/preinscripciones-para-la-carrera-martillero-y-corredor-publico-2025-en-la-fcejs\/#primaryimage\",\"url\":\"https:\/\/radio.fcejs.unsl.edu.ar\/wp-content\/uploads\/2025\/07\/d9fa3604-399a-44da-9126-2fa523e2a0d1-scaled.jpg\",\"contentUrl\":\"https:\/\/radio.fcejs.unsl.edu.ar\/wp-content\/uploads\/2025\/07\/d9fa3604-399a-44da-9126-2fa523e2a0d1-scaled.jpg\",\"width\":2560,\"height\":1439},{\"@type\":\"BreadcrumbList\",\"@id\":\"https:\/\/radio.fcejs.unsl.edu.ar\/index.php\/preinscripciones-para-la-carrera-martillero-y-corredor-publico-2025-en-la-fcejs\/#breadcrumb\",\"itemListElement\":[{\"@type\":\"ListItem\",\"position\":1,\"name\":\"Inicio\",\"item\":\"https:\/\/radio.fcejs.unsl.edu.ar\/\"},{\"@type\":\"ListItem\",\"position\":2,\"name\":\"Preinscripciones para la carrera Martillero y Corredor P\u00fablico 2025 en la FCEJS\"}]},{\"@type\":\"WebSite\",\"@id\":\"https:\/\/radio.fcejs.unsl.edu.ar\/#website\",\"url\":\"https:\/\/radio.fcejs.unsl.edu.ar\/\",\"name\":\"Radio Universidad Villa Mercedes 97.5 | UNSL\",\"description\":\"UNSL\",\"publisher\":{\"@id\":\"https:\/\/radio.fcejs.unsl.edu.ar\/#organization\"},\"potentialAction\":[{\"@type\":\"SearchAction\",\"target\":{\"@type\":\"EntryPoint\",\"urlTemplate\":\"https:\/\/radio.fcejs.unsl.edu.ar\/?s={search_term_string}\"},\"query-input\":{\"@type\":\"PropertyValueSpecification\",\"valueRequired\":true,\"valueName\":\"search_term_string\"}}],\"inLanguage\":\"es-AR\"},{\"@type\":\"Organization\",\"@id\":\"https:\/\/radio.fcejs.unsl.edu.ar\/#organization\",\"name\":\"Radio Universidad Villa Mercedes 97.5 | UNSL\",\"url\":\"https:\/\/radio.fcejs.unsl.edu.ar\/\",\"logo\":{\"@type\":\"ImageObject\",\"inLanguage\":\"es-AR\",\"@id\":\"https:\/\/radio.fcejs.unsl.edu.ar\/#\/schema\/logo\/image\/\",\"url\":\"https:\/\/radio.fcejs.unsl.edu.ar\/wp-content\/uploads\/2023\/12\/cropped-radio-villa-mercedes-97-5.png\",\"contentUrl\":\"https:\/\/radio.fcejs.unsl.edu.ar\/wp-content\/uploads\/2023\/12\/cropped-radio-villa-mercedes-97-5.png\",\"width\":908,\"height\":289,\"caption\":\"Radio Universidad Villa Mercedes 97.5 | UNSL\"},\"image\":{\"@id\":\"https:\/\/radio.fcejs.unsl.edu.ar\/#\/schema\/logo\/image\/\"}},{\"@type\":\"Person\",\"@id\":\"https:\/\/radio.fcejs.unsl.edu.ar\/#\/schema\/person\/acc8fccb15174977a9a97c2c6c9a046e\",\"name\":\"Matias Videla\",\"url\":\"https:\/\/radio.fcejs.unsl.edu.ar\/index.php\/author\/mvidela\/\"}]}<\/script>\n<!-- \/ Yoast SEO plugin. -->","yoast_head_json":{"title":"Preinscripciones para la carrera Martillero y Corredor P\u00fablico 2025 en la FCEJS - Radio Universidad Villa Mercedes 97.5 | UNSL","robots":{"index":"index","follow":"follow","max-snippet":"max-snippet:-1","max-image-preview":"max-image-preview:large","max-video-preview":"max-video-preview:-1"},"canonical":"https:\/\/radio.fcejs.unsl.edu.ar\/index.php\/preinscripciones-para-la-carrera-martillero-y-corredor-publico-2025-en-la-fcejs\/","og_locale":"es_ES","og_type":"article","og_title":"Preinscripciones para la carrera Martillero y Corredor P\u00fablico 2025 en la FCEJS","og_description":"En di\u00e1logo con Radio UNSL Villa Mercedes 97.5, la abogada y martillera Flavia Gottero, directora de la carrera, brind\u00f3 detalles sobre la preinscripci\u00f3n al ciclo lectivo 2025 de Martillero y Corredor P\u00fablico que se dicta en la Facultad de Ciencias Econ\u00f3micas, Jur\u00eddicas y Sociales (FCEJS).","og_url":"https:\/\/radio.fcejs.unsl.edu.ar\/index.php\/preinscripciones-para-la-carrera-martillero-y-corredor-publico-2025-en-la-fcejs\/","og_site_name":"Radio Universidad Villa Mercedes 97.5 | UNSL","article_published_time":"2025-07-29T20:07:32+00:00","article_modified_time":"2025-07-29T20:10:41+00:00","og_image":[{"width":2560,"height":1439,"url":"http:\/\/radio.fcejs.unsl.edu.ar\/wp-content\/uploads\/2025\/07\/d9fa3604-399a-44da-9126-2fa523e2a0d1-scaled.jpg","type":"image\/jpeg"}],"author":"Matias Videla","twitter_card":"summary_large_image","twitter_misc":{"Escrito por":"Matias Videla","Tiempo de lectura":"2 minutos"},"schema":{"@context":"https:\/\/schema.org","@graph":[{"@type":"Article","@id":"https:\/\/radio.fcejs.unsl.edu.ar\/index.php\/preinscripciones-para-la-carrera-martillero-y-corredor-publico-2025-en-la-fcejs\/#article","isPartOf":{"@id":"https:\/\/radio.fcejs.unsl.edu.ar\/index.php\/preinscripciones-para-la-carrera-martillero-y-corredor-publico-2025-en-la-fcejs\/"},"author":{"name":"Matias Videla","@id":"https:\/\/radio.fcejs.unsl.edu.ar\/#\/schema\/person\/acc8fccb15174977a9a97c2c6c9a046e"},"headline":"Preinscripciones para la carrera Martillero y Corredor P\u00fablico 2025 en la FCEJS","datePublished":"2025-07-29T20:07:32+00:00","dateModified":"2025-07-29T20:10:41+00:00","mainEntityOfPage":{"@id":"https:\/\/radio.fcejs.unsl.edu.ar\/index.php\/preinscripciones-para-la-carrera-martillero-y-corredor-publico-2025-en-la-fcejs\/"},"wordCount":268,"publisher":{"@id":"https:\/\/radio.fcejs.unsl.edu.ar\/#organization"},"image":{"@id":"https:\/\/radio.fcejs.unsl.edu.ar\/index.php\/preinscripciones-para-la-carrera-martillero-y-corredor-publico-2025-en-la-fcejs\/#primaryimage"},"thumbnailUrl":"https:\/\/radio.fcejs.unsl.edu.ar\/wp-content\/uploads\/2025\/07\/d9fa3604-399a-44da-9126-2fa523e2a0d1-scaled.jpg","articleSection":["Entrevistas"],"inLanguage":"es-AR"},{"@type":"WebPage","@id":"https:\/\/radio.fcejs.unsl.edu.ar\/index.php\/preinscripciones-para-la-carrera-martillero-y-corredor-publico-2025-en-la-fcejs\/","url":"https:\/\/radio.fcejs.unsl.edu.ar\/index.php\/preinscripciones-para-la-carrera-martillero-y-corredor-publico-2025-en-la-fcejs\/","name":"Preinscripciones para la carrera Martillero y Corredor P\u00fablico 2025 en la FCEJS - Radio Universidad Villa Mercedes 97.5 | UNSL","isPartOf":{"@id":"https:\/\/radio.fcejs.unsl.edu.ar\/#website"},"primaryImageOfPage":{"@id":"https:\/\/radio.fcejs.unsl.edu.ar\/index.php\/preinscripciones-para-la-carrera-martillero-y-corredor-publico-2025-en-la-fcejs\/#primaryimage"},"image":{"@id":"https:\/\/radio.fcejs.unsl.edu.ar\/index.php\/preinscripciones-para-la-carrera-martillero-y-corredor-publico-2025-en-la-fcejs\/#primaryimage"},"thumbnailUrl":"https:\/\/radio.fcejs.unsl.edu.ar\/wp-content\/uploads\/2025\/07\/d9fa3604-399a-44da-9126-2fa523e2a0d1-scaled.jpg","datePublished":"2025-07-29T20:07:32+00:00","dateModified":"2025-07-29T20:10:41+00:00","breadcrumb":{"@id":"https:\/\/radio.fcejs.unsl.edu.ar\/index.php\/preinscripciones-para-la-carrera-martillero-y-corredor-publico-2025-en-la-fcejs\/#breadcrumb"},"inLanguage":"es-AR","potentialAction":[{"@type":"ReadAction","target":["https:\/\/radio.fcejs.unsl.edu.ar\/index.php\/preinscripciones-para-la-carrera-martillero-y-corredor-publico-2025-en-la-fcejs\/"]}]},{"@type":"ImageObject","inLanguage":"es-AR","@id":"https:\/\/radio.fcejs.unsl.edu.ar\/index.php\/preinscripciones-para-la-carrera-martillero-y-corredor-publico-2025-en-la-fcejs\/#primaryimage","url":"https:\/\/radio.fcejs.unsl.edu.ar\/wp-content\/uploads\/2025\/07\/d9fa3604-399a-44da-9126-2fa523e2a0d1-scaled.jpg","contentUrl":"https:\/\/radio.fcejs.unsl.edu.ar\/wp-content\/uploads\/2025\/07\/d9fa3604-399a-44da-9126-2fa523e2a0d1-scaled.jpg","width":2560,"height":1439},{"@type":"BreadcrumbList","@id":"https:\/\/radio.fcejs.unsl.edu.ar\/index.php\/preinscripciones-para-la-carrera-martillero-y-corredor-publico-2025-en-la-fcejs\/#breadcrumb","itemListElement":[{"@type":"ListItem","position":1,"name":"Inicio","item":"https:\/\/radio.fcejs.unsl.edu.ar\/"},{"@type":"ListItem","position":2,"name":"Preinscripciones para la carrera Martillero y Corredor P\u00fablico 2025 en la FCEJS"}]},{"@type":"WebSite","@id":"https:\/\/radio.fcejs.unsl.edu.ar\/#website","url":"https:\/\/radio.fcejs.unsl.edu.ar\/","name":"Radio Universidad Villa Mercedes 97.5 | UNSL","description":"UNSL","publisher":{"@id":"https:\/\/radio.fcejs.unsl.edu.ar\/#organization"},"potentialAction":[{"@type":"SearchAction","target":{"@type":"EntryPoint","urlTemplate":"https:\/\/radio.fcejs.unsl.edu.ar\/?s={search_term_string}"},"query-input":{"@type":"PropertyValueSpecification","valueRequired":true,"valueName":"search_term_string"}}],"inLanguage":"es-AR"},{"@type":"Organization","@id":"https:\/\/radio.fcejs.unsl.edu.ar\/#organization","name":"Radio Universidad Villa Mercedes 97.5 | UNSL","url":"https:\/\/radio.fcejs.unsl.edu.ar\/","logo":{"@type":"ImageObject","inLanguage":"es-AR","@id":"https:\/\/radio.fcejs.unsl.edu.ar\/#\/schema\/logo\/image\/","url":"https:\/\/radio.fcejs.unsl.edu.ar\/wp-content\/uploads\/2023\/12\/cropped-radio-villa-mercedes-97-5.png","contentUrl":"https:\/\/radio.fcejs.unsl.edu.ar\/wp-content\/uploads\/2023\/12\/cropped-radio-villa-mercedes-97-5.png","width":908,"height":289,"caption":"Radio Universidad Villa Mercedes 97.5 | UNSL"},"image":{"@id":"https:\/\/radio.fcejs.unsl.edu.ar\/#\/schema\/logo\/image\/"}},{"@type":"Person","@id":"https:\/\/radio.fcejs.unsl.edu.ar\/#\/schema\/person\/acc8fccb15174977a9a97c2c6c9a046e","name":"Matias Videla","url":"https:\/\/radio.fcejs.unsl.edu.ar\/index.php\/author\/mvidela\/"}]}},"_links":{"self":[{"href":"https:\/\/radio.fcejs.unsl.edu.ar\/index.php\/wp-json\/wp\/v2\/posts\/3147","targetHints":{"allow":["GET"]}}],"collection":[{"href":"https:\/\/radio.fcejs.unsl.edu.ar\/index.php\/wp-json\/wp\/v2\/posts"}],"about":[{"href":"https:\/\/radio.fcejs.unsl.edu.ar\/index.php\/wp-json\/wp\/v2\/types\/post"}],"author":[{"embeddable":true,"href":"https:\/\/radio.fcejs.unsl.edu.ar\/index.php\/wp-json\/wp\/v2\/users\/7"}],"replies":[{"embeddable":true,"href":"https:\/\/radio.fcejs.unsl.edu.ar\/index.php\/wp-json\/wp\/v2\/comments?post=3147"}],"version-history":[{"count":3,"href":"https:\/\/radio.fcejs.unsl.edu.ar\/index.php\/wp-json\/wp\/v2\/posts\/3147\/revisions"}],"predecessor-version":[{"id":3151,"href":"https:\/\/radio.fcejs.unsl.edu.ar\/index.php\/wp-json\/wp\/v2\/posts\/3147\/revisions\/3151"}],"wp:featuredmedia":[{"embeddable":true,"href":"https:\/\/radio.fcejs.unsl.edu.ar\/index.php\/wp-json\/wp\/v2\/media\/3148"}],"wp:attachment":[{"href":"https:\/\/radio.fcejs.unsl.edu.ar\/index.php\/wp-json\/wp\/v2\/media?parent=3147"}],"wp:term":[{"taxonomy":"category","embeddable":true,"href":"https:\/\/radio.fcejs.unsl.edu.ar\/index.php\/wp-json\/wp\/v2\/categories?post=3147"},{"taxonomy":"post_tag","embeddable":true,"href":"https:\/\/radio.fcejs.unsl.edu.ar\/index.php\/wp-json\/wp\/v2\/tags?post=3147"}],"curies":[{"name":"wp","href":"https:\/\/api.w.org\/{rel}","templated":true}]}}